{"id":1330795,"date":"2021-03-30T00:51:47","date_gmt":"2021-03-29T23:51:47","guid":{"rendered":"https:\/\/www.pressenza.com\/?p=1330795"},"modified":"2021-03-30T00:51:47","modified_gmt":"2021-03-29T23:51:47","slug":"por-favor-america-latina-cuida-a-tus-hijos","status":"publish","type":"post","link":"https:\/\/www.pressenza.com\/es\/2021\/03\/por-favor-america-latina-cuida-a-tus-hijos\/","title":{"rendered":"Por favor, Am\u00e9rica Latina, cuida a tus hijos"},"content":{"rendered":"<p>La semana pasada, el presidente Biden nombr\u00f3 a la vicepresidenta Harris para que supervise el tema de la inmigraci\u00f3n en la frontera sur de Estados Unidos, donde est\u00e1n llegando miles de menores no acompa\u00f1ados desde Centroam\u00e9rica. Pocos d\u00edas despu\u00e9s, el expresidente Trump dijo que \u00abprobablemente visitar\u00e1 la frontera sur en las pr\u00f3ximas semanas\u00bb, aprovech\u00e1ndose de la crisis para volver a salir en los medios.<\/p>\n<p>Algunos analistas han recurrido a la pandemia del Covid para explicar la situaci\u00f3n actual, pero los estudios muestran que las cifras previas al virus no eran mucho mejores. Las autoridades de inmigraci\u00f3n detuvieron un r\u00e9cord de 76.020 menores no acompa\u00f1ados en o cerca de la frontera entre Estados Unidos y M\u00e9xico durante el a\u00f1o fiscal 2019, lo que significa un aumento del 52% respecto a 2018. La detenci\u00f3n de ni\u00f1os centroamericanos aument\u00f3 aproximadamente un 130 por ciento en la primera mitad de 2019 en comparaci\u00f3n con el mismo per\u00edodo de 2018. Algunos estudios afirman que hasta el 45% de los ni\u00f1os en Am\u00e9rica Latina son ni\u00f1os de la calle, un rango de 8 a 50 millones. (La p\u00e1gina de wikipedia llamada \u00abNi\u00f1os de la calle en Am\u00e9rica Latina\u00bb aporta una visi\u00f3n general al respecto).<\/p>\n<p>No hay pol\u00edticas ni leyes de inmigraci\u00f3n que aborden y respondan correctamente a esta tremenda situaci\u00f3n. Estamos en 2021, pero volvemos a<em> Los Miserables<\/em> de V\u00edctor Hugo. Que los ni\u00f1os sean tratados como ciudadanos de cuarta clase es despreciable y peligroso. Los ni\u00f1os ocupan un lugar muy especial en nuestro tejido social. No son una fuerza de trabajo productiva, ni forman parte de ninguna poblaci\u00f3n votante; los ni\u00f1os no tienen ning\u00fan poder ni ninguna representaci\u00f3n pol\u00edtica. Sin embargo, al mismo tiempo, representan el futuro. Ser\u00e1n la generaci\u00f3n que reemplace y transforme a la que actualmente est\u00e1 en el poder.<\/p>\n<p>Estos ni\u00f1os no emigran, sino que escapan de las penurias y la violencia en todas sus formas, y pocos de ellos solicitan asilo; prefieren utilizar otras \u00abrutas\u00bb, desconfiando de cualquier instituci\u00f3n. Esta situaci\u00f3n en la frontera no es un problema de inmigraci\u00f3n, sino una emergencia humanitaria. Es necesario que todos los pa\u00edses de Am\u00e9rica Latina declaren el estado de emergencia y trabajen juntos para crear un grupo de trabajo especial para transformar la situaci\u00f3n de estos peque\u00f1os. Como ya estamos viendo en Guatemala y Honduras, es imposible desarrollar una sociedad pac\u00edfica y justa mientras haya ni\u00f1os viviendo en la calle. Es una contracci\u00f3n que no se puede conciliar. Por supuesto, los pa\u00edses latinoamericanos podr\u00edan pedir apoyo a la comunidad internacional y a UNICEF, pero necesitan conseguir un plan plurianual junto con una estrategia para transformar realmente no s\u00f3lo las estructuras sociales sino tambi\u00e9n los valores culturales que crearon esta situaci\u00f3n (prejuicios, discriminaci\u00f3n, ego\u00edsmo, deshumanizaci\u00f3n y desprecio por la vida humana). Estados Unidos no puede ni quiere resolver esta cuesti\u00f3n. Lo \u00fanico que puede pasar con esta crisis es que ayude a que dentro de cuatro a\u00f1os sea elegido un presidente a\u00fan m\u00e1s autoritario que Trump.<\/p>\n<p>Es responsabilidad de todos, en Am\u00e9rica Latina, abordar la situaci\u00f3n. Las condiciones de vida de sus hijos hoy, plagadas de acoso, rechazo, violencia de pandillas, escasez y abandono, constituyen el paisaje de formaci\u00f3n de la sociedad que construir\u00e1n ma\u00f1ana. Cambiar estas condiciones de vida hoy, transformar\u00e1 el ma\u00f1ana del Continente.<\/p>\n<p>&nbsp;<\/p>\n<p>&nbsp;<\/p>\n","protected":false},"excerpt":{"rendered":"<p>La semana pasada, el presidente Biden nombr\u00f3 a la vicepresidenta Harris para que supervise el tema de la inmigraci\u00f3n en la frontera sur de Estados Unidos, donde est\u00e1n llegando miles de menores no acompa\u00f1ados desde Centroam\u00e9rica. Pocos d\u00edas despu\u00e9s, el&hellip;<\/p>\n","protected":false},"author":33,"featured_media":1330482,"comment_status":"closed","ping_status":"closed","sticky":false,"template":"","format":"standard","meta":{"footnotes":""},"categories":[69,76,11389,79,39,54574,161,80,67],"tags":[72366,6398,89139,793,54019],"class_list":["post-1330795","post","type-post","status-publish","format-standard","has-post-thumbnail","hentry","category-america-central","category-relaciones-exteriores","category-contenido-original","category-derechos-humanos","category-internacional","category-migrantes-es","category-opiniones","category-pueblos-originarios","category-sudamerica","tag-biden","tag-emigracion","tag-frontera-usa-mexico","tag-infancia","tag-trump-es"],"yoast_head":"<!-- This site is optimized with the Yoast SEO plugin v27.1.1 - https:\/\/yoast.com\/product\/yoast-seo-wordpress\/ -->\n<title>Por favor, Am\u00e9rica Latina, cuida a tus hijos<\/title>\n<meta name=\"description\" content=\"La semana pasada, el presidente Biden nombr\u00f3 a la vicepresidenta Harris para que supervise el tema de la inmigraci\u00f3n en la frontera sur de Estados Unidos,\" \/>\n<meta name=\"robots\" content=\"index, follow, max-snippet:-1, max-image-preview:large, max-video-preview:-1\" \/>\n<link rel=\"canonical\" href=\"https:\/\/www.pressenza.com\/es\/2021\/03\/por-favor-america-latina-cuida-a-tus-hijos\/\" \/>\n<meta property=\"og:locale\" content=\"es_ES\" \/>\n<meta property=\"og:type\" content=\"article\" \/>\n<meta property=\"og:title\" content=\"Por favor, Am\u00e9rica Latina, cuida a tus hijos\" \/>\n<meta property=\"og:description\" content=\"La semana pasada, el presidente Biden nombr\u00f3 a la vicepresidenta Harris para que supervise el tema de la inmigraci\u00f3n en la frontera sur de Estados Unidos,\" \/>\n<meta property=\"og:url\" content=\"https:\/\/www.pressenza.com\/es\/2021\/03\/por-favor-america-latina-cuida-a-tus-hijos\/\" \/>\n<meta property=\"og:site_name\" content=\"Pressenza\" \/>\n<meta property=\"article:publisher\" content=\"https:\/\/www.facebook.com\/PressenzaItalia\" \/>\n<meta property=\"article:author\" content=\"https:\/\/www.facebook.com\/DavidAnderssonNYC\" \/>\n<meta property=\"article:published_time\" content=\"2021-03-29T23:51:47+00:00\" \/>\n<meta property=\"og:image\" content=\"https:\/\/www.pressenza.com\/wp-content\/uploads\/2021\/03\/Latin-America-Children-UNICEF.jpeg\" \/>\n\t<meta property=\"og:image:width\" content=\"1602\" \/>\n\t<meta property=\"og:image:height\" content=\"712\" \/>\n\t<meta property=\"og:image:type\" content=\"image\/jpeg\" \/>\n<meta name=\"author\" content=\"David Andersson\" \/>\n<meta name=\"twitter:card\" content=\"summary_large_image\" \/>\n<meta name=\"twitter:creator\" content=\"@davidandersson\" \/>\n<meta name=\"twitter:site\" content=\"@PressenzaIPA\" \/>\n<meta name=\"twitter:label1\" content=\"Escrito por\" \/>\n\t<meta name=\"twitter:data1\" content=\"David Andersson\" \/>\n\t<meta name=\"twitter:label2\" content=\"Tiempo de lectura\" \/>\n\t<meta name=\"twitter:data2\" content=\"3 minutos\" \/>\n<script type=\"application\/ld+json\" class=\"yoast-schema-graph\">{\"@context\":\"https:\/\/schema.org\",\"@graph\":[{\"@type\":\"Article\",\"@id\":\"https:\/\/www.pressenza.com\/es\/2021\/03\/por-favor-america-latina-cuida-a-tus-hijos\/#article\",\"isPartOf\":{\"@id\":\"https:\/\/www.pressenza.com\/es\/2021\/03\/por-favor-america-latina-cuida-a-tus-hijos\/\"},\"author\":{\"name\":\"David Andersson\",\"@id\":\"https:\/\/www.pressenza.com\/es\/#\/schema\/person\/ab79c1a9145b1ddd71272b5a4c0816d1\"},\"headline\":\"Por favor, Am\u00e9rica Latina, cuida a tus hijos\",\"datePublished\":\"2021-03-29T23:51:47+00:00\",\"mainEntityOfPage\":{\"@id\":\"https:\/\/www.pressenza.com\/es\/2021\/03\/por-favor-america-latina-cuida-a-tus-hijos\/\"},\"wordCount\":609,\"publisher\":{\"@id\":\"https:\/\/www.pressenza.com\/es\/#organization\"},\"image\":{\"@id\":\"https:\/\/www.pressenza.com\/es\/2021\/03\/por-favor-america-latina-cuida-a-tus-hijos\/#primaryimage\"},\"thumbnailUrl\":\"https:\/\/www.pressenza.com\/wp-content\/uploads\/2021\/03\/Latin-America-Children-UNICEF.jpeg\",\"keywords\":[\"Biden\",\"emigraci\u00f3n\",\"frontera USA-M\u00e9xico\",\"Infancia\",\"Trump\"],\"articleSection\":[\"Am\u00e9rica Central\",\"Asuntos internacionales\",\"Contenido Original\",\"Derechos Humanos\",\"Internacional\",\"Migrantes\",\"Opiniones\",\"Pueblos Originarios\",\"Sudam\u00e9rica\"],\"inLanguage\":\"es\"},{\"@type\":\"WebPage\",\"@id\":\"https:\/\/www.pressenza.com\/es\/2021\/03\/por-favor-america-latina-cuida-a-tus-hijos\/\",\"url\":\"https:\/\/www.pressenza.com\/es\/2021\/03\/por-favor-america-latina-cuida-a-tus-hijos\/\",\"name\":\"Por favor, Am\u00e9rica Latina, cuida a tus hijos\",\"isPartOf\":{\"@id\":\"https:\/\/www.pressenza.com\/es\/#website\"},\"primaryImageOfPage\":{\"@id\":\"https:\/\/www.pressenza.com\/es\/2021\/03\/por-favor-america-latina-cuida-a-tus-hijos\/#primaryimage\"},\"image\":{\"@id\":\"https:\/\/www.pressenza.com\/es\/2021\/03\/por-favor-america-latina-cuida-a-tus-hijos\/#primaryimage\"},\"thumbnailUrl\":\"https:\/\/www.pressenza.com\/wp-content\/uploads\/2021\/03\/Latin-America-Children-UNICEF.jpeg\",\"datePublished\":\"2021-03-29T23:51:47+00:00\",\"description\":\"La semana pasada, el presidente Biden nombr\u00f3 a la vicepresidenta Harris para que supervise el tema de la inmigraci\u00f3n en la frontera sur de Estados Unidos,\",\"breadcrumb\":{\"@id\":\"https:\/\/www.pressenza.com\/es\/2021\/03\/por-favor-america-latina-cuida-a-tus-hijos\/#breadcrumb\"},\"inLanguage\":\"es\",\"potentialAction\":[{\"@type\":\"ReadAction\",\"target\":[\"https:\/\/www.pressenza.com\/es\/2021\/03\/por-favor-america-latina-cuida-a-tus-hijos\/\"]}]},{\"@type\":\"ImageObject\",\"inLanguage\":\"es\",\"@id\":\"https:\/\/www.pressenza.com\/es\/2021\/03\/por-favor-america-latina-cuida-a-tus-hijos\/#primaryimage\",\"url\":\"https:\/\/www.pressenza.com\/wp-content\/uploads\/2021\/03\/Latin-America-Children-UNICEF.jpeg\",\"contentUrl\":\"https:\/\/www.pressenza.com\/wp-content\/uploads\/2021\/03\/Latin-America-Children-UNICEF.jpeg\",\"width\":1602,\"height\":712,\"caption\":\"Lateinamerika \u2013 sorge dich um deine Kinder\"},{\"@type\":\"BreadcrumbList\",\"@id\":\"https:\/\/www.pressenza.com\/es\/2021\/03\/por-favor-america-latina-cuida-a-tus-hijos\/#breadcrumb\",\"itemListElement\":[{\"@type\":\"ListItem\",\"position\":1,\"name\":\"Accueil\",\"item\":\"https:\/\/www.pressenza.com\/es\/\"},{\"@type\":\"ListItem\",\"position\":2,\"name\":\"Por favor, Am\u00e9rica Latina, cuida a tus hijos\"}]},{\"@type\":\"WebSite\",\"@id\":\"https:\/\/www.pressenza.com\/es\/#website\",\"url\":\"https:\/\/www.pressenza.com\/es\/\",\"name\":\"Pressenza\",\"description\":\"International Press Agency\",\"publisher\":{\"@id\":\"https:\/\/www.pressenza.com\/es\/#organization\"},\"potentialAction\":[{\"@type\":\"SearchAction\",\"target\":{\"@type\":\"EntryPoint\",\"urlTemplate\":\"https:\/\/www.pressenza.com\/es\/?s={search_term_string}\"},\"query-input\":{\"@type\":\"PropertyValueSpecification\",\"valueRequired\":true,\"valueName\":\"search_term_string\"}}],\"inLanguage\":\"es\"},{\"@type\":\"Organization\",\"@id\":\"https:\/\/www.pressenza.com\/es\/#organization\",\"name\":\"Pressenza\",\"url\":\"https:\/\/www.pressenza.com\/es\/\",\"logo\":{\"@type\":\"ImageObject\",\"inLanguage\":\"es\",\"@id\":\"https:\/\/www.pressenza.com\/es\/#\/schema\/logo\/image\/\",\"url\":\"https:\/\/www.pressenza.com\/wp-content\/uploads\/2022\/10\/pressenza_logo_200x200.jpg\",\"contentUrl\":\"https:\/\/www.pressenza.com\/wp-content\/uploads\/2022\/10\/pressenza_logo_200x200.jpg\",\"width\":200,\"height\":200,\"caption\":\"Pressenza\"},\"image\":{\"@id\":\"https:\/\/www.pressenza.com\/es\/#\/schema\/logo\/image\/\"},\"sameAs\":[\"https:\/\/www.facebook.com\/PressenzaItalia\",\"https:\/\/x.com\/PressenzaIPA\"]},{\"@type\":\"Person\",\"@id\":\"https:\/\/www.pressenza.com\/es\/#\/schema\/person\/ab79c1a9145b1ddd71272b5a4c0816d1\",\"name\":\"David Andersson\",\"description\":\"David Andersson is a writer and humanist based in New York City. He focuses on issues of global justice, collective consciousness, and nonviolent transformation. English Editor with Pressenza International Press Agency and is the author of The White-West: A Look in the Mirror, a collection of op-eds examining the dynamics of Western identity and its global impact. CounterPunch, denikreferendum.cz, Mobilized News, Countercurrents, LA Progressive, and Dissident Voice have published his recent work. Many of his articles have been translated into more than five languages.\",\"sameAs\":[\"https:\/\/www.facebook.com\/DavidAnderssonNYC\",\"https:\/\/www.instagram.com\/davidanderssonnyc\/\",\"https:\/\/www.linkedin.com\/in\/david-andersson-269724232\/\",\"https:\/\/x.com\/davidandersson\"],\"url\":\"https:\/\/www.pressenza.com\/es\/author\/david-andersson\/\"}]}<\/script>\n<!-- \/ Yoast SEO plugin. -->","yoast_head_json":{"title":"Por favor, Am\u00e9rica Latina, cuida a tus hijos","description":"La semana pasada, el presidente Biden nombr\u00f3 a la vicepresidenta Harris para que supervise el tema de la inmigraci\u00f3n en la frontera sur de Estados Unidos,","robots":{"index":"index","follow":"follow","max-snippet":"max-snippet:-1","max-image-preview":"max-image-preview:large","max-video-preview":"max-video-preview:-1"},"canonical":"https:\/\/www.pressenza.com\/es\/2021\/03\/por-favor-america-latina-cuida-a-tus-hijos\/","og_locale":"es_ES","og_type":"article","og_title":"Por favor, Am\u00e9rica Latina, cuida a tus hijos","og_description":"La semana pasada, el presidente Biden nombr\u00f3 a la vicepresidenta Harris para que supervise el tema de la inmigraci\u00f3n en la frontera sur de Estados Unidos,","og_url":"https:\/\/www.pressenza.com\/es\/2021\/03\/por-favor-america-latina-cuida-a-tus-hijos\/","og_site_name":"Pressenza","article_publisher":"https:\/\/www.facebook.com\/PressenzaItalia","article_author":"https:\/\/www.facebook.com\/DavidAnderssonNYC","article_published_time":"2021-03-29T23:51:47+00:00","og_image":[{"width":1602,"height":712,"url":"https:\/\/www.pressenza.com\/wp-content\/uploads\/2021\/03\/Latin-America-Children-UNICEF.jpeg","type":"image\/jpeg"}],"author":"David Andersson","twitter_card":"summary_large_image","twitter_creator":"@davidandersson","twitter_site":"@PressenzaIPA","twitter_misc":{"Escrito por":"David Andersson","Tiempo de lectura":"3 minutos"},"schema":{"@context":"https:\/\/schema.org","@graph":[{"@type":"Article","@id":"https:\/\/www.pressenza.com\/es\/2021\/03\/por-favor-america-latina-cuida-a-tus-hijos\/#article","isPartOf":{"@id":"https:\/\/www.pressenza.com\/es\/2021\/03\/por-favor-america-latina-cuida-a-tus-hijos\/"},"author":{"name":"David Andersson","@id":"https:\/\/www.pressenza.com\/es\/#\/schema\/person\/ab79c1a9145b1ddd71272b5a4c0816d1"},"headline":"Por favor, Am\u00e9rica Latina, cuida a tus hijos","datePublished":"2021-03-29T23:51:47+00:00","mainEntityOfPage":{"@id":"https:\/\/www.pressenza.com\/es\/2021\/03\/por-favor-america-latina-cuida-a-tus-hijos\/"},"wordCount":609,"publisher":{"@id":"https:\/\/www.pressenza.com\/es\/#organization"},"image":{"@id":"https:\/\/www.pressenza.com\/es\/2021\/03\/por-favor-america-latina-cuida-a-tus-hijos\/#primaryimage"},"thumbnailUrl":"https:\/\/www.pressenza.com\/wp-content\/uploads\/2021\/03\/Latin-America-Children-UNICEF.jpeg","keywords":["Biden","emigraci\u00f3n","frontera USA-M\u00e9xico","Infancia","Trump"],"articleSection":["Am\u00e9rica Central","Asuntos internacionales","Contenido Original","Derechos Humanos","Internacional","Migrantes","Opiniones","Pueblos Originarios","Sudam\u00e9rica"],"inLanguage":"es"},{"@type":"WebPage","@id":"https:\/\/www.pressenza.com\/es\/2021\/03\/por-favor-america-latina-cuida-a-tus-hijos\/","url":"https:\/\/www.pressenza.com\/es\/2021\/03\/por-favor-america-latina-cuida-a-tus-hijos\/","name":"Por favor, Am\u00e9rica Latina, cuida a tus hijos","isPartOf":{"@id":"https:\/\/www.pressenza.com\/es\/#website"},"primaryImageOfPage":{"@id":"https:\/\/www.pressenza.com\/es\/2021\/03\/por-favor-america-latina-cuida-a-tus-hijos\/#primaryimage"},"image":{"@id":"https:\/\/www.pressenza.com\/es\/2021\/03\/por-favor-america-latina-cuida-a-tus-hijos\/#primaryimage"},"thumbnailUrl":"https:\/\/www.pressenza.com\/wp-content\/uploads\/2021\/03\/Latin-America-Children-UNICEF.jpeg","datePublished":"2021-03-29T23:51:47+00:00","description":"La semana pasada, el presidente Biden nombr\u00f3 a la vicepresidenta Harris para que supervise el tema de la inmigraci\u00f3n en la frontera sur de Estados Unidos,","breadcrumb":{"@id":"https:\/\/www.pressenza.com\/es\/2021\/03\/por-favor-america-latina-cuida-a-tus-hijos\/#breadcrumb"},"inLanguage":"es","potentialAction":[{"@type":"ReadAction","target":["https:\/\/www.pressenza.com\/es\/2021\/03\/por-favor-america-latina-cuida-a-tus-hijos\/"]}]},{"@type":"ImageObject","inLanguage":"es","@id":"https:\/\/www.pressenza.com\/es\/2021\/03\/por-favor-america-latina-cuida-a-tus-hijos\/#primaryimage","url":"https:\/\/www.pressenza.com\/wp-content\/uploads\/2021\/03\/Latin-America-Children-UNICEF.jpeg","contentUrl":"https:\/\/www.pressenza.com\/wp-content\/uploads\/2021\/03\/Latin-America-Children-UNICEF.jpeg","width":1602,"height":712,"caption":"Lateinamerika \u2013 sorge dich um deine Kinder"},{"@type":"BreadcrumbList","@id":"https:\/\/www.pressenza.com\/es\/2021\/03\/por-favor-america-latina-cuida-a-tus-hijos\/#breadcrumb","itemListElement":[{"@type":"ListItem","position":1,"name":"Accueil","item":"https:\/\/www.pressenza.com\/es\/"},{"@type":"ListItem","position":2,"name":"Por favor, Am\u00e9rica Latina, cuida a tus hijos"}]},{"@type":"WebSite","@id":"https:\/\/www.pressenza.com\/es\/#website","url":"https:\/\/www.pressenza.com\/es\/","name":"Pressenza","description":"International Press Agency","publisher":{"@id":"https:\/\/www.pressenza.com\/es\/#organization"},"potentialAction":[{"@type":"SearchAction","target":{"@type":"EntryPoint","urlTemplate":"https:\/\/www.pressenza.com\/es\/?s={search_term_string}"},"query-input":{"@type":"PropertyValueSpecification","valueRequired":true,"valueName":"search_term_string"}}],"inLanguage":"es"},{"@type":"Organization","@id":"https:\/\/www.pressenza.com\/es\/#organization","name":"Pressenza","url":"https:\/\/www.pressenza.com\/es\/","logo":{"@type":"ImageObject","inLanguage":"es","@id":"https:\/\/www.pressenza.com\/es\/#\/schema\/logo\/image\/","url":"https:\/\/www.pressenza.com\/wp-content\/uploads\/2022\/10\/pressenza_logo_200x200.jpg","contentUrl":"https:\/\/www.pressenza.com\/wp-content\/uploads\/2022\/10\/pressenza_logo_200x200.jpg","width":200,"height":200,"caption":"Pressenza"},"image":{"@id":"https:\/\/www.pressenza.com\/es\/#\/schema\/logo\/image\/"},"sameAs":["https:\/\/www.facebook.com\/PressenzaItalia","https:\/\/x.com\/PressenzaIPA"]},{"@type":"Person","@id":"https:\/\/www.pressenza.com\/es\/#\/schema\/person\/ab79c1a9145b1ddd71272b5a4c0816d1","name":"David Andersson","description":"David Andersson is a writer and humanist based in New York City. He focuses on issues of global justice, collective consciousness, and nonviolent transformation. English Editor with Pressenza International Press Agency and is the author of The White-West: A Look in the Mirror, a collection of op-eds examining the dynamics of Western identity and its global impact. CounterPunch, denikreferendum.cz, Mobilized News, Countercurrents, LA Progressive, and Dissident Voice have published his recent work. Many of his articles have been translated into more than five languages.","sameAs":["https:\/\/www.facebook.com\/DavidAnderssonNYC","https:\/\/www.instagram.com\/davidanderssonnyc\/","https:\/\/www.linkedin.com\/in\/david-andersson-269724232\/","https:\/\/x.com\/davidandersson"],"url":"https:\/\/www.pressenza.com\/es\/author\/david-andersson\/"}]}},"place":"Nueva York","original_article_url":"","_links":{"self":[{"href":"https:\/\/www.pressenza.com\/es\/wp-json\/wp\/v2\/posts\/1330795","targetHints":{"allow":["GET"]}}],"collection":[{"href":"https:\/\/www.pressenza.com\/es\/wp-json\/wp\/v2\/posts"}],"about":[{"href":"https:\/\/www.pressenza.com\/es\/wp-json\/wp\/v2\/types\/post"}],"author":[{"embeddable":true,"href":"https:\/\/www.pressenza.com\/es\/wp-json\/wp\/v2\/users\/33"}],"replies":[{"embeddable":true,"href":"https:\/\/www.pressenza.com\/es\/wp-json\/wp\/v2\/comments?post=1330795"}],"version-history":[{"count":0,"href":"https:\/\/www.pressenza.com\/es\/wp-json\/wp\/v2\/posts\/1330795\/revisions"}],"wp:featuredmedia":[{"embeddable":true,"href":"https:\/\/www.pressenza.com\/es\/wp-json\/wp\/v2\/media\/1330482"}],"wp:attachment":[{"href":"https:\/\/www.pressenza.com\/es\/wp-json\/wp\/v2\/media?parent=1330795"}],"wp:term":[{"taxonomy":"category","embeddable":true,"href":"https:\/\/www.pressenza.com\/es\/wp-json\/wp\/v2\/categories?post=1330795"},{"taxonomy":"post_tag","embeddable":true,"href":"https:\/\/www.pressenza.com\/es\/wp-json\/wp\/v2\/tags?post=1330795"}],"curies":[{"name":"wp","href":"https:\/\/api.w.org\/{rel}","templated":true}]}}