{"id":1329957,"date":"2021-03-28T18:18:15","date_gmt":"2021-03-28T17:18:15","guid":{"rendered":"https:\/\/www.pressenza.com\/?p=1329957"},"modified":"2021-03-28T18:18:15","modified_gmt":"2021-03-28T17:18:15","slug":"historia-negra-mi-presente-nuestro-futuro","status":"publish","type":"post","link":"https:\/\/www.pressenza.com\/es\/2021\/03\/historia-negra-mi-presente-nuestro-futuro\/","title":{"rendered":"Historia Negra &#8211; Mi presente &#8211; Nuestro futuro"},"content":{"rendered":"<table style=\"margin-bottom: 1em; background-color: black;\">\n<tbody>\n<tr>\n<td style=\"width: 1px;\"><\/td>\n<td style=\"width: 1px; white-space: nowrap; padding: 2em;\">\n<p style=\"text-align: left; color: white; font-family: serif;\"><strong><br \/>\nProlog.<\/p>\n<p><\/strong><\/p>\n<p><span style=\"color: #ffffff;\"><strong><em>Al igual que t\u00fa,<\/em><\/strong><\/span><\/p>\n<p><span style=\"color: #ffffff;\"><strong><em>tuve que luchar<\/em><\/strong><\/span><\/p>\n<p><span style=\"color: #ffffff;\"><strong><em>contra millones<\/em><\/strong><\/span><\/p>\n<p><span style=\"color: #ffffff;\"><strong><em>de otros espermatozoides.<\/em><\/strong><\/span><\/p>\n<p><span style=\"color: #ffffff;\"><strong><em>Al igual que t\u00fa,<\/em><\/strong><\/span><\/p>\n<p><span style=\"color: #ffffff;\"><strong><em>crec\u00ed y prosper\u00e9<\/em><\/strong><\/span><\/p>\n<p><span style=\"color: #ffffff;\"><strong><em>durante nueve meses,<\/em><\/strong><\/span><\/p>\n<p><span style=\"color: #ffffff;\"><strong><em>bajo el coraz\u00f3n<\/em><\/strong><\/span><\/p>\n<p><span style=\"color: #ffffff;\"><strong><em>de una hembra humana.<\/em><\/strong><\/span><\/p>\n<p><span style=\"color: #ffffff;\"><strong><em>Al igual que t\u00fa,<\/em><\/strong><\/span><\/p>\n<p><span style=\"color: #ffffff;\"><strong><em>entr\u00e9 en el mundo<\/em><\/strong><\/span><\/p>\n<p><span style=\"color: #ffffff;\"><strong><em>puro y libre<\/em><\/strong><\/span><\/p>\n<p><span style=\"color: #ffffff;\"><strong><em>de pecados.<\/em><\/strong><\/span><\/p>\n<p><span style=\"color: #ffffff;\"><strong><em>Pero \u00bfsabes t\u00fa<\/em><\/strong><\/span><\/p>\n<p><span style=\"color: #ffffff;\"><strong><em>lo que podr\u00eda diferenciarnos?<\/em><\/strong><\/span><\/p>\n<p><span style=\"color: #ffffff;\"><strong><em>Nuestros tipos de sangre,<\/em><\/strong><\/span><\/p>\n<p><span style=\"color: #ffffff;\"><strong><em>pero no el color de estos.<\/em><\/strong><\/span><\/p>\n<p style=\"text-align: left; color: white; font-family: serif;\"><strong>\u00a0<\/strong><\/p>\n<\/td>\n<td style=\"width: 1px;\"><\/td>\n<\/tr>\n<\/tbody>\n<\/table>\n<p style=\"padding-left: 40px;\"><em>Este mundo es tuyo. Podemos vivir en \u00e9l, siempre que nos lo ganemos.<\/em><\/p>\n<p>Ya he le\u00eddo esa frase en un libro.<\/p>\n<p>Cada vez que lo leo se me erizan los pelos y estoy a punto de llorar, demasiado.<\/p>\n<p>\u00bfDe verdad tengo que ense\u00f1ar hoy a mis hijas que TODOS tienen derecho a una vida sin humillaci\u00f3n y degradaci\u00f3n, sin exclusi\u00f3n y violencia, sin miedo y censura, sin racismo&#8230;?<\/p>\n<p>\u00bfC\u00f3mo puede ser que est\u00e9 aqu\u00ed hoy como una joven negra y que ciertas emociones sobre esto me dominen siempre?<\/p>\n<p>Por un lado, estoy muy orgullosa de los diversos \u00eddolos y pioneros negros que me han sido presentados en innumerables bandejas de oro.<\/p>\n<p>Puedo tomar el ejemplo de su fuerza de voluntad y estarles agradecida por toda la eternidad. Lo que han podido conseguir hasta ahora me da una vida hoy mucho m\u00e1s privilegiada.<\/p>\n<p>Sin embargo, esta sinraz\u00f3n hasta aqu\u00ed me duele de manera infinita.<\/p>\n<p>Sin embargo, el objetivo real sigue estando tan lejos sin saberlo.<\/p>\n<p>En la generaci\u00f3n de nuestros padres, el libro imaginario de la historia de los negros todav\u00eda estaba bien envuelto y tensado con una cuerda llena de espinas.<\/p>\n<p>Todos los que se han atrevido a coger este libro hasta ahora, o incluso a desatarlo, han estado dispuestos a enfrentarse a la verdad con mano sangrante y a ponerle fin.<\/p>\n<p>Luchar de forma noviolenta por la armon\u00eda, la igualdad y el respeto mutuo.<\/p>\n<p>Gracias.<\/p>\n<p>Al igual que mis hermanos, hermanas, t\u00edos y t\u00edas, hoy tengo la oportunidad de posicionarme para lo que vivo.<\/p>\n<p>Ya sea a trav\u00e9s de la creatividad, el talento, la perseverancia, la inteligencia, el amor a la vida o una vida sin m\u00e1scara, todo depende de m\u00ed.<\/p>\n<p>Esta historia est\u00e1 tan llena de valor y bromas al mismo tiempo.<\/p>\n<p>Esta historia est\u00e1 lejos de estar terminada.<\/p>\n<p>Esta historia es incre\u00edblemente educativa.<\/p>\n<p>Esta historia marca esa l\u00ednea de golpe.<\/p>\n<p>Esta historia comenz\u00f3 sin raz\u00f3n y termina con amor incondicional.<\/p>\n<hr \/>\n<table>\n<tbody>\n<tr>\n<td>Sobre la autora: Mabelle Freyer, de 24 a\u00f1os, refleja como creadora de contenidos en Instagram su mundo interior y exterior de experiencias como mujer joven, madre de dos hijos, cosmopolita de Alemania con ra\u00edces africanas.<\/p>\n<p>Este art\u00edculo fue escrito en el contexto del <a href=\"https:\/\/de.wikipedia.org\/wiki\/Black_History_Month\">Mes de la Historia Negra<\/a> de este a\u00f1o.<\/td>\n<td><img loading=\"lazy\" decoding=\"async\" class=\"aligncenter size-medium wp-image-1302958\" src=\"https:\/\/www.pressenza.com\/wp-content\/uploads\/2021\/02\/IMG-20210221-WA0014-240x300.jpg\" alt=\"\" width=\"240\" height=\"300\" srcset=\"https:\/\/www.pressenza.com\/wp-content\/uploads\/2021\/02\/IMG-20210221-WA0014-240x300.jpg 240w, https:\/\/www.pressenza.com\/wp-content\/uploads\/2021\/02\/IMG-20210221-WA0014-720x900.jpg 720w, https:\/\/www.pressenza.com\/wp-content\/uploads\/2021\/02\/IMG-20210221-WA0014-768x960.jpg 768w, https:\/\/www.pressenza.com\/wp-content\/uploads\/2021\/02\/IMG-20210221-WA0014-1229x1536.jpg 1229w, https:\/\/www.pressenza.com\/wp-content\/uploads\/2021\/02\/IMG-20210221-WA0014.jpg 1280w\" sizes=\"auto, (max-width: 240px) 100vw, 240px\" \/><\/td>\n<\/tr>\n<\/tbody>\n<\/table>\n","protected":false},"excerpt":{"rendered":"<p>Prolog. Al igual que t\u00fa, tuve que luchar contra millones de otros espermatozoides. Al igual que t\u00fa, crec\u00ed y prosper\u00e9 durante nueve meses, bajo el coraz\u00f3n de una hembra humana. Al igual que t\u00fa, entr\u00e9 en el mundo puro y&hellip;<\/p>\n","protected":false},"author":1097,"featured_media":1329970,"comment_status":"closed","ping_status":"closed","sticky":false,"template":"","format":"standard","meta":{"footnotes":""},"categories":[11389,79,1241,54574,1242],"tags":[16256,441,2884,89092,76091],"class_list":["post-1329957","post","type-post","status-publish","format-standard","has-post-thumbnail","hentry","category-contenido-original","category-derechos-humanos","category-diversidad","category-migrantes-es","category-noviolencia-tema","tag-creatividad","tag-derechos-humanos","tag-igualdad","tag-mes-de-la-historia-negra","tag-poesia-pt-pt-es"],"yoast_head":"<!-- This site is optimized with the Yoast SEO plugin v27.1.1 - https:\/\/yoast.com\/product\/yoast-seo-wordpress\/ -->\n<title>Historia Negra - Mi presente - Nuestro futuro<\/title>\n<meta name=\"description\" content=\"Prolog. Al igual que t\u00fa, tuve que luchar contra millones de otros espermatozoides. Al igual que t\u00fa, crec\u00ed y prosper\u00e9 durante nueve meses, bajo el coraz\u00f3n\" \/>\n<meta name=\"robots\" content=\"index, follow, max-snippet:-1, max-image-preview:large, max-video-preview:-1\" \/>\n<link rel=\"canonical\" href=\"https:\/\/www.pressenza.com\/es\/2021\/03\/historia-negra-mi-presente-nuestro-futuro\/\" \/>\n<meta property=\"og:locale\" content=\"es_ES\" \/>\n<meta property=\"og:type\" content=\"article\" \/>\n<meta property=\"og:title\" content=\"Historia Negra - Mi presente - Nuestro futuro\" \/>\n<meta property=\"og:description\" content=\"Prolog. Al igual que t\u00fa, tuve que luchar contra millones de otros espermatozoides. Al igual que t\u00fa, crec\u00ed y prosper\u00e9 durante nueve meses, bajo el coraz\u00f3n\" \/>\n<meta property=\"og:url\" content=\"https:\/\/www.pressenza.com\/es\/2021\/03\/historia-negra-mi-presente-nuestro-futuro\/\" \/>\n<meta property=\"og:site_name\" content=\"Pressenza\" \/>\n<meta property=\"article:publisher\" content=\"https:\/\/www.facebook.com\/PressenzaItalia\" \/>\n<meta property=\"article:author\" content=\"https:\/\/www.facebook.com\/Pressenza-Deutschland-sterreich-Schweiz-281675388658060\/timeline\/\" \/>\n<meta property=\"article:published_time\" content=\"2021-03-28T17:18:15+00:00\" \/>\n<meta property=\"og:image\" content=\"https:\/\/www.pressenza.com\/wp-content\/uploads\/2021\/03\/Black-History-2-720x316-1.jpg\" \/>\n\t<meta property=\"og:image:width\" content=\"720\" \/>\n\t<meta property=\"og:image:height\" content=\"316\" \/>\n\t<meta property=\"og:image:type\" content=\"image\/jpeg\" \/>\n<meta name=\"author\" content=\"Pressenza Muenchen\" \/>\n<meta name=\"twitter:card\" content=\"summary_large_image\" \/>\n<meta name=\"twitter:creator\" content=\"@pressenza_ger\" \/>\n<meta name=\"twitter:site\" content=\"@PressenzaIPA\" \/>\n<meta name=\"twitter:label1\" content=\"Escrito por\" \/>\n\t<meta name=\"twitter:data1\" content=\"Pressenza Muenchen\" \/>\n\t<meta name=\"twitter:label2\" content=\"Tiempo de lectura\" \/>\n\t<meta name=\"twitter:data2\" content=\"2 minutos\" \/>\n<script type=\"application\/ld+json\" class=\"yoast-schema-graph\">{\"@context\":\"https:\/\/schema.org\",\"@graph\":[{\"@type\":\"Article\",\"@id\":\"https:\/\/www.pressenza.com\/es\/2021\/03\/historia-negra-mi-presente-nuestro-futuro\/#article\",\"isPartOf\":{\"@id\":\"https:\/\/www.pressenza.com\/es\/2021\/03\/historia-negra-mi-presente-nuestro-futuro\/\"},\"author\":{\"name\":\"Pressenza Muenchen\",\"@id\":\"https:\/\/www.pressenza.com\/es\/#\/schema\/person\/0069724cfb2cb9785368a167d0d900b7\"},\"headline\":\"Historia Negra &#8211; Mi presente &#8211; Nuestro futuro\",\"datePublished\":\"2021-03-28T17:18:15+00:00\",\"mainEntityOfPage\":{\"@id\":\"https:\/\/www.pressenza.com\/es\/2021\/03\/historia-negra-mi-presente-nuestro-futuro\/\"},\"wordCount\":465,\"publisher\":{\"@id\":\"https:\/\/www.pressenza.com\/es\/#organization\"},\"image\":{\"@id\":\"https:\/\/www.pressenza.com\/es\/2021\/03\/historia-negra-mi-presente-nuestro-futuro\/#primaryimage\"},\"thumbnailUrl\":\"https:\/\/www.pressenza.com\/wp-content\/uploads\/2021\/03\/Black-History-2-720x316-1.jpg\",\"keywords\":[\"creatividad\",\"Derechos humanos\",\"igualdad\",\"Mes de la Historia Negra\",\"poes\u00eda\"],\"articleSection\":[\"Contenido Original\",\"Derechos Humanos\",\"Diversidad\",\"Migrantes\",\"Noviolencia\"],\"inLanguage\":\"es\"},{\"@type\":\"WebPage\",\"@id\":\"https:\/\/www.pressenza.com\/es\/2021\/03\/historia-negra-mi-presente-nuestro-futuro\/\",\"url\":\"https:\/\/www.pressenza.com\/es\/2021\/03\/historia-negra-mi-presente-nuestro-futuro\/\",\"name\":\"Historia Negra - Mi presente - Nuestro futuro\",\"isPartOf\":{\"@id\":\"https:\/\/www.pressenza.com\/es\/#website\"},\"primaryImageOfPage\":{\"@id\":\"https:\/\/www.pressenza.com\/es\/2021\/03\/historia-negra-mi-presente-nuestro-futuro\/#primaryimage\"},\"image\":{\"@id\":\"https:\/\/www.pressenza.com\/es\/2021\/03\/historia-negra-mi-presente-nuestro-futuro\/#primaryimage\"},\"thumbnailUrl\":\"https:\/\/www.pressenza.com\/wp-content\/uploads\/2021\/03\/Black-History-2-720x316-1.jpg\",\"datePublished\":\"2021-03-28T17:18:15+00:00\",\"description\":\"Prolog. Al igual que t\u00fa, tuve que luchar contra millones de otros espermatozoides. Al igual que t\u00fa, crec\u00ed y prosper\u00e9 durante nueve meses, bajo el coraz\u00f3n\",\"breadcrumb\":{\"@id\":\"https:\/\/www.pressenza.com\/es\/2021\/03\/historia-negra-mi-presente-nuestro-futuro\/#breadcrumb\"},\"inLanguage\":\"es\",\"potentialAction\":[{\"@type\":\"ReadAction\",\"target\":[\"https:\/\/www.pressenza.com\/es\/2021\/03\/historia-negra-mi-presente-nuestro-futuro\/\"]}]},{\"@type\":\"ImageObject\",\"inLanguage\":\"es\",\"@id\":\"https:\/\/www.pressenza.com\/es\/2021\/03\/historia-negra-mi-presente-nuestro-futuro\/#primaryimage\",\"url\":\"https:\/\/www.pressenza.com\/wp-content\/uploads\/2021\/03\/Black-History-2-720x316-1.jpg\",\"contentUrl\":\"https:\/\/www.pressenza.com\/wp-content\/uploads\/2021\/03\/Black-History-2-720x316-1.jpg\",\"width\":720,\"height\":316},{\"@type\":\"BreadcrumbList\",\"@id\":\"https:\/\/www.pressenza.com\/es\/2021\/03\/historia-negra-mi-presente-nuestro-futuro\/#breadcrumb\",\"itemListElement\":[{\"@type\":\"ListItem\",\"position\":1,\"name\":\"Accueil\",\"item\":\"https:\/\/www.pressenza.com\/es\/\"},{\"@type\":\"ListItem\",\"position\":2,\"name\":\"Historia Negra &#8211; Mi presente &#8211; Nuestro futuro\"}]},{\"@type\":\"WebSite\",\"@id\":\"https:\/\/www.pressenza.com\/es\/#website\",\"url\":\"https:\/\/www.pressenza.com\/es\/\",\"name\":\"Pressenza\",\"description\":\"International Press Agency\",\"publisher\":{\"@id\":\"https:\/\/www.pressenza.com\/es\/#organization\"},\"potentialAction\":[{\"@type\":\"SearchAction\",\"target\":{\"@type\":\"EntryPoint\",\"urlTemplate\":\"https:\/\/www.pressenza.com\/es\/?s={search_term_string}\"},\"query-input\":{\"@type\":\"PropertyValueSpecification\",\"valueRequired\":true,\"valueName\":\"search_term_string\"}}],\"inLanguage\":\"es\"},{\"@type\":\"Organization\",\"@id\":\"https:\/\/www.pressenza.com\/es\/#organization\",\"name\":\"Pressenza\",\"url\":\"https:\/\/www.pressenza.com\/es\/\",\"logo\":{\"@type\":\"ImageObject\",\"inLanguage\":\"es\",\"@id\":\"https:\/\/www.pressenza.com\/es\/#\/schema\/logo\/image\/\",\"url\":\"https:\/\/www.pressenza.com\/wp-content\/uploads\/2022\/10\/pressenza_logo_200x200.jpg\",\"contentUrl\":\"https:\/\/www.pressenza.com\/wp-content\/uploads\/2022\/10\/pressenza_logo_200x200.jpg\",\"width\":200,\"height\":200,\"caption\":\"Pressenza\"},\"image\":{\"@id\":\"https:\/\/www.pressenza.com\/es\/#\/schema\/logo\/image\/\"},\"sameAs\":[\"https:\/\/www.facebook.com\/PressenzaItalia\",\"https:\/\/x.com\/PressenzaIPA\"]},{\"@type\":\"Person\",\"@id\":\"https:\/\/www.pressenza.com\/es\/#\/schema\/person\/0069724cfb2cb9785368a167d0d900b7\",\"name\":\"Pressenza Muenchen\",\"description\":\"News from the Pressenza bureau in Munich, Germany\",\"sameAs\":[\"https:\/\/www.facebook.com\/Pressenza-Deutschland-sterreich-Schweiz-281675388658060\/timeline\/\",\"https:\/\/x.com\/pressenza_ger\"],\"url\":\"https:\/\/www.pressenza.com\/es\/author\/pressenza-muenchen\/\"}]}<\/script>\n<!-- \/ Yoast SEO plugin. -->","yoast_head_json":{"title":"Historia Negra - Mi presente - Nuestro futuro","description":"Prolog. Al igual que t\u00fa, tuve que luchar contra millones de otros espermatozoides. Al igual que t\u00fa, crec\u00ed y prosper\u00e9 durante nueve meses, bajo el coraz\u00f3n","robots":{"index":"index","follow":"follow","max-snippet":"max-snippet:-1","max-image-preview":"max-image-preview:large","max-video-preview":"max-video-preview:-1"},"canonical":"https:\/\/www.pressenza.com\/es\/2021\/03\/historia-negra-mi-presente-nuestro-futuro\/","og_locale":"es_ES","og_type":"article","og_title":"Historia Negra - Mi presente - Nuestro futuro","og_description":"Prolog. Al igual que t\u00fa, tuve que luchar contra millones de otros espermatozoides. Al igual que t\u00fa, crec\u00ed y prosper\u00e9 durante nueve meses, bajo el coraz\u00f3n","og_url":"https:\/\/www.pressenza.com\/es\/2021\/03\/historia-negra-mi-presente-nuestro-futuro\/","og_site_name":"Pressenza","article_publisher":"https:\/\/www.facebook.com\/PressenzaItalia","article_author":"https:\/\/www.facebook.com\/Pressenza-Deutschland-sterreich-Schweiz-281675388658060\/timeline\/","article_published_time":"2021-03-28T17:18:15+00:00","og_image":[{"width":720,"height":316,"url":"https:\/\/www.pressenza.com\/wp-content\/uploads\/2021\/03\/Black-History-2-720x316-1.jpg","type":"image\/jpeg"}],"author":"Pressenza Muenchen","twitter_card":"summary_large_image","twitter_creator":"@pressenza_ger","twitter_site":"@PressenzaIPA","twitter_misc":{"Escrito por":"Pressenza Muenchen","Tiempo de lectura":"2 minutos"},"schema":{"@context":"https:\/\/schema.org","@graph":[{"@type":"Article","@id":"https:\/\/www.pressenza.com\/es\/2021\/03\/historia-negra-mi-presente-nuestro-futuro\/#article","isPartOf":{"@id":"https:\/\/www.pressenza.com\/es\/2021\/03\/historia-negra-mi-presente-nuestro-futuro\/"},"author":{"name":"Pressenza Muenchen","@id":"https:\/\/www.pressenza.com\/es\/#\/schema\/person\/0069724cfb2cb9785368a167d0d900b7"},"headline":"Historia Negra &#8211; Mi presente &#8211; Nuestro futuro","datePublished":"2021-03-28T17:18:15+00:00","mainEntityOfPage":{"@id":"https:\/\/www.pressenza.com\/es\/2021\/03\/historia-negra-mi-presente-nuestro-futuro\/"},"wordCount":465,"publisher":{"@id":"https:\/\/www.pressenza.com\/es\/#organization"},"image":{"@id":"https:\/\/www.pressenza.com\/es\/2021\/03\/historia-negra-mi-presente-nuestro-futuro\/#primaryimage"},"thumbnailUrl":"https:\/\/www.pressenza.com\/wp-content\/uploads\/2021\/03\/Black-History-2-720x316-1.jpg","keywords":["creatividad","Derechos humanos","igualdad","Mes de la Historia Negra","poes\u00eda"],"articleSection":["Contenido Original","Derechos Humanos","Diversidad","Migrantes","Noviolencia"],"inLanguage":"es"},{"@type":"WebPage","@id":"https:\/\/www.pressenza.com\/es\/2021\/03\/historia-negra-mi-presente-nuestro-futuro\/","url":"https:\/\/www.pressenza.com\/es\/2021\/03\/historia-negra-mi-presente-nuestro-futuro\/","name":"Historia Negra - Mi presente - Nuestro futuro","isPartOf":{"@id":"https:\/\/www.pressenza.com\/es\/#website"},"primaryImageOfPage":{"@id":"https:\/\/www.pressenza.com\/es\/2021\/03\/historia-negra-mi-presente-nuestro-futuro\/#primaryimage"},"image":{"@id":"https:\/\/www.pressenza.com\/es\/2021\/03\/historia-negra-mi-presente-nuestro-futuro\/#primaryimage"},"thumbnailUrl":"https:\/\/www.pressenza.com\/wp-content\/uploads\/2021\/03\/Black-History-2-720x316-1.jpg","datePublished":"2021-03-28T17:18:15+00:00","description":"Prolog. Al igual que t\u00fa, tuve que luchar contra millones de otros espermatozoides. Al igual que t\u00fa, crec\u00ed y prosper\u00e9 durante nueve meses, bajo el coraz\u00f3n","breadcrumb":{"@id":"https:\/\/www.pressenza.com\/es\/2021\/03\/historia-negra-mi-presente-nuestro-futuro\/#breadcrumb"},"inLanguage":"es","potentialAction":[{"@type":"ReadAction","target":["https:\/\/www.pressenza.com\/es\/2021\/03\/historia-negra-mi-presente-nuestro-futuro\/"]}]},{"@type":"ImageObject","inLanguage":"es","@id":"https:\/\/www.pressenza.com\/es\/2021\/03\/historia-negra-mi-presente-nuestro-futuro\/#primaryimage","url":"https:\/\/www.pressenza.com\/wp-content\/uploads\/2021\/03\/Black-History-2-720x316-1.jpg","contentUrl":"https:\/\/www.pressenza.com\/wp-content\/uploads\/2021\/03\/Black-History-2-720x316-1.jpg","width":720,"height":316},{"@type":"BreadcrumbList","@id":"https:\/\/www.pressenza.com\/es\/2021\/03\/historia-negra-mi-presente-nuestro-futuro\/#breadcrumb","itemListElement":[{"@type":"ListItem","position":1,"name":"Accueil","item":"https:\/\/www.pressenza.com\/es\/"},{"@type":"ListItem","position":2,"name":"Historia Negra &#8211; Mi presente &#8211; Nuestro futuro"}]},{"@type":"WebSite","@id":"https:\/\/www.pressenza.com\/es\/#website","url":"https:\/\/www.pressenza.com\/es\/","name":"Pressenza","description":"International Press Agency","publisher":{"@id":"https:\/\/www.pressenza.com\/es\/#organization"},"potentialAction":[{"@type":"SearchAction","target":{"@type":"EntryPoint","urlTemplate":"https:\/\/www.pressenza.com\/es\/?s={search_term_string}"},"query-input":{"@type":"PropertyValueSpecification","valueRequired":true,"valueName":"search_term_string"}}],"inLanguage":"es"},{"@type":"Organization","@id":"https:\/\/www.pressenza.com\/es\/#organization","name":"Pressenza","url":"https:\/\/www.pressenza.com\/es\/","logo":{"@type":"ImageObject","inLanguage":"es","@id":"https:\/\/www.pressenza.com\/es\/#\/schema\/logo\/image\/","url":"https:\/\/www.pressenza.com\/wp-content\/uploads\/2022\/10\/pressenza_logo_200x200.jpg","contentUrl":"https:\/\/www.pressenza.com\/wp-content\/uploads\/2022\/10\/pressenza_logo_200x200.jpg","width":200,"height":200,"caption":"Pressenza"},"image":{"@id":"https:\/\/www.pressenza.com\/es\/#\/schema\/logo\/image\/"},"sameAs":["https:\/\/www.facebook.com\/PressenzaItalia","https:\/\/x.com\/PressenzaIPA"]},{"@type":"Person","@id":"https:\/\/www.pressenza.com\/es\/#\/schema\/person\/0069724cfb2cb9785368a167d0d900b7","name":"Pressenza Muenchen","description":"News from the Pressenza bureau in Munich, Germany","sameAs":["https:\/\/www.facebook.com\/Pressenza-Deutschland-sterreich-Schweiz-281675388658060\/timeline\/","https:\/\/x.com\/pressenza_ger"],"url":"https:\/\/www.pressenza.com\/es\/author\/pressenza-muenchen\/"}]}},"place":"Mabelle Freyer","original_article_url":"","_links":{"self":[{"href":"https:\/\/www.pressenza.com\/es\/wp-json\/wp\/v2\/posts\/1329957","targetHints":{"allow":["GET"]}}],"collection":[{"href":"https:\/\/www.pressenza.com\/es\/wp-json\/wp\/v2\/posts"}],"about":[{"href":"https:\/\/www.pressenza.com\/es\/wp-json\/wp\/v2\/types\/post"}],"author":[{"embeddable":true,"href":"https:\/\/www.pressenza.com\/es\/wp-json\/wp\/v2\/users\/1097"}],"replies":[{"embeddable":true,"href":"https:\/\/www.pressenza.com\/es\/wp-json\/wp\/v2\/comments?post=1329957"}],"version-history":[{"count":0,"href":"https:\/\/www.pressenza.com\/es\/wp-json\/wp\/v2\/posts\/1329957\/revisions"}],"wp:featuredmedia":[{"embeddable":true,"href":"https:\/\/www.pressenza.com\/es\/wp-json\/wp\/v2\/media\/1329970"}],"wp:attachment":[{"href":"https:\/\/www.pressenza.com\/es\/wp-json\/wp\/v2\/media?parent=1329957"}],"wp:term":[{"taxonomy":"category","embeddable":true,"href":"https:\/\/www.pressenza.com\/es\/wp-json\/wp\/v2\/categories?post=1329957"},{"taxonomy":"post_tag","embeddable":true,"href":"https:\/\/www.pressenza.com\/es\/wp-json\/wp\/v2\/tags?post=1329957"}],"curies":[{"name":"wp","href":"https:\/\/api.w.org\/{rel}","templated":true}]}}