{"id":1327501,"date":"2021-03-25T20:45:29","date_gmt":"2021-03-25T20:45:29","guid":{"rendered":"https:\/\/www.pressenza.com\/?p=1327501"},"modified":"2021-03-25T20:54:07","modified_gmt":"2021-03-25T20:54:07","slug":"esta-claro-que-se-quiere-privatizar-la-sanidad-publica-y-para-ello-hay-que-deteriorarla","status":"publish","type":"post","link":"https:\/\/www.pressenza.com\/es\/2021\/03\/esta-claro-que-se-quiere-privatizar-la-sanidad-publica-y-para-ello-hay-que-deteriorarla\/","title":{"rendered":"\u00abEst\u00e1 claro que se quiere privatizar la sanidad p\u00fablica y para ello hay que deteriorarla\u00bb"},"content":{"rendered":"<blockquote><p>Hablamos con <strong>Marciano Sanchez Bayle<\/strong>, Presidente de la <strong><a href=\"https:\/\/www.fadsp.org\">Federaci\u00f3n de Asociaciones para la Defensa de la Sanidad P\u00fablica<\/a><\/strong>(FADSPU) sobre la tendencia a privatizar los servicios p\u00fablicos y las consecuencias que ello tiene y tendr\u00e1 a medio y largo plazo para gran parte de la poblaci\u00f3n.<\/p>\n<p>Sobre la inserci\u00f3n de algunas multinacionales en la sanidad p\u00fablica espa\u00f1ola y sus consecuencias, S\u00e1nchez Bayle declara \u00ab<em>\u00c9stas son multinacionales que tiene un presupuesto que es mayor que el que tiene este pa\u00eds, y probablemente mayor que el de la mayor\u00eda de pa\u00edses de la Uni\u00f3n Europea. Entonces, su capacidad de influencia&#8230; de pagar voluntades, es muy grande y es muy poderosa y enfrentarse a ellos es dif\u00edcil y necesita una gran voluntad pol\u00edtica. No es que no sea posible, pero es complicado\u00bb<\/em><strong>. \u00a0<\/strong><\/p><\/blockquote>\n<p>&nbsp;<\/p>\n<p><em><strong>Por Humanistas de Carabanchel<\/strong><\/em><\/p>\n<p><strong>Marciano hace honor a su nombre, significa guerrero, y \u00e9l es una de las voces de la <a href=\"https:\/\/www.pressenza.com\/es\/tag\/marea-blanca\/\">Marea Blanca<\/a>, que alzada desde hace a\u00f1os, pelea por la defensa de la Sanidad P\u00fablica en Espa\u00f1a y especialmente en Madrid. Fue, antes de jubilarse, Jefe de Pediatr\u00eda del Hospital Ni\u00f1o Jes\u00fas. Las autoridades de la Comunidad de Madrid denegaron su petici\u00f3n de continuar en el servicio activo, quiz\u00e1 porque era demasiado guerrero para ellos. Muy amablemente nos recibe en el local de la Federaci\u00f3n para atender a nuestras preguntas. <\/strong><\/p>\n<p>&nbsp;<\/p>\n<p><strong>Muchas gracias por atendernos. Recientemente la FADSPU ha denunciado en un comunicado el desmantelamiento de la atenci\u00f3n primaria en la Comunidad de Madrid. Dais muchos datos sobre la precariedad en la que est\u00e1n trabajando el personal de los centros, \u00bfpod\u00edas explicar esta situaci\u00f3n?<\/strong><\/p>\n<p>Bueno yo creo que lo que caracteriza la atenci\u00f3n primaria, en general en todo el pa\u00eds, es que ha sufrido de una manera muy especial a partir de la pasada crisis, cuando se disminuyeron de una manera muy importante los presupuestos sanitarios. Lo que m\u00e1s se disminuy\u00f3 fue la atenci\u00f3n primaria, y eso ha producido problemas muy graves.<\/p>\n<p>La Comunidad de Madrid es un caso muy especial, porque es el sitio donde m\u00e1s se disminuy\u00f3 el presupuesto sanitario. La Comunidad de Madrid tiene el menor porcentaje de presupuesto dedicado a la atenci\u00f3n primaria sobre el presupuesto sanitario total, y tambi\u00e9n la que tiene la menor cantidad de euros por habitante y a\u00f1o dedicado a la atenci\u00f3n primaria. A partir de ah\u00ed se produce toda una serie de problemas en cascada. Es la Comunidad que tiene el mayor numero de personas por enfermera, la que tiene el mayor numero de personas menores de 14 a\u00f1os por pediatra, la segunda o tercera que tiene el mayor numero de personas por m\u00e9dico de familia, etc.<\/p>\n<p>Hay una gran presi\u00f3n asistencial y todo eso se produce en una comunidad que es de las m\u00e1s ricas del pa\u00eds. Eso significa que ha habido una gran desatenci\u00f3n hacia la atenci\u00f3n primaria, que tiene muy pocos recursos y por tanto una gran presi\u00f3n asistencial, y eso, al final ha producido otro efecto muy importante, que se han empezado a poner en evidencia una gran demora en las citas de atenci\u00f3n primaria. Estamos hablando de esta situaci\u00f3n antes de la COVID. Cuando alguien ped\u00eda cita para su medico de familia f\u00e1cilmente se la pod\u00edan dar para varios d\u00edas adelante, en algunos casos para una semana o incluso m\u00e1s. Claro, si eso se produce, la gente tiene tres alternativas, esperar a ver si las cosas se solucionan solas, que a veces pasa, acudir a urgencias, la Comunidad de Madrid es la que tiene la tasa mas elevada de urgencias por cada mil habitantes de todo el pa\u00eds, o acudir al sector privado. Cualquier alternativa que se tome de estas tres no es buena.<\/p>\n<p>&nbsp;<\/p>\n<p><strong>\u00bfNo se podr\u00edan haber usado los recursos, aportados de la Uni\u00f3n Europea para reforzar la atenci\u00f3n primaria? Es decir, para contratar m\u00e1s personal de todo tipo, para mejorar los centros de salud, \u00bfcu\u00e1l es la pol\u00edtica sanitaria de la Comunidad de Madrid, en qu\u00e9 consiste?<\/strong><\/p>\n<p>En realidad, la respuesta la ten\u00eda que dar la presidenta Isabel D\u00edaz Ayuso, no yo. A mi me parece que lo que ha sucedido es que la Comunidad de Madrid decidi\u00f3 hace tiempo que quiere privatizar la asistencia sanitaria, y de una manera especifica la atenci\u00f3n primaria. En su d\u00eda Lasquetty lo intent\u00f3, quiso privatizar 26 centros de salud, pero no pudo llevarlo a cabo. Ahora est\u00e1 aprovechando esta coyuntura para seguir deteriorando el servicio p\u00fablico. Sabemos que el gobierno central le dio 1400 millones de euros a la Comunidad de Madrid para reforzar la atenci\u00f3n sanitaria, y solamente destin\u00f3 700 a reforzarla, y esos setecientos millones se destinaron probablemente a cosas como el seudo hospital este que han montado, Isabel Zendal, a hacer contratos con empresas privadas, en los hoteles medicalizados, etc. pero los refuerzos en la atenci\u00f3n primaria han sido m\u00ednimos.<\/p>\n<p>&nbsp;<\/p>\n<p><strong>\u00bfC\u00f3mo repercute en las vecinas y vecinos de Madrid el hecho de que los centros de salud est\u00e9n as\u00ed? \u00bfExiste la desigualdad sanitaria dependiendo de d\u00f3nde vivamos, si en Madrid o en Navarra, por ejemplo? <\/strong><\/p>\n<p>Hay una gran disparidad en los presupuestos sanitarios y en los presupuestos de atenci\u00f3n primaria por habitante, y eso hace que no se puedan ofertar las mismas prestaciones. La Comunidad de Madrid est\u00e1 a la cola en todos los casos.\u00a0 Dependiendo del dinero que se destine a la atenci\u00f3n sanitaria en cada una de las comunidades aut\u00f3nomas, la atenci\u00f3n que se pueda ofrecer a la ciudadan\u00eda es diferente. Luego, por supuesto, hay muchas otras cosas que influyen, como el envejecimiento de la poblaci\u00f3n, la dispersi\u00f3n, no es lo mismo prestar asistencia sanitaria en Madrid, donde la gente est\u00e1 relativamente concentrada y tiene f\u00e1cil acceso a los centros de salud, que en el medio rural de Castilla y Le\u00f3n, donde puede haber un m\u00e9dico que tiene que atender a 300 habitantes, mientras que otro en Madrid tiene que atender a 1500 o 1600. Hay muchos factores que influyen, pero yo creo que lo fundamental es el dinero que se destina y la voluntad pol\u00edtica que tiene cada una de las comunidades aut\u00f3nomas en mantener un servicio sanitario p\u00fablico de calidad o fomentar la privatizaci\u00f3n. <strong>El caso de Madrid est\u00e1 claro que lo que se quiere fomentar es la privatizaci\u00f3n y para ello hay que deteriorar el servicio p\u00fablico<\/strong>. No hace muchos a\u00f1os el Roto publicaba un chiste en el que aparec\u00eda un se\u00f1or que le dec\u00eda a otro hay que deteriorar todo lo p\u00fablico para demostrar que no funciona, y el otro respond\u00eda, <strong>pero que buenas ideas tienes Esperancita<\/strong>. Pues eso es lo que ha pasado en la Comunidad de Madrid, se ha deteriorado intencionadamente el servicio p\u00fablico para que la gente escape, y solamente vayan los que no tienen otra alternativa, econ\u00f3mica fundamentalmente<\/p>\n<p>&nbsp;<\/p>\n<p><strong>Se\u00f1al\u00e1is a un grupo, Fresenius, que posee dos empresas Capio y Quir\u00f3n, que est\u00e1 alcanzando una posici\u00f3n de oligopolio en la sanidad privada. Eso \u00bfqu\u00e9 significa para los vecinos y vecinas de Madrid? \u00bfC\u00f3mo nos repercute?<\/strong><\/p>\n<p>Se trata de un grupo muy potente que se ha ido haciendo con una gran cantidad de hospitales, de gesti\u00f3n privada pero pagados con dinero p\u00fablico, y evidentemente que influye, de momento, de una manera determinante en cuanto a su capacidad para establecer precios y tener situaciones de ventaja respecto al sistema p\u00fablico. Cada euro que se invierte en el sector privado es un euro menos que se utiliza en los hospitales de gesti\u00f3n p\u00fablica, que tienen menos personal, que han cerrados camas, que tienen menos capacidad de ofrecer prestaciones asistenciales. A corto plazo puede no ser muy evidente, pero a medio y largo plazo va a ser determinante.<\/p>\n<p>Si los centros p\u00fablicos se convierten en centros cada vez m\u00e1s deteriorados y con menos capacidad de responder a la atenci\u00f3n sanitaria, la gente acabar\u00e1 huyendo hacia el sector privado. Y ya no solamente ser\u00e1 un sector privado financiado p\u00fablicamente, ser\u00e1 un sector privado con financiaci\u00f3n privada para el seguro privado. El Partido Popular, yo creo que hace mucho tiempo, tiene una idea clara de cu\u00e1l es el horizonte que persigue en la sanidad espa\u00f1ola. Ellos pretenden segmentar la atenci\u00f3n sanitaria, de manera que haya un grupo de poblaci\u00f3n, que tiene dinero, que tiene una situaci\u00f3n econ\u00f3micamente solvente, que tendr\u00e1 que recibir atenci\u00f3n sanitaria de seguro privado; otro grupo que ser\u00e1n los trabajadores, que est\u00e1n en una situaci\u00f3n media o media baja, que seguir\u00e1n teniendo un sistema de seguridad social m\u00e1s o menos deteriorado, y el resto de la poblaci\u00f3n, tendr\u00e1 que acudir a un modelo de beneficencia. Yo creo que ese es el horizonte hacia el que quieren que caminemos. L\u00f3gicamente eso no se puede hacer de golpe, por suerte vivimos en un pa\u00eds democr\u00e1tico donde hay elecciones y donde si t\u00fa cierras centros de salud y deterioras mucho la sanidad pues pierdes votos y no saldr\u00e1s, pero esto se va haciendo as\u00ed, no solamente en Espa\u00f1a, esto se ha hecho en el Reino Unido, en muchos pa\u00edses del mundo, se sigue la misma l\u00f3gica.<\/p>\n<p>Esto es un problema muy importante, las grandes multinacionales, que no est\u00e1n solo en Espa\u00f1a -Fresenius, Capio, Quir\u00f3n, es una gran multinacional alemana- tienen capacidad para influir sobre las pol\u00edticas del Gobierno. Cuando la Comunidad Valenciana intent\u00f3 recuperar para el sistema p\u00fablico el Hospital de Alcira, cosa que finalmente se hizo, el embajador de Estados Unidos se person\u00f3 en Valencia para hablar con el presidente de la Generalitat para explicarle que el Gobierno de los Estados Unidos no ve\u00eda bien el que se llevase a cabo esa recuperaci\u00f3n. Esto lo tenemos que tener en cuenta.\u00a0 <strong>\u00c9stas son multinacionales que tiene un presupuesto que es mayor que el que tiene este pa\u00eds, y probablemente mayor que el de la mayor\u00eda de pa\u00edses de la Uni\u00f3n Europea. Entonces, su capacidad de influencia, <\/strong>de hacer marketing, de influir en los medios de comunicaci\u00f3n, <strong>de pagar voluntades, es muy grande y es muy poderosa y enfrentarse a ellos es dif\u00edcil y necesita una gran voluntad pol\u00edtica. <\/strong>No es que no sea posible, pero es complicado<strong>. \u00a0<\/strong><\/p>\n<p>&nbsp;<\/p>\n<p><strong>En mayo del a\u00f1o pasado publicasteis un documento sobre la pandemia del covid-19 y todo lo que ha puesto de manifiesto. Cito textualmente: las ra\u00edces profundas del rebrote de las infecciones est\u00e1n \u201cen el subdesarrollo, el cambio clim\u00e1tico, las pr\u00e1cticas de la industria agro-alimentaria, el comercio y el turismo globalizador\u2026 Si no solucionamos estos problemas lo mas probable es que se repitan situaciones parecidas en un futuro\u201d.\u00a0Despu\u00e9s de un a\u00f1o han desaparecido en los medios de comunicaci\u00f3n las referencias a estos puntos, solo se habla de si la vacuna tiene o no efectos secundarios y de si se cierra o no la hosteleria. \u00bfOs parece que se han quitado los temas de fondo para centrarnos en lo mas perif\u00e9rico? o, dicho de otro modo, las ramas no dejan ver el bosque\u2026<\/strong><\/p>\n<p><em>\u00a0<\/em>Claro, creo que eso ya lo dijo, creo que era Marx, ir a la ra\u00edz de los problemas de manera radical es muy complicado, porque te enfrentas a much\u00edsimos y potent\u00edsimos intereses econ\u00f3micos, pol\u00edticos y geopol\u00edticos incluso, en este caso. Est\u00e1 claro que esta pandemia es el resultado de una agresi\u00f3n continuada de la humanidad o del sistema capitalista, si se prefiere, hacia el entorno natural. Si eso no cambia, ya lo anunci\u00f3 la OMS hace un tiempo, es inevitable que vuelva a haber casos iguales o muy parecidos, en un plazo m\u00e1s o menos corto.<\/p>\n<p>Por eso, ser\u00eda fundamental que tuvi\u00e9semos una intervenci\u00f3n sobre cu\u00e1les son las causas reales del problema. Lo que pasa es que eso es m\u00e1s complicado y es menos visible para la opini\u00f3n p\u00fablica. Yo creo que hay que trabajar para que lo sea y, sobre todo, hay que trabajar para prevenir una nueva situaci\u00f3n, lo que significa cambiar el modelo de desarrollo que tenemos en nuestra sociedad y darle m\u00e1s espacio a la capacidad de la naturaleza para desenvolverse de una manera, valga la redundancia, m\u00e1s natural; y tambi\u00e9n tener capacidad para reforzar los sistemas sanitarios de manera que puedan detectar r\u00e1pido los problemas que aparecen y puedan actuar con prontitud para atajarlos. Desgraciadamente, las cosas no parece que vayan por ah\u00ed, pero nunca se sabe lo que va a pasar a medio y largo plazo. Yo creo que este asunto ha removido muchas conciencias, ha planteado muchos interrogantes a la mayor\u00eda de la gente y gran parte de la poblaci\u00f3n no est\u00e1 en IFEMA haciendo seudo botell\u00f3n con la se\u00f1ora Ayuso. Yo creo que la mayor\u00eda de la gente es bastante consciente de que hemos vivido un problema muy grave y que deber\u00edamos hacer todo lo que est\u00e9 en nuestra mano para evitarlo. Yo espero que eso sea as\u00ed.<\/p>\n","protected":false},"excerpt":{"rendered":"<p>Hablamos con Marciano Sanchez Bayle, Presidente de la Federaci\u00f3n de Asociaciones para la Defensa de la Sanidad P\u00fablica(FADSPU) sobre la tendencia a privatizar los servicios p\u00fablicos y las consecuencias que ello tiene y tendr\u00e1 a medio y largo plazo para&hellip;<\/p>\n","protected":false},"author":1681,"featured_media":1327854,"comment_status":"closed","ping_status":"closed","sticky":false,"template":"","format":"standard","meta":{"footnotes":""},"categories":[11389,155,66,74,1239],"tags":[88994,88996,88995,23539,88998,12313,88997,11325],"class_list":["post-1327501","post","type-post","status-publish","format-standard","has-post-thumbnail","hentry","category-contenido-original","category-entrevistas","category-europa-es","category-politica-es","category-salud","tag-atencion-primaria","tag-capio","tag-fresenius","tag-multinacionales","tag-presiones-politicas","tag-privatizacion-servicios-publicos","tag-quiron","tag-sanidad-publica"],"yoast_head":"<!-- This site is optimized with the Yoast SEO plugin v27.1.1 - https:\/\/yoast.com\/product\/yoast-seo-wordpress\/ -->\n<title>&quot;Est\u00e1 claro que se quiere privatizar la sanidad p\u00fablica y para ello hay que deteriorarla&quot;<\/title>\n<meta name=\"description\" content=\"Hablamos con Marciano Sanchez Bayle, Presidente de la Federaci\u00f3n de Asociaciones para la Defensa de la Sanidad P\u00fablica(FADSPU) sobre la tendencia a\" \/>\n<meta name=\"robots\" content=\"index, follow, max-snippet:-1, max-image-preview:large, max-video-preview:-1\" \/>\n<link rel=\"canonical\" href=\"https:\/\/www.pressenza.com\/es\/2021\/03\/esta-claro-que-se-quiere-privatizar-la-sanidad-publica-y-para-ello-hay-que-deteriorarla\/\" \/>\n<meta property=\"og:locale\" content=\"es_ES\" \/>\n<meta property=\"og:type\" content=\"article\" \/>\n<meta property=\"og:title\" content=\"&quot;Est\u00e1 claro que se quiere privatizar la sanidad p\u00fablica y para ello hay que deteriorarla&quot;\" \/>\n<meta property=\"og:description\" content=\"Hablamos con Marciano Sanchez Bayle, Presidente de la Federaci\u00f3n de Asociaciones para la Defensa de la Sanidad P\u00fablica(FADSPU) sobre la tendencia a\" \/>\n<meta property=\"og:url\" content=\"https:\/\/www.pressenza.com\/es\/2021\/03\/esta-claro-que-se-quiere-privatizar-la-sanidad-publica-y-para-ello-hay-que-deteriorarla\/\" \/>\n<meta property=\"og:site_name\" content=\"Pressenza\" \/>\n<meta property=\"article:publisher\" content=\"https:\/\/www.facebook.com\/PressenzaItalia\" \/>\n<meta property=\"article:published_time\" content=\"2021-03-25T20:45:29+00:00\" \/>\n<meta property=\"article:modified_time\" content=\"2021-03-25T20:54:07+00:00\" \/>\n<meta property=\"og:image\" content=\"https:\/\/www.pressenza.com\/wp-content\/uploads\/2021\/03\/Instantanea-3-720x405.png\" \/>\n\t<meta property=\"og:image:width\" content=\"720\" \/>\n\t<meta property=\"og:image:height\" content=\"405\" \/>\n\t<meta property=\"og:image:type\" content=\"image\/png\" \/>\n<meta name=\"author\" content=\"Redacci\u00f3n Espa\u00f1a\" \/>\n<meta name=\"twitter:card\" content=\"summary_large_image\" \/>\n<meta name=\"twitter:creator\" content=\"@PressenzaIPA\" \/>\n<meta name=\"twitter:site\" content=\"@PressenzaIPA\" \/>\n<meta name=\"twitter:label1\" content=\"Escrito por\" \/>\n\t<meta name=\"twitter:data1\" content=\"Redacci\u00f3n Espa\u00f1a\" \/>\n\t<meta name=\"twitter:label2\" content=\"Tiempo de lectura\" \/>\n\t<meta name=\"twitter:data2\" content=\"11 minutos\" \/>\n<script type=\"application\/ld+json\" class=\"yoast-schema-graph\">{\"@context\":\"https:\/\/schema.org\",\"@graph\":[{\"@type\":\"Article\",\"@id\":\"https:\/\/www.pressenza.com\/es\/2021\/03\/esta-claro-que-se-quiere-privatizar-la-sanidad-publica-y-para-ello-hay-que-deteriorarla\/#article\",\"isPartOf\":{\"@id\":\"https:\/\/www.pressenza.com\/es\/2021\/03\/esta-claro-que-se-quiere-privatizar-la-sanidad-publica-y-para-ello-hay-que-deteriorarla\/\"},\"author\":{\"name\":\"Redacci\u00f3n Espa\u00f1a\",\"@id\":\"https:\/\/www.pressenza.com\/es\/#\/schema\/person\/fffbbe2f14495897417f313a954dae23\"},\"headline\":\"\u00abEst\u00e1 claro que se quiere privatizar la sanidad p\u00fablica y para ello hay que deteriorarla\u00bb\",\"datePublished\":\"2021-03-25T20:45:29+00:00\",\"dateModified\":\"2021-03-25T20:54:07+00:00\",\"mainEntityOfPage\":{\"@id\":\"https:\/\/www.pressenza.com\/es\/2021\/03\/esta-claro-que-se-quiere-privatizar-la-sanidad-publica-y-para-ello-hay-que-deteriorarla\/\"},\"wordCount\":2284,\"publisher\":{\"@id\":\"https:\/\/www.pressenza.com\/es\/#organization\"},\"image\":{\"@id\":\"https:\/\/www.pressenza.com\/es\/2021\/03\/esta-claro-que-se-quiere-privatizar-la-sanidad-publica-y-para-ello-hay-que-deteriorarla\/#primaryimage\"},\"thumbnailUrl\":\"https:\/\/www.pressenza.com\/wp-content\/uploads\/2021\/03\/Instantanea-3.png\",\"keywords\":[\"atenci\u00f3n primaria\",\"Capio\",\"Fresenius\",\"multinacionales\",\"presiones pol\u00edticas\",\"Privatizaci\u00f3n servicios p\u00fablicos\",\"Quir\u00f3n\",\"Sanidad P\u00fablica\"],\"articleSection\":[\"Contenido Original\",\"Entrevistas\",\"Europa\",\"Pol\u00edtica\",\"Salud\"],\"inLanguage\":\"es\"},{\"@type\":\"WebPage\",\"@id\":\"https:\/\/www.pressenza.com\/es\/2021\/03\/esta-claro-que-se-quiere-privatizar-la-sanidad-publica-y-para-ello-hay-que-deteriorarla\/\",\"url\":\"https:\/\/www.pressenza.com\/es\/2021\/03\/esta-claro-que-se-quiere-privatizar-la-sanidad-publica-y-para-ello-hay-que-deteriorarla\/\",\"name\":\"\\\"Est\u00e1 claro que se quiere privatizar la sanidad p\u00fablica y para ello hay que deteriorarla\\\"\",\"isPartOf\":{\"@id\":\"https:\/\/www.pressenza.com\/es\/#website\"},\"primaryImageOfPage\":{\"@id\":\"https:\/\/www.pressenza.com\/es\/2021\/03\/esta-claro-que-se-quiere-privatizar-la-sanidad-publica-y-para-ello-hay-que-deteriorarla\/#primaryimage\"},\"image\":{\"@id\":\"https:\/\/www.pressenza.com\/es\/2021\/03\/esta-claro-que-se-quiere-privatizar-la-sanidad-publica-y-para-ello-hay-que-deteriorarla\/#primaryimage\"},\"thumbnailUrl\":\"https:\/\/www.pressenza.com\/wp-content\/uploads\/2021\/03\/Instantanea-3.png\",\"datePublished\":\"2021-03-25T20:45:29+00:00\",\"dateModified\":\"2021-03-25T20:54:07+00:00\",\"description\":\"Hablamos con Marciano Sanchez Bayle, Presidente de la Federaci\u00f3n de Asociaciones para la Defensa de la Sanidad P\u00fablica(FADSPU) sobre la tendencia a\",\"breadcrumb\":{\"@id\":\"https:\/\/www.pressenza.com\/es\/2021\/03\/esta-claro-que-se-quiere-privatizar-la-sanidad-publica-y-para-ello-hay-que-deteriorarla\/#breadcrumb\"},\"inLanguage\":\"es\",\"potentialAction\":[{\"@type\":\"ReadAction\",\"target\":[\"https:\/\/www.pressenza.com\/es\/2021\/03\/esta-claro-que-se-quiere-privatizar-la-sanidad-publica-y-para-ello-hay-que-deteriorarla\/\"]}]},{\"@type\":\"ImageObject\",\"inLanguage\":\"es\",\"@id\":\"https:\/\/www.pressenza.com\/es\/2021\/03\/esta-claro-que-se-quiere-privatizar-la-sanidad-publica-y-para-ello-hay-que-deteriorarla\/#primaryimage\",\"url\":\"https:\/\/www.pressenza.com\/wp-content\/uploads\/2021\/03\/Instantanea-3.png\",\"contentUrl\":\"https:\/\/www.pressenza.com\/wp-content\/uploads\/2021\/03\/Instantanea-3.png\",\"width\":1920,\"height\":1080},{\"@type\":\"BreadcrumbList\",\"@id\":\"https:\/\/www.pressenza.com\/es\/2021\/03\/esta-claro-que-se-quiere-privatizar-la-sanidad-publica-y-para-ello-hay-que-deteriorarla\/#breadcrumb\",\"itemListElement\":[{\"@type\":\"ListItem\",\"position\":1,\"name\":\"Accueil\",\"item\":\"https:\/\/www.pressenza.com\/es\/\"},{\"@type\":\"ListItem\",\"position\":2,\"name\":\"\u00abEst\u00e1 claro que se quiere privatizar la sanidad p\u00fablica y para ello hay que deteriorarla\u00bb\"}]},{\"@type\":\"WebSite\",\"@id\":\"https:\/\/www.pressenza.com\/es\/#website\",\"url\":\"https:\/\/www.pressenza.com\/es\/\",\"name\":\"Pressenza\",\"description\":\"International Press Agency\",\"publisher\":{\"@id\":\"https:\/\/www.pressenza.com\/es\/#organization\"},\"potentialAction\":[{\"@type\":\"SearchAction\",\"target\":{\"@type\":\"EntryPoint\",\"urlTemplate\":\"https:\/\/www.pressenza.com\/es\/?s={search_term_string}\"},\"query-input\":{\"@type\":\"PropertyValueSpecification\",\"valueRequired\":true,\"valueName\":\"search_term_string\"}}],\"inLanguage\":\"es\"},{\"@type\":\"Organization\",\"@id\":\"https:\/\/www.pressenza.com\/es\/#organization\",\"name\":\"Pressenza\",\"url\":\"https:\/\/www.pressenza.com\/es\/\",\"logo\":{\"@type\":\"ImageObject\",\"inLanguage\":\"es\",\"@id\":\"https:\/\/www.pressenza.com\/es\/#\/schema\/logo\/image\/\",\"url\":\"https:\/\/www.pressenza.com\/wp-content\/uploads\/2022\/10\/pressenza_logo_200x200.jpg\",\"contentUrl\":\"https:\/\/www.pressenza.com\/wp-content\/uploads\/2022\/10\/pressenza_logo_200x200.jpg\",\"width\":200,\"height\":200,\"caption\":\"Pressenza\"},\"image\":{\"@id\":\"https:\/\/www.pressenza.com\/es\/#\/schema\/logo\/image\/\"},\"sameAs\":[\"https:\/\/www.facebook.com\/PressenzaItalia\",\"https:\/\/x.com\/PressenzaIPA\"]},{\"@type\":\"Person\",\"@id\":\"https:\/\/www.pressenza.com\/es\/#\/schema\/person\/fffbbe2f14495897417f313a954dae23\",\"name\":\"Redacci\u00f3n Espa\u00f1a\",\"url\":\"https:\/\/www.pressenza.com\/es\/author\/redaccion-espana\/\"}]}<\/script>\n<!-- \/ Yoast SEO plugin. -->","yoast_head_json":{"title":"\"Est\u00e1 claro que se quiere privatizar la sanidad p\u00fablica y para ello hay que deteriorarla\"","description":"Hablamos con Marciano Sanchez Bayle, Presidente de la Federaci\u00f3n de Asociaciones para la Defensa de la Sanidad P\u00fablica(FADSPU) sobre la tendencia a","robots":{"index":"index","follow":"follow","max-snippet":"max-snippet:-1","max-image-preview":"max-image-preview:large","max-video-preview":"max-video-preview:-1"},"canonical":"https:\/\/www.pressenza.com\/es\/2021\/03\/esta-claro-que-se-quiere-privatizar-la-sanidad-publica-y-para-ello-hay-que-deteriorarla\/","og_locale":"es_ES","og_type":"article","og_title":"\"Est\u00e1 claro que se quiere privatizar la sanidad p\u00fablica y para ello hay que deteriorarla\"","og_description":"Hablamos con Marciano Sanchez Bayle, Presidente de la Federaci\u00f3n de Asociaciones para la Defensa de la Sanidad P\u00fablica(FADSPU) sobre la tendencia a","og_url":"https:\/\/www.pressenza.com\/es\/2021\/03\/esta-claro-que-se-quiere-privatizar-la-sanidad-publica-y-para-ello-hay-que-deteriorarla\/","og_site_name":"Pressenza","article_publisher":"https:\/\/www.facebook.com\/PressenzaItalia","article_published_time":"2021-03-25T20:45:29+00:00","article_modified_time":"2021-03-25T20:54:07+00:00","og_image":[{"width":720,"height":405,"url":"https:\/\/www.pressenza.com\/wp-content\/uploads\/2021\/03\/Instantanea-3-720x405.png","type":"image\/png"}],"author":"Redacci\u00f3n Espa\u00f1a","twitter_card":"summary_large_image","twitter_creator":"@PressenzaIPA","twitter_site":"@PressenzaIPA","twitter_misc":{"Escrito por":"Redacci\u00f3n Espa\u00f1a","Tiempo de lectura":"11 minutos"},"schema":{"@context":"https:\/\/schema.org","@graph":[{"@type":"Article","@id":"https:\/\/www.pressenza.com\/es\/2021\/03\/esta-claro-que-se-quiere-privatizar-la-sanidad-publica-y-para-ello-hay-que-deteriorarla\/#article","isPartOf":{"@id":"https:\/\/www.pressenza.com\/es\/2021\/03\/esta-claro-que-se-quiere-privatizar-la-sanidad-publica-y-para-ello-hay-que-deteriorarla\/"},"author":{"name":"Redacci\u00f3n Espa\u00f1a","@id":"https:\/\/www.pressenza.com\/es\/#\/schema\/person\/fffbbe2f14495897417f313a954dae23"},"headline":"\u00abEst\u00e1 claro que se quiere privatizar la sanidad p\u00fablica y para ello hay que deteriorarla\u00bb","datePublished":"2021-03-25T20:45:29+00:00","dateModified":"2021-03-25T20:54:07+00:00","mainEntityOfPage":{"@id":"https:\/\/www.pressenza.com\/es\/2021\/03\/esta-claro-que-se-quiere-privatizar-la-sanidad-publica-y-para-ello-hay-que-deteriorarla\/"},"wordCount":2284,"publisher":{"@id":"https:\/\/www.pressenza.com\/es\/#organization"},"image":{"@id":"https:\/\/www.pressenza.com\/es\/2021\/03\/esta-claro-que-se-quiere-privatizar-la-sanidad-publica-y-para-ello-hay-que-deteriorarla\/#primaryimage"},"thumbnailUrl":"https:\/\/www.pressenza.com\/wp-content\/uploads\/2021\/03\/Instantanea-3.png","keywords":["atenci\u00f3n primaria","Capio","Fresenius","multinacionales","presiones pol\u00edticas","Privatizaci\u00f3n servicios p\u00fablicos","Quir\u00f3n","Sanidad P\u00fablica"],"articleSection":["Contenido Original","Entrevistas","Europa","Pol\u00edtica","Salud"],"inLanguage":"es"},{"@type":"WebPage","@id":"https:\/\/www.pressenza.com\/es\/2021\/03\/esta-claro-que-se-quiere-privatizar-la-sanidad-publica-y-para-ello-hay-que-deteriorarla\/","url":"https:\/\/www.pressenza.com\/es\/2021\/03\/esta-claro-que-se-quiere-privatizar-la-sanidad-publica-y-para-ello-hay-que-deteriorarla\/","name":"\"Est\u00e1 claro que se quiere privatizar la sanidad p\u00fablica y para ello hay que deteriorarla\"","isPartOf":{"@id":"https:\/\/www.pressenza.com\/es\/#website"},"primaryImageOfPage":{"@id":"https:\/\/www.pressenza.com\/es\/2021\/03\/esta-claro-que-se-quiere-privatizar-la-sanidad-publica-y-para-ello-hay-que-deteriorarla\/#primaryimage"},"image":{"@id":"https:\/\/www.pressenza.com\/es\/2021\/03\/esta-claro-que-se-quiere-privatizar-la-sanidad-publica-y-para-ello-hay-que-deteriorarla\/#primaryimage"},"thumbnailUrl":"https:\/\/www.pressenza.com\/wp-content\/uploads\/2021\/03\/Instantanea-3.png","datePublished":"2021-03-25T20:45:29+00:00","dateModified":"2021-03-25T20:54:07+00:00","description":"Hablamos con Marciano Sanchez Bayle, Presidente de la Federaci\u00f3n de Asociaciones para la Defensa de la Sanidad P\u00fablica(FADSPU) sobre la tendencia a","breadcrumb":{"@id":"https:\/\/www.pressenza.com\/es\/2021\/03\/esta-claro-que-se-quiere-privatizar-la-sanidad-publica-y-para-ello-hay-que-deteriorarla\/#breadcrumb"},"inLanguage":"es","potentialAction":[{"@type":"ReadAction","target":["https:\/\/www.pressenza.com\/es\/2021\/03\/esta-claro-que-se-quiere-privatizar-la-sanidad-publica-y-para-ello-hay-que-deteriorarla\/"]}]},{"@type":"ImageObject","inLanguage":"es","@id":"https:\/\/www.pressenza.com\/es\/2021\/03\/esta-claro-que-se-quiere-privatizar-la-sanidad-publica-y-para-ello-hay-que-deteriorarla\/#primaryimage","url":"https:\/\/www.pressenza.com\/wp-content\/uploads\/2021\/03\/Instantanea-3.png","contentUrl":"https:\/\/www.pressenza.com\/wp-content\/uploads\/2021\/03\/Instantanea-3.png","width":1920,"height":1080},{"@type":"BreadcrumbList","@id":"https:\/\/www.pressenza.com\/es\/2021\/03\/esta-claro-que-se-quiere-privatizar-la-sanidad-publica-y-para-ello-hay-que-deteriorarla\/#breadcrumb","itemListElement":[{"@type":"ListItem","position":1,"name":"Accueil","item":"https:\/\/www.pressenza.com\/es\/"},{"@type":"ListItem","position":2,"name":"\u00abEst\u00e1 claro que se quiere privatizar la sanidad p\u00fablica y para ello hay que deteriorarla\u00bb"}]},{"@type":"WebSite","@id":"https:\/\/www.pressenza.com\/es\/#website","url":"https:\/\/www.pressenza.com\/es\/","name":"Pressenza","description":"International Press Agency","publisher":{"@id":"https:\/\/www.pressenza.com\/es\/#organization"},"potentialAction":[{"@type":"SearchAction","target":{"@type":"EntryPoint","urlTemplate":"https:\/\/www.pressenza.com\/es\/?s={search_term_string}"},"query-input":{"@type":"PropertyValueSpecification","valueRequired":true,"valueName":"search_term_string"}}],"inLanguage":"es"},{"@type":"Organization","@id":"https:\/\/www.pressenza.com\/es\/#organization","name":"Pressenza","url":"https:\/\/www.pressenza.com\/es\/","logo":{"@type":"ImageObject","inLanguage":"es","@id":"https:\/\/www.pressenza.com\/es\/#\/schema\/logo\/image\/","url":"https:\/\/www.pressenza.com\/wp-content\/uploads\/2022\/10\/pressenza_logo_200x200.jpg","contentUrl":"https:\/\/www.pressenza.com\/wp-content\/uploads\/2022\/10\/pressenza_logo_200x200.jpg","width":200,"height":200,"caption":"Pressenza"},"image":{"@id":"https:\/\/www.pressenza.com\/es\/#\/schema\/logo\/image\/"},"sameAs":["https:\/\/www.facebook.com\/PressenzaItalia","https:\/\/x.com\/PressenzaIPA"]},{"@type":"Person","@id":"https:\/\/www.pressenza.com\/es\/#\/schema\/person\/fffbbe2f14495897417f313a954dae23","name":"Redacci\u00f3n Espa\u00f1a","url":"https:\/\/www.pressenza.com\/es\/author\/redaccion-espana\/"}]}},"place":"Madrid","original_article_url":"","_links":{"self":[{"href":"https:\/\/www.pressenza.com\/es\/wp-json\/wp\/v2\/posts\/1327501","targetHints":{"allow":["GET"]}}],"collection":[{"href":"https:\/\/www.pressenza.com\/es\/wp-json\/wp\/v2\/posts"}],"about":[{"href":"https:\/\/www.pressenza.com\/es\/wp-json\/wp\/v2\/types\/post"}],"author":[{"embeddable":true,"href":"https:\/\/www.pressenza.com\/es\/wp-json\/wp\/v2\/users\/1681"}],"replies":[{"embeddable":true,"href":"https:\/\/www.pressenza.com\/es\/wp-json\/wp\/v2\/comments?post=1327501"}],"version-history":[{"count":0,"href":"https:\/\/www.pressenza.com\/es\/wp-json\/wp\/v2\/posts\/1327501\/revisions"}],"wp:featuredmedia":[{"embeddable":true,"href":"https:\/\/www.pressenza.com\/es\/wp-json\/wp\/v2\/media\/1327854"}],"wp:attachment":[{"href":"https:\/\/www.pressenza.com\/es\/wp-json\/wp\/v2\/media?parent=1327501"}],"wp:term":[{"taxonomy":"category","embeddable":true,"href":"https:\/\/www.pressenza.com\/es\/wp-json\/wp\/v2\/categories?post=1327501"},{"taxonomy":"post_tag","embeddable":true,"href":"https:\/\/www.pressenza.com\/es\/wp-json\/wp\/v2\/tags?post=1327501"}],"curies":[{"name":"wp","href":"https:\/\/api.w.org\/{rel}","templated":true}]}}