{"id":1326345,"date":"2021-03-23T20:23:55","date_gmt":"2021-03-23T20:23:55","guid":{"rendered":"https:\/\/www.pressenza.com\/?p=1326345"},"modified":"2021-03-23T20:23:55","modified_gmt":"2021-03-23T20:23:55","slug":"agua-para-el-pueblo","status":"publish","type":"post","link":"https:\/\/www.pressenza.com\/es\/2021\/03\/agua-para-el-pueblo\/","title":{"rendered":"Agua para el pueblo"},"content":{"rendered":"<p><em>Cientos de personas se movilizaron y participaron del verdurazo y de la sentada frente al Congreso en el D\u00eda Mundial del Agua, exigiendo que se apliquen pol\u00edticas p\u00fablicas para abordar la emergencia clim\u00e1tica.<\/em><\/p>\n<p><em><strong>por Notas, Periodismo Popular<\/strong><\/em><\/p>\n<p>Distintas organizaciones socioambientales participaron de una masiva convocatoria realizada en el D\u00eda Mundial del Agua. La jornada comenz\u00f3 con un \u201cverdurazo\u201d de la mano de la Uni\u00f3n de les Trabajadores de la Tierra, sigui\u00f3 con una sentada frente al Congreso de la Naci\u00f3n y finaliz\u00f3 con una movilizaci\u00f3n hasta la Plaza de Mayo. La Marcha Plurinacional por el Agua se replic\u00f3 por distintos puntos del pa\u00eds, tales como Ushuaia, Tucum\u00e1n, Salta, Posadas, algunas localidades de la provincia de Buenos Aires y Bariloche, entre otros.<\/p>\n<p>Aim\u00e9 Olivera Caniumir, militante del MTE Rural, dijo en su intervenci\u00f3n en Plaza de Mayo: \u201cSabemos que no hay forma de cambiar este modelo de explotaci\u00f3n de la naturaleza sin enfrentarnos a los poderes concentrados. Pong\u00e1mosle nombre: hace a\u00f1os impulsan genocidios y golpes de estado, son los que se apropiaron de nuestro territorio ancestral. Es la Sociedad Rural, son los Etchevehere, los Blanco Villegas, los Pereira Iraola\u201d.<\/p>\n<p>\u201cQueremos que se revierta esta situaci\u00f3n de injusticia, queremos volver a repoblar la patria, por eso impulsamos el Plan de Desarrollo Humano Integral. Todos y todas, seamos urbanos o rurales, necesitamos de acceso a la tierra, al techo y al trabajo. Necesitamos el desarrollo soberano y sustentable de nuestro pa\u00eds y eso implica en primer medida acceso a la tierra y reforma agraria integral y popular\u201d, a\u00f1adi\u00f3.<\/p>\n<p>Entre los pliegos de la movilizaci\u00f3n, figuraba la demanda de la designaci\u00f3n de recursos \u201ca los equipos que trabajan combatiendo las cat\u00e1strofes ambientales en la primera l\u00ednea\u201d, el cumplimiento de la Ley de Bosques y de Manejo del Fuego, la creaci\u00f3n las leyes de<a href=\"https:\/\/notasperiodismopopular.com.ar\/2020\/08\/12\/ley-de-humedales-un-paso-hacia-un-cambio-de-paradigma\/\">\u00a0Humedales<\/a>, de Acceso a la Tierra y de Reciclado con inclusi\u00f3n social, entre otros. \u201cVolvemos a las calles porque nuestros pueblos no son territorios de conquista\u201d, se\u00f1alaron las organizaciones.<\/p>\n<p>Adem\u00e1s, los grupos que compusieron la organizaci\u00f3n de la Marcha Plurinacional por el Agua exigieron el respeto del derecho a la libre autodeterminaci\u00f3n de los pueblos, el encuadre legal del Agua como un bien com\u00fan, que los delitos contra la naturaleza sean considerados de lesa humanidad, que no se vuelva pol\u00edtica p\u00fablica promover y subvencionar programas y proyectos que atentan contra la vida de los seres humanos y de la naturaleza o Madre Tierra, y que se cumpla la legislaci\u00f3n de presupuestos m\u00ednimos de Ordenamiento territorial para preservar los bosques nativos como reserva biol\u00f3gica; \u201ctambi\u00e9n la ley de protecci\u00f3n de ambientes glaciares y periglaciares como reserva de Agua para hoy y para las futuras generaciones\u201d.<\/p>\n<p>Desde el MTE Rural indicaron en un comunicado: \u201cMarchamos en defensa del agua y\u00a0 para denunciar la situaci\u00f3n de emergencia clim\u00e1tica que estamos viviendo en Argentina. En m\u00faltiples puntos del pa\u00eds, la agricultura familiar campesina e ind\u00edgena se encuentra enfrentando a la megaminer\u00eda, a las forestales, al negocio inmobiliario, al desmonte. Como j\u00f3venes nos preocupa el avance de un modelo de producci\u00f3n depredatorio. Queremos poder proyectar un futuro en el campo. Queremos agua para vivir y producir alimentos\u201d.<\/p>\n<p>&nbsp;<\/p>\n","protected":false},"excerpt":{"rendered":"<p>Cientos de personas se movilizaron y participaron del verdurazo y de la sentada frente al Congreso en el D\u00eda Mundial del Agua, exigiendo que se apliquen pol\u00edticas p\u00fablicas para abordar la emergencia clim\u00e1tica. por Notas, Periodismo Popular Distintas organizaciones socioambientales&hellip;<\/p>\n","protected":false},"author":87,"featured_media":1326346,"comment_status":"closed","ping_status":"closed","sticky":false,"template":"","format":"standard","meta":{"footnotes":""},"categories":[79,78,74,67],"tags":[642,26,37376,35987,526,5379],"class_list":["post-1326345","post","type-post","status-publish","format-standard","has-post-thumbnail","hentry","category-derechos-humanos","category-medio-ambiente-ecologia","category-politica-es","category-sudamerica","tag-agua","tag-argentina","tag-derecho-al-agua","tag-dia-mundial-del-agua","tag-manifestacion","tag-movilizacion"],"yoast_head":"<!-- This site is optimized with the Yoast SEO plugin v27.1.1 - https:\/\/yoast.com\/product\/yoast-seo-wordpress\/ -->\n<title>Agua para el pueblo<\/title>\n<meta name=\"description\" content=\"Cientos de personas se movilizaron y participaron del verdurazo y de la sentada frente al Congreso en el D\u00eda Mundial del Agua, exigiendo que se apliquen\" \/>\n<meta name=\"robots\" content=\"index, follow, max-snippet:-1, max-image-preview:large, max-video-preview:-1\" \/>\n<link rel=\"canonical\" href=\"https:\/\/www.pressenza.com\/es\/2021\/03\/agua-para-el-pueblo\/\" \/>\n<meta property=\"og:locale\" content=\"es_ES\" \/>\n<meta property=\"og:type\" content=\"article\" \/>\n<meta property=\"og:title\" content=\"Agua para el pueblo\" \/>\n<meta property=\"og:description\" content=\"Cientos de personas se movilizaron y participaron del verdurazo y de la sentada frente al Congreso en el D\u00eda Mundial del Agua, exigiendo que se apliquen\" \/>\n<meta property=\"og:url\" content=\"https:\/\/www.pressenza.com\/es\/2021\/03\/agua-para-el-pueblo\/\" \/>\n<meta property=\"og:site_name\" content=\"Pressenza\" \/>\n<meta property=\"article:publisher\" content=\"https:\/\/www.facebook.com\/PressenzaItalia\" \/>\n<meta property=\"article:published_time\" content=\"2021-03-23T20:23:55+00:00\" \/>\n<meta property=\"og:image\" content=\"https:\/\/www.pressenza.com\/wp-content\/uploads\/2021\/03\/juandiego-notas.jpg\" \/>\n\t<meta property=\"og:image:width\" content=\"855\" \/>\n\t<meta property=\"og:image:height\" content=\"458\" \/>\n\t<meta property=\"og:image:type\" content=\"image\/jpeg\" \/>\n<meta name=\"author\" content=\"Redacci\u00f3n Argentina\" \/>\n<meta name=\"twitter:card\" content=\"summary_large_image\" \/>\n<meta name=\"twitter:creator\" content=\"@pressenza\" \/>\n<meta name=\"twitter:site\" content=\"@PressenzaIPA\" \/>\n<meta name=\"twitter:label1\" content=\"Escrito por\" \/>\n\t<meta name=\"twitter:data1\" content=\"Redacci\u00f3n Argentina\" \/>\n\t<meta name=\"twitter:label2\" content=\"Tiempo de lectura\" \/>\n\t<meta name=\"twitter:data2\" content=\"3 minutos\" \/>\n<script type=\"application\/ld+json\" class=\"yoast-schema-graph\">{\"@context\":\"https:\/\/schema.org\",\"@graph\":[{\"@type\":\"Article\",\"@id\":\"https:\/\/www.pressenza.com\/es\/2021\/03\/agua-para-el-pueblo\/#article\",\"isPartOf\":{\"@id\":\"https:\/\/www.pressenza.com\/es\/2021\/03\/agua-para-el-pueblo\/\"},\"author\":{\"name\":\"Redacci\u00f3n Argentina\",\"@id\":\"https:\/\/www.pressenza.com\/es\/#\/schema\/person\/0dda7d1b68267ad95b1e1d83abc98c89\"},\"headline\":\"Agua para el pueblo\",\"datePublished\":\"2021-03-23T20:23:55+00:00\",\"mainEntityOfPage\":{\"@id\":\"https:\/\/www.pressenza.com\/es\/2021\/03\/agua-para-el-pueblo\/\"},\"wordCount\":569,\"publisher\":{\"@id\":\"https:\/\/www.pressenza.com\/es\/#organization\"},\"image\":{\"@id\":\"https:\/\/www.pressenza.com\/es\/2021\/03\/agua-para-el-pueblo\/#primaryimage\"},\"thumbnailUrl\":\"https:\/\/www.pressenza.com\/wp-content\/uploads\/2021\/03\/juandiego-notas.jpg\",\"keywords\":[\"Agua\",\"Argentina\",\"derecho al agua\",\"D\u00eda Mundial del Agua\",\"manifestaci\u00f3n\",\"movilizaci\u00f3n\"],\"articleSection\":[\"Derechos Humanos\",\"Ecolog\u00eda y Medio Ambiente\",\"Pol\u00edtica\",\"Sudam\u00e9rica\"],\"inLanguage\":\"es\"},{\"@type\":\"WebPage\",\"@id\":\"https:\/\/www.pressenza.com\/es\/2021\/03\/agua-para-el-pueblo\/\",\"url\":\"https:\/\/www.pressenza.com\/es\/2021\/03\/agua-para-el-pueblo\/\",\"name\":\"Agua para el pueblo\",\"isPartOf\":{\"@id\":\"https:\/\/www.pressenza.com\/es\/#website\"},\"primaryImageOfPage\":{\"@id\":\"https:\/\/www.pressenza.com\/es\/2021\/03\/agua-para-el-pueblo\/#primaryimage\"},\"image\":{\"@id\":\"https:\/\/www.pressenza.com\/es\/2021\/03\/agua-para-el-pueblo\/#primaryimage\"},\"thumbnailUrl\":\"https:\/\/www.pressenza.com\/wp-content\/uploads\/2021\/03\/juandiego-notas.jpg\",\"datePublished\":\"2021-03-23T20:23:55+00:00\",\"description\":\"Cientos de personas se movilizaron y participaron del verdurazo y de la sentada frente al Congreso en el D\u00eda Mundial del Agua, exigiendo que se apliquen\",\"breadcrumb\":{\"@id\":\"https:\/\/www.pressenza.com\/es\/2021\/03\/agua-para-el-pueblo\/#breadcrumb\"},\"inLanguage\":\"es\",\"potentialAction\":[{\"@type\":\"ReadAction\",\"target\":[\"https:\/\/www.pressenza.com\/es\/2021\/03\/agua-para-el-pueblo\/\"]}]},{\"@type\":\"ImageObject\",\"inLanguage\":\"es\",\"@id\":\"https:\/\/www.pressenza.com\/es\/2021\/03\/agua-para-el-pueblo\/#primaryimage\",\"url\":\"https:\/\/www.pressenza.com\/wp-content\/uploads\/2021\/03\/juandiego-notas.jpg\",\"contentUrl\":\"https:\/\/www.pressenza.com\/wp-content\/uploads\/2021\/03\/juandiego-notas.jpg\",\"width\":855,\"height\":458},{\"@type\":\"BreadcrumbList\",\"@id\":\"https:\/\/www.pressenza.com\/es\/2021\/03\/agua-para-el-pueblo\/#breadcrumb\",\"itemListElement\":[{\"@type\":\"ListItem\",\"position\":1,\"name\":\"Accueil\",\"item\":\"https:\/\/www.pressenza.com\/es\/\"},{\"@type\":\"ListItem\",\"position\":2,\"name\":\"Agua para el pueblo\"}]},{\"@type\":\"WebSite\",\"@id\":\"https:\/\/www.pressenza.com\/es\/#website\",\"url\":\"https:\/\/www.pressenza.com\/es\/\",\"name\":\"Pressenza\",\"description\":\"International Press Agency\",\"publisher\":{\"@id\":\"https:\/\/www.pressenza.com\/es\/#organization\"},\"potentialAction\":[{\"@type\":\"SearchAction\",\"target\":{\"@type\":\"EntryPoint\",\"urlTemplate\":\"https:\/\/www.pressenza.com\/es\/?s={search_term_string}\"},\"query-input\":{\"@type\":\"PropertyValueSpecification\",\"valueRequired\":true,\"valueName\":\"search_term_string\"}}],\"inLanguage\":\"es\"},{\"@type\":\"Organization\",\"@id\":\"https:\/\/www.pressenza.com\/es\/#organization\",\"name\":\"Pressenza\",\"url\":\"https:\/\/www.pressenza.com\/es\/\",\"logo\":{\"@type\":\"ImageObject\",\"inLanguage\":\"es\",\"@id\":\"https:\/\/www.pressenza.com\/es\/#\/schema\/logo\/image\/\",\"url\":\"https:\/\/www.pressenza.com\/wp-content\/uploads\/2022\/10\/pressenza_logo_200x200.jpg\",\"contentUrl\":\"https:\/\/www.pressenza.com\/wp-content\/uploads\/2022\/10\/pressenza_logo_200x200.jpg\",\"width\":200,\"height\":200,\"caption\":\"Pressenza\"},\"image\":{\"@id\":\"https:\/\/www.pressenza.com\/es\/#\/schema\/logo\/image\/\"},\"sameAs\":[\"https:\/\/www.facebook.com\/PressenzaItalia\",\"https:\/\/x.com\/PressenzaIPA\"]},{\"@type\":\"Person\",\"@id\":\"https:\/\/www.pressenza.com\/es\/#\/schema\/person\/0dda7d1b68267ad95b1e1d83abc98c89\",\"name\":\"Redacci\u00f3n Argentina\",\"description\":\"News from the Pressenza Bureau in Argentina.\",\"sameAs\":[\"https:\/\/x.com\/pressenza\"],\"url\":\"https:\/\/www.pressenza.com\/es\/author\/redaccion-argentina\/\"}]}<\/script>\n<!-- \/ Yoast SEO plugin. -->","yoast_head_json":{"title":"Agua para el pueblo","description":"Cientos de personas se movilizaron y participaron del verdurazo y de la sentada frente al Congreso en el D\u00eda Mundial del Agua, exigiendo que se apliquen","robots":{"index":"index","follow":"follow","max-snippet":"max-snippet:-1","max-image-preview":"max-image-preview:large","max-video-preview":"max-video-preview:-1"},"canonical":"https:\/\/www.pressenza.com\/es\/2021\/03\/agua-para-el-pueblo\/","og_locale":"es_ES","og_type":"article","og_title":"Agua para el pueblo","og_description":"Cientos de personas se movilizaron y participaron del verdurazo y de la sentada frente al Congreso en el D\u00eda Mundial del Agua, exigiendo que se apliquen","og_url":"https:\/\/www.pressenza.com\/es\/2021\/03\/agua-para-el-pueblo\/","og_site_name":"Pressenza","article_publisher":"https:\/\/www.facebook.com\/PressenzaItalia","article_published_time":"2021-03-23T20:23:55+00:00","og_image":[{"width":855,"height":458,"url":"https:\/\/www.pressenza.com\/wp-content\/uploads\/2021\/03\/juandiego-notas.jpg","type":"image\/jpeg"}],"author":"Redacci\u00f3n Argentina","twitter_card":"summary_large_image","twitter_creator":"@pressenza","twitter_site":"@PressenzaIPA","twitter_misc":{"Escrito por":"Redacci\u00f3n Argentina","Tiempo de lectura":"3 minutos"},"schema":{"@context":"https:\/\/schema.org","@graph":[{"@type":"Article","@id":"https:\/\/www.pressenza.com\/es\/2021\/03\/agua-para-el-pueblo\/#article","isPartOf":{"@id":"https:\/\/www.pressenza.com\/es\/2021\/03\/agua-para-el-pueblo\/"},"author":{"name":"Redacci\u00f3n Argentina","@id":"https:\/\/www.pressenza.com\/es\/#\/schema\/person\/0dda7d1b68267ad95b1e1d83abc98c89"},"headline":"Agua para el pueblo","datePublished":"2021-03-23T20:23:55+00:00","mainEntityOfPage":{"@id":"https:\/\/www.pressenza.com\/es\/2021\/03\/agua-para-el-pueblo\/"},"wordCount":569,"publisher":{"@id":"https:\/\/www.pressenza.com\/es\/#organization"},"image":{"@id":"https:\/\/www.pressenza.com\/es\/2021\/03\/agua-para-el-pueblo\/#primaryimage"},"thumbnailUrl":"https:\/\/www.pressenza.com\/wp-content\/uploads\/2021\/03\/juandiego-notas.jpg","keywords":["Agua","Argentina","derecho al agua","D\u00eda Mundial del Agua","manifestaci\u00f3n","movilizaci\u00f3n"],"articleSection":["Derechos Humanos","Ecolog\u00eda y Medio Ambiente","Pol\u00edtica","Sudam\u00e9rica"],"inLanguage":"es"},{"@type":"WebPage","@id":"https:\/\/www.pressenza.com\/es\/2021\/03\/agua-para-el-pueblo\/","url":"https:\/\/www.pressenza.com\/es\/2021\/03\/agua-para-el-pueblo\/","name":"Agua para el pueblo","isPartOf":{"@id":"https:\/\/www.pressenza.com\/es\/#website"},"primaryImageOfPage":{"@id":"https:\/\/www.pressenza.com\/es\/2021\/03\/agua-para-el-pueblo\/#primaryimage"},"image":{"@id":"https:\/\/www.pressenza.com\/es\/2021\/03\/agua-para-el-pueblo\/#primaryimage"},"thumbnailUrl":"https:\/\/www.pressenza.com\/wp-content\/uploads\/2021\/03\/juandiego-notas.jpg","datePublished":"2021-03-23T20:23:55+00:00","description":"Cientos de personas se movilizaron y participaron del verdurazo y de la sentada frente al Congreso en el D\u00eda Mundial del Agua, exigiendo que se apliquen","breadcrumb":{"@id":"https:\/\/www.pressenza.com\/es\/2021\/03\/agua-para-el-pueblo\/#breadcrumb"},"inLanguage":"es","potentialAction":[{"@type":"ReadAction","target":["https:\/\/www.pressenza.com\/es\/2021\/03\/agua-para-el-pueblo\/"]}]},{"@type":"ImageObject","inLanguage":"es","@id":"https:\/\/www.pressenza.com\/es\/2021\/03\/agua-para-el-pueblo\/#primaryimage","url":"https:\/\/www.pressenza.com\/wp-content\/uploads\/2021\/03\/juandiego-notas.jpg","contentUrl":"https:\/\/www.pressenza.com\/wp-content\/uploads\/2021\/03\/juandiego-notas.jpg","width":855,"height":458},{"@type":"BreadcrumbList","@id":"https:\/\/www.pressenza.com\/es\/2021\/03\/agua-para-el-pueblo\/#breadcrumb","itemListElement":[{"@type":"ListItem","position":1,"name":"Accueil","item":"https:\/\/www.pressenza.com\/es\/"},{"@type":"ListItem","position":2,"name":"Agua para el pueblo"}]},{"@type":"WebSite","@id":"https:\/\/www.pressenza.com\/es\/#website","url":"https:\/\/www.pressenza.com\/es\/","name":"Pressenza","description":"International Press Agency","publisher":{"@id":"https:\/\/www.pressenza.com\/es\/#organization"},"potentialAction":[{"@type":"SearchAction","target":{"@type":"EntryPoint","urlTemplate":"https:\/\/www.pressenza.com\/es\/?s={search_term_string}"},"query-input":{"@type":"PropertyValueSpecification","valueRequired":true,"valueName":"search_term_string"}}],"inLanguage":"es"},{"@type":"Organization","@id":"https:\/\/www.pressenza.com\/es\/#organization","name":"Pressenza","url":"https:\/\/www.pressenza.com\/es\/","logo":{"@type":"ImageObject","inLanguage":"es","@id":"https:\/\/www.pressenza.com\/es\/#\/schema\/logo\/image\/","url":"https:\/\/www.pressenza.com\/wp-content\/uploads\/2022\/10\/pressenza_logo_200x200.jpg","contentUrl":"https:\/\/www.pressenza.com\/wp-content\/uploads\/2022\/10\/pressenza_logo_200x200.jpg","width":200,"height":200,"caption":"Pressenza"},"image":{"@id":"https:\/\/www.pressenza.com\/es\/#\/schema\/logo\/image\/"},"sameAs":["https:\/\/www.facebook.com\/PressenzaItalia","https:\/\/x.com\/PressenzaIPA"]},{"@type":"Person","@id":"https:\/\/www.pressenza.com\/es\/#\/schema\/person\/0dda7d1b68267ad95b1e1d83abc98c89","name":"Redacci\u00f3n Argentina","description":"News from the Pressenza Bureau in Argentina.","sameAs":["https:\/\/x.com\/pressenza"],"url":"https:\/\/www.pressenza.com\/es\/author\/redaccion-argentina\/"}]}},"place":"Ciudad de Buenos Aires, Argentina","original_article_url":"https:\/\/notasperiodismopopular.com.ar\/2021\/03\/22\/agua-para-pueblo\/","_links":{"self":[{"href":"https:\/\/www.pressenza.com\/es\/wp-json\/wp\/v2\/posts\/1326345","targetHints":{"allow":["GET"]}}],"collection":[{"href":"https:\/\/www.pressenza.com\/es\/wp-json\/wp\/v2\/posts"}],"about":[{"href":"https:\/\/www.pressenza.com\/es\/wp-json\/wp\/v2\/types\/post"}],"author":[{"embeddable":true,"href":"https:\/\/www.pressenza.com\/es\/wp-json\/wp\/v2\/users\/87"}],"replies":[{"embeddable":true,"href":"https:\/\/www.pressenza.com\/es\/wp-json\/wp\/v2\/comments?post=1326345"}],"version-history":[{"count":0,"href":"https:\/\/www.pressenza.com\/es\/wp-json\/wp\/v2\/posts\/1326345\/revisions"}],"wp:featuredmedia":[{"embeddable":true,"href":"https:\/\/www.pressenza.com\/es\/wp-json\/wp\/v2\/media\/1326346"}],"wp:attachment":[{"href":"https:\/\/www.pressenza.com\/es\/wp-json\/wp\/v2\/media?parent=1326345"}],"wp:term":[{"taxonomy":"category","embeddable":true,"href":"https:\/\/www.pressenza.com\/es\/wp-json\/wp\/v2\/categories?post=1326345"},{"taxonomy":"post_tag","embeddable":true,"href":"https:\/\/www.pressenza.com\/es\/wp-json\/wp\/v2\/tags?post=1326345"}],"curies":[{"name":"wp","href":"https:\/\/api.w.org\/{rel}","templated":true}]}}