{"id":1325553,"date":"2021-03-24T02:00:20","date_gmt":"2021-03-24T02:00:20","guid":{"rendered":"https:\/\/www.pressenza.com\/?p=1325553"},"modified":"2021-03-23T13:10:38","modified_gmt":"2021-03-23T13:10:38","slug":"constructoras-de-futuro-djamila-andrade","status":"publish","type":"post","link":"https:\/\/www.pressenza.com\/es\/2021\/03\/constructoras-de-futuro-djamila-andrade\/","title":{"rendered":"Constructoras de Futuro: Djamila Andrade"},"content":{"rendered":"<blockquote><p>Algunas b\u00fasquedas han acompa\u00f1ado a la humanista mozambique\u00f1a <strong>Djamila Andrade<\/strong> a lo largo de su vida: la <strong>igualdad de oportunidades<\/strong> para todas las personas, la <strong>superaci\u00f3n del sufrimiento<\/strong> y la conexi\u00f3n y <strong>profundizaci\u00f3n en el sentido\u00a0trascendental\u00a0de la vida<\/strong>.<\/p><\/blockquote>\n<p>Tratando de encontrar respuestas y superar sus propios l\u00edmites, ha viajado y vivido en varios pa\u00edses para volver a su tierra, Mozambique, donde vive actualmente desarrollando proyectos personales y de construcci\u00f3n colectiva desde una mirada humanista.<\/p>\n<p>Muy interesada en este momento por la alimentaci\u00f3n ecol\u00f3gica, defiende una comida sana como base de la energ\u00eda que nos mueve.\u00a0Por otra parte, desde hace dos a\u00f1os Djamila se conecta con la lucha de las <strong>mujeres<\/strong>, y comprende \u201c<strong>c\u00f3mo sufrimos, c\u00f3mo estamos condicionadas por la sociedad en que hemos crecido y c\u00f3mo muchos de esos condicionamientos no los conoc\u00edamos porque los ten\u00edamos normalizados [\u2026] Entonces, he empezado en m\u00ed y con varias mujeres a profundizar en nuestro propio conocimiento\u00a0[\u2026] Hemos estado trabajando con la fuerza, esa energ\u00eda interna que est\u00e1 en todas las mujeres, que mueve el mundo\u201d.<\/strong><\/p>\n<p>Adem\u00e1s, en alg\u00fan momento, se plantea: \u201c<strong>toda la lucha social no tiene sentido si todo termina en finitud <\/strong>y <strong>entonces me pregunt\u00e9 si hab\u00eda algo que va m\u00e1s all\u00e1 de la muerte\u2026\u201d. <\/strong>En dar respuesta a tal pregunta est\u00e1 y lo hace meditando sola pero tambi\u00e9n desde una construcci\u00f3n colectiva en comunidades del <strong><a href=\"http:\/\/www.silo.net\/es\/message\/index\">Mensaje de Silo<\/a> \u201cbuscando ese contacto espiritual profundo, eso que ayuda a dar significado y sentido a la vida humana m\u00e1s all\u00e1 de la muerte. <\/strong><\/p>\n<p><strong>\u00a0<\/strong>Pero mejor, ved la entrevista y escuchad directamente a Djamila.<\/p>\n<p><iframe loading=\"lazy\" title=\"Constructoras de futuro: Djamila Andrade\" width=\"500\" height=\"281\" src=\"https:\/\/www.youtube.com\/embed\/epqP1GzakWU?feature=oembed\" frameborder=\"0\" allow=\"accelerometer; autoplay; clipboard-write; encrypted-media; gyroscope; picture-in-picture; web-share\" referrerpolicy=\"strict-origin-when-cross-origin\" allowfullscreen><\/iframe><\/p>\n<p>&nbsp;<\/p>\n","protected":false},"excerpt":{"rendered":"<p>Algunas b\u00fasquedas han acompa\u00f1ado a la humanista mozambique\u00f1a Djamila Andrade a lo largo de su vida: la igualdad de oportunidades para todas las personas, la superaci\u00f3n del sufrimiento y la conexi\u00f3n y profundizaci\u00f3n en el sentido\u00a0trascendental\u00a0de la vida. Tratando de&hellip;<\/p>\n","protected":false},"author":1561,"featured_media":1325566,"comment_status":"closed","ping_status":"closed","sticky":false,"template":"","format":"standard","meta":{"footnotes":""},"categories":[64,11389,78,155,54515,1240,39,25678],"tags":[88066,75295,19950,546,44232,88173,56261],"class_list":["post-1325553","post","type-post","status-publish","format-standard","has-post-thumbnail","hentry","category-africa-es","category-contenido-original","category-medio-ambiente-ecologia","category-entrevistas","category-genero-y-feminismos","category-humanismo-espiritualidad","category-internacional","category-video-es","tag-constructoras-de-futuro","tag-cuaderno-de-cultura","tag-ecologismo","tag-el-mensaje-de-silo","tag-feminismos","tag-hacia-una-cultura-no-violenta","tag-igualdad-de-oportunidades"],"yoast_head":"<!-- This site is optimized with the Yoast SEO plugin v27.1.1 - https:\/\/yoast.com\/product\/yoast-seo-wordpress\/ -->\n<title>Constructoras de Futuro: Djamila Andrade<\/title>\n<meta name=\"description\" content=\"Algunas b\u00fasquedas han acompa\u00f1ado a la humanista mozambique\u00f1a Djamila Andrade a lo largo de su vida: la igualdad de oportunidades para todas las personas,\" \/>\n<meta name=\"robots\" content=\"index, follow, max-snippet:-1, max-image-preview:large, max-video-preview:-1\" \/>\n<link rel=\"canonical\" href=\"https:\/\/www.pressenza.com\/es\/2021\/03\/constructoras-de-futuro-djamila-andrade\/\" \/>\n<meta property=\"og:locale\" content=\"es_ES\" \/>\n<meta property=\"og:type\" content=\"article\" \/>\n<meta property=\"og:title\" content=\"Constructoras de Futuro: Djamila Andrade\" \/>\n<meta property=\"og:description\" content=\"Algunas b\u00fasquedas han acompa\u00f1ado a la humanista mozambique\u00f1a Djamila Andrade a lo largo de su vida: la igualdad de oportunidades para todas las personas,\" \/>\n<meta property=\"og:url\" content=\"https:\/\/www.pressenza.com\/es\/2021\/03\/constructoras-de-futuro-djamila-andrade\/\" \/>\n<meta property=\"og:site_name\" content=\"Pressenza\" \/>\n<meta property=\"article:publisher\" content=\"https:\/\/www.facebook.com\/PressenzaItalia\" \/>\n<meta property=\"article:published_time\" content=\"2021-03-24T02:00:20+00:00\" \/>\n<meta property=\"og:image\" content=\"https:\/\/www.pressenza.com\/wp-content\/uploads\/2021\/03\/Djamila-imagen-destacada.jpg\" \/>\n\t<meta property=\"og:image:width\" content=\"1280\" \/>\n\t<meta property=\"og:image:height\" content=\"720\" \/>\n\t<meta property=\"og:image:type\" content=\"image\/jpeg\" \/>\n<meta name=\"author\" content=\"Juana P\u00e9rez Montero\" \/>\n<meta name=\"twitter:card\" content=\"summary_large_image\" \/>\n<meta name=\"twitter:creator\" content=\"@PressenzaIPA\" \/>\n<meta name=\"twitter:site\" content=\"@PressenzaIPA\" \/>\n<meta name=\"twitter:label1\" content=\"Escrito por\" \/>\n\t<meta name=\"twitter:data1\" content=\"Juana P\u00e9rez Montero\" \/>\n\t<meta name=\"twitter:label2\" content=\"Tiempo de lectura\" \/>\n\t<meta name=\"twitter:data2\" content=\"1 minuto\" \/>\n<script type=\"application\/ld+json\" class=\"yoast-schema-graph\">{\"@context\":\"https:\/\/schema.org\",\"@graph\":[{\"@type\":\"Article\",\"@id\":\"https:\/\/www.pressenza.com\/es\/2021\/03\/constructoras-de-futuro-djamila-andrade\/#article\",\"isPartOf\":{\"@id\":\"https:\/\/www.pressenza.com\/es\/2021\/03\/constructoras-de-futuro-djamila-andrade\/\"},\"author\":{\"name\":\"Juana P\u00e9rez Montero\",\"@id\":\"https:\/\/www.pressenza.com\/es\/#\/schema\/person\/606cbea0307458f18c06dd6b1ec227ec\"},\"headline\":\"Constructoras de Futuro: Djamila Andrade\",\"datePublished\":\"2021-03-24T02:00:20+00:00\",\"mainEntityOfPage\":{\"@id\":\"https:\/\/www.pressenza.com\/es\/2021\/03\/constructoras-de-futuro-djamila-andrade\/\"},\"wordCount\":301,\"publisher\":{\"@id\":\"https:\/\/www.pressenza.com\/es\/#organization\"},\"image\":{\"@id\":\"https:\/\/www.pressenza.com\/es\/2021\/03\/constructoras-de-futuro-djamila-andrade\/#primaryimage\"},\"thumbnailUrl\":\"https:\/\/www.pressenza.com\/wp-content\/uploads\/2021\/03\/Djamila-imagen-destacada.jpg\",\"keywords\":[\"constructoras de futuro\",\"cuaderno de cultura\",\"ecologismo\",\"El Mensaje de Silo\",\"feminismos\",\"hacia una cultura no violenta\",\"igualdad de oportunidades\"],\"articleSection\":[\"Africa\",\"Contenido Original\",\"Ecolog\u00eda y Medio Ambiente\",\"Entrevistas\",\"G\u00e9nero y Feminismos\",\"Humanismo y Espiritualidad\",\"Internacional\",\"Video\"],\"inLanguage\":\"es\"},{\"@type\":\"WebPage\",\"@id\":\"https:\/\/www.pressenza.com\/es\/2021\/03\/constructoras-de-futuro-djamila-andrade\/\",\"url\":\"https:\/\/www.pressenza.com\/es\/2021\/03\/constructoras-de-futuro-djamila-andrade\/\",\"name\":\"Constructoras de Futuro: Djamila Andrade\",\"isPartOf\":{\"@id\":\"https:\/\/www.pressenza.com\/es\/#website\"},\"primaryImageOfPage\":{\"@id\":\"https:\/\/www.pressenza.com\/es\/2021\/03\/constructoras-de-futuro-djamila-andrade\/#primaryimage\"},\"image\":{\"@id\":\"https:\/\/www.pressenza.com\/es\/2021\/03\/constructoras-de-futuro-djamila-andrade\/#primaryimage\"},\"thumbnailUrl\":\"https:\/\/www.pressenza.com\/wp-content\/uploads\/2021\/03\/Djamila-imagen-destacada.jpg\",\"datePublished\":\"2021-03-24T02:00:20+00:00\",\"description\":\"Algunas b\u00fasquedas han acompa\u00f1ado a la humanista mozambique\u00f1a Djamila Andrade a lo largo de su vida: la igualdad de oportunidades para todas las personas,\",\"breadcrumb\":{\"@id\":\"https:\/\/www.pressenza.com\/es\/2021\/03\/constructoras-de-futuro-djamila-andrade\/#breadcrumb\"},\"inLanguage\":\"es\",\"potentialAction\":[{\"@type\":\"ReadAction\",\"target\":[\"https:\/\/www.pressenza.com\/es\/2021\/03\/constructoras-de-futuro-djamila-andrade\/\"]}]},{\"@type\":\"ImageObject\",\"inLanguage\":\"es\",\"@id\":\"https:\/\/www.pressenza.com\/es\/2021\/03\/constructoras-de-futuro-djamila-andrade\/#primaryimage\",\"url\":\"https:\/\/www.pressenza.com\/wp-content\/uploads\/2021\/03\/Djamila-imagen-destacada.jpg\",\"contentUrl\":\"https:\/\/www.pressenza.com\/wp-content\/uploads\/2021\/03\/Djamila-imagen-destacada.jpg\",\"width\":1280,\"height\":720},{\"@type\":\"BreadcrumbList\",\"@id\":\"https:\/\/www.pressenza.com\/es\/2021\/03\/constructoras-de-futuro-djamila-andrade\/#breadcrumb\",\"itemListElement\":[{\"@type\":\"ListItem\",\"position\":1,\"name\":\"Accueil\",\"item\":\"https:\/\/www.pressenza.com\/es\/\"},{\"@type\":\"ListItem\",\"position\":2,\"name\":\"Constructoras de Futuro: Djamila Andrade\"}]},{\"@type\":\"WebSite\",\"@id\":\"https:\/\/www.pressenza.com\/es\/#website\",\"url\":\"https:\/\/www.pressenza.com\/es\/\",\"name\":\"Pressenza\",\"description\":\"International Press Agency\",\"publisher\":{\"@id\":\"https:\/\/www.pressenza.com\/es\/#organization\"},\"potentialAction\":[{\"@type\":\"SearchAction\",\"target\":{\"@type\":\"EntryPoint\",\"urlTemplate\":\"https:\/\/www.pressenza.com\/es\/?s={search_term_string}\"},\"query-input\":{\"@type\":\"PropertyValueSpecification\",\"valueRequired\":true,\"valueName\":\"search_term_string\"}}],\"inLanguage\":\"es\"},{\"@type\":\"Organization\",\"@id\":\"https:\/\/www.pressenza.com\/es\/#organization\",\"name\":\"Pressenza\",\"url\":\"https:\/\/www.pressenza.com\/es\/\",\"logo\":{\"@type\":\"ImageObject\",\"inLanguage\":\"es\",\"@id\":\"https:\/\/www.pressenza.com\/es\/#\/schema\/logo\/image\/\",\"url\":\"https:\/\/www.pressenza.com\/wp-content\/uploads\/2022\/10\/pressenza_logo_200x200.jpg\",\"contentUrl\":\"https:\/\/www.pressenza.com\/wp-content\/uploads\/2022\/10\/pressenza_logo_200x200.jpg\",\"width\":200,\"height\":200,\"caption\":\"Pressenza\"},\"image\":{\"@id\":\"https:\/\/www.pressenza.com\/es\/#\/schema\/logo\/image\/\"},\"sameAs\":[\"https:\/\/www.facebook.com\/PressenzaItalia\",\"https:\/\/x.com\/PressenzaIPA\"]},{\"@type\":\"Person\",\"@id\":\"https:\/\/www.pressenza.com\/es\/#\/schema\/person\/606cbea0307458f18c06dd6b1ec227ec\",\"name\":\"Juana P\u00e9rez Montero\",\"description\":\"Juana P\u00e9rez Montero es periodista y activista humanista.\",\"url\":\"https:\/\/www.pressenza.com\/es\/author\/juana-perez-montero\/\"}]}<\/script>\n<!-- \/ Yoast SEO plugin. -->","yoast_head_json":{"title":"Constructoras de Futuro: Djamila Andrade","description":"Algunas b\u00fasquedas han acompa\u00f1ado a la humanista mozambique\u00f1a Djamila Andrade a lo largo de su vida: la igualdad de oportunidades para todas las personas,","robots":{"index":"index","follow":"follow","max-snippet":"max-snippet:-1","max-image-preview":"max-image-preview:large","max-video-preview":"max-video-preview:-1"},"canonical":"https:\/\/www.pressenza.com\/es\/2021\/03\/constructoras-de-futuro-djamila-andrade\/","og_locale":"es_ES","og_type":"article","og_title":"Constructoras de Futuro: Djamila Andrade","og_description":"Algunas b\u00fasquedas han acompa\u00f1ado a la humanista mozambique\u00f1a Djamila Andrade a lo largo de su vida: la igualdad de oportunidades para todas las personas,","og_url":"https:\/\/www.pressenza.com\/es\/2021\/03\/constructoras-de-futuro-djamila-andrade\/","og_site_name":"Pressenza","article_publisher":"https:\/\/www.facebook.com\/PressenzaItalia","article_published_time":"2021-03-24T02:00:20+00:00","og_image":[{"width":1280,"height":720,"url":"https:\/\/www.pressenza.com\/wp-content\/uploads\/2021\/03\/Djamila-imagen-destacada.jpg","type":"image\/jpeg"}],"author":"Juana P\u00e9rez Montero","twitter_card":"summary_large_image","twitter_creator":"@PressenzaIPA","twitter_site":"@PressenzaIPA","twitter_misc":{"Escrito por":"Juana P\u00e9rez Montero","Tiempo de lectura":"1 minuto"},"schema":{"@context":"https:\/\/schema.org","@graph":[{"@type":"Article","@id":"https:\/\/www.pressenza.com\/es\/2021\/03\/constructoras-de-futuro-djamila-andrade\/#article","isPartOf":{"@id":"https:\/\/www.pressenza.com\/es\/2021\/03\/constructoras-de-futuro-djamila-andrade\/"},"author":{"name":"Juana P\u00e9rez Montero","@id":"https:\/\/www.pressenza.com\/es\/#\/schema\/person\/606cbea0307458f18c06dd6b1ec227ec"},"headline":"Constructoras de Futuro: Djamila Andrade","datePublished":"2021-03-24T02:00:20+00:00","mainEntityOfPage":{"@id":"https:\/\/www.pressenza.com\/es\/2021\/03\/constructoras-de-futuro-djamila-andrade\/"},"wordCount":301,"publisher":{"@id":"https:\/\/www.pressenza.com\/es\/#organization"},"image":{"@id":"https:\/\/www.pressenza.com\/es\/2021\/03\/constructoras-de-futuro-djamila-andrade\/#primaryimage"},"thumbnailUrl":"https:\/\/www.pressenza.com\/wp-content\/uploads\/2021\/03\/Djamila-imagen-destacada.jpg","keywords":["constructoras de futuro","cuaderno de cultura","ecologismo","El Mensaje de Silo","feminismos","hacia una cultura no violenta","igualdad de oportunidades"],"articleSection":["Africa","Contenido Original","Ecolog\u00eda y Medio Ambiente","Entrevistas","G\u00e9nero y Feminismos","Humanismo y Espiritualidad","Internacional","Video"],"inLanguage":"es"},{"@type":"WebPage","@id":"https:\/\/www.pressenza.com\/es\/2021\/03\/constructoras-de-futuro-djamila-andrade\/","url":"https:\/\/www.pressenza.com\/es\/2021\/03\/constructoras-de-futuro-djamila-andrade\/","name":"Constructoras de Futuro: Djamila Andrade","isPartOf":{"@id":"https:\/\/www.pressenza.com\/es\/#website"},"primaryImageOfPage":{"@id":"https:\/\/www.pressenza.com\/es\/2021\/03\/constructoras-de-futuro-djamila-andrade\/#primaryimage"},"image":{"@id":"https:\/\/www.pressenza.com\/es\/2021\/03\/constructoras-de-futuro-djamila-andrade\/#primaryimage"},"thumbnailUrl":"https:\/\/www.pressenza.com\/wp-content\/uploads\/2021\/03\/Djamila-imagen-destacada.jpg","datePublished":"2021-03-24T02:00:20+00:00","description":"Algunas b\u00fasquedas han acompa\u00f1ado a la humanista mozambique\u00f1a Djamila Andrade a lo largo de su vida: la igualdad de oportunidades para todas las personas,","breadcrumb":{"@id":"https:\/\/www.pressenza.com\/es\/2021\/03\/constructoras-de-futuro-djamila-andrade\/#breadcrumb"},"inLanguage":"es","potentialAction":[{"@type":"ReadAction","target":["https:\/\/www.pressenza.com\/es\/2021\/03\/constructoras-de-futuro-djamila-andrade\/"]}]},{"@type":"ImageObject","inLanguage":"es","@id":"https:\/\/www.pressenza.com\/es\/2021\/03\/constructoras-de-futuro-djamila-andrade\/#primaryimage","url":"https:\/\/www.pressenza.com\/wp-content\/uploads\/2021\/03\/Djamila-imagen-destacada.jpg","contentUrl":"https:\/\/www.pressenza.com\/wp-content\/uploads\/2021\/03\/Djamila-imagen-destacada.jpg","width":1280,"height":720},{"@type":"BreadcrumbList","@id":"https:\/\/www.pressenza.com\/es\/2021\/03\/constructoras-de-futuro-djamila-andrade\/#breadcrumb","itemListElement":[{"@type":"ListItem","position":1,"name":"Accueil","item":"https:\/\/www.pressenza.com\/es\/"},{"@type":"ListItem","position":2,"name":"Constructoras de Futuro: Djamila Andrade"}]},{"@type":"WebSite","@id":"https:\/\/www.pressenza.com\/es\/#website","url":"https:\/\/www.pressenza.com\/es\/","name":"Pressenza","description":"International Press Agency","publisher":{"@id":"https:\/\/www.pressenza.com\/es\/#organization"},"potentialAction":[{"@type":"SearchAction","target":{"@type":"EntryPoint","urlTemplate":"https:\/\/www.pressenza.com\/es\/?s={search_term_string}"},"query-input":{"@type":"PropertyValueSpecification","valueRequired":true,"valueName":"search_term_string"}}],"inLanguage":"es"},{"@type":"Organization","@id":"https:\/\/www.pressenza.com\/es\/#organization","name":"Pressenza","url":"https:\/\/www.pressenza.com\/es\/","logo":{"@type":"ImageObject","inLanguage":"es","@id":"https:\/\/www.pressenza.com\/es\/#\/schema\/logo\/image\/","url":"https:\/\/www.pressenza.com\/wp-content\/uploads\/2022\/10\/pressenza_logo_200x200.jpg","contentUrl":"https:\/\/www.pressenza.com\/wp-content\/uploads\/2022\/10\/pressenza_logo_200x200.jpg","width":200,"height":200,"caption":"Pressenza"},"image":{"@id":"https:\/\/www.pressenza.com\/es\/#\/schema\/logo\/image\/"},"sameAs":["https:\/\/www.facebook.com\/PressenzaItalia","https:\/\/x.com\/PressenzaIPA"]},{"@type":"Person","@id":"https:\/\/www.pressenza.com\/es\/#\/schema\/person\/606cbea0307458f18c06dd6b1ec227ec","name":"Juana P\u00e9rez Montero","description":"Juana P\u00e9rez Montero es periodista y activista humanista.","url":"https:\/\/www.pressenza.com\/es\/author\/juana-perez-montero\/"}]}},"place":"","original_article_url":"","_links":{"self":[{"href":"https:\/\/www.pressenza.com\/es\/wp-json\/wp\/v2\/posts\/1325553","targetHints":{"allow":["GET"]}}],"collection":[{"href":"https:\/\/www.pressenza.com\/es\/wp-json\/wp\/v2\/posts"}],"about":[{"href":"https:\/\/www.pressenza.com\/es\/wp-json\/wp\/v2\/types\/post"}],"author":[{"embeddable":true,"href":"https:\/\/www.pressenza.com\/es\/wp-json\/wp\/v2\/users\/1561"}],"replies":[{"embeddable":true,"href":"https:\/\/www.pressenza.com\/es\/wp-json\/wp\/v2\/comments?post=1325553"}],"version-history":[{"count":0,"href":"https:\/\/www.pressenza.com\/es\/wp-json\/wp\/v2\/posts\/1325553\/revisions"}],"wp:featuredmedia":[{"embeddable":true,"href":"https:\/\/www.pressenza.com\/es\/wp-json\/wp\/v2\/media\/1325566"}],"wp:attachment":[{"href":"https:\/\/www.pressenza.com\/es\/wp-json\/wp\/v2\/media?parent=1325553"}],"wp:term":[{"taxonomy":"category","embeddable":true,"href":"https:\/\/www.pressenza.com\/es\/wp-json\/wp\/v2\/categories?post=1325553"},{"taxonomy":"post_tag","embeddable":true,"href":"https:\/\/www.pressenza.com\/es\/wp-json\/wp\/v2\/tags?post=1325553"}],"curies":[{"name":"wp","href":"https:\/\/api.w.org\/{rel}","templated":true}]}}