{"id":1322032,"date":"2021-03-18T22:41:55","date_gmt":"2021-03-18T22:41:55","guid":{"rendered":"https:\/\/www.pressenza.com\/?p=1322032"},"modified":"2021-03-19T13:51:34","modified_gmt":"2021-03-19T13:51:34","slug":"bolsonaro-genocida","status":"publish","type":"post","link":"https:\/\/www.pressenza.com\/es\/2021\/03\/bolsonaro-genocida\/","title":{"rendered":"Bolsonaro genocida"},"content":{"rendered":"\n<p>Si el hermano del ministro de salud fuera acusado de violaci\u00f3n. Si el proceso estuviera empantanado en la papeler\u00eda burocr\u00e1tica durante d\u00e9cadas. Si las v\u00edctimas menores de edad lo hubieran reconocido. Si cuando fueron a detenerlo hubiera disparado contra la polic\u00eda lo m\u00e1s alto de su casa. Si hubiera sido liberado al d\u00eda siguiente. Si fuera socio de su hermano (ministro de salud y general del ej\u00e9rcito) en tres empresas: una naviera en la cuenca del Amazonas; una concesionaria de gasolineras y una empresa financiera. Si el hermano del ministro estuviera involucrado no s\u00f3lo en la violaci\u00f3n de menores, sino tambi\u00e9n en asesinatos y secuestros. Si ese ministro de salud fuera un general de divisi\u00f3n sin experiencia en el \u00e1rea a su cargo. Si el ministro fuera el responsable directo de boicotear sistem\u00e1ticamente todas las formas de prevenci\u00f3n y tratamiento. Si su actitud, sus declaraciones, sus iniciativas, sus omisiones deliberadas, hubieran causado trescientos mil muertos. Si fuera relevado de sus funciones porque su base de apoyo parlamentario hubiera comprendido, finalmente, lo insostenible de su situaci\u00f3n y silenciosamente \u2013para no darle la raz\u00f3n a la oposici\u00f3n\u2013, presionara para que fuera sustituido. Si una m\u00e9dica de reconocida competencia fuera llamada a reemplazarlo. Si esa m\u00e9dica, tras una larga conversaci\u00f3n con el presidente hubiera rechazado la invitaci\u00f3n. Si ella declarase p\u00fablicamente su incompatibilidad con el negacionismo presidencial. Si ella declarase p\u00fablicamente el peligro de las acciones gubernamentales en la gesti\u00f3n de la pandemia. Si la propia doctora contara frente a las c\u00e1maras que hab\u00eda sido amenazada por paramilitares. Si esos paramilitares hubieran tratado de asaltar el hotel donde ella se alojaba, si hubieran amenazado a su familia. Si unas horas despu\u00e9s el presidente hubiera convocado a otro m\u00e9dico \u2013amigo personal y jefe de una importante asociaci\u00f3n de cardiolog\u00eda\u2013, para ocupar el puesto de general hermano y socio de un violador. Y si este m\u00e9dico aceptara el puesto con el \u00fanico prop\u00f3sito de dar el aval institucional de la ciencia a los delirios presidenciales. Y si aquel ministro general, en su \u00faltimo discurso, afirmara que el sistema sanitario no est\u00e1 sufriendo ning\u00fan colapso como propaga la prensa. Si los partidarios del presidente hubieran organizado una marcha a su favor, una larga procesi\u00f3n de autom\u00f3viles frente a las entradas de los hospitales impidiendo el paso de ambulancias y pacientes. Si estos enfermos estuvieran muriendo por docenas en las salas de espera de todo el Brasil por falta de camas, estructura y ox\u00edgeno. Si definir a Bolsonaro como genocida derivara en una denuncia seg\u00fan la ley antiterrorista como sucedi\u00f3 con el joven &#8220;influencer&#8221; Felipe Neto. Si en solidaridad con \u00e9l yo terminara esta nota con las mismas palabras por las que \u00e9l fue encuadrado en la Ley de Seguridad Nacional: Bolsonaro genocida\u2026<\/p>\n<p>Si yo escribiera todo esto, \u00bfalguien me creer\u00eda?<\/p>\n<p>&nbsp;<\/p>\n<p>El d\u00eda en que se anunci\u00f3 que en 67 ciudades no hay m\u00e1s camas de terapia intensiva, el Tribunal de Cuentas de la Uni\u00f3n \u2013responsable de controlar el presupuesto del Estado\u2013, decidi\u00f3 iniciar una investigaci\u00f3n contra las Fuerzas Armadas. Se les acusa de omisi\u00f3n, de no poner a disposici\u00f3n su red sanitaria de hospitales y m\u00e9dicos. Se las acusa de no informar la cantidad de personal potencialmente disponible para ayudar en el control de la pandemia. Tres mil muertes diarias por una enfermedad para la que ya existe una vacuna que el gobierno se neg\u00f3 a comprar en su momento mientras, con palabras y actos concretos, se empe\u00f1\u00f3 en una verdadera campa\u00f1a de sabotaje transformando el Brasil en una amenaza mundial. Esta vez no soy el \u00fanico que lo dice, sino que baso mis declaraciones en un art\u00edculo del Washington Post, titulado \u201cBrazil&#8217;s rolling coronavirus disaster is a threat to the World\u201d (&#8220;El desastre del coronavirus en Brasil es una amenaza para el mundo&#8221; ) en el que se destacan los errores de las acciones gubernamentales en la gesti\u00f3n de la emergencia, se habla del colapso de los hospitales y se citan las palabras de Tedros Adhanom Ghebreyesus, Director General de la OMS: si el Brasil no se decide a abordar seriamente la situaci\u00f3n, se convertir\u00e1 en una amenaza para todos sus vecinos. El deseo del ministro de Asuntos Exteriores se hizo realidad: &#8220;Si nuestra pol\u00edtica exterior va a convertirnos en parias internacionales, espero que eso suceda lo antes posible&#8221;, declar\u00f3 el pasado octubre, refiri\u00e9ndose a la lucha del pa\u00eds contra &#8220;las fuerzas comunistas que quieren socavar los principios de la civilizaci\u00f3n cristiana sobre los que se fund\u00f3 la naci\u00f3n&#8221;.<\/p>\n<p>El Washington Post informa que el n\u00famero de tests es pr\u00e1cticamente insignificante. Yo agrego que siete millones de kits para realizar esas pruebas fueron abandonados en almacenes del ej\u00e9rcito hasta el punto de ser inservibles. El art\u00edculo del prestigioso diario norteamericano define al presidente Bolsonaro como &#8220;el incendiario de extrema derecha&#8221; y va m\u00e1s all\u00e1 afrimando que bajo su supervisi\u00f3n, Brasil se hundi\u00f3 en el negacionismo, la desorganizaci\u00f3n, la apat\u00eda, el hedonismo y la charlataner\u00eda m\u00e9dica&#8221;. Contin\u00faa acusando al presidente y a sus aliados de promover la desinformaci\u00f3n, minimizando la amenaza del virus y la eficacia de normas preventivas como el uso de mascarillas, y el distanciamiento social.<\/p>\n<p>Hasta la BBC informa de la cat\u00e1strofe brasilera en su p\u00e1gina web, habla de la insuficiencia de camas hospitalarias ante el creciente n\u00famero de enfermos, acusa a Bolsonaro de oponerse sistem\u00e1ticamente a las medidas de cuarentena propuestas por gobernadores y alcaldes, dando prioridad a la continuidad de las actividades econ\u00f3micas \u201ccuya interrupci\u00f3n causar\u00eda da\u00f1os mucho peores que los provocados por el propio virus\u201d.<\/p>\n<p>The Guardian, el famoso diario conservador brit\u00e1nico, se pregunta qu\u00e9 ha pasado con Z\u00e9 Gotinha, la simp\u00e1tica mascota s\u00edmbolo de toda la campa\u00f1a de vacunaci\u00f3n. The Guardian cuenta el intento del gobierno de transformar a nuestro querido Z\u00e9 Gotinha en un guerrero, un miliciano armado con una ametralladora disfrazada de jeringa.<\/p>\n<p>El ministro de Sanidad fue reemplazado. El cambio se hizo en base a la continuidad. Las palabras del ministro Pazuello respecto a su colega sucesor no dejan lugar a dudas: &#8220;reza el mismo libreto&#8221;.<\/p>\n<p>Bolsonaro genocida.<\/p>\n<p><a href=\"https:\/\/www.washingtonpost.com\/world\/2021\/03\/17\/brazil-coronavirus-disaster-bolsonaro\/\">https:\/\/www.washingtonpost.com\/world\/2021\/03\/17\/brazil-coronavirus-disaster-bolsonaro\/<\/a><\/p>\n<p><a href=\"https:\/\/www.bbc.com\/news\/world-latin-america-56424611\">https:\/\/www.bbc.com\/news\/world-latin-america-56424611\u00a0<\/a><\/p>\n<p><a href=\"https:\/\/www.theguardian.com\/world\/2021\/mar\/15\/ze-gotinha-brazil-cartoon-promotes-vaccines-missing\">https:\/\/www.theguardian.com\/world\/2021\/mar\/15\/ze-gotinha-brazil-cartoon-promotes-vaccines-missing<\/a><\/p>\n<div style=\"position: relative; overflow: hidden; width: 100%; padding-top: 56.25%;\"><iframe src=\"https:\/\/www.universal-video.com\/pressenza.php?url=954978430-0h03m22s\" style=\"position: absolute; top: 0; left: 0; bottom: 0; right: 0; width: 100%; height: 100%;\" allowfullscreen=\"allowfullscreen\"><\/iframe><\/div>\n","protected":false},"excerpt":{"rendered":"<p>Si el hermano del ministro de salud fuera acusado de violaci\u00f3n. Si el proceso estuviera empantanado en la papeler\u00eda burocr\u00e1tica durante d\u00e9cadas. Si las v\u00edctimas menores de edad lo hubieran reconocido. Si cuando fueron a detenerlo hubiera disparado contra la&hellip;<\/p>\n","protected":false},"author":1567,"featured_media":1152417,"comment_status":"closed","ping_status":"closed","sticky":false,"template":"","format":"standard","meta":{"footnotes":""},"categories":[11389,74,67],"tags":[88655,51308,2749,773,78757,72253,22219],"class_list":["post-1322032","post","type-post","status-publish","format-standard","has-post-thumbnail","hentry","category-contenido-original","category-politica-es","category-sudamerica","tag-bolsonarogenocida-es","tag-bolsonaro-es","tag-brasil-es","tag-corrupcion","tag-covid-19-ca-es","tag-pandemia-es","tag-salud"],"yoast_head":"<!-- This site is optimized with the Yoast SEO plugin v27.1.1 - https:\/\/yoast.com\/product\/yoast-seo-wordpress\/ -->\n<title>Bolsonaro genocida<\/title>\n<meta name=\"description\" content=\"Si el hermano del ministro de salud fuera acusado de violaci\u00f3n. Si el proceso estuviera empantanado en la papeler\u00eda burocr\u00e1tica durante d\u00e9cadas. Si las\" \/>\n<meta name=\"robots\" content=\"index, follow, max-snippet:-1, max-image-preview:large, max-video-preview:-1\" \/>\n<link rel=\"canonical\" href=\"https:\/\/www.pressenza.com\/es\/2021\/03\/bolsonaro-genocida\/\" \/>\n<meta property=\"og:locale\" content=\"es_ES\" \/>\n<meta property=\"og:type\" content=\"article\" \/>\n<meta property=\"og:title\" content=\"Bolsonaro genocida\" \/>\n<meta property=\"og:description\" content=\"Si el hermano del ministro de salud fuera acusado de violaci\u00f3n. Si el proceso estuviera empantanado en la papeler\u00eda burocr\u00e1tica durante d\u00e9cadas. Si las\" \/>\n<meta property=\"og:url\" content=\"https:\/\/www.pressenza.com\/es\/2021\/03\/bolsonaro-genocida\/\" \/>\n<meta property=\"og:site_name\" content=\"Pressenza\" \/>\n<meta property=\"article:publisher\" content=\"https:\/\/www.facebook.com\/PressenzaItalia\" \/>\n<meta property=\"article:published_time\" content=\"2021-03-18T22:41:55+00:00\" \/>\n<meta property=\"article:modified_time\" content=\"2021-03-19T13:51:34+00:00\" \/>\n<meta property=\"og:image\" content=\"https:\/\/www.pressenza.com\/wp-content\/uploads\/2020\/07\/brasile-fosse-comuni.jpg\" \/>\n\t<meta property=\"og:image:width\" content=\"984\" \/>\n\t<meta property=\"og:image:height\" content=\"656\" \/>\n\t<meta property=\"og:image:type\" content=\"image\/jpeg\" \/>\n<meta name=\"author\" content=\"Paolo D&#039;Aprile\" \/>\n<meta name=\"twitter:card\" content=\"summary_large_image\" \/>\n<meta name=\"twitter:creator\" content=\"@PressenzaIPA\" \/>\n<meta name=\"twitter:site\" content=\"@PressenzaIPA\" \/>\n<meta name=\"twitter:label1\" content=\"Escrito por\" \/>\n\t<meta name=\"twitter:data1\" content=\"Paolo D&#039;Aprile\" \/>\n\t<meta name=\"twitter:label2\" content=\"Tiempo de lectura\" \/>\n\t<meta name=\"twitter:data2\" content=\"6 minutos\" \/>\n<script type=\"application\/ld+json\" class=\"yoast-schema-graph\">{\"@context\":\"https:\/\/schema.org\",\"@graph\":[{\"@type\":\"Article\",\"@id\":\"https:\/\/www.pressenza.com\/es\/2021\/03\/bolsonaro-genocida\/#article\",\"isPartOf\":{\"@id\":\"https:\/\/www.pressenza.com\/es\/2021\/03\/bolsonaro-genocida\/\"},\"author\":{\"name\":\"Paolo D'Aprile\",\"@id\":\"https:\/\/www.pressenza.com\/es\/#\/schema\/person\/b7683f6cc5b4992d9641abb1dd2b2c7a\"},\"headline\":\"Bolsonaro genocida\",\"datePublished\":\"2021-03-18T22:41:55+00:00\",\"dateModified\":\"2021-03-19T13:51:34+00:00\",\"mainEntityOfPage\":{\"@id\":\"https:\/\/www.pressenza.com\/es\/2021\/03\/bolsonaro-genocida\/\"},\"wordCount\":1103,\"publisher\":{\"@id\":\"https:\/\/www.pressenza.com\/es\/#organization\"},\"image\":{\"@id\":\"https:\/\/www.pressenza.com\/es\/2021\/03\/bolsonaro-genocida\/#primaryimage\"},\"thumbnailUrl\":\"https:\/\/www.pressenza.com\/wp-content\/uploads\/2020\/07\/brasile-fosse-comuni.jpg\",\"keywords\":[\"#BolsonaroGenocida\",\"Bolsonaro\",\"Brasil\",\"corrupci\u00f3n\",\"COVID-19\",\"pandemia\",\"Salud\"],\"articleSection\":[\"Contenido Original\",\"Pol\u00edtica\",\"Sudam\u00e9rica\"],\"inLanguage\":\"es\"},{\"@type\":\"WebPage\",\"@id\":\"https:\/\/www.pressenza.com\/es\/2021\/03\/bolsonaro-genocida\/\",\"url\":\"https:\/\/www.pressenza.com\/es\/2021\/03\/bolsonaro-genocida\/\",\"name\":\"Bolsonaro genocida\",\"isPartOf\":{\"@id\":\"https:\/\/www.pressenza.com\/es\/#website\"},\"primaryImageOfPage\":{\"@id\":\"https:\/\/www.pressenza.com\/es\/2021\/03\/bolsonaro-genocida\/#primaryimage\"},\"image\":{\"@id\":\"https:\/\/www.pressenza.com\/es\/2021\/03\/bolsonaro-genocida\/#primaryimage\"},\"thumbnailUrl\":\"https:\/\/www.pressenza.com\/wp-content\/uploads\/2020\/07\/brasile-fosse-comuni.jpg\",\"datePublished\":\"2021-03-18T22:41:55+00:00\",\"dateModified\":\"2021-03-19T13:51:34+00:00\",\"description\":\"Si el hermano del ministro de salud fuera acusado de violaci\u00f3n. Si el proceso estuviera empantanado en la papeler\u00eda burocr\u00e1tica durante d\u00e9cadas. Si las\",\"breadcrumb\":{\"@id\":\"https:\/\/www.pressenza.com\/es\/2021\/03\/bolsonaro-genocida\/#breadcrumb\"},\"inLanguage\":\"es\",\"potentialAction\":[{\"@type\":\"ReadAction\",\"target\":[\"https:\/\/www.pressenza.com\/es\/2021\/03\/bolsonaro-genocida\/\"]}]},{\"@type\":\"ImageObject\",\"inLanguage\":\"es\",\"@id\":\"https:\/\/www.pressenza.com\/es\/2021\/03\/bolsonaro-genocida\/#primaryimage\",\"url\":\"https:\/\/www.pressenza.com\/wp-content\/uploads\/2020\/07\/brasile-fosse-comuni.jpg\",\"contentUrl\":\"https:\/\/www.pressenza.com\/wp-content\/uploads\/2020\/07\/brasile-fosse-comuni.jpg\",\"width\":984,\"height\":656},{\"@type\":\"BreadcrumbList\",\"@id\":\"https:\/\/www.pressenza.com\/es\/2021\/03\/bolsonaro-genocida\/#breadcrumb\",\"itemListElement\":[{\"@type\":\"ListItem\",\"position\":1,\"name\":\"Accueil\",\"item\":\"https:\/\/www.pressenza.com\/es\/\"},{\"@type\":\"ListItem\",\"position\":2,\"name\":\"Bolsonaro genocida\"}]},{\"@type\":\"WebSite\",\"@id\":\"https:\/\/www.pressenza.com\/es\/#website\",\"url\":\"https:\/\/www.pressenza.com\/es\/\",\"name\":\"Pressenza\",\"description\":\"International Press Agency\",\"publisher\":{\"@id\":\"https:\/\/www.pressenza.com\/es\/#organization\"},\"potentialAction\":[{\"@type\":\"SearchAction\",\"target\":{\"@type\":\"EntryPoint\",\"urlTemplate\":\"https:\/\/www.pressenza.com\/es\/?s={search_term_string}\"},\"query-input\":{\"@type\":\"PropertyValueSpecification\",\"valueRequired\":true,\"valueName\":\"search_term_string\"}}],\"inLanguage\":\"es\"},{\"@type\":\"Organization\",\"@id\":\"https:\/\/www.pressenza.com\/es\/#organization\",\"name\":\"Pressenza\",\"url\":\"https:\/\/www.pressenza.com\/es\/\",\"logo\":{\"@type\":\"ImageObject\",\"inLanguage\":\"es\",\"@id\":\"https:\/\/www.pressenza.com\/es\/#\/schema\/logo\/image\/\",\"url\":\"https:\/\/www.pressenza.com\/wp-content\/uploads\/2022\/10\/pressenza_logo_200x200.jpg\",\"contentUrl\":\"https:\/\/www.pressenza.com\/wp-content\/uploads\/2022\/10\/pressenza_logo_200x200.jpg\",\"width\":200,\"height\":200,\"caption\":\"Pressenza\"},\"image\":{\"@id\":\"https:\/\/www.pressenza.com\/es\/#\/schema\/logo\/image\/\"},\"sameAs\":[\"https:\/\/www.facebook.com\/PressenzaItalia\",\"https:\/\/x.com\/PressenzaIPA\"]},{\"@type\":\"Person\",\"@id\":\"https:\/\/www.pressenza.com\/es\/#\/schema\/person\/b7683f6cc5b4992d9641abb1dd2b2c7a\",\"name\":\"Paolo D'Aprile\",\"description\":\"Nasco nel 1963... sono un uomo di mezza et\u00e0! Vivo a S\u00e3o Paulo dal 1989 e il mio lavoro di fisioterapista mi ha portato in contatto con le situazioni estreme della citt\u00e0, dalle favelas ai \\\"meninos de rua\\\". Ho partecipato a vari progetti di inclusione attraverso l'esercizio dei diritti civili. Da grande voglio fare il calciatore, l'astronauta e il pompiere.\",\"url\":\"https:\/\/www.pressenza.com\/es\/author\/paolo-daprile\/\"}]}<\/script>\n<!-- \/ Yoast SEO plugin. -->","yoast_head_json":{"title":"Bolsonaro genocida","description":"Si el hermano del ministro de salud fuera acusado de violaci\u00f3n. Si el proceso estuviera empantanado en la papeler\u00eda burocr\u00e1tica durante d\u00e9cadas. Si las","robots":{"index":"index","follow":"follow","max-snippet":"max-snippet:-1","max-image-preview":"max-image-preview:large","max-video-preview":"max-video-preview:-1"},"canonical":"https:\/\/www.pressenza.com\/es\/2021\/03\/bolsonaro-genocida\/","og_locale":"es_ES","og_type":"article","og_title":"Bolsonaro genocida","og_description":"Si el hermano del ministro de salud fuera acusado de violaci\u00f3n. Si el proceso estuviera empantanado en la papeler\u00eda burocr\u00e1tica durante d\u00e9cadas. Si las","og_url":"https:\/\/www.pressenza.com\/es\/2021\/03\/bolsonaro-genocida\/","og_site_name":"Pressenza","article_publisher":"https:\/\/www.facebook.com\/PressenzaItalia","article_published_time":"2021-03-18T22:41:55+00:00","article_modified_time":"2021-03-19T13:51:34+00:00","og_image":[{"width":984,"height":656,"url":"https:\/\/www.pressenza.com\/wp-content\/uploads\/2020\/07\/brasile-fosse-comuni.jpg","type":"image\/jpeg"}],"author":"Paolo D'Aprile","twitter_card":"summary_large_image","twitter_creator":"@PressenzaIPA","twitter_site":"@PressenzaIPA","twitter_misc":{"Escrito por":"Paolo D'Aprile","Tiempo de lectura":"6 minutos"},"schema":{"@context":"https:\/\/schema.org","@graph":[{"@type":"Article","@id":"https:\/\/www.pressenza.com\/es\/2021\/03\/bolsonaro-genocida\/#article","isPartOf":{"@id":"https:\/\/www.pressenza.com\/es\/2021\/03\/bolsonaro-genocida\/"},"author":{"name":"Paolo D'Aprile","@id":"https:\/\/www.pressenza.com\/es\/#\/schema\/person\/b7683f6cc5b4992d9641abb1dd2b2c7a"},"headline":"Bolsonaro genocida","datePublished":"2021-03-18T22:41:55+00:00","dateModified":"2021-03-19T13:51:34+00:00","mainEntityOfPage":{"@id":"https:\/\/www.pressenza.com\/es\/2021\/03\/bolsonaro-genocida\/"},"wordCount":1103,"publisher":{"@id":"https:\/\/www.pressenza.com\/es\/#organization"},"image":{"@id":"https:\/\/www.pressenza.com\/es\/2021\/03\/bolsonaro-genocida\/#primaryimage"},"thumbnailUrl":"https:\/\/www.pressenza.com\/wp-content\/uploads\/2020\/07\/brasile-fosse-comuni.jpg","keywords":["#BolsonaroGenocida","Bolsonaro","Brasil","corrupci\u00f3n","COVID-19","pandemia","Salud"],"articleSection":["Contenido Original","Pol\u00edtica","Sudam\u00e9rica"],"inLanguage":"es"},{"@type":"WebPage","@id":"https:\/\/www.pressenza.com\/es\/2021\/03\/bolsonaro-genocida\/","url":"https:\/\/www.pressenza.com\/es\/2021\/03\/bolsonaro-genocida\/","name":"Bolsonaro genocida","isPartOf":{"@id":"https:\/\/www.pressenza.com\/es\/#website"},"primaryImageOfPage":{"@id":"https:\/\/www.pressenza.com\/es\/2021\/03\/bolsonaro-genocida\/#primaryimage"},"image":{"@id":"https:\/\/www.pressenza.com\/es\/2021\/03\/bolsonaro-genocida\/#primaryimage"},"thumbnailUrl":"https:\/\/www.pressenza.com\/wp-content\/uploads\/2020\/07\/brasile-fosse-comuni.jpg","datePublished":"2021-03-18T22:41:55+00:00","dateModified":"2021-03-19T13:51:34+00:00","description":"Si el hermano del ministro de salud fuera acusado de violaci\u00f3n. Si el proceso estuviera empantanado en la papeler\u00eda burocr\u00e1tica durante d\u00e9cadas. Si las","breadcrumb":{"@id":"https:\/\/www.pressenza.com\/es\/2021\/03\/bolsonaro-genocida\/#breadcrumb"},"inLanguage":"es","potentialAction":[{"@type":"ReadAction","target":["https:\/\/www.pressenza.com\/es\/2021\/03\/bolsonaro-genocida\/"]}]},{"@type":"ImageObject","inLanguage":"es","@id":"https:\/\/www.pressenza.com\/es\/2021\/03\/bolsonaro-genocida\/#primaryimage","url":"https:\/\/www.pressenza.com\/wp-content\/uploads\/2020\/07\/brasile-fosse-comuni.jpg","contentUrl":"https:\/\/www.pressenza.com\/wp-content\/uploads\/2020\/07\/brasile-fosse-comuni.jpg","width":984,"height":656},{"@type":"BreadcrumbList","@id":"https:\/\/www.pressenza.com\/es\/2021\/03\/bolsonaro-genocida\/#breadcrumb","itemListElement":[{"@type":"ListItem","position":1,"name":"Accueil","item":"https:\/\/www.pressenza.com\/es\/"},{"@type":"ListItem","position":2,"name":"Bolsonaro genocida"}]},{"@type":"WebSite","@id":"https:\/\/www.pressenza.com\/es\/#website","url":"https:\/\/www.pressenza.com\/es\/","name":"Pressenza","description":"International Press Agency","publisher":{"@id":"https:\/\/www.pressenza.com\/es\/#organization"},"potentialAction":[{"@type":"SearchAction","target":{"@type":"EntryPoint","urlTemplate":"https:\/\/www.pressenza.com\/es\/?s={search_term_string}"},"query-input":{"@type":"PropertyValueSpecification","valueRequired":true,"valueName":"search_term_string"}}],"inLanguage":"es"},{"@type":"Organization","@id":"https:\/\/www.pressenza.com\/es\/#organization","name":"Pressenza","url":"https:\/\/www.pressenza.com\/es\/","logo":{"@type":"ImageObject","inLanguage":"es","@id":"https:\/\/www.pressenza.com\/es\/#\/schema\/logo\/image\/","url":"https:\/\/www.pressenza.com\/wp-content\/uploads\/2022\/10\/pressenza_logo_200x200.jpg","contentUrl":"https:\/\/www.pressenza.com\/wp-content\/uploads\/2022\/10\/pressenza_logo_200x200.jpg","width":200,"height":200,"caption":"Pressenza"},"image":{"@id":"https:\/\/www.pressenza.com\/es\/#\/schema\/logo\/image\/"},"sameAs":["https:\/\/www.facebook.com\/PressenzaItalia","https:\/\/x.com\/PressenzaIPA"]},{"@type":"Person","@id":"https:\/\/www.pressenza.com\/es\/#\/schema\/person\/b7683f6cc5b4992d9641abb1dd2b2c7a","name":"Paolo D'Aprile","description":"Nasco nel 1963... sono un uomo di mezza et\u00e0! Vivo a S\u00e3o Paulo dal 1989 e il mio lavoro di fisioterapista mi ha portato in contatto con le situazioni estreme della citt\u00e0, dalle favelas ai \"meninos de rua\". Ho partecipato a vari progetti di inclusione attraverso l'esercizio dei diritti civili. Da grande voglio fare il calciatore, l'astronauta e il pompiere.","url":"https:\/\/www.pressenza.com\/es\/author\/paolo-daprile\/"}]}},"place":"S\u00e3o Paulo, Brasil","original_article_url":"","_links":{"self":[{"href":"https:\/\/www.pressenza.com\/es\/wp-json\/wp\/v2\/posts\/1322032","targetHints":{"allow":["GET"]}}],"collection":[{"href":"https:\/\/www.pressenza.com\/es\/wp-json\/wp\/v2\/posts"}],"about":[{"href":"https:\/\/www.pressenza.com\/es\/wp-json\/wp\/v2\/types\/post"}],"author":[{"embeddable":true,"href":"https:\/\/www.pressenza.com\/es\/wp-json\/wp\/v2\/users\/1567"}],"replies":[{"embeddable":true,"href":"https:\/\/www.pressenza.com\/es\/wp-json\/wp\/v2\/comments?post=1322032"}],"version-history":[{"count":0,"href":"https:\/\/www.pressenza.com\/es\/wp-json\/wp\/v2\/posts\/1322032\/revisions"}],"wp:featuredmedia":[{"embeddable":true,"href":"https:\/\/www.pressenza.com\/es\/wp-json\/wp\/v2\/media\/1152417"}],"wp:attachment":[{"href":"https:\/\/www.pressenza.com\/es\/wp-json\/wp\/v2\/media?parent=1322032"}],"wp:term":[{"taxonomy":"category","embeddable":true,"href":"https:\/\/www.pressenza.com\/es\/wp-json\/wp\/v2\/categories?post=1322032"},{"taxonomy":"post_tag","embeddable":true,"href":"https:\/\/www.pressenza.com\/es\/wp-json\/wp\/v2\/tags?post=1322032"}],"curies":[{"name":"wp","href":"https:\/\/api.w.org\/{rel}","templated":true}]}}