{"id":1321973,"date":"2021-03-18T20:16:20","date_gmt":"2021-03-18T20:16:20","guid":{"rendered":"https:\/\/www.pressenza.com\/?p=1321973"},"modified":"2021-03-20T08:59:10","modified_gmt":"2021-03-20T08:59:10","slug":"que-implica-6-402","status":"publish","type":"post","link":"https:\/\/www.pressenza.com\/es\/2021\/03\/que-implica-6-402\/","title":{"rendered":"\u00bfQu\u00e9 implica 6.402?"},"content":{"rendered":"<p>El pasado 21 de febrero la Sala de Reconocimiento de Verdad, Responsabilidad y de Determinaci\u00f3n de hechos de la Jurisdicci\u00f3n Especial para la paz (JEP) en su auto 033 revel\u00f3 que entre 2002 y 2008 hubo 6.402 civiles a los que las fuerzas militares asesinaron y fueron presentados como bajas en combate. Este fen\u00f3meno Macro criminal lleva el nombre de Ejecuciones extrajudiciales o mal llamados \u201cfalsos positivos\u201d.<\/p>\n<p>Los civiles a los que el Ej\u00e9rcito Colombiano, desapareci\u00f3 y asesin\u00f3 eran enga\u00f1ados con promesas de trabajo, llevados hasta diferentes partes del interior colombiano, asesinados y posteriormente presentados como bajas en combate para de esta manera responder a la pol\u00edtica de seguridad democr\u00e1tica, directriz del Gobierno de \u00c1lvaro Uribe V\u00e9lez.<\/p>\n<p>Esta cifra es mucho m\u00e1s alta que cualquiera presentada anteriormente que haya hecho referencia al fen\u00f3meno, incluso es tres veces mayor a la presentada por la Fiscal\u00eda General de la Naci\u00f3n, la cual responde a un registro de 2.248 casos ocurridos entre 1988 y 2014.<\/p>\n<p>\u201cAunque para las organizaciones de DDHH que vienen trabajando con este tema hace a\u00f1os, esta cifra revelada por la JEP no es novedosa, es importante que se empiecen a conocer las dimensiones de lo sucedido entre el 2002 y 2008, los a\u00f1os mas intensos de la seguridad democr\u00e1tica\u201d Se\u00f1al\u00f3 Sebasti\u00e1n Escobar, representante de v\u00edctimas ante la JEP y miembro fundador del Colectivo de Abogados Jos\u00e9 Alvear Restrepo (CAJAR) quien nos explic\u00f3 lo que implica el auto de la JEP en t\u00e9rminos judiciales y sus apreciaciones sobre el mismo.<\/p>\n<p>La primera consecuencia a la que hace referencia el abogado responde a la exposici\u00f3n de las dimensiones de un fen\u00f3meno masivo y macro criminal que tuvo una magnitud bastante alta focalizada en el tiempo \u201cporque si bien este es un fen\u00f3meno que se viene presentando hace bastante tiempo, es a partir de un momento muy concreto que se vuelve macro criminal, ese momento es a partir de la pol\u00edtica de seguridad democr\u00e1tica\u201d, explic\u00f3 Sebasti\u00e1n Escobar. En ese sentido hay algunos puntos que se pueden tener en cuenta en t\u00e9rminos de la pol\u00edtica. En principio la puesta en marcha de incentivos y las presiones a altos mandos para producir la mayor cantidad de bajas, lo que puede ir exponiendo en el tiempo que hubo una pol\u00edtica de incentivo para que este fen\u00f3meno llegara a tal magnitud, seg\u00fan nos explic\u00f3 el abogado.<\/p>\n<p>Otra de las consecuencias que nos explica Sebasti\u00e1n Escobar tiene que ver con el papel que jug\u00f3 la Fiscal\u00eda General de la Naci\u00f3n detr\u00e1s de estos hechos en la disparidad de casos en comparaci\u00f3n con el auto de la JEP. En esa l\u00ednea se denota que la Fiscal\u00eda no investig\u00f3 con la debida diligencia.<\/p>\n<p>La tercera apreciaci\u00f3n por parte del abogado, \u00a0es el papel de la Jurisdicci\u00f3n Penal Militar, ya que muchos de estos hechos no se conoc\u00edan, lo cual responde a que hubo una estrategia inherente a este fen\u00f3meno criminal que tiene que ver con el encubrimiento que pasaba desde el hecho de presentarlos como bajas en combate y que implicaba toda una narrativa para exponerla ante los medios de comunicaci\u00f3n y ante la Jurisdicci\u00f3n penal militar, que terminaba asumiendo la investigaci\u00f3n a pesar de no tener competencia y lo que hac\u00eda era archivar r\u00e1pidamente esas investigaciones para que no fueran conocidas y poder encubrir la magnitud de ese hecho criminal. Cabe resaltar que al d\u00eda de hoy la Jurisdicci\u00f3n Penal Militar todav\u00eda no rindi\u00f3 informe de los casos ante la JEP.<\/p>\n<p>La cuarta anotaci\u00f3n no menos importante que se puede hacer frente a lo que implica este informe, pasa por el lugar del impacto social y la opini\u00f3n p\u00fablica, ya que se empieza a poner en evidencia la criminalidad de la fuerza publica en la violencia y en el conflicto armado\u00a0 colombiano, y desarma la visi\u00f3n rom\u00e1ntica de los colombianos frente a la fuerza p\u00fablica presentados como \u201cH\u00e9roes\u201d y que por lo contrario est\u00e1n vinculados con hechos criminales muy fuertes que es necesario que se esclarezcan.<\/p>\n<p>El trabajo de la JEP frente al auto, es un proceso que esta en marcha, es decir que la cifra puede aumentar o disminuir. La JEP utilizo tres fuentes: la Fiscal\u00eda, el Centro de Memoria Hist\u00f3rica y la Coordinaci\u00f3n Colombia Europa Estados Unidos y de esta manera contrast\u00f3 la informaci\u00f3n en el auto que se refiere a ejecuciones extrajudiciales.<\/p>\n<p>En su trabajo la JEP tiene como objetivo exponer hechos y conductas, los responsables y la l\u00f3gica de los asesinatos, lo cual desarrolla la magnitud del problema y el modus operandi de la instituci\u00f3n, adem\u00e1s de las responsabilidades de la fuerza p\u00fablica en el marco de una pol\u00edtica fascista. En ese sentido ha generado por parte de los simpatizantes de \u00c1lvaro Uribe toda una campa\u00f1a de desprestigio \u00a0y hostigamiento a las organizaciones que trabajan e investigan sobre el tema. Lo cierto es que con el avance de las investigaciones se van a ir decantando cada vez m\u00e1s las pr\u00e1cticas y qui\u00e9nes dieron las \u00f3rdenes para que durante 7 a\u00f1os fueran enga\u00f1adas, desaparecidas y asesinadas 914 personas por a\u00f1o, para responder a una pol\u00edtica de guerra abanderada por Uribe.<\/p>\n<p>Si bien el reto de la JEP es grande porque se va a generar de manera progresiva, el aporte que hace en la construcci\u00f3n de verdad y la memoria hist\u00f3rica ser\u00e1 fundamental para identificar qui\u00e9n dio la orden, cu\u00e1les son los m\u00e1ximos responsables y cu\u00e1les las practicas y patrones en los hechos. \u201cEl impacto que ha tenido en t\u00e9rminos de opini\u00f3n p\u00fablica el mural \u201cquien dio la orden\u201d de la campa\u00f1a de la verdad, es un ejemplo. El mural ha sido replicado y ha generado discusi\u00f3n, hecho que hace 5 a\u00f1os atr\u00e1s era imposible pensarse, por la idealizaci\u00f3n frente a la fuerza p\u00fablica\u201d, concluye Sebasti\u00e1n Escobar.<\/p>\n<p>Por su parte la organizaci\u00f3n de las Madres de los falsos positivos (MAFAPO) ha manifestado que son m\u00e1s los casos ocurridos durante el Gobierno de \u00c1lvaro Uribe V\u00e9lez, los cuales se van a ir exponiendo a medida que las investigaciones avancen, mientras tanto estas madres de Soacha y de Colombia que en el 2008 destaparon la olla podrida de la corrupci\u00f3n al interior del Gobierno y el Ej\u00e9rcito colombiano, siguen cultivando la lucha que ha permitido que se conozca la corrupci\u00f3n al interior de la instituci\u00f3n. Estas mujeres que le abrieron los ojos a todos los colombianos, siguen luchando por la verdad y por la no repetici\u00f3n a pesar de las amenazas y los constantes hostigamientos. Su b\u00fasqueda constante de que los familiares de las victimas sigan denunciando los casos, contin\u00faa. Ellas no se rinden.<\/p>\n<div style=\"position: relative; overflow: hidden; width: 100%; padding-top: 56.25%;\"><iframe src=\"https:\/\/www.universal-video.com\/pressenza.php?url=956077280-0h12m20s\" style=\"position: absolute; top: 0; left: 0; bottom: 0; right: 0; width: 100%; height: 100%;\" allowfullscreen=\"allowfullscreen\"><\/iframe><\/div>\n","protected":false},"excerpt":{"rendered":"<p>El pasado 21 de febrero la Sala de Reconocimiento de Verdad, Responsabilidad y de Determinaci\u00f3n de hechos de la Jurisdicci\u00f3n Especial para la paz (JEP) en su auto 033 revel\u00f3 que entre 2002 y 2008 hubo 6.402 civiles a los&hellip;<\/p>\n","protected":false},"author":1994,"featured_media":1321987,"comment_status":"closed","ping_status":"closed","sticky":false,"template":"","format":"standard","meta":{"footnotes":""},"categories":[11389,79,161,67],"tags":[87706,30,6903,29799,58301,24791],"class_list":["post-1321973","post","type-post","status-publish","format-standard","has-post-thumbnail","hentry","category-contenido-original","category-derechos-humanos","category-opiniones","category-sudamerica","tag-87706","tag-colombia","tag-desaparecidos-es","tag-falsos-positivos","tag-jep","tag-uribe"],"yoast_head":"<!-- This site is optimized with the Yoast SEO plugin v27.1.1 - https:\/\/yoast.com\/product\/yoast-seo-wordpress\/ -->\n<title>\u00bfQu\u00e9 implica 6.402?<\/title>\n<meta name=\"description\" content=\"El pasado 21 de febrero la Sala de Reconocimiento de Verdad, Responsabilidad y de Determinaci\u00f3n de hechos de la Jurisdicci\u00f3n Especial para la paz (JEP) en\" \/>\n<meta name=\"robots\" content=\"index, follow, max-snippet:-1, max-image-preview:large, max-video-preview:-1\" \/>\n<link rel=\"canonical\" href=\"https:\/\/www.pressenza.com\/es\/2021\/03\/que-implica-6-402\/\" \/>\n<meta property=\"og:locale\" content=\"es_ES\" \/>\n<meta property=\"og:type\" content=\"article\" \/>\n<meta property=\"og:title\" content=\"\u00bfQu\u00e9 implica 6.402?\" \/>\n<meta property=\"og:description\" content=\"El pasado 21 de febrero la Sala de Reconocimiento de Verdad, Responsabilidad y de Determinaci\u00f3n de hechos de la Jurisdicci\u00f3n Especial para la paz (JEP) en\" \/>\n<meta property=\"og:url\" content=\"https:\/\/www.pressenza.com\/es\/2021\/03\/que-implica-6-402\/\" \/>\n<meta property=\"og:site_name\" content=\"Pressenza\" \/>\n<meta property=\"article:publisher\" content=\"https:\/\/www.facebook.com\/PressenzaItalia\" \/>\n<meta property=\"article:published_time\" content=\"2021-03-18T20:16:20+00:00\" \/>\n<meta property=\"article:modified_time\" content=\"2021-03-20T08:59:10+00:00\" \/>\n<meta property=\"og:image\" content=\"https:\/\/www.pressenza.com\/wp-content\/uploads\/2021\/03\/portada-3.jpg\" \/>\n\t<meta property=\"og:image:width\" content=\"720\" \/>\n\t<meta property=\"og:image:height\" content=\"450\" \/>\n\t<meta property=\"og:image:type\" content=\"image\/jpeg\" \/>\n<meta name=\"author\" content=\"Ximena Hern\u00e1ndez\" \/>\n<meta name=\"twitter:card\" content=\"summary_large_image\" \/>\n<meta name=\"twitter:creator\" content=\"@PressenzaIPA\" \/>\n<meta name=\"twitter:site\" content=\"@PressenzaIPA\" \/>\n<meta name=\"twitter:label1\" content=\"Escrito por\" \/>\n\t<meta name=\"twitter:data1\" content=\"Ximena Hern\u00e1ndez\" \/>\n\t<meta name=\"twitter:label2\" content=\"Tiempo de lectura\" \/>\n\t<meta name=\"twitter:data2\" content=\"6 minutos\" \/>\n<script type=\"application\/ld+json\" class=\"yoast-schema-graph\">{\"@context\":\"https:\/\/schema.org\",\"@graph\":[{\"@type\":\"Article\",\"@id\":\"https:\/\/www.pressenza.com\/es\/2021\/03\/que-implica-6-402\/#article\",\"isPartOf\":{\"@id\":\"https:\/\/www.pressenza.com\/es\/2021\/03\/que-implica-6-402\/\"},\"author\":{\"name\":\"Ximena Hern\u00e1ndez\",\"@id\":\"https:\/\/www.pressenza.com\/es\/#\/schema\/person\/cc0d34b891421c1ea2f2a3cc6cba22b7\"},\"headline\":\"\u00bfQu\u00e9 implica 6.402?\",\"datePublished\":\"2021-03-18T20:16:20+00:00\",\"dateModified\":\"2021-03-20T08:59:10+00:00\",\"mainEntityOfPage\":{\"@id\":\"https:\/\/www.pressenza.com\/es\/2021\/03\/que-implica-6-402\/\"},\"wordCount\":1174,\"publisher\":{\"@id\":\"https:\/\/www.pressenza.com\/es\/#organization\"},\"image\":{\"@id\":\"https:\/\/www.pressenza.com\/es\/2021\/03\/que-implica-6-402\/#primaryimage\"},\"thumbnailUrl\":\"https:\/\/www.pressenza.com\/wp-content\/uploads\/2021\/03\/portada-3.jpg\",\"keywords\":[\"6402\",\"Colombia\",\"desaparecidos\",\"falsos positivos\",\"JEP\",\"Uribe\"],\"articleSection\":[\"Contenido Original\",\"Derechos Humanos\",\"Opiniones\",\"Sudam\u00e9rica\"],\"inLanguage\":\"es\"},{\"@type\":\"WebPage\",\"@id\":\"https:\/\/www.pressenza.com\/es\/2021\/03\/que-implica-6-402\/\",\"url\":\"https:\/\/www.pressenza.com\/es\/2021\/03\/que-implica-6-402\/\",\"name\":\"\u00bfQu\u00e9 implica 6.402?\",\"isPartOf\":{\"@id\":\"https:\/\/www.pressenza.com\/es\/#website\"},\"primaryImageOfPage\":{\"@id\":\"https:\/\/www.pressenza.com\/es\/2021\/03\/que-implica-6-402\/#primaryimage\"},\"image\":{\"@id\":\"https:\/\/www.pressenza.com\/es\/2021\/03\/que-implica-6-402\/#primaryimage\"},\"thumbnailUrl\":\"https:\/\/www.pressenza.com\/wp-content\/uploads\/2021\/03\/portada-3.jpg\",\"datePublished\":\"2021-03-18T20:16:20+00:00\",\"dateModified\":\"2021-03-20T08:59:10+00:00\",\"description\":\"El pasado 21 de febrero la Sala de Reconocimiento de Verdad, Responsabilidad y de Determinaci\u00f3n de hechos de la Jurisdicci\u00f3n Especial para la paz (JEP) en\",\"breadcrumb\":{\"@id\":\"https:\/\/www.pressenza.com\/es\/2021\/03\/que-implica-6-402\/#breadcrumb\"},\"inLanguage\":\"es\",\"potentialAction\":[{\"@type\":\"ReadAction\",\"target\":[\"https:\/\/www.pressenza.com\/es\/2021\/03\/que-implica-6-402\/\"]}]},{\"@type\":\"ImageObject\",\"inLanguage\":\"es\",\"@id\":\"https:\/\/www.pressenza.com\/es\/2021\/03\/que-implica-6-402\/#primaryimage\",\"url\":\"https:\/\/www.pressenza.com\/wp-content\/uploads\/2021\/03\/portada-3.jpg\",\"contentUrl\":\"https:\/\/www.pressenza.com\/wp-content\/uploads\/2021\/03\/portada-3.jpg\",\"width\":720,\"height\":450},{\"@type\":\"BreadcrumbList\",\"@id\":\"https:\/\/www.pressenza.com\/es\/2021\/03\/que-implica-6-402\/#breadcrumb\",\"itemListElement\":[{\"@type\":\"ListItem\",\"position\":1,\"name\":\"Accueil\",\"item\":\"https:\/\/www.pressenza.com\/es\/\"},{\"@type\":\"ListItem\",\"position\":2,\"name\":\"\u00bfQu\u00e9 implica 6.402?\"}]},{\"@type\":\"WebSite\",\"@id\":\"https:\/\/www.pressenza.com\/es\/#website\",\"url\":\"https:\/\/www.pressenza.com\/es\/\",\"name\":\"Pressenza\",\"description\":\"International Press Agency\",\"publisher\":{\"@id\":\"https:\/\/www.pressenza.com\/es\/#organization\"},\"potentialAction\":[{\"@type\":\"SearchAction\",\"target\":{\"@type\":\"EntryPoint\",\"urlTemplate\":\"https:\/\/www.pressenza.com\/es\/?s={search_term_string}\"},\"query-input\":{\"@type\":\"PropertyValueSpecification\",\"valueRequired\":true,\"valueName\":\"search_term_string\"}}],\"inLanguage\":\"es\"},{\"@type\":\"Organization\",\"@id\":\"https:\/\/www.pressenza.com\/es\/#organization\",\"name\":\"Pressenza\",\"url\":\"https:\/\/www.pressenza.com\/es\/\",\"logo\":{\"@type\":\"ImageObject\",\"inLanguage\":\"es\",\"@id\":\"https:\/\/www.pressenza.com\/es\/#\/schema\/logo\/image\/\",\"url\":\"https:\/\/www.pressenza.com\/wp-content\/uploads\/2022\/10\/pressenza_logo_200x200.jpg\",\"contentUrl\":\"https:\/\/www.pressenza.com\/wp-content\/uploads\/2022\/10\/pressenza_logo_200x200.jpg\",\"width\":200,\"height\":200,\"caption\":\"Pressenza\"},\"image\":{\"@id\":\"https:\/\/www.pressenza.com\/es\/#\/schema\/logo\/image\/\"},\"sameAs\":[\"https:\/\/www.facebook.com\/PressenzaItalia\",\"https:\/\/x.com\/PressenzaIPA\"]},{\"@type\":\"Person\",\"@id\":\"https:\/\/www.pressenza.com\/es\/#\/schema\/person\/cc0d34b891421c1ea2f2a3cc6cba22b7\",\"name\":\"Ximena Hern\u00e1ndez\",\"description\":\"Fot\u00f3grafa, comunicadora social y periodista colombiana, realiz\u00f3 estudios de posgrado en Argentina en Antropolog\u00eda y Derechos Humanos. Su trabajo se ha enfocado en registrar temas relacionados con violaciones a DDHH, especialmente en Argentina, Chile y Colombia.\",\"url\":\"https:\/\/www.pressenza.com\/es\/author\/ximena-hernandez\/\"}]}<\/script>\n<!-- \/ Yoast SEO plugin. -->","yoast_head_json":{"title":"\u00bfQu\u00e9 implica 6.402?","description":"El pasado 21 de febrero la Sala de Reconocimiento de Verdad, Responsabilidad y de Determinaci\u00f3n de hechos de la Jurisdicci\u00f3n Especial para la paz (JEP) en","robots":{"index":"index","follow":"follow","max-snippet":"max-snippet:-1","max-image-preview":"max-image-preview:large","max-video-preview":"max-video-preview:-1"},"canonical":"https:\/\/www.pressenza.com\/es\/2021\/03\/que-implica-6-402\/","og_locale":"es_ES","og_type":"article","og_title":"\u00bfQu\u00e9 implica 6.402?","og_description":"El pasado 21 de febrero la Sala de Reconocimiento de Verdad, Responsabilidad y de Determinaci\u00f3n de hechos de la Jurisdicci\u00f3n Especial para la paz (JEP) en","og_url":"https:\/\/www.pressenza.com\/es\/2021\/03\/que-implica-6-402\/","og_site_name":"Pressenza","article_publisher":"https:\/\/www.facebook.com\/PressenzaItalia","article_published_time":"2021-03-18T20:16:20+00:00","article_modified_time":"2021-03-20T08:59:10+00:00","og_image":[{"width":720,"height":450,"url":"https:\/\/www.pressenza.com\/wp-content\/uploads\/2021\/03\/portada-3.jpg","type":"image\/jpeg"}],"author":"Ximena Hern\u00e1ndez","twitter_card":"summary_large_image","twitter_creator":"@PressenzaIPA","twitter_site":"@PressenzaIPA","twitter_misc":{"Escrito por":"Ximena Hern\u00e1ndez","Tiempo de lectura":"6 minutos"},"schema":{"@context":"https:\/\/schema.org","@graph":[{"@type":"Article","@id":"https:\/\/www.pressenza.com\/es\/2021\/03\/que-implica-6-402\/#article","isPartOf":{"@id":"https:\/\/www.pressenza.com\/es\/2021\/03\/que-implica-6-402\/"},"author":{"name":"Ximena Hern\u00e1ndez","@id":"https:\/\/www.pressenza.com\/es\/#\/schema\/person\/cc0d34b891421c1ea2f2a3cc6cba22b7"},"headline":"\u00bfQu\u00e9 implica 6.402?","datePublished":"2021-03-18T20:16:20+00:00","dateModified":"2021-03-20T08:59:10+00:00","mainEntityOfPage":{"@id":"https:\/\/www.pressenza.com\/es\/2021\/03\/que-implica-6-402\/"},"wordCount":1174,"publisher":{"@id":"https:\/\/www.pressenza.com\/es\/#organization"},"image":{"@id":"https:\/\/www.pressenza.com\/es\/2021\/03\/que-implica-6-402\/#primaryimage"},"thumbnailUrl":"https:\/\/www.pressenza.com\/wp-content\/uploads\/2021\/03\/portada-3.jpg","keywords":["6402","Colombia","desaparecidos","falsos positivos","JEP","Uribe"],"articleSection":["Contenido Original","Derechos Humanos","Opiniones","Sudam\u00e9rica"],"inLanguage":"es"},{"@type":"WebPage","@id":"https:\/\/www.pressenza.com\/es\/2021\/03\/que-implica-6-402\/","url":"https:\/\/www.pressenza.com\/es\/2021\/03\/que-implica-6-402\/","name":"\u00bfQu\u00e9 implica 6.402?","isPartOf":{"@id":"https:\/\/www.pressenza.com\/es\/#website"},"primaryImageOfPage":{"@id":"https:\/\/www.pressenza.com\/es\/2021\/03\/que-implica-6-402\/#primaryimage"},"image":{"@id":"https:\/\/www.pressenza.com\/es\/2021\/03\/que-implica-6-402\/#primaryimage"},"thumbnailUrl":"https:\/\/www.pressenza.com\/wp-content\/uploads\/2021\/03\/portada-3.jpg","datePublished":"2021-03-18T20:16:20+00:00","dateModified":"2021-03-20T08:59:10+00:00","description":"El pasado 21 de febrero la Sala de Reconocimiento de Verdad, Responsabilidad y de Determinaci\u00f3n de hechos de la Jurisdicci\u00f3n Especial para la paz (JEP) en","breadcrumb":{"@id":"https:\/\/www.pressenza.com\/es\/2021\/03\/que-implica-6-402\/#breadcrumb"},"inLanguage":"es","potentialAction":[{"@type":"ReadAction","target":["https:\/\/www.pressenza.com\/es\/2021\/03\/que-implica-6-402\/"]}]},{"@type":"ImageObject","inLanguage":"es","@id":"https:\/\/www.pressenza.com\/es\/2021\/03\/que-implica-6-402\/#primaryimage","url":"https:\/\/www.pressenza.com\/wp-content\/uploads\/2021\/03\/portada-3.jpg","contentUrl":"https:\/\/www.pressenza.com\/wp-content\/uploads\/2021\/03\/portada-3.jpg","width":720,"height":450},{"@type":"BreadcrumbList","@id":"https:\/\/www.pressenza.com\/es\/2021\/03\/que-implica-6-402\/#breadcrumb","itemListElement":[{"@type":"ListItem","position":1,"name":"Accueil","item":"https:\/\/www.pressenza.com\/es\/"},{"@type":"ListItem","position":2,"name":"\u00bfQu\u00e9 implica 6.402?"}]},{"@type":"WebSite","@id":"https:\/\/www.pressenza.com\/es\/#website","url":"https:\/\/www.pressenza.com\/es\/","name":"Pressenza","description":"International Press Agency","publisher":{"@id":"https:\/\/www.pressenza.com\/es\/#organization"},"potentialAction":[{"@type":"SearchAction","target":{"@type":"EntryPoint","urlTemplate":"https:\/\/www.pressenza.com\/es\/?s={search_term_string}"},"query-input":{"@type":"PropertyValueSpecification","valueRequired":true,"valueName":"search_term_string"}}],"inLanguage":"es"},{"@type":"Organization","@id":"https:\/\/www.pressenza.com\/es\/#organization","name":"Pressenza","url":"https:\/\/www.pressenza.com\/es\/","logo":{"@type":"ImageObject","inLanguage":"es","@id":"https:\/\/www.pressenza.com\/es\/#\/schema\/logo\/image\/","url":"https:\/\/www.pressenza.com\/wp-content\/uploads\/2022\/10\/pressenza_logo_200x200.jpg","contentUrl":"https:\/\/www.pressenza.com\/wp-content\/uploads\/2022\/10\/pressenza_logo_200x200.jpg","width":200,"height":200,"caption":"Pressenza"},"image":{"@id":"https:\/\/www.pressenza.com\/es\/#\/schema\/logo\/image\/"},"sameAs":["https:\/\/www.facebook.com\/PressenzaItalia","https:\/\/x.com\/PressenzaIPA"]},{"@type":"Person","@id":"https:\/\/www.pressenza.com\/es\/#\/schema\/person\/cc0d34b891421c1ea2f2a3cc6cba22b7","name":"Ximena Hern\u00e1ndez","description":"Fot\u00f3grafa, comunicadora social y periodista colombiana, realiz\u00f3 estudios de posgrado en Argentina en Antropolog\u00eda y Derechos Humanos. Su trabajo se ha enfocado en registrar temas relacionados con violaciones a DDHH, especialmente en Argentina, Chile y Colombia.","url":"https:\/\/www.pressenza.com\/es\/author\/ximena-hernandez\/"}]}},"place":"Ciudad de Buenos Aires, Argentina","original_article_url":"","_links":{"self":[{"href":"https:\/\/www.pressenza.com\/es\/wp-json\/wp\/v2\/posts\/1321973","targetHints":{"allow":["GET"]}}],"collection":[{"href":"https:\/\/www.pressenza.com\/es\/wp-json\/wp\/v2\/posts"}],"about":[{"href":"https:\/\/www.pressenza.com\/es\/wp-json\/wp\/v2\/types\/post"}],"author":[{"embeddable":true,"href":"https:\/\/www.pressenza.com\/es\/wp-json\/wp\/v2\/users\/1994"}],"replies":[{"embeddable":true,"href":"https:\/\/www.pressenza.com\/es\/wp-json\/wp\/v2\/comments?post=1321973"}],"version-history":[{"count":0,"href":"https:\/\/www.pressenza.com\/es\/wp-json\/wp\/v2\/posts\/1321973\/revisions"}],"wp:featuredmedia":[{"embeddable":true,"href":"https:\/\/www.pressenza.com\/es\/wp-json\/wp\/v2\/media\/1321987"}],"wp:attachment":[{"href":"https:\/\/www.pressenza.com\/es\/wp-json\/wp\/v2\/media?parent=1321973"}],"wp:term":[{"taxonomy":"category","embeddable":true,"href":"https:\/\/www.pressenza.com\/es\/wp-json\/wp\/v2\/categories?post=1321973"},{"taxonomy":"post_tag","embeddable":true,"href":"https:\/\/www.pressenza.com\/es\/wp-json\/wp\/v2\/tags?post=1321973"}],"curies":[{"name":"wp","href":"https:\/\/api.w.org\/{rel}","templated":true}]}}