{"id":1318807,"date":"2021-03-14T10:17:47","date_gmt":"2021-03-14T10:17:47","guid":{"rendered":"https:\/\/www.pressenza.com\/?p=1318807"},"modified":"2021-03-14T03:22:07","modified_gmt":"2021-03-14T03:22:07","slug":"descubren-en-dinamarca-una-espada-de-la-edad-de-bronce-nordica-de-3-000-anos-en-extraordinario-estado-de-conservacion","status":"publish","type":"post","link":"https:\/\/www.pressenza.com\/es\/2021\/03\/descubren-en-dinamarca-una-espada-de-la-edad-de-bronce-nordica-de-3-000-anos-en-extraordinario-estado-de-conservacion\/","title":{"rendered":"Descubren en Dinamarca una espada de la Edad de Bronce n\u00f3rdica de 3.000 a\u00f1os en extraordinario estado de conservaci\u00f3n"},"content":{"rendered":"<p>Seg\u00fan detallaron los investigadores, una cubierta de material de l\u00edber permiti\u00f3 que la tizona se preservara en tan notable estado.<\/p>\n<p>Durante unos trabajos de prospecci\u00f3n arqueol\u00f3gica realizados con motivo de la construcci\u00f3n del Gasoducto B\u00e1ltico en la isla danesa de Funen, investigadores del Museo de Odense descubrieron una espada de unos\u00a0<strong>3.000 a\u00f1os<\/strong>\u00a0en buen estado de conservaci\u00f3n,\u00a0<a href=\"https:\/\/www.facebook.com\/odensebysmuseer\/posts\/4049114588482491\" target=\"_blank\" rel=\"noopener noreferrer\">inform\u00f3<\/a>\u00a0la instituci\u00f3n a trav\u00e9s de un comunicado.<\/p>\n<p>El arma en cuesti\u00f3n, que se sospecha form\u00f3 parte de una ofrenda, pertenece al\u00a0<strong>periodo IV de la Edad de Bronce<\/strong>\u00a0n\u00f3rdica, y ha sido considerada por Jesper Hansen, curador en jefe del museo, como una \u00abrareza\u00bb no solo por el antig\u00fcedad, sino tambi\u00e9n por su\u00a0<strong>\u00abextraordinario\u00bb<\/strong>\u00a0estado de conservaci\u00f3n.<\/p>\n<figure class=\"RTImage-root\">\n<div class=\"RTImage-image RTImage-original\"><picture class=\"Picture-root Picture-original\"><source srcset=\" \nhttps:\/\/cdni.rt.com\/actualidad\/public_images\/2021.03\/original\/604d08c959bf5b21154e9104.jpg 850w,\n                https:\/\/cdni.rt.com\/actualidad\/public_images\/2021.03\/original\/604d08c959bf5b21154e9104.jpg 1960w,\n            \" media=\"(-webkit-min-device-pixel-ratio: 2) and (min-resolution: 120dpi)\" sizes=\"912px\" data-srcset=\"\n                https:\/\/cdni.rt.com\/actualidad\/public_images\/2021.03\/original\/604d08c959bf5b21154e9104.jpg 850w,\n                https:\/\/cdni.rt.com\/actualidad\/public_images\/2021.03\/original\/604d08c959bf5b21154e9104.jpg 1960w,\n            \" \/><source srcset=\" \nhttps:\/\/cdni.rt.com\/actualidad\/public_images\/2021.03\/original\/604d08c959bf5b21154e9104.jpg 460w,\n              https:\/\/cdni.rt.com\/actualidad\/public_images\/2021.03\/original\/604d08c959bf5b21154e9104.jpg 980w,\n            \" sizes=\"912px\" data-srcset=\"\n              https:\/\/cdni.rt.com\/actualidad\/public_images\/2021.03\/original\/604d08c959bf5b21154e9104.jpg 460w,\n              https:\/\/cdni.rt.com\/actualidad\/public_images\/2021.03\/original\/604d08c959bf5b21154e9104.jpg 980w,\n            \" \/><img decoding=\"async\" class=\"Picture-root Picture-original lazyautosizes lazyloaded\" src=\"https:\/\/cdni.rt.com\/actualidad\/public_images\/2021.03\/original\/604d08c959bf5b21154e9104.jpg\" sizes=\"912px\" alt=\"\" data-sizes=\"auto\" data-src=\"https:\/\/cdni.rt.com\/actualidad\/public_images\/2021.03\/original\/604d08c959bf5b21154e9104.jpg\" \/><\/picture><\/div><figcaption class=\"RTImage-footer\"><span class=\"RTImage-source\"><span class=\"RTImage-captionItem\">Facebook \/ Odense Bys Museer<\/span><\/span><\/figcaption><\/figure>\n<p>Seg\u00fan detall\u00f3 Hensen, la empu\u00f1adura de la espada, elaborada con madera, cuerno y antimonio, se ha conservado de manera \u00f3ptima. Asimismo, el material de l\u00edber con el que fue cubierta permiti\u00f3 que la hoja de bronce permaneciera casi intacta, salvo una\u00a0capa de p\u00e1tina que se ha formado en su superficie producto del paso del tiempo.<\/p>\n<figure class=\"RTImage-root\">\n<div class=\"RTImage-image RTImage-original\"><picture class=\"Picture-root Picture-original\"><source srcset=\" \nhttps:\/\/cdni.rt.com\/actualidad\/public_images\/2021.03\/original\/604d08c959bf5b21154e9103.jpg 850w,\n                https:\/\/cdni.rt.com\/actualidad\/public_images\/2021.03\/original\/604d08c959bf5b21154e9103.jpg 1960w,\n            \" media=\"(-webkit-min-device-pixel-ratio: 2) and (min-resolution: 120dpi)\" sizes=\"912px\" data-srcset=\"\n                https:\/\/cdni.rt.com\/actualidad\/public_images\/2021.03\/original\/604d08c959bf5b21154e9103.jpg 850w,\n                https:\/\/cdni.rt.com\/actualidad\/public_images\/2021.03\/original\/604d08c959bf5b21154e9103.jpg 1960w,\n            \" \/><source srcset=\" \nhttps:\/\/cdni.rt.com\/actualidad\/public_images\/2021.03\/original\/604d08c959bf5b21154e9103.jpg 460w,\n              https:\/\/cdni.rt.com\/actualidad\/public_images\/2021.03\/original\/604d08c959bf5b21154e9103.jpg 980w,\n            \" sizes=\"912px\" data-srcset=\"\n              https:\/\/cdni.rt.com\/actualidad\/public_images\/2021.03\/original\/604d08c959bf5b21154e9103.jpg 460w,\n              https:\/\/cdni.rt.com\/actualidad\/public_images\/2021.03\/original\/604d08c959bf5b21154e9103.jpg 980w,\n            \" \/><img decoding=\"async\" class=\"Picture-root Picture-original lazyautosizes lazyloaded\" src=\"https:\/\/cdni.rt.com\/actualidad\/public_images\/2021.03\/original\/604d08c959bf5b21154e9103.jpg\" sizes=\"912px\" alt=\"\" data-sizes=\"auto\" data-src=\"https:\/\/cdni.rt.com\/actualidad\/public_images\/2021.03\/original\/604d08c959bf5b21154e9103.jpg\" \/><\/picture><\/div><figcaption class=\"RTImage-footer\"><span class=\"RTImage-source\"><span class=\"RTImage-captionItem\">Facebook \/ Odense Bys Museer<\/span><\/span><\/figcaption><\/figure>\n<p>Puesto que la tizona, de cerca de<strong>\u00a01,3 kilos,<\/strong>\u00a0se compone de distintos materiales, su conservaci\u00f3n es un asunto complejo, por lo que los investigadores han decidido desmontar la empu\u00f1adura y mantener por separado los elementos que la conforman. Esta t\u00e9cnica permitir\u00e1 que el metal, la madera, el cuerno y el l\u00edber puedan ser tratados por separado para garantizar su correcta preservaci\u00f3n.<\/p>\n<p>Una vez los estudios de dataci\u00f3n por radiocarbono y los trabajos de conservaci\u00f3n sean finalizados, la espada ser\u00e1 rearmada y posteriormente expuesta en las instalaciones del museo de Montergarden.<\/p>\n","protected":false},"excerpt":{"rendered":"<p>Seg\u00fan detallaron los investigadores, una cubierta de material de l\u00edber permiti\u00f3 que la tizona se preservara en tan notable estado. Durante unos trabajos de prospecci\u00f3n arqueol\u00f3gica realizados con motivo de la construcci\u00f3n del Gasoducto B\u00e1ltico en la isla danesa de&hellip;<\/p>\n","protected":false},"author":1181,"featured_media":1318819,"comment_status":"closed","ping_status":"closed","sticky":false,"template":"","format":"standard","meta":{"footnotes":""},"categories":[497,66],"tags":[2914,598,51688,18128,874],"class_list":["post-1318807","post","type-post","status-publish","format-standard","has-post-thumbnail","hentry","category-ciencia-tecnologia","category-europa-es","tag-arqueologia","tag-ciencia","tag-descubrimientos","tag-dinamarca","tag-historia"],"yoast_head":"<!-- This site is optimized with the Yoast SEO plugin v27.1.1 - https:\/\/yoast.com\/product\/yoast-seo-wordpress\/ -->\n<title>Descubren en Dinamarca una espada de la Edad de Bronce n\u00f3rdica de 3.000 a\u00f1os en extraordinario estado de conservaci\u00f3n<\/title>\n<meta name=\"description\" content=\"Seg\u00fan detallaron los investigadores, una cubierta de material de l\u00edber permiti\u00f3 que la tizona se preservara en tan notable estado. Durante unos trabajos\" \/>\n<meta name=\"robots\" content=\"index, follow, max-snippet:-1, max-image-preview:large, max-video-preview:-1\" \/>\n<link rel=\"canonical\" href=\"https:\/\/www.pressenza.com\/es\/2021\/03\/descubren-en-dinamarca-una-espada-de-la-edad-de-bronce-nordica-de-3-000-anos-en-extraordinario-estado-de-conservacion\/\" \/>\n<meta property=\"og:locale\" content=\"es_ES\" \/>\n<meta property=\"og:type\" content=\"article\" \/>\n<meta property=\"og:title\" content=\"Descubren en Dinamarca una espada de la Edad de Bronce n\u00f3rdica de 3.000 a\u00f1os en extraordinario estado de conservaci\u00f3n\" \/>\n<meta property=\"og:description\" content=\"Seg\u00fan detallaron los investigadores, una cubierta de material de l\u00edber permiti\u00f3 que la tizona se preservara en tan notable estado. Durante unos trabajos\" \/>\n<meta property=\"og:url\" content=\"https:\/\/www.pressenza.com\/es\/2021\/03\/descubren-en-dinamarca-una-espada-de-la-edad-de-bronce-nordica-de-3-000-anos-en-extraordinario-estado-de-conservacion\/\" \/>\n<meta property=\"og:site_name\" content=\"Pressenza\" \/>\n<meta property=\"article:publisher\" content=\"https:\/\/www.facebook.com\/PressenzaItalia\" \/>\n<meta property=\"article:author\" content=\"https:\/\/www.facebook.com\/RTnews\" \/>\n<meta property=\"article:published_time\" content=\"2021-03-14T10:17:47+00:00\" \/>\n<meta property=\"og:image\" content=\"https:\/\/www.pressenza.com\/wp-content\/uploads\/2021\/03\/espada.jpg\" \/>\n\t<meta property=\"og:image:width\" content=\"800\" \/>\n\t<meta property=\"og:image:height\" content=\"450\" \/>\n\t<meta property=\"og:image:type\" content=\"image\/jpeg\" \/>\n<meta name=\"author\" content=\"RT\" \/>\n<meta name=\"twitter:card\" content=\"summary_large_image\" \/>\n<meta name=\"twitter:creator\" content=\"@RT_com\" \/>\n<meta name=\"twitter:site\" content=\"@PressenzaIPA\" \/>\n<meta name=\"twitter:label1\" content=\"Escrito por\" \/>\n\t<meta name=\"twitter:data1\" content=\"RT\" \/>\n\t<meta name=\"twitter:label2\" content=\"Tiempo de lectura\" \/>\n\t<meta name=\"twitter:data2\" content=\"1 minuto\" \/>\n<script type=\"application\/ld+json\" class=\"yoast-schema-graph\">{\"@context\":\"https:\/\/schema.org\",\"@graph\":[{\"@type\":\"Article\",\"@id\":\"https:\/\/www.pressenza.com\/es\/2021\/03\/descubren-en-dinamarca-una-espada-de-la-edad-de-bronce-nordica-de-3-000-anos-en-extraordinario-estado-de-conservacion\/#article\",\"isPartOf\":{\"@id\":\"https:\/\/www.pressenza.com\/es\/2021\/03\/descubren-en-dinamarca-una-espada-de-la-edad-de-bronce-nordica-de-3-000-anos-en-extraordinario-estado-de-conservacion\/\"},\"author\":{\"name\":\"RT\",\"@id\":\"https:\/\/www.pressenza.com\/es\/#\/schema\/person\/a9bc3bac2cc72cc81fc57959c714a38e\"},\"headline\":\"Descubren en Dinamarca una espada de la Edad de Bronce n\u00f3rdica de 3.000 a\u00f1os en extraordinario estado de conservaci\u00f3n\",\"datePublished\":\"2021-03-14T10:17:47+00:00\",\"mainEntityOfPage\":{\"@id\":\"https:\/\/www.pressenza.com\/es\/2021\/03\/descubren-en-dinamarca-una-espada-de-la-edad-de-bronce-nordica-de-3-000-anos-en-extraordinario-estado-de-conservacion\/\"},\"wordCount\":316,\"publisher\":{\"@id\":\"https:\/\/www.pressenza.com\/es\/#organization\"},\"image\":{\"@id\":\"https:\/\/www.pressenza.com\/es\/2021\/03\/descubren-en-dinamarca-una-espada-de-la-edad-de-bronce-nordica-de-3-000-anos-en-extraordinario-estado-de-conservacion\/#primaryimage\"},\"thumbnailUrl\":\"https:\/\/www.pressenza.com\/wp-content\/uploads\/2021\/03\/espada.jpg\",\"keywords\":[\"arqueolog\u00eda\",\"ciencia\",\"Descubrimientos\",\"Dinamarca\",\"historia\"],\"articleSection\":[\"Ciencia y Tecnolog\u00eda\",\"Europa\"],\"inLanguage\":\"es\"},{\"@type\":\"WebPage\",\"@id\":\"https:\/\/www.pressenza.com\/es\/2021\/03\/descubren-en-dinamarca-una-espada-de-la-edad-de-bronce-nordica-de-3-000-anos-en-extraordinario-estado-de-conservacion\/\",\"url\":\"https:\/\/www.pressenza.com\/es\/2021\/03\/descubren-en-dinamarca-una-espada-de-la-edad-de-bronce-nordica-de-3-000-anos-en-extraordinario-estado-de-conservacion\/\",\"name\":\"Descubren en Dinamarca una espada de la Edad de Bronce n\u00f3rdica de 3.000 a\u00f1os en extraordinario estado de conservaci\u00f3n\",\"isPartOf\":{\"@id\":\"https:\/\/www.pressenza.com\/es\/#website\"},\"primaryImageOfPage\":{\"@id\":\"https:\/\/www.pressenza.com\/es\/2021\/03\/descubren-en-dinamarca-una-espada-de-la-edad-de-bronce-nordica-de-3-000-anos-en-extraordinario-estado-de-conservacion\/#primaryimage\"},\"image\":{\"@id\":\"https:\/\/www.pressenza.com\/es\/2021\/03\/descubren-en-dinamarca-una-espada-de-la-edad-de-bronce-nordica-de-3-000-anos-en-extraordinario-estado-de-conservacion\/#primaryimage\"},\"thumbnailUrl\":\"https:\/\/www.pressenza.com\/wp-content\/uploads\/2021\/03\/espada.jpg\",\"datePublished\":\"2021-03-14T10:17:47+00:00\",\"description\":\"Seg\u00fan detallaron los investigadores, una cubierta de material de l\u00edber permiti\u00f3 que la tizona se preservara en tan notable estado. Durante unos trabajos\",\"breadcrumb\":{\"@id\":\"https:\/\/www.pressenza.com\/es\/2021\/03\/descubren-en-dinamarca-una-espada-de-la-edad-de-bronce-nordica-de-3-000-anos-en-extraordinario-estado-de-conservacion\/#breadcrumb\"},\"inLanguage\":\"es\",\"potentialAction\":[{\"@type\":\"ReadAction\",\"target\":[\"https:\/\/www.pressenza.com\/es\/2021\/03\/descubren-en-dinamarca-una-espada-de-la-edad-de-bronce-nordica-de-3-000-anos-en-extraordinario-estado-de-conservacion\/\"]}]},{\"@type\":\"ImageObject\",\"inLanguage\":\"es\",\"@id\":\"https:\/\/www.pressenza.com\/es\/2021\/03\/descubren-en-dinamarca-una-espada-de-la-edad-de-bronce-nordica-de-3-000-anos-en-extraordinario-estado-de-conservacion\/#primaryimage\",\"url\":\"https:\/\/www.pressenza.com\/wp-content\/uploads\/2021\/03\/espada.jpg\",\"contentUrl\":\"https:\/\/www.pressenza.com\/wp-content\/uploads\/2021\/03\/espada.jpg\",\"width\":800,\"height\":450},{\"@type\":\"BreadcrumbList\",\"@id\":\"https:\/\/www.pressenza.com\/es\/2021\/03\/descubren-en-dinamarca-una-espada-de-la-edad-de-bronce-nordica-de-3-000-anos-en-extraordinario-estado-de-conservacion\/#breadcrumb\",\"itemListElement\":[{\"@type\":\"ListItem\",\"position\":1,\"name\":\"Accueil\",\"item\":\"https:\/\/www.pressenza.com\/es\/\"},{\"@type\":\"ListItem\",\"position\":2,\"name\":\"Descubren en Dinamarca una espada de la Edad de Bronce n\u00f3rdica de 3.000 a\u00f1os en extraordinario estado de conservaci\u00f3n\"}]},{\"@type\":\"WebSite\",\"@id\":\"https:\/\/www.pressenza.com\/es\/#website\",\"url\":\"https:\/\/www.pressenza.com\/es\/\",\"name\":\"Pressenza\",\"description\":\"International Press Agency\",\"publisher\":{\"@id\":\"https:\/\/www.pressenza.com\/es\/#organization\"},\"potentialAction\":[{\"@type\":\"SearchAction\",\"target\":{\"@type\":\"EntryPoint\",\"urlTemplate\":\"https:\/\/www.pressenza.com\/es\/?s={search_term_string}\"},\"query-input\":{\"@type\":\"PropertyValueSpecification\",\"valueRequired\":true,\"valueName\":\"search_term_string\"}}],\"inLanguage\":\"es\"},{\"@type\":\"Organization\",\"@id\":\"https:\/\/www.pressenza.com\/es\/#organization\",\"name\":\"Pressenza\",\"url\":\"https:\/\/www.pressenza.com\/es\/\",\"logo\":{\"@type\":\"ImageObject\",\"inLanguage\":\"es\",\"@id\":\"https:\/\/www.pressenza.com\/es\/#\/schema\/logo\/image\/\",\"url\":\"https:\/\/www.pressenza.com\/wp-content\/uploads\/2022\/10\/pressenza_logo_200x200.jpg\",\"contentUrl\":\"https:\/\/www.pressenza.com\/wp-content\/uploads\/2022\/10\/pressenza_logo_200x200.jpg\",\"width\":200,\"height\":200,\"caption\":\"Pressenza\"},\"image\":{\"@id\":\"https:\/\/www.pressenza.com\/es\/#\/schema\/logo\/image\/\"},\"sameAs\":[\"https:\/\/www.facebook.com\/PressenzaItalia\",\"https:\/\/x.com\/PressenzaIPA\"]},{\"@type\":\"Person\",\"@id\":\"https:\/\/www.pressenza.com\/es\/#\/schema\/person\/a9bc3bac2cc72cc81fc57959c714a38e\",\"name\":\"RT\",\"description\":\"With its first channel launched in December 2005, the RT network now consists of three global news channels broadcasting in English, Spanish and Arabic, RT America broadcasting from a Washington, DC studio, RT UK airing from London, and a documentary channel RTDoc \u2013 in English and Russian. Today RT has a global reach of over 700 million people in 100+ countries. Articles and photographs by RT on Pressenza do not fall under the Creative Commons license are are not reproducible in any way. RT news covers the major issues of our time for viewers wishing to question more and delivers stories often missed by the mainstream media to create news with an edge. RT provides an alternative perspective on major global events, and acquaints an international audience with the Russian viewpoint. rt.com\",\"sameAs\":[\"http:\/\/www.rt.com\",\"https:\/\/www.facebook.com\/RTnews\",\"https:\/\/x.com\/RT_com\"],\"url\":\"https:\/\/www.pressenza.com\/es\/author\/russia-today\/\"}]}<\/script>\n<!-- \/ Yoast SEO plugin. -->","yoast_head_json":{"title":"Descubren en Dinamarca una espada de la Edad de Bronce n\u00f3rdica de 3.000 a\u00f1os en extraordinario estado de conservaci\u00f3n","description":"Seg\u00fan detallaron los investigadores, una cubierta de material de l\u00edber permiti\u00f3 que la tizona se preservara en tan notable estado. Durante unos trabajos","robots":{"index":"index","follow":"follow","max-snippet":"max-snippet:-1","max-image-preview":"max-image-preview:large","max-video-preview":"max-video-preview:-1"},"canonical":"https:\/\/www.pressenza.com\/es\/2021\/03\/descubren-en-dinamarca-una-espada-de-la-edad-de-bronce-nordica-de-3-000-anos-en-extraordinario-estado-de-conservacion\/","og_locale":"es_ES","og_type":"article","og_title":"Descubren en Dinamarca una espada de la Edad de Bronce n\u00f3rdica de 3.000 a\u00f1os en extraordinario estado de conservaci\u00f3n","og_description":"Seg\u00fan detallaron los investigadores, una cubierta de material de l\u00edber permiti\u00f3 que la tizona se preservara en tan notable estado. Durante unos trabajos","og_url":"https:\/\/www.pressenza.com\/es\/2021\/03\/descubren-en-dinamarca-una-espada-de-la-edad-de-bronce-nordica-de-3-000-anos-en-extraordinario-estado-de-conservacion\/","og_site_name":"Pressenza","article_publisher":"https:\/\/www.facebook.com\/PressenzaItalia","article_author":"https:\/\/www.facebook.com\/RTnews","article_published_time":"2021-03-14T10:17:47+00:00","og_image":[{"width":800,"height":450,"url":"https:\/\/www.pressenza.com\/wp-content\/uploads\/2021\/03\/espada.jpg","type":"image\/jpeg"}],"author":"RT","twitter_card":"summary_large_image","twitter_creator":"@RT_com","twitter_site":"@PressenzaIPA","twitter_misc":{"Escrito por":"RT","Tiempo de lectura":"1 minuto"},"schema":{"@context":"https:\/\/schema.org","@graph":[{"@type":"Article","@id":"https:\/\/www.pressenza.com\/es\/2021\/03\/descubren-en-dinamarca-una-espada-de-la-edad-de-bronce-nordica-de-3-000-anos-en-extraordinario-estado-de-conservacion\/#article","isPartOf":{"@id":"https:\/\/www.pressenza.com\/es\/2021\/03\/descubren-en-dinamarca-una-espada-de-la-edad-de-bronce-nordica-de-3-000-anos-en-extraordinario-estado-de-conservacion\/"},"author":{"name":"RT","@id":"https:\/\/www.pressenza.com\/es\/#\/schema\/person\/a9bc3bac2cc72cc81fc57959c714a38e"},"headline":"Descubren en Dinamarca una espada de la Edad de Bronce n\u00f3rdica de 3.000 a\u00f1os en extraordinario estado de conservaci\u00f3n","datePublished":"2021-03-14T10:17:47+00:00","mainEntityOfPage":{"@id":"https:\/\/www.pressenza.com\/es\/2021\/03\/descubren-en-dinamarca-una-espada-de-la-edad-de-bronce-nordica-de-3-000-anos-en-extraordinario-estado-de-conservacion\/"},"wordCount":316,"publisher":{"@id":"https:\/\/www.pressenza.com\/es\/#organization"},"image":{"@id":"https:\/\/www.pressenza.com\/es\/2021\/03\/descubren-en-dinamarca-una-espada-de-la-edad-de-bronce-nordica-de-3-000-anos-en-extraordinario-estado-de-conservacion\/#primaryimage"},"thumbnailUrl":"https:\/\/www.pressenza.com\/wp-content\/uploads\/2021\/03\/espada.jpg","keywords":["arqueolog\u00eda","ciencia","Descubrimientos","Dinamarca","historia"],"articleSection":["Ciencia y Tecnolog\u00eda","Europa"],"inLanguage":"es"},{"@type":"WebPage","@id":"https:\/\/www.pressenza.com\/es\/2021\/03\/descubren-en-dinamarca-una-espada-de-la-edad-de-bronce-nordica-de-3-000-anos-en-extraordinario-estado-de-conservacion\/","url":"https:\/\/www.pressenza.com\/es\/2021\/03\/descubren-en-dinamarca-una-espada-de-la-edad-de-bronce-nordica-de-3-000-anos-en-extraordinario-estado-de-conservacion\/","name":"Descubren en Dinamarca una espada de la Edad de Bronce n\u00f3rdica de 3.000 a\u00f1os en extraordinario estado de conservaci\u00f3n","isPartOf":{"@id":"https:\/\/www.pressenza.com\/es\/#website"},"primaryImageOfPage":{"@id":"https:\/\/www.pressenza.com\/es\/2021\/03\/descubren-en-dinamarca-una-espada-de-la-edad-de-bronce-nordica-de-3-000-anos-en-extraordinario-estado-de-conservacion\/#primaryimage"},"image":{"@id":"https:\/\/www.pressenza.com\/es\/2021\/03\/descubren-en-dinamarca-una-espada-de-la-edad-de-bronce-nordica-de-3-000-anos-en-extraordinario-estado-de-conservacion\/#primaryimage"},"thumbnailUrl":"https:\/\/www.pressenza.com\/wp-content\/uploads\/2021\/03\/espada.jpg","datePublished":"2021-03-14T10:17:47+00:00","description":"Seg\u00fan detallaron los investigadores, una cubierta de material de l\u00edber permiti\u00f3 que la tizona se preservara en tan notable estado. Durante unos trabajos","breadcrumb":{"@id":"https:\/\/www.pressenza.com\/es\/2021\/03\/descubren-en-dinamarca-una-espada-de-la-edad-de-bronce-nordica-de-3-000-anos-en-extraordinario-estado-de-conservacion\/#breadcrumb"},"inLanguage":"es","potentialAction":[{"@type":"ReadAction","target":["https:\/\/www.pressenza.com\/es\/2021\/03\/descubren-en-dinamarca-una-espada-de-la-edad-de-bronce-nordica-de-3-000-anos-en-extraordinario-estado-de-conservacion\/"]}]},{"@type":"ImageObject","inLanguage":"es","@id":"https:\/\/www.pressenza.com\/es\/2021\/03\/descubren-en-dinamarca-una-espada-de-la-edad-de-bronce-nordica-de-3-000-anos-en-extraordinario-estado-de-conservacion\/#primaryimage","url":"https:\/\/www.pressenza.com\/wp-content\/uploads\/2021\/03\/espada.jpg","contentUrl":"https:\/\/www.pressenza.com\/wp-content\/uploads\/2021\/03\/espada.jpg","width":800,"height":450},{"@type":"BreadcrumbList","@id":"https:\/\/www.pressenza.com\/es\/2021\/03\/descubren-en-dinamarca-una-espada-de-la-edad-de-bronce-nordica-de-3-000-anos-en-extraordinario-estado-de-conservacion\/#breadcrumb","itemListElement":[{"@type":"ListItem","position":1,"name":"Accueil","item":"https:\/\/www.pressenza.com\/es\/"},{"@type":"ListItem","position":2,"name":"Descubren en Dinamarca una espada de la Edad de Bronce n\u00f3rdica de 3.000 a\u00f1os en extraordinario estado de conservaci\u00f3n"}]},{"@type":"WebSite","@id":"https:\/\/www.pressenza.com\/es\/#website","url":"https:\/\/www.pressenza.com\/es\/","name":"Pressenza","description":"International Press Agency","publisher":{"@id":"https:\/\/www.pressenza.com\/es\/#organization"},"potentialAction":[{"@type":"SearchAction","target":{"@type":"EntryPoint","urlTemplate":"https:\/\/www.pressenza.com\/es\/?s={search_term_string}"},"query-input":{"@type":"PropertyValueSpecification","valueRequired":true,"valueName":"search_term_string"}}],"inLanguage":"es"},{"@type":"Organization","@id":"https:\/\/www.pressenza.com\/es\/#organization","name":"Pressenza","url":"https:\/\/www.pressenza.com\/es\/","logo":{"@type":"ImageObject","inLanguage":"es","@id":"https:\/\/www.pressenza.com\/es\/#\/schema\/logo\/image\/","url":"https:\/\/www.pressenza.com\/wp-content\/uploads\/2022\/10\/pressenza_logo_200x200.jpg","contentUrl":"https:\/\/www.pressenza.com\/wp-content\/uploads\/2022\/10\/pressenza_logo_200x200.jpg","width":200,"height":200,"caption":"Pressenza"},"image":{"@id":"https:\/\/www.pressenza.com\/es\/#\/schema\/logo\/image\/"},"sameAs":["https:\/\/www.facebook.com\/PressenzaItalia","https:\/\/x.com\/PressenzaIPA"]},{"@type":"Person","@id":"https:\/\/www.pressenza.com\/es\/#\/schema\/person\/a9bc3bac2cc72cc81fc57959c714a38e","name":"RT","description":"With its first channel launched in December 2005, the RT network now consists of three global news channels broadcasting in English, Spanish and Arabic, RT America broadcasting from a Washington, DC studio, RT UK airing from London, and a documentary channel RTDoc \u2013 in English and Russian. Today RT has a global reach of over 700 million people in 100+ countries. Articles and photographs by RT on Pressenza do not fall under the Creative Commons license are are not reproducible in any way. RT news covers the major issues of our time for viewers wishing to question more and delivers stories often missed by the mainstream media to create news with an edge. RT provides an alternative perspective on major global events, and acquaints an international audience with the Russian viewpoint. rt.com","sameAs":["http:\/\/www.rt.com","https:\/\/www.facebook.com\/RTnews","https:\/\/x.com\/RT_com"],"url":"https:\/\/www.pressenza.com\/es\/author\/russia-today\/"}]}},"place":"","original_article_url":"https:\/\/actualidad.rt.com\/actualidad\/386324-descubren-dinamarca-espada-edad-bronce-3000-anos-extraordinario-conservacion","_links":{"self":[{"href":"https:\/\/www.pressenza.com\/es\/wp-json\/wp\/v2\/posts\/1318807","targetHints":{"allow":["GET"]}}],"collection":[{"href":"https:\/\/www.pressenza.com\/es\/wp-json\/wp\/v2\/posts"}],"about":[{"href":"https:\/\/www.pressenza.com\/es\/wp-json\/wp\/v2\/types\/post"}],"author":[{"embeddable":true,"href":"https:\/\/www.pressenza.com\/es\/wp-json\/wp\/v2\/users\/1181"}],"replies":[{"embeddable":true,"href":"https:\/\/www.pressenza.com\/es\/wp-json\/wp\/v2\/comments?post=1318807"}],"version-history":[{"count":0,"href":"https:\/\/www.pressenza.com\/es\/wp-json\/wp\/v2\/posts\/1318807\/revisions"}],"wp:featuredmedia":[{"embeddable":true,"href":"https:\/\/www.pressenza.com\/es\/wp-json\/wp\/v2\/media\/1318819"}],"wp:attachment":[{"href":"https:\/\/www.pressenza.com\/es\/wp-json\/wp\/v2\/media?parent=1318807"}],"wp:term":[{"taxonomy":"category","embeddable":true,"href":"https:\/\/www.pressenza.com\/es\/wp-json\/wp\/v2\/categories?post=1318807"},{"taxonomy":"post_tag","embeddable":true,"href":"https:\/\/www.pressenza.com\/es\/wp-json\/wp\/v2\/tags?post=1318807"}],"curies":[{"name":"wp","href":"https:\/\/api.w.org\/{rel}","templated":true}]}}