{"id":1318577,"date":"2021-03-13T20:31:30","date_gmt":"2021-03-13T20:31:30","guid":{"rendered":"https:\/\/www.pressenza.com\/?p=1318577"},"modified":"2021-03-13T20:31:30","modified_gmt":"2021-03-13T20:31:30","slug":"humanizar-la-tierra-frente-a-volver-a-la-normalidad","status":"publish","type":"post","link":"https:\/\/www.pressenza.com\/es\/2021\/03\/humanizar-la-tierra-frente-a-volver-a-la-normalidad\/","title":{"rendered":"Humanizar la Tierra frente a volver a la normalidad"},"content":{"rendered":"<p>Tras meses de espera, el tren de alta velocidad de la vacunaci\u00f3n sale por fin de la estaci\u00f3n y, con suerte, pronto habr\u00e1 sitio a bordo para todos. Es quiz\u00e1s la primera vez en la historia que sin exclusi\u00f3n los seres humanos de nuestro planeta se enfrentan al mismo fen\u00f3meno simult\u00e1neamente. La escala mundial de esta pandemia ha redise\u00f1ado las fronteras y est\u00e1 poniendo a prueba a nuestra sociedad en sus cimientos. Ha puesto de manifiesto la eficacia de la comunidad cient\u00edfica, que, dadas unas sencillas pautas, en menos de un a\u00f1o ha ideado m\u00faltiples vacunas en distintos continentes. En el extremo opuesto, estamos asistiendo al colapso de la esfera pol\u00edtica, donde no ha habido casi coordinaci\u00f3n internacional, un apoyo insuficiente a la comunidad m\u00e9dica y un nivel desastroso de falta de comunicaci\u00f3n en relaci\u00f3n con el virus y la aplicaci\u00f3n de la vacuna. Peor a\u00fan son las corporaciones, que b\u00e1sicamente est\u00e1n sentadas fuera de la pandemia, esperando robar todo lo que pueden mientras que al mismo tiempo concentran a\u00fan m\u00e1s su poder, como buitres d\u00e1ndose un fest\u00edn con presas debilitadas.<\/p>\n<p>Aqu\u00ed estamos frente a esta peculiar situaci\u00f3n, en un proceso de vacunaci\u00f3n que, d\u00eda a d\u00eda, gana impulso y una campa\u00f1a medi\u00e1tica que promete que pronto vamos a \u00abvolver a la normalidad\u00bb. (En su primer gran discurso, el presidente Biden se jact\u00f3 de que \u00abEstados Unidos podr\u00eda volver a una especie de normalidad para el 4 de julio\u00bb). Esto es una locura: nadie quiere volver a la normalidad, cuando la \u00abnormalidad\u00bb significaba violencia contra las mujeres, familias viviendo en la pobreza, trabajos sin sentido, aire y agua contaminados, escuelas segregadas, religiones racistas, presupuestos militares inmorales y pol\u00edticos corruptos. Esta \u00abnormalidad\u00bb est\u00e1 bloqueando el proceso evolutivo de la humanidad e impidiendo superar el dolor y el sufrimiento, y est\u00e1 socavando la construcci\u00f3n de una naci\u00f3n humana universal diversa y no violenta. He aqu\u00ed algunos sin\u00f3nimos de normal: usual, est\u00e1ndar, t\u00edpico, com\u00fan, ordinario, convencional, habitual, esperado, aburrido, mec\u00e1nico. Les pregunto, \u00bfqui\u00e9n quiere vivir en una sociedad normal?<\/p>\n<p>La gente no ha soportado esta pandemia ni ha pasado por tantos problemas en vano. Todo el mundo es consciente de que las cosas tienen que cambiar en todas partes. Es el momento de humanizar la Tierra, una oportunidad para captar una nueva perspectiva de la vida y forjar una nueva imagen de nuestro futuro colectivo. Hay que humanizar la relaci\u00f3n entre culturas, hay que humanizar las empresas y los sistemas econ\u00f3micos, hay que humanizar la participaci\u00f3n social y la representaci\u00f3n pol\u00edtica, hay que humanizar nuestra relaci\u00f3n con la naturaleza y nuestro planeta. Hay que humanizar el sentido de nuestras vidas.<\/p>\n<p>Como hemos visto con la pandemia, y antes con el cambio clim\u00e1tico, el mundo es uno y est\u00e1 interconectado. Ahora, la gente necesita sentirse de ese modo: como una e interconectada. Nuestra fuerza es la universalidad; todo tiene que ser para todos. No podemos vacunar a algunos y a otros no. No podemos tener a unos trabajando por el cambio clim\u00e1tico y a otros contaminando como locos. No podemos tener a unas naciones con alimentos bombardeando a otras con comunidades hambrientas. No podemos tener unos pa\u00edses con armas nucleares y otros intimidados como ni\u00f1os en un patio de recreo. No podemos tener unas familias que tienen varias viviendas mientras otras viven en la calle. No podemos tener unos ni\u00f1os con ordenadores port\u00e1tiles y conexi\u00f3n wifi y mientras otros no tienen ni siquiera un almuerzo. Se acab\u00f3 el tratar de buscar una soluci\u00f3n fragmentaria, dando un poco a unos y no a otros. No podemos seguir dejando que el Sistema juegue su pol\u00edtica de \u00abpoder de divisi\u00f3n\u00bb. \u00abDivide ut regnes\u00bb (divide para reinar) era una pr\u00e1ctica romana que consist\u00eda en reubicar a los grupos con rencores de larga data muy cerca unos de otros para que sus constantes peleas les impidieran colaborar en derrocar el poder romano. Sigue siendo la t\u00e1ctica de gobierno predominante hoy en d\u00eda, y debemos estar atentos para evitar que se utilice contra nosotros.<\/p>\n<p>Somos los trabajadores de primera l\u00ednea del futuro de la humanidad, luchando contra la apat\u00eda y el nihilismo, esforz\u00e1ndonos por la diversidad convergente, organiz\u00e1ndonos contra la injusticia a trav\u00e9s de la no violencia activa y promoviendo la igualdad de derechos y oportunidades para todos los seres humanos. Necesitaremos la energ\u00eda, las ideas y el esfuerzo de todos si queremos aprovechar esta oportunidad y, ojal\u00e1, por fin, no volvamos a la normalidad.<\/p>\n<p>&nbsp;<\/p>\n<p>&nbsp;<\/p>\n","protected":false},"excerpt":{"rendered":"<p>Tras meses de espera, el tren de alta velocidad de la vacunaci\u00f3n sale por fin de la estaci\u00f3n y, con suerte, pronto habr\u00e1 sitio a bordo para todos. Es quiz\u00e1s la primera vez en la historia que sin exclusi\u00f3n los&hellip;<\/p>\n","protected":false},"author":33,"featured_media":1318474,"comment_status":"closed","ping_status":"closed","sticky":false,"template":"","format":"standard","meta":{"footnotes":""},"categories":[11389,1240,68,161,74],"tags":[72517,77641,31073],"class_list":["post-1318577","post","type-post","status-publish","format-standard","has-post-thumbnail","hentry","category-contenido-original","category-humanismo-espiritualidad","category-norteamerica","category-opiniones","category-politica-es","tag-crisis-coronavirus","tag-normalidad","tag-vacunas"],"yoast_head":"<!-- This site is optimized with the Yoast SEO plugin v27.1.1 - https:\/\/yoast.com\/product\/yoast-seo-wordpress\/ -->\n<title>Humanizar la Tierra frente a volver a la normalidad<\/title>\n<meta name=\"description\" content=\"Tras meses de espera, el tren de alta velocidad de la vacunaci\u00f3n sale por fin de la estaci\u00f3n y, con suerte, pronto habr\u00e1 sitio a bordo para todos. Es\" \/>\n<meta name=\"robots\" content=\"index, follow, max-snippet:-1, max-image-preview:large, max-video-preview:-1\" \/>\n<link rel=\"canonical\" href=\"https:\/\/www.pressenza.com\/es\/2021\/03\/humanizar-la-tierra-frente-a-volver-a-la-normalidad\/\" \/>\n<meta property=\"og:locale\" content=\"es_ES\" \/>\n<meta property=\"og:type\" content=\"article\" \/>\n<meta property=\"og:title\" content=\"Humanizar la Tierra frente a volver a la normalidad\" \/>\n<meta property=\"og:description\" content=\"Tras meses de espera, el tren de alta velocidad de la vacunaci\u00f3n sale por fin de la estaci\u00f3n y, con suerte, pronto habr\u00e1 sitio a bordo para todos. Es\" \/>\n<meta property=\"og:url\" content=\"https:\/\/www.pressenza.com\/es\/2021\/03\/humanizar-la-tierra-frente-a-volver-a-la-normalidad\/\" \/>\n<meta property=\"og:site_name\" content=\"Pressenza\" \/>\n<meta property=\"article:publisher\" content=\"https:\/\/www.facebook.com\/PressenzaItalia\" \/>\n<meta property=\"article:author\" content=\"https:\/\/www.facebook.com\/DavidAnderssonNYC\" \/>\n<meta property=\"article:published_time\" content=\"2021-03-13T20:31:30+00:00\" \/>\n<meta property=\"og:image\" content=\"https:\/\/www.pressenza.com\/wp-content\/uploads\/2021\/03\/Earth_Moon_NASA.jpeg\" \/>\n\t<meta property=\"og:image:width\" content=\"700\" \/>\n\t<meta property=\"og:image:height\" content=\"496\" \/>\n\t<meta property=\"og:image:type\" content=\"image\/jpeg\" \/>\n<meta name=\"author\" content=\"David Andersson\" \/>\n<meta name=\"twitter:card\" content=\"summary_large_image\" \/>\n<meta name=\"twitter:creator\" content=\"@davidandersson\" \/>\n<meta name=\"twitter:site\" content=\"@PressenzaIPA\" \/>\n<meta name=\"twitter:label1\" content=\"Escrito por\" \/>\n\t<meta name=\"twitter:data1\" content=\"David Andersson\" \/>\n\t<meta name=\"twitter:label2\" content=\"Tiempo de lectura\" \/>\n\t<meta name=\"twitter:data2\" content=\"4 minutos\" \/>\n<script type=\"application\/ld+json\" class=\"yoast-schema-graph\">{\"@context\":\"https:\/\/schema.org\",\"@graph\":[{\"@type\":\"Article\",\"@id\":\"https:\/\/www.pressenza.com\/es\/2021\/03\/humanizar-la-tierra-frente-a-volver-a-la-normalidad\/#article\",\"isPartOf\":{\"@id\":\"https:\/\/www.pressenza.com\/es\/2021\/03\/humanizar-la-tierra-frente-a-volver-a-la-normalidad\/\"},\"author\":{\"name\":\"David Andersson\",\"@id\":\"https:\/\/www.pressenza.com\/es\/#\/schema\/person\/ab79c1a9145b1ddd71272b5a4c0816d1\"},\"headline\":\"Humanizar la Tierra frente a volver a la normalidad\",\"datePublished\":\"2021-03-13T20:31:30+00:00\",\"mainEntityOfPage\":{\"@id\":\"https:\/\/www.pressenza.com\/es\/2021\/03\/humanizar-la-tierra-frente-a-volver-a-la-normalidad\/\"},\"wordCount\":810,\"publisher\":{\"@id\":\"https:\/\/www.pressenza.com\/es\/#organization\"},\"image\":{\"@id\":\"https:\/\/www.pressenza.com\/es\/2021\/03\/humanizar-la-tierra-frente-a-volver-a-la-normalidad\/#primaryimage\"},\"thumbnailUrl\":\"https:\/\/www.pressenza.com\/wp-content\/uploads\/2021\/03\/Earth_Moon_NASA.jpeg\",\"keywords\":[\"crisis coronavirus\",\"normalidad\",\"Vacunas\"],\"articleSection\":[\"Contenido Original\",\"Humanismo y Espiritualidad\",\"Norteam\u00e9rica\",\"Opiniones\",\"Pol\u00edtica\"],\"inLanguage\":\"es\"},{\"@type\":\"WebPage\",\"@id\":\"https:\/\/www.pressenza.com\/es\/2021\/03\/humanizar-la-tierra-frente-a-volver-a-la-normalidad\/\",\"url\":\"https:\/\/www.pressenza.com\/es\/2021\/03\/humanizar-la-tierra-frente-a-volver-a-la-normalidad\/\",\"name\":\"Humanizar la Tierra frente a volver a la normalidad\",\"isPartOf\":{\"@id\":\"https:\/\/www.pressenza.com\/es\/#website\"},\"primaryImageOfPage\":{\"@id\":\"https:\/\/www.pressenza.com\/es\/2021\/03\/humanizar-la-tierra-frente-a-volver-a-la-normalidad\/#primaryimage\"},\"image\":{\"@id\":\"https:\/\/www.pressenza.com\/es\/2021\/03\/humanizar-la-tierra-frente-a-volver-a-la-normalidad\/#primaryimage\"},\"thumbnailUrl\":\"https:\/\/www.pressenza.com\/wp-content\/uploads\/2021\/03\/Earth_Moon_NASA.jpeg\",\"datePublished\":\"2021-03-13T20:31:30+00:00\",\"description\":\"Tras meses de espera, el tren de alta velocidad de la vacunaci\u00f3n sale por fin de la estaci\u00f3n y, con suerte, pronto habr\u00e1 sitio a bordo para todos. Es\",\"breadcrumb\":{\"@id\":\"https:\/\/www.pressenza.com\/es\/2021\/03\/humanizar-la-tierra-frente-a-volver-a-la-normalidad\/#breadcrumb\"},\"inLanguage\":\"es\",\"potentialAction\":[{\"@type\":\"ReadAction\",\"target\":[\"https:\/\/www.pressenza.com\/es\/2021\/03\/humanizar-la-tierra-frente-a-volver-a-la-normalidad\/\"]}]},{\"@type\":\"ImageObject\",\"inLanguage\":\"es\",\"@id\":\"https:\/\/www.pressenza.com\/es\/2021\/03\/humanizar-la-tierra-frente-a-volver-a-la-normalidad\/#primaryimage\",\"url\":\"https:\/\/www.pressenza.com\/wp-content\/uploads\/2021\/03\/Earth_Moon_NASA.jpeg\",\"contentUrl\":\"https:\/\/www.pressenza.com\/wp-content\/uploads\/2021\/03\/Earth_Moon_NASA.jpeg\",\"width\":700,\"height\":496,\"caption\":\"Bill Anders\/Jim Weigang\/Apollo 8 Crew\/NASA\"},{\"@type\":\"BreadcrumbList\",\"@id\":\"https:\/\/www.pressenza.com\/es\/2021\/03\/humanizar-la-tierra-frente-a-volver-a-la-normalidad\/#breadcrumb\",\"itemListElement\":[{\"@type\":\"ListItem\",\"position\":1,\"name\":\"Accueil\",\"item\":\"https:\/\/www.pressenza.com\/es\/\"},{\"@type\":\"ListItem\",\"position\":2,\"name\":\"Humanizar la Tierra frente a volver a la normalidad\"}]},{\"@type\":\"WebSite\",\"@id\":\"https:\/\/www.pressenza.com\/es\/#website\",\"url\":\"https:\/\/www.pressenza.com\/es\/\",\"name\":\"Pressenza\",\"description\":\"International Press Agency\",\"publisher\":{\"@id\":\"https:\/\/www.pressenza.com\/es\/#organization\"},\"potentialAction\":[{\"@type\":\"SearchAction\",\"target\":{\"@type\":\"EntryPoint\",\"urlTemplate\":\"https:\/\/www.pressenza.com\/es\/?s={search_term_string}\"},\"query-input\":{\"@type\":\"PropertyValueSpecification\",\"valueRequired\":true,\"valueName\":\"search_term_string\"}}],\"inLanguage\":\"es\"},{\"@type\":\"Organization\",\"@id\":\"https:\/\/www.pressenza.com\/es\/#organization\",\"name\":\"Pressenza\",\"url\":\"https:\/\/www.pressenza.com\/es\/\",\"logo\":{\"@type\":\"ImageObject\",\"inLanguage\":\"es\",\"@id\":\"https:\/\/www.pressenza.com\/es\/#\/schema\/logo\/image\/\",\"url\":\"https:\/\/www.pressenza.com\/wp-content\/uploads\/2022\/10\/pressenza_logo_200x200.jpg\",\"contentUrl\":\"https:\/\/www.pressenza.com\/wp-content\/uploads\/2022\/10\/pressenza_logo_200x200.jpg\",\"width\":200,\"height\":200,\"caption\":\"Pressenza\"},\"image\":{\"@id\":\"https:\/\/www.pressenza.com\/es\/#\/schema\/logo\/image\/\"},\"sameAs\":[\"https:\/\/www.facebook.com\/PressenzaItalia\",\"https:\/\/x.com\/PressenzaIPA\"]},{\"@type\":\"Person\",\"@id\":\"https:\/\/www.pressenza.com\/es\/#\/schema\/person\/ab79c1a9145b1ddd71272b5a4c0816d1\",\"name\":\"David Andersson\",\"description\":\"David Andersson is a writer and humanist based in New York City. He focuses on issues of global justice, collective consciousness, and nonviolent transformation. English Editor with Pressenza International Press Agency and is the author of The White-West: A Look in the Mirror, a collection of op-eds examining the dynamics of Western identity and its global impact. CounterPunch, denikreferendum.cz, Mobilized News, Countercurrents, LA Progressive, and Dissident Voice have published his recent work. Many of his articles have been translated into more than five languages.\",\"sameAs\":[\"https:\/\/www.facebook.com\/DavidAnderssonNYC\",\"https:\/\/www.instagram.com\/davidanderssonnyc\/\",\"https:\/\/www.linkedin.com\/in\/david-andersson-269724232\/\",\"https:\/\/x.com\/davidandersson\"],\"url\":\"https:\/\/www.pressenza.com\/es\/author\/david-andersson\/\"}]}<\/script>\n<!-- \/ Yoast SEO plugin. -->","yoast_head_json":{"title":"Humanizar la Tierra frente a volver a la normalidad","description":"Tras meses de espera, el tren de alta velocidad de la vacunaci\u00f3n sale por fin de la estaci\u00f3n y, con suerte, pronto habr\u00e1 sitio a bordo para todos. Es","robots":{"index":"index","follow":"follow","max-snippet":"max-snippet:-1","max-image-preview":"max-image-preview:large","max-video-preview":"max-video-preview:-1"},"canonical":"https:\/\/www.pressenza.com\/es\/2021\/03\/humanizar-la-tierra-frente-a-volver-a-la-normalidad\/","og_locale":"es_ES","og_type":"article","og_title":"Humanizar la Tierra frente a volver a la normalidad","og_description":"Tras meses de espera, el tren de alta velocidad de la vacunaci\u00f3n sale por fin de la estaci\u00f3n y, con suerte, pronto habr\u00e1 sitio a bordo para todos. Es","og_url":"https:\/\/www.pressenza.com\/es\/2021\/03\/humanizar-la-tierra-frente-a-volver-a-la-normalidad\/","og_site_name":"Pressenza","article_publisher":"https:\/\/www.facebook.com\/PressenzaItalia","article_author":"https:\/\/www.facebook.com\/DavidAnderssonNYC","article_published_time":"2021-03-13T20:31:30+00:00","og_image":[{"width":700,"height":496,"url":"https:\/\/www.pressenza.com\/wp-content\/uploads\/2021\/03\/Earth_Moon_NASA.jpeg","type":"image\/jpeg"}],"author":"David Andersson","twitter_card":"summary_large_image","twitter_creator":"@davidandersson","twitter_site":"@PressenzaIPA","twitter_misc":{"Escrito por":"David Andersson","Tiempo de lectura":"4 minutos"},"schema":{"@context":"https:\/\/schema.org","@graph":[{"@type":"Article","@id":"https:\/\/www.pressenza.com\/es\/2021\/03\/humanizar-la-tierra-frente-a-volver-a-la-normalidad\/#article","isPartOf":{"@id":"https:\/\/www.pressenza.com\/es\/2021\/03\/humanizar-la-tierra-frente-a-volver-a-la-normalidad\/"},"author":{"name":"David Andersson","@id":"https:\/\/www.pressenza.com\/es\/#\/schema\/person\/ab79c1a9145b1ddd71272b5a4c0816d1"},"headline":"Humanizar la Tierra frente a volver a la normalidad","datePublished":"2021-03-13T20:31:30+00:00","mainEntityOfPage":{"@id":"https:\/\/www.pressenza.com\/es\/2021\/03\/humanizar-la-tierra-frente-a-volver-a-la-normalidad\/"},"wordCount":810,"publisher":{"@id":"https:\/\/www.pressenza.com\/es\/#organization"},"image":{"@id":"https:\/\/www.pressenza.com\/es\/2021\/03\/humanizar-la-tierra-frente-a-volver-a-la-normalidad\/#primaryimage"},"thumbnailUrl":"https:\/\/www.pressenza.com\/wp-content\/uploads\/2021\/03\/Earth_Moon_NASA.jpeg","keywords":["crisis coronavirus","normalidad","Vacunas"],"articleSection":["Contenido Original","Humanismo y Espiritualidad","Norteam\u00e9rica","Opiniones","Pol\u00edtica"],"inLanguage":"es"},{"@type":"WebPage","@id":"https:\/\/www.pressenza.com\/es\/2021\/03\/humanizar-la-tierra-frente-a-volver-a-la-normalidad\/","url":"https:\/\/www.pressenza.com\/es\/2021\/03\/humanizar-la-tierra-frente-a-volver-a-la-normalidad\/","name":"Humanizar la Tierra frente a volver a la normalidad","isPartOf":{"@id":"https:\/\/www.pressenza.com\/es\/#website"},"primaryImageOfPage":{"@id":"https:\/\/www.pressenza.com\/es\/2021\/03\/humanizar-la-tierra-frente-a-volver-a-la-normalidad\/#primaryimage"},"image":{"@id":"https:\/\/www.pressenza.com\/es\/2021\/03\/humanizar-la-tierra-frente-a-volver-a-la-normalidad\/#primaryimage"},"thumbnailUrl":"https:\/\/www.pressenza.com\/wp-content\/uploads\/2021\/03\/Earth_Moon_NASA.jpeg","datePublished":"2021-03-13T20:31:30+00:00","description":"Tras meses de espera, el tren de alta velocidad de la vacunaci\u00f3n sale por fin de la estaci\u00f3n y, con suerte, pronto habr\u00e1 sitio a bordo para todos. Es","breadcrumb":{"@id":"https:\/\/www.pressenza.com\/es\/2021\/03\/humanizar-la-tierra-frente-a-volver-a-la-normalidad\/#breadcrumb"},"inLanguage":"es","potentialAction":[{"@type":"ReadAction","target":["https:\/\/www.pressenza.com\/es\/2021\/03\/humanizar-la-tierra-frente-a-volver-a-la-normalidad\/"]}]},{"@type":"ImageObject","inLanguage":"es","@id":"https:\/\/www.pressenza.com\/es\/2021\/03\/humanizar-la-tierra-frente-a-volver-a-la-normalidad\/#primaryimage","url":"https:\/\/www.pressenza.com\/wp-content\/uploads\/2021\/03\/Earth_Moon_NASA.jpeg","contentUrl":"https:\/\/www.pressenza.com\/wp-content\/uploads\/2021\/03\/Earth_Moon_NASA.jpeg","width":700,"height":496,"caption":"Bill Anders\/Jim Weigang\/Apollo 8 Crew\/NASA"},{"@type":"BreadcrumbList","@id":"https:\/\/www.pressenza.com\/es\/2021\/03\/humanizar-la-tierra-frente-a-volver-a-la-normalidad\/#breadcrumb","itemListElement":[{"@type":"ListItem","position":1,"name":"Accueil","item":"https:\/\/www.pressenza.com\/es\/"},{"@type":"ListItem","position":2,"name":"Humanizar la Tierra frente a volver a la normalidad"}]},{"@type":"WebSite","@id":"https:\/\/www.pressenza.com\/es\/#website","url":"https:\/\/www.pressenza.com\/es\/","name":"Pressenza","description":"International Press Agency","publisher":{"@id":"https:\/\/www.pressenza.com\/es\/#organization"},"potentialAction":[{"@type":"SearchAction","target":{"@type":"EntryPoint","urlTemplate":"https:\/\/www.pressenza.com\/es\/?s={search_term_string}"},"query-input":{"@type":"PropertyValueSpecification","valueRequired":true,"valueName":"search_term_string"}}],"inLanguage":"es"},{"@type":"Organization","@id":"https:\/\/www.pressenza.com\/es\/#organization","name":"Pressenza","url":"https:\/\/www.pressenza.com\/es\/","logo":{"@type":"ImageObject","inLanguage":"es","@id":"https:\/\/www.pressenza.com\/es\/#\/schema\/logo\/image\/","url":"https:\/\/www.pressenza.com\/wp-content\/uploads\/2022\/10\/pressenza_logo_200x200.jpg","contentUrl":"https:\/\/www.pressenza.com\/wp-content\/uploads\/2022\/10\/pressenza_logo_200x200.jpg","width":200,"height":200,"caption":"Pressenza"},"image":{"@id":"https:\/\/www.pressenza.com\/es\/#\/schema\/logo\/image\/"},"sameAs":["https:\/\/www.facebook.com\/PressenzaItalia","https:\/\/x.com\/PressenzaIPA"]},{"@type":"Person","@id":"https:\/\/www.pressenza.com\/es\/#\/schema\/person\/ab79c1a9145b1ddd71272b5a4c0816d1","name":"David Andersson","description":"David Andersson is a writer and humanist based in New York City. He focuses on issues of global justice, collective consciousness, and nonviolent transformation. English Editor with Pressenza International Press Agency and is the author of The White-West: A Look in the Mirror, a collection of op-eds examining the dynamics of Western identity and its global impact. CounterPunch, denikreferendum.cz, Mobilized News, Countercurrents, LA Progressive, and Dissident Voice have published his recent work. Many of his articles have been translated into more than five languages.","sameAs":["https:\/\/www.facebook.com\/DavidAnderssonNYC","https:\/\/www.instagram.com\/davidanderssonnyc\/","https:\/\/www.linkedin.com\/in\/david-andersson-269724232\/","https:\/\/x.com\/davidandersson"],"url":"https:\/\/www.pressenza.com\/es\/author\/david-andersson\/"}]}},"place":"Nueva York","original_article_url":"","_links":{"self":[{"href":"https:\/\/www.pressenza.com\/es\/wp-json\/wp\/v2\/posts\/1318577","targetHints":{"allow":["GET"]}}],"collection":[{"href":"https:\/\/www.pressenza.com\/es\/wp-json\/wp\/v2\/posts"}],"about":[{"href":"https:\/\/www.pressenza.com\/es\/wp-json\/wp\/v2\/types\/post"}],"author":[{"embeddable":true,"href":"https:\/\/www.pressenza.com\/es\/wp-json\/wp\/v2\/users\/33"}],"replies":[{"embeddable":true,"href":"https:\/\/www.pressenza.com\/es\/wp-json\/wp\/v2\/comments?post=1318577"}],"version-history":[{"count":0,"href":"https:\/\/www.pressenza.com\/es\/wp-json\/wp\/v2\/posts\/1318577\/revisions"}],"wp:featuredmedia":[{"embeddable":true,"href":"https:\/\/www.pressenza.com\/es\/wp-json\/wp\/v2\/media\/1318474"}],"wp:attachment":[{"href":"https:\/\/www.pressenza.com\/es\/wp-json\/wp\/v2\/media?parent=1318577"}],"wp:term":[{"taxonomy":"category","embeddable":true,"href":"https:\/\/www.pressenza.com\/es\/wp-json\/wp\/v2\/categories?post=1318577"},{"taxonomy":"post_tag","embeddable":true,"href":"https:\/\/www.pressenza.com\/es\/wp-json\/wp\/v2\/tags?post=1318577"}],"curies":[{"name":"wp","href":"https:\/\/api.w.org\/{rel}","templated":true}]}}