{"id":1316690,"date":"2021-03-11T19:39:34","date_gmt":"2021-03-11T19:39:34","guid":{"rendered":"https:\/\/www.pressenza.com\/?p=1316690"},"modified":"2021-03-11T19:39:43","modified_gmt":"2021-03-11T19:39:43","slug":"senegal-mas-alla-de-toda-pertenencia-el-ser-humano-primero","status":"publish","type":"post","link":"https:\/\/www.pressenza.com\/es\/2021\/03\/senegal-mas-alla-de-toda-pertenencia-el-ser-humano-primero\/","title":{"rendered":"[Senegal] M\u00e1s all\u00e1 de toda pertenencia, el ser humano primero"},"content":{"rendered":"<p>La actualidad sociopol\u00edtica de Senegal est\u00e1 marcada por una serie de protestas populares recurrentes, que son manifestaciones de la crisis del Estado de Derecho.<\/p>\n<p>Desde la detenci\u00f3n del l\u00edder de la oposici\u00f3n, Senegal ha sido escenario de enfrentamientos entre j\u00f3venes y fuerzas de seguridad. Esta detenci\u00f3n se considera la en\u00e9sima de las c\u00e1balas pol\u00edticas orquestadas por el Estado senegal\u00e9s contra su formidable opositor Ousmane Sonko con el fin de cuestionar su credibilidad ante la poblaci\u00f3n senegalesa.<\/p>\n<p>El pa\u00eds considerado habitualmente como una isla de estabilidad en \u00c1frica Occidental se est\u00e1 hundiendo en la violencia. Durante los \u00faltimos cinco d\u00edas, pasando por Dakar, Saint-Louis, Ziguinchor, Kaolack, Louga, Diourbel, Tambacounda, hemos asistido a escenas de saqueo, de pillaje, la calle est\u00e1 desatada, la escena es inusual en los lugares p\u00fablicos, se lanzan piedras por todas partes, se queman neum\u00e1ticos, se queman casas, se queman comisar\u00edas y juzgados, se desmantelan quioscos y se apedrean veh\u00edculos. Toda esta violencia est\u00e1 causada por la violaci\u00f3n de la democracia y de la libertad de los ciudadanos.<\/p>\n<p>El Estado en sus maniobras ha procedido a:<\/p>\n<ul>\n<li>La restricci\u00f3n de Internet y las redes sociales.<\/li>\n<li>El cierre de dos canales de televisi\u00f3n: SenTV y Walfadrji.<\/li>\n<li>La detenci\u00f3n de muchos manifestantes y l\u00edderes de opini\u00f3n.<\/li>\n<\/ul>\n<p>Como joven muy implicado en mi comunidad, ya no reconozco a mi pa\u00eds. Es lamentable que una naci\u00f3n como Senegal, que siempre ha vivido en paz, el pa\u00eds de la T\u00e9ranga <a href=\"#_ftn1\" name=\"_ftnref1\">[1]<\/a>, la hospitalidad y la convivencia, este viviendo una situaci\u00f3n as\u00ed.<\/p>\n<p>Es muy deplorable en un pa\u00eds donde no hace ni tres meses cientos de j\u00f3venes perec\u00edan en el mar al intentar emigrar por su situaci\u00f3n tan precaria, otros sigan cayendo bajo las balas de las fuerzas del orden (abusos policiales). Es como si la juventud ya no representara la esperanza de este pa\u00eds, como si la dignidad humana ya no tuviera valor en mi querido pa\u00eds. En este sentido, me inclino ante la memoria de todas las personas asesinadas injustamente por haber querido defender un derecho constitucional.<\/p>\n<ol>\n<li>Mansour Thiam\u00a0:<\/li>\n<li>BounamaSan\u00e9\u00a0:<\/li>\n<li>Modou Ndiaye\u00a0:<\/li>\n<li>Cheikh Coly\u00a0: 20 ans<\/li>\n<li>Sadio Camara\u00a0: 18 ans<\/li>\n<li>Moussa Dram\u00e9\u00a0: 35 ans<\/li>\n<li>Alassane Barry\u00a0: 17 ans<\/li>\n<li>Pape Sidy Mbaye\u00a0: 20 ans<\/li>\n<li>Famara Goudiaby\u00a0: 20 ans<\/li>\n<li>Baye Cheikh Diop\u00a0: 17 ans<\/li>\n<li>Cheikhna Ndiaye\u00a0: 21 ans<\/li>\n<\/ol>\n<p><em>\u00a1Que el Todo poderoso acoja sus almas en el para\u00edso!<\/em><\/p>\n<p>Dado que el poder religioso tiene una fuerte influencia en las decisiones pol\u00edticas del pa\u00eds, varios resortes de mediaci\u00f3n que se hab\u00edan activado incluso antes de las manifestaciones por parte de los gu\u00edas religiosos (Jalifa General de los M\u00faridas, Jalifa General de Medina Baye) para calmar el problema han quedado en nada. Asimismo, la Organizaci\u00f3n de las Naciones Unidas (ONU), a trav\u00e9s de su Secretario General para \u00c1frica Occidental y el Sahel, Mohamed Ibn Chamba, se ha pronunciado sobre la serie de actos de violencia, pidiendo contenci\u00f3n e instando a las autoridades senegalesas a asumir su responsabilidad para rebajar la tensi\u00f3n y garantizar el derecho constitucional a manifestarse pac\u00edficamente. Y sin embargo, durante d\u00e9cadas, los ciudadanos honestos han luchado por la democracia y el Estado de Derecho para mi querida naci\u00f3n. Desde entonces, hemos tenido dos alternancias con duras batallas para preservar esta democracia. \u00bfEs aceptable que hoy nos quedemos de brazos cruzados para que este logro est\u00e9 en el suelo, es normal que privemos a los ciudadanos de su derecho a manifestarse pac\u00edficamente, lo que es un derecho constitucional?\u00a0 Es inaceptable y esto es lo que ocurre en Senegal con este r\u00e9gimen presidencial.<\/p>\n<p>Yo, Oumar Diallo, condeno en\u00e9rgicamente la serie de actos de violencia que se han orquestado contra la juventud senegalesa. Por la estabilidad del pa\u00eds y por una paz social duradera, el Estado debe liberar a todos los presos pol\u00edticos, detenidos ilegal y arbitrariamente, restablecer la se\u00f1al de las dos cadenas de televisi\u00f3n (Walfadjri y SenTv) acusadas de incitar a la violencia tras haber emitido \u00aben bucle\u00bb im\u00e1genes de la manifestaci\u00f3n y permitir a la poblaci\u00f3n expresarse libremente, respetando su derecho a manifestarse de forma pac\u00edfica.<\/p>\n<p>Es cierto que la tensi\u00f3n se ha disipado un poco mientras hablo, pero los riesgos de que el pa\u00eds caiga en manifestaciones mucho m\u00e1s violentas siguen ah\u00ed.<\/p>\n<p>Es un hecho que en las sociedades donde la injusticia es habitual, la violencia se convierte en algo com\u00fan, pero nunca nos rendiremos mirando c\u00f3mo Senegal se convierte en un caldo de cultivo de la violencia y la injusticia.<\/p>\n<p>Sin embargo, somos conscientes de los desaf\u00edos del mundo y de la comunidad de responsabilidades que todos compartimos hacia nuestra patria, y por estas razones instamos a los actores a promover el di\u00e1logo. Esto se convierte en un imperativo \u00e9tico para cualquier ciudadano que aspire a construir una paz duradera, al tiempo que intenta comprender que nunca ha habido una guerra que haya terminado en un campo de batalla.<\/p>\n<p><strong><em>Juntos por una convivencia pac\u00edfica y democr\u00e1tica.<\/em><\/strong><\/p>\n<p>&nbsp;<\/p>\n<p><strong>Notas<\/strong><\/p>\n<p><a href=\"#_ftnref1\" name=\"_ftn1\">[1]<\/a> En wolof, Teranga viene de \u00abteer\/teerul\u00bb, que significa acoger. Hace referencia a los valores de hospitalidad, de compartir y de solidaridad de los senegaleses.<\/p>\n<p>&nbsp;<\/p>\n<p>&nbsp;<\/p>\n<p>&nbsp;<\/p>\n<p><a href=\"https:\/\/www.pressenza.com\/es\/2021\/03\/senegal-au-dela-de-toute-appartenance-letre-humain-dabord\/oumar-diallo\/\" rel=\"attachment wp-att-1316667\"><img loading=\"lazy\" decoding=\"async\" class=\" wp-image-1316675 alignleft\" src=\"https:\/\/www.pressenza.com\/wp-content\/uploads\/2021\/03\/Oumar-DIALLO.png\" alt=\"Oumar DIALLO\" width=\"91\" height=\"103\" \/><\/a><\/p>\n<p>&nbsp;<\/p>\n<p>&nbsp;<\/p>\n<p><strong>Autor : <\/strong><strong>Oumar DIALLO<\/strong><\/p>\n<p>Licenciado en Ciencias Sociales de las Religiones<\/p>\n<p>Estudiante de Socio-Antropolog\u00eda en la UGB (Saint-Louis)<\/p>\n<p>Miembro de la organizaci\u00f3n <strong>Mundo <\/strong><strong>Sin Guerras y Sin Violencia<\/strong><\/p>\n","protected":false},"excerpt":{"rendered":"<p>La actualidad sociopol\u00edtica de Senegal est\u00e1 marcada por una serie de protestas populares recurrentes, que son manifestaciones de la crisis del Estado de Derecho. Desde la detenci\u00f3n del l\u00edder de la oposici\u00f3n, Senegal ha sido escenario de enfrentamientos entre j\u00f3venes&hellip;<\/p>\n","protected":false},"author":634,"featured_media":1316714,"comment_status":"closed","ping_status":"closed","sticky":false,"template":"","format":"standard","meta":{"footnotes":""},"categories":[64,11389,79,74],"tags":[623],"class_list":["post-1316690","post","type-post","status-publish","format-standard","has-post-thumbnail","hentry","category-africa-es","category-contenido-original","category-derechos-humanos","category-politica-es","tag-violencia"],"yoast_head":"<!-- This site is optimized with the Yoast SEO plugin v27.1.1 - https:\/\/yoast.com\/product\/yoast-seo-wordpress\/ -->\n<title>[Senegal] M\u00e1s all\u00e1 de toda pertenencia, el ser humano primero<\/title>\n<meta name=\"description\" content=\"La actualidad sociopol\u00edtica de Senegal est\u00e1 marcada por una serie de protestas populares recurrentes, que son manifestaciones de la crisis del Estado de\" \/>\n<meta name=\"robots\" content=\"index, follow, max-snippet:-1, max-image-preview:large, max-video-preview:-1\" \/>\n<link rel=\"canonical\" href=\"https:\/\/www.pressenza.com\/es\/2021\/03\/senegal-mas-alla-de-toda-pertenencia-el-ser-humano-primero\/\" \/>\n<meta property=\"og:locale\" content=\"es_ES\" \/>\n<meta property=\"og:type\" content=\"article\" \/>\n<meta property=\"og:title\" content=\"[Senegal] M\u00e1s all\u00e1 de toda pertenencia, el ser humano primero\" \/>\n<meta property=\"og:description\" content=\"La actualidad sociopol\u00edtica de Senegal est\u00e1 marcada por una serie de protestas populares recurrentes, que son manifestaciones de la crisis del Estado de\" \/>\n<meta property=\"og:url\" content=\"https:\/\/www.pressenza.com\/es\/2021\/03\/senegal-mas-alla-de-toda-pertenencia-el-ser-humano-primero\/\" \/>\n<meta property=\"og:site_name\" content=\"Pressenza\" \/>\n<meta property=\"article:publisher\" content=\"https:\/\/www.facebook.com\/PressenzaItalia\" \/>\n<meta property=\"article:author\" content=\"https:\/\/www.facebook.com\/MundoSinGuerrasYSinViolencia\" \/>\n<meta property=\"article:published_time\" content=\"2021-03-11T19:39:34+00:00\" \/>\n<meta property=\"article:modified_time\" content=\"2021-03-11T19:39:43+00:00\" \/>\n<meta property=\"og:image\" content=\"https:\/\/www.pressenza.com\/wp-content\/uploads\/2021\/03\/Senegal-crise-etat3.jpeg\" \/>\n\t<meta property=\"og:image:width\" content=\"750\" \/>\n\t<meta property=\"og:image:height\" content=\"415\" \/>\n\t<meta property=\"og:image:type\" content=\"image\/jpeg\" \/>\n<meta name=\"author\" content=\"Mundo sin Guerras y sin Violencia\" \/>\n<meta name=\"twitter:card\" content=\"summary_large_image\" \/>\n<meta name=\"twitter:creator\" content=\"@msgysv\" \/>\n<meta name=\"twitter:site\" content=\"@PressenzaIPA\" \/>\n<meta name=\"twitter:label1\" content=\"Escrito por\" \/>\n\t<meta name=\"twitter:data1\" content=\"Mundo sin Guerras y sin Violencia\" \/>\n\t<meta name=\"twitter:label2\" content=\"Tiempo de lectura\" \/>\n\t<meta name=\"twitter:data2\" content=\"5 minutos\" \/>\n<script type=\"application\/ld+json\" class=\"yoast-schema-graph\">{\"@context\":\"https:\/\/schema.org\",\"@graph\":[{\"@type\":\"Article\",\"@id\":\"https:\/\/www.pressenza.com\/es\/2021\/03\/senegal-mas-alla-de-toda-pertenencia-el-ser-humano-primero\/#article\",\"isPartOf\":{\"@id\":\"https:\/\/www.pressenza.com\/es\/2021\/03\/senegal-mas-alla-de-toda-pertenencia-el-ser-humano-primero\/\"},\"author\":{\"name\":\"Mundo sin Guerras y sin Violencia\",\"@id\":\"https:\/\/www.pressenza.com\/es\/#\/schema\/person\/d47d804d04b08f58c790fbabcbbf9670\"},\"headline\":\"[Senegal] M\u00e1s all\u00e1 de toda pertenencia, el ser humano primero\",\"datePublished\":\"2021-03-11T19:39:34+00:00\",\"dateModified\":\"2021-03-11T19:39:43+00:00\",\"mainEntityOfPage\":{\"@id\":\"https:\/\/www.pressenza.com\/es\/2021\/03\/senegal-mas-alla-de-toda-pertenencia-el-ser-humano-primero\/\"},\"wordCount\":935,\"publisher\":{\"@id\":\"https:\/\/www.pressenza.com\/es\/#organization\"},\"image\":{\"@id\":\"https:\/\/www.pressenza.com\/es\/2021\/03\/senegal-mas-alla-de-toda-pertenencia-el-ser-humano-primero\/#primaryimage\"},\"thumbnailUrl\":\"https:\/\/www.pressenza.com\/wp-content\/uploads\/2021\/03\/Senegal-crise-etat3.jpeg\",\"keywords\":[\"Violencia\"],\"articleSection\":[\"Africa\",\"Contenido Original\",\"Derechos Humanos\",\"Pol\u00edtica\"],\"inLanguage\":\"es\"},{\"@type\":\"WebPage\",\"@id\":\"https:\/\/www.pressenza.com\/es\/2021\/03\/senegal-mas-alla-de-toda-pertenencia-el-ser-humano-primero\/\",\"url\":\"https:\/\/www.pressenza.com\/es\/2021\/03\/senegal-mas-alla-de-toda-pertenencia-el-ser-humano-primero\/\",\"name\":\"[Senegal] M\u00e1s all\u00e1 de toda pertenencia, el ser humano primero\",\"isPartOf\":{\"@id\":\"https:\/\/www.pressenza.com\/es\/#website\"},\"primaryImageOfPage\":{\"@id\":\"https:\/\/www.pressenza.com\/es\/2021\/03\/senegal-mas-alla-de-toda-pertenencia-el-ser-humano-primero\/#primaryimage\"},\"image\":{\"@id\":\"https:\/\/www.pressenza.com\/es\/2021\/03\/senegal-mas-alla-de-toda-pertenencia-el-ser-humano-primero\/#primaryimage\"},\"thumbnailUrl\":\"https:\/\/www.pressenza.com\/wp-content\/uploads\/2021\/03\/Senegal-crise-etat3.jpeg\",\"datePublished\":\"2021-03-11T19:39:34+00:00\",\"dateModified\":\"2021-03-11T19:39:43+00:00\",\"description\":\"La actualidad sociopol\u00edtica de Senegal est\u00e1 marcada por una serie de protestas populares recurrentes, que son manifestaciones de la crisis del Estado de\",\"breadcrumb\":{\"@id\":\"https:\/\/www.pressenza.com\/es\/2021\/03\/senegal-mas-alla-de-toda-pertenencia-el-ser-humano-primero\/#breadcrumb\"},\"inLanguage\":\"es\",\"potentialAction\":[{\"@type\":\"ReadAction\",\"target\":[\"https:\/\/www.pressenza.com\/es\/2021\/03\/senegal-mas-alla-de-toda-pertenencia-el-ser-humano-primero\/\"]}]},{\"@type\":\"ImageObject\",\"inLanguage\":\"es\",\"@id\":\"https:\/\/www.pressenza.com\/es\/2021\/03\/senegal-mas-alla-de-toda-pertenencia-el-ser-humano-primero\/#primaryimage\",\"url\":\"https:\/\/www.pressenza.com\/wp-content\/uploads\/2021\/03\/Senegal-crise-etat3.jpeg\",\"contentUrl\":\"https:\/\/www.pressenza.com\/wp-content\/uploads\/2021\/03\/Senegal-crise-etat3.jpeg\",\"width\":750,\"height\":415},{\"@type\":\"BreadcrumbList\",\"@id\":\"https:\/\/www.pressenza.com\/es\/2021\/03\/senegal-mas-alla-de-toda-pertenencia-el-ser-humano-primero\/#breadcrumb\",\"itemListElement\":[{\"@type\":\"ListItem\",\"position\":1,\"name\":\"Accueil\",\"item\":\"https:\/\/www.pressenza.com\/es\/\"},{\"@type\":\"ListItem\",\"position\":2,\"name\":\"[Senegal] M\u00e1s all\u00e1 de toda pertenencia, el ser humano primero\"}]},{\"@type\":\"WebSite\",\"@id\":\"https:\/\/www.pressenza.com\/es\/#website\",\"url\":\"https:\/\/www.pressenza.com\/es\/\",\"name\":\"Pressenza\",\"description\":\"International Press Agency\",\"publisher\":{\"@id\":\"https:\/\/www.pressenza.com\/es\/#organization\"},\"potentialAction\":[{\"@type\":\"SearchAction\",\"target\":{\"@type\":\"EntryPoint\",\"urlTemplate\":\"https:\/\/www.pressenza.com\/es\/?s={search_term_string}\"},\"query-input\":{\"@type\":\"PropertyValueSpecification\",\"valueRequired\":true,\"valueName\":\"search_term_string\"}}],\"inLanguage\":\"es\"},{\"@type\":\"Organization\",\"@id\":\"https:\/\/www.pressenza.com\/es\/#organization\",\"name\":\"Pressenza\",\"url\":\"https:\/\/www.pressenza.com\/es\/\",\"logo\":{\"@type\":\"ImageObject\",\"inLanguage\":\"es\",\"@id\":\"https:\/\/www.pressenza.com\/es\/#\/schema\/logo\/image\/\",\"url\":\"https:\/\/www.pressenza.com\/wp-content\/uploads\/2022\/10\/pressenza_logo_200x200.jpg\",\"contentUrl\":\"https:\/\/www.pressenza.com\/wp-content\/uploads\/2022\/10\/pressenza_logo_200x200.jpg\",\"width\":200,\"height\":200,\"caption\":\"Pressenza\"},\"image\":{\"@id\":\"https:\/\/www.pressenza.com\/es\/#\/schema\/logo\/image\/\"},\"sameAs\":[\"https:\/\/www.facebook.com\/PressenzaItalia\",\"https:\/\/x.com\/PressenzaIPA\"]},{\"@type\":\"Person\",\"@id\":\"https:\/\/www.pressenza.com\/es\/#\/schema\/person\/d47d804d04b08f58c790fbabcbbf9670\",\"name\":\"Mundo sin Guerras y sin Violencia\",\"description\":\"World without Wars and Violence has been a non-profit organisation for more than 20 years and receives no funding from any government. It has \\\"Special Consultative Status\\\" with the UN Economic and Social Council. https:\/\/worldwwars.org\/\",\"sameAs\":[\"https:\/\/worldwwars.org\/\",\"https:\/\/www.facebook.com\/MundoSinGuerrasYSinViolencia\",\"https:\/\/x.com\/msgysv\"],\"url\":\"https:\/\/www.pressenza.com\/es\/author\/mundo-sin-guerras\/\"}]}<\/script>\n<!-- \/ Yoast SEO plugin. -->","yoast_head_json":{"title":"[Senegal] M\u00e1s all\u00e1 de toda pertenencia, el ser humano primero","description":"La actualidad sociopol\u00edtica de Senegal est\u00e1 marcada por una serie de protestas populares recurrentes, que son manifestaciones de la crisis del Estado de","robots":{"index":"index","follow":"follow","max-snippet":"max-snippet:-1","max-image-preview":"max-image-preview:large","max-video-preview":"max-video-preview:-1"},"canonical":"https:\/\/www.pressenza.com\/es\/2021\/03\/senegal-mas-alla-de-toda-pertenencia-el-ser-humano-primero\/","og_locale":"es_ES","og_type":"article","og_title":"[Senegal] M\u00e1s all\u00e1 de toda pertenencia, el ser humano primero","og_description":"La actualidad sociopol\u00edtica de Senegal est\u00e1 marcada por una serie de protestas populares recurrentes, que son manifestaciones de la crisis del Estado de","og_url":"https:\/\/www.pressenza.com\/es\/2021\/03\/senegal-mas-alla-de-toda-pertenencia-el-ser-humano-primero\/","og_site_name":"Pressenza","article_publisher":"https:\/\/www.facebook.com\/PressenzaItalia","article_author":"https:\/\/www.facebook.com\/MundoSinGuerrasYSinViolencia","article_published_time":"2021-03-11T19:39:34+00:00","article_modified_time":"2021-03-11T19:39:43+00:00","og_image":[{"width":750,"height":415,"url":"https:\/\/www.pressenza.com\/wp-content\/uploads\/2021\/03\/Senegal-crise-etat3.jpeg","type":"image\/jpeg"}],"author":"Mundo sin Guerras y sin Violencia","twitter_card":"summary_large_image","twitter_creator":"@msgysv","twitter_site":"@PressenzaIPA","twitter_misc":{"Escrito por":"Mundo sin Guerras y sin Violencia","Tiempo de lectura":"5 minutos"},"schema":{"@context":"https:\/\/schema.org","@graph":[{"@type":"Article","@id":"https:\/\/www.pressenza.com\/es\/2021\/03\/senegal-mas-alla-de-toda-pertenencia-el-ser-humano-primero\/#article","isPartOf":{"@id":"https:\/\/www.pressenza.com\/es\/2021\/03\/senegal-mas-alla-de-toda-pertenencia-el-ser-humano-primero\/"},"author":{"name":"Mundo sin Guerras y sin Violencia","@id":"https:\/\/www.pressenza.com\/es\/#\/schema\/person\/d47d804d04b08f58c790fbabcbbf9670"},"headline":"[Senegal] M\u00e1s all\u00e1 de toda pertenencia, el ser humano primero","datePublished":"2021-03-11T19:39:34+00:00","dateModified":"2021-03-11T19:39:43+00:00","mainEntityOfPage":{"@id":"https:\/\/www.pressenza.com\/es\/2021\/03\/senegal-mas-alla-de-toda-pertenencia-el-ser-humano-primero\/"},"wordCount":935,"publisher":{"@id":"https:\/\/www.pressenza.com\/es\/#organization"},"image":{"@id":"https:\/\/www.pressenza.com\/es\/2021\/03\/senegal-mas-alla-de-toda-pertenencia-el-ser-humano-primero\/#primaryimage"},"thumbnailUrl":"https:\/\/www.pressenza.com\/wp-content\/uploads\/2021\/03\/Senegal-crise-etat3.jpeg","keywords":["Violencia"],"articleSection":["Africa","Contenido Original","Derechos Humanos","Pol\u00edtica"],"inLanguage":"es"},{"@type":"WebPage","@id":"https:\/\/www.pressenza.com\/es\/2021\/03\/senegal-mas-alla-de-toda-pertenencia-el-ser-humano-primero\/","url":"https:\/\/www.pressenza.com\/es\/2021\/03\/senegal-mas-alla-de-toda-pertenencia-el-ser-humano-primero\/","name":"[Senegal] M\u00e1s all\u00e1 de toda pertenencia, el ser humano primero","isPartOf":{"@id":"https:\/\/www.pressenza.com\/es\/#website"},"primaryImageOfPage":{"@id":"https:\/\/www.pressenza.com\/es\/2021\/03\/senegal-mas-alla-de-toda-pertenencia-el-ser-humano-primero\/#primaryimage"},"image":{"@id":"https:\/\/www.pressenza.com\/es\/2021\/03\/senegal-mas-alla-de-toda-pertenencia-el-ser-humano-primero\/#primaryimage"},"thumbnailUrl":"https:\/\/www.pressenza.com\/wp-content\/uploads\/2021\/03\/Senegal-crise-etat3.jpeg","datePublished":"2021-03-11T19:39:34+00:00","dateModified":"2021-03-11T19:39:43+00:00","description":"La actualidad sociopol\u00edtica de Senegal est\u00e1 marcada por una serie de protestas populares recurrentes, que son manifestaciones de la crisis del Estado de","breadcrumb":{"@id":"https:\/\/www.pressenza.com\/es\/2021\/03\/senegal-mas-alla-de-toda-pertenencia-el-ser-humano-primero\/#breadcrumb"},"inLanguage":"es","potentialAction":[{"@type":"ReadAction","target":["https:\/\/www.pressenza.com\/es\/2021\/03\/senegal-mas-alla-de-toda-pertenencia-el-ser-humano-primero\/"]}]},{"@type":"ImageObject","inLanguage":"es","@id":"https:\/\/www.pressenza.com\/es\/2021\/03\/senegal-mas-alla-de-toda-pertenencia-el-ser-humano-primero\/#primaryimage","url":"https:\/\/www.pressenza.com\/wp-content\/uploads\/2021\/03\/Senegal-crise-etat3.jpeg","contentUrl":"https:\/\/www.pressenza.com\/wp-content\/uploads\/2021\/03\/Senegal-crise-etat3.jpeg","width":750,"height":415},{"@type":"BreadcrumbList","@id":"https:\/\/www.pressenza.com\/es\/2021\/03\/senegal-mas-alla-de-toda-pertenencia-el-ser-humano-primero\/#breadcrumb","itemListElement":[{"@type":"ListItem","position":1,"name":"Accueil","item":"https:\/\/www.pressenza.com\/es\/"},{"@type":"ListItem","position":2,"name":"[Senegal] M\u00e1s all\u00e1 de toda pertenencia, el ser humano primero"}]},{"@type":"WebSite","@id":"https:\/\/www.pressenza.com\/es\/#website","url":"https:\/\/www.pressenza.com\/es\/","name":"Pressenza","description":"International Press Agency","publisher":{"@id":"https:\/\/www.pressenza.com\/es\/#organization"},"potentialAction":[{"@type":"SearchAction","target":{"@type":"EntryPoint","urlTemplate":"https:\/\/www.pressenza.com\/es\/?s={search_term_string}"},"query-input":{"@type":"PropertyValueSpecification","valueRequired":true,"valueName":"search_term_string"}}],"inLanguage":"es"},{"@type":"Organization","@id":"https:\/\/www.pressenza.com\/es\/#organization","name":"Pressenza","url":"https:\/\/www.pressenza.com\/es\/","logo":{"@type":"ImageObject","inLanguage":"es","@id":"https:\/\/www.pressenza.com\/es\/#\/schema\/logo\/image\/","url":"https:\/\/www.pressenza.com\/wp-content\/uploads\/2022\/10\/pressenza_logo_200x200.jpg","contentUrl":"https:\/\/www.pressenza.com\/wp-content\/uploads\/2022\/10\/pressenza_logo_200x200.jpg","width":200,"height":200,"caption":"Pressenza"},"image":{"@id":"https:\/\/www.pressenza.com\/es\/#\/schema\/logo\/image\/"},"sameAs":["https:\/\/www.facebook.com\/PressenzaItalia","https:\/\/x.com\/PressenzaIPA"]},{"@type":"Person","@id":"https:\/\/www.pressenza.com\/es\/#\/schema\/person\/d47d804d04b08f58c790fbabcbbf9670","name":"Mundo sin Guerras y sin Violencia","description":"World without Wars and Violence has been a non-profit organisation for more than 20 years and receives no funding from any government. It has \"Special Consultative Status\" with the UN Economic and Social Council. https:\/\/worldwwars.org\/","sameAs":["https:\/\/worldwwars.org\/","https:\/\/www.facebook.com\/MundoSinGuerrasYSinViolencia","https:\/\/x.com\/msgysv"],"url":"https:\/\/www.pressenza.com\/es\/author\/mundo-sin-guerras\/"}]}},"place":"Saint-Louis, S\u00e9n\u00e9gal","original_article_url":"","_links":{"self":[{"href":"https:\/\/www.pressenza.com\/es\/wp-json\/wp\/v2\/posts\/1316690","targetHints":{"allow":["GET"]}}],"collection":[{"href":"https:\/\/www.pressenza.com\/es\/wp-json\/wp\/v2\/posts"}],"about":[{"href":"https:\/\/www.pressenza.com\/es\/wp-json\/wp\/v2\/types\/post"}],"author":[{"embeddable":true,"href":"https:\/\/www.pressenza.com\/es\/wp-json\/wp\/v2\/users\/634"}],"replies":[{"embeddable":true,"href":"https:\/\/www.pressenza.com\/es\/wp-json\/wp\/v2\/comments?post=1316690"}],"version-history":[{"count":0,"href":"https:\/\/www.pressenza.com\/es\/wp-json\/wp\/v2\/posts\/1316690\/revisions"}],"wp:featuredmedia":[{"embeddable":true,"href":"https:\/\/www.pressenza.com\/es\/wp-json\/wp\/v2\/media\/1316714"}],"wp:attachment":[{"href":"https:\/\/www.pressenza.com\/es\/wp-json\/wp\/v2\/media?parent=1316690"}],"wp:term":[{"taxonomy":"category","embeddable":true,"href":"https:\/\/www.pressenza.com\/es\/wp-json\/wp\/v2\/categories?post=1316690"},{"taxonomy":"post_tag","embeddable":true,"href":"https:\/\/www.pressenza.com\/es\/wp-json\/wp\/v2\/tags?post=1316690"}],"curies":[{"name":"wp","href":"https:\/\/api.w.org\/{rel}","templated":true}]}}