{"id":1313264,"date":"2021-03-09T00:11:51","date_gmt":"2021-03-09T00:11:51","guid":{"rendered":"https:\/\/www.pressenza.com\/?p=1313264"},"modified":"2021-03-09T00:11:51","modified_gmt":"2021-03-09T00:11:51","slug":"la-llave-de-maria-luisa-ginesta","status":"publish","type":"post","link":"https:\/\/www.pressenza.com\/es\/2021\/03\/la-llave-de-maria-luisa-ginesta\/","title":{"rendered":"\u00abLa llave\u00bb de Mar\u00eda Luisa Ginesta"},"content":{"rendered":"<p><strong>Una invitaci\u00f3n a abrir la puerta de nuestro propio viaje hacia la sanaci\u00f3n<\/strong><\/p>\n<p><em>En La llave, Maria Luisa Ginesta, nos toma de la mano y nos lleva a transitar por un camino de b\u00fasqueda, de reflexi\u00f3n y de conocimiento interior. Un trayecto que se inicia con el reconocimiento de un abuso, en el que luego se abren puertas y ventanas que permiten la entrada de la luz que reconforta el alma. A trav\u00e9s de su experiencia, Mar\u00eda Luisa Ginesta, La Chica, nos invita a enfrentar sin temores episodios de abusos, que la mayor\u00eda de las mujeres hemos vivido alguna vez. Con La llave Maria Luisa inicia un nuevo camino, la creaci\u00f3n de la Fundaci\u00f3n Entretodas, <\/em><em>un espacio seguro, de acompa\u00f1amiento y contenci\u00f3n donde se acoger\u00e1 y entregar\u00e1n herramientas a mujeres que han vivido estas dolorosas experiencias. El libro ser\u00e1 presentado por Malucha Pinto y Jaime Hales, el 28 de mayo a las 19:15 a trav\u00e9s de <a href=\"http:\/\/www.lasllavesdelachica.cl\">www.lasllavesdelachica.cl<\/a><\/em><\/p>\n<p><iframe loading=\"lazy\" title=\"zoom 0\" width=\"500\" height=\"281\" src=\"https:\/\/www.youtube.com\/embed\/70mYOpqqjfM?feature=oembed\" frameborder=\"0\" allow=\"accelerometer; autoplay; clipboard-write; encrypted-media; gyroscope; picture-in-picture; web-share\" referrerpolicy=\"strict-origin-when-cross-origin\" allowfullscreen><\/iframe><\/p>\n<p>\u201c<em>Siento que soy una mujer nueva. Hoy puedo leer con m\u00e1s claridad la vida, la puedo vivir aun con m\u00e1s intensidad<\/em>\u201d, dice La Chica en las p\u00e1ginas finales de <em>La llave<\/em>, libro que nace desde lo m\u00e1s profundo de su alma con la necesidad de explicarle a su compa\u00f1ero de vida lo que est\u00e1 viviendo y que la revoluciona internamente.<\/p>\n<p>Este es su primer libro y es la llave para abrir la <em>Fundaci\u00f3n<\/em> <em>Entretodas<\/em>, no solo por su contenido sino tambi\u00e9n porque toda la venta ir\u00e1 dirigida para la apertura de la fundaci\u00f3n, un lugar que pretende formar una comunidad conectando a distintos grupos de mujeres para que puedan ayudarse entre s\u00ed.<\/p>\n<p>La protagonista emprende este peregrinaje desde el temor y la duda hacia un final inc\u00f3gnito que puede llevar a cualquier part<span style=\"text-decoration: line-through;\">e. <\/span>La viajera convoca voces diversas que emergen desde el pasado, como ese maravilloso personaje \u2013la t\u00eda bisabuela, ya fallecida- que dialoga con la autora desde sus escritos. Ella va iluminando en la protagonista una nueva aproximaci\u00f3n a las cosas con su bello lenguaje, que resulta sorprendentemente vigente.<\/p>\n<p>El itinerario por el que la autora nos lleva est\u00e1 marcado por la integraci\u00f3n de aquellas voces, junto con la capacidad reflexiva y la hondura de introspecci\u00f3n de la protagonista<span style=\"text-decoration: line-through;\">. <\/span><\/p>\n<p>Con su lenguaje formal-informal, espont\u00e1neo y a la vez l\u00facido e inspirado, esta narrativa consigue involucrar al lector con la historia de su protagonista. Le permite tambi\u00e9n despertar en \u00e9l preguntas que tal vez ten\u00eda dormidas, entreg\u00e1ndole, como regalo, una llave para resolverlas. En <em>La llave<\/em>, La Chica nos invita a superar la victimizaci\u00f3n mediante un aprendizaje profundo, con el objeto de avanzar, conocernos y aceptarnos. Compartir estas vivencias nos permitir\u00e1 comprender qu\u00e9 es la sororidad en tanto somos mujeres solidarias y generosas con nuestro g\u00e9nero.<\/p>\n<p><strong>Maria Luisa Ginesta<\/strong>, es una aficionada a la cocina, su mayor pasi\u00f3n. Por a\u00f1os se dedic\u00f3 a la banqueter\u00eda y dar clases de cocina, en el extranjero como en Chile. Ha participado en varios concursos gastron\u00f3micos donde, hasta ahora, ha ganado alg\u00fan premio u obtenido una menci\u00f3n importante. Es una mujer inquieta, no solo le gusta viajar por el mundo, sino que siempre est\u00e1 abriendo nuevos espacios y explorando otras posibilidades, tratando de hacer de su vida una verdadera obra de arte. \u00a0Actualmente est\u00e1 incursionando en la literatura para continuar los pasos de las grandes mujeres escritoras de su clan. Hace unos a\u00f1os trabaja en la <em>Fundaci\u00f3n Betania Acoge<\/em> en Valpara\u00edso donde, entre otras cosas, hace talleres de crecimiento personal. \u00a0Actualmente est\u00e1 en plena creaci\u00f3n de una fundaci\u00f3n para mujeres, que pretende ser un espacio de acogida, apoyo y colaboraci\u00f3n femenina.<\/p>\n<p>Contacto de prensa:<\/p>\n<p>Mariana Hales Beseler<\/p>\n<p><a href=\"mailto:marianahales@gmail.com\">marianahales@gmail.com<\/a><\/p>\n<p>+569 98350719<\/p>\n<p>&nbsp;<\/p>\n<p>&nbsp;<\/p>\n","protected":false},"excerpt":{"rendered":"<p>Una invitaci\u00f3n a abrir la puerta de nuestro propio viaje hacia la sanaci\u00f3n En La llave, Maria Luisa Ginesta, nos toma de la mano y nos lleva a transitar por un camino de b\u00fasqueda, de reflexi\u00f3n y de conocimiento interior.&hellip;<\/p>\n","protected":false},"author":43,"featured_media":1314909,"comment_status":"closed","ping_status":"closed","sticky":false,"template":"","format":"standard","meta":{"footnotes":""},"categories":[11389,155,54515,67,25678],"tags":[24748,1042,88212],"class_list":["post-1313264","post","type-post","status-publish","format-standard","has-post-thumbnail","hentry","category-contenido-original","category-entrevistas","category-genero-y-feminismos","category-sudamerica","category-video-es","tag-abuso","tag-libros","tag-maria-luisa-ginesta"],"yoast_head":"<!-- This site is optimized with the Yoast SEO plugin v27.1.1 - https:\/\/yoast.com\/product\/yoast-seo-wordpress\/ -->\n<title>&quot;La llave&quot; de Mar\u00eda Luisa Ginesta<\/title>\n<meta name=\"description\" content=\"Una invitaci\u00f3n a abrir la puerta de nuestro propio viaje hacia la sanaci\u00f3n En La llave, Maria Luisa Ginesta, nos toma de la mano y nos lleva a transitar\" \/>\n<meta name=\"robots\" content=\"index, follow, max-snippet:-1, max-image-preview:large, max-video-preview:-1\" \/>\n<link rel=\"canonical\" href=\"https:\/\/www.pressenza.com\/es\/2021\/03\/la-llave-de-maria-luisa-ginesta\/\" \/>\n<meta property=\"og:locale\" content=\"es_ES\" \/>\n<meta property=\"og:type\" content=\"article\" \/>\n<meta property=\"og:title\" content=\"&quot;La llave&quot; de Mar\u00eda Luisa Ginesta\" \/>\n<meta property=\"og:description\" content=\"Una invitaci\u00f3n a abrir la puerta de nuestro propio viaje hacia la sanaci\u00f3n En La llave, Maria Luisa Ginesta, nos toma de la mano y nos lleva a transitar\" \/>\n<meta property=\"og:url\" content=\"https:\/\/www.pressenza.com\/es\/2021\/03\/la-llave-de-maria-luisa-ginesta\/\" \/>\n<meta property=\"og:site_name\" content=\"Pressenza\" \/>\n<meta property=\"article:publisher\" content=\"https:\/\/www.facebook.com\/PressenzaItalia\" \/>\n<meta property=\"article:author\" content=\"https:\/\/www.facebook.com\/pressenza\" \/>\n<meta property=\"article:published_time\" content=\"2021-03-09T00:11:51+00:00\" \/>\n<meta property=\"og:image\" content=\"https:\/\/www.pressenza.com\/wp-content\/uploads\/2021\/03\/llave.jpg\" \/>\n\t<meta property=\"og:image:width\" content=\"812\" \/>\n\t<meta property=\"og:image:height\" content=\"1312\" \/>\n\t<meta property=\"og:image:type\" content=\"image\/jpeg\" \/>\n<meta name=\"author\" content=\"Redacci\u00f3n Chile\" \/>\n<meta name=\"twitter:card\" content=\"summary_large_image\" \/>\n<meta name=\"twitter:creator\" content=\"@pressenza\" \/>\n<meta name=\"twitter:site\" content=\"@PressenzaIPA\" \/>\n<meta name=\"twitter:label1\" content=\"Escrito por\" \/>\n\t<meta name=\"twitter:data1\" content=\"Redacci\u00f3n Chile\" \/>\n\t<meta name=\"twitter:label2\" content=\"Tiempo de lectura\" \/>\n\t<meta name=\"twitter:data2\" content=\"3 minutos\" \/>\n<script type=\"application\/ld+json\" class=\"yoast-schema-graph\">{\"@context\":\"https:\/\/schema.org\",\"@graph\":[{\"@type\":\"Article\",\"@id\":\"https:\/\/www.pressenza.com\/es\/2021\/03\/la-llave-de-maria-luisa-ginesta\/#article\",\"isPartOf\":{\"@id\":\"https:\/\/www.pressenza.com\/es\/2021\/03\/la-llave-de-maria-luisa-ginesta\/\"},\"author\":{\"name\":\"Redacci\u00f3n Chile\",\"@id\":\"https:\/\/www.pressenza.com\/es\/#\/schema\/person\/d7db40df35d6698ba69ba9ee260944ed\"},\"headline\":\"\u00abLa llave\u00bb de Mar\u00eda Luisa Ginesta\",\"datePublished\":\"2021-03-09T00:11:51+00:00\",\"mainEntityOfPage\":{\"@id\":\"https:\/\/www.pressenza.com\/es\/2021\/03\/la-llave-de-maria-luisa-ginesta\/\"},\"wordCount\":664,\"publisher\":{\"@id\":\"https:\/\/www.pressenza.com\/es\/#organization\"},\"image\":{\"@id\":\"https:\/\/www.pressenza.com\/es\/2021\/03\/la-llave-de-maria-luisa-ginesta\/#primaryimage\"},\"thumbnailUrl\":\"https:\/\/www.pressenza.com\/wp-content\/uploads\/2021\/03\/llave.jpg\",\"keywords\":[\"abuso\",\"libros\",\"Mar\u00eda Luisa Ginesta\"],\"articleSection\":[\"Contenido Original\",\"Entrevistas\",\"G\u00e9nero y Feminismos\",\"Sudam\u00e9rica\",\"Video\"],\"inLanguage\":\"es\"},{\"@type\":\"WebPage\",\"@id\":\"https:\/\/www.pressenza.com\/es\/2021\/03\/la-llave-de-maria-luisa-ginesta\/\",\"url\":\"https:\/\/www.pressenza.com\/es\/2021\/03\/la-llave-de-maria-luisa-ginesta\/\",\"name\":\"\\\"La llave\\\" de Mar\u00eda Luisa Ginesta\",\"isPartOf\":{\"@id\":\"https:\/\/www.pressenza.com\/es\/#website\"},\"primaryImageOfPage\":{\"@id\":\"https:\/\/www.pressenza.com\/es\/2021\/03\/la-llave-de-maria-luisa-ginesta\/#primaryimage\"},\"image\":{\"@id\":\"https:\/\/www.pressenza.com\/es\/2021\/03\/la-llave-de-maria-luisa-ginesta\/#primaryimage\"},\"thumbnailUrl\":\"https:\/\/www.pressenza.com\/wp-content\/uploads\/2021\/03\/llave.jpg\",\"datePublished\":\"2021-03-09T00:11:51+00:00\",\"description\":\"Una invitaci\u00f3n a abrir la puerta de nuestro propio viaje hacia la sanaci\u00f3n En La llave, Maria Luisa Ginesta, nos toma de la mano y nos lleva a transitar\",\"breadcrumb\":{\"@id\":\"https:\/\/www.pressenza.com\/es\/2021\/03\/la-llave-de-maria-luisa-ginesta\/#breadcrumb\"},\"inLanguage\":\"es\",\"potentialAction\":[{\"@type\":\"ReadAction\",\"target\":[\"https:\/\/www.pressenza.com\/es\/2021\/03\/la-llave-de-maria-luisa-ginesta\/\"]}]},{\"@type\":\"ImageObject\",\"inLanguage\":\"es\",\"@id\":\"https:\/\/www.pressenza.com\/es\/2021\/03\/la-llave-de-maria-luisa-ginesta\/#primaryimage\",\"url\":\"https:\/\/www.pressenza.com\/wp-content\/uploads\/2021\/03\/llave.jpg\",\"contentUrl\":\"https:\/\/www.pressenza.com\/wp-content\/uploads\/2021\/03\/llave.jpg\",\"width\":812,\"height\":1312},{\"@type\":\"BreadcrumbList\",\"@id\":\"https:\/\/www.pressenza.com\/es\/2021\/03\/la-llave-de-maria-luisa-ginesta\/#breadcrumb\",\"itemListElement\":[{\"@type\":\"ListItem\",\"position\":1,\"name\":\"Accueil\",\"item\":\"https:\/\/www.pressenza.com\/es\/\"},{\"@type\":\"ListItem\",\"position\":2,\"name\":\"\u00abLa llave\u00bb de Mar\u00eda Luisa Ginesta\"}]},{\"@type\":\"WebSite\",\"@id\":\"https:\/\/www.pressenza.com\/es\/#website\",\"url\":\"https:\/\/www.pressenza.com\/es\/\",\"name\":\"Pressenza\",\"description\":\"International Press Agency\",\"publisher\":{\"@id\":\"https:\/\/www.pressenza.com\/es\/#organization\"},\"potentialAction\":[{\"@type\":\"SearchAction\",\"target\":{\"@type\":\"EntryPoint\",\"urlTemplate\":\"https:\/\/www.pressenza.com\/es\/?s={search_term_string}\"},\"query-input\":{\"@type\":\"PropertyValueSpecification\",\"valueRequired\":true,\"valueName\":\"search_term_string\"}}],\"inLanguage\":\"es\"},{\"@type\":\"Organization\",\"@id\":\"https:\/\/www.pressenza.com\/es\/#organization\",\"name\":\"Pressenza\",\"url\":\"https:\/\/www.pressenza.com\/es\/\",\"logo\":{\"@type\":\"ImageObject\",\"inLanguage\":\"es\",\"@id\":\"https:\/\/www.pressenza.com\/es\/#\/schema\/logo\/image\/\",\"url\":\"https:\/\/www.pressenza.com\/wp-content\/uploads\/2022\/10\/pressenza_logo_200x200.jpg\",\"contentUrl\":\"https:\/\/www.pressenza.com\/wp-content\/uploads\/2022\/10\/pressenza_logo_200x200.jpg\",\"width\":200,\"height\":200,\"caption\":\"Pressenza\"},\"image\":{\"@id\":\"https:\/\/www.pressenza.com\/es\/#\/schema\/logo\/image\/\"},\"sameAs\":[\"https:\/\/www.facebook.com\/PressenzaItalia\",\"https:\/\/x.com\/PressenzaIPA\"]},{\"@type\":\"Person\",\"@id\":\"https:\/\/www.pressenza.com\/es\/#\/schema\/person\/d7db40df35d6698ba69ba9ee260944ed\",\"name\":\"Redacci\u00f3n Chile\",\"description\":\"News from the Pressenza Bureau in Chile\",\"sameAs\":[\"https:\/\/www.facebook.com\/pressenza\",\"https:\/\/x.com\/pressenza\"],\"url\":\"https:\/\/www.pressenza.com\/es\/author\/redaccion-chile\/\"}]}<\/script>\n<!-- \/ Yoast SEO plugin. -->","yoast_head_json":{"title":"\"La llave\" de Mar\u00eda Luisa Ginesta","description":"Una invitaci\u00f3n a abrir la puerta de nuestro propio viaje hacia la sanaci\u00f3n En La llave, Maria Luisa Ginesta, nos toma de la mano y nos lleva a transitar","robots":{"index":"index","follow":"follow","max-snippet":"max-snippet:-1","max-image-preview":"max-image-preview:large","max-video-preview":"max-video-preview:-1"},"canonical":"https:\/\/www.pressenza.com\/es\/2021\/03\/la-llave-de-maria-luisa-ginesta\/","og_locale":"es_ES","og_type":"article","og_title":"\"La llave\" de Mar\u00eda Luisa Ginesta","og_description":"Una invitaci\u00f3n a abrir la puerta de nuestro propio viaje hacia la sanaci\u00f3n En La llave, Maria Luisa Ginesta, nos toma de la mano y nos lleva a transitar","og_url":"https:\/\/www.pressenza.com\/es\/2021\/03\/la-llave-de-maria-luisa-ginesta\/","og_site_name":"Pressenza","article_publisher":"https:\/\/www.facebook.com\/PressenzaItalia","article_author":"https:\/\/www.facebook.com\/pressenza","article_published_time":"2021-03-09T00:11:51+00:00","og_image":[{"width":812,"height":1312,"url":"https:\/\/www.pressenza.com\/wp-content\/uploads\/2021\/03\/llave.jpg","type":"image\/jpeg"}],"author":"Redacci\u00f3n Chile","twitter_card":"summary_large_image","twitter_creator":"@pressenza","twitter_site":"@PressenzaIPA","twitter_misc":{"Escrito por":"Redacci\u00f3n Chile","Tiempo de lectura":"3 minutos"},"schema":{"@context":"https:\/\/schema.org","@graph":[{"@type":"Article","@id":"https:\/\/www.pressenza.com\/es\/2021\/03\/la-llave-de-maria-luisa-ginesta\/#article","isPartOf":{"@id":"https:\/\/www.pressenza.com\/es\/2021\/03\/la-llave-de-maria-luisa-ginesta\/"},"author":{"name":"Redacci\u00f3n Chile","@id":"https:\/\/www.pressenza.com\/es\/#\/schema\/person\/d7db40df35d6698ba69ba9ee260944ed"},"headline":"\u00abLa llave\u00bb de Mar\u00eda Luisa Ginesta","datePublished":"2021-03-09T00:11:51+00:00","mainEntityOfPage":{"@id":"https:\/\/www.pressenza.com\/es\/2021\/03\/la-llave-de-maria-luisa-ginesta\/"},"wordCount":664,"publisher":{"@id":"https:\/\/www.pressenza.com\/es\/#organization"},"image":{"@id":"https:\/\/www.pressenza.com\/es\/2021\/03\/la-llave-de-maria-luisa-ginesta\/#primaryimage"},"thumbnailUrl":"https:\/\/www.pressenza.com\/wp-content\/uploads\/2021\/03\/llave.jpg","keywords":["abuso","libros","Mar\u00eda Luisa Ginesta"],"articleSection":["Contenido Original","Entrevistas","G\u00e9nero y Feminismos","Sudam\u00e9rica","Video"],"inLanguage":"es"},{"@type":"WebPage","@id":"https:\/\/www.pressenza.com\/es\/2021\/03\/la-llave-de-maria-luisa-ginesta\/","url":"https:\/\/www.pressenza.com\/es\/2021\/03\/la-llave-de-maria-luisa-ginesta\/","name":"\"La llave\" de Mar\u00eda Luisa Ginesta","isPartOf":{"@id":"https:\/\/www.pressenza.com\/es\/#website"},"primaryImageOfPage":{"@id":"https:\/\/www.pressenza.com\/es\/2021\/03\/la-llave-de-maria-luisa-ginesta\/#primaryimage"},"image":{"@id":"https:\/\/www.pressenza.com\/es\/2021\/03\/la-llave-de-maria-luisa-ginesta\/#primaryimage"},"thumbnailUrl":"https:\/\/www.pressenza.com\/wp-content\/uploads\/2021\/03\/llave.jpg","datePublished":"2021-03-09T00:11:51+00:00","description":"Una invitaci\u00f3n a abrir la puerta de nuestro propio viaje hacia la sanaci\u00f3n En La llave, Maria Luisa Ginesta, nos toma de la mano y nos lleva a transitar","breadcrumb":{"@id":"https:\/\/www.pressenza.com\/es\/2021\/03\/la-llave-de-maria-luisa-ginesta\/#breadcrumb"},"inLanguage":"es","potentialAction":[{"@type":"ReadAction","target":["https:\/\/www.pressenza.com\/es\/2021\/03\/la-llave-de-maria-luisa-ginesta\/"]}]},{"@type":"ImageObject","inLanguage":"es","@id":"https:\/\/www.pressenza.com\/es\/2021\/03\/la-llave-de-maria-luisa-ginesta\/#primaryimage","url":"https:\/\/www.pressenza.com\/wp-content\/uploads\/2021\/03\/llave.jpg","contentUrl":"https:\/\/www.pressenza.com\/wp-content\/uploads\/2021\/03\/llave.jpg","width":812,"height":1312},{"@type":"BreadcrumbList","@id":"https:\/\/www.pressenza.com\/es\/2021\/03\/la-llave-de-maria-luisa-ginesta\/#breadcrumb","itemListElement":[{"@type":"ListItem","position":1,"name":"Accueil","item":"https:\/\/www.pressenza.com\/es\/"},{"@type":"ListItem","position":2,"name":"\u00abLa llave\u00bb de Mar\u00eda Luisa Ginesta"}]},{"@type":"WebSite","@id":"https:\/\/www.pressenza.com\/es\/#website","url":"https:\/\/www.pressenza.com\/es\/","name":"Pressenza","description":"International Press Agency","publisher":{"@id":"https:\/\/www.pressenza.com\/es\/#organization"},"potentialAction":[{"@type":"SearchAction","target":{"@type":"EntryPoint","urlTemplate":"https:\/\/www.pressenza.com\/es\/?s={search_term_string}"},"query-input":{"@type":"PropertyValueSpecification","valueRequired":true,"valueName":"search_term_string"}}],"inLanguage":"es"},{"@type":"Organization","@id":"https:\/\/www.pressenza.com\/es\/#organization","name":"Pressenza","url":"https:\/\/www.pressenza.com\/es\/","logo":{"@type":"ImageObject","inLanguage":"es","@id":"https:\/\/www.pressenza.com\/es\/#\/schema\/logo\/image\/","url":"https:\/\/www.pressenza.com\/wp-content\/uploads\/2022\/10\/pressenza_logo_200x200.jpg","contentUrl":"https:\/\/www.pressenza.com\/wp-content\/uploads\/2022\/10\/pressenza_logo_200x200.jpg","width":200,"height":200,"caption":"Pressenza"},"image":{"@id":"https:\/\/www.pressenza.com\/es\/#\/schema\/logo\/image\/"},"sameAs":["https:\/\/www.facebook.com\/PressenzaItalia","https:\/\/x.com\/PressenzaIPA"]},{"@type":"Person","@id":"https:\/\/www.pressenza.com\/es\/#\/schema\/person\/d7db40df35d6698ba69ba9ee260944ed","name":"Redacci\u00f3n Chile","description":"News from the Pressenza Bureau in Chile","sameAs":["https:\/\/www.facebook.com\/pressenza","https:\/\/x.com\/pressenza"],"url":"https:\/\/www.pressenza.com\/es\/author\/redaccion-chile\/"}]}},"place":"Santiago de Chile","original_article_url":"","_links":{"self":[{"href":"https:\/\/www.pressenza.com\/es\/wp-json\/wp\/v2\/posts\/1313264","targetHints":{"allow":["GET"]}}],"collection":[{"href":"https:\/\/www.pressenza.com\/es\/wp-json\/wp\/v2\/posts"}],"about":[{"href":"https:\/\/www.pressenza.com\/es\/wp-json\/wp\/v2\/types\/post"}],"author":[{"embeddable":true,"href":"https:\/\/www.pressenza.com\/es\/wp-json\/wp\/v2\/users\/43"}],"replies":[{"embeddable":true,"href":"https:\/\/www.pressenza.com\/es\/wp-json\/wp\/v2\/comments?post=1313264"}],"version-history":[{"count":0,"href":"https:\/\/www.pressenza.com\/es\/wp-json\/wp\/v2\/posts\/1313264\/revisions"}],"wp:featuredmedia":[{"embeddable":true,"href":"https:\/\/www.pressenza.com\/es\/wp-json\/wp\/v2\/media\/1314909"}],"wp:attachment":[{"href":"https:\/\/www.pressenza.com\/es\/wp-json\/wp\/v2\/media?parent=1313264"}],"wp:term":[{"taxonomy":"category","embeddable":true,"href":"https:\/\/www.pressenza.com\/es\/wp-json\/wp\/v2\/categories?post=1313264"},{"taxonomy":"post_tag","embeddable":true,"href":"https:\/\/www.pressenza.com\/es\/wp-json\/wp\/v2\/tags?post=1313264"}],"curies":[{"name":"wp","href":"https:\/\/api.w.org\/{rel}","templated":true}]}}