{"id":1313250,"date":"2021-03-08T17:23:35","date_gmt":"2021-03-08T17:23:35","guid":{"rendered":"https:\/\/www.pressenza.com\/?p=1313250"},"modified":"2021-03-08T17:23:35","modified_gmt":"2021-03-08T17:23:35","slug":"reflexiones-en-el-dia-de-la-mujer","status":"publish","type":"post","link":"https:\/\/www.pressenza.com\/es\/2021\/03\/reflexiones-en-el-dia-de-la-mujer\/","title":{"rendered":"Reflexiones en el d\u00eda de la mujer"},"content":{"rendered":"<p>Parece mentira que haya que celebrar el d\u00eda de la mujer. Su sola existencia, y que no exista un d\u00eda del hombre, revela que la sociedad actual, no obstante los avances y progresos en las m\u00e1s diversas esferas, en materia de g\u00e9nero, deja mucho que desear.<\/p>\n<p>El origen del d\u00eda internacional de la mujer parece remontarse a fines del siglo XIX, en medio de la revoluci\u00f3n industrial y de desarrollo del movimiento obrero a nivel mundial. En el plano pol\u00edtico la discriminaci\u00f3n se expresaba en negarles el derecho a sufragio. Las primeras luchas en esta direcci\u00f3n se dieron bajo los principios de libertad, igualdad y fraternidad de la revoluci\u00f3n francesa.<\/p>\n<p>La postergaci\u00f3n de la mujer era parte de la cultura imperante en una sociedad retr\u00f3grada, postergaci\u00f3n funcional a los intereses de los sectores m\u00e1s conservadores habituados a observarlas como \u201cobjetos\u201d antes que como personas. De all\u00ed que su emancipaci\u00f3n se asocie a las fuerzas de izquierda, las que han encabezado las luchas hist\u00f3ricas a favor de sus derechos no exclusi\u00f3n y no discriminaci\u00f3n. En Chile, reci\u00e9n a mediados del siglo pasado, bajo un gobierno radical, la mujer adquiri\u00f3 su pleno derecho a sufragio. Se ha avanzado en materia de legislaci\u00f3n, de conciencia social. La sociedad \u201cya sabe\u201d que no hay derecho a discriminar contra las mujeres, ya nos hemos impregnado p\u00fablicamente de esta concepci\u00f3n. Paso importante, pero insuficiente si aspiramos a una sociedad democr\u00e1tica constituida por mujeres y hombres libres en plenitud.<\/p>\n<p>Insuficiente en tanto que subsista el nivel de violencia intrafamiliar y postergaci\u00f3n que sufren las mujeres, las que se agudizan en momentos de crisis econ\u00f3mica como el que se vive en la actualidad. Las cifras son alarmantes y dan cuenta de la resistencia que en la pr\u00e1ctica, produce esta concepci\u00f3n de la mujer como persona. En Chile esta discriminaci\u00f3n se expresa en el frecuente asesinato de mujeres por sus parejas o exparejas; en un promedio de ingreso salarial sustancialmente inferior al de los hombres que cumplen igual funci\u00f3n.<\/p>\n<p>Al menos en Chile las mujeres deben pens\u00e1rsela muy bien de denunciar a sus parejas ante los carabineros porque no las inflan y\/o porque los jueces suelen fallar bajo un subconsciente en el que el machismo reina. \u00bfCu\u00e1ntas mujeres no han sido asesinadas luego de haber denunciado a sus parejas? Aun cuando la ley deja mucho que desear, de todas maneras otorga las atribuciones a los jueces para que adopte las medidas cautelares pertinentes. Pero no se ejercen en plenitud porque subyace esa mentalidad machista que contin\u00faa subsistiendo en el subconsciente de cada uno de nosotros.<\/p>\n<p>Si bien hay avances, persisten comportamientos y conductas discriminatorias que es indispensable dejar atr\u00e1s cuanto antes.<\/p>\n<p>&nbsp;<\/p>\n<p>Photo by <a href=\"https:\/\/unsplash.com\/@omarlopez1?utm_source=unsplash&amp;utm_medium=referral&amp;utm_content=creditCopyText\">Omar Lopez<\/a> on <a href=\"https:\/\/unsplash.com\/s\/photos\/woman?utm_source=unsplash&amp;utm_medium=referral&amp;utm_content=creditCopyText\">Unsplash<\/a><\/p>\n","protected":false},"excerpt":{"rendered":"<p>Parece mentira que haya que celebrar el d\u00eda de la mujer. Su sola existencia, y que no exista un d\u00eda del hombre, revela que la sociedad actual, no obstante los avances y progresos en las m\u00e1s diversas esferas, en materia&hellip;<\/p>\n","protected":false},"author":1346,"featured_media":1313252,"comment_status":"closed","ping_status":"closed","sticky":false,"template":"","format":"standard","meta":{"footnotes":""},"categories":[11389,79,54515,161],"tags":[54360,88211,24719,46809,4332],"class_list":["post-1313250","post","type-post","status-publish","format-standard","has-post-thumbnail","hentry","category-contenido-original","category-derechos-humanos","category-genero-y-feminismos","category-opiniones","tag-8m-es","tag-8m2021-es","tag-dia-internacional-de-la-mujer","tag-discriminacion-de-genero","tag-feminismo"],"yoast_head":"<!-- This site is optimized with the Yoast SEO plugin v27.1.1 - https:\/\/yoast.com\/product\/yoast-seo-wordpress\/ -->\n<title>Reflexiones en el d\u00eda de la mujer<\/title>\n<meta name=\"description\" content=\"Parece mentira que haya que celebrar el d\u00eda de la mujer. Su sola existencia, y que no exista un d\u00eda del hombre, revela que la sociedad actual, no obstante\" \/>\n<meta name=\"robots\" content=\"index, follow, max-snippet:-1, max-image-preview:large, max-video-preview:-1\" \/>\n<link rel=\"canonical\" href=\"https:\/\/www.pressenza.com\/es\/2021\/03\/reflexiones-en-el-dia-de-la-mujer\/\" \/>\n<meta property=\"og:locale\" content=\"es_ES\" \/>\n<meta property=\"og:type\" content=\"article\" \/>\n<meta property=\"og:title\" content=\"Reflexiones en el d\u00eda de la mujer\" \/>\n<meta property=\"og:description\" content=\"Parece mentira que haya que celebrar el d\u00eda de la mujer. Su sola existencia, y que no exista un d\u00eda del hombre, revela que la sociedad actual, no obstante\" \/>\n<meta property=\"og:url\" content=\"https:\/\/www.pressenza.com\/es\/2021\/03\/reflexiones-en-el-dia-de-la-mujer\/\" \/>\n<meta property=\"og:site_name\" content=\"Pressenza\" \/>\n<meta property=\"article:publisher\" content=\"https:\/\/www.facebook.com\/PressenzaItalia\" \/>\n<meta property=\"article:published_time\" content=\"2021-03-08T17:23:35+00:00\" \/>\n<meta property=\"og:image\" content=\"https:\/\/www.pressenza.com\/wp-content\/uploads\/2021\/03\/mujeres-jovenes.jpg\" \/>\n\t<meta property=\"og:image:width\" content=\"1350\" \/>\n\t<meta property=\"og:image:height\" content=\"975\" \/>\n\t<meta property=\"og:image:type\" content=\"image\/jpeg\" \/>\n<meta name=\"author\" content=\"Rodolfo Schmal\" \/>\n<meta name=\"twitter:card\" content=\"summary_large_image\" \/>\n<meta name=\"twitter:creator\" content=\"@PressenzaIPA\" \/>\n<meta name=\"twitter:site\" content=\"@PressenzaIPA\" \/>\n<meta name=\"twitter:label1\" content=\"Escrito por\" \/>\n\t<meta name=\"twitter:data1\" content=\"Rodolfo Schmal\" \/>\n\t<meta name=\"twitter:label2\" content=\"Tiempo de lectura\" \/>\n\t<meta name=\"twitter:data2\" content=\"2 minutos\" \/>\n<script type=\"application\/ld+json\" class=\"yoast-schema-graph\">{\"@context\":\"https:\/\/schema.org\",\"@graph\":[{\"@type\":\"Article\",\"@id\":\"https:\/\/www.pressenza.com\/es\/2021\/03\/reflexiones-en-el-dia-de-la-mujer\/#article\",\"isPartOf\":{\"@id\":\"https:\/\/www.pressenza.com\/es\/2021\/03\/reflexiones-en-el-dia-de-la-mujer\/\"},\"author\":{\"name\":\"Rodolfo Schmal\",\"@id\":\"https:\/\/www.pressenza.com\/es\/#\/schema\/person\/f997ea76500c802de8beb920d3db5a96\"},\"headline\":\"Reflexiones en el d\u00eda de la mujer\",\"datePublished\":\"2021-03-08T17:23:35+00:00\",\"mainEntityOfPage\":{\"@id\":\"https:\/\/www.pressenza.com\/es\/2021\/03\/reflexiones-en-el-dia-de-la-mujer\/\"},\"wordCount\":491,\"publisher\":{\"@id\":\"https:\/\/www.pressenza.com\/es\/#organization\"},\"image\":{\"@id\":\"https:\/\/www.pressenza.com\/es\/2021\/03\/reflexiones-en-el-dia-de-la-mujer\/#primaryimage\"},\"thumbnailUrl\":\"https:\/\/www.pressenza.com\/wp-content\/uploads\/2021\/03\/mujeres-jovenes.jpg\",\"keywords\":[\"8M\",\"8M2021\",\"D\u00eda Internacional de la Mujer\",\"discriminaci\u00f3n de g\u00e9nero\",\"feminismo\"],\"articleSection\":[\"Contenido Original\",\"Derechos Humanos\",\"G\u00e9nero y Feminismos\",\"Opiniones\"],\"inLanguage\":\"es\"},{\"@type\":\"WebPage\",\"@id\":\"https:\/\/www.pressenza.com\/es\/2021\/03\/reflexiones-en-el-dia-de-la-mujer\/\",\"url\":\"https:\/\/www.pressenza.com\/es\/2021\/03\/reflexiones-en-el-dia-de-la-mujer\/\",\"name\":\"Reflexiones en el d\u00eda de la mujer\",\"isPartOf\":{\"@id\":\"https:\/\/www.pressenza.com\/es\/#website\"},\"primaryImageOfPage\":{\"@id\":\"https:\/\/www.pressenza.com\/es\/2021\/03\/reflexiones-en-el-dia-de-la-mujer\/#primaryimage\"},\"image\":{\"@id\":\"https:\/\/www.pressenza.com\/es\/2021\/03\/reflexiones-en-el-dia-de-la-mujer\/#primaryimage\"},\"thumbnailUrl\":\"https:\/\/www.pressenza.com\/wp-content\/uploads\/2021\/03\/mujeres-jovenes.jpg\",\"datePublished\":\"2021-03-08T17:23:35+00:00\",\"description\":\"Parece mentira que haya que celebrar el d\u00eda de la mujer. Su sola existencia, y que no exista un d\u00eda del hombre, revela que la sociedad actual, no obstante\",\"breadcrumb\":{\"@id\":\"https:\/\/www.pressenza.com\/es\/2021\/03\/reflexiones-en-el-dia-de-la-mujer\/#breadcrumb\"},\"inLanguage\":\"es\",\"potentialAction\":[{\"@type\":\"ReadAction\",\"target\":[\"https:\/\/www.pressenza.com\/es\/2021\/03\/reflexiones-en-el-dia-de-la-mujer\/\"]}]},{\"@type\":\"ImageObject\",\"inLanguage\":\"es\",\"@id\":\"https:\/\/www.pressenza.com\/es\/2021\/03\/reflexiones-en-el-dia-de-la-mujer\/#primaryimage\",\"url\":\"https:\/\/www.pressenza.com\/wp-content\/uploads\/2021\/03\/mujeres-jovenes.jpg\",\"contentUrl\":\"https:\/\/www.pressenza.com\/wp-content\/uploads\/2021\/03\/mujeres-jovenes.jpg\",\"width\":1350,\"height\":975},{\"@type\":\"BreadcrumbList\",\"@id\":\"https:\/\/www.pressenza.com\/es\/2021\/03\/reflexiones-en-el-dia-de-la-mujer\/#breadcrumb\",\"itemListElement\":[{\"@type\":\"ListItem\",\"position\":1,\"name\":\"Accueil\",\"item\":\"https:\/\/www.pressenza.com\/es\/\"},{\"@type\":\"ListItem\",\"position\":2,\"name\":\"Reflexiones en el d\u00eda de la mujer\"}]},{\"@type\":\"WebSite\",\"@id\":\"https:\/\/www.pressenza.com\/es\/#website\",\"url\":\"https:\/\/www.pressenza.com\/es\/\",\"name\":\"Pressenza\",\"description\":\"International Press Agency\",\"publisher\":{\"@id\":\"https:\/\/www.pressenza.com\/es\/#organization\"},\"potentialAction\":[{\"@type\":\"SearchAction\",\"target\":{\"@type\":\"EntryPoint\",\"urlTemplate\":\"https:\/\/www.pressenza.com\/es\/?s={search_term_string}\"},\"query-input\":{\"@type\":\"PropertyValueSpecification\",\"valueRequired\":true,\"valueName\":\"search_term_string\"}}],\"inLanguage\":\"es\"},{\"@type\":\"Organization\",\"@id\":\"https:\/\/www.pressenza.com\/es\/#organization\",\"name\":\"Pressenza\",\"url\":\"https:\/\/www.pressenza.com\/es\/\",\"logo\":{\"@type\":\"ImageObject\",\"inLanguage\":\"es\",\"@id\":\"https:\/\/www.pressenza.com\/es\/#\/schema\/logo\/image\/\",\"url\":\"https:\/\/www.pressenza.com\/wp-content\/uploads\/2022\/10\/pressenza_logo_200x200.jpg\",\"contentUrl\":\"https:\/\/www.pressenza.com\/wp-content\/uploads\/2022\/10\/pressenza_logo_200x200.jpg\",\"width\":200,\"height\":200,\"caption\":\"Pressenza\"},\"image\":{\"@id\":\"https:\/\/www.pressenza.com\/es\/#\/schema\/logo\/image\/\"},\"sameAs\":[\"https:\/\/www.facebook.com\/PressenzaItalia\",\"https:\/\/x.com\/PressenzaIPA\"]},{\"@type\":\"Person\",\"@id\":\"https:\/\/www.pressenza.com\/es\/#\/schema\/person\/f997ea76500c802de8beb920d3db5a96\",\"name\":\"Rodolfo Schmal\",\"description\":\"Rodolfo Schmal Simon es Ingeniero Civil Industrial de la Universidad de Chile y Magister en Inform\u00e1tica de la Universidad Polit\u00e9cnica de Madrid-Espa\u00f1a. Ha sido profesor de las Universidades de Chile, del Norte, de Tarapac\u00e1 y de Talca; socio de las empresas inform\u00e1ticas PRODAT y ALEPH; Director de ZOFRI S.A.; Secretario y Tesorero de la Asociaci\u00f3n de Acad\u00e9micos de la Universidad de Talca. Es autor de textos docentes y art\u00edculos en revistas acad\u00e9micas nacionales e internacionales indexadas. Reside en Talca, Chile.\",\"url\":\"https:\/\/www.pressenza.com\/es\/author\/rodolfo-schmal\/\"}]}<\/script>\n<!-- \/ Yoast SEO plugin. -->","yoast_head_json":{"title":"Reflexiones en el d\u00eda de la mujer","description":"Parece mentira que haya que celebrar el d\u00eda de la mujer. Su sola existencia, y que no exista un d\u00eda del hombre, revela que la sociedad actual, no obstante","robots":{"index":"index","follow":"follow","max-snippet":"max-snippet:-1","max-image-preview":"max-image-preview:large","max-video-preview":"max-video-preview:-1"},"canonical":"https:\/\/www.pressenza.com\/es\/2021\/03\/reflexiones-en-el-dia-de-la-mujer\/","og_locale":"es_ES","og_type":"article","og_title":"Reflexiones en el d\u00eda de la mujer","og_description":"Parece mentira que haya que celebrar el d\u00eda de la mujer. Su sola existencia, y que no exista un d\u00eda del hombre, revela que la sociedad actual, no obstante","og_url":"https:\/\/www.pressenza.com\/es\/2021\/03\/reflexiones-en-el-dia-de-la-mujer\/","og_site_name":"Pressenza","article_publisher":"https:\/\/www.facebook.com\/PressenzaItalia","article_published_time":"2021-03-08T17:23:35+00:00","og_image":[{"width":1350,"height":975,"url":"https:\/\/www.pressenza.com\/wp-content\/uploads\/2021\/03\/mujeres-jovenes.jpg","type":"image\/jpeg"}],"author":"Rodolfo Schmal","twitter_card":"summary_large_image","twitter_creator":"@PressenzaIPA","twitter_site":"@PressenzaIPA","twitter_misc":{"Escrito por":"Rodolfo Schmal","Tiempo de lectura":"2 minutos"},"schema":{"@context":"https:\/\/schema.org","@graph":[{"@type":"Article","@id":"https:\/\/www.pressenza.com\/es\/2021\/03\/reflexiones-en-el-dia-de-la-mujer\/#article","isPartOf":{"@id":"https:\/\/www.pressenza.com\/es\/2021\/03\/reflexiones-en-el-dia-de-la-mujer\/"},"author":{"name":"Rodolfo Schmal","@id":"https:\/\/www.pressenza.com\/es\/#\/schema\/person\/f997ea76500c802de8beb920d3db5a96"},"headline":"Reflexiones en el d\u00eda de la mujer","datePublished":"2021-03-08T17:23:35+00:00","mainEntityOfPage":{"@id":"https:\/\/www.pressenza.com\/es\/2021\/03\/reflexiones-en-el-dia-de-la-mujer\/"},"wordCount":491,"publisher":{"@id":"https:\/\/www.pressenza.com\/es\/#organization"},"image":{"@id":"https:\/\/www.pressenza.com\/es\/2021\/03\/reflexiones-en-el-dia-de-la-mujer\/#primaryimage"},"thumbnailUrl":"https:\/\/www.pressenza.com\/wp-content\/uploads\/2021\/03\/mujeres-jovenes.jpg","keywords":["8M","8M2021","D\u00eda Internacional de la Mujer","discriminaci\u00f3n de g\u00e9nero","feminismo"],"articleSection":["Contenido Original","Derechos Humanos","G\u00e9nero y Feminismos","Opiniones"],"inLanguage":"es"},{"@type":"WebPage","@id":"https:\/\/www.pressenza.com\/es\/2021\/03\/reflexiones-en-el-dia-de-la-mujer\/","url":"https:\/\/www.pressenza.com\/es\/2021\/03\/reflexiones-en-el-dia-de-la-mujer\/","name":"Reflexiones en el d\u00eda de la mujer","isPartOf":{"@id":"https:\/\/www.pressenza.com\/es\/#website"},"primaryImageOfPage":{"@id":"https:\/\/www.pressenza.com\/es\/2021\/03\/reflexiones-en-el-dia-de-la-mujer\/#primaryimage"},"image":{"@id":"https:\/\/www.pressenza.com\/es\/2021\/03\/reflexiones-en-el-dia-de-la-mujer\/#primaryimage"},"thumbnailUrl":"https:\/\/www.pressenza.com\/wp-content\/uploads\/2021\/03\/mujeres-jovenes.jpg","datePublished":"2021-03-08T17:23:35+00:00","description":"Parece mentira que haya que celebrar el d\u00eda de la mujer. Su sola existencia, y que no exista un d\u00eda del hombre, revela que la sociedad actual, no obstante","breadcrumb":{"@id":"https:\/\/www.pressenza.com\/es\/2021\/03\/reflexiones-en-el-dia-de-la-mujer\/#breadcrumb"},"inLanguage":"es","potentialAction":[{"@type":"ReadAction","target":["https:\/\/www.pressenza.com\/es\/2021\/03\/reflexiones-en-el-dia-de-la-mujer\/"]}]},{"@type":"ImageObject","inLanguage":"es","@id":"https:\/\/www.pressenza.com\/es\/2021\/03\/reflexiones-en-el-dia-de-la-mujer\/#primaryimage","url":"https:\/\/www.pressenza.com\/wp-content\/uploads\/2021\/03\/mujeres-jovenes.jpg","contentUrl":"https:\/\/www.pressenza.com\/wp-content\/uploads\/2021\/03\/mujeres-jovenes.jpg","width":1350,"height":975},{"@type":"BreadcrumbList","@id":"https:\/\/www.pressenza.com\/es\/2021\/03\/reflexiones-en-el-dia-de-la-mujer\/#breadcrumb","itemListElement":[{"@type":"ListItem","position":1,"name":"Accueil","item":"https:\/\/www.pressenza.com\/es\/"},{"@type":"ListItem","position":2,"name":"Reflexiones en el d\u00eda de la mujer"}]},{"@type":"WebSite","@id":"https:\/\/www.pressenza.com\/es\/#website","url":"https:\/\/www.pressenza.com\/es\/","name":"Pressenza","description":"International Press Agency","publisher":{"@id":"https:\/\/www.pressenza.com\/es\/#organization"},"potentialAction":[{"@type":"SearchAction","target":{"@type":"EntryPoint","urlTemplate":"https:\/\/www.pressenza.com\/es\/?s={search_term_string}"},"query-input":{"@type":"PropertyValueSpecification","valueRequired":true,"valueName":"search_term_string"}}],"inLanguage":"es"},{"@type":"Organization","@id":"https:\/\/www.pressenza.com\/es\/#organization","name":"Pressenza","url":"https:\/\/www.pressenza.com\/es\/","logo":{"@type":"ImageObject","inLanguage":"es","@id":"https:\/\/www.pressenza.com\/es\/#\/schema\/logo\/image\/","url":"https:\/\/www.pressenza.com\/wp-content\/uploads\/2022\/10\/pressenza_logo_200x200.jpg","contentUrl":"https:\/\/www.pressenza.com\/wp-content\/uploads\/2022\/10\/pressenza_logo_200x200.jpg","width":200,"height":200,"caption":"Pressenza"},"image":{"@id":"https:\/\/www.pressenza.com\/es\/#\/schema\/logo\/image\/"},"sameAs":["https:\/\/www.facebook.com\/PressenzaItalia","https:\/\/x.com\/PressenzaIPA"]},{"@type":"Person","@id":"https:\/\/www.pressenza.com\/es\/#\/schema\/person\/f997ea76500c802de8beb920d3db5a96","name":"Rodolfo Schmal","description":"Rodolfo Schmal Simon es Ingeniero Civil Industrial de la Universidad de Chile y Magister en Inform\u00e1tica de la Universidad Polit\u00e9cnica de Madrid-Espa\u00f1a. Ha sido profesor de las Universidades de Chile, del Norte, de Tarapac\u00e1 y de Talca; socio de las empresas inform\u00e1ticas PRODAT y ALEPH; Director de ZOFRI S.A.; Secretario y Tesorero de la Asociaci\u00f3n de Acad\u00e9micos de la Universidad de Talca. Es autor de textos docentes y art\u00edculos en revistas acad\u00e9micas nacionales e internacionales indexadas. Reside en Talca, Chile.","url":"https:\/\/www.pressenza.com\/es\/author\/rodolfo-schmal\/"}]}},"place":"Talca, Chile","original_article_url":"","_links":{"self":[{"href":"https:\/\/www.pressenza.com\/es\/wp-json\/wp\/v2\/posts\/1313250","targetHints":{"allow":["GET"]}}],"collection":[{"href":"https:\/\/www.pressenza.com\/es\/wp-json\/wp\/v2\/posts"}],"about":[{"href":"https:\/\/www.pressenza.com\/es\/wp-json\/wp\/v2\/types\/post"}],"author":[{"embeddable":true,"href":"https:\/\/www.pressenza.com\/es\/wp-json\/wp\/v2\/users\/1346"}],"replies":[{"embeddable":true,"href":"https:\/\/www.pressenza.com\/es\/wp-json\/wp\/v2\/comments?post=1313250"}],"version-history":[{"count":0,"href":"https:\/\/www.pressenza.com\/es\/wp-json\/wp\/v2\/posts\/1313250\/revisions"}],"wp:featuredmedia":[{"embeddable":true,"href":"https:\/\/www.pressenza.com\/es\/wp-json\/wp\/v2\/media\/1313252"}],"wp:attachment":[{"href":"https:\/\/www.pressenza.com\/es\/wp-json\/wp\/v2\/media?parent=1313250"}],"wp:term":[{"taxonomy":"category","embeddable":true,"href":"https:\/\/www.pressenza.com\/es\/wp-json\/wp\/v2\/categories?post=1313250"},{"taxonomy":"post_tag","embeddable":true,"href":"https:\/\/www.pressenza.com\/es\/wp-json\/wp\/v2\/tags?post=1313250"}],"curies":[{"name":"wp","href":"https:\/\/api.w.org\/{rel}","templated":true}]}}