{"id":1313123,"date":"2021-03-08T15:12:38","date_gmt":"2021-03-08T15:12:38","guid":{"rendered":"https:\/\/www.pressenza.com\/?p=1313123"},"modified":"2021-03-08T15:12:38","modified_gmt":"2021-03-08T15:12:38","slug":"phi-en-el-dia-internacional-de-la-mujer-es-momento-de-ser-valientes-ante-el-patriarcado","status":"publish","type":"post","link":"https:\/\/www.pressenza.com\/es\/2021\/03\/phi-en-el-dia-internacional-de-la-mujer-es-momento-de-ser-valientes-ante-el-patriarcado\/","title":{"rendered":"PHI en el D\u00eda Internacional de la Mujer: Es momento de ser valientes ante el patriarcado"},"content":{"rendered":"<p><b>D\u00eda Internacional de la Mujer<\/b><\/p>\n<p><b>Es momento de ser valientes ante el patriarcado<\/b><\/p>\n<p><span style=\"font-weight: 400;\">A lo largo del \u00faltimo siglo, cada 8 de marzo se conmemora y recuerda la lucha que han<\/span><span style=\"font-weight: 400;\"> dado las mujeres por el reconocimiento de sus derechos, en todos los \u00e1mbitos de su vida. Fue en 1975 cuando la Asamblea General de Organizaci\u00f3n de las Naciones Unidas institucionaliza el D\u00eda Internacional de la Mujer.<\/span><\/p>\n<p><span style=\"font-weight: 400;\">Esta conmemoraci\u00f3n tiene su ra\u00edz en el movimiento obrero de mujeres de a mediados del siglo XIX, cuando el contexto mundial era la industrializaci\u00f3n, \u00e9poca que se caracteriz\u00f3 por la explotaci\u00f3n extrema de trabajadores, producto de la falta de legislaci\u00f3n que las y los protegiera. Adem\u00e1s, las mujeres no contaban con derecho a voto, ni a manejar sus finanzas y ten\u00edan una esperanza de vida menor que los hombres a causa de los partos y malos tratos.<\/span><\/p>\n<p><span style=\"font-weight: 400;\">Fue en 1848 cuando se convoc\u00f3 a la \u201c1ra Convenci\u00f3n Nacional por los Derechos de las Mujeres\u201d en Estados Unidos. Desde ese espacio se levant\u00f3 la consigna de que tanto hombres como mujeres son iguales y exigieron derechos civiles, sociales y pol\u00edticos para todas. Este fue uno de los puntapi\u00e9s iniciales para que la demanda por el derecho a voto creciera en todos los rincones del mundo, permitiendo que en 1893 Nueva Zelanda se instalara como el primer pa\u00eds en reconocer el derecho de las mujeres a sufragar.<\/span><\/p>\n<p><span style=\"font-weight: 400;\">Igualmente, en 1908 se llev\u00f3 a cabo la antesala al D\u00eda Internacional de la Mujer, en una\u00a0 marcha de m\u00e1s de 15.000 mujeres en Nueva York, quienes exigieron menos horas de trabajo, mejora salarial y el derecho a votar.<\/span><\/p>\n<p><span style=\"font-weight: 400;\">Luego la alemana Clara Zetkin impuls\u00f3 la conmemoraci\u00f3n del D\u00eda Internacional de la Mujer en 1910 en la \u201cConferencia Internacional de la Mujer Trabajadora\u201d, realizada en Copenhague, Dinamarca, que congreg\u00f3 a mujeres de 17 pa\u00edses. Esto provoc\u00f3 que centenares de mujeres se manifestaran en sus naciones, generando que un a\u00f1o despu\u00e9s se conmemorara esta fecha por primera vez en Alemania, Austria, Dinamarca y Suiza.<\/span><\/p>\n<p><span style=\"font-weight: 400;\">Adem\u00e1s, el incendio en 1911 de la f\u00e1brica de Triangle Shirtwaist en Nueva York marc\u00f3 un precedente para el movimiento, dado que 123 mujeres murieron producto de que estaban encerradas para que no pudiesen escapar.<\/span><\/p>\n<p><span style=\"font-weight: 400;\">Posteriormente, el 8 de marzo de 1913 en Rusia se reunieron para conmemorar por primera vez el D\u00eda Internacional de la Mujer, ocasi\u00f3n en que se manifestaron en contra de los conflictos b\u00e9licos. A consecuencia de estas protestas en los a\u00f1os siguientes mujeres europeas se reunieron en esta fecha, para manifestarse en contra de la guerra. Asimismo, en 1917 en la naci\u00f3n rusa, las mujeres volvieron a salir a la calle como reacci\u00f3n a los millones de soldados rusos muertos durante la primera guerra mundial. Al cabo de varios d\u00edas de manifestaci\u00f3n, se termin\u00f3 por forzar la salida del Zar Nicol\u00e1s II, quien hab\u00eda criminalizado el movimiento de mujeres. Posteriormente, el Gobierno Provisional reconoci\u00f3 el derecho a voto de la mujer.\u00a0<\/span><\/p>\n<p><span style=\"font-weight: 400;\">Como se ha mostrado, la organizaci\u00f3n de las mujeres es sumamente valiosa para los procesos hist\u00f3ricos, no s\u00f3lo en cuanto a los derechos particulares que se exigen, sino que tambi\u00e9n en su incidencia en la pol\u00edtica nacional y mundial.\u00a0<\/span><\/p>\n<p><span style=\"font-weight: 400;\">A lo largo del \u00faltimo siglo, podemos evidenciar que ha habido avances significativos para el movimiento feminista, obteniendo el derecho a voto, el reconocimiento de igualdad laboral y en algunos pa\u00edses se ha progresado en derechos sexuales y reproductivos, adem\u00e1s de mayores garant\u00edas para vivir libres de violencia. Sin embargo, a\u00fan queda mucho por delante y la situaci\u00f3n que trajo consigo el COVID-19 ha empeorado la condici\u00f3n en la que se encuentran miles de mujeres, ya sea porque se ha precarizado su situaci\u00f3n econ\u00f3mica, como tambi\u00e9n por quienes peligran su vida.\u00a0<\/span><\/p>\n<p><span style=\"font-weight: 400;\">Este a\u00f1o la Organizaci\u00f3n de Naciones Unidas, anunci\u00f3 que el tema para el D\u00eda Internacional de la Mujer 2021, sea \u201cMujeres l\u00edderes: Por un futuro igualitario en el mundo del COVID-19\u201d, reconociendo en primer lugar, a las mujeres que se encuentran en la primera l\u00ednea en la crisis sanitaria, tales como las trabajadoras de la salud, cuidadoras, innovadoras y organizadoras comunitarias. En segundo lugar, se pone en valor a las l\u00edderes nacionales, quienes han sido un ejemplo en la lucha en contra de la pandemia, a quienes se les reconoce por la rapidez, decisi\u00f3n y eficacia de las respuestas ante la crisis. Muchas son jefas de Estado en Dinamarca, Etiop\u00eda, Finlandia, Alemania, Islandia, Nueva Zelanda y Eslovaquia.<\/span><\/p>\n<p><span style=\"font-weight: 400;\">A pesar de que son las mujeres quienes constituyen la mayor\u00eda del personal de la primera l\u00ednea de la salud, a\u00fan existe una desproporcionada falta de representaci\u00f3n de mujeres en las instancias de pol\u00edticas nacionales y mundiales relacionadas tanto con el COVID-19 como en el resto de espacios de toma de decisiones. Por lo tanto, para resguardar y exigir los derechos de las mujeres, es necesario integrar las perspectivas de mujeres y ni\u00f1as en la formulaci\u00f3n e instauraci\u00f3n de pol\u00edticas p\u00fablicas, en todos los \u00e1mbitos y etapas de la respuesta ante la crisis y en la recuperaci\u00f3n de los estragos que dejar\u00e1 la pandemia<\/span><span style=\"font-weight: 400;\">.<\/span><span style=\"font-weight: 400;\">\u00a0\u00a0<\/span><\/p>\n<p><span style=\"font-weight: 400;\">La erradicaci\u00f3n del machismo es una responsabilidad de todes quienes integramos la\u00a0 sociedad, por ello como <\/span><b>Partido Humanista Internacional <\/b><span style=\"font-weight: 400;\">nos hemos comprometido para seguir persistentemente denunciando y luchando en contra de la violencia patriarcal.\u00a0<\/span><\/p>\n<p><span style=\"font-weight: 400;\">\u00a0\u00a0\u00a0\u00a0\u00a0\u00a0\u00a0\u00a0\u00a0\u00a0\u00a0\u00a0\u00a0\u00a0\u00a0\u00a0\u00a0\u00a0<\/span><\/p>\n<p style=\"text-align: center;\"><span style=\"font-weight: 400;\">\u00a0<\/span><i><span style=\"font-weight: 400;\">Es momento de ser valientes ante el patriarcado.<\/span><\/i><span style=\"font-weight: 400;\">\u00a0\u00a0<\/span><\/p>\n<p>&nbsp;<\/p>\n<p><b>Secretar\u00eda de Feminismo<\/b><b><br \/>\n<\/b><b>Equipo de Coordinaci\u00f3n Internacional<\/b><b><br \/>\n<\/b><b>Federaci\u00f3n de Partidos Humanistas<\/b><\/p>\n<p>&nbsp;<\/p>\n<p><a href=\"https:\/\/www.internationalhumanistparty.org\/\"><span style=\"font-weight: 400;\">https:\/\/www.internationalhumanistparty.org\/<\/span><\/a><span style=\"font-weight: 400;\">\u00a0 \u00a0 \u00a0 \u00a0 \u00a0 \u00a0 \u00a0 \u00a0 \u00a0 <\/span><span style=\"font-weight: 400;\">equipocoordinadorphi@gmail.com<\/span><\/p>\n","protected":false},"excerpt":{"rendered":"<p>D\u00eda Internacional de la Mujer Es momento de ser valientes ante el patriarcado A lo largo del \u00faltimo siglo, cada 8 de marzo se conmemora y recuerda la lucha que han dado las mujeres por el reconocimiento de sus derechos,&hellip;<\/p>\n","protected":false},"author":624,"featured_media":1313167,"comment_status":"closed","ping_status":"closed","sticky":false,"template":"","format":"standard","meta":{"footnotes":""},"categories":[149,11389,79,1241,54515,39],"tags":[54360,24719,4332,70213,88207,1025],"class_list":["post-1313123","post","type-post","status-publish","format-standard","has-post-thumbnail","hentry","category-comunicados-de-prensa","category-contenido-original","category-derechos-humanos","category-diversidad","category-genero-y-feminismos","category-internacional","tag-8m-es","tag-dia-internacional-de-la-mujer","tag-feminismo","tag-feminismo-humanista","tag-lucha-contra-el-patriarcado","tag-mujeres"],"yoast_head":"<!-- This site is optimized with the Yoast SEO plugin v27.1.1 - https:\/\/yoast.com\/product\/yoast-seo-wordpress\/ -->\n<title>PHI en el D\u00eda Internacional de la Mujer: Es momento de ser valientes ante el patriarcado<\/title>\n<meta name=\"description\" content=\"D\u00eda Internacional de la Mujer Es momento de ser valientes ante el patriarcado A lo largo del \u00faltimo siglo, cada 8 de marzo se conmemora y recuerda la\" \/>\n<meta name=\"robots\" content=\"index, follow, max-snippet:-1, max-image-preview:large, max-video-preview:-1\" \/>\n<link rel=\"canonical\" href=\"https:\/\/www.pressenza.com\/es\/2021\/03\/phi-en-el-dia-internacional-de-la-mujer-es-momento-de-ser-valientes-ante-el-patriarcado\/\" \/>\n<meta property=\"og:locale\" content=\"es_ES\" \/>\n<meta property=\"og:type\" content=\"article\" \/>\n<meta property=\"og:title\" content=\"PHI en el D\u00eda Internacional de la Mujer: Es momento de ser valientes ante el patriarcado\" \/>\n<meta property=\"og:description\" content=\"D\u00eda Internacional de la Mujer Es momento de ser valientes ante el patriarcado A lo largo del \u00faltimo siglo, cada 8 de marzo se conmemora y recuerda la\" \/>\n<meta property=\"og:url\" content=\"https:\/\/www.pressenza.com\/es\/2021\/03\/phi-en-el-dia-internacional-de-la-mujer-es-momento-de-ser-valientes-ante-el-patriarcado\/\" \/>\n<meta property=\"og:site_name\" content=\"Pressenza\" \/>\n<meta property=\"article:publisher\" content=\"https:\/\/www.facebook.com\/PressenzaItalia\" \/>\n<meta property=\"article:published_time\" content=\"2021-03-08T15:12:38+00:00\" \/>\n<meta property=\"og:image\" content=\"https:\/\/www.pressenza.com\/wp-content\/uploads\/2021\/03\/foto29-OK-small.jpg\" \/>\n\t<meta property=\"og:image:width\" content=\"1223\" \/>\n\t<meta property=\"og:image:height\" content=\"595\" \/>\n\t<meta property=\"og:image:type\" content=\"image\/jpeg\" \/>\n<meta name=\"author\" content=\"Partido Humanista Internacional\" \/>\n<meta name=\"twitter:card\" content=\"summary_large_image\" \/>\n<meta name=\"twitter:creator\" content=\"@PressenzaIPA\" \/>\n<meta name=\"twitter:site\" content=\"@PressenzaIPA\" \/>\n<meta name=\"twitter:label1\" content=\"Escrito por\" \/>\n\t<meta name=\"twitter:data1\" content=\"Partido Humanista Internacional\" \/>\n\t<meta name=\"twitter:label2\" content=\"Tiempo de lectura\" \/>\n\t<meta name=\"twitter:data2\" content=\"5 minutos\" \/>\n<script type=\"application\/ld+json\" class=\"yoast-schema-graph\">{\"@context\":\"https:\/\/schema.org\",\"@graph\":[{\"@type\":\"Article\",\"@id\":\"https:\/\/www.pressenza.com\/es\/2021\/03\/phi-en-el-dia-internacional-de-la-mujer-es-momento-de-ser-valientes-ante-el-patriarcado\/#article\",\"isPartOf\":{\"@id\":\"https:\/\/www.pressenza.com\/es\/2021\/03\/phi-en-el-dia-internacional-de-la-mujer-es-momento-de-ser-valientes-ante-el-patriarcado\/\"},\"author\":{\"name\":\"Partido Humanista Internacional\",\"@id\":\"https:\/\/www.pressenza.com\/es\/#\/schema\/person\/f805ee4d4c0aa27aa176ccec26128d33\"},\"headline\":\"PHI en el D\u00eda Internacional de la Mujer: Es momento de ser valientes ante el patriarcado\",\"datePublished\":\"2021-03-08T15:12:38+00:00\",\"mainEntityOfPage\":{\"@id\":\"https:\/\/www.pressenza.com\/es\/2021\/03\/phi-en-el-dia-internacional-de-la-mujer-es-momento-de-ser-valientes-ante-el-patriarcado\/\"},\"wordCount\":977,\"publisher\":{\"@id\":\"https:\/\/www.pressenza.com\/es\/#organization\"},\"image\":{\"@id\":\"https:\/\/www.pressenza.com\/es\/2021\/03\/phi-en-el-dia-internacional-de-la-mujer-es-momento-de-ser-valientes-ante-el-patriarcado\/#primaryimage\"},\"thumbnailUrl\":\"https:\/\/www.pressenza.com\/wp-content\/uploads\/2021\/03\/foto29-OK-small.jpg\",\"keywords\":[\"8M\",\"D\u00eda Internacional de la Mujer\",\"feminismo\",\"feminismo humanista\",\"lucha contra el patriarcado\",\"Mujeres\"],\"articleSection\":[\"Comunicados de Prensa\",\"Contenido Original\",\"Derechos Humanos\",\"Diversidad\",\"G\u00e9nero y Feminismos\",\"Internacional\"],\"inLanguage\":\"es\"},{\"@type\":\"WebPage\",\"@id\":\"https:\/\/www.pressenza.com\/es\/2021\/03\/phi-en-el-dia-internacional-de-la-mujer-es-momento-de-ser-valientes-ante-el-patriarcado\/\",\"url\":\"https:\/\/www.pressenza.com\/es\/2021\/03\/phi-en-el-dia-internacional-de-la-mujer-es-momento-de-ser-valientes-ante-el-patriarcado\/\",\"name\":\"PHI en el D\u00eda Internacional de la Mujer: Es momento de ser valientes ante el patriarcado\",\"isPartOf\":{\"@id\":\"https:\/\/www.pressenza.com\/es\/#website\"},\"primaryImageOfPage\":{\"@id\":\"https:\/\/www.pressenza.com\/es\/2021\/03\/phi-en-el-dia-internacional-de-la-mujer-es-momento-de-ser-valientes-ante-el-patriarcado\/#primaryimage\"},\"image\":{\"@id\":\"https:\/\/www.pressenza.com\/es\/2021\/03\/phi-en-el-dia-internacional-de-la-mujer-es-momento-de-ser-valientes-ante-el-patriarcado\/#primaryimage\"},\"thumbnailUrl\":\"https:\/\/www.pressenza.com\/wp-content\/uploads\/2021\/03\/foto29-OK-small.jpg\",\"datePublished\":\"2021-03-08T15:12:38+00:00\",\"description\":\"D\u00eda Internacional de la Mujer Es momento de ser valientes ante el patriarcado A lo largo del \u00faltimo siglo, cada 8 de marzo se conmemora y recuerda la\",\"breadcrumb\":{\"@id\":\"https:\/\/www.pressenza.com\/es\/2021\/03\/phi-en-el-dia-internacional-de-la-mujer-es-momento-de-ser-valientes-ante-el-patriarcado\/#breadcrumb\"},\"inLanguage\":\"es\",\"potentialAction\":[{\"@type\":\"ReadAction\",\"target\":[\"https:\/\/www.pressenza.com\/es\/2021\/03\/phi-en-el-dia-internacional-de-la-mujer-es-momento-de-ser-valientes-ante-el-patriarcado\/\"]}]},{\"@type\":\"ImageObject\",\"inLanguage\":\"es\",\"@id\":\"https:\/\/www.pressenza.com\/es\/2021\/03\/phi-en-el-dia-internacional-de-la-mujer-es-momento-de-ser-valientes-ante-el-patriarcado\/#primaryimage\",\"url\":\"https:\/\/www.pressenza.com\/wp-content\/uploads\/2021\/03\/foto29-OK-small.jpg\",\"contentUrl\":\"https:\/\/www.pressenza.com\/wp-content\/uploads\/2021\/03\/foto29-OK-small.jpg\",\"width\":1223,\"height\":595},{\"@type\":\"BreadcrumbList\",\"@id\":\"https:\/\/www.pressenza.com\/es\/2021\/03\/phi-en-el-dia-internacional-de-la-mujer-es-momento-de-ser-valientes-ante-el-patriarcado\/#breadcrumb\",\"itemListElement\":[{\"@type\":\"ListItem\",\"position\":1,\"name\":\"Accueil\",\"item\":\"https:\/\/www.pressenza.com\/es\/\"},{\"@type\":\"ListItem\",\"position\":2,\"name\":\"PHI en el D\u00eda Internacional de la Mujer: Es momento de ser valientes ante el patriarcado\"}]},{\"@type\":\"WebSite\",\"@id\":\"https:\/\/www.pressenza.com\/es\/#website\",\"url\":\"https:\/\/www.pressenza.com\/es\/\",\"name\":\"Pressenza\",\"description\":\"International Press Agency\",\"publisher\":{\"@id\":\"https:\/\/www.pressenza.com\/es\/#organization\"},\"potentialAction\":[{\"@type\":\"SearchAction\",\"target\":{\"@type\":\"EntryPoint\",\"urlTemplate\":\"https:\/\/www.pressenza.com\/es\/?s={search_term_string}\"},\"query-input\":{\"@type\":\"PropertyValueSpecification\",\"valueRequired\":true,\"valueName\":\"search_term_string\"}}],\"inLanguage\":\"es\"},{\"@type\":\"Organization\",\"@id\":\"https:\/\/www.pressenza.com\/es\/#organization\",\"name\":\"Pressenza\",\"url\":\"https:\/\/www.pressenza.com\/es\/\",\"logo\":{\"@type\":\"ImageObject\",\"inLanguage\":\"es\",\"@id\":\"https:\/\/www.pressenza.com\/es\/#\/schema\/logo\/image\/\",\"url\":\"https:\/\/www.pressenza.com\/wp-content\/uploads\/2022\/10\/pressenza_logo_200x200.jpg\",\"contentUrl\":\"https:\/\/www.pressenza.com\/wp-content\/uploads\/2022\/10\/pressenza_logo_200x200.jpg\",\"width\":200,\"height\":200,\"caption\":\"Pressenza\"},\"image\":{\"@id\":\"https:\/\/www.pressenza.com\/es\/#\/schema\/logo\/image\/\"},\"sameAs\":[\"https:\/\/www.facebook.com\/PressenzaItalia\",\"https:\/\/x.com\/PressenzaIPA\"]},{\"@type\":\"Person\",\"@id\":\"https:\/\/www.pressenza.com\/es\/#\/schema\/person\/f805ee4d4c0aa27aa176ccec26128d33\",\"name\":\"Partido Humanista Internacional\",\"description\":\"www.internationalhumanistparty.org\",\"url\":\"https:\/\/www.pressenza.com\/es\/author\/partido-humanista-internacional\/\"}]}<\/script>\n<!-- \/ Yoast SEO plugin. -->","yoast_head_json":{"title":"PHI en el D\u00eda Internacional de la Mujer: Es momento de ser valientes ante el patriarcado","description":"D\u00eda Internacional de la Mujer Es momento de ser valientes ante el patriarcado A lo largo del \u00faltimo siglo, cada 8 de marzo se conmemora y recuerda la","robots":{"index":"index","follow":"follow","max-snippet":"max-snippet:-1","max-image-preview":"max-image-preview:large","max-video-preview":"max-video-preview:-1"},"canonical":"https:\/\/www.pressenza.com\/es\/2021\/03\/phi-en-el-dia-internacional-de-la-mujer-es-momento-de-ser-valientes-ante-el-patriarcado\/","og_locale":"es_ES","og_type":"article","og_title":"PHI en el D\u00eda Internacional de la Mujer: Es momento de ser valientes ante el patriarcado","og_description":"D\u00eda Internacional de la Mujer Es momento de ser valientes ante el patriarcado A lo largo del \u00faltimo siglo, cada 8 de marzo se conmemora y recuerda la","og_url":"https:\/\/www.pressenza.com\/es\/2021\/03\/phi-en-el-dia-internacional-de-la-mujer-es-momento-de-ser-valientes-ante-el-patriarcado\/","og_site_name":"Pressenza","article_publisher":"https:\/\/www.facebook.com\/PressenzaItalia","article_published_time":"2021-03-08T15:12:38+00:00","og_image":[{"width":1223,"height":595,"url":"https:\/\/www.pressenza.com\/wp-content\/uploads\/2021\/03\/foto29-OK-small.jpg","type":"image\/jpeg"}],"author":"Partido Humanista Internacional","twitter_card":"summary_large_image","twitter_creator":"@PressenzaIPA","twitter_site":"@PressenzaIPA","twitter_misc":{"Escrito por":"Partido Humanista Internacional","Tiempo de lectura":"5 minutos"},"schema":{"@context":"https:\/\/schema.org","@graph":[{"@type":"Article","@id":"https:\/\/www.pressenza.com\/es\/2021\/03\/phi-en-el-dia-internacional-de-la-mujer-es-momento-de-ser-valientes-ante-el-patriarcado\/#article","isPartOf":{"@id":"https:\/\/www.pressenza.com\/es\/2021\/03\/phi-en-el-dia-internacional-de-la-mujer-es-momento-de-ser-valientes-ante-el-patriarcado\/"},"author":{"name":"Partido Humanista Internacional","@id":"https:\/\/www.pressenza.com\/es\/#\/schema\/person\/f805ee4d4c0aa27aa176ccec26128d33"},"headline":"PHI en el D\u00eda Internacional de la Mujer: Es momento de ser valientes ante el patriarcado","datePublished":"2021-03-08T15:12:38+00:00","mainEntityOfPage":{"@id":"https:\/\/www.pressenza.com\/es\/2021\/03\/phi-en-el-dia-internacional-de-la-mujer-es-momento-de-ser-valientes-ante-el-patriarcado\/"},"wordCount":977,"publisher":{"@id":"https:\/\/www.pressenza.com\/es\/#organization"},"image":{"@id":"https:\/\/www.pressenza.com\/es\/2021\/03\/phi-en-el-dia-internacional-de-la-mujer-es-momento-de-ser-valientes-ante-el-patriarcado\/#primaryimage"},"thumbnailUrl":"https:\/\/www.pressenza.com\/wp-content\/uploads\/2021\/03\/foto29-OK-small.jpg","keywords":["8M","D\u00eda Internacional de la Mujer","feminismo","feminismo humanista","lucha contra el patriarcado","Mujeres"],"articleSection":["Comunicados de Prensa","Contenido Original","Derechos Humanos","Diversidad","G\u00e9nero y Feminismos","Internacional"],"inLanguage":"es"},{"@type":"WebPage","@id":"https:\/\/www.pressenza.com\/es\/2021\/03\/phi-en-el-dia-internacional-de-la-mujer-es-momento-de-ser-valientes-ante-el-patriarcado\/","url":"https:\/\/www.pressenza.com\/es\/2021\/03\/phi-en-el-dia-internacional-de-la-mujer-es-momento-de-ser-valientes-ante-el-patriarcado\/","name":"PHI en el D\u00eda Internacional de la Mujer: Es momento de ser valientes ante el patriarcado","isPartOf":{"@id":"https:\/\/www.pressenza.com\/es\/#website"},"primaryImageOfPage":{"@id":"https:\/\/www.pressenza.com\/es\/2021\/03\/phi-en-el-dia-internacional-de-la-mujer-es-momento-de-ser-valientes-ante-el-patriarcado\/#primaryimage"},"image":{"@id":"https:\/\/www.pressenza.com\/es\/2021\/03\/phi-en-el-dia-internacional-de-la-mujer-es-momento-de-ser-valientes-ante-el-patriarcado\/#primaryimage"},"thumbnailUrl":"https:\/\/www.pressenza.com\/wp-content\/uploads\/2021\/03\/foto29-OK-small.jpg","datePublished":"2021-03-08T15:12:38+00:00","description":"D\u00eda Internacional de la Mujer Es momento de ser valientes ante el patriarcado A lo largo del \u00faltimo siglo, cada 8 de marzo se conmemora y recuerda la","breadcrumb":{"@id":"https:\/\/www.pressenza.com\/es\/2021\/03\/phi-en-el-dia-internacional-de-la-mujer-es-momento-de-ser-valientes-ante-el-patriarcado\/#breadcrumb"},"inLanguage":"es","potentialAction":[{"@type":"ReadAction","target":["https:\/\/www.pressenza.com\/es\/2021\/03\/phi-en-el-dia-internacional-de-la-mujer-es-momento-de-ser-valientes-ante-el-patriarcado\/"]}]},{"@type":"ImageObject","inLanguage":"es","@id":"https:\/\/www.pressenza.com\/es\/2021\/03\/phi-en-el-dia-internacional-de-la-mujer-es-momento-de-ser-valientes-ante-el-patriarcado\/#primaryimage","url":"https:\/\/www.pressenza.com\/wp-content\/uploads\/2021\/03\/foto29-OK-small.jpg","contentUrl":"https:\/\/www.pressenza.com\/wp-content\/uploads\/2021\/03\/foto29-OK-small.jpg","width":1223,"height":595},{"@type":"BreadcrumbList","@id":"https:\/\/www.pressenza.com\/es\/2021\/03\/phi-en-el-dia-internacional-de-la-mujer-es-momento-de-ser-valientes-ante-el-patriarcado\/#breadcrumb","itemListElement":[{"@type":"ListItem","position":1,"name":"Accueil","item":"https:\/\/www.pressenza.com\/es\/"},{"@type":"ListItem","position":2,"name":"PHI en el D\u00eda Internacional de la Mujer: Es momento de ser valientes ante el patriarcado"}]},{"@type":"WebSite","@id":"https:\/\/www.pressenza.com\/es\/#website","url":"https:\/\/www.pressenza.com\/es\/","name":"Pressenza","description":"International Press Agency","publisher":{"@id":"https:\/\/www.pressenza.com\/es\/#organization"},"potentialAction":[{"@type":"SearchAction","target":{"@type":"EntryPoint","urlTemplate":"https:\/\/www.pressenza.com\/es\/?s={search_term_string}"},"query-input":{"@type":"PropertyValueSpecification","valueRequired":true,"valueName":"search_term_string"}}],"inLanguage":"es"},{"@type":"Organization","@id":"https:\/\/www.pressenza.com\/es\/#organization","name":"Pressenza","url":"https:\/\/www.pressenza.com\/es\/","logo":{"@type":"ImageObject","inLanguage":"es","@id":"https:\/\/www.pressenza.com\/es\/#\/schema\/logo\/image\/","url":"https:\/\/www.pressenza.com\/wp-content\/uploads\/2022\/10\/pressenza_logo_200x200.jpg","contentUrl":"https:\/\/www.pressenza.com\/wp-content\/uploads\/2022\/10\/pressenza_logo_200x200.jpg","width":200,"height":200,"caption":"Pressenza"},"image":{"@id":"https:\/\/www.pressenza.com\/es\/#\/schema\/logo\/image\/"},"sameAs":["https:\/\/www.facebook.com\/PressenzaItalia","https:\/\/x.com\/PressenzaIPA"]},{"@type":"Person","@id":"https:\/\/www.pressenza.com\/es\/#\/schema\/person\/f805ee4d4c0aa27aa176ccec26128d33","name":"Partido Humanista Internacional","description":"www.internationalhumanistparty.org","url":"https:\/\/www.pressenza.com\/es\/author\/partido-humanista-internacional\/"}]}},"place":"","original_article_url":"","_links":{"self":[{"href":"https:\/\/www.pressenza.com\/es\/wp-json\/wp\/v2\/posts\/1313123","targetHints":{"allow":["GET"]}}],"collection":[{"href":"https:\/\/www.pressenza.com\/es\/wp-json\/wp\/v2\/posts"}],"about":[{"href":"https:\/\/www.pressenza.com\/es\/wp-json\/wp\/v2\/types\/post"}],"author":[{"embeddable":true,"href":"https:\/\/www.pressenza.com\/es\/wp-json\/wp\/v2\/users\/624"}],"replies":[{"embeddable":true,"href":"https:\/\/www.pressenza.com\/es\/wp-json\/wp\/v2\/comments?post=1313123"}],"version-history":[{"count":0,"href":"https:\/\/www.pressenza.com\/es\/wp-json\/wp\/v2\/posts\/1313123\/revisions"}],"wp:featuredmedia":[{"embeddable":true,"href":"https:\/\/www.pressenza.com\/es\/wp-json\/wp\/v2\/media\/1313167"}],"wp:attachment":[{"href":"https:\/\/www.pressenza.com\/es\/wp-json\/wp\/v2\/media?parent=1313123"}],"wp:term":[{"taxonomy":"category","embeddable":true,"href":"https:\/\/www.pressenza.com\/es\/wp-json\/wp\/v2\/categories?post=1313123"},{"taxonomy":"post_tag","embeddable":true,"href":"https:\/\/www.pressenza.com\/es\/wp-json\/wp\/v2\/tags?post=1313123"}],"curies":[{"name":"wp","href":"https:\/\/api.w.org\/{rel}","templated":true}]}}