{"id":131271,"date":"2014-09-08T21:33:27","date_gmt":"2014-09-08T20:33:27","guid":{"rendered":"http:\/\/www.pressenza.com\/?p=131271"},"modified":"2014-09-08T21:33:27","modified_gmt":"2014-09-08T20:33:27","slug":"notas-sin-fronteras-sobre-el-nacimiento-algo-nuevo","status":"publish","type":"post","link":"https:\/\/www.pressenza.com\/es\/2014\/09\/notas-sin-fronteras-sobre-el-nacimiento-algo-nuevo\/","title":{"rendered":"Notas sin fronteras sobre el nacimiento de algo nuevo"},"content":{"rendered":"<p><em>Llevo desde 2011 tomando notas que no siempre se convierten en una noticia o reportaje, m\u00edo o de alg\u00fan compa\u00f1ero al que trato de ayudar. Son ideas que escucho y me cuesta remezclar con otras para darle un sentido que las ancle al aqu\u00ed, al ahora. Con algo de malabarismo se puede dibujar con estos elementos algo llamativo, pero entonces llegan las dudas porque prefiero al periodista que acompa\u00f1a que al que empuja. Sobre todo cuando hay autores que lo explican tan bien, con tanta lucidez, abriendo tanto camino.<\/em><\/p>\n<p><strong><em>Por Juanlu S\u00e1nchez para <a href=\"http:\/\/www.juanlusanchez.com\/archivos\/2014\/09\/04\/notas-sin-fronteras-sobre-el-nacimiento-de-algo-nuevo\/\">eldiario.es<\/a><\/em><\/strong><\/p>\n<p>Pero ah\u00ed est\u00e1n las notas, recogidas para\u00a0comprender y contar esa nueva forma de vivir la pol\u00edtica que se inaugur\u00f3 en las ondas expansivas de las plazas del 15M y, antes, en los cauces casi invisibles que ya constru\u00edan la nueva subjetividad pol\u00edtica que ahora damos tan por sentada.<\/p>\n<p>Ese aprendizaje me llega tambi\u00e9n de fuera. He conocido a decenas de activistas organizados y expertos de <strong>Brasil, Grecia, Italia, Rusia, Ucrania, Estados Unidos, Ucrania, Rusia, Serbia, Bulgaria, Bosnia<\/strong>; he visto c\u00f3mo hay organizaciones internacionales, fundaciones, think tanks, universidades gastando cientos de miles de euros en investigar y sacar conclusiones de lo que dicen, de por qu\u00e9 lo dicen, de c\u00f3mo lo dicen, de c\u00f3mo su evoluci\u00f3n se parece o se diferencia de otras rupturas a lo largo de la historia reciente. La \u00faltima oportunidad para escucharles, esta misma semana, fue en la escuela de verano que organizaba la Green Europeans Foundation en Vis, Croacia.<\/p>\n<p><img loading=\"lazy\" decoding=\"async\" alt=\"Captura de pantalla 2014-08-28 18.04.34\" src=\"http:\/\/www.juanlusanchez.com\/wp-content\/uploads\/2014\/08\/Captura-de-pantalla-2014-08-28-18.04.34.jpg\" width=\"659\" height=\"433\" \/><\/p>\n<p>En los \u00faltimos cuatro a\u00f1os se han producido m\u00e1s de <strong>70 \u201cmomentos revolucionarios\u201d<\/strong> que pueden tener una relaci\u00f3n, aunque no haya entre ellos coincidencia ideol\u00f3gica. Es una conclusi\u00f3n sencilla y compartida por quienes tambi\u00e9n estudian estos movimientos: hay una f\u00f3rmula nueva, hay un cambio, hay un patr\u00f3n com\u00fan para ideolog\u00edas en ocasiones muy diferentes; y no, <strong>no tiene que ver solo con la tecnolog\u00eda<\/strong>.<\/p>\n<p>Entre todos esos, el caso de Espa\u00f1a es referente. Es para el resto como un viaje al futuro de lo que puede pasar en otros pa\u00edses. En la cronolog\u00eda de las revueltas encadenadas que se han visto a nuestro alrededor desde 2010, la de Espa\u00f1a sucedi\u00f3 solo despu\u00e9s de la de T\u00fanez y la de Egipto. Luego vino Estados Unidos, vino Brasil, vino Turqu\u00eda, vinieron las m\u00e1s ajenas, como la bosnia. <strong>El orden de los factores<\/strong> es importante porque unas han ido heredando cosas de las anteriores, gracias a que existen maneras mucho m\u00e1s desintermediadas de transferir conocimientos en red. Muchas veces, los activistas no eran a pie de calle conscientes de esa relaci\u00f3n; como ocurre tambi\u00e9n en las redes sociales, la autor\u00eda de las iniciativas o de los conceptos suele ser difusa y colectiva pero en casi todos los casos se va desvaneciendo con el tiempo para ser parte de lo com\u00fan, continuamente transformado.<\/p>\n<p>Hay ejemplos sencillos y curiosos. Espa\u00f1a hered\u00f3 de Egipto la idea del campamento como resistencia retransmitida en streaming. En Grecia, el repunte de las manifestaciones justo despu\u00e9s de que sucediera en Espa\u00f1a dio forma a un grupo que medi\u00e1ticamente se llamo \u2018Movimiento de Ciudadanos Indignados\u2019.\u00a0Occupy Wall Street hered\u00f3 una narrativa m\u00e1s inclusiva; dicen que el concepto del 99% se apuntal\u00f3 con inspiraci\u00f3n de activistas espa\u00f1oles) y recibi\u00f3 lecciones y ayuda tecnol\u00f3gica (#occupyWallStreet fue Trending Topic en Espa\u00f1a antes que en Estados Unidos cuando comenz\u00f3 la acampada frente a la bolsa de Nueva York). Turqu\u00eda hered\u00f3 esa nueva forma de las clases formadas de protestar utilizando la tecnolog\u00eda contra el apag\u00f3n medi\u00e1tico, trufando el mosaico local de banderas confesionales o partidarias con s\u00edmbolos que ya se han convertido en universales como la m\u00e1scara de Anonymous. \u00a0Y ese hilo, donde se mezclan tambi\u00e9n aportaciones de cada pa\u00eds, llega invisible hasta Rusia, donde en las manifestaciones contra Putin se gritaba \u201cNo nos representan\u201d, por primera vez en este pa\u00eds. Son solo algunas curiosidades.<\/p>\n<p><img loading=\"lazy\" decoding=\"async\" alt=\"Escuchando a Gal Kirn, de Eslovenia, en el encuentro de la GEF en Croacia\" src=\"http:\/\/www.juanlusanchez.com\/wp-content\/uploads\/2014\/08\/Captura-de-pantalla-2014-08-28-18.05.29.jpg\" width=\"738\" height=\"420\" \/><\/p>\n<p>Escuchando a Gal Kirn, de Eslovenia, en el encuentro de la GEF en Croacia<\/p>\n<p>Tambi\u00e9n hay otro elemento com\u00fan que merece la pena capturar. La mayor\u00eda de los detonantes que provocaron que por fin miles o millones de personas se lanzaran a las calles de esos pa\u00edses no estaban relacionados con una gran medida pol\u00edtica de calado o con un gran esc\u00e1ndalo de corrupci\u00f3n sino m\u00e1s bien con <strong>un gesto feo<\/strong>, un abuso de poder. En Espa\u00f1a, fue el desmantelamiento policial de la peque\u00f1a acampada en Sol y luego la prohibici\u00f3n de concentrarse en la jornada de reflexi\u00f3n; en Brasil, una peque\u00f1a subida en el precio del billete de transporte p\u00fablico; en Turqu\u00eda, unos \u00e1rboles talados en un parque que casi ning\u00fan protestante utilizaba en realidad; en Bosnia, igual: la recalificaci\u00f3n de un parque. Pensemos en Gamonal. Estos detonantes no son pol\u00edticos sino morales. Fueron una especie de reacci\u00f3n de hartazgo, un mapa de gamonales, como diciendo \u2018mire, no me importa en realidad esa acampada, esos c\u00e9ntimos del billete, esos \u00e1rboles, este parking, pero es que lo que acaba de hacer demuestra que est\u00e1 tan lejos de m\u00ed, que voy a convertirlo en el s\u00edmbolo de mi protesta\u2019. Por eso, en varios pa\u00edses tambi\u00e9n, la protesta no era solo contra el gobierno de turno sino contra unas formas generales de hacer pol\u00edtica.<\/p>\n<p>S\u00ed que hay diferencias evidentes, por ejemplo, en los m\u00e9todos que inspiran las decisiones. En Bosnia exploran muy a fondo los procesos asamblearios. Como recordaba un activista esloveno hace unos d\u00edas en Croacia, la asamblea tambi\u00e9n tiene un car\u00e1cter terap\u00e9utico: \u201caunque aparezcan locos hablando por hablar, estar hablando ya construye redes y afinidades\u201d, se dice en Ljubliana como tambi\u00e9n se dijo durante los primeros meses de asambleas de barrios en Madrid.<\/p>\n<p>En Turqu\u00eda, sin embargo, no hab\u00eda forma de encontrar grupos de trabajo tem\u00e1ticos o asambleas multitudinarias en Gezi Park. Solo una multitud yuxtapuesta que decid\u00eda trabajar por libre, en peque\u00f1os grupos o dispositivos, y probarlos a ver qu\u00e9 tir\u00f3n ten\u00edan, como tambi\u00e9n pas\u00f3 en Espa\u00f1a. He escuchado a representantes croatas y b\u00falgaros que las ONG son percibidas como parte del establishment.<\/p>\n<p>En todo caso, estamos antes procesos performativos. Es decir, a diferencia de la idea de la democracia como alternancia puntual de representantes, se abre camino otra: un proceso que pone en contacto la opini\u00f3n p\u00fablica y las instituciones, con grandes dosis de participaci\u00f3n y protesta. La tecnolog\u00eda, al amplificar eso, genera una caja resonancia muy sencilla de entender: cuando entras en Facebook y Twitter ves que algunos amigos que no son activistas protestan o participan de algo, tienes la definitiva sensaci\u00f3n de que <strong>formas parte de una mayor\u00eda<\/strong>. Aunque no sea verdad.<\/p>\n<p>En Espa\u00f1a ya estamos metidos en el debate de las siglas, los partidos, las confluencias, de los fines y de los medios para entrar en las administraciones. Desde que estamos en ese debate, la presi\u00f3n en la calle ha disminuido porque se ha trasladado a otros espacios.<\/p>\n<p>M\u00e1s all\u00e1 de la composici\u00f3n final, de qu\u00e9 forma toma en Espa\u00f1a, lo que es un patr\u00f3n com\u00fan en todos estos activistas \u2013 aunque menci\u00f3n aparte merece la historia reciente en los balcanes \u2013 es que tienen la sensaci\u00f3n de que la socialdemocracia est\u00e1 agotada y de que lo que se abre paso no es nada que se conociera hasta ahora. Una nueva aproximaci\u00f3n pol\u00edtica que no quiere ser comunista aunque sea una nueva izquierda, que no quiere ser socialdem\u00f3crata aunque sea pr\u00e1ctica y con agenda inmediata; que no quiere ser liberal aunque se sienta c\u00f3moda en esas fronteras difusas de lo com\u00fan y lo privado; que no se conforma con ser ecologista aunque apueste por modelos de progreso sostenibles.\u00a0No es la primera vez que la gente sale a la calle, solo que ahora no sabemos qu\u00e9 es exactamente lo que les saca a la calle y les est\u00e1 empujando hacia\u00a0las instituciones.<\/p>\n<p>Sobre todo eso van las notas. Las suelta uno sobre un lienzo y parece que sale un dibujo. A ver.<\/p>\n","protected":false},"excerpt":{"rendered":"<p>Llevo desde 2011 tomando notas que no siempre se convierten en una noticia o reportaje, m\u00edo o de alg\u00fan compa\u00f1ero al que trato de ayudar. Son ideas que escucho y me cuesta remezclar con otras para darle un sentido que&hellip;<\/p>\n","protected":false},"author":94,"featured_media":0,"comment_status":"closed","ping_status":"open","sticky":false,"template":"","format":"standard","meta":{"footnotes":""},"categories":[75,66,1242,161,74],"tags":[704,696,441,1065,1398,984,398],"class_list":["post-131271","post","type-post","status-publish","format-standard","hentry","category-cultura-es","category-europa-es","category-noviolencia-tema","category-opiniones","category-politica-es","tag-15m-es","tag-democracia","tag-derechos-humanos","tag-espana","tag-estado-espanol","tag-indignados-es","tag-justicia"],"yoast_head":"<!-- This site is optimized with the Yoast SEO plugin v27.1.1 - https:\/\/yoast.com\/product\/yoast-seo-wordpress\/ -->\n<title>Notas sin fronteras sobre el nacimiento de algo nuevo<\/title>\n<meta name=\"description\" content=\"Llevo desde 2011 tomando notas que no siempre se convierten en una noticia o reportaje, m\u00edo o de alg\u00fan compa\u00f1ero al que trato de ayudar. Son ideas que\" \/>\n<meta name=\"robots\" content=\"index, follow, max-snippet:-1, max-image-preview:large, max-video-preview:-1\" \/>\n<link rel=\"canonical\" href=\"https:\/\/www.pressenza.com\/es\/2014\/09\/notas-sin-fronteras-sobre-el-nacimiento-algo-nuevo\/\" \/>\n<meta property=\"og:locale\" content=\"es_ES\" \/>\n<meta property=\"og:type\" content=\"article\" \/>\n<meta property=\"og:title\" content=\"Notas sin fronteras sobre el nacimiento de algo nuevo\" \/>\n<meta property=\"og:description\" content=\"Llevo desde 2011 tomando notas que no siempre se convierten en una noticia o reportaje, m\u00edo o de alg\u00fan compa\u00f1ero al que trato de ayudar. Son ideas que\" \/>\n<meta property=\"og:url\" content=\"https:\/\/www.pressenza.com\/es\/2014\/09\/notas-sin-fronteras-sobre-el-nacimiento-algo-nuevo\/\" \/>\n<meta property=\"og:site_name\" content=\"Pressenza\" \/>\n<meta property=\"article:publisher\" content=\"https:\/\/www.facebook.com\/PressenzaItalia\" \/>\n<meta property=\"article:author\" content=\"https:\/\/www.facebook.com\/pressenza\" \/>\n<meta property=\"article:published_time\" content=\"2014-09-08T20:33:27+00:00\" \/>\n<meta property=\"og:image\" content=\"http:\/\/www.juanlusanchez.com\/wp-content\/uploads\/2014\/08\/Captura-de-pantalla-2014-08-28-18.04.34.jpg\" \/>\n<meta name=\"author\" content=\"Redacci\u00f3n Madrid\" \/>\n<meta name=\"twitter:card\" content=\"summary_large_image\" \/>\n<meta name=\"twitter:creator\" content=\"@pressenza\" \/>\n<meta name=\"twitter:site\" content=\"@PressenzaIPA\" \/>\n<meta name=\"twitter:label1\" content=\"Escrito por\" \/>\n\t<meta name=\"twitter:data1\" content=\"Redacci\u00f3n Madrid\" \/>\n\t<meta name=\"twitter:label2\" content=\"Tiempo de lectura\" \/>\n\t<meta name=\"twitter:data2\" content=\"7 minutos\" \/>\n<script type=\"application\/ld+json\" class=\"yoast-schema-graph\">{\"@context\":\"https:\/\/schema.org\",\"@graph\":[{\"@type\":\"Article\",\"@id\":\"https:\/\/www.pressenza.com\/es\/2014\/09\/notas-sin-fronteras-sobre-el-nacimiento-algo-nuevo\/#article\",\"isPartOf\":{\"@id\":\"https:\/\/www.pressenza.com\/es\/2014\/09\/notas-sin-fronteras-sobre-el-nacimiento-algo-nuevo\/\"},\"author\":{\"name\":\"Redacci\u00f3n Madrid\",\"@id\":\"https:\/\/www.pressenza.com\/es\/#\/schema\/person\/828fc40eeca2ad7be3630e5a46adba94\"},\"headline\":\"Notas sin fronteras sobre el nacimiento de algo nuevo\",\"datePublished\":\"2014-09-08T20:33:27+00:00\",\"mainEntityOfPage\":{\"@id\":\"https:\/\/www.pressenza.com\/es\/2014\/09\/notas-sin-fronteras-sobre-el-nacimiento-algo-nuevo\/\"},\"wordCount\":1426,\"publisher\":{\"@id\":\"https:\/\/www.pressenza.com\/es\/#organization\"},\"image\":{\"@id\":\"https:\/\/www.pressenza.com\/es\/2014\/09\/notas-sin-fronteras-sobre-el-nacimiento-algo-nuevo\/#primaryimage\"},\"thumbnailUrl\":\"http:\/\/www.juanlusanchez.com\/wp-content\/uploads\/2014\/08\/Captura-de-pantalla-2014-08-28-18.04.34.jpg\",\"keywords\":[\"15M\",\"Democracia\",\"Derechos humanos\",\"Espa\u00f1a\",\"Estado espa\u00f1ol\",\"indignados\",\"justicia\"],\"articleSection\":[\"Cultura y Medios\",\"Europa\",\"Noviolencia\",\"Opiniones\",\"Pol\u00edtica\"],\"inLanguage\":\"es\"},{\"@type\":\"WebPage\",\"@id\":\"https:\/\/www.pressenza.com\/es\/2014\/09\/notas-sin-fronteras-sobre-el-nacimiento-algo-nuevo\/\",\"url\":\"https:\/\/www.pressenza.com\/es\/2014\/09\/notas-sin-fronteras-sobre-el-nacimiento-algo-nuevo\/\",\"name\":\"Notas sin fronteras sobre el nacimiento de algo nuevo\",\"isPartOf\":{\"@id\":\"https:\/\/www.pressenza.com\/es\/#website\"},\"primaryImageOfPage\":{\"@id\":\"https:\/\/www.pressenza.com\/es\/2014\/09\/notas-sin-fronteras-sobre-el-nacimiento-algo-nuevo\/#primaryimage\"},\"image\":{\"@id\":\"https:\/\/www.pressenza.com\/es\/2014\/09\/notas-sin-fronteras-sobre-el-nacimiento-algo-nuevo\/#primaryimage\"},\"thumbnailUrl\":\"http:\/\/www.juanlusanchez.com\/wp-content\/uploads\/2014\/08\/Captura-de-pantalla-2014-08-28-18.04.34.jpg\",\"datePublished\":\"2014-09-08T20:33:27+00:00\",\"description\":\"Llevo desde 2011 tomando notas que no siempre se convierten en una noticia o reportaje, m\u00edo o de alg\u00fan compa\u00f1ero al que trato de ayudar. Son ideas que\",\"breadcrumb\":{\"@id\":\"https:\/\/www.pressenza.com\/es\/2014\/09\/notas-sin-fronteras-sobre-el-nacimiento-algo-nuevo\/#breadcrumb\"},\"inLanguage\":\"es\",\"potentialAction\":[{\"@type\":\"ReadAction\",\"target\":[\"https:\/\/www.pressenza.com\/es\/2014\/09\/notas-sin-fronteras-sobre-el-nacimiento-algo-nuevo\/\"]}]},{\"@type\":\"ImageObject\",\"inLanguage\":\"es\",\"@id\":\"https:\/\/www.pressenza.com\/es\/2014\/09\/notas-sin-fronteras-sobre-el-nacimiento-algo-nuevo\/#primaryimage\",\"url\":\"http:\/\/www.juanlusanchez.com\/wp-content\/uploads\/2014\/08\/Captura-de-pantalla-2014-08-28-18.04.34.jpg\",\"contentUrl\":\"http:\/\/www.juanlusanchez.com\/wp-content\/uploads\/2014\/08\/Captura-de-pantalla-2014-08-28-18.04.34.jpg\"},{\"@type\":\"BreadcrumbList\",\"@id\":\"https:\/\/www.pressenza.com\/es\/2014\/09\/notas-sin-fronteras-sobre-el-nacimiento-algo-nuevo\/#breadcrumb\",\"itemListElement\":[{\"@type\":\"ListItem\",\"position\":1,\"name\":\"Accueil\",\"item\":\"https:\/\/www.pressenza.com\/es\/\"},{\"@type\":\"ListItem\",\"position\":2,\"name\":\"Notas sin fronteras sobre el nacimiento de algo nuevo\"}]},{\"@type\":\"WebSite\",\"@id\":\"https:\/\/www.pressenza.com\/es\/#website\",\"url\":\"https:\/\/www.pressenza.com\/es\/\",\"name\":\"Pressenza\",\"description\":\"International Press Agency\",\"publisher\":{\"@id\":\"https:\/\/www.pressenza.com\/es\/#organization\"},\"potentialAction\":[{\"@type\":\"SearchAction\",\"target\":{\"@type\":\"EntryPoint\",\"urlTemplate\":\"https:\/\/www.pressenza.com\/es\/?s={search_term_string}\"},\"query-input\":{\"@type\":\"PropertyValueSpecification\",\"valueRequired\":true,\"valueName\":\"search_term_string\"}}],\"inLanguage\":\"es\"},{\"@type\":\"Organization\",\"@id\":\"https:\/\/www.pressenza.com\/es\/#organization\",\"name\":\"Pressenza\",\"url\":\"https:\/\/www.pressenza.com\/es\/\",\"logo\":{\"@type\":\"ImageObject\",\"inLanguage\":\"es\",\"@id\":\"https:\/\/www.pressenza.com\/es\/#\/schema\/logo\/image\/\",\"url\":\"https:\/\/www.pressenza.com\/wp-content\/uploads\/2022\/10\/pressenza_logo_200x200.jpg\",\"contentUrl\":\"https:\/\/www.pressenza.com\/wp-content\/uploads\/2022\/10\/pressenza_logo_200x200.jpg\",\"width\":200,\"height\":200,\"caption\":\"Pressenza\"},\"image\":{\"@id\":\"https:\/\/www.pressenza.com\/es\/#\/schema\/logo\/image\/\"},\"sameAs\":[\"https:\/\/www.facebook.com\/PressenzaItalia\",\"https:\/\/x.com\/PressenzaIPA\"]},{\"@type\":\"Person\",\"@id\":\"https:\/\/www.pressenza.com\/es\/#\/schema\/person\/828fc40eeca2ad7be3630e5a46adba94\",\"name\":\"Redacci\u00f3n Madrid\",\"description\":\"News from the Pressenza Bureau in Madrid, Spain\",\"sameAs\":[\"https:\/\/www.facebook.com\/pressenza\",\"https:\/\/x.com\/pressenza\"],\"url\":\"https:\/\/www.pressenza.com\/es\/author\/redaccion-madrid\/\"}]}<\/script>\n<!-- \/ Yoast SEO plugin. -->","yoast_head_json":{"title":"Notas sin fronteras sobre el nacimiento de algo nuevo","description":"Llevo desde 2011 tomando notas que no siempre se convierten en una noticia o reportaje, m\u00edo o de alg\u00fan compa\u00f1ero al que trato de ayudar. Son ideas que","robots":{"index":"index","follow":"follow","max-snippet":"max-snippet:-1","max-image-preview":"max-image-preview:large","max-video-preview":"max-video-preview:-1"},"canonical":"https:\/\/www.pressenza.com\/es\/2014\/09\/notas-sin-fronteras-sobre-el-nacimiento-algo-nuevo\/","og_locale":"es_ES","og_type":"article","og_title":"Notas sin fronteras sobre el nacimiento de algo nuevo","og_description":"Llevo desde 2011 tomando notas que no siempre se convierten en una noticia o reportaje, m\u00edo o de alg\u00fan compa\u00f1ero al que trato de ayudar. Son ideas que","og_url":"https:\/\/www.pressenza.com\/es\/2014\/09\/notas-sin-fronteras-sobre-el-nacimiento-algo-nuevo\/","og_site_name":"Pressenza","article_publisher":"https:\/\/www.facebook.com\/PressenzaItalia","article_author":"https:\/\/www.facebook.com\/pressenza","article_published_time":"2014-09-08T20:33:27+00:00","og_image":[{"url":"http:\/\/www.juanlusanchez.com\/wp-content\/uploads\/2014\/08\/Captura-de-pantalla-2014-08-28-18.04.34.jpg","type":"","width":"","height":""}],"author":"Redacci\u00f3n Madrid","twitter_card":"summary_large_image","twitter_creator":"@pressenza","twitter_site":"@PressenzaIPA","twitter_misc":{"Escrito por":"Redacci\u00f3n Madrid","Tiempo de lectura":"7 minutos"},"schema":{"@context":"https:\/\/schema.org","@graph":[{"@type":"Article","@id":"https:\/\/www.pressenza.com\/es\/2014\/09\/notas-sin-fronteras-sobre-el-nacimiento-algo-nuevo\/#article","isPartOf":{"@id":"https:\/\/www.pressenza.com\/es\/2014\/09\/notas-sin-fronteras-sobre-el-nacimiento-algo-nuevo\/"},"author":{"name":"Redacci\u00f3n Madrid","@id":"https:\/\/www.pressenza.com\/es\/#\/schema\/person\/828fc40eeca2ad7be3630e5a46adba94"},"headline":"Notas sin fronteras sobre el nacimiento de algo nuevo","datePublished":"2014-09-08T20:33:27+00:00","mainEntityOfPage":{"@id":"https:\/\/www.pressenza.com\/es\/2014\/09\/notas-sin-fronteras-sobre-el-nacimiento-algo-nuevo\/"},"wordCount":1426,"publisher":{"@id":"https:\/\/www.pressenza.com\/es\/#organization"},"image":{"@id":"https:\/\/www.pressenza.com\/es\/2014\/09\/notas-sin-fronteras-sobre-el-nacimiento-algo-nuevo\/#primaryimage"},"thumbnailUrl":"http:\/\/www.juanlusanchez.com\/wp-content\/uploads\/2014\/08\/Captura-de-pantalla-2014-08-28-18.04.34.jpg","keywords":["15M","Democracia","Derechos humanos","Espa\u00f1a","Estado espa\u00f1ol","indignados","justicia"],"articleSection":["Cultura y Medios","Europa","Noviolencia","Opiniones","Pol\u00edtica"],"inLanguage":"es"},{"@type":"WebPage","@id":"https:\/\/www.pressenza.com\/es\/2014\/09\/notas-sin-fronteras-sobre-el-nacimiento-algo-nuevo\/","url":"https:\/\/www.pressenza.com\/es\/2014\/09\/notas-sin-fronteras-sobre-el-nacimiento-algo-nuevo\/","name":"Notas sin fronteras sobre el nacimiento de algo nuevo","isPartOf":{"@id":"https:\/\/www.pressenza.com\/es\/#website"},"primaryImageOfPage":{"@id":"https:\/\/www.pressenza.com\/es\/2014\/09\/notas-sin-fronteras-sobre-el-nacimiento-algo-nuevo\/#primaryimage"},"image":{"@id":"https:\/\/www.pressenza.com\/es\/2014\/09\/notas-sin-fronteras-sobre-el-nacimiento-algo-nuevo\/#primaryimage"},"thumbnailUrl":"http:\/\/www.juanlusanchez.com\/wp-content\/uploads\/2014\/08\/Captura-de-pantalla-2014-08-28-18.04.34.jpg","datePublished":"2014-09-08T20:33:27+00:00","description":"Llevo desde 2011 tomando notas que no siempre se convierten en una noticia o reportaje, m\u00edo o de alg\u00fan compa\u00f1ero al que trato de ayudar. Son ideas que","breadcrumb":{"@id":"https:\/\/www.pressenza.com\/es\/2014\/09\/notas-sin-fronteras-sobre-el-nacimiento-algo-nuevo\/#breadcrumb"},"inLanguage":"es","potentialAction":[{"@type":"ReadAction","target":["https:\/\/www.pressenza.com\/es\/2014\/09\/notas-sin-fronteras-sobre-el-nacimiento-algo-nuevo\/"]}]},{"@type":"ImageObject","inLanguage":"es","@id":"https:\/\/www.pressenza.com\/es\/2014\/09\/notas-sin-fronteras-sobre-el-nacimiento-algo-nuevo\/#primaryimage","url":"http:\/\/www.juanlusanchez.com\/wp-content\/uploads\/2014\/08\/Captura-de-pantalla-2014-08-28-18.04.34.jpg","contentUrl":"http:\/\/www.juanlusanchez.com\/wp-content\/uploads\/2014\/08\/Captura-de-pantalla-2014-08-28-18.04.34.jpg"},{"@type":"BreadcrumbList","@id":"https:\/\/www.pressenza.com\/es\/2014\/09\/notas-sin-fronteras-sobre-el-nacimiento-algo-nuevo\/#breadcrumb","itemListElement":[{"@type":"ListItem","position":1,"name":"Accueil","item":"https:\/\/www.pressenza.com\/es\/"},{"@type":"ListItem","position":2,"name":"Notas sin fronteras sobre el nacimiento de algo nuevo"}]},{"@type":"WebSite","@id":"https:\/\/www.pressenza.com\/es\/#website","url":"https:\/\/www.pressenza.com\/es\/","name":"Pressenza","description":"International Press Agency","publisher":{"@id":"https:\/\/www.pressenza.com\/es\/#organization"},"potentialAction":[{"@type":"SearchAction","target":{"@type":"EntryPoint","urlTemplate":"https:\/\/www.pressenza.com\/es\/?s={search_term_string}"},"query-input":{"@type":"PropertyValueSpecification","valueRequired":true,"valueName":"search_term_string"}}],"inLanguage":"es"},{"@type":"Organization","@id":"https:\/\/www.pressenza.com\/es\/#organization","name":"Pressenza","url":"https:\/\/www.pressenza.com\/es\/","logo":{"@type":"ImageObject","inLanguage":"es","@id":"https:\/\/www.pressenza.com\/es\/#\/schema\/logo\/image\/","url":"https:\/\/www.pressenza.com\/wp-content\/uploads\/2022\/10\/pressenza_logo_200x200.jpg","contentUrl":"https:\/\/www.pressenza.com\/wp-content\/uploads\/2022\/10\/pressenza_logo_200x200.jpg","width":200,"height":200,"caption":"Pressenza"},"image":{"@id":"https:\/\/www.pressenza.com\/es\/#\/schema\/logo\/image\/"},"sameAs":["https:\/\/www.facebook.com\/PressenzaItalia","https:\/\/x.com\/PressenzaIPA"]},{"@type":"Person","@id":"https:\/\/www.pressenza.com\/es\/#\/schema\/person\/828fc40eeca2ad7be3630e5a46adba94","name":"Redacci\u00f3n Madrid","description":"News from the Pressenza Bureau in Madrid, Spain","sameAs":["https:\/\/www.facebook.com\/pressenza","https:\/\/x.com\/pressenza"],"url":"https:\/\/www.pressenza.com\/es\/author\/redaccion-madrid\/"}]}},"place":"","original_article_url":"","_links":{"self":[{"href":"https:\/\/www.pressenza.com\/es\/wp-json\/wp\/v2\/posts\/131271","targetHints":{"allow":["GET"]}}],"collection":[{"href":"https:\/\/www.pressenza.com\/es\/wp-json\/wp\/v2\/posts"}],"about":[{"href":"https:\/\/www.pressenza.com\/es\/wp-json\/wp\/v2\/types\/post"}],"author":[{"embeddable":true,"href":"https:\/\/www.pressenza.com\/es\/wp-json\/wp\/v2\/users\/94"}],"replies":[{"embeddable":true,"href":"https:\/\/www.pressenza.com\/es\/wp-json\/wp\/v2\/comments?post=131271"}],"version-history":[{"count":0,"href":"https:\/\/www.pressenza.com\/es\/wp-json\/wp\/v2\/posts\/131271\/revisions"}],"wp:attachment":[{"href":"https:\/\/www.pressenza.com\/es\/wp-json\/wp\/v2\/media?parent=131271"}],"wp:term":[{"taxonomy":"category","embeddable":true,"href":"https:\/\/www.pressenza.com\/es\/wp-json\/wp\/v2\/categories?post=131271"},{"taxonomy":"post_tag","embeddable":true,"href":"https:\/\/www.pressenza.com\/es\/wp-json\/wp\/v2\/tags?post=131271"}],"curies":[{"name":"wp","href":"https:\/\/api.w.org\/{rel}","templated":true}]}}