{"id":1312121,"date":"2021-03-07T21:24:05","date_gmt":"2021-03-07T21:24:05","guid":{"rendered":"https:\/\/www.pressenza.com\/?p=1312121"},"modified":"2021-03-07T21:24:05","modified_gmt":"2021-03-07T21:24:05","slug":"donde-la-vida-ya-no-vale-nada","status":"publish","type":"post","link":"https:\/\/www.pressenza.com\/es\/2021\/03\/donde-la-vida-ya-no-vale-nada\/","title":{"rendered":"Donde la vida ya no vale nada"},"content":{"rendered":"<p>No es cuesti\u00f3n de que la prensa magnifique los acontecimientos para obtener audiencia, rating y lectores. La vida cotidiana en Chile se ha hecho francamente peligrosa y los delitos comunes se demuestran cada vez m\u00e1s frecuentes y brutales. Se mata para robar un auto, para despojar a los ancianos de sus modestas pensiones como a los ni\u00f1os de sus bicicletas. Se trata ahora de bandas constituidas por adolescentes e inimputables, cuyas armas las obtienen de los narcotraficantes, de las propias polic\u00edas y de las redes de contrabando. Los pobres les roban a los propios pobres y tambi\u00e9n a los ricos. Y hasta han surgido mujeres que se organizan, delinquen e incluso inducen a sus hijos a practicar asaltos y un sinn\u00famero de acciones criminales.<\/p>\n<p>En tiempos de pandemia a veces no existe m\u00e1s remedio que violar la ley y atentar contra el pr\u00f3jimo frente a un gobierno extremadamente cicatero, que se ufana de estar ganando m\u00e1s dinero que nunca por el alto precio internacional del cobre. Pi\u00f1era y sus afines ciertamente celebran las \u201coportunidades de negocios\u201d que han surgido de la crisis sanitaria; para ello es cosa de observar las ganancias de los bancos, las ventas de autom\u00f3viles lujosos y toda esa suerte de emprendimientos que tambi\u00e9n nos sirven para jactarnos frente a nuestros vecinos.<\/p>\n<p>En este sentido, ha sido bienvenida la inmigraci\u00f3n que est\u00e1 salvando nuestra agricultura y los servicios b\u00e1sicos. Desde hace a\u00f1os, requer\u00edamos de m\u00e1s mano de obra barata, seg\u00fan concluyen muchos. Los servicios dom\u00e9sticos hasta se nutren de peruanas, bolivianas que, adem\u00e1s de sus servicios propios, les ense\u00f1an a hablar mejor a los ni\u00f1os pudientes y de paso enriquecer nuestras pr\u00e1cticas gastron\u00f3micas.<\/p>\n<p>Por todas las calles del pa\u00eds se aprecian distintos colores, idiomas, vestimentas y diversas otras curiosidades. Nos estamos convirtiendo en un pa\u00eds cosmopolita y los trabajadores chilenos ya aprendieron que es un p\u00e9simo negocio mostrar su descontento y deseo de ser justamente remunerado. La brecha entre los ingresos de pobres y ricos se ha extendido a\u00fan m\u00e1s y amenaza, por supuesto, con hacerse muy explosiva.<\/p>\n<p>La Moneda sabe que la pandemia es su mejor aliado, mientras haya dinero para pagarle bien a los uniformados. Porque mientras se pasen por alto sus consabidos privilegios y asaltos al erario nacional se puede conjurar cualquier amenaza contra el \u201corden constituido\u201d.<\/p>\n<p>De esta forma, derechos tan fundamentales como el de la educaci\u00f3n y la diversidad informativa sucumben ante la posibilidad de que la prensa tenga \u201cmaterial\u201d diario para sus informativos te\u00f1idos de sangre. La terrible noticia de un ni\u00f1o desaparecido en el sur desaparecido y luego encontrado muerto, ha servido para incrementar el morbo de los telespectadores y extenderle sus contratos a los m\u00e1s fr\u00edvolos rostros de la far\u00e1ndula informativa nacional que empezaban a ser exonerados a falta de hechos atroces y publicidad comercial. Porque se sabe que ahora lo que importa es solo lo que sucede en Chile, aunque el mundo sea un hervidero de noticias.<\/p>\n<p>F\u00fatbol virtual, cr\u00edmenes y bulladas corrupciones de la pol\u00edtica es lo que m\u00e1s importa mientras la vida se hace agua especialmente all\u00ed, donde viven los m\u00e1s pobres y discriminados, cuya cotidianidad no existe para la mayor parte de los medios de comunicaci\u00f3n. Porque solo alcanzan especial notoriedad los delitos que se prodigan en los barrios pudientes y, aunque el crimen se intensifica, se soslayan las estad\u00edsticas que nos se\u00f1alan cu\u00e1ntos chilenos mueren a diario por el c\u00e1ncer y las otras pestes que se han dejado de atender ante el Coronavirus. Tampoco importan los cesantes que se prodigan a\u00fan m\u00e1s durante las cuarentenas que, seg\u00fan muchos, contribuir\u00edan mucho m\u00e1s a los contagios del Covid 19 en las zonas m\u00e1s hacinadas del pa\u00eds, donde vive la enorme mayor\u00eda de nuestra poblaci\u00f3n. Pueblos y ciudades que la Televisi\u00f3n solo consigna cuando se ve forzada a reportar las cacer\u00edas policiales en los barrios pobres y las poblaciones ind\u00edgenas. Las que reci\u00e9n son reconocidas por la autoridad como \u201cmacrozonas\u201d,\u00a0 a las que ahora busca imponerles el estado de sitio y el rigor militar, al igual que en tiempos de dictadura, y cuyos muertos todav\u00eda no se terminan de encontrar y contar.<\/p>\n<p>Realmente, parece tarde ganarle ya a la delincuencia, cuando la corrupci\u00f3n, para colmo, est\u00e1 tan entronizada en los tribunales de justicia, las polic\u00edas y las clases dirigentes. Cuando los fiscales y jueces compiten medi\u00e1ticamente entre ellos y aun no se terminen de contar los desfalcos de todas\u00a0 las ramas de nuestra \u201cDefensa\u201d Nacional. Cuando los grandes empresarios ya hicieron un balance favorable entre sus asaltos a los consumidores como al Fisco y las m\u00f3dicas sumas que pagaron en multas solo en aquellos casos en que el esc\u00e1ndalo se hizo indisimulable.<\/p>\n<p>\u00a1Vaya como han retornado r\u00e1pido a la pol\u00edtica los legisladores y jefes de partido sobornados! Prepar\u00e9monos para que muchos malhechores se reelijan en los municipios, levanten sus candidaturas para el Parlamento y alcancen incluso un cupo en lo que muchos quieren ver como un nuevo coto de caza de la pol\u00edtica competitiva y bien remunerada: la \u201cConvenci\u00f3n constituyente\u201d.<\/p>\n<p>Todo esto explica que el pa\u00eds no se d\u00e9 leyes m\u00e1s estrictas para combatir el crimen organizado. Si los atroces episodios de tortura, desapariciones forzadas y juicios sumarios siguen impunes o reciben una sanci\u00f3n nimia y hasta rid\u00edcula. Curiosamente, los mismos que exigen el \u201cm\u00e1ximo rigor de la ley\u201d para los delincuentes comunes son los que buscan el indulto para los m\u00e1s tenebrosos\u00a0 agentes del estado, los banqueros, los pol\u00edticos corruptos y los llamados criminales de cuello y corbata.<\/p>\n<p>Pese a las restricciones a la libertad de movimiento, a los confinamientos y estados de sitio, el pueblo sale cada vez m\u00e1s resuelto a las calles para clamar por justicia y exigir un NO a la Impunidad. Los delincuentes comunes se han hecho igualmente repudiables que los carabineros, los pol\u00edticos y los tribunales. La desconfianza se ha generalizado y la l\u00ednea que separaba el bien y el mal est\u00e1 completamente desdibujada. Como completamente nublados, adem\u00e1s, los referentes morales y liderazgos espirituales. Ya no hay quien pueda describir con alguna certeza lo que ocurre. Todos parecemos desconfiar de todo: La existencia se nos hace cada vez m\u00e1s fr\u00e1gil e incierta. Donde \u201cla vida ya no vale nada\u201d.<\/p>\n<p>&nbsp;<\/p>\n<p>&nbsp;<\/p>\n","protected":false},"excerpt":{"rendered":"<p>No es cuesti\u00f3n de que la prensa magnifique los acontecimientos para obtener audiencia, rating y lectores. La vida cotidiana en Chile se ha hecho francamente peligrosa y los delitos comunes se demuestran cada vez m\u00e1s frecuentes y brutales. Se mata&hellip;<\/p>\n","protected":false},"author":1739,"featured_media":1312135,"comment_status":"closed","ping_status":"closed","sticky":false,"template":"","format":"standard","meta":{"footnotes":""},"categories":[11389,161,74,67],"tags":[29,19162,13186],"class_list":["post-1312121","post","type-post","status-publish","format-standard","has-post-thumbnail","hentry","category-contenido-original","category-opiniones","category-politica-es","category-sudamerica","tag-chile","tag-delincuencia","tag-impunidad"],"yoast_head":"<!-- This site is optimized with the Yoast SEO plugin v27.1.1 - https:\/\/yoast.com\/product\/yoast-seo-wordpress\/ -->\n<title>Donde la vida ya no vale nada<\/title>\n<meta name=\"description\" content=\"No es cuesti\u00f3n de que la prensa magnifique los acontecimientos para obtener audiencia, rating y lectores. La vida cotidiana en Chile se ha hecho\" \/>\n<meta name=\"robots\" content=\"index, follow, max-snippet:-1, max-image-preview:large, max-video-preview:-1\" \/>\n<link rel=\"canonical\" href=\"https:\/\/www.pressenza.com\/es\/2021\/03\/donde-la-vida-ya-no-vale-nada\/\" \/>\n<meta property=\"og:locale\" content=\"es_ES\" \/>\n<meta property=\"og:type\" content=\"article\" \/>\n<meta property=\"og:title\" content=\"Donde la vida ya no vale nada\" \/>\n<meta property=\"og:description\" content=\"No es cuesti\u00f3n de que la prensa magnifique los acontecimientos para obtener audiencia, rating y lectores. La vida cotidiana en Chile se ha hecho\" \/>\n<meta property=\"og:url\" content=\"https:\/\/www.pressenza.com\/es\/2021\/03\/donde-la-vida-ya-no-vale-nada\/\" \/>\n<meta property=\"og:site_name\" content=\"Pressenza\" \/>\n<meta property=\"article:publisher\" content=\"https:\/\/www.facebook.com\/PressenzaItalia\" \/>\n<meta property=\"article:published_time\" content=\"2021-03-07T21:24:05+00:00\" \/>\n<meta property=\"og:image\" content=\"https:\/\/www.pressenza.com\/wp-content\/uploads\/2021\/03\/La-Moneda2.jpg\" \/>\n\t<meta property=\"og:image:width\" content=\"700\" \/>\n\t<meta property=\"og:image:height\" content=\"340\" \/>\n\t<meta property=\"og:image:type\" content=\"image\/jpeg\" \/>\n<meta name=\"author\" content=\"Juan Pablo C\u00e1rdenas\" \/>\n<meta name=\"twitter:card\" content=\"summary_large_image\" \/>\n<meta name=\"twitter:creator\" content=\"@PressenzaIPA\" \/>\n<meta name=\"twitter:site\" content=\"@PressenzaIPA\" \/>\n<meta name=\"twitter:label1\" content=\"Escrito por\" \/>\n\t<meta name=\"twitter:data1\" content=\"Juan Pablo C\u00e1rdenas\" \/>\n\t<meta name=\"twitter:label2\" content=\"Tiempo de lectura\" \/>\n\t<meta name=\"twitter:data2\" content=\"6 minutos\" \/>\n<script type=\"application\/ld+json\" class=\"yoast-schema-graph\">{\"@context\":\"https:\/\/schema.org\",\"@graph\":[{\"@type\":\"Article\",\"@id\":\"https:\/\/www.pressenza.com\/es\/2021\/03\/donde-la-vida-ya-no-vale-nada\/#article\",\"isPartOf\":{\"@id\":\"https:\/\/www.pressenza.com\/es\/2021\/03\/donde-la-vida-ya-no-vale-nada\/\"},\"author\":{\"name\":\"Juan Pablo C\u00e1rdenas\",\"@id\":\"https:\/\/www.pressenza.com\/es\/#\/schema\/person\/d72a7c8c014dcbfa2ef9e9976103ea0d\"},\"headline\":\"Donde la vida ya no vale nada\",\"datePublished\":\"2021-03-07T21:24:05+00:00\",\"mainEntityOfPage\":{\"@id\":\"https:\/\/www.pressenza.com\/es\/2021\/03\/donde-la-vida-ya-no-vale-nada\/\"},\"wordCount\":1118,\"publisher\":{\"@id\":\"https:\/\/www.pressenza.com\/es\/#organization\"},\"image\":{\"@id\":\"https:\/\/www.pressenza.com\/es\/2021\/03\/donde-la-vida-ya-no-vale-nada\/#primaryimage\"},\"thumbnailUrl\":\"https:\/\/www.pressenza.com\/wp-content\/uploads\/2021\/03\/La-Moneda2.jpg\",\"keywords\":[\"Chile\",\"delincuencia\",\"Impunidad\"],\"articleSection\":[\"Contenido Original\",\"Opiniones\",\"Pol\u00edtica\",\"Sudam\u00e9rica\"],\"inLanguage\":\"es\"},{\"@type\":\"WebPage\",\"@id\":\"https:\/\/www.pressenza.com\/es\/2021\/03\/donde-la-vida-ya-no-vale-nada\/\",\"url\":\"https:\/\/www.pressenza.com\/es\/2021\/03\/donde-la-vida-ya-no-vale-nada\/\",\"name\":\"Donde la vida ya no vale nada\",\"isPartOf\":{\"@id\":\"https:\/\/www.pressenza.com\/es\/#website\"},\"primaryImageOfPage\":{\"@id\":\"https:\/\/www.pressenza.com\/es\/2021\/03\/donde-la-vida-ya-no-vale-nada\/#primaryimage\"},\"image\":{\"@id\":\"https:\/\/www.pressenza.com\/es\/2021\/03\/donde-la-vida-ya-no-vale-nada\/#primaryimage\"},\"thumbnailUrl\":\"https:\/\/www.pressenza.com\/wp-content\/uploads\/2021\/03\/La-Moneda2.jpg\",\"datePublished\":\"2021-03-07T21:24:05+00:00\",\"description\":\"No es cuesti\u00f3n de que la prensa magnifique los acontecimientos para obtener audiencia, rating y lectores. La vida cotidiana en Chile se ha hecho\",\"breadcrumb\":{\"@id\":\"https:\/\/www.pressenza.com\/es\/2021\/03\/donde-la-vida-ya-no-vale-nada\/#breadcrumb\"},\"inLanguage\":\"es\",\"potentialAction\":[{\"@type\":\"ReadAction\",\"target\":[\"https:\/\/www.pressenza.com\/es\/2021\/03\/donde-la-vida-ya-no-vale-nada\/\"]}]},{\"@type\":\"ImageObject\",\"inLanguage\":\"es\",\"@id\":\"https:\/\/www.pressenza.com\/es\/2021\/03\/donde-la-vida-ya-no-vale-nada\/#primaryimage\",\"url\":\"https:\/\/www.pressenza.com\/wp-content\/uploads\/2021\/03\/La-Moneda2.jpg\",\"contentUrl\":\"https:\/\/www.pressenza.com\/wp-content\/uploads\/2021\/03\/La-Moneda2.jpg\",\"width\":700,\"height\":340,\"caption\":\"Claudia Aranda\"},{\"@type\":\"BreadcrumbList\",\"@id\":\"https:\/\/www.pressenza.com\/es\/2021\/03\/donde-la-vida-ya-no-vale-nada\/#breadcrumb\",\"itemListElement\":[{\"@type\":\"ListItem\",\"position\":1,\"name\":\"Accueil\",\"item\":\"https:\/\/www.pressenza.com\/es\/\"},{\"@type\":\"ListItem\",\"position\":2,\"name\":\"Donde la vida ya no vale nada\"}]},{\"@type\":\"WebSite\",\"@id\":\"https:\/\/www.pressenza.com\/es\/#website\",\"url\":\"https:\/\/www.pressenza.com\/es\/\",\"name\":\"Pressenza\",\"description\":\"International Press Agency\",\"publisher\":{\"@id\":\"https:\/\/www.pressenza.com\/es\/#organization\"},\"potentialAction\":[{\"@type\":\"SearchAction\",\"target\":{\"@type\":\"EntryPoint\",\"urlTemplate\":\"https:\/\/www.pressenza.com\/es\/?s={search_term_string}\"},\"query-input\":{\"@type\":\"PropertyValueSpecification\",\"valueRequired\":true,\"valueName\":\"search_term_string\"}}],\"inLanguage\":\"es\"},{\"@type\":\"Organization\",\"@id\":\"https:\/\/www.pressenza.com\/es\/#organization\",\"name\":\"Pressenza\",\"url\":\"https:\/\/www.pressenza.com\/es\/\",\"logo\":{\"@type\":\"ImageObject\",\"inLanguage\":\"es\",\"@id\":\"https:\/\/www.pressenza.com\/es\/#\/schema\/logo\/image\/\",\"url\":\"https:\/\/www.pressenza.com\/wp-content\/uploads\/2022\/10\/pressenza_logo_200x200.jpg\",\"contentUrl\":\"https:\/\/www.pressenza.com\/wp-content\/uploads\/2022\/10\/pressenza_logo_200x200.jpg\",\"width\":200,\"height\":200,\"caption\":\"Pressenza\"},\"image\":{\"@id\":\"https:\/\/www.pressenza.com\/es\/#\/schema\/logo\/image\/\"},\"sameAs\":[\"https:\/\/www.facebook.com\/PressenzaItalia\",\"https:\/\/x.com\/PressenzaIPA\"]},{\"@type\":\"Person\",\"@id\":\"https:\/\/www.pressenza.com\/es\/#\/schema\/person\/d72a7c8c014dcbfa2ef9e9976103ea0d\",\"name\":\"Juan Pablo C\u00e1rdenas\",\"description\":\"Juan Pablo C\u00e1rdenas Squella es un periodista y profesor universitario de vasta trayectoria. En el 2005 recibi\u00f3 en premio nacional de Periodismo y, antes, la Pluma de Oro de la Libertad, otorgada por la Federaci\u00f3n Mundial de la Prensa. Tambi\u00e9n obtuvo el Premio Latinoamericano de Periodismo, la Houten Camara de Holanda (1989) entre otras m\u00faltiples distinciones nacionales y extranjeras. Forma parte de los sesenta periodistas del mundo considerados H\u00e9roes de la Libertad de Expresi\u00f3n, reconocimiento hecho por la Federaci\u00f3n Internacional de Periodistas. Ha sido director y columnista de las revistas Debate Universitario, An\u00e1lisis y Los Tiempos, as\u00ed como del diario electr\u00f3nico primeral\u00ednea.cl. Tambi\u00e9n fue por m\u00e1s 18 a\u00f1os director de la Radio Universidad de Chile y de su diario digital. Se ha desempe\u00f1ado como profesor de varias escuelas de periodismo de Santiago y Valpara\u00edso y en la Universidad de Chile alcanz\u00f3 el grado de profesor titular y senador universitario.\",\"url\":\"https:\/\/www.pressenza.com\/es\/author\/juan-pablo-cardenas\/\"}]}<\/script>\n<!-- \/ Yoast SEO plugin. -->","yoast_head_json":{"title":"Donde la vida ya no vale nada","description":"No es cuesti\u00f3n de que la prensa magnifique los acontecimientos para obtener audiencia, rating y lectores. La vida cotidiana en Chile se ha hecho","robots":{"index":"index","follow":"follow","max-snippet":"max-snippet:-1","max-image-preview":"max-image-preview:large","max-video-preview":"max-video-preview:-1"},"canonical":"https:\/\/www.pressenza.com\/es\/2021\/03\/donde-la-vida-ya-no-vale-nada\/","og_locale":"es_ES","og_type":"article","og_title":"Donde la vida ya no vale nada","og_description":"No es cuesti\u00f3n de que la prensa magnifique los acontecimientos para obtener audiencia, rating y lectores. La vida cotidiana en Chile se ha hecho","og_url":"https:\/\/www.pressenza.com\/es\/2021\/03\/donde-la-vida-ya-no-vale-nada\/","og_site_name":"Pressenza","article_publisher":"https:\/\/www.facebook.com\/PressenzaItalia","article_published_time":"2021-03-07T21:24:05+00:00","og_image":[{"width":700,"height":340,"url":"https:\/\/www.pressenza.com\/wp-content\/uploads\/2021\/03\/La-Moneda2.jpg","type":"image\/jpeg"}],"author":"Juan Pablo C\u00e1rdenas","twitter_card":"summary_large_image","twitter_creator":"@PressenzaIPA","twitter_site":"@PressenzaIPA","twitter_misc":{"Escrito por":"Juan Pablo C\u00e1rdenas","Tiempo de lectura":"6 minutos"},"schema":{"@context":"https:\/\/schema.org","@graph":[{"@type":"Article","@id":"https:\/\/www.pressenza.com\/es\/2021\/03\/donde-la-vida-ya-no-vale-nada\/#article","isPartOf":{"@id":"https:\/\/www.pressenza.com\/es\/2021\/03\/donde-la-vida-ya-no-vale-nada\/"},"author":{"name":"Juan Pablo C\u00e1rdenas","@id":"https:\/\/www.pressenza.com\/es\/#\/schema\/person\/d72a7c8c014dcbfa2ef9e9976103ea0d"},"headline":"Donde la vida ya no vale nada","datePublished":"2021-03-07T21:24:05+00:00","mainEntityOfPage":{"@id":"https:\/\/www.pressenza.com\/es\/2021\/03\/donde-la-vida-ya-no-vale-nada\/"},"wordCount":1118,"publisher":{"@id":"https:\/\/www.pressenza.com\/es\/#organization"},"image":{"@id":"https:\/\/www.pressenza.com\/es\/2021\/03\/donde-la-vida-ya-no-vale-nada\/#primaryimage"},"thumbnailUrl":"https:\/\/www.pressenza.com\/wp-content\/uploads\/2021\/03\/La-Moneda2.jpg","keywords":["Chile","delincuencia","Impunidad"],"articleSection":["Contenido Original","Opiniones","Pol\u00edtica","Sudam\u00e9rica"],"inLanguage":"es"},{"@type":"WebPage","@id":"https:\/\/www.pressenza.com\/es\/2021\/03\/donde-la-vida-ya-no-vale-nada\/","url":"https:\/\/www.pressenza.com\/es\/2021\/03\/donde-la-vida-ya-no-vale-nada\/","name":"Donde la vida ya no vale nada","isPartOf":{"@id":"https:\/\/www.pressenza.com\/es\/#website"},"primaryImageOfPage":{"@id":"https:\/\/www.pressenza.com\/es\/2021\/03\/donde-la-vida-ya-no-vale-nada\/#primaryimage"},"image":{"@id":"https:\/\/www.pressenza.com\/es\/2021\/03\/donde-la-vida-ya-no-vale-nada\/#primaryimage"},"thumbnailUrl":"https:\/\/www.pressenza.com\/wp-content\/uploads\/2021\/03\/La-Moneda2.jpg","datePublished":"2021-03-07T21:24:05+00:00","description":"No es cuesti\u00f3n de que la prensa magnifique los acontecimientos para obtener audiencia, rating y lectores. La vida cotidiana en Chile se ha hecho","breadcrumb":{"@id":"https:\/\/www.pressenza.com\/es\/2021\/03\/donde-la-vida-ya-no-vale-nada\/#breadcrumb"},"inLanguage":"es","potentialAction":[{"@type":"ReadAction","target":["https:\/\/www.pressenza.com\/es\/2021\/03\/donde-la-vida-ya-no-vale-nada\/"]}]},{"@type":"ImageObject","inLanguage":"es","@id":"https:\/\/www.pressenza.com\/es\/2021\/03\/donde-la-vida-ya-no-vale-nada\/#primaryimage","url":"https:\/\/www.pressenza.com\/wp-content\/uploads\/2021\/03\/La-Moneda2.jpg","contentUrl":"https:\/\/www.pressenza.com\/wp-content\/uploads\/2021\/03\/La-Moneda2.jpg","width":700,"height":340,"caption":"Claudia Aranda"},{"@type":"BreadcrumbList","@id":"https:\/\/www.pressenza.com\/es\/2021\/03\/donde-la-vida-ya-no-vale-nada\/#breadcrumb","itemListElement":[{"@type":"ListItem","position":1,"name":"Accueil","item":"https:\/\/www.pressenza.com\/es\/"},{"@type":"ListItem","position":2,"name":"Donde la vida ya no vale nada"}]},{"@type":"WebSite","@id":"https:\/\/www.pressenza.com\/es\/#website","url":"https:\/\/www.pressenza.com\/es\/","name":"Pressenza","description":"International Press Agency","publisher":{"@id":"https:\/\/www.pressenza.com\/es\/#organization"},"potentialAction":[{"@type":"SearchAction","target":{"@type":"EntryPoint","urlTemplate":"https:\/\/www.pressenza.com\/es\/?s={search_term_string}"},"query-input":{"@type":"PropertyValueSpecification","valueRequired":true,"valueName":"search_term_string"}}],"inLanguage":"es"},{"@type":"Organization","@id":"https:\/\/www.pressenza.com\/es\/#organization","name":"Pressenza","url":"https:\/\/www.pressenza.com\/es\/","logo":{"@type":"ImageObject","inLanguage":"es","@id":"https:\/\/www.pressenza.com\/es\/#\/schema\/logo\/image\/","url":"https:\/\/www.pressenza.com\/wp-content\/uploads\/2022\/10\/pressenza_logo_200x200.jpg","contentUrl":"https:\/\/www.pressenza.com\/wp-content\/uploads\/2022\/10\/pressenza_logo_200x200.jpg","width":200,"height":200,"caption":"Pressenza"},"image":{"@id":"https:\/\/www.pressenza.com\/es\/#\/schema\/logo\/image\/"},"sameAs":["https:\/\/www.facebook.com\/PressenzaItalia","https:\/\/x.com\/PressenzaIPA"]},{"@type":"Person","@id":"https:\/\/www.pressenza.com\/es\/#\/schema\/person\/d72a7c8c014dcbfa2ef9e9976103ea0d","name":"Juan Pablo C\u00e1rdenas","description":"Juan Pablo C\u00e1rdenas Squella es un periodista y profesor universitario de vasta trayectoria. En el 2005 recibi\u00f3 en premio nacional de Periodismo y, antes, la Pluma de Oro de la Libertad, otorgada por la Federaci\u00f3n Mundial de la Prensa. Tambi\u00e9n obtuvo el Premio Latinoamericano de Periodismo, la Houten Camara de Holanda (1989) entre otras m\u00faltiples distinciones nacionales y extranjeras. Forma parte de los sesenta periodistas del mundo considerados H\u00e9roes de la Libertad de Expresi\u00f3n, reconocimiento hecho por la Federaci\u00f3n Internacional de Periodistas. Ha sido director y columnista de las revistas Debate Universitario, An\u00e1lisis y Los Tiempos, as\u00ed como del diario electr\u00f3nico primeral\u00ednea.cl. Tambi\u00e9n fue por m\u00e1s 18 a\u00f1os director de la Radio Universidad de Chile y de su diario digital. Se ha desempe\u00f1ado como profesor de varias escuelas de periodismo de Santiago y Valpara\u00edso y en la Universidad de Chile alcanz\u00f3 el grado de profesor titular y senador universitario.","url":"https:\/\/www.pressenza.com\/es\/author\/juan-pablo-cardenas\/"}]}},"place":"Santiago de Chile","original_article_url":"","_links":{"self":[{"href":"https:\/\/www.pressenza.com\/es\/wp-json\/wp\/v2\/posts\/1312121","targetHints":{"allow":["GET"]}}],"collection":[{"href":"https:\/\/www.pressenza.com\/es\/wp-json\/wp\/v2\/posts"}],"about":[{"href":"https:\/\/www.pressenza.com\/es\/wp-json\/wp\/v2\/types\/post"}],"author":[{"embeddable":true,"href":"https:\/\/www.pressenza.com\/es\/wp-json\/wp\/v2\/users\/1739"}],"replies":[{"embeddable":true,"href":"https:\/\/www.pressenza.com\/es\/wp-json\/wp\/v2\/comments?post=1312121"}],"version-history":[{"count":0,"href":"https:\/\/www.pressenza.com\/es\/wp-json\/wp\/v2\/posts\/1312121\/revisions"}],"wp:featuredmedia":[{"embeddable":true,"href":"https:\/\/www.pressenza.com\/es\/wp-json\/wp\/v2\/media\/1312135"}],"wp:attachment":[{"href":"https:\/\/www.pressenza.com\/es\/wp-json\/wp\/v2\/media?parent=1312121"}],"wp:term":[{"taxonomy":"category","embeddable":true,"href":"https:\/\/www.pressenza.com\/es\/wp-json\/wp\/v2\/categories?post=1312121"},{"taxonomy":"post_tag","embeddable":true,"href":"https:\/\/www.pressenza.com\/es\/wp-json\/wp\/v2\/tags?post=1312121"}],"curies":[{"name":"wp","href":"https:\/\/api.w.org\/{rel}","templated":true}]}}