{"id":130795,"date":"2014-09-05T22:25:17","date_gmt":"2014-09-05T21:25:17","guid":{"rendered":"http:\/\/www.pressenza.com\/?p=130795"},"modified":"2014-09-05T22:25:17","modified_gmt":"2014-09-05T21:25:17","slug":"j-arduengo-tenemos-mucho-aprender-revolucion-se-esta-llevando-cabo-en-bolivia","status":"publish","type":"post","link":"https:\/\/www.pressenza.com\/es\/2014\/09\/j-arduengo-tenemos-mucho-aprender-revolucion-se-esta-llevando-cabo-en-bolivia\/","title":{"rendered":"J. Arduengo: \u00abTenemos mucho que aprender de la revoluci\u00f3n que se est\u00e1 llevando a cabo en Bolivia\u00bb"},"content":{"rendered":"<p>Un programa m\u00e1s de Continentes y contenidos en Radio Hache, conducido por Mariano Quiroga y con la participaci\u00f3n de Mercedes P\u00e9rez, Mart\u00edn Ruano y Tarek Hamdan. Mirando al mundo para ver la Argentina, repasamos lo que dej\u00f3 el Foro de San Pablo que se realiz\u00f3 en La Paz, Bolivia, con una entrevista a Joaqu\u00edn Arduengo, analizamos los tratados de comercio de armas, el \u00c9bola y el problema de los Saharauis, la relaci\u00f3n de las fuerzas de seguridad con los distintos gobiernos progresistas de Am\u00e9rcia Latina y con Andr\u00e9s Asia\u00edn nos enteramos de la eprsecuci\u00f3n ideol\u00f3gica que est\u00e1 sufriendo en la Universidad de Econ\u00f3micas de Buenos AIres. Adem\u00e1s, la mejor m\u00fasica, como siempre.<\/p>\n<p><iframe loading=\"lazy\" src=\"http:\/\/www.ivoox.com\/player_ek_3464975_2_1.html?data=lJmjlp6beY6ZmKiakpeJd6KklYqgo5qbcYarpJKfj4qbh46kjoqkpZKUcYarpJKw0dPYrc%2FZz9nS1ZDdb8Tjz9nS0M7Is9SfkZiSlKuUfYamp5edk5mPlNPjyNfOz8aPd5Ohhpywj6jTstXdz8rb1srXb9qfpNTb1srSrcXj1JKSmaiReA%3D%3D&amp;\" height=\"48\" width=\"238\" allowfullscreen=\"\" frameborder=\"0\" scrolling=\"no\"><\/iframe><\/p>\n","protected":false},"excerpt":{"rendered":"<p>Un programa m\u00e1s de Continentes y contenidos en Radio Hache, conducido por Mariano Quiroga y con la participaci\u00f3n de Mercedes P\u00e9rez, Mart\u00edn Ruano y Tarek Hamdan. Mirando al mundo para ver la Argentina, repasamos lo que dej\u00f3 el Foro de&hellip;<\/p>\n","protected":false},"author":87,"featured_media":130796,"comment_status":"closed","ping_status":"open","sticky":false,"template":"","format":"standard","meta":{"footnotes":""},"categories":[76,11389,75,79,155,39,74,80,67],"tags":[26,1146,696,441,1059,8242,418,394,22210],"class_list":["post-130795","post","type-post","status-publish","format-standard","has-post-thumbnail","hentry","category-relaciones-exteriores","category-contenido-original","category-cultura-es","category-derechos-humanos","category-entrevistas","category-internacional","category-politica-es","category-pueblos-originarios","category-sudamerica","tag-argentina","tag-cristina-fernandez-de-kirchner","tag-democracia","tag-derechos-humanos","tag-evo-morales","tag-michelle-bachelet-es","tag-partido-humanista","tag-protestas-sociales","tag-pueblos-originarios"],"yoast_head":"<!-- This site is optimized with the Yoast SEO plugin v27.1.1 - https:\/\/yoast.com\/product\/yoast-seo-wordpress\/ -->\n<title>J. Arduengo: &quot;Tenemos mucho que aprender de la revoluci\u00f3n que se est\u00e1 llevando a cabo en Bolivia&quot;<\/title>\n<meta name=\"description\" content=\"Un programa m\u00e1s de Continentes y contenidos en Radio Hache, conducido por Mariano Quiroga y con la participaci\u00f3n de Mercedes P\u00e9rez, Mart\u00edn Ruano y Tarek\" \/>\n<meta name=\"robots\" content=\"index, follow, max-snippet:-1, max-image-preview:large, max-video-preview:-1\" \/>\n<link rel=\"canonical\" href=\"https:\/\/www.pressenza.com\/es\/2014\/09\/j-arduengo-tenemos-mucho-aprender-revolucion-se-esta-llevando-cabo-en-bolivia\/\" \/>\n<meta property=\"og:locale\" content=\"es_ES\" \/>\n<meta property=\"og:type\" content=\"article\" \/>\n<meta property=\"og:title\" content=\"J. Arduengo: &quot;Tenemos mucho que aprender de la revoluci\u00f3n que se est\u00e1 llevando a cabo en Bolivia&quot;\" \/>\n<meta property=\"og:description\" content=\"Un programa m\u00e1s de Continentes y contenidos en Radio Hache, conducido por Mariano Quiroga y con la participaci\u00f3n de Mercedes P\u00e9rez, Mart\u00edn Ruano y Tarek\" \/>\n<meta property=\"og:url\" content=\"https:\/\/www.pressenza.com\/es\/2014\/09\/j-arduengo-tenemos-mucho-aprender-revolucion-se-esta-llevando-cabo-en-bolivia\/\" \/>\n<meta property=\"og:site_name\" content=\"Pressenza\" \/>\n<meta property=\"article:publisher\" content=\"https:\/\/www.facebook.com\/PressenzaItalia\" \/>\n<meta property=\"article:published_time\" content=\"2014-09-05T21:25:17+00:00\" \/>\n<meta property=\"og:image\" content=\"https:\/\/www.pressenza.com\/wp-content\/uploads\/2014\/09\/MG_9193.jpg\" \/>\n\t<meta property=\"og:image:width\" content=\"5184\" \/>\n\t<meta property=\"og:image:height\" content=\"3456\" \/>\n\t<meta property=\"og:image:type\" content=\"image\/jpeg\" \/>\n<meta name=\"author\" content=\"Redacci\u00f3n Argentina\" \/>\n<meta name=\"twitter:card\" content=\"summary_large_image\" \/>\n<meta name=\"twitter:creator\" content=\"@pressenza\" \/>\n<meta name=\"twitter:site\" content=\"@PressenzaIPA\" \/>\n<meta name=\"twitter:label1\" content=\"Escrito por\" \/>\n\t<meta name=\"twitter:data1\" content=\"Redacci\u00f3n Argentina\" \/>\n\t<meta name=\"twitter:label2\" content=\"Tiempo de lectura\" \/>\n\t<meta name=\"twitter:data2\" content=\"1 minuto\" \/>\n<script type=\"application\/ld+json\" class=\"yoast-schema-graph\">{\"@context\":\"https:\/\/schema.org\",\"@graph\":[{\"@type\":\"Article\",\"@id\":\"https:\/\/www.pressenza.com\/es\/2014\/09\/j-arduengo-tenemos-mucho-aprender-revolucion-se-esta-llevando-cabo-en-bolivia\/#article\",\"isPartOf\":{\"@id\":\"https:\/\/www.pressenza.com\/es\/2014\/09\/j-arduengo-tenemos-mucho-aprender-revolucion-se-esta-llevando-cabo-en-bolivia\/\"},\"author\":{\"name\":\"Redacci\u00f3n Argentina\",\"@id\":\"https:\/\/www.pressenza.com\/es\/#\/schema\/person\/0dda7d1b68267ad95b1e1d83abc98c89\"},\"headline\":\"J. Arduengo: \u00abTenemos mucho que aprender de la revoluci\u00f3n que se est\u00e1 llevando a cabo en Bolivia\u00bb\",\"datePublished\":\"2014-09-05T21:25:17+00:00\",\"mainEntityOfPage\":{\"@id\":\"https:\/\/www.pressenza.com\/es\/2014\/09\/j-arduengo-tenemos-mucho-aprender-revolucion-se-esta-llevando-cabo-en-bolivia\/\"},\"wordCount\":144,\"publisher\":{\"@id\":\"https:\/\/www.pressenza.com\/es\/#organization\"},\"image\":{\"@id\":\"https:\/\/www.pressenza.com\/es\/2014\/09\/j-arduengo-tenemos-mucho-aprender-revolucion-se-esta-llevando-cabo-en-bolivia\/#primaryimage\"},\"thumbnailUrl\":\"https:\/\/www.pressenza.com\/wp-content\/uploads\/2014\/09\/MG_9193.jpg\",\"keywords\":[\"Argentina\",\"Cristina Fernandez de Kirchner\",\"Democracia\",\"Derechos humanos\",\"Evo Morales\",\"Michelle Bachelet\",\"Partido Humanista\",\"protestas sociales\",\"Pueblos Originarios\"],\"articleSection\":[\"Asuntos internacionales\",\"Contenido Original\",\"Cultura y Medios\",\"Derechos Humanos\",\"Entrevistas\",\"Internacional\",\"Pol\u00edtica\",\"Pueblos Originarios\",\"Sudam\u00e9rica\"],\"inLanguage\":\"es\"},{\"@type\":\"WebPage\",\"@id\":\"https:\/\/www.pressenza.com\/es\/2014\/09\/j-arduengo-tenemos-mucho-aprender-revolucion-se-esta-llevando-cabo-en-bolivia\/\",\"url\":\"https:\/\/www.pressenza.com\/es\/2014\/09\/j-arduengo-tenemos-mucho-aprender-revolucion-se-esta-llevando-cabo-en-bolivia\/\",\"name\":\"J. Arduengo: \\\"Tenemos mucho que aprender de la revoluci\u00f3n que se est\u00e1 llevando a cabo en Bolivia\\\"\",\"isPartOf\":{\"@id\":\"https:\/\/www.pressenza.com\/es\/#website\"},\"primaryImageOfPage\":{\"@id\":\"https:\/\/www.pressenza.com\/es\/2014\/09\/j-arduengo-tenemos-mucho-aprender-revolucion-se-esta-llevando-cabo-en-bolivia\/#primaryimage\"},\"image\":{\"@id\":\"https:\/\/www.pressenza.com\/es\/2014\/09\/j-arduengo-tenemos-mucho-aprender-revolucion-se-esta-llevando-cabo-en-bolivia\/#primaryimage\"},\"thumbnailUrl\":\"https:\/\/www.pressenza.com\/wp-content\/uploads\/2014\/09\/MG_9193.jpg\",\"datePublished\":\"2014-09-05T21:25:17+00:00\",\"description\":\"Un programa m\u00e1s de Continentes y contenidos en Radio Hache, conducido por Mariano Quiroga y con la participaci\u00f3n de Mercedes P\u00e9rez, Mart\u00edn Ruano y Tarek\",\"breadcrumb\":{\"@id\":\"https:\/\/www.pressenza.com\/es\/2014\/09\/j-arduengo-tenemos-mucho-aprender-revolucion-se-esta-llevando-cabo-en-bolivia\/#breadcrumb\"},\"inLanguage\":\"es\",\"potentialAction\":[{\"@type\":\"ReadAction\",\"target\":[\"https:\/\/www.pressenza.com\/es\/2014\/09\/j-arduengo-tenemos-mucho-aprender-revolucion-se-esta-llevando-cabo-en-bolivia\/\"]}]},{\"@type\":\"ImageObject\",\"inLanguage\":\"es\",\"@id\":\"https:\/\/www.pressenza.com\/es\/2014\/09\/j-arduengo-tenemos-mucho-aprender-revolucion-se-esta-llevando-cabo-en-bolivia\/#primaryimage\",\"url\":\"https:\/\/www.pressenza.com\/wp-content\/uploads\/2014\/09\/MG_9193.jpg\",\"contentUrl\":\"https:\/\/www.pressenza.com\/wp-content\/uploads\/2014\/09\/MG_9193.jpg\",\"width\":5184,\"height\":3456},{\"@type\":\"BreadcrumbList\",\"@id\":\"https:\/\/www.pressenza.com\/es\/2014\/09\/j-arduengo-tenemos-mucho-aprender-revolucion-se-esta-llevando-cabo-en-bolivia\/#breadcrumb\",\"itemListElement\":[{\"@type\":\"ListItem\",\"position\":1,\"name\":\"Accueil\",\"item\":\"https:\/\/www.pressenza.com\/es\/\"},{\"@type\":\"ListItem\",\"position\":2,\"name\":\"J. Arduengo: \u00abTenemos mucho que aprender de la revoluci\u00f3n que se est\u00e1 llevando a cabo en Bolivia\u00bb\"}]},{\"@type\":\"WebSite\",\"@id\":\"https:\/\/www.pressenza.com\/es\/#website\",\"url\":\"https:\/\/www.pressenza.com\/es\/\",\"name\":\"Pressenza\",\"description\":\"International Press Agency\",\"publisher\":{\"@id\":\"https:\/\/www.pressenza.com\/es\/#organization\"},\"potentialAction\":[{\"@type\":\"SearchAction\",\"target\":{\"@type\":\"EntryPoint\",\"urlTemplate\":\"https:\/\/www.pressenza.com\/es\/?s={search_term_string}\"},\"query-input\":{\"@type\":\"PropertyValueSpecification\",\"valueRequired\":true,\"valueName\":\"search_term_string\"}}],\"inLanguage\":\"es\"},{\"@type\":\"Organization\",\"@id\":\"https:\/\/www.pressenza.com\/es\/#organization\",\"name\":\"Pressenza\",\"url\":\"https:\/\/www.pressenza.com\/es\/\",\"logo\":{\"@type\":\"ImageObject\",\"inLanguage\":\"es\",\"@id\":\"https:\/\/www.pressenza.com\/es\/#\/schema\/logo\/image\/\",\"url\":\"https:\/\/www.pressenza.com\/wp-content\/uploads\/2022\/10\/pressenza_logo_200x200.jpg\",\"contentUrl\":\"https:\/\/www.pressenza.com\/wp-content\/uploads\/2022\/10\/pressenza_logo_200x200.jpg\",\"width\":200,\"height\":200,\"caption\":\"Pressenza\"},\"image\":{\"@id\":\"https:\/\/www.pressenza.com\/es\/#\/schema\/logo\/image\/\"},\"sameAs\":[\"https:\/\/www.facebook.com\/PressenzaItalia\",\"https:\/\/x.com\/PressenzaIPA\"]},{\"@type\":\"Person\",\"@id\":\"https:\/\/www.pressenza.com\/es\/#\/schema\/person\/0dda7d1b68267ad95b1e1d83abc98c89\",\"name\":\"Redacci\u00f3n Argentina\",\"description\":\"News from the Pressenza Bureau in Argentina.\",\"sameAs\":[\"https:\/\/x.com\/pressenza\"],\"url\":\"https:\/\/www.pressenza.com\/es\/author\/redaccion-argentina\/\"}]}<\/script>\n<!-- \/ Yoast SEO plugin. -->","yoast_head_json":{"title":"J. Arduengo: \"Tenemos mucho que aprender de la revoluci\u00f3n que se est\u00e1 llevando a cabo en Bolivia\"","description":"Un programa m\u00e1s de Continentes y contenidos en Radio Hache, conducido por Mariano Quiroga y con la participaci\u00f3n de Mercedes P\u00e9rez, Mart\u00edn Ruano y Tarek","robots":{"index":"index","follow":"follow","max-snippet":"max-snippet:-1","max-image-preview":"max-image-preview:large","max-video-preview":"max-video-preview:-1"},"canonical":"https:\/\/www.pressenza.com\/es\/2014\/09\/j-arduengo-tenemos-mucho-aprender-revolucion-se-esta-llevando-cabo-en-bolivia\/","og_locale":"es_ES","og_type":"article","og_title":"J. Arduengo: \"Tenemos mucho que aprender de la revoluci\u00f3n que se est\u00e1 llevando a cabo en Bolivia\"","og_description":"Un programa m\u00e1s de Continentes y contenidos en Radio Hache, conducido por Mariano Quiroga y con la participaci\u00f3n de Mercedes P\u00e9rez, Mart\u00edn Ruano y Tarek","og_url":"https:\/\/www.pressenza.com\/es\/2014\/09\/j-arduengo-tenemos-mucho-aprender-revolucion-se-esta-llevando-cabo-en-bolivia\/","og_site_name":"Pressenza","article_publisher":"https:\/\/www.facebook.com\/PressenzaItalia","article_published_time":"2014-09-05T21:25:17+00:00","og_image":[{"width":5184,"height":3456,"url":"https:\/\/www.pressenza.com\/wp-content\/uploads\/2014\/09\/MG_9193.jpg","type":"image\/jpeg"}],"author":"Redacci\u00f3n Argentina","twitter_card":"summary_large_image","twitter_creator":"@pressenza","twitter_site":"@PressenzaIPA","twitter_misc":{"Escrito por":"Redacci\u00f3n Argentina","Tiempo de lectura":"1 minuto"},"schema":{"@context":"https:\/\/schema.org","@graph":[{"@type":"Article","@id":"https:\/\/www.pressenza.com\/es\/2014\/09\/j-arduengo-tenemos-mucho-aprender-revolucion-se-esta-llevando-cabo-en-bolivia\/#article","isPartOf":{"@id":"https:\/\/www.pressenza.com\/es\/2014\/09\/j-arduengo-tenemos-mucho-aprender-revolucion-se-esta-llevando-cabo-en-bolivia\/"},"author":{"name":"Redacci\u00f3n Argentina","@id":"https:\/\/www.pressenza.com\/es\/#\/schema\/person\/0dda7d1b68267ad95b1e1d83abc98c89"},"headline":"J. Arduengo: \u00abTenemos mucho que aprender de la revoluci\u00f3n que se est\u00e1 llevando a cabo en Bolivia\u00bb","datePublished":"2014-09-05T21:25:17+00:00","mainEntityOfPage":{"@id":"https:\/\/www.pressenza.com\/es\/2014\/09\/j-arduengo-tenemos-mucho-aprender-revolucion-se-esta-llevando-cabo-en-bolivia\/"},"wordCount":144,"publisher":{"@id":"https:\/\/www.pressenza.com\/es\/#organization"},"image":{"@id":"https:\/\/www.pressenza.com\/es\/2014\/09\/j-arduengo-tenemos-mucho-aprender-revolucion-se-esta-llevando-cabo-en-bolivia\/#primaryimage"},"thumbnailUrl":"https:\/\/www.pressenza.com\/wp-content\/uploads\/2014\/09\/MG_9193.jpg","keywords":["Argentina","Cristina Fernandez de Kirchner","Democracia","Derechos humanos","Evo Morales","Michelle Bachelet","Partido Humanista","protestas sociales","Pueblos Originarios"],"articleSection":["Asuntos internacionales","Contenido Original","Cultura y Medios","Derechos Humanos","Entrevistas","Internacional","Pol\u00edtica","Pueblos Originarios","Sudam\u00e9rica"],"inLanguage":"es"},{"@type":"WebPage","@id":"https:\/\/www.pressenza.com\/es\/2014\/09\/j-arduengo-tenemos-mucho-aprender-revolucion-se-esta-llevando-cabo-en-bolivia\/","url":"https:\/\/www.pressenza.com\/es\/2014\/09\/j-arduengo-tenemos-mucho-aprender-revolucion-se-esta-llevando-cabo-en-bolivia\/","name":"J. Arduengo: \"Tenemos mucho que aprender de la revoluci\u00f3n que se est\u00e1 llevando a cabo en Bolivia\"","isPartOf":{"@id":"https:\/\/www.pressenza.com\/es\/#website"},"primaryImageOfPage":{"@id":"https:\/\/www.pressenza.com\/es\/2014\/09\/j-arduengo-tenemos-mucho-aprender-revolucion-se-esta-llevando-cabo-en-bolivia\/#primaryimage"},"image":{"@id":"https:\/\/www.pressenza.com\/es\/2014\/09\/j-arduengo-tenemos-mucho-aprender-revolucion-se-esta-llevando-cabo-en-bolivia\/#primaryimage"},"thumbnailUrl":"https:\/\/www.pressenza.com\/wp-content\/uploads\/2014\/09\/MG_9193.jpg","datePublished":"2014-09-05T21:25:17+00:00","description":"Un programa m\u00e1s de Continentes y contenidos en Radio Hache, conducido por Mariano Quiroga y con la participaci\u00f3n de Mercedes P\u00e9rez, Mart\u00edn Ruano y Tarek","breadcrumb":{"@id":"https:\/\/www.pressenza.com\/es\/2014\/09\/j-arduengo-tenemos-mucho-aprender-revolucion-se-esta-llevando-cabo-en-bolivia\/#breadcrumb"},"inLanguage":"es","potentialAction":[{"@type":"ReadAction","target":["https:\/\/www.pressenza.com\/es\/2014\/09\/j-arduengo-tenemos-mucho-aprender-revolucion-se-esta-llevando-cabo-en-bolivia\/"]}]},{"@type":"ImageObject","inLanguage":"es","@id":"https:\/\/www.pressenza.com\/es\/2014\/09\/j-arduengo-tenemos-mucho-aprender-revolucion-se-esta-llevando-cabo-en-bolivia\/#primaryimage","url":"https:\/\/www.pressenza.com\/wp-content\/uploads\/2014\/09\/MG_9193.jpg","contentUrl":"https:\/\/www.pressenza.com\/wp-content\/uploads\/2014\/09\/MG_9193.jpg","width":5184,"height":3456},{"@type":"BreadcrumbList","@id":"https:\/\/www.pressenza.com\/es\/2014\/09\/j-arduengo-tenemos-mucho-aprender-revolucion-se-esta-llevando-cabo-en-bolivia\/#breadcrumb","itemListElement":[{"@type":"ListItem","position":1,"name":"Accueil","item":"https:\/\/www.pressenza.com\/es\/"},{"@type":"ListItem","position":2,"name":"J. Arduengo: \u00abTenemos mucho que aprender de la revoluci\u00f3n que se est\u00e1 llevando a cabo en Bolivia\u00bb"}]},{"@type":"WebSite","@id":"https:\/\/www.pressenza.com\/es\/#website","url":"https:\/\/www.pressenza.com\/es\/","name":"Pressenza","description":"International Press Agency","publisher":{"@id":"https:\/\/www.pressenza.com\/es\/#organization"},"potentialAction":[{"@type":"SearchAction","target":{"@type":"EntryPoint","urlTemplate":"https:\/\/www.pressenza.com\/es\/?s={search_term_string}"},"query-input":{"@type":"PropertyValueSpecification","valueRequired":true,"valueName":"search_term_string"}}],"inLanguage":"es"},{"@type":"Organization","@id":"https:\/\/www.pressenza.com\/es\/#organization","name":"Pressenza","url":"https:\/\/www.pressenza.com\/es\/","logo":{"@type":"ImageObject","inLanguage":"es","@id":"https:\/\/www.pressenza.com\/es\/#\/schema\/logo\/image\/","url":"https:\/\/www.pressenza.com\/wp-content\/uploads\/2022\/10\/pressenza_logo_200x200.jpg","contentUrl":"https:\/\/www.pressenza.com\/wp-content\/uploads\/2022\/10\/pressenza_logo_200x200.jpg","width":200,"height":200,"caption":"Pressenza"},"image":{"@id":"https:\/\/www.pressenza.com\/es\/#\/schema\/logo\/image\/"},"sameAs":["https:\/\/www.facebook.com\/PressenzaItalia","https:\/\/x.com\/PressenzaIPA"]},{"@type":"Person","@id":"https:\/\/www.pressenza.com\/es\/#\/schema\/person\/0dda7d1b68267ad95b1e1d83abc98c89","name":"Redacci\u00f3n Argentina","description":"News from the Pressenza Bureau in Argentina.","sameAs":["https:\/\/x.com\/pressenza"],"url":"https:\/\/www.pressenza.com\/es\/author\/redaccion-argentina\/"}]}},"place":"Buenos Aires","original_article_url":"","_links":{"self":[{"href":"https:\/\/www.pressenza.com\/es\/wp-json\/wp\/v2\/posts\/130795","targetHints":{"allow":["GET"]}}],"collection":[{"href":"https:\/\/www.pressenza.com\/es\/wp-json\/wp\/v2\/posts"}],"about":[{"href":"https:\/\/www.pressenza.com\/es\/wp-json\/wp\/v2\/types\/post"}],"author":[{"embeddable":true,"href":"https:\/\/www.pressenza.com\/es\/wp-json\/wp\/v2\/users\/87"}],"replies":[{"embeddable":true,"href":"https:\/\/www.pressenza.com\/es\/wp-json\/wp\/v2\/comments?post=130795"}],"version-history":[{"count":0,"href":"https:\/\/www.pressenza.com\/es\/wp-json\/wp\/v2\/posts\/130795\/revisions"}],"wp:featuredmedia":[{"embeddable":true,"href":"https:\/\/www.pressenza.com\/es\/wp-json\/wp\/v2\/media\/130796"}],"wp:attachment":[{"href":"https:\/\/www.pressenza.com\/es\/wp-json\/wp\/v2\/media?parent=130795"}],"wp:term":[{"taxonomy":"category","embeddable":true,"href":"https:\/\/www.pressenza.com\/es\/wp-json\/wp\/v2\/categories?post=130795"},{"taxonomy":"post_tag","embeddable":true,"href":"https:\/\/www.pressenza.com\/es\/wp-json\/wp\/v2\/tags?post=130795"}],"curies":[{"name":"wp","href":"https:\/\/api.w.org\/{rel}","templated":true}]}}