{"id":1307526,"date":"2021-03-01T19:45:29","date_gmt":"2021-03-01T19:45:29","guid":{"rendered":"https:\/\/www.pressenza.com\/?p=1307526"},"modified":"2021-03-02T21:52:27","modified_gmt":"2021-03-02T21:52:27","slug":"covid-vuelta-a-clases-y-el-apocalipsis-de-julio-de-2022","status":"publish","type":"post","link":"https:\/\/www.pressenza.com\/es\/2021\/03\/covid-vuelta-a-clases-y-el-apocalipsis-de-julio-de-2022\/","title":{"rendered":"Covid, vuelta a clases y el apocalipsis de julio de 2022"},"content":{"rendered":"<p><em>por Aram Aharonian<\/em><\/p>\n<p>Am\u00e9rica Latina vio hace un a\u00f1o cumplir sus peores presagios: un brasile\u00f1o que lleg\u00f3 de Italia daba positivo en Sao Paulo el 26 de febrero de 2020 por covid-19 y hac\u00eda saltar las alarmas en la regi\u00f3n, con sistemas de salud \u2013quiz\u00e1- m\u00e1s fr\u00e1giles que en Europa. Desde entonces, 21 millones de latinoamericanos se han contagiado y casi 700.000 han muerto.<\/p>\n<p>Hoy, el llamado a la vuelta presencial a las aulas de clases pareciera ser un com\u00fan denominador de muchos de los gobiernos en Am\u00e9rica Latina, que han pautado el mes de marzo para esta convocatoria. La propaganda oficial, encubierta con un discurso de legitimaci\u00f3n con narrativas de Unesco y Unicef,\u00a0 trata de esconder los enormes intereses mercantiles que subyacen detr\u00e1s de esta convocatoria.<\/p>\n<p>Mientras, la debacle econ\u00f3mica amenaza con lastrar los avances conseguidos y el futuro de una regi\u00f3n que ha perdido los caminos de la integraci\u00f3n y unidad, tan necesarias en \u00e9pocas de crisis econ\u00f3micas, sociales, sanitarias, ambientales.<\/p>\n<p>Pero no cante victoria: Dos sesudos t\u00e9cnicos del Fondo Monetario Internacional dibujaron el escenario posible de la pospandemia en julio de 2022, cuando los gobiernos piensan que lo peor ya ha pasado, tras una campa\u00f1a exhaustiva de vacunas y paquetes billonarios de reactivaci\u00f3n econ\u00f3mica: el mundo, de repente, se enciende, hay batallas campales en cientos de ciudades, y los edificios en llamas se proyectan en millones de pantallas de televisi\u00f3n. Los gobiernos caen en elecciones tumultuosas. Apocalipsis el a\u00f1o que viene.<\/p>\n<p>Philip Barrett y Sophia Chen, t\u00e9cnicos del FMI, \u00a0en su informe<em> Las repercusiones sociales de las pandemias <\/em>(enero del 2021) s\u00f1alan que una pandemia \u201cpone de manifiesto las fracturas ya existentes en la sociedad: la falta de protecci\u00f3n social, la desconfianza en las instituciones, la percepci\u00f3n de incompetencia o corrupci\u00f3n de los gobiernos\u201d.<\/p>\n<p>A partir de un an\u00e1lisis de millones de art\u00edculos de prensa publicados desde 1985 en 130 pa\u00edses, el FMI elabor\u00f3 un \u00edndice de malestar social que permite cuantificar la probabilidad de una explosi\u00f3n de protestas como consecuencia de la pandemia. Los t\u00e9cnicos relacionan los casos de estallidos sociales con 11.000 diferentes acontecimientos ocurridos desde los a\u00f1os ochenta: desastres naturales como inundaciones, terremotos o huracanes, as\u00ed como epidemias.<\/p>\n<p>Los expertos descubren \u201cuna relaci\u00f3n positiva y significativa\u201d entre desastres, epidemias y estallidos sociales. Muchos lo entendimos por experiencia o instintivamente, pero lo interesante del an\u00e1lisis del FMI es la relaci\u00f3n cronol\u00f3gica que identifica entre las epidemias y los estallidos sociales, donde hay un importante efecto retraso de hasta dos a\u00f1os, que separan el momento \u00e1lgido de la epidemia de las rebeliones.<\/p>\n<p><strong>Seguimos sufriendo<\/strong><\/p>\n<p>Un total de 20.747.458 casos de Covid-19 han sido registrados en Am\u00e9rica Latina y el Caribe. Brasil es el pa\u00eds m\u00e1s afectado por esta pandemia en la regi\u00f3n, con alrededor de 10,5 millones de casos confirmados y 254 mil muertos. Colombia se ubica en segundo lugar, con m\u00e1s de 2,2 millones de infectados y casi 60 mil decesos.\u00a0 M\u00e9xico y Argentina registraron poco m\u00e1s de dos millones de contagios, con 185 mil y 52 mil decesos, respectivamente.<\/p>\n<p>La llegada de las primeras vacunas ofrece esperanza pero la desigualdad en el acceso a m\u00e1s lotes, el reto log\u00edstico y la lentitud en su distribuci\u00f3n, adem\u00e1s de la corrupci\u00f3n, invitan a la precauci\u00f3n. Adem\u00e1s, las nuevas variantes evidencian que el virus est\u00e1 lejos de controlarse en la regi\u00f3n epicentro mundial de la pandemia. \u201cQuiero enfatizar que ciertamente no estamos fuera de peligro\u201d, asever\u00f3 la directora general de la Organizaci\u00f3n Panamericana de la Salud (OPS), Carissa F. Etienne.<\/p>\n<p>El impacto de un a\u00f1o de pandemia se centr\u00f3 en las mujeres, los alumnos pobres, en la clase media y por supuesto, en la gente que ten\u00eda comorbilidades y la gente mayor. Esos son los grandes perdedores en la regi\u00f3n. \u00a0Un impacto recrudecido en Centroam\u00e9rica, que tuvo que hacer frente a la crisis sanitaria y al embate de los huracanes Eta e Iota en octubre y noviembre, con gente en refugios sin poder aislarse. La Cepal advirti\u00f3 que cerrar\u00e1n 2,7 millones de empresas en Am\u00e9rica Latina y se perder\u00e1n unos nueve millones de empleos.<\/p>\n<p><strong>La educaci\u00f3n<\/strong><\/p>\n<p>Volviendo a la educaci\u00f3n y la pandemia, las condiciones materiales de vida de la poblaci\u00f3n estudiantil y docente fueron y siguen estando seriamente afectadas por la covid-19.\u00a0 Muchas familias han sufrido sus estragos \u00a0y ahora los gobiernos, sin que previamente se haya vacunado a docentes y estudiantes, pretenden la reapertura general o parcial de las escuelas, lo cual atenta contra el derecho humano a la vida.<\/p>\n<p>La precariedad de las condiciones de bioseguridad y los limitados o inexistentes apoyos institucionales para garantizar los protocolos que ella conlleva pueden derivar en una tragedia que afectar\u00e1 fundamentalmente a los trabajadores de la educaci\u00f3n y, sobre todo, a les hijes de las familias de menos recursos, se\u00f1ala<em> Otras voces en Educaci\u00f3n<\/em>.<\/p>\n<p>En toda Am\u00e9rica Latina y el Caribe los sueldos y salarios docentes se han deteriorado mientras, aprovechando la precaria capacidad de movilizaci\u00f3n del magisterio, se atacan conquistas sociales importantes.<\/p>\n<p>&nbsp;<\/p>\n<p><em>*Periodista y comunic\u00f3logo uruguayo. Mag\u00edster en Integraci\u00f3n. Fundador de Telesur. Preside la Fundaci\u00f3n para la Integraci\u00f3n Latinoamericana (FILA) y dirige el <\/em><em>Centro Latinoamericano de An\u00e1lisis Estrat\u00e9gico (CLAE, <a href=\"http:\/\/www.estrategia.la\" data-saferedirecturl=\"https:\/\/www.google.com\/url?q=http:\/\/www.estrategia.la&amp;source=gmail&amp;ust=1614713710099000&amp;usg=AFQjCNEpFBALR8ElBdVYEL5vkSlMY4QIVw\">www.estrategia.la<\/a>) y susrysurtv.<\/em><\/p>\n<p>&nbsp;<\/p>\n<p>&nbsp;<\/p>\n<div style=\"position: relative; overflow: hidden; width: 100%; padding-top: 56.25%;\"><iframe src=\"https:\/\/www.universal-video.com\/pressenza.php?url=933331207-\" style=\"position: absolute; top: 0; left: 0; bottom: 0; right: 0; width: 100%; height: 100%;\" allowfullscreen=\"allowfullscreen\"><\/iframe><\/div>\n","protected":false},"excerpt":{"rendered":"<p>por Aram Aharonian Am\u00e9rica Latina vio hace un a\u00f1o cumplir sus peores presagios: un brasile\u00f1o que lleg\u00f3 de Italia daba positivo en Sao Paulo el 26 de febrero de 2020 por covid-19 y hac\u00eda saltar las alarmas en la regi\u00f3n,&hellip;<\/p>\n","protected":false},"author":1415,"featured_media":1307550,"comment_status":"closed","ping_status":"closed","sticky":false,"template":"","format":"standard","meta":{"footnotes":""},"categories":[79,1230,161,1239,25678],"tags":[87932,87931,87933],"class_list":["post-1307526","post","type-post","status-publish","format-standard","has-post-thumbnail","hentry","category-derechos-humanos","category-educacion-tema","category-opiniones","category-salud","category-video-es","tag-catastrofe-social","tag-covid-18","tag-deterioro-educacion"],"yoast_head":"<!-- This site is optimized with the Yoast SEO plugin v27.1.1 - https:\/\/yoast.com\/product\/yoast-seo-wordpress\/ -->\n<title>Covid, vuelta a clases y el apocalipsis de julio de 2022<\/title>\n<meta name=\"description\" content=\"por Aram Aharonian Am\u00e9rica Latina vio hace un a\u00f1o cumplir sus peores presagios: un brasile\u00f1o que lleg\u00f3 de Italia daba positivo en Sao Paulo el 26 de\" \/>\n<meta name=\"robots\" content=\"index, follow, max-snippet:-1, max-image-preview:large, max-video-preview:-1\" \/>\n<link rel=\"canonical\" href=\"https:\/\/www.pressenza.com\/es\/2021\/03\/covid-vuelta-a-clases-y-el-apocalipsis-de-julio-de-2022\/\" \/>\n<meta property=\"og:locale\" content=\"es_ES\" \/>\n<meta property=\"og:type\" content=\"article\" \/>\n<meta property=\"og:title\" content=\"Covid, vuelta a clases y el apocalipsis de julio de 2022\" \/>\n<meta property=\"og:description\" content=\"por Aram Aharonian Am\u00e9rica Latina vio hace un a\u00f1o cumplir sus peores presagios: un brasile\u00f1o que lleg\u00f3 de Italia daba positivo en Sao Paulo el 26 de\" \/>\n<meta property=\"og:url\" content=\"https:\/\/www.pressenza.com\/es\/2021\/03\/covid-vuelta-a-clases-y-el-apocalipsis-de-julio-de-2022\/\" \/>\n<meta property=\"og:site_name\" content=\"Pressenza\" \/>\n<meta property=\"article:publisher\" content=\"https:\/\/www.facebook.com\/PressenzaItalia\" \/>\n<meta property=\"article:published_time\" content=\"2021-03-01T19:45:29+00:00\" \/>\n<meta property=\"article:modified_time\" content=\"2021-03-02T21:52:27+00:00\" \/>\n<meta property=\"og:image\" content=\"https:\/\/www.pressenza.com\/wp-content\/uploads\/2021\/03\/covid-distanciamiento.jpg\" \/>\n\t<meta property=\"og:image:width\" content=\"546\" \/>\n\t<meta property=\"og:image:height\" content=\"364\" \/>\n\t<meta property=\"og:image:type\" content=\"image\/jpeg\" \/>\n<meta name=\"author\" content=\"Aram Aharonian\" \/>\n<meta name=\"twitter:card\" content=\"summary_large_image\" \/>\n<meta name=\"twitter:creator\" content=\"@PressenzaIPA\" \/>\n<meta name=\"twitter:site\" content=\"@PressenzaIPA\" \/>\n<meta name=\"twitter:label1\" content=\"Escrito por\" \/>\n\t<meta name=\"twitter:data1\" content=\"Aram Aharonian\" \/>\n\t<meta name=\"twitter:label2\" content=\"Tiempo de lectura\" \/>\n\t<meta name=\"twitter:data2\" content=\"5 minutos\" \/>\n<script type=\"application\/ld+json\" class=\"yoast-schema-graph\">{\"@context\":\"https:\/\/schema.org\",\"@graph\":[{\"@type\":\"Article\",\"@id\":\"https:\/\/www.pressenza.com\/es\/2021\/03\/covid-vuelta-a-clases-y-el-apocalipsis-de-julio-de-2022\/#article\",\"isPartOf\":{\"@id\":\"https:\/\/www.pressenza.com\/es\/2021\/03\/covid-vuelta-a-clases-y-el-apocalipsis-de-julio-de-2022\/\"},\"author\":{\"name\":\"Aram Aharonian\",\"@id\":\"https:\/\/www.pressenza.com\/es\/#\/schema\/person\/777c39c93856c085c6d5931778fbf85f\"},\"headline\":\"Covid, vuelta a clases y el apocalipsis de julio de 2022\",\"datePublished\":\"2021-03-01T19:45:29+00:00\",\"dateModified\":\"2021-03-02T21:52:27+00:00\",\"mainEntityOfPage\":{\"@id\":\"https:\/\/www.pressenza.com\/es\/2021\/03\/covid-vuelta-a-clases-y-el-apocalipsis-de-julio-de-2022\/\"},\"wordCount\":930,\"publisher\":{\"@id\":\"https:\/\/www.pressenza.com\/es\/#organization\"},\"image\":{\"@id\":\"https:\/\/www.pressenza.com\/es\/2021\/03\/covid-vuelta-a-clases-y-el-apocalipsis-de-julio-de-2022\/#primaryimage\"},\"thumbnailUrl\":\"https:\/\/www.pressenza.com\/wp-content\/uploads\/2021\/03\/covid-distanciamiento.jpg\",\"keywords\":[\"cat\u00e1strofe social\",\"covid-18\",\"deterioro educaci\u00f3n\"],\"articleSection\":[\"Derechos Humanos\",\"Educaci\u00f3n\",\"Opiniones\",\"Salud\",\"Video\"],\"inLanguage\":\"es\"},{\"@type\":\"WebPage\",\"@id\":\"https:\/\/www.pressenza.com\/es\/2021\/03\/covid-vuelta-a-clases-y-el-apocalipsis-de-julio-de-2022\/\",\"url\":\"https:\/\/www.pressenza.com\/es\/2021\/03\/covid-vuelta-a-clases-y-el-apocalipsis-de-julio-de-2022\/\",\"name\":\"Covid, vuelta a clases y el apocalipsis de julio de 2022\",\"isPartOf\":{\"@id\":\"https:\/\/www.pressenza.com\/es\/#website\"},\"primaryImageOfPage\":{\"@id\":\"https:\/\/www.pressenza.com\/es\/2021\/03\/covid-vuelta-a-clases-y-el-apocalipsis-de-julio-de-2022\/#primaryimage\"},\"image\":{\"@id\":\"https:\/\/www.pressenza.com\/es\/2021\/03\/covid-vuelta-a-clases-y-el-apocalipsis-de-julio-de-2022\/#primaryimage\"},\"thumbnailUrl\":\"https:\/\/www.pressenza.com\/wp-content\/uploads\/2021\/03\/covid-distanciamiento.jpg\",\"datePublished\":\"2021-03-01T19:45:29+00:00\",\"dateModified\":\"2021-03-02T21:52:27+00:00\",\"description\":\"por Aram Aharonian Am\u00e9rica Latina vio hace un a\u00f1o cumplir sus peores presagios: un brasile\u00f1o que lleg\u00f3 de Italia daba positivo en Sao Paulo el 26 de\",\"breadcrumb\":{\"@id\":\"https:\/\/www.pressenza.com\/es\/2021\/03\/covid-vuelta-a-clases-y-el-apocalipsis-de-julio-de-2022\/#breadcrumb\"},\"inLanguage\":\"es\",\"potentialAction\":[{\"@type\":\"ReadAction\",\"target\":[\"https:\/\/www.pressenza.com\/es\/2021\/03\/covid-vuelta-a-clases-y-el-apocalipsis-de-julio-de-2022\/\"]}]},{\"@type\":\"ImageObject\",\"inLanguage\":\"es\",\"@id\":\"https:\/\/www.pressenza.com\/es\/2021\/03\/covid-vuelta-a-clases-y-el-apocalipsis-de-julio-de-2022\/#primaryimage\",\"url\":\"https:\/\/www.pressenza.com\/wp-content\/uploads\/2021\/03\/covid-distanciamiento.jpg\",\"contentUrl\":\"https:\/\/www.pressenza.com\/wp-content\/uploads\/2021\/03\/covid-distanciamiento.jpg\",\"width\":546,\"height\":364},{\"@type\":\"BreadcrumbList\",\"@id\":\"https:\/\/www.pressenza.com\/es\/2021\/03\/covid-vuelta-a-clases-y-el-apocalipsis-de-julio-de-2022\/#breadcrumb\",\"itemListElement\":[{\"@type\":\"ListItem\",\"position\":1,\"name\":\"Accueil\",\"item\":\"https:\/\/www.pressenza.com\/es\/\"},{\"@type\":\"ListItem\",\"position\":2,\"name\":\"Covid, vuelta a clases y el apocalipsis de julio de 2022\"}]},{\"@type\":\"WebSite\",\"@id\":\"https:\/\/www.pressenza.com\/es\/#website\",\"url\":\"https:\/\/www.pressenza.com\/es\/\",\"name\":\"Pressenza\",\"description\":\"International Press Agency\",\"publisher\":{\"@id\":\"https:\/\/www.pressenza.com\/es\/#organization\"},\"potentialAction\":[{\"@type\":\"SearchAction\",\"target\":{\"@type\":\"EntryPoint\",\"urlTemplate\":\"https:\/\/www.pressenza.com\/es\/?s={search_term_string}\"},\"query-input\":{\"@type\":\"PropertyValueSpecification\",\"valueRequired\":true,\"valueName\":\"search_term_string\"}}],\"inLanguage\":\"es\"},{\"@type\":\"Organization\",\"@id\":\"https:\/\/www.pressenza.com\/es\/#organization\",\"name\":\"Pressenza\",\"url\":\"https:\/\/www.pressenza.com\/es\/\",\"logo\":{\"@type\":\"ImageObject\",\"inLanguage\":\"es\",\"@id\":\"https:\/\/www.pressenza.com\/es\/#\/schema\/logo\/image\/\",\"url\":\"https:\/\/www.pressenza.com\/wp-content\/uploads\/2022\/10\/pressenza_logo_200x200.jpg\",\"contentUrl\":\"https:\/\/www.pressenza.com\/wp-content\/uploads\/2022\/10\/pressenza_logo_200x200.jpg\",\"width\":200,\"height\":200,\"caption\":\"Pressenza\"},\"image\":{\"@id\":\"https:\/\/www.pressenza.com\/es\/#\/schema\/logo\/image\/\"},\"sameAs\":[\"https:\/\/www.facebook.com\/PressenzaItalia\",\"https:\/\/x.com\/PressenzaIPA\"]},{\"@type\":\"Person\",\"@id\":\"https:\/\/www.pressenza.com\/es\/#\/schema\/person\/777c39c93856c085c6d5931778fbf85f\",\"name\":\"Aram Aharonian\",\"description\":\"Magister en Integraci\u00f3n, periodista y docente uruguayo, fundador de Telesur, director del Observatorio en Comunicaci\u00f3n y Democracia, presidente de la Fundaci\u00f3n para la Integraci\u00f3n Latinoamericana.\",\"url\":\"https:\/\/www.pressenza.com\/es\/author\/aram-aharonian\/\"}]}<\/script>\n<!-- \/ Yoast SEO plugin. -->","yoast_head_json":{"title":"Covid, vuelta a clases y el apocalipsis de julio de 2022","description":"por Aram Aharonian Am\u00e9rica Latina vio hace un a\u00f1o cumplir sus peores presagios: un brasile\u00f1o que lleg\u00f3 de Italia daba positivo en Sao Paulo el 26 de","robots":{"index":"index","follow":"follow","max-snippet":"max-snippet:-1","max-image-preview":"max-image-preview:large","max-video-preview":"max-video-preview:-1"},"canonical":"https:\/\/www.pressenza.com\/es\/2021\/03\/covid-vuelta-a-clases-y-el-apocalipsis-de-julio-de-2022\/","og_locale":"es_ES","og_type":"article","og_title":"Covid, vuelta a clases y el apocalipsis de julio de 2022","og_description":"por Aram Aharonian Am\u00e9rica Latina vio hace un a\u00f1o cumplir sus peores presagios: un brasile\u00f1o que lleg\u00f3 de Italia daba positivo en Sao Paulo el 26 de","og_url":"https:\/\/www.pressenza.com\/es\/2021\/03\/covid-vuelta-a-clases-y-el-apocalipsis-de-julio-de-2022\/","og_site_name":"Pressenza","article_publisher":"https:\/\/www.facebook.com\/PressenzaItalia","article_published_time":"2021-03-01T19:45:29+00:00","article_modified_time":"2021-03-02T21:52:27+00:00","og_image":[{"width":546,"height":364,"url":"https:\/\/www.pressenza.com\/wp-content\/uploads\/2021\/03\/covid-distanciamiento.jpg","type":"image\/jpeg"}],"author":"Aram Aharonian","twitter_card":"summary_large_image","twitter_creator":"@PressenzaIPA","twitter_site":"@PressenzaIPA","twitter_misc":{"Escrito por":"Aram Aharonian","Tiempo de lectura":"5 minutos"},"schema":{"@context":"https:\/\/schema.org","@graph":[{"@type":"Article","@id":"https:\/\/www.pressenza.com\/es\/2021\/03\/covid-vuelta-a-clases-y-el-apocalipsis-de-julio-de-2022\/#article","isPartOf":{"@id":"https:\/\/www.pressenza.com\/es\/2021\/03\/covid-vuelta-a-clases-y-el-apocalipsis-de-julio-de-2022\/"},"author":{"name":"Aram Aharonian","@id":"https:\/\/www.pressenza.com\/es\/#\/schema\/person\/777c39c93856c085c6d5931778fbf85f"},"headline":"Covid, vuelta a clases y el apocalipsis de julio de 2022","datePublished":"2021-03-01T19:45:29+00:00","dateModified":"2021-03-02T21:52:27+00:00","mainEntityOfPage":{"@id":"https:\/\/www.pressenza.com\/es\/2021\/03\/covid-vuelta-a-clases-y-el-apocalipsis-de-julio-de-2022\/"},"wordCount":930,"publisher":{"@id":"https:\/\/www.pressenza.com\/es\/#organization"},"image":{"@id":"https:\/\/www.pressenza.com\/es\/2021\/03\/covid-vuelta-a-clases-y-el-apocalipsis-de-julio-de-2022\/#primaryimage"},"thumbnailUrl":"https:\/\/www.pressenza.com\/wp-content\/uploads\/2021\/03\/covid-distanciamiento.jpg","keywords":["cat\u00e1strofe social","covid-18","deterioro educaci\u00f3n"],"articleSection":["Derechos Humanos","Educaci\u00f3n","Opiniones","Salud","Video"],"inLanguage":"es"},{"@type":"WebPage","@id":"https:\/\/www.pressenza.com\/es\/2021\/03\/covid-vuelta-a-clases-y-el-apocalipsis-de-julio-de-2022\/","url":"https:\/\/www.pressenza.com\/es\/2021\/03\/covid-vuelta-a-clases-y-el-apocalipsis-de-julio-de-2022\/","name":"Covid, vuelta a clases y el apocalipsis de julio de 2022","isPartOf":{"@id":"https:\/\/www.pressenza.com\/es\/#website"},"primaryImageOfPage":{"@id":"https:\/\/www.pressenza.com\/es\/2021\/03\/covid-vuelta-a-clases-y-el-apocalipsis-de-julio-de-2022\/#primaryimage"},"image":{"@id":"https:\/\/www.pressenza.com\/es\/2021\/03\/covid-vuelta-a-clases-y-el-apocalipsis-de-julio-de-2022\/#primaryimage"},"thumbnailUrl":"https:\/\/www.pressenza.com\/wp-content\/uploads\/2021\/03\/covid-distanciamiento.jpg","datePublished":"2021-03-01T19:45:29+00:00","dateModified":"2021-03-02T21:52:27+00:00","description":"por Aram Aharonian Am\u00e9rica Latina vio hace un a\u00f1o cumplir sus peores presagios: un brasile\u00f1o que lleg\u00f3 de Italia daba positivo en Sao Paulo el 26 de","breadcrumb":{"@id":"https:\/\/www.pressenza.com\/es\/2021\/03\/covid-vuelta-a-clases-y-el-apocalipsis-de-julio-de-2022\/#breadcrumb"},"inLanguage":"es","potentialAction":[{"@type":"ReadAction","target":["https:\/\/www.pressenza.com\/es\/2021\/03\/covid-vuelta-a-clases-y-el-apocalipsis-de-julio-de-2022\/"]}]},{"@type":"ImageObject","inLanguage":"es","@id":"https:\/\/www.pressenza.com\/es\/2021\/03\/covid-vuelta-a-clases-y-el-apocalipsis-de-julio-de-2022\/#primaryimage","url":"https:\/\/www.pressenza.com\/wp-content\/uploads\/2021\/03\/covid-distanciamiento.jpg","contentUrl":"https:\/\/www.pressenza.com\/wp-content\/uploads\/2021\/03\/covid-distanciamiento.jpg","width":546,"height":364},{"@type":"BreadcrumbList","@id":"https:\/\/www.pressenza.com\/es\/2021\/03\/covid-vuelta-a-clases-y-el-apocalipsis-de-julio-de-2022\/#breadcrumb","itemListElement":[{"@type":"ListItem","position":1,"name":"Accueil","item":"https:\/\/www.pressenza.com\/es\/"},{"@type":"ListItem","position":2,"name":"Covid, vuelta a clases y el apocalipsis de julio de 2022"}]},{"@type":"WebSite","@id":"https:\/\/www.pressenza.com\/es\/#website","url":"https:\/\/www.pressenza.com\/es\/","name":"Pressenza","description":"International Press Agency","publisher":{"@id":"https:\/\/www.pressenza.com\/es\/#organization"},"potentialAction":[{"@type":"SearchAction","target":{"@type":"EntryPoint","urlTemplate":"https:\/\/www.pressenza.com\/es\/?s={search_term_string}"},"query-input":{"@type":"PropertyValueSpecification","valueRequired":true,"valueName":"search_term_string"}}],"inLanguage":"es"},{"@type":"Organization","@id":"https:\/\/www.pressenza.com\/es\/#organization","name":"Pressenza","url":"https:\/\/www.pressenza.com\/es\/","logo":{"@type":"ImageObject","inLanguage":"es","@id":"https:\/\/www.pressenza.com\/es\/#\/schema\/logo\/image\/","url":"https:\/\/www.pressenza.com\/wp-content\/uploads\/2022\/10\/pressenza_logo_200x200.jpg","contentUrl":"https:\/\/www.pressenza.com\/wp-content\/uploads\/2022\/10\/pressenza_logo_200x200.jpg","width":200,"height":200,"caption":"Pressenza"},"image":{"@id":"https:\/\/www.pressenza.com\/es\/#\/schema\/logo\/image\/"},"sameAs":["https:\/\/www.facebook.com\/PressenzaItalia","https:\/\/x.com\/PressenzaIPA"]},{"@type":"Person","@id":"https:\/\/www.pressenza.com\/es\/#\/schema\/person\/777c39c93856c085c6d5931778fbf85f","name":"Aram Aharonian","description":"Magister en Integraci\u00f3n, periodista y docente uruguayo, fundador de Telesur, director del Observatorio en Comunicaci\u00f3n y Democracia, presidente de la Fundaci\u00f3n para la Integraci\u00f3n Latinoamericana.","url":"https:\/\/www.pressenza.com\/es\/author\/aram-aharonian\/"}]}},"place":"","original_article_url":"http:\/\/estrategia.la\/2021\/03\/01\/covid-vuelta-a-clases-y-el-apocalipsis-de-julio-de-2022\/","_links":{"self":[{"href":"https:\/\/www.pressenza.com\/es\/wp-json\/wp\/v2\/posts\/1307526","targetHints":{"allow":["GET"]}}],"collection":[{"href":"https:\/\/www.pressenza.com\/es\/wp-json\/wp\/v2\/posts"}],"about":[{"href":"https:\/\/www.pressenza.com\/es\/wp-json\/wp\/v2\/types\/post"}],"author":[{"embeddable":true,"href":"https:\/\/www.pressenza.com\/es\/wp-json\/wp\/v2\/users\/1415"}],"replies":[{"embeddable":true,"href":"https:\/\/www.pressenza.com\/es\/wp-json\/wp\/v2\/comments?post=1307526"}],"version-history":[{"count":0,"href":"https:\/\/www.pressenza.com\/es\/wp-json\/wp\/v2\/posts\/1307526\/revisions"}],"wp:featuredmedia":[{"embeddable":true,"href":"https:\/\/www.pressenza.com\/es\/wp-json\/wp\/v2\/media\/1307550"}],"wp:attachment":[{"href":"https:\/\/www.pressenza.com\/es\/wp-json\/wp\/v2\/media?parent=1307526"}],"wp:term":[{"taxonomy":"category","embeddable":true,"href":"https:\/\/www.pressenza.com\/es\/wp-json\/wp\/v2\/categories?post=1307526"},{"taxonomy":"post_tag","embeddable":true,"href":"https:\/\/www.pressenza.com\/es\/wp-json\/wp\/v2\/tags?post=1307526"}],"curies":[{"name":"wp","href":"https:\/\/api.w.org\/{rel}","templated":true}]}}