{"id":1305187,"date":"2021-02-26T02:31:43","date_gmt":"2021-02-26T02:31:43","guid":{"rendered":"https:\/\/www.pressenza.com\/?p=1305187"},"modified":"2021-02-26T02:31:43","modified_gmt":"2021-02-26T02:31:43","slug":"los-muerticos","status":"publish","type":"post","link":"https:\/\/www.pressenza.com\/es\/2021\/02\/los-muerticos\/","title":{"rendered":"Los muerticos"},"content":{"rendered":"<header class=\"Article-Header\">\n<div class=\"Article-TitleSection\"><\/div>\n<\/header>\n<div class=\"Article-Content\">\n<section><span style=\"color: #999999;\"><em>23 de febrero 2021. El Espectador<\/em><\/span>&nbsp;<\/p>\n<p class=\"font--secondary\">En Colombia los n\u00fameros no alcanzan; nunca son suficientes para contar nuestros muertos. Y ninguno de los hombres y mujeres asesinados deber\u00eda estar ah\u00ed, en la estad\u00edstica de la violencia. Si fu\u00e9ramos m\u00e1s racionales, m\u00e1s l\u00f3gicos y humanos, si la inteligencia nos hubiera dado para evitar las guerras y el ejercicio del poder empezara por respetar la vida, la gente deber\u00eda morirse de vieja, cuando se le cansa el coraz\u00f3n, ni un d\u00eda antes; ni una bala despu\u00e9s.<\/p>\n<\/section>\n<\/div>\n<p class=\"font--secondary\">Inscribir a las v\u00edctimas de la violencia en un desfile de n\u00fameros est\u00e1 bien para dimensionar la magnitud de la infamia. Pero, \u00a1ojo!, que las s\u00e1banas blancas cubran sus cuerpos, no que oculten sus historias; que las dos NN en may\u00fasculas en la etiqueta fatal no minimicen lo que fue la vida de cada uno; que los n\u00fameros no se devoren el dolor, los ojos negros, los hijos, las manos tibias, la sopita caliente que cada uno dej\u00f3 en ese hogar al que nunca volver\u00e1.<\/p>\n<p class=\"font--secondary\">Todo lo que implique reconstrucci\u00f3n de la memoria hist\u00f3rica ser\u00e1 doloroso y dif\u00edcil pero es indispensable. Por eso el respaldo a la JEP y a la Comisi\u00f3n de la Verdad.<\/p>\n<p class=\"font--secondary\">V\u00edctimas, victimarios, los supuestos inocentes de turno, los c\u00f3mplices evidentes y los disfrazados, los pol\u00edticos sucios, los limpios pero cobardes, la sociedad que les cerr\u00f3 las puertas a los pobres y se la abri\u00f3 a los narcotraficantes, los terratenientes patrocinadores del horror, los acaparadores, los que esquivaron las voces de auxilio, todos tenemos un pedazo de verdad para aportar y un silencio para romper.<\/p>\n<p class=\"font--secondary\">Los excomandantes de las Farc empezaron a contar parte de la historia y est\u00e1n comprometidos a entregar verdades sinceras y contrastables.<\/p>\n<p class=\"font--secondary\">Viene ahora, contra victimarios estatales, el caso 03 sobre los 6.402 campesinos, muchachos con discapacidades, con vulnerabilidades de toda \u00edndole, asesinados por miembros de la Fuerza P\u00fablica para cumplir las cuotas de \u201clos muerticos\u201d de la semana; \u201clos muerticos\u201d que deb\u00edan presentar como bajas, como golpes propinados a la guerrilla; \u201clos muerticos\u201d (as\u00ed los llamaban) que nadie reclamar\u00eda. Pero se equivocaron los asesinos y los que dieron la orden y los que la vieron dar y se quedaron callados. Nadie olvida los cad\u00e1veres con las botas puestas al rev\u00e9s, los zurdos con las armas en la mano derecha, los desaparecidos encontrados a 500 kil\u00f3metros en las morgues de bombillo y baldos\u00edn. Fue criminal ofrecer y dar recompensas, premios y aplausos por \u201clos muerticos\u201d exhibidos como guerrilleros.<\/p>\n<p class=\"font--secondary\">Bajo la presidencia de \u00c1lvaro Uribe \u201cse present\u00f3 el 78% de la victimizaci\u00f3n hist\u00f3rica\u201d. El pa\u00eds se llen\u00f3 de sangre en el Caribe, en Antioquia, los llanos, Huila, Santander del Norte, Arauca, Guain\u00eda, Guaviare, Putumayo, Sucre y Caquet\u00e1. Y no, no fueron coincidencias. No se asesina por casualidad a 6.402 personas, todas con el mismo perfil de indefensi\u00f3n y pobreza. Ojal\u00e1 lean <a href=\"https:\/\/twitter.com\/JMVivancoHRW\/status\/1363186784511877122\" target=\"_blank\" rel=\"noopener\">el impecable hilo escrito el s\u00e1bado en el Twitter de @JMVivancoHRW<\/a>.<\/p>\n<p class=\"font--secondary\">No es raro que ahora el exsenador y entonces presidente quiera desviar la atenci\u00f3n y eludir una responsabilidad insoslayable, pero no insulten la inteligencia de los colombianos y de la comunidad internacional: ya aprendimos a reconocer las cortinas de humo.<\/p>\n<p class=\"font--secondary\">La verdad se abrir\u00e1 paso y nos encontrar\u00e1 listos para acompa\u00f1ar a quienes se han atrevido a denunciar la maldad que sigue atornillada a las sombras y al poder. Respaldamos la independencia de la justicia y exigimos respeto para las instancias nacidas del Acuerdo de Paz.<\/p>\n<p class=\"font--secondary\">La muerte sistem\u00e1tica nos ha dado muy duro, pero la conciencia\u2026 la conciencia no claudica.<\/p>\n","protected":false},"excerpt":{"rendered":"<p>23 de febrero 2021. El Espectador&nbsp; En Colombia los n\u00fameros no alcanzan; nunca son suficientes para contar nuestros muertos. Y ninguno de los hombres y mujeres asesinados deber\u00eda estar ah\u00ed, en la estad\u00edstica de la violencia. Si fu\u00e9ramos m\u00e1s racionales,&hellip;<\/p>\n","protected":false},"author":1897,"featured_media":1305199,"comment_status":"closed","ping_status":"closed","sticky":false,"template":"","format":"standard","meta":{"footnotes":""},"categories":[79,161,1243,67],"tags":[78568,87706,30949,30,87823,419],"class_list":["post-1305187","post","type-post","status-publish","format-standard","has-post-thumbnail","hentry","category-derechos-humanos","category-opiniones","category-paz-desarme","category-sudamerica","tag-lahuelladeloslideres","tag-87706","tag-acuerdos-de-paz","tag-colombia","tag-muerticos","tag-paz"],"yoast_head":"<!-- This site is optimized with the Yoast SEO plugin v27.1.1 - https:\/\/yoast.com\/product\/yoast-seo-wordpress\/ -->\n<title>Los muerticos<\/title>\n<meta name=\"description\" content=\"23 de febrero 2021. El Espectador&nbsp; En Colombia los n\u00fameros no alcanzan; nunca son suficientes para contar nuestros muertos. Y ninguno de los hombres\" \/>\n<meta name=\"robots\" content=\"index, follow, max-snippet:-1, max-image-preview:large, max-video-preview:-1\" \/>\n<link rel=\"canonical\" href=\"https:\/\/www.pressenza.com\/es\/2021\/02\/los-muerticos\/\" \/>\n<meta property=\"og:locale\" content=\"es_ES\" \/>\n<meta property=\"og:type\" content=\"article\" \/>\n<meta property=\"og:title\" content=\"Los muerticos\" \/>\n<meta property=\"og:description\" content=\"23 de febrero 2021. El Espectador&nbsp; En Colombia los n\u00fameros no alcanzan; nunca son suficientes para contar nuestros muertos. Y ninguno de los hombres\" \/>\n<meta property=\"og:url\" content=\"https:\/\/www.pressenza.com\/es\/2021\/02\/los-muerticos\/\" \/>\n<meta property=\"og:site_name\" content=\"Pressenza\" \/>\n<meta property=\"article:publisher\" content=\"https:\/\/www.facebook.com\/PressenzaItalia\" \/>\n<meta property=\"article:published_time\" content=\"2021-02-26T02:31:43+00:00\" \/>\n<meta property=\"og:image\" content=\"https:\/\/www.pressenza.com\/wp-content\/uploads\/2021\/02\/Captura-de-video-1.jpg\" \/>\n\t<meta property=\"og:image:width\" content=\"850\" \/>\n\t<meta property=\"og:image:height\" content=\"477\" \/>\n\t<meta property=\"og:image:type\" content=\"image\/jpeg\" \/>\n<meta name=\"author\" content=\"Gloria Arias Nieto\" \/>\n<meta name=\"twitter:card\" content=\"summary_large_image\" \/>\n<meta name=\"twitter:creator\" content=\"@gloriariasnieto\" \/>\n<meta name=\"twitter:site\" content=\"@PressenzaIPA\" \/>\n<meta name=\"twitter:label1\" content=\"Escrito por\" \/>\n\t<meta name=\"twitter:data1\" content=\"Gloria Arias Nieto\" \/>\n\t<meta name=\"twitter:label2\" content=\"Tiempo de lectura\" \/>\n\t<meta name=\"twitter:data2\" content=\"3 minutos\" \/>\n<script type=\"application\/ld+json\" class=\"yoast-schema-graph\">{\"@context\":\"https:\/\/schema.org\",\"@graph\":[{\"@type\":\"Article\",\"@id\":\"https:\/\/www.pressenza.com\/es\/2021\/02\/los-muerticos\/#article\",\"isPartOf\":{\"@id\":\"https:\/\/www.pressenza.com\/es\/2021\/02\/los-muerticos\/\"},\"author\":{\"name\":\"Gloria Arias Nieto\",\"@id\":\"https:\/\/www.pressenza.com\/es\/#\/schema\/person\/476779c5c0c262f919761226ef961a29\"},\"headline\":\"Los muerticos\",\"datePublished\":\"2021-02-26T02:31:43+00:00\",\"mainEntityOfPage\":{\"@id\":\"https:\/\/www.pressenza.com\/es\/2021\/02\/los-muerticos\/\"},\"wordCount\":620,\"publisher\":{\"@id\":\"https:\/\/www.pressenza.com\/es\/#organization\"},\"image\":{\"@id\":\"https:\/\/www.pressenza.com\/es\/2021\/02\/los-muerticos\/#primaryimage\"},\"thumbnailUrl\":\"https:\/\/www.pressenza.com\/wp-content\/uploads\/2021\/02\/Captura-de-video-1.jpg\",\"keywords\":[\"#LaHuellaDeLosLideres\",\"6402\",\"Acuerdos de Paz\",\"Colombia\",\"muerticos\",\"Paz\"],\"articleSection\":[\"Derechos Humanos\",\"Opiniones\",\"Paz y Desarme\",\"Sudam\u00e9rica\"],\"inLanguage\":\"es\"},{\"@type\":\"WebPage\",\"@id\":\"https:\/\/www.pressenza.com\/es\/2021\/02\/los-muerticos\/\",\"url\":\"https:\/\/www.pressenza.com\/es\/2021\/02\/los-muerticos\/\",\"name\":\"Los muerticos\",\"isPartOf\":{\"@id\":\"https:\/\/www.pressenza.com\/es\/#website\"},\"primaryImageOfPage\":{\"@id\":\"https:\/\/www.pressenza.com\/es\/2021\/02\/los-muerticos\/#primaryimage\"},\"image\":{\"@id\":\"https:\/\/www.pressenza.com\/es\/2021\/02\/los-muerticos\/#primaryimage\"},\"thumbnailUrl\":\"https:\/\/www.pressenza.com\/wp-content\/uploads\/2021\/02\/Captura-de-video-1.jpg\",\"datePublished\":\"2021-02-26T02:31:43+00:00\",\"description\":\"23 de febrero 2021. El Espectador&nbsp; En Colombia los n\u00fameros no alcanzan; nunca son suficientes para contar nuestros muertos. Y ninguno de los hombres\",\"breadcrumb\":{\"@id\":\"https:\/\/www.pressenza.com\/es\/2021\/02\/los-muerticos\/#breadcrumb\"},\"inLanguage\":\"es\",\"potentialAction\":[{\"@type\":\"ReadAction\",\"target\":[\"https:\/\/www.pressenza.com\/es\/2021\/02\/los-muerticos\/\"]}]},{\"@type\":\"ImageObject\",\"inLanguage\":\"es\",\"@id\":\"https:\/\/www.pressenza.com\/es\/2021\/02\/los-muerticos\/#primaryimage\",\"url\":\"https:\/\/www.pressenza.com\/wp-content\/uploads\/2021\/02\/Captura-de-video-1.jpg\",\"contentUrl\":\"https:\/\/www.pressenza.com\/wp-content\/uploads\/2021\/02\/Captura-de-video-1.jpg\",\"width\":850,\"height\":477},{\"@type\":\"BreadcrumbList\",\"@id\":\"https:\/\/www.pressenza.com\/es\/2021\/02\/los-muerticos\/#breadcrumb\",\"itemListElement\":[{\"@type\":\"ListItem\",\"position\":1,\"name\":\"Accueil\",\"item\":\"https:\/\/www.pressenza.com\/es\/\"},{\"@type\":\"ListItem\",\"position\":2,\"name\":\"Los muerticos\"}]},{\"@type\":\"WebSite\",\"@id\":\"https:\/\/www.pressenza.com\/es\/#website\",\"url\":\"https:\/\/www.pressenza.com\/es\/\",\"name\":\"Pressenza\",\"description\":\"International Press Agency\",\"publisher\":{\"@id\":\"https:\/\/www.pressenza.com\/es\/#organization\"},\"potentialAction\":[{\"@type\":\"SearchAction\",\"target\":{\"@type\":\"EntryPoint\",\"urlTemplate\":\"https:\/\/www.pressenza.com\/es\/?s={search_term_string}\"},\"query-input\":{\"@type\":\"PropertyValueSpecification\",\"valueRequired\":true,\"valueName\":\"search_term_string\"}}],\"inLanguage\":\"es\"},{\"@type\":\"Organization\",\"@id\":\"https:\/\/www.pressenza.com\/es\/#organization\",\"name\":\"Pressenza\",\"url\":\"https:\/\/www.pressenza.com\/es\/\",\"logo\":{\"@type\":\"ImageObject\",\"inLanguage\":\"es\",\"@id\":\"https:\/\/www.pressenza.com\/es\/#\/schema\/logo\/image\/\",\"url\":\"https:\/\/www.pressenza.com\/wp-content\/uploads\/2022\/10\/pressenza_logo_200x200.jpg\",\"contentUrl\":\"https:\/\/www.pressenza.com\/wp-content\/uploads\/2022\/10\/pressenza_logo_200x200.jpg\",\"width\":200,\"height\":200,\"caption\":\"Pressenza\"},\"image\":{\"@id\":\"https:\/\/www.pressenza.com\/es\/#\/schema\/logo\/image\/\"},\"sameAs\":[\"https:\/\/www.facebook.com\/PressenzaItalia\",\"https:\/\/x.com\/PressenzaIPA\"]},{\"@type\":\"Person\",\"@id\":\"https:\/\/www.pressenza.com\/es\/#\/schema\/person\/476779c5c0c262f919761226ef961a29\",\"name\":\"Gloria Arias Nieto\",\"description\":\"M\u00e9dica y periodista, columnista de El Espectador. Promotora de procesos de paz y reconciliaci\u00f3n. Miembro del movimiento Defendamos la Paz (DLP) @gloriariasnieto\",\"sameAs\":[\"https:\/\/x.com\/gloriariasnieto\"],\"url\":\"https:\/\/www.pressenza.com\/es\/author\/gloria-arias-nieto\/\"}]}<\/script>\n<!-- \/ Yoast SEO plugin. -->","yoast_head_json":{"title":"Los muerticos","description":"23 de febrero 2021. El Espectador&nbsp; En Colombia los n\u00fameros no alcanzan; nunca son suficientes para contar nuestros muertos. Y ninguno de los hombres","robots":{"index":"index","follow":"follow","max-snippet":"max-snippet:-1","max-image-preview":"max-image-preview:large","max-video-preview":"max-video-preview:-1"},"canonical":"https:\/\/www.pressenza.com\/es\/2021\/02\/los-muerticos\/","og_locale":"es_ES","og_type":"article","og_title":"Los muerticos","og_description":"23 de febrero 2021. El Espectador&nbsp; En Colombia los n\u00fameros no alcanzan; nunca son suficientes para contar nuestros muertos. Y ninguno de los hombres","og_url":"https:\/\/www.pressenza.com\/es\/2021\/02\/los-muerticos\/","og_site_name":"Pressenza","article_publisher":"https:\/\/www.facebook.com\/PressenzaItalia","article_published_time":"2021-02-26T02:31:43+00:00","og_image":[{"width":850,"height":477,"url":"https:\/\/www.pressenza.com\/wp-content\/uploads\/2021\/02\/Captura-de-video-1.jpg","type":"image\/jpeg"}],"author":"Gloria Arias Nieto","twitter_card":"summary_large_image","twitter_creator":"@gloriariasnieto","twitter_site":"@PressenzaIPA","twitter_misc":{"Escrito por":"Gloria Arias Nieto","Tiempo de lectura":"3 minutos"},"schema":{"@context":"https:\/\/schema.org","@graph":[{"@type":"Article","@id":"https:\/\/www.pressenza.com\/es\/2021\/02\/los-muerticos\/#article","isPartOf":{"@id":"https:\/\/www.pressenza.com\/es\/2021\/02\/los-muerticos\/"},"author":{"name":"Gloria Arias Nieto","@id":"https:\/\/www.pressenza.com\/es\/#\/schema\/person\/476779c5c0c262f919761226ef961a29"},"headline":"Los muerticos","datePublished":"2021-02-26T02:31:43+00:00","mainEntityOfPage":{"@id":"https:\/\/www.pressenza.com\/es\/2021\/02\/los-muerticos\/"},"wordCount":620,"publisher":{"@id":"https:\/\/www.pressenza.com\/es\/#organization"},"image":{"@id":"https:\/\/www.pressenza.com\/es\/2021\/02\/los-muerticos\/#primaryimage"},"thumbnailUrl":"https:\/\/www.pressenza.com\/wp-content\/uploads\/2021\/02\/Captura-de-video-1.jpg","keywords":["#LaHuellaDeLosLideres","6402","Acuerdos de Paz","Colombia","muerticos","Paz"],"articleSection":["Derechos Humanos","Opiniones","Paz y Desarme","Sudam\u00e9rica"],"inLanguage":"es"},{"@type":"WebPage","@id":"https:\/\/www.pressenza.com\/es\/2021\/02\/los-muerticos\/","url":"https:\/\/www.pressenza.com\/es\/2021\/02\/los-muerticos\/","name":"Los muerticos","isPartOf":{"@id":"https:\/\/www.pressenza.com\/es\/#website"},"primaryImageOfPage":{"@id":"https:\/\/www.pressenza.com\/es\/2021\/02\/los-muerticos\/#primaryimage"},"image":{"@id":"https:\/\/www.pressenza.com\/es\/2021\/02\/los-muerticos\/#primaryimage"},"thumbnailUrl":"https:\/\/www.pressenza.com\/wp-content\/uploads\/2021\/02\/Captura-de-video-1.jpg","datePublished":"2021-02-26T02:31:43+00:00","description":"23 de febrero 2021. El Espectador&nbsp; En Colombia los n\u00fameros no alcanzan; nunca son suficientes para contar nuestros muertos. Y ninguno de los hombres","breadcrumb":{"@id":"https:\/\/www.pressenza.com\/es\/2021\/02\/los-muerticos\/#breadcrumb"},"inLanguage":"es","potentialAction":[{"@type":"ReadAction","target":["https:\/\/www.pressenza.com\/es\/2021\/02\/los-muerticos\/"]}]},{"@type":"ImageObject","inLanguage":"es","@id":"https:\/\/www.pressenza.com\/es\/2021\/02\/los-muerticos\/#primaryimage","url":"https:\/\/www.pressenza.com\/wp-content\/uploads\/2021\/02\/Captura-de-video-1.jpg","contentUrl":"https:\/\/www.pressenza.com\/wp-content\/uploads\/2021\/02\/Captura-de-video-1.jpg","width":850,"height":477},{"@type":"BreadcrumbList","@id":"https:\/\/www.pressenza.com\/es\/2021\/02\/los-muerticos\/#breadcrumb","itemListElement":[{"@type":"ListItem","position":1,"name":"Accueil","item":"https:\/\/www.pressenza.com\/es\/"},{"@type":"ListItem","position":2,"name":"Los muerticos"}]},{"@type":"WebSite","@id":"https:\/\/www.pressenza.com\/es\/#website","url":"https:\/\/www.pressenza.com\/es\/","name":"Pressenza","description":"International Press Agency","publisher":{"@id":"https:\/\/www.pressenza.com\/es\/#organization"},"potentialAction":[{"@type":"SearchAction","target":{"@type":"EntryPoint","urlTemplate":"https:\/\/www.pressenza.com\/es\/?s={search_term_string}"},"query-input":{"@type":"PropertyValueSpecification","valueRequired":true,"valueName":"search_term_string"}}],"inLanguage":"es"},{"@type":"Organization","@id":"https:\/\/www.pressenza.com\/es\/#organization","name":"Pressenza","url":"https:\/\/www.pressenza.com\/es\/","logo":{"@type":"ImageObject","inLanguage":"es","@id":"https:\/\/www.pressenza.com\/es\/#\/schema\/logo\/image\/","url":"https:\/\/www.pressenza.com\/wp-content\/uploads\/2022\/10\/pressenza_logo_200x200.jpg","contentUrl":"https:\/\/www.pressenza.com\/wp-content\/uploads\/2022\/10\/pressenza_logo_200x200.jpg","width":200,"height":200,"caption":"Pressenza"},"image":{"@id":"https:\/\/www.pressenza.com\/es\/#\/schema\/logo\/image\/"},"sameAs":["https:\/\/www.facebook.com\/PressenzaItalia","https:\/\/x.com\/PressenzaIPA"]},{"@type":"Person","@id":"https:\/\/www.pressenza.com\/es\/#\/schema\/person\/476779c5c0c262f919761226ef961a29","name":"Gloria Arias Nieto","description":"M\u00e9dica y periodista, columnista de El Espectador. Promotora de procesos de paz y reconciliaci\u00f3n. Miembro del movimiento Defendamos la Paz (DLP) @gloriariasnieto","sameAs":["https:\/\/x.com\/gloriariasnieto"],"url":"https:\/\/www.pressenza.com\/es\/author\/gloria-arias-nieto\/"}]}},"place":"Bogot\u00e1, Colombia","original_article_url":"https:\/\/www.elespectador.com\/opinion\/los-muerticos\/","_links":{"self":[{"href":"https:\/\/www.pressenza.com\/es\/wp-json\/wp\/v2\/posts\/1305187","targetHints":{"allow":["GET"]}}],"collection":[{"href":"https:\/\/www.pressenza.com\/es\/wp-json\/wp\/v2\/posts"}],"about":[{"href":"https:\/\/www.pressenza.com\/es\/wp-json\/wp\/v2\/types\/post"}],"author":[{"embeddable":true,"href":"https:\/\/www.pressenza.com\/es\/wp-json\/wp\/v2\/users\/1897"}],"replies":[{"embeddable":true,"href":"https:\/\/www.pressenza.com\/es\/wp-json\/wp\/v2\/comments?post=1305187"}],"version-history":[{"count":0,"href":"https:\/\/www.pressenza.com\/es\/wp-json\/wp\/v2\/posts\/1305187\/revisions"}],"wp:featuredmedia":[{"embeddable":true,"href":"https:\/\/www.pressenza.com\/es\/wp-json\/wp\/v2\/media\/1305199"}],"wp:attachment":[{"href":"https:\/\/www.pressenza.com\/es\/wp-json\/wp\/v2\/media?parent=1305187"}],"wp:term":[{"taxonomy":"category","embeddable":true,"href":"https:\/\/www.pressenza.com\/es\/wp-json\/wp\/v2\/categories?post=1305187"},{"taxonomy":"post_tag","embeddable":true,"href":"https:\/\/www.pressenza.com\/es\/wp-json\/wp\/v2\/tags?post=1305187"}],"curies":[{"name":"wp","href":"https:\/\/api.w.org\/{rel}","templated":true}]}}