{"id":1305,"date":"2009-09-11T00:00:00","date_gmt":"2009-09-11T00:00:00","guid":{"rendered":""},"modified":"2009-09-28T05:01:04","modified_gmt":"2009-09-28T05:01:04","slug":"plaza-de-la-paz-en-jerusalem-con-ocasixn-de-la-marcha-mundial","status":"publish","type":"post","link":"https:\/\/www.pressenza.com\/es\/2009\/09\/plaza-de-la-paz-en-jerusalem-con-ocasixn-de-la-marcha-mundial\/","title":{"rendered":"Plaza de la Paz en Jerusalem con ocasi\u00f3n de la Marcha Mundial"},"content":{"rendered":"<p>El pasado abril fue acordado entre organizadores de la Marcha Mundial y Meir Margalit, Consejal de la Municipalidad de Jerusalem, construir en esa ciudad, una Plaza de Paz, en celebraci\u00f3n de la Marcha Mundial. La Plaza se ubicar\u00e1 en un terreno p\u00fablico entre dos barrios jud\u00edo y \u00e1rabe.<\/p>\n<p>Seg\u00fan dise\u00f1adores de la plaza, ella  ser\u00e1 una \u00abPergola de Paz\u00bb, con una \u00abc\u00fapula verde\u00bb de seis metros, cubierta de enredaderas, asientos de forma circular, que invitan al di\u00e1logo, constituy\u00e9ndose en un \u00abPunto de Encuentro\u00bb.<\/p>\n<p>En la Plaza se plantar\u00e1n \u00e1rboles, se colocar\u00e1n asientos para los paseantes y una estela recordatoria con los nombres de quienes han contribuido a su creaci\u00f3n.<\/p>\n<p>Esta plaza se construir\u00e1 con voluntarios israel\u00edes, palestinos y de otros pa\u00edses.<\/p>\n<p>![](http:\/\/pressenza.com\/uploads\/assets\/bc87650b49f7166d4ef075815a65464ae6d34bc1.jpg)<\/p>\n<p>![](http:\/\/pressenza.com\/uploads\/assets\/c7f18365dc35c837a64560fcb871780356e7914b.jpg)<\/p>\n<p>![](http:\/\/pressenza.com\/uploads\/assets\/48af3d4765627cc33951d4b25538a3eac41fe558.jpg)<\/p>\n<p>![](http:\/\/pressenza.com\/uploads\/assets\/df8cf0a8c30bdaafca43a2896e75b70380583f2d.jpg)<\/p>\n<p>![](http:\/\/pressenza.com\/uploads\/assets\/3df7e0d0060f399df331d0845e5b69effc21d241.jpg)<\/p>\n<p>![](http:\/\/pressenza.com\/uploads\/assets\/3bb5dc80092333f7f240f3a202efc9a4d1b81334.jpg)<\/p>\n<p>![](http:\/\/pressenza.com\/uploads\/assets\/24c8442f15accb6a934515cccaae719e70dfa23b.jpg)<\/p>\n","protected":false},"excerpt":{"rendered":"<p>El pasado mes de abril, organizadores de la Marcha Mundial y Meir Margalit, Concejal del Partido Meretz, acordaron construir en Jerusalem una plaza para celebrar la Marcha Mundial. En el centro un \u201cdomo verde\u201d proteger\u00e1 del sol, y unos asientos circulares convierten el lugar en un \u201cPunto de Encuentro\u201d. La Plaza se ubicar\u00e1 entre un barrio Jud\u00edo y uno \u00c1rabe.<\/p>\n","protected":false},"author":19,"featured_media":0,"comment_status":"closed","ping_status":"open","sticky":false,"template":"","format":"standard","meta":{"footnotes":""},"categories":[75,39,71],"tags":[],"class_list":["post-1305","post","type-post","status-publish","format-standard","hentry","category-cultura-es","category-internacional","category-medio-oriente-es"],"yoast_head":"<!-- This site is optimized with the Yoast SEO plugin v27.1.1 - https:\/\/yoast.com\/product\/yoast-seo-wordpress\/ -->\n<title>Plaza de la Paz en Jerusalem con ocasi\u00f3n de la Marcha Mundial<\/title>\n<meta name=\"description\" content=\"El pasado mes de abril, organizadores de la Marcha Mundial y Meir Margalit, Concejal del Partido Meretz, acordaron construir en Jerusalem una plaza para celebrar la Marcha Mundial. En el centro un \u201cdomo verde\u201d proteger\u00e1 del sol, y unos asientos circulares convierten el lugar en un \u201cPunto de Encuentro\u201d. La Plaza se ubicar\u00e1 entre un barrio Jud\u00edo y uno \u00c1rabe.\" \/>\n<meta name=\"robots\" content=\"index, follow, max-snippet:-1, max-image-preview:large, max-video-preview:-1\" \/>\n<link rel=\"canonical\" href=\"https:\/\/www.pressenza.com\/es\/2009\/09\/plaza-de-la-paz-en-jerusalem-con-ocasixn-de-la-marcha-mundial\/\" \/>\n<meta property=\"og:locale\" content=\"es_ES\" \/>\n<meta property=\"og:type\" content=\"article\" \/>\n<meta property=\"og:title\" content=\"Plaza de la Paz en Jerusalem con ocasi\u00f3n de la Marcha Mundial\" \/>\n<meta property=\"og:description\" content=\"El pasado mes de abril, organizadores de la Marcha Mundial y Meir Margalit, Concejal del Partido Meretz, acordaron construir en Jerusalem una plaza para celebrar la Marcha Mundial. En el centro un \u201cdomo verde\u201d proteger\u00e1 del sol, y unos asientos circulares convierten el lugar en un \u201cPunto de Encuentro\u201d. La Plaza se ubicar\u00e1 entre un barrio Jud\u00edo y uno \u00c1rabe.\" \/>\n<meta property=\"og:url\" content=\"https:\/\/www.pressenza.com\/es\/2009\/09\/plaza-de-la-paz-en-jerusalem-con-ocasixn-de-la-marcha-mundial\/\" \/>\n<meta property=\"og:site_name\" content=\"Pressenza\" \/>\n<meta property=\"article:publisher\" content=\"https:\/\/www.facebook.com\/PressenzaItalia\" \/>\n<meta property=\"article:author\" content=\"https:\/\/www.facebook.com\/pressenza\" \/>\n<meta property=\"article:published_time\" content=\"2009-09-11T00:00:00+00:00\" \/>\n<meta property=\"article:modified_time\" content=\"2009-09-28T05:01:04+00:00\" \/>\n<meta name=\"author\" content=\"Pressenza IPA\" \/>\n<meta name=\"twitter:card\" content=\"summary_large_image\" \/>\n<meta name=\"twitter:creator\" content=\"@PressenzaIPA\" \/>\n<meta name=\"twitter:site\" content=\"@PressenzaIPA\" \/>\n<meta name=\"twitter:label1\" content=\"Escrito por\" \/>\n\t<meta name=\"twitter:data1\" content=\"Pressenza IPA\" \/>\n\t<meta name=\"twitter:label2\" content=\"Tiempo de lectura\" \/>\n\t<meta name=\"twitter:data2\" content=\"1 minuto\" \/>\n<script type=\"application\/ld+json\" class=\"yoast-schema-graph\">{\"@context\":\"https:\/\/schema.org\",\"@graph\":[{\"@type\":\"Article\",\"@id\":\"https:\/\/www.pressenza.com\/es\/2009\/09\/plaza-de-la-paz-en-jerusalem-con-ocasixn-de-la-marcha-mundial\/#article\",\"isPartOf\":{\"@id\":\"https:\/\/www.pressenza.com\/es\/2009\/09\/plaza-de-la-paz-en-jerusalem-con-ocasixn-de-la-marcha-mundial\/\"},\"author\":{\"name\":\"Pressenza IPA\",\"@id\":\"https:\/\/www.pressenza.com\/es\/#\/schema\/person\/010e5d02bcf40965427a1289a4cc8d75\"},\"headline\":\"Plaza de la Paz en Jerusalem con ocasi\u00f3n de la Marcha Mundial\",\"datePublished\":\"2009-09-11T00:00:00+00:00\",\"dateModified\":\"2009-09-28T05:01:04+00:00\",\"mainEntityOfPage\":{\"@id\":\"https:\/\/www.pressenza.com\/es\/2009\/09\/plaza-de-la-paz-en-jerusalem-con-ocasixn-de-la-marcha-mundial\/\"},\"wordCount\":252,\"publisher\":{\"@id\":\"https:\/\/www.pressenza.com\/es\/#organization\"},\"articleSection\":[\"Cultura y Medios\",\"Internacional\",\"Medio Oriente\"],\"inLanguage\":\"es\"},{\"@type\":\"WebPage\",\"@id\":\"https:\/\/www.pressenza.com\/es\/2009\/09\/plaza-de-la-paz-en-jerusalem-con-ocasixn-de-la-marcha-mundial\/\",\"url\":\"https:\/\/www.pressenza.com\/es\/2009\/09\/plaza-de-la-paz-en-jerusalem-con-ocasixn-de-la-marcha-mundial\/\",\"name\":\"Plaza de la Paz en Jerusalem con ocasi\u00f3n de la Marcha Mundial\",\"isPartOf\":{\"@id\":\"https:\/\/www.pressenza.com\/es\/#website\"},\"datePublished\":\"2009-09-11T00:00:00+00:00\",\"dateModified\":\"2009-09-28T05:01:04+00:00\",\"description\":\"El pasado mes de abril, organizadores de la Marcha Mundial y Meir Margalit, Concejal del Partido Meretz, acordaron construir en Jerusalem una plaza para celebrar la Marcha Mundial. En el centro un \u201cdomo verde\u201d proteger\u00e1 del sol, y unos asientos circulares convierten el lugar en un \u201cPunto de Encuentro\u201d. La Plaza se ubicar\u00e1 entre un barrio Jud\u00edo y uno \u00c1rabe.\",\"breadcrumb\":{\"@id\":\"https:\/\/www.pressenza.com\/es\/2009\/09\/plaza-de-la-paz-en-jerusalem-con-ocasixn-de-la-marcha-mundial\/#breadcrumb\"},\"inLanguage\":\"es\",\"potentialAction\":[{\"@type\":\"ReadAction\",\"target\":[\"https:\/\/www.pressenza.com\/es\/2009\/09\/plaza-de-la-paz-en-jerusalem-con-ocasixn-de-la-marcha-mundial\/\"]}]},{\"@type\":\"BreadcrumbList\",\"@id\":\"https:\/\/www.pressenza.com\/es\/2009\/09\/plaza-de-la-paz-en-jerusalem-con-ocasixn-de-la-marcha-mundial\/#breadcrumb\",\"itemListElement\":[{\"@type\":\"ListItem\",\"position\":1,\"name\":\"Accueil\",\"item\":\"https:\/\/www.pressenza.com\/es\/\"},{\"@type\":\"ListItem\",\"position\":2,\"name\":\"Plaza de la Paz en Jerusalem con ocasi\u00f3n de la Marcha Mundial\"}]},{\"@type\":\"WebSite\",\"@id\":\"https:\/\/www.pressenza.com\/es\/#website\",\"url\":\"https:\/\/www.pressenza.com\/es\/\",\"name\":\"Pressenza\",\"description\":\"International Press Agency\",\"publisher\":{\"@id\":\"https:\/\/www.pressenza.com\/es\/#organization\"},\"potentialAction\":[{\"@type\":\"SearchAction\",\"target\":{\"@type\":\"EntryPoint\",\"urlTemplate\":\"https:\/\/www.pressenza.com\/es\/?s={search_term_string}\"},\"query-input\":{\"@type\":\"PropertyValueSpecification\",\"valueRequired\":true,\"valueName\":\"search_term_string\"}}],\"inLanguage\":\"es\"},{\"@type\":\"Organization\",\"@id\":\"https:\/\/www.pressenza.com\/es\/#organization\",\"name\":\"Pressenza\",\"url\":\"https:\/\/www.pressenza.com\/es\/\",\"logo\":{\"@type\":\"ImageObject\",\"inLanguage\":\"es\",\"@id\":\"https:\/\/www.pressenza.com\/es\/#\/schema\/logo\/image\/\",\"url\":\"https:\/\/www.pressenza.com\/wp-content\/uploads\/2022\/10\/pressenza_logo_200x200.jpg\",\"contentUrl\":\"https:\/\/www.pressenza.com\/wp-content\/uploads\/2022\/10\/pressenza_logo_200x200.jpg\",\"width\":200,\"height\":200,\"caption\":\"Pressenza\"},\"image\":{\"@id\":\"https:\/\/www.pressenza.com\/es\/#\/schema\/logo\/image\/\"},\"sameAs\":[\"https:\/\/www.facebook.com\/PressenzaItalia\",\"https:\/\/x.com\/PressenzaIPA\"]},{\"@type\":\"Person\",\"@id\":\"https:\/\/www.pressenza.com\/es\/#\/schema\/person\/010e5d02bcf40965427a1289a4cc8d75\",\"name\":\"Pressenza IPA\",\"description\":\"News from Pressenza IPA correspondents\",\"sameAs\":[\"https:\/\/www.facebook.com\/pressenza\",\"https:\/\/x.com\/PressenzaIPA\"],\"url\":\"https:\/\/www.pressenza.com\/es\/author\/pressenza-ipa\/\"}]}<\/script>\n<!-- \/ Yoast SEO plugin. -->","yoast_head_json":{"title":"Plaza de la Paz en Jerusalem con ocasi\u00f3n de la Marcha Mundial","description":"El pasado mes de abril, organizadores de la Marcha Mundial y Meir Margalit, Concejal del Partido Meretz, acordaron construir en Jerusalem una plaza para celebrar la Marcha Mundial. En el centro un \u201cdomo verde\u201d proteger\u00e1 del sol, y unos asientos circulares convierten el lugar en un \u201cPunto de Encuentro\u201d. La Plaza se ubicar\u00e1 entre un barrio Jud\u00edo y uno \u00c1rabe.","robots":{"index":"index","follow":"follow","max-snippet":"max-snippet:-1","max-image-preview":"max-image-preview:large","max-video-preview":"max-video-preview:-1"},"canonical":"https:\/\/www.pressenza.com\/es\/2009\/09\/plaza-de-la-paz-en-jerusalem-con-ocasixn-de-la-marcha-mundial\/","og_locale":"es_ES","og_type":"article","og_title":"Plaza de la Paz en Jerusalem con ocasi\u00f3n de la Marcha Mundial","og_description":"El pasado mes de abril, organizadores de la Marcha Mundial y Meir Margalit, Concejal del Partido Meretz, acordaron construir en Jerusalem una plaza para celebrar la Marcha Mundial. En el centro un \u201cdomo verde\u201d proteger\u00e1 del sol, y unos asientos circulares convierten el lugar en un \u201cPunto de Encuentro\u201d. La Plaza se ubicar\u00e1 entre un barrio Jud\u00edo y uno \u00c1rabe.","og_url":"https:\/\/www.pressenza.com\/es\/2009\/09\/plaza-de-la-paz-en-jerusalem-con-ocasixn-de-la-marcha-mundial\/","og_site_name":"Pressenza","article_publisher":"https:\/\/www.facebook.com\/PressenzaItalia","article_author":"https:\/\/www.facebook.com\/pressenza","article_published_time":"2009-09-11T00:00:00+00:00","article_modified_time":"2009-09-28T05:01:04+00:00","author":"Pressenza IPA","twitter_card":"summary_large_image","twitter_creator":"@PressenzaIPA","twitter_site":"@PressenzaIPA","twitter_misc":{"Escrito por":"Pressenza IPA","Tiempo de lectura":"1 minuto"},"schema":{"@context":"https:\/\/schema.org","@graph":[{"@type":"Article","@id":"https:\/\/www.pressenza.com\/es\/2009\/09\/plaza-de-la-paz-en-jerusalem-con-ocasixn-de-la-marcha-mundial\/#article","isPartOf":{"@id":"https:\/\/www.pressenza.com\/es\/2009\/09\/plaza-de-la-paz-en-jerusalem-con-ocasixn-de-la-marcha-mundial\/"},"author":{"name":"Pressenza IPA","@id":"https:\/\/www.pressenza.com\/es\/#\/schema\/person\/010e5d02bcf40965427a1289a4cc8d75"},"headline":"Plaza de la Paz en Jerusalem con ocasi\u00f3n de la Marcha Mundial","datePublished":"2009-09-11T00:00:00+00:00","dateModified":"2009-09-28T05:01:04+00:00","mainEntityOfPage":{"@id":"https:\/\/www.pressenza.com\/es\/2009\/09\/plaza-de-la-paz-en-jerusalem-con-ocasixn-de-la-marcha-mundial\/"},"wordCount":252,"publisher":{"@id":"https:\/\/www.pressenza.com\/es\/#organization"},"articleSection":["Cultura y Medios","Internacional","Medio Oriente"],"inLanguage":"es"},{"@type":"WebPage","@id":"https:\/\/www.pressenza.com\/es\/2009\/09\/plaza-de-la-paz-en-jerusalem-con-ocasixn-de-la-marcha-mundial\/","url":"https:\/\/www.pressenza.com\/es\/2009\/09\/plaza-de-la-paz-en-jerusalem-con-ocasixn-de-la-marcha-mundial\/","name":"Plaza de la Paz en Jerusalem con ocasi\u00f3n de la Marcha Mundial","isPartOf":{"@id":"https:\/\/www.pressenza.com\/es\/#website"},"datePublished":"2009-09-11T00:00:00+00:00","dateModified":"2009-09-28T05:01:04+00:00","description":"El pasado mes de abril, organizadores de la Marcha Mundial y Meir Margalit, Concejal del Partido Meretz, acordaron construir en Jerusalem una plaza para celebrar la Marcha Mundial. En el centro un \u201cdomo verde\u201d proteger\u00e1 del sol, y unos asientos circulares convierten el lugar en un \u201cPunto de Encuentro\u201d. La Plaza se ubicar\u00e1 entre un barrio Jud\u00edo y uno \u00c1rabe.","breadcrumb":{"@id":"https:\/\/www.pressenza.com\/es\/2009\/09\/plaza-de-la-paz-en-jerusalem-con-ocasixn-de-la-marcha-mundial\/#breadcrumb"},"inLanguage":"es","potentialAction":[{"@type":"ReadAction","target":["https:\/\/www.pressenza.com\/es\/2009\/09\/plaza-de-la-paz-en-jerusalem-con-ocasixn-de-la-marcha-mundial\/"]}]},{"@type":"BreadcrumbList","@id":"https:\/\/www.pressenza.com\/es\/2009\/09\/plaza-de-la-paz-en-jerusalem-con-ocasixn-de-la-marcha-mundial\/#breadcrumb","itemListElement":[{"@type":"ListItem","position":1,"name":"Accueil","item":"https:\/\/www.pressenza.com\/es\/"},{"@type":"ListItem","position":2,"name":"Plaza de la Paz en Jerusalem con ocasi\u00f3n de la Marcha Mundial"}]},{"@type":"WebSite","@id":"https:\/\/www.pressenza.com\/es\/#website","url":"https:\/\/www.pressenza.com\/es\/","name":"Pressenza","description":"International Press Agency","publisher":{"@id":"https:\/\/www.pressenza.com\/es\/#organization"},"potentialAction":[{"@type":"SearchAction","target":{"@type":"EntryPoint","urlTemplate":"https:\/\/www.pressenza.com\/es\/?s={search_term_string}"},"query-input":{"@type":"PropertyValueSpecification","valueRequired":true,"valueName":"search_term_string"}}],"inLanguage":"es"},{"@type":"Organization","@id":"https:\/\/www.pressenza.com\/es\/#organization","name":"Pressenza","url":"https:\/\/www.pressenza.com\/es\/","logo":{"@type":"ImageObject","inLanguage":"es","@id":"https:\/\/www.pressenza.com\/es\/#\/schema\/logo\/image\/","url":"https:\/\/www.pressenza.com\/wp-content\/uploads\/2022\/10\/pressenza_logo_200x200.jpg","contentUrl":"https:\/\/www.pressenza.com\/wp-content\/uploads\/2022\/10\/pressenza_logo_200x200.jpg","width":200,"height":200,"caption":"Pressenza"},"image":{"@id":"https:\/\/www.pressenza.com\/es\/#\/schema\/logo\/image\/"},"sameAs":["https:\/\/www.facebook.com\/PressenzaItalia","https:\/\/x.com\/PressenzaIPA"]},{"@type":"Person","@id":"https:\/\/www.pressenza.com\/es\/#\/schema\/person\/010e5d02bcf40965427a1289a4cc8d75","name":"Pressenza IPA","description":"News from Pressenza IPA correspondents","sameAs":["https:\/\/www.facebook.com\/pressenza","https:\/\/x.com\/PressenzaIPA"],"url":"https:\/\/www.pressenza.com\/es\/author\/pressenza-ipa\/"}]}},"place":"Jerusalem","original_article_url":"","_links":{"self":[{"href":"https:\/\/www.pressenza.com\/es\/wp-json\/wp\/v2\/posts\/1305","targetHints":{"allow":["GET"]}}],"collection":[{"href":"https:\/\/www.pressenza.com\/es\/wp-json\/wp\/v2\/posts"}],"about":[{"href":"https:\/\/www.pressenza.com\/es\/wp-json\/wp\/v2\/types\/post"}],"author":[{"embeddable":true,"href":"https:\/\/www.pressenza.com\/es\/wp-json\/wp\/v2\/users\/19"}],"replies":[{"embeddable":true,"href":"https:\/\/www.pressenza.com\/es\/wp-json\/wp\/v2\/comments?post=1305"}],"version-history":[{"count":0,"href":"https:\/\/www.pressenza.com\/es\/wp-json\/wp\/v2\/posts\/1305\/revisions"}],"wp:attachment":[{"href":"https:\/\/www.pressenza.com\/es\/wp-json\/wp\/v2\/media?parent=1305"}],"wp:term":[{"taxonomy":"category","embeddable":true,"href":"https:\/\/www.pressenza.com\/es\/wp-json\/wp\/v2\/categories?post=1305"},{"taxonomy":"post_tag","embeddable":true,"href":"https:\/\/www.pressenza.com\/es\/wp-json\/wp\/v2\/tags?post=1305"}],"curies":[{"name":"wp","href":"https:\/\/api.w.org\/{rel}","templated":true}]}}