{"id":1304621,"date":"2021-02-25T03:15:24","date_gmt":"2021-02-25T03:15:24","guid":{"rendered":"https:\/\/www.pressenza.com\/?p=1304621"},"modified":"2021-03-02T11:50:57","modified_gmt":"2021-03-02T11:50:57","slug":"caballeros-de-la-noche","status":"publish","type":"post","link":"https:\/\/www.pressenza.com\/es\/2021\/02\/caballeros-de-la-noche\/","title":{"rendered":"Caballeros de la noche"},"content":{"rendered":"<p>Cuando Doris Tejada me cont\u00f3 que en la fosa com\u00fan donde est\u00e1 el cuerpo de su hijo Oscar Alexander, los cerdos hurgando en la tierra hab\u00edan sacado una mano con masa blanda, el tiempo se detuvo. Nos miramos fijamente en medio de un enorme silencio, ella no pudo seguir hablando y yo no pude seguir escuchando. Apagu\u00e9 el grabador y lloramos abrazadas las dos.<\/p>\n<p>Una mujer pobladora del lugar se lo dijo cuando Doris fue hasta El Copey, C\u00e9sar, al norte de Colombia y a m\u00e1s de 800 kil\u00f3metros de su hogar. All\u00e1 sembr\u00f3 tres \u00e1rboles Caballeros de la Noche porque a su hijo Oscar Alexander Morales se lo llevaron junto a dos j\u00f3venes m\u00e1s: Germ\u00e1n Leal P\u00e9rez y Octavio David Bilbao. Los tres fueron asesinados por el Ej\u00e9rcito Nacional de Colombia y reportados como guerrilleros dados de baja en combate, sin serlo, de la misma forma sistem\u00e1tica y premeditada que lo hizo con 6402 personas m\u00e1s, seg\u00fan inform\u00f3 hace pocos d\u00edas la Jurisdicci\u00f3n Especial para la Paz, el tribunal que naci\u00f3 con el acuerdo de paz entre el Estado colombiano y la exguerrila FARC.<\/p>\n<p>Las ejecuciones extrajudiciales han sido una de las m\u00e1s crueles manifestaciones de poder e impunidad por parte del Estado colombiano, suceden desde hace muchos a\u00f1os y siguen ocurriendo. Sin embargo tuvieron su mayor y m\u00e1s escalofriante pico entre los a\u00f1os 2002 y 2008, que no casualmente coinciden con gran parte del periodo en el que \u00c1lvaro Uribe V\u00e9lez fue el presidente de Colombia y en consecuencia, el comandante en jefe de las fuerzas militares. Y quien a su vez alcanz\u00f3 altos niveles de popularidad en ese periodo gracias a su pol\u00edtica de seguridad democr\u00e1tica en la que \u00e9l, su gobierno y los medios de comunicaci\u00f3n hegem\u00f3nicos de Colombia se jactaban de la disminuci\u00f3n de la guerrilla y triunfo en la guerra, mientras el pa\u00eds entero se convert\u00eda en una enorme fosa com\u00fan a costa de la vida de muchachos como Oscar Alexander, German y Octavio, y del dolor de madres como Doris y familias enteras que siguen buscando cuerpos, respuestas y justicia.<\/p>\n<p>A estos niveles de indolencia y canallada se lleg\u00f3 cuando el gobierno colombiano de ese momento exigi\u00f3 resultados al ej\u00e9rcito, enti\u00e9ndase resultados como muertos. Bajo la presi\u00f3n de que en caso de no obtenerlos tendr\u00edan sanciones, y a su vez, en caso de matar personas y llenar planillas con sus nombres y falsas pruebas, recibir\u00edan una serie de premios. El dolor y el escalofr\u00edo. El Estado convertido en una enorme m\u00e1quina de matar, porque est\u00e1 claro que no basta con el hecho de que un militar enga\u00f1e con falsas promesas laborales a un joven y una vez raptado lo asesine, lo vista de guerrillero y le implante pruebas que as\u00ed den cuenta, es necesario que el aparato estatal avale el hecho y act\u00fae en consecuencia, de lo contrario no se explica c\u00f3mo puedo haber sido posible un crimen de tal envergadura.<\/p>\n<p>El problema en Colombia es estructural, provoca rabia pensar que Oscar Alexander como tantos colombianos prest\u00f3 servicio militar durante dos a\u00f1os, y que visti\u00f3 el uniforme de la patria que luego lo asesin\u00f3 y lo hizo pasar por insurgente, a \u00e9l que un d\u00eda defendi\u00f3 esos s\u00edmbolos y que al momento de su asesinato era un joven que se dedicaba a vender ropa.<\/p>\n<p>Colombia es un pa\u00eds en el que se reclutan pobres para que a cambio de un sueldo y estabilidad engrosen las filas de un ej\u00e9rcito que asesina a quienes jura defender, y que tambi\u00e9n son pobres y engrosan las listas de desempleo y exclusi\u00f3n en uno de los pa\u00edses m\u00e1s injustos del mundo, en el que el servicio militar es obligatorio pero el acceso a la educaci\u00f3n no. Es un sistema circular que se alimenta de las vidas de pobres en todos los bandos: pobres matando pobres, puede que sea la mayor y mejor s\u00edntesis de lo que significa el \u00e9xito en la guerra para la \u00e9lite hist\u00f3ricamente dominante y gobernante en Colombia, porque si uno solo de esos muchachos perteneciera a una familia con estatus, las ejecuciones extrajudiciales en Colombia no solo habr\u00edan dejado de suceder hace mucho tiempo, sino que adem\u00e1s los responsables estar\u00edan en prisi\u00f3n.<\/p>\n<p>Las ejecuciones extrajudiciales en Colombia son una de las llagas que como pueblo nos va a arder para siempre, es uno de los cap\u00edtulos m\u00e1s dolorosos de nuestra historia y por ello, uno de los m\u00e1s disputados, el responsable y su c\u00edrculo pol\u00edtico asesinan y desaparecen dos veces a los j\u00f3venes cuando niegan estos hechos. Pero la condena social y la acci\u00f3n de la Jurisdicci\u00f3n Especial para la Paz son una bocanada de ox\u00edgeno, en un pa\u00eds y una sociedad que sigue justificando la muerte de cualquier colombiano o colombiana con total impunidad.<\/p>\n<p>La multiplicaci\u00f3n de la injusticia: Doris no ha recuperado el cuerpo de su hijo y se necesita imperiosamente hacer un ritual de despedida a las personas que amamos, porque el dolor es doble y atroz cuando no s\u00f3lo los mataron sino que adem\u00e1s contin\u00faan desaparecidos. Sumado a ello est\u00e1n las condiciones de una fosa com\u00fan <em>\u201cNo es un cementerio, es un potrero, que est\u00e1 desprotegido, no est\u00e1 encerrado, \u00e9l estaba primero encerrado en ladrillos y le quitaron los ladrillos y hicieron casitas, y un barrio de invasi\u00f3n\u201d<\/em> cont\u00f3.<\/p>\n<div id=\"attachment_1304622\" class=\"wp-caption alignnone\"><img loading=\"lazy\" decoding=\"async\" aria-describedby=\"caption-attachment-1304622\" class=\"wp-image-1304622 size-full\" src=\"https:\/\/www.pressenza.com\/wp-content\/uploads\/2021\/02\/6402-@pnietonieto.jpg\" alt=\"\" width=\"720\" height=\"720\" srcset=\"https:\/\/www.pressenza.com\/wp-content\/uploads\/2021\/02\/6402-@pnietonieto.jpg 720w, https:\/\/www.pressenza.com\/wp-content\/uploads\/2021\/02\/6402-@pnietonieto-300x300.jpg 300w, https:\/\/www.pressenza.com\/wp-content\/uploads\/2021\/02\/6402-@pnietonieto-150x150.jpg 150w\" sizes=\"auto, (max-width: 720px) 100vw, 720px\" \/><p id=\"caption-attachment-1304622\" class=\"wp-caption-text\">Imagen del twitter de @pnietonieto, directora de @hacemosmemoria.<\/p><\/div>\n<p>A Doris la vida le cambi\u00f3 para siempre desde la desaparici\u00f3n y asesinato de su hijo en 2008. Lleva a\u00f1os en la b\u00fasqueda del cuerpo, pero de las madres buscando a sus hijas e hijos desaparecidos hemos aprendido a respetar y entender el poder de la paciencia, la convicci\u00f3n y la constancia. Las MAFAPO (Madres de los Falsos Positivos) colectivo que integra Doris junto con otras madres en la misma lucha y organizaciones de derechos humanos, alertan y dan cuenta de una cifra mucho mayor a 6402 personas asesinadas en ejecuciones extrajudiciales por el Estado colombiano, no es un secreto que en Colombia no sabemos con exactitud cu\u00e1ntas veces pudimos haber caminado arriba de los cuerpos de las personas que amamos.<\/p>\n<p>La mirada profunda y llena de dolor de Doris se me qued\u00f3 grabada en la retina, es la mirada de un pa\u00eds que tiene nombre de mujer y que est\u00e1 cansado de parir hijas e hijos para la guerra, es la mirada de un pa\u00eds que necesita verdad, justicia y reparaci\u00f3n, un pa\u00eds que dej\u00f3 de ser territorio para convertirse en fosa: la patria de los Caballeros de la Noche.<\/p>\n<hr \/>\n<p>Nota: la charla con Doris Tejada fue posible en el marco de la visita que ella y otras madres integrantes de MAFAPO hicieron a la Argentina en octubre de 2019, en la que adem\u00e1s se encontraron con las Madres de Plaza de Mayo y compartieron juntas la ronda de los jueves a las tres y media de la tarde alrededor de la Pir\u00e1mide de Mayo, reclamando por las hijas y los hijos desaparecidos de las unas y de las otras, de todas.<\/p>\n","protected":false},"excerpt":{"rendered":"<p>Cuando Doris Tejada me cont\u00f3 que en la fosa com\u00fan donde est\u00e1 el cuerpo de su hijo Oscar Alexander, los cerdos hurgando en la tierra hab\u00edan sacado una mano con masa blanda, el tiempo se detuvo. Nos miramos fijamente en&hellip;<\/p>\n","protected":false},"author":1345,"featured_media":1304632,"comment_status":"closed","ping_status":"closed","sticky":false,"template":"","format":"standard","meta":{"footnotes":""},"categories":[11389,79,67],"tags":[30,3977,87787,24791,17434],"class_list":["post-1304621","post","type-post","status-publish","format-standard","has-post-thumbnail","hentry","category-contenido-original","category-derechos-humanos","category-sudamerica","tag-colombia","tag-madres-de-plaza-de-mayo","tag-mafapo","tag-uribe","tag-violencia-institucional"],"yoast_head":"<!-- This site is optimized with the Yoast SEO plugin v27.1.1 - https:\/\/yoast.com\/product\/yoast-seo-wordpress\/ -->\n<title>Caballeros de la noche<\/title>\n<meta name=\"description\" content=\"Cuando Doris Tejada me cont\u00f3 que en la fosa com\u00fan donde est\u00e1 el cuerpo de su hijo Oscar Alexander, los cerdos hurgando en la tierra hab\u00edan sacado una mano\" \/>\n<meta name=\"robots\" content=\"index, follow, max-snippet:-1, max-image-preview:large, max-video-preview:-1\" \/>\n<link rel=\"canonical\" href=\"https:\/\/www.pressenza.com\/es\/2021\/02\/caballeros-de-la-noche\/\" \/>\n<meta property=\"og:locale\" content=\"es_ES\" \/>\n<meta property=\"og:type\" content=\"article\" \/>\n<meta property=\"og:title\" content=\"Caballeros de la noche\" \/>\n<meta property=\"og:description\" content=\"Cuando Doris Tejada me cont\u00f3 que en la fosa com\u00fan donde est\u00e1 el cuerpo de su hijo Oscar Alexander, los cerdos hurgando en la tierra hab\u00edan sacado una mano\" \/>\n<meta property=\"og:url\" content=\"https:\/\/www.pressenza.com\/es\/2021\/02\/caballeros-de-la-noche\/\" \/>\n<meta property=\"og:site_name\" content=\"Pressenza\" \/>\n<meta property=\"article:publisher\" content=\"https:\/\/www.facebook.com\/PressenzaItalia\" \/>\n<meta property=\"article:published_time\" content=\"2021-02-25T03:15:24+00:00\" \/>\n<meta property=\"article:modified_time\" content=\"2021-03-02T11:50:57+00:00\" \/>\n<meta property=\"og:image\" content=\"https:\/\/www.pressenza.com\/wp-content\/uploads\/2021\/02\/quien-dio-la-orden-mural.jpg\" \/>\n\t<meta property=\"og:image:width\" content=\"800\" \/>\n\t<meta property=\"og:image:height\" content=\"481\" \/>\n\t<meta property=\"og:image:type\" content=\"image\/jpeg\" \/>\n<meta name=\"author\" content=\"Alexandra Vega-Rivera\" \/>\n<meta name=\"twitter:card\" content=\"summary_large_image\" \/>\n<meta name=\"twitter:creator\" content=\"@PressenzaIPA\" \/>\n<meta name=\"twitter:site\" content=\"@PressenzaIPA\" \/>\n<meta name=\"twitter:label1\" content=\"Escrito por\" \/>\n\t<meta name=\"twitter:data1\" content=\"Alexandra Vega-Rivera\" \/>\n\t<meta name=\"twitter:label2\" content=\"Tiempo de lectura\" \/>\n\t<meta name=\"twitter:data2\" content=\"6 minutos\" \/>\n<script type=\"application\/ld+json\" class=\"yoast-schema-graph\">{\"@context\":\"https:\/\/schema.org\",\"@graph\":[{\"@type\":\"Article\",\"@id\":\"https:\/\/www.pressenza.com\/es\/2021\/02\/caballeros-de-la-noche\/#article\",\"isPartOf\":{\"@id\":\"https:\/\/www.pressenza.com\/es\/2021\/02\/caballeros-de-la-noche\/\"},\"author\":{\"name\":\"Alexandra Vega-Rivera\",\"@id\":\"https:\/\/www.pressenza.com\/es\/#\/schema\/person\/e78818511bfc2dbed78955a0c3cc89ec\"},\"headline\":\"Caballeros de la noche\",\"datePublished\":\"2021-02-25T03:15:24+00:00\",\"dateModified\":\"2021-03-02T11:50:57+00:00\",\"mainEntityOfPage\":{\"@id\":\"https:\/\/www.pressenza.com\/es\/2021\/02\/caballeros-de-la-noche\/\"},\"wordCount\":1247,\"publisher\":{\"@id\":\"https:\/\/www.pressenza.com\/es\/#organization\"},\"image\":{\"@id\":\"https:\/\/www.pressenza.com\/es\/2021\/02\/caballeros-de-la-noche\/#primaryimage\"},\"thumbnailUrl\":\"https:\/\/www.pressenza.com\/wp-content\/uploads\/2021\/02\/quien-dio-la-orden-mural.jpg\",\"keywords\":[\"Colombia\",\"Madres de Plaza de mayo\",\"MAFAPO\",\"Uribe\",\"Violencia institucional\"],\"articleSection\":[\"Contenido Original\",\"Derechos Humanos\",\"Sudam\u00e9rica\"],\"inLanguage\":\"es\"},{\"@type\":\"WebPage\",\"@id\":\"https:\/\/www.pressenza.com\/es\/2021\/02\/caballeros-de-la-noche\/\",\"url\":\"https:\/\/www.pressenza.com\/es\/2021\/02\/caballeros-de-la-noche\/\",\"name\":\"Caballeros de la noche\",\"isPartOf\":{\"@id\":\"https:\/\/www.pressenza.com\/es\/#website\"},\"primaryImageOfPage\":{\"@id\":\"https:\/\/www.pressenza.com\/es\/2021\/02\/caballeros-de-la-noche\/#primaryimage\"},\"image\":{\"@id\":\"https:\/\/www.pressenza.com\/es\/2021\/02\/caballeros-de-la-noche\/#primaryimage\"},\"thumbnailUrl\":\"https:\/\/www.pressenza.com\/wp-content\/uploads\/2021\/02\/quien-dio-la-orden-mural.jpg\",\"datePublished\":\"2021-02-25T03:15:24+00:00\",\"dateModified\":\"2021-03-02T11:50:57+00:00\",\"description\":\"Cuando Doris Tejada me cont\u00f3 que en la fosa com\u00fan donde est\u00e1 el cuerpo de su hijo Oscar Alexander, los cerdos hurgando en la tierra hab\u00edan sacado una mano\",\"breadcrumb\":{\"@id\":\"https:\/\/www.pressenza.com\/es\/2021\/02\/caballeros-de-la-noche\/#breadcrumb\"},\"inLanguage\":\"es\",\"potentialAction\":[{\"@type\":\"ReadAction\",\"target\":[\"https:\/\/www.pressenza.com\/es\/2021\/02\/caballeros-de-la-noche\/\"]}]},{\"@type\":\"ImageObject\",\"inLanguage\":\"es\",\"@id\":\"https:\/\/www.pressenza.com\/es\/2021\/02\/caballeros-de-la-noche\/#primaryimage\",\"url\":\"https:\/\/www.pressenza.com\/wp-content\/uploads\/2021\/02\/quien-dio-la-orden-mural.jpg\",\"contentUrl\":\"https:\/\/www.pressenza.com\/wp-content\/uploads\/2021\/02\/quien-dio-la-orden-mural.jpg\",\"width\":800,\"height\":481},{\"@type\":\"BreadcrumbList\",\"@id\":\"https:\/\/www.pressenza.com\/es\/2021\/02\/caballeros-de-la-noche\/#breadcrumb\",\"itemListElement\":[{\"@type\":\"ListItem\",\"position\":1,\"name\":\"Accueil\",\"item\":\"https:\/\/www.pressenza.com\/es\/\"},{\"@type\":\"ListItem\",\"position\":2,\"name\":\"Caballeros de la noche\"}]},{\"@type\":\"WebSite\",\"@id\":\"https:\/\/www.pressenza.com\/es\/#website\",\"url\":\"https:\/\/www.pressenza.com\/es\/\",\"name\":\"Pressenza\",\"description\":\"International Press Agency\",\"publisher\":{\"@id\":\"https:\/\/www.pressenza.com\/es\/#organization\"},\"potentialAction\":[{\"@type\":\"SearchAction\",\"target\":{\"@type\":\"EntryPoint\",\"urlTemplate\":\"https:\/\/www.pressenza.com\/es\/?s={search_term_string}\"},\"query-input\":{\"@type\":\"PropertyValueSpecification\",\"valueRequired\":true,\"valueName\":\"search_term_string\"}}],\"inLanguage\":\"es\"},{\"@type\":\"Organization\",\"@id\":\"https:\/\/www.pressenza.com\/es\/#organization\",\"name\":\"Pressenza\",\"url\":\"https:\/\/www.pressenza.com\/es\/\",\"logo\":{\"@type\":\"ImageObject\",\"inLanguage\":\"es\",\"@id\":\"https:\/\/www.pressenza.com\/es\/#\/schema\/logo\/image\/\",\"url\":\"https:\/\/www.pressenza.com\/wp-content\/uploads\/2022\/10\/pressenza_logo_200x200.jpg\",\"contentUrl\":\"https:\/\/www.pressenza.com\/wp-content\/uploads\/2022\/10\/pressenza_logo_200x200.jpg\",\"width\":200,\"height\":200,\"caption\":\"Pressenza\"},\"image\":{\"@id\":\"https:\/\/www.pressenza.com\/es\/#\/schema\/logo\/image\/\"},\"sameAs\":[\"https:\/\/www.facebook.com\/PressenzaItalia\",\"https:\/\/x.com\/PressenzaIPA\"]},{\"@type\":\"Person\",\"@id\":\"https:\/\/www.pressenza.com\/es\/#\/schema\/person\/e78818511bfc2dbed78955a0c3cc89ec\",\"name\":\"Alexandra Vega-Rivera\",\"description\":\"Alexandra Vega Rivera naci\u00f3 en Colombia, es migrante y escritora, antrop\u00f3loga e investigadora acad\u00e9mica y de curiosidades varias. Acompa\u00f1a procesos de escritura, es columnista y editora. Ha escrito poes\u00eda, microrrelatos, etnograf\u00edas y ensayos. Est\u00e1 radicada en la ciudad de Buenos Aires, Argentina. @alexandravegarivera\",\"url\":\"https:\/\/www.pressenza.com\/es\/author\/alexandra-vega-rivera\/\"}]}<\/script>\n<!-- \/ Yoast SEO plugin. -->","yoast_head_json":{"title":"Caballeros de la noche","description":"Cuando Doris Tejada me cont\u00f3 que en la fosa com\u00fan donde est\u00e1 el cuerpo de su hijo Oscar Alexander, los cerdos hurgando en la tierra hab\u00edan sacado una mano","robots":{"index":"index","follow":"follow","max-snippet":"max-snippet:-1","max-image-preview":"max-image-preview:large","max-video-preview":"max-video-preview:-1"},"canonical":"https:\/\/www.pressenza.com\/es\/2021\/02\/caballeros-de-la-noche\/","og_locale":"es_ES","og_type":"article","og_title":"Caballeros de la noche","og_description":"Cuando Doris Tejada me cont\u00f3 que en la fosa com\u00fan donde est\u00e1 el cuerpo de su hijo Oscar Alexander, los cerdos hurgando en la tierra hab\u00edan sacado una mano","og_url":"https:\/\/www.pressenza.com\/es\/2021\/02\/caballeros-de-la-noche\/","og_site_name":"Pressenza","article_publisher":"https:\/\/www.facebook.com\/PressenzaItalia","article_published_time":"2021-02-25T03:15:24+00:00","article_modified_time":"2021-03-02T11:50:57+00:00","og_image":[{"width":800,"height":481,"url":"https:\/\/www.pressenza.com\/wp-content\/uploads\/2021\/02\/quien-dio-la-orden-mural.jpg","type":"image\/jpeg"}],"author":"Alexandra Vega-Rivera","twitter_card":"summary_large_image","twitter_creator":"@PressenzaIPA","twitter_site":"@PressenzaIPA","twitter_misc":{"Escrito por":"Alexandra Vega-Rivera","Tiempo de lectura":"6 minutos"},"schema":{"@context":"https:\/\/schema.org","@graph":[{"@type":"Article","@id":"https:\/\/www.pressenza.com\/es\/2021\/02\/caballeros-de-la-noche\/#article","isPartOf":{"@id":"https:\/\/www.pressenza.com\/es\/2021\/02\/caballeros-de-la-noche\/"},"author":{"name":"Alexandra Vega-Rivera","@id":"https:\/\/www.pressenza.com\/es\/#\/schema\/person\/e78818511bfc2dbed78955a0c3cc89ec"},"headline":"Caballeros de la noche","datePublished":"2021-02-25T03:15:24+00:00","dateModified":"2021-03-02T11:50:57+00:00","mainEntityOfPage":{"@id":"https:\/\/www.pressenza.com\/es\/2021\/02\/caballeros-de-la-noche\/"},"wordCount":1247,"publisher":{"@id":"https:\/\/www.pressenza.com\/es\/#organization"},"image":{"@id":"https:\/\/www.pressenza.com\/es\/2021\/02\/caballeros-de-la-noche\/#primaryimage"},"thumbnailUrl":"https:\/\/www.pressenza.com\/wp-content\/uploads\/2021\/02\/quien-dio-la-orden-mural.jpg","keywords":["Colombia","Madres de Plaza de mayo","MAFAPO","Uribe","Violencia institucional"],"articleSection":["Contenido Original","Derechos Humanos","Sudam\u00e9rica"],"inLanguage":"es"},{"@type":"WebPage","@id":"https:\/\/www.pressenza.com\/es\/2021\/02\/caballeros-de-la-noche\/","url":"https:\/\/www.pressenza.com\/es\/2021\/02\/caballeros-de-la-noche\/","name":"Caballeros de la noche","isPartOf":{"@id":"https:\/\/www.pressenza.com\/es\/#website"},"primaryImageOfPage":{"@id":"https:\/\/www.pressenza.com\/es\/2021\/02\/caballeros-de-la-noche\/#primaryimage"},"image":{"@id":"https:\/\/www.pressenza.com\/es\/2021\/02\/caballeros-de-la-noche\/#primaryimage"},"thumbnailUrl":"https:\/\/www.pressenza.com\/wp-content\/uploads\/2021\/02\/quien-dio-la-orden-mural.jpg","datePublished":"2021-02-25T03:15:24+00:00","dateModified":"2021-03-02T11:50:57+00:00","description":"Cuando Doris Tejada me cont\u00f3 que en la fosa com\u00fan donde est\u00e1 el cuerpo de su hijo Oscar Alexander, los cerdos hurgando en la tierra hab\u00edan sacado una mano","breadcrumb":{"@id":"https:\/\/www.pressenza.com\/es\/2021\/02\/caballeros-de-la-noche\/#breadcrumb"},"inLanguage":"es","potentialAction":[{"@type":"ReadAction","target":["https:\/\/www.pressenza.com\/es\/2021\/02\/caballeros-de-la-noche\/"]}]},{"@type":"ImageObject","inLanguage":"es","@id":"https:\/\/www.pressenza.com\/es\/2021\/02\/caballeros-de-la-noche\/#primaryimage","url":"https:\/\/www.pressenza.com\/wp-content\/uploads\/2021\/02\/quien-dio-la-orden-mural.jpg","contentUrl":"https:\/\/www.pressenza.com\/wp-content\/uploads\/2021\/02\/quien-dio-la-orden-mural.jpg","width":800,"height":481},{"@type":"BreadcrumbList","@id":"https:\/\/www.pressenza.com\/es\/2021\/02\/caballeros-de-la-noche\/#breadcrumb","itemListElement":[{"@type":"ListItem","position":1,"name":"Accueil","item":"https:\/\/www.pressenza.com\/es\/"},{"@type":"ListItem","position":2,"name":"Caballeros de la noche"}]},{"@type":"WebSite","@id":"https:\/\/www.pressenza.com\/es\/#website","url":"https:\/\/www.pressenza.com\/es\/","name":"Pressenza","description":"International Press Agency","publisher":{"@id":"https:\/\/www.pressenza.com\/es\/#organization"},"potentialAction":[{"@type":"SearchAction","target":{"@type":"EntryPoint","urlTemplate":"https:\/\/www.pressenza.com\/es\/?s={search_term_string}"},"query-input":{"@type":"PropertyValueSpecification","valueRequired":true,"valueName":"search_term_string"}}],"inLanguage":"es"},{"@type":"Organization","@id":"https:\/\/www.pressenza.com\/es\/#organization","name":"Pressenza","url":"https:\/\/www.pressenza.com\/es\/","logo":{"@type":"ImageObject","inLanguage":"es","@id":"https:\/\/www.pressenza.com\/es\/#\/schema\/logo\/image\/","url":"https:\/\/www.pressenza.com\/wp-content\/uploads\/2022\/10\/pressenza_logo_200x200.jpg","contentUrl":"https:\/\/www.pressenza.com\/wp-content\/uploads\/2022\/10\/pressenza_logo_200x200.jpg","width":200,"height":200,"caption":"Pressenza"},"image":{"@id":"https:\/\/www.pressenza.com\/es\/#\/schema\/logo\/image\/"},"sameAs":["https:\/\/www.facebook.com\/PressenzaItalia","https:\/\/x.com\/PressenzaIPA"]},{"@type":"Person","@id":"https:\/\/www.pressenza.com\/es\/#\/schema\/person\/e78818511bfc2dbed78955a0c3cc89ec","name":"Alexandra Vega-Rivera","description":"Alexandra Vega Rivera naci\u00f3 en Colombia, es migrante y escritora, antrop\u00f3loga e investigadora acad\u00e9mica y de curiosidades varias. Acompa\u00f1a procesos de escritura, es columnista y editora. Ha escrito poes\u00eda, microrrelatos, etnograf\u00edas y ensayos. Est\u00e1 radicada en la ciudad de Buenos Aires, Argentina. @alexandravegarivera","url":"https:\/\/www.pressenza.com\/es\/author\/alexandra-vega-rivera\/"}]}},"place":"Ciudad de Buenos Aires, Argentina","original_article_url":"","_links":{"self":[{"href":"https:\/\/www.pressenza.com\/es\/wp-json\/wp\/v2\/posts\/1304621","targetHints":{"allow":["GET"]}}],"collection":[{"href":"https:\/\/www.pressenza.com\/es\/wp-json\/wp\/v2\/posts"}],"about":[{"href":"https:\/\/www.pressenza.com\/es\/wp-json\/wp\/v2\/types\/post"}],"author":[{"embeddable":true,"href":"https:\/\/www.pressenza.com\/es\/wp-json\/wp\/v2\/users\/1345"}],"replies":[{"embeddable":true,"href":"https:\/\/www.pressenza.com\/es\/wp-json\/wp\/v2\/comments?post=1304621"}],"version-history":[{"count":0,"href":"https:\/\/www.pressenza.com\/es\/wp-json\/wp\/v2\/posts\/1304621\/revisions"}],"wp:featuredmedia":[{"embeddable":true,"href":"https:\/\/www.pressenza.com\/es\/wp-json\/wp\/v2\/media\/1304632"}],"wp:attachment":[{"href":"https:\/\/www.pressenza.com\/es\/wp-json\/wp\/v2\/media?parent=1304621"}],"wp:term":[{"taxonomy":"category","embeddable":true,"href":"https:\/\/www.pressenza.com\/es\/wp-json\/wp\/v2\/categories?post=1304621"},{"taxonomy":"post_tag","embeddable":true,"href":"https:\/\/www.pressenza.com\/es\/wp-json\/wp\/v2\/tags?post=1304621"}],"curies":[{"name":"wp","href":"https:\/\/api.w.org\/{rel}","templated":true}]}}