{"id":1304001,"date":"2021-02-24T13:27:45","date_gmt":"2021-02-24T13:27:45","guid":{"rendered":"https:\/\/www.pressenza.com\/?p=1304001"},"modified":"2021-02-24T14:10:17","modified_gmt":"2021-02-24T14:10:17","slug":"colombia-en-huila-victimas-y-victimarios-siembran-la-paz","status":"publish","type":"post","link":"https:\/\/www.pressenza.com\/es\/2021\/02\/colombia-en-huila-victimas-y-victimarios-siembran-la-paz\/","title":{"rendered":"Colombia: en Huila, v\u00edctimas y victimarios siembran la paz"},"content":{"rendered":"<p><strong>Publicaci\u00f3n original: <a href=\"https:\/\/colombia.unmissions.org\/en-huila-v%C3%ADctimas-y-victimarios-siembran-la-paz\">Misi\u00f3n de Verificaci\u00f3n de la ONU en Colombia<\/a><\/strong><\/p>\n<p>Al llamado de su nombre fue pasando una a una de las treinta personas a recibir su certificado como participante del proyecto\u00a0<a href=\"https:\/\/www.facebook.com\/MisionONUCol\/posts\/2098407000295070\" target=\"_blank\" rel=\"noopener noreferrer\">\u201cSemillas para la Paz\u201d<\/a>, en el que compartieron durante varias semanas para construir un espacio de sensibilizaci\u00f3n, reconciliaci\u00f3n y trabajo comunitario desde una estrategia de seguridad alimentaria en la vereda Villa F\u00e1tima, en zona rural del municipio de San Agust\u00edn, Huila, en el suroccidente de Colombia.<\/p>\n<p><img loading=\"lazy\" decoding=\"async\" class=\"aligncenter wp-image-1304002 size-large\" src=\"https:\/\/www.pressenza.com\/wp-content\/uploads\/2021\/02\/dsc_1078_copia-720x436.png\" alt=\"Colombia: en Huila, v\u00edctimas y victimarios siembran la paz\" width=\"720\" height=\"436\" srcset=\"https:\/\/www.pressenza.com\/wp-content\/uploads\/2021\/02\/dsc_1078_copia-720x436.png 720w, https:\/\/www.pressenza.com\/wp-content\/uploads\/2021\/02\/dsc_1078_copia-300x182.png 300w, https:\/\/www.pressenza.com\/wp-content\/uploads\/2021\/02\/dsc_1078_copia-768x465.png 768w, https:\/\/www.pressenza.com\/wp-content\/uploads\/2021\/02\/dsc_1078_copia.png 800w\" sizes=\"auto, (max-width: 720px) 100vw, 720px\" \/><\/p>\n<p><em><small>Treinta personas reciben su certificado como participante del proyecto \u201cSemillas para la Paz\u201d, en San Agust\u00edn, Huila. Foto por: H\u00e9ctor Latorre\/UNVMC\u00a0<\/small><\/em><\/p>\n<blockquote><p><em><strong>\u201cFue una experiencia para <\/strong><\/em><\/p>\n<p><em><strong>poder seguir hacia adelante, para <\/strong><\/em><\/p>\n<p><em><strong>el futuro de nuestro hogar\u201d<\/strong><\/em><\/p><\/blockquote>\n<p>\u201cFue una experiencia para poder seguir hacia adelante, para el futuro de nuestro hogar\u201d, dijo Karen Maryori Salamanca, quien particip\u00f3 en el proyecto junto a una docena de sus compa\u00f1eros en la extinta guerrilla de las FARC y una veintena de v\u00edctimas que tambi\u00e9n viven en esta zona.<\/p>\n<p><img loading=\"lazy\" decoding=\"async\" class=\"aligncenter wp-image-1304012 size-large\" src=\"https:\/\/www.pressenza.com\/wp-content\/uploads\/2021\/02\/karen_maryori_copia-720x510.jpg\" alt=\"Colombia: en Huila, v\u00edctimas y victimarios siembran la paz\" width=\"720\" height=\"510\" srcset=\"https:\/\/www.pressenza.com\/wp-content\/uploads\/2021\/02\/karen_maryori_copia-720x510.jpg 720w, https:\/\/www.pressenza.com\/wp-content\/uploads\/2021\/02\/karen_maryori_copia-300x213.jpg 300w, https:\/\/www.pressenza.com\/wp-content\/uploads\/2021\/02\/karen_maryori_copia-768x544.jpg 768w, https:\/\/www.pressenza.com\/wp-content\/uploads\/2021\/02\/karen_maryori_copia.jpg 800w\" sizes=\"auto, (max-width: 720px) 100vw, 720px\" \/><\/p>\n<p><em><small>Karen Maryori Salamanca, excombatiente de FARC, recibe certificado de participaci\u00f3n en el proyecto. Foto por: H\u00e9ctor Latorre\/UNVMC\u00a0<\/small><\/em><\/p>\n<p>Para la comunidad, el proyecto tambi\u00e9n dej\u00f3 resultados positivos, cont\u00f3 Herney Castro Valderrama, de la Asociaci\u00f3n de v\u00edctimas ASOAGROPECOL: \u201ctuvimos una integraci\u00f3n entre las familias v\u00edctimas del conflicto armado y las familias de reincorporados, v\u00edctimas y victimarios. Hemos compartido y esa es la idea, hacer las paces, y bregar a compartir y salir adelante\u201d.<\/p>\n<p><img loading=\"lazy\" decoding=\"async\" class=\"aligncenter wp-image-1304022 size-large\" src=\"https:\/\/www.pressenza.com\/wp-content\/uploads\/2021\/02\/img_6977-720x540.jpg\" alt=\"Colombia: en Huila, v\u00edctimas y victimarios siembran la paz\" width=\"720\" height=\"540\" srcset=\"https:\/\/www.pressenza.com\/wp-content\/uploads\/2021\/02\/img_6977-720x540.jpg 720w, https:\/\/www.pressenza.com\/wp-content\/uploads\/2021\/02\/img_6977-300x225.jpg 300w, https:\/\/www.pressenza.com\/wp-content\/uploads\/2021\/02\/img_6977-768x576.jpg 768w, https:\/\/www.pressenza.com\/wp-content\/uploads\/2021\/02\/img_6977.jpg 800w\" sizes=\"auto, (max-width: 720px) 100vw, 720px\" \/><\/p>\n<p><em><small>Foto por: H\u00e9ctor Latorre\/UNVMC\u00a0<\/small><\/em><\/p>\n<p>La Misi\u00f3n de Verificaci\u00f3n de la ONU en Colombia financi\u00f3 este proyecto con sus fondos extrapresupuestarios, y con el apoyo de la empresa agr\u00edcola SaenzFety, la Agencia para la Reincorporaci\u00f3n y la Normalizaci\u00f3n (ARN) y la Alcald\u00eda de San Agust\u00edn se organizaron varias jornadas de trabajo colectivo para instalar una huerta comunitaria con hortalizas como lechuga, acelga, cebolla, coliflor, tomate y plantas arom\u00e1ticas.<\/p>\n<p><img loading=\"lazy\" decoding=\"async\" class=\"aligncenter wp-image-1304032 size-large\" src=\"https:\/\/www.pressenza.com\/wp-content\/uploads\/2021\/02\/dsc_0892_copia-720x480.jpg\" alt=\"Colombia: en Huila, v\u00edctimas y victimarios siembran la paz\" width=\"720\" height=\"480\" srcset=\"https:\/\/www.pressenza.com\/wp-content\/uploads\/2021\/02\/dsc_0892_copia-720x480.jpg 720w, https:\/\/www.pressenza.com\/wp-content\/uploads\/2021\/02\/dsc_0892_copia-300x200.jpg 300w, https:\/\/www.pressenza.com\/wp-content\/uploads\/2021\/02\/dsc_0892_copia-768x512.jpg 768w, https:\/\/www.pressenza.com\/wp-content\/uploads\/2021\/02\/dsc_0892_copia.jpg 800w\" sizes=\"auto, (max-width: 720px) 100vw, 720px\" \/><br \/>\n<em><small>Foto por: H\u00e9ctor Latorre\/UNVMC\u00a0<\/small><\/em><\/p>\n<p><img loading=\"lazy\" decoding=\"async\" class=\"aligncenter wp-image-1304052 size-large\" src=\"https:\/\/www.pressenza.com\/wp-content\/uploads\/2021\/02\/img-20201002-wa0038-720x540.jpg\" alt=\"Colombia: en Huila, v\u00edctimas y victimarios siembran la paz\" width=\"720\" height=\"540\" srcset=\"https:\/\/www.pressenza.com\/wp-content\/uploads\/2021\/02\/img-20201002-wa0038-720x540.jpg 720w, https:\/\/www.pressenza.com\/wp-content\/uploads\/2021\/02\/img-20201002-wa0038-300x225.jpg 300w, https:\/\/www.pressenza.com\/wp-content\/uploads\/2021\/02\/img-20201002-wa0038-768x576.jpg 768w, https:\/\/www.pressenza.com\/wp-content\/uploads\/2021\/02\/img-20201002-wa0038.jpg 800w\" sizes=\"auto, (max-width: 720px) 100vw, 720px\" \/><\/p>\n<p><em><small>Foto por: Luis Rodr\u00edguez\/UNVMC\u00a0<\/small><\/em><\/p>\n<p>Durante estas jornadas, los participantes tambi\u00e9n recibieron charlas sobre prevenci\u00f3n de la tuberculosis, maternidad segura y el covid 19, as\u00ed como tambi\u00e9n compartieron sobre percepci\u00f3n del trabajo, intereses comunitarios y reconciliaci\u00f3n.<\/p>\n<p><img loading=\"lazy\" decoding=\"async\" class=\"aligncenter wp-image-1304062 size-large\" src=\"https:\/\/www.pressenza.com\/wp-content\/uploads\/2021\/02\/dsc_0983_copia-720x480.jpg\" alt=\"Colombia: en Huila, v\u00edctimas y victimarios siembran la paz\" width=\"720\" height=\"480\" srcset=\"https:\/\/www.pressenza.com\/wp-content\/uploads\/2021\/02\/dsc_0983_copia-720x480.jpg 720w, https:\/\/www.pressenza.com\/wp-content\/uploads\/2021\/02\/dsc_0983_copia-300x200.jpg 300w, https:\/\/www.pressenza.com\/wp-content\/uploads\/2021\/02\/dsc_0983_copia-768x512.jpg 768w, https:\/\/www.pressenza.com\/wp-content\/uploads\/2021\/02\/dsc_0983_copia.jpg 800w\" sizes=\"auto, (max-width: 720px) 100vw, 720px\" \/><\/p>\n<p><em><small>Foto por: H\u00e9ctor Latorre\/UNVMC\u00a0<\/small><\/em><\/p>\n<p>Manuel Agust\u00edn Valderrama Ibarra, excombatiente de las FARC y quien result\u00f3 elegido en las pasadas elecciones como concejal en San Agust\u00edn por una alianza de partidos alternativos, agradeci\u00f3 el apoyo en este proyecto y destac\u00f3 el resultado para esta regi\u00f3n.<\/p>\n<p><img loading=\"lazy\" decoding=\"async\" class=\"aligncenter wp-image-1304073 size-large\" src=\"https:\/\/www.pressenza.com\/wp-content\/uploads\/2021\/02\/concejal_valderrama_copia-720x560.jpg\" alt=\"Colombia: en Huila, v\u00edctimas y victimarios siembran la paz\" width=\"720\" height=\"560\" srcset=\"https:\/\/www.pressenza.com\/wp-content\/uploads\/2021\/02\/concejal_valderrama_copia-720x560.jpg 720w, https:\/\/www.pressenza.com\/wp-content\/uploads\/2021\/02\/concejal_valderrama_copia-300x233.jpg 300w, https:\/\/www.pressenza.com\/wp-content\/uploads\/2021\/02\/concejal_valderrama_copia-768x597.jpg 768w, https:\/\/www.pressenza.com\/wp-content\/uploads\/2021\/02\/concejal_valderrama_copia.jpg 800w\" sizes=\"auto, (max-width: 720px) 100vw, 720px\" \/><\/p>\n<p><em><small>Manuel Agust\u00edn Valderrama Ibarra, excombatiente de FARC y concejal en San Agust\u00edn, Huila. Foto por: H\u00e9ctor Latorre\/UNVMC\u00a0<\/small><\/em><\/p>\n<p>\u201cLa idea ha sido muy efectiva, estamos satisfechos de este importante proceso que se ha realizado de la huerta casera entre v\u00edctimas y victimarios porque se sembr\u00f3 paz, de pronto de discordias del tiempo pasado, pero ya con este proceso de reincorporaci\u00f3n hicimos la paz entre estos dos grupos de la comunidad\u201d, apunt\u00f3 el concejal Valderrama Ibarra.<\/p>\n<p>Por su parte, el enlace de v\u00edctimas del municipio de San Agust\u00edn, Jes\u00fas Z\u00fa\u00f1iga, tambi\u00e9n particip\u00f3 en el evento de cierre del proyecto, destac\u00f3 la relevancia de este tipo de iniciativas y el respaldo por parte de la administraci\u00f3n municipal.<\/p>\n<p><img loading=\"lazy\" decoding=\"async\" class=\"aligncenter wp-image-1304083 size-large\" src=\"https:\/\/www.pressenza.com\/wp-content\/uploads\/2021\/02\/zuniga_enlace_victimas_copia-720x462.jpg\" alt=\"Colombia: en Huila, v\u00edctimas y victimarios siembran la paz\" width=\"720\" height=\"462\" srcset=\"https:\/\/www.pressenza.com\/wp-content\/uploads\/2021\/02\/zuniga_enlace_victimas_copia-720x462.jpg 720w, https:\/\/www.pressenza.com\/wp-content\/uploads\/2021\/02\/zuniga_enlace_victimas_copia-300x192.jpg 300w, https:\/\/www.pressenza.com\/wp-content\/uploads\/2021\/02\/zuniga_enlace_victimas_copia-768x492.jpg 768w, https:\/\/www.pressenza.com\/wp-content\/uploads\/2021\/02\/zuniga_enlace_victimas_copia.jpg 800w\" sizes=\"auto, (max-width: 720px) 100vw, 720px\" \/><\/p>\n<p><em><small>Jes\u00fas Z\u00fa\u00f1iga, enlace de v\u00edctimas del municipio de San Agust\u00edn, Huila. Foto por: H\u00e9ctor Latorre\/UNVMC\u00a0<\/small><\/em><\/p>\n<p>\u201cEl gobierno de \u201cSan Agustin nos une\u201d tiene como uno de los ejes fundamentales la construcci\u00f3n de la paz, por eso cada paso que se da hacia la reconciliaci\u00f3n es un paso hacia la construcci\u00f3n de una sociedad justa, democr\u00e1tica, una sociedad en paz\u201d, dijo Z\u00fa\u00f1iga, quien agradeci\u00f3 a los organizadores que apoyaron \u201cpara que este proceso llegara a buen t\u00e9rmino\u201d.<\/p>\n<p>El concejal Valderrama Ibarra envi\u00f3 un mensaje al pa\u00eds para asegurar el \u00e9xito del proceso de paz: \u201cque nosotros en nuestros corazones, en la mente, todos \u00a0dejemos el rencor, que nos desarmemos porque esa es el arma m\u00e1s grande y la que m\u00e1s nos ha hecho da\u00f1o en nuestro pa\u00eds\u201d.<\/p>\n<p>Al finalizar el evento de cierre del proyecto, las personas participantes recibieron insumos agr\u00edcolas para desarrollar su propia huerta casera en sus parcelas.<\/p>\n<p><img loading=\"lazy\" decoding=\"async\" class=\"aligncenter wp-image-1304103 size-large\" src=\"https:\/\/www.pressenza.com\/wp-content\/uploads\/2021\/02\/img_2221_copia-720x540.jpg\" alt=\"Colombia: en Huila, v\u00edctimas y victimarios siembran la paz\" width=\"720\" height=\"540\" srcset=\"https:\/\/www.pressenza.com\/wp-content\/uploads\/2021\/02\/img_2221_copia-720x540.jpg 720w, https:\/\/www.pressenza.com\/wp-content\/uploads\/2021\/02\/img_2221_copia-300x225.jpg 300w, https:\/\/www.pressenza.com\/wp-content\/uploads\/2021\/02\/img_2221_copia-768x576.jpg 768w, https:\/\/www.pressenza.com\/wp-content\/uploads\/2021\/02\/img_2221_copia.jpg 800w\" sizes=\"auto, (max-width: 720px) 100vw, 720px\" \/><\/p>\n<p><em><small>Foto por: Delphine Taylor\/UNVMC\u00a0<\/small><\/em><\/p>\n<p><img loading=\"lazy\" decoding=\"async\" class=\"aligncenter wp-image-1304113 size-large\" src=\"https:\/\/www.pressenza.com\/wp-content\/uploads\/2021\/02\/img-20201002-wa0049-720x863.jpg\" alt=\"Colombia: en Huila, v\u00edctimas y victimarios siembran la paz\" width=\"720\" height=\"863\" srcset=\"https:\/\/www.pressenza.com\/wp-content\/uploads\/2021\/02\/img-20201002-wa0049-720x863.jpg 720w, https:\/\/www.pressenza.com\/wp-content\/uploads\/2021\/02\/img-20201002-wa0049-250x300.jpg 250w, https:\/\/www.pressenza.com\/wp-content\/uploads\/2021\/02\/img-20201002-wa0049-768x921.jpg 768w, https:\/\/www.pressenza.com\/wp-content\/uploads\/2021\/02\/img-20201002-wa0049.jpg 800w\" sizes=\"auto, (max-width: 720px) 100vw, 720px\" \/><\/p>\n<p><em><small>Foto por: Luis Rodr\u00edguez\/UNVMC\u00a0<\/small><\/em><\/p>\n<p>Ahora tienen el reto de seguir trabajando de manera comunitaria por el desarrollo de su vereda sembrando la paz y \u201ccompartiendo para que tengan m\u00e1s conocimiento, m\u00e1s comunidades\u201d, como dijo Karen Maryori.<\/p>\n<p>&nbsp;<\/p>\n<p><strong>H\u00e9ctor Andr\u00e9s Latorre Santaella<\/strong><br \/>\n<small>Oficial de Informaci\u00f3n P\u00fablica<br \/>\nMisi\u00f3n de Verificaci\u00f3n de la ONU en Colombia\u00a0<\/small><\/p>\n<div style=\"position: relative; overflow: hidden; width: 100%; padding-top: 56.25%;\"><iframe style=\"position: absolute; top: 0; left: 0; bottom: 0; right: 0; width: 100%; height: 100%;\" src=\"https:\/\/www.universal-video.com\/pressenza.php?url=926566643-\" allowfullscreen=\"allowfullscreen\"><\/iframe><\/div>\n","protected":false},"excerpt":{"rendered":"<p>Publicaci\u00f3n original: Misi\u00f3n de Verificaci\u00f3n de la ONU en Colombia Al llamado de su nombre fue pasando una a una de las treinta personas a recibir su certificado como participante del proyecto\u00a0\u201cSemillas para la Paz\u201d, en el que compartieron durante&hellip;<\/p>\n","protected":false},"author":1053,"featured_media":1304125,"comment_status":"closed","ping_status":"closed","sticky":false,"template":"","format":"standard","meta":{"footnotes":""},"categories":[11389,79,67],"tags":[30,6618,78451,419,87753,77264,83389,87752],"class_list":["post-1304001","post","type-post","status-publish","format-standard","has-post-thumbnail","hentry","category-contenido-original","category-derechos-humanos","category-sudamerica","tag-colombia","tag-farc-es","tag-huila","tag-paz","tag-productivos","tag-proyectos","tag-reincorporacion","tag-san-agustin"],"yoast_head":"<!-- This site is optimized with the Yoast SEO plugin v27.1.1 - https:\/\/yoast.com\/product\/yoast-seo-wordpress\/ -->\n<title>Colombia: en Huila, v\u00edctimas y victimarios siembran la paz<\/title>\n<meta name=\"description\" content=\"En el proyecto\u00a0\u201cSemillas para la Paz\u201d, compartieron durante varias semanas v\u00edctimas y victimarios para construir un espacio de sensibilizaci\u00f3n, reconciliaci\u00f3n y trabajo comunitario\" \/>\n<meta name=\"robots\" content=\"index, follow, max-snippet:-1, max-image-preview:large, max-video-preview:-1\" \/>\n<link rel=\"canonical\" href=\"https:\/\/www.pressenza.com\/es\/2021\/02\/colombia-en-huila-victimas-y-victimarios-siembran-la-paz\/\" \/>\n<meta property=\"og:locale\" content=\"es_ES\" \/>\n<meta property=\"og:type\" content=\"article\" \/>\n<meta property=\"og:title\" content=\"Colombia: en Huila, v\u00edctimas y victimarios siembran la paz\" \/>\n<meta property=\"og:description\" content=\"En el proyecto\u00a0\u201cSemillas para la Paz\u201d, compartieron durante varias semanas v\u00edctimas y victimarios para construir un espacio de sensibilizaci\u00f3n, reconciliaci\u00f3n y trabajo comunitario\" \/>\n<meta property=\"og:url\" content=\"https:\/\/www.pressenza.com\/es\/2021\/02\/colombia-en-huila-victimas-y-victimarios-siembran-la-paz\/\" \/>\n<meta property=\"og:site_name\" content=\"Pressenza\" \/>\n<meta property=\"article:publisher\" content=\"https:\/\/www.facebook.com\/PressenzaItalia\" \/>\n<meta property=\"article:published_time\" content=\"2021-02-24T13:27:45+00:00\" \/>\n<meta property=\"article:modified_time\" content=\"2021-02-24T14:10:17+00:00\" \/>\n<meta property=\"og:image\" content=\"https:\/\/www.pressenza.com\/wp-content\/uploads\/2021\/02\/foto_portada_nota_san_agustin.jpg\" \/>\n\t<meta property=\"og:image:width\" content=\"1200\" \/>\n\t<meta property=\"og:image:height\" content=\"695\" \/>\n\t<meta property=\"og:image:type\" content=\"image\/jpeg\" \/>\n<meta name=\"author\" content=\"Redacci\u00f3n Colombia\" \/>\n<meta name=\"twitter:card\" content=\"summary_large_image\" \/>\n<meta name=\"twitter:creator\" content=\"@PressenzaIPA\" \/>\n<meta name=\"twitter:site\" content=\"@PressenzaIPA\" \/>\n<meta name=\"twitter:label1\" content=\"Escrito por\" \/>\n\t<meta name=\"twitter:data1\" content=\"Redacci\u00f3n Colombia\" \/>\n\t<meta name=\"twitter:label2\" content=\"Tiempo de lectura\" \/>\n\t<meta name=\"twitter:data2\" content=\"4 minutos\" \/>\n<script type=\"application\/ld+json\" class=\"yoast-schema-graph\">{\"@context\":\"https:\/\/schema.org\",\"@graph\":[{\"@type\":\"Article\",\"@id\":\"https:\/\/www.pressenza.com\/es\/2021\/02\/colombia-en-huila-victimas-y-victimarios-siembran-la-paz\/#article\",\"isPartOf\":{\"@id\":\"https:\/\/www.pressenza.com\/es\/2021\/02\/colombia-en-huila-victimas-y-victimarios-siembran-la-paz\/\"},\"author\":{\"name\":\"Redacci\u00f3n Colombia\",\"@id\":\"https:\/\/www.pressenza.com\/es\/#\/schema\/person\/7c8ee170a4502d638436c91e385315f2\"},\"headline\":\"Colombia: en Huila, v\u00edctimas y victimarios siembran la paz\",\"datePublished\":\"2021-02-24T13:27:45+00:00\",\"dateModified\":\"2021-02-24T14:10:17+00:00\",\"mainEntityOfPage\":{\"@id\":\"https:\/\/www.pressenza.com\/es\/2021\/02\/colombia-en-huila-victimas-y-victimarios-siembran-la-paz\/\"},\"wordCount\":798,\"publisher\":{\"@id\":\"https:\/\/www.pressenza.com\/es\/#organization\"},\"image\":{\"@id\":\"https:\/\/www.pressenza.com\/es\/2021\/02\/colombia-en-huila-victimas-y-victimarios-siembran-la-paz\/#primaryimage\"},\"thumbnailUrl\":\"https:\/\/www.pressenza.com\/wp-content\/uploads\/2021\/02\/foto_portada_nota_san_agustin.jpg\",\"keywords\":[\"Colombia\",\"FARC\",\"Huila\",\"Paz\",\"Productivos\",\"proyectos\",\"Reincorporaci\u00f3n\",\"San Agust\u00edn\"],\"articleSection\":[\"Contenido Original\",\"Derechos Humanos\",\"Sudam\u00e9rica\"],\"inLanguage\":\"es\"},{\"@type\":\"WebPage\",\"@id\":\"https:\/\/www.pressenza.com\/es\/2021\/02\/colombia-en-huila-victimas-y-victimarios-siembran-la-paz\/\",\"url\":\"https:\/\/www.pressenza.com\/es\/2021\/02\/colombia-en-huila-victimas-y-victimarios-siembran-la-paz\/\",\"name\":\"Colombia: en Huila, v\u00edctimas y victimarios siembran la paz\",\"isPartOf\":{\"@id\":\"https:\/\/www.pressenza.com\/es\/#website\"},\"primaryImageOfPage\":{\"@id\":\"https:\/\/www.pressenza.com\/es\/2021\/02\/colombia-en-huila-victimas-y-victimarios-siembran-la-paz\/#primaryimage\"},\"image\":{\"@id\":\"https:\/\/www.pressenza.com\/es\/2021\/02\/colombia-en-huila-victimas-y-victimarios-siembran-la-paz\/#primaryimage\"},\"thumbnailUrl\":\"https:\/\/www.pressenza.com\/wp-content\/uploads\/2021\/02\/foto_portada_nota_san_agustin.jpg\",\"datePublished\":\"2021-02-24T13:27:45+00:00\",\"dateModified\":\"2021-02-24T14:10:17+00:00\",\"description\":\"En el proyecto\u00a0\u201cSemillas para la Paz\u201d, compartieron durante varias semanas v\u00edctimas y victimarios para construir un espacio de sensibilizaci\u00f3n, reconciliaci\u00f3n y trabajo comunitario\",\"breadcrumb\":{\"@id\":\"https:\/\/www.pressenza.com\/es\/2021\/02\/colombia-en-huila-victimas-y-victimarios-siembran-la-paz\/#breadcrumb\"},\"inLanguage\":\"es\",\"potentialAction\":[{\"@type\":\"ReadAction\",\"target\":[\"https:\/\/www.pressenza.com\/es\/2021\/02\/colombia-en-huila-victimas-y-victimarios-siembran-la-paz\/\"]}]},{\"@type\":\"ImageObject\",\"inLanguage\":\"es\",\"@id\":\"https:\/\/www.pressenza.com\/es\/2021\/02\/colombia-en-huila-victimas-y-victimarios-siembran-la-paz\/#primaryimage\",\"url\":\"https:\/\/www.pressenza.com\/wp-content\/uploads\/2021\/02\/foto_portada_nota_san_agustin.jpg\",\"contentUrl\":\"https:\/\/www.pressenza.com\/wp-content\/uploads\/2021\/02\/foto_portada_nota_san_agustin.jpg\",\"width\":1200,\"height\":695,\"caption\":\"Colombia: en Huila, v\u00edctimas y victimarios siembran la paz\"},{\"@type\":\"BreadcrumbList\",\"@id\":\"https:\/\/www.pressenza.com\/es\/2021\/02\/colombia-en-huila-victimas-y-victimarios-siembran-la-paz\/#breadcrumb\",\"itemListElement\":[{\"@type\":\"ListItem\",\"position\":1,\"name\":\"Accueil\",\"item\":\"https:\/\/www.pressenza.com\/es\/\"},{\"@type\":\"ListItem\",\"position\":2,\"name\":\"Colombia: en Huila, v\u00edctimas y victimarios siembran la paz\"}]},{\"@type\":\"WebSite\",\"@id\":\"https:\/\/www.pressenza.com\/es\/#website\",\"url\":\"https:\/\/www.pressenza.com\/es\/\",\"name\":\"Pressenza\",\"description\":\"International Press Agency\",\"publisher\":{\"@id\":\"https:\/\/www.pressenza.com\/es\/#organization\"},\"potentialAction\":[{\"@type\":\"SearchAction\",\"target\":{\"@type\":\"EntryPoint\",\"urlTemplate\":\"https:\/\/www.pressenza.com\/es\/?s={search_term_string}\"},\"query-input\":{\"@type\":\"PropertyValueSpecification\",\"valueRequired\":true,\"valueName\":\"search_term_string\"}}],\"inLanguage\":\"es\"},{\"@type\":\"Organization\",\"@id\":\"https:\/\/www.pressenza.com\/es\/#organization\",\"name\":\"Pressenza\",\"url\":\"https:\/\/www.pressenza.com\/es\/\",\"logo\":{\"@type\":\"ImageObject\",\"inLanguage\":\"es\",\"@id\":\"https:\/\/www.pressenza.com\/es\/#\/schema\/logo\/image\/\",\"url\":\"https:\/\/www.pressenza.com\/wp-content\/uploads\/2022\/10\/pressenza_logo_200x200.jpg\",\"contentUrl\":\"https:\/\/www.pressenza.com\/wp-content\/uploads\/2022\/10\/pressenza_logo_200x200.jpg\",\"width\":200,\"height\":200,\"caption\":\"Pressenza\"},\"image\":{\"@id\":\"https:\/\/www.pressenza.com\/es\/#\/schema\/logo\/image\/\"},\"sameAs\":[\"https:\/\/www.facebook.com\/PressenzaItalia\",\"https:\/\/x.com\/PressenzaIPA\"]},{\"@type\":\"Person\",\"@id\":\"https:\/\/www.pressenza.com\/es\/#\/schema\/person\/7c8ee170a4502d638436c91e385315f2\",\"name\":\"Redacci\u00f3n Colombia\",\"description\":\"News published by the Pressenza bureau in Colombia\",\"url\":\"https:\/\/www.pressenza.com\/es\/author\/redaccion-colombia\/\"}]}<\/script>\n<!-- \/ Yoast SEO plugin. -->","yoast_head_json":{"title":"Colombia: en Huila, v\u00edctimas y victimarios siembran la paz","description":"En el proyecto\u00a0\u201cSemillas para la Paz\u201d, compartieron durante varias semanas v\u00edctimas y victimarios para construir un espacio de sensibilizaci\u00f3n, reconciliaci\u00f3n y trabajo comunitario","robots":{"index":"index","follow":"follow","max-snippet":"max-snippet:-1","max-image-preview":"max-image-preview:large","max-video-preview":"max-video-preview:-1"},"canonical":"https:\/\/www.pressenza.com\/es\/2021\/02\/colombia-en-huila-victimas-y-victimarios-siembran-la-paz\/","og_locale":"es_ES","og_type":"article","og_title":"Colombia: en Huila, v\u00edctimas y victimarios siembran la paz","og_description":"En el proyecto\u00a0\u201cSemillas para la Paz\u201d, compartieron durante varias semanas v\u00edctimas y victimarios para construir un espacio de sensibilizaci\u00f3n, reconciliaci\u00f3n y trabajo comunitario","og_url":"https:\/\/www.pressenza.com\/es\/2021\/02\/colombia-en-huila-victimas-y-victimarios-siembran-la-paz\/","og_site_name":"Pressenza","article_publisher":"https:\/\/www.facebook.com\/PressenzaItalia","article_published_time":"2021-02-24T13:27:45+00:00","article_modified_time":"2021-02-24T14:10:17+00:00","og_image":[{"width":1200,"height":695,"url":"https:\/\/www.pressenza.com\/wp-content\/uploads\/2021\/02\/foto_portada_nota_san_agustin.jpg","type":"image\/jpeg"}],"author":"Redacci\u00f3n Colombia","twitter_card":"summary_large_image","twitter_creator":"@PressenzaIPA","twitter_site":"@PressenzaIPA","twitter_misc":{"Escrito por":"Redacci\u00f3n Colombia","Tiempo de lectura":"4 minutos"},"schema":{"@context":"https:\/\/schema.org","@graph":[{"@type":"Article","@id":"https:\/\/www.pressenza.com\/es\/2021\/02\/colombia-en-huila-victimas-y-victimarios-siembran-la-paz\/#article","isPartOf":{"@id":"https:\/\/www.pressenza.com\/es\/2021\/02\/colombia-en-huila-victimas-y-victimarios-siembran-la-paz\/"},"author":{"name":"Redacci\u00f3n Colombia","@id":"https:\/\/www.pressenza.com\/es\/#\/schema\/person\/7c8ee170a4502d638436c91e385315f2"},"headline":"Colombia: en Huila, v\u00edctimas y victimarios siembran la paz","datePublished":"2021-02-24T13:27:45+00:00","dateModified":"2021-02-24T14:10:17+00:00","mainEntityOfPage":{"@id":"https:\/\/www.pressenza.com\/es\/2021\/02\/colombia-en-huila-victimas-y-victimarios-siembran-la-paz\/"},"wordCount":798,"publisher":{"@id":"https:\/\/www.pressenza.com\/es\/#organization"},"image":{"@id":"https:\/\/www.pressenza.com\/es\/2021\/02\/colombia-en-huila-victimas-y-victimarios-siembran-la-paz\/#primaryimage"},"thumbnailUrl":"https:\/\/www.pressenza.com\/wp-content\/uploads\/2021\/02\/foto_portada_nota_san_agustin.jpg","keywords":["Colombia","FARC","Huila","Paz","Productivos","proyectos","Reincorporaci\u00f3n","San Agust\u00edn"],"articleSection":["Contenido Original","Derechos Humanos","Sudam\u00e9rica"],"inLanguage":"es"},{"@type":"WebPage","@id":"https:\/\/www.pressenza.com\/es\/2021\/02\/colombia-en-huila-victimas-y-victimarios-siembran-la-paz\/","url":"https:\/\/www.pressenza.com\/es\/2021\/02\/colombia-en-huila-victimas-y-victimarios-siembran-la-paz\/","name":"Colombia: en Huila, v\u00edctimas y victimarios siembran la paz","isPartOf":{"@id":"https:\/\/www.pressenza.com\/es\/#website"},"primaryImageOfPage":{"@id":"https:\/\/www.pressenza.com\/es\/2021\/02\/colombia-en-huila-victimas-y-victimarios-siembran-la-paz\/#primaryimage"},"image":{"@id":"https:\/\/www.pressenza.com\/es\/2021\/02\/colombia-en-huila-victimas-y-victimarios-siembran-la-paz\/#primaryimage"},"thumbnailUrl":"https:\/\/www.pressenza.com\/wp-content\/uploads\/2021\/02\/foto_portada_nota_san_agustin.jpg","datePublished":"2021-02-24T13:27:45+00:00","dateModified":"2021-02-24T14:10:17+00:00","description":"En el proyecto\u00a0\u201cSemillas para la Paz\u201d, compartieron durante varias semanas v\u00edctimas y victimarios para construir un espacio de sensibilizaci\u00f3n, reconciliaci\u00f3n y trabajo comunitario","breadcrumb":{"@id":"https:\/\/www.pressenza.com\/es\/2021\/02\/colombia-en-huila-victimas-y-victimarios-siembran-la-paz\/#breadcrumb"},"inLanguage":"es","potentialAction":[{"@type":"ReadAction","target":["https:\/\/www.pressenza.com\/es\/2021\/02\/colombia-en-huila-victimas-y-victimarios-siembran-la-paz\/"]}]},{"@type":"ImageObject","inLanguage":"es","@id":"https:\/\/www.pressenza.com\/es\/2021\/02\/colombia-en-huila-victimas-y-victimarios-siembran-la-paz\/#primaryimage","url":"https:\/\/www.pressenza.com\/wp-content\/uploads\/2021\/02\/foto_portada_nota_san_agustin.jpg","contentUrl":"https:\/\/www.pressenza.com\/wp-content\/uploads\/2021\/02\/foto_portada_nota_san_agustin.jpg","width":1200,"height":695,"caption":"Colombia: en Huila, v\u00edctimas y victimarios siembran la paz"},{"@type":"BreadcrumbList","@id":"https:\/\/www.pressenza.com\/es\/2021\/02\/colombia-en-huila-victimas-y-victimarios-siembran-la-paz\/#breadcrumb","itemListElement":[{"@type":"ListItem","position":1,"name":"Accueil","item":"https:\/\/www.pressenza.com\/es\/"},{"@type":"ListItem","position":2,"name":"Colombia: en Huila, v\u00edctimas y victimarios siembran la paz"}]},{"@type":"WebSite","@id":"https:\/\/www.pressenza.com\/es\/#website","url":"https:\/\/www.pressenza.com\/es\/","name":"Pressenza","description":"International Press Agency","publisher":{"@id":"https:\/\/www.pressenza.com\/es\/#organization"},"potentialAction":[{"@type":"SearchAction","target":{"@type":"EntryPoint","urlTemplate":"https:\/\/www.pressenza.com\/es\/?s={search_term_string}"},"query-input":{"@type":"PropertyValueSpecification","valueRequired":true,"valueName":"search_term_string"}}],"inLanguage":"es"},{"@type":"Organization","@id":"https:\/\/www.pressenza.com\/es\/#organization","name":"Pressenza","url":"https:\/\/www.pressenza.com\/es\/","logo":{"@type":"ImageObject","inLanguage":"es","@id":"https:\/\/www.pressenza.com\/es\/#\/schema\/logo\/image\/","url":"https:\/\/www.pressenza.com\/wp-content\/uploads\/2022\/10\/pressenza_logo_200x200.jpg","contentUrl":"https:\/\/www.pressenza.com\/wp-content\/uploads\/2022\/10\/pressenza_logo_200x200.jpg","width":200,"height":200,"caption":"Pressenza"},"image":{"@id":"https:\/\/www.pressenza.com\/es\/#\/schema\/logo\/image\/"},"sameAs":["https:\/\/www.facebook.com\/PressenzaItalia","https:\/\/x.com\/PressenzaIPA"]},{"@type":"Person","@id":"https:\/\/www.pressenza.com\/es\/#\/schema\/person\/7c8ee170a4502d638436c91e385315f2","name":"Redacci\u00f3n Colombia","description":"News published by the Pressenza bureau in Colombia","url":"https:\/\/www.pressenza.com\/es\/author\/redaccion-colombia\/"}]}},"place":"Huila","original_article_url":"","_links":{"self":[{"href":"https:\/\/www.pressenza.com\/es\/wp-json\/wp\/v2\/posts\/1304001","targetHints":{"allow":["GET"]}}],"collection":[{"href":"https:\/\/www.pressenza.com\/es\/wp-json\/wp\/v2\/posts"}],"about":[{"href":"https:\/\/www.pressenza.com\/es\/wp-json\/wp\/v2\/types\/post"}],"author":[{"embeddable":true,"href":"https:\/\/www.pressenza.com\/es\/wp-json\/wp\/v2\/users\/1053"}],"replies":[{"embeddable":true,"href":"https:\/\/www.pressenza.com\/es\/wp-json\/wp\/v2\/comments?post=1304001"}],"version-history":[{"count":0,"href":"https:\/\/www.pressenza.com\/es\/wp-json\/wp\/v2\/posts\/1304001\/revisions"}],"wp:featuredmedia":[{"embeddable":true,"href":"https:\/\/www.pressenza.com\/es\/wp-json\/wp\/v2\/media\/1304125"}],"wp:attachment":[{"href":"https:\/\/www.pressenza.com\/es\/wp-json\/wp\/v2\/media?parent=1304001"}],"wp:term":[{"taxonomy":"category","embeddable":true,"href":"https:\/\/www.pressenza.com\/es\/wp-json\/wp\/v2\/categories?post=1304001"},{"taxonomy":"post_tag","embeddable":true,"href":"https:\/\/www.pressenza.com\/es\/wp-json\/wp\/v2\/tags?post=1304001"}],"curies":[{"name":"wp","href":"https:\/\/api.w.org\/{rel}","templated":true}]}}