{"id":1302997,"date":"2021-02-22T21:49:34","date_gmt":"2021-02-22T21:49:34","guid":{"rendered":"https:\/\/www.pressenza.com\/?p=1302997"},"modified":"2021-02-22T21:49:34","modified_gmt":"2021-02-22T21:49:34","slug":"ucrania-el-aniversario-como-una-vispera","status":"publish","type":"post","link":"https:\/\/www.pressenza.com\/es\/2021\/02\/ucrania-el-aniversario-como-una-vispera\/","title":{"rendered":"Ucrania, el aniversario como una v\u00edspera"},"content":{"rendered":"<p>Hoy cumplen 7 a\u00f1os del golpe de estado en Ucrania, que despu\u00e9s de la megaproducci\u00f3n medi\u00e1tica internacional, llamada \u201cla rebeli\u00f3n de Maidan\u201d o \u201cla revoluci\u00f3n de la dignidad\u201d, saco el pa\u00eds de las manos de un corrupto y poco carism\u00e1tico gobierno proruso de Victor Yanukovich y lo entreg\u00f3 a un cartel de grotescos personajes, totalmente controlados por los Estados Unidos, quienes acompa\u00f1ados por consignas nacionalistas y anticomunistas, no demoraron en convertir el pa\u00eds en una herramienta de la pol\u00edtica occidental para agredir y provocar a Rusia.<\/p>\n<p>El gobierno de Ucrania, el pa\u00eds mas pobre y m\u00e1s dependiente de Europa, adem\u00e1s desgarrado por una guerra civil, sigue super\u00e1ndose en la pol\u00edtica de absurdo. Tanto \u00e9xito no ser\u00eda posible sin el total apoyo del nuevo gobierno dem\u00f3crata en los EEUU. Despu\u00e9s de cerrar, hace un par de semanas, los tres principales canales televisivos de la oposici\u00f3n, por decreto presidencial ordenado desde la embajada norteamericana ahora el Consejo de la Seguridad y la Defensa Nacional (SNBO), burl\u00e1ndose de la ley y del sentido com\u00fan, aplica las \u201csanciones\u201d contra los propios ciudadanos y empresas del pa\u00eds, acus\u00e1ndoles de \u201capoyar el terrorismo\u201d y a la vez negando concretar las acusaciones, ya que se trata de \u201cun secreto de estado\u201d. Mientras los dem\u00e1s pa\u00edses cuando est\u00e1n en conflicto declaran de vez en cuando sanciones a los extranjeros, y aplican a sus propios ciudadanos el c\u00f3digo penal, Ucrania pasa a confundir los \u00faltimos conceptos de la soberan\u00eda y una vez m\u00e1s saca los aplausos de la embajada de los EEUU en Kiev, que \u201capoya los esfuerzos del gobierno por mantener la independencia y la integridad territorial por medio de las sanciones\u201d.<\/p>\n<p>Actual enemigo numero uno del gobierno y el principal objetivo de las sanciones es el pol\u00edtico y empresario ucraniano Victor Medvedchuk, accionista mayoritario de los canales prohibidos, l\u00edder de \u201cBloque Opositor Por La Vida\u201d, la \u00fanica fuerza pol\u00edtica del pa\u00eds que se opone a la guerra y crece en el apoyo popular, lo, y por ser cercano a Putin fue quien gestion\u00f3 la propuesta rusa de entregar a Ucrania la tecnolog\u00eda de producci\u00f3n de la vacuna Sputnik V, tomando en cuenta que por el momento en el pa\u00eds no hay ni vacunas ni planes de vacunaci\u00f3n (proyecto que de inmediato fue abortado por el presidente Volodymyr Zelenzky siguiendo otra instrucci\u00f3n de los EEUU).<\/p>\n<p><img loading=\"lazy\" decoding=\"async\" class=\"alignnone wp-image-1303010 size-full\" src=\"https:\/\/www.pressenza.com\/wp-content\/uploads\/2021\/02\/Imagen-21-02-21-a-las-11.25-p.-m..jpeg\" alt=\"\" width=\"1219\" height=\"793\" srcset=\"https:\/\/www.pressenza.com\/wp-content\/uploads\/2021\/02\/Imagen-21-02-21-a-las-11.25-p.-m..jpeg 1219w, https:\/\/www.pressenza.com\/wp-content\/uploads\/2021\/02\/Imagen-21-02-21-a-las-11.25-p.-m.-300x195.jpeg 300w, https:\/\/www.pressenza.com\/wp-content\/uploads\/2021\/02\/Imagen-21-02-21-a-las-11.25-p.-m.-720x468.jpeg 720w, https:\/\/www.pressenza.com\/wp-content\/uploads\/2021\/02\/Imagen-21-02-21-a-las-11.25-p.-m.-768x500.jpeg 768w\" sizes=\"auto, (max-width: 1219px) 100vw, 1219px\" \/><\/p>\n<p>Entre otros ciudadanos reci\u00e9n castigados con \u201csanciones\u201d est\u00e1 la esposa de Medvedchuk, una popular presentadora de la televisi\u00f3n, Oksana Marchenko, persona que todo este tiempo estaba al margen de las actividades pol\u00edticas de su marido, y ahora de inmediato aparece en las primeras planas de las redes sociales \u2013 el ultimo reducto de alguna libertad de opini\u00f3n en Ucrania \u2013 con una enf\u00e1tica promesa de entrar en pol\u00edtica, prometiendo al pueblo que no se dejaran a amedrentar y pr\u00e1cticamente declarando la guerra a este gobierno t\u00edtere.<\/p>\n<p>La velocidad con que se empeora la situaci\u00f3n econ\u00f3mica y social de la gran mayor\u00eda de los ucranianos es tal, que es muy dif\u00edcil creer que los actuales herederos del golpe de Maid\u00e1n se mantendr\u00e1n en el poder mas all\u00e1 de los pr\u00f3ximos meses. Y si vemos la situaci\u00f3n en Ucrania desde el actual colapso generalizado de ese ox\u00edmoron del \u201ccapitalismo democr\u00e1tico\u201d, prometido y vendido a su pueblo como premio por ser los m\u00e1s anticomunistas en Europa, se entender\u00e1 que los tiempos que se acercan ser\u00e1n mas que turbulentos.<\/p>\n","protected":false},"excerpt":{"rendered":"<p>Hoy cumplen 7 a\u00f1os del golpe de estado en Ucrania, que despu\u00e9s de la megaproducci\u00f3n medi\u00e1tica internacional, llamada \u201cla rebeli\u00f3n de Maidan\u201d o \u201cla revoluci\u00f3n de la dignidad\u201d, saco el pa\u00eds de las manos de un corrupto y poco carism\u00e1tico&hellip;<\/p>\n","protected":false},"author":1112,"featured_media":1303000,"comment_status":"closed","ping_status":"closed","sticky":false,"template":"","format":"standard","meta":{"footnotes":""},"categories":[11389,66,161,74],"tags":[87679,8879,87678],"class_list":["post-1302997","post","type-post","status-publish","format-standard","has-post-thumbnail","hentry","category-contenido-original","category-europa-es","category-opiniones","category-politica-es","tag-oksana-marchenko","tag-ucrania","tag-victor-yanukovich"],"yoast_head":"<!-- This site is optimized with the Yoast SEO plugin v27.1.1 - https:\/\/yoast.com\/product\/yoast-seo-wordpress\/ -->\n<title>Ucrania, el aniversario como una v\u00edspera<\/title>\n<meta name=\"description\" content=\"Hoy cumplen 7 a\u00f1os del golpe de estado en Ucrania, que despu\u00e9s de la megaproducci\u00f3n medi\u00e1tica internacional, llamada \u201cla rebeli\u00f3n de Maidan\u201d o \u201cla\" \/>\n<meta name=\"robots\" content=\"index, follow, max-snippet:-1, max-image-preview:large, max-video-preview:-1\" \/>\n<link rel=\"canonical\" href=\"https:\/\/www.pressenza.com\/es\/2021\/02\/ucrania-el-aniversario-como-una-vispera\/\" \/>\n<meta property=\"og:locale\" content=\"es_ES\" \/>\n<meta property=\"og:type\" content=\"article\" \/>\n<meta property=\"og:title\" content=\"Ucrania, el aniversario como una v\u00edspera\" \/>\n<meta property=\"og:description\" content=\"Hoy cumplen 7 a\u00f1os del golpe de estado en Ucrania, que despu\u00e9s de la megaproducci\u00f3n medi\u00e1tica internacional, llamada \u201cla rebeli\u00f3n de Maidan\u201d o \u201cla\" \/>\n<meta property=\"og:url\" content=\"https:\/\/www.pressenza.com\/es\/2021\/02\/ucrania-el-aniversario-como-una-vispera\/\" \/>\n<meta property=\"og:site_name\" content=\"Pressenza\" \/>\n<meta property=\"article:publisher\" content=\"https:\/\/www.facebook.com\/PressenzaItalia\" \/>\n<meta property=\"article:published_time\" content=\"2021-02-22T21:49:34+00:00\" \/>\n<meta property=\"og:image\" content=\"https:\/\/www.pressenza.com\/wp-content\/uploads\/2021\/02\/IMG_2771.jpg\" \/>\n\t<meta property=\"og:image:width\" content=\"690\" \/>\n\t<meta property=\"og:image:height\" content=\"387\" \/>\n\t<meta property=\"og:image:type\" content=\"image\/jpeg\" \/>\n<meta name=\"author\" content=\"Oleg Yasinsky\" \/>\n<meta name=\"twitter:card\" content=\"summary_large_image\" \/>\n<meta name=\"twitter:creator\" content=\"@PressenzaIPA\" \/>\n<meta name=\"twitter:site\" content=\"@PressenzaIPA\" \/>\n<meta name=\"twitter:label1\" content=\"Escrito por\" \/>\n\t<meta name=\"twitter:data1\" content=\"Oleg Yasinsky\" \/>\n\t<meta name=\"twitter:label2\" content=\"Tiempo de lectura\" \/>\n\t<meta name=\"twitter:data2\" content=\"3 minutos\" \/>\n<script type=\"application\/ld+json\" class=\"yoast-schema-graph\">{\"@context\":\"https:\/\/schema.org\",\"@graph\":[{\"@type\":\"Article\",\"@id\":\"https:\/\/www.pressenza.com\/es\/2021\/02\/ucrania-el-aniversario-como-una-vispera\/#article\",\"isPartOf\":{\"@id\":\"https:\/\/www.pressenza.com\/es\/2021\/02\/ucrania-el-aniversario-como-una-vispera\/\"},\"author\":{\"name\":\"Oleg Yasinsky\",\"@id\":\"https:\/\/www.pressenza.com\/es\/#\/schema\/person\/85b1f2e3cd892fe5d7e34200345f84d0\"},\"headline\":\"Ucrania, el aniversario como una v\u00edspera\",\"datePublished\":\"2021-02-22T21:49:34+00:00\",\"mainEntityOfPage\":{\"@id\":\"https:\/\/www.pressenza.com\/es\/2021\/02\/ucrania-el-aniversario-como-una-vispera\/\"},\"wordCount\":625,\"publisher\":{\"@id\":\"https:\/\/www.pressenza.com\/es\/#organization\"},\"image\":{\"@id\":\"https:\/\/www.pressenza.com\/es\/2021\/02\/ucrania-el-aniversario-como-una-vispera\/#primaryimage\"},\"thumbnailUrl\":\"https:\/\/www.pressenza.com\/wp-content\/uploads\/2021\/02\/IMG_2771.jpg\",\"keywords\":[\"Oksana Marchenko\",\"Ucrania\",\"Victor Yanukovich\"],\"articleSection\":[\"Contenido Original\",\"Europa\",\"Opiniones\",\"Pol\u00edtica\"],\"inLanguage\":\"es\"},{\"@type\":\"WebPage\",\"@id\":\"https:\/\/www.pressenza.com\/es\/2021\/02\/ucrania-el-aniversario-como-una-vispera\/\",\"url\":\"https:\/\/www.pressenza.com\/es\/2021\/02\/ucrania-el-aniversario-como-una-vispera\/\",\"name\":\"Ucrania, el aniversario como una v\u00edspera\",\"isPartOf\":{\"@id\":\"https:\/\/www.pressenza.com\/es\/#website\"},\"primaryImageOfPage\":{\"@id\":\"https:\/\/www.pressenza.com\/es\/2021\/02\/ucrania-el-aniversario-como-una-vispera\/#primaryimage\"},\"image\":{\"@id\":\"https:\/\/www.pressenza.com\/es\/2021\/02\/ucrania-el-aniversario-como-una-vispera\/#primaryimage\"},\"thumbnailUrl\":\"https:\/\/www.pressenza.com\/wp-content\/uploads\/2021\/02\/IMG_2771.jpg\",\"datePublished\":\"2021-02-22T21:49:34+00:00\",\"description\":\"Hoy cumplen 7 a\u00f1os del golpe de estado en Ucrania, que despu\u00e9s de la megaproducci\u00f3n medi\u00e1tica internacional, llamada \u201cla rebeli\u00f3n de Maidan\u201d o \u201cla\",\"breadcrumb\":{\"@id\":\"https:\/\/www.pressenza.com\/es\/2021\/02\/ucrania-el-aniversario-como-una-vispera\/#breadcrumb\"},\"inLanguage\":\"es\",\"potentialAction\":[{\"@type\":\"ReadAction\",\"target\":[\"https:\/\/www.pressenza.com\/es\/2021\/02\/ucrania-el-aniversario-como-una-vispera\/\"]}]},{\"@type\":\"ImageObject\",\"inLanguage\":\"es\",\"@id\":\"https:\/\/www.pressenza.com\/es\/2021\/02\/ucrania-el-aniversario-como-una-vispera\/#primaryimage\",\"url\":\"https:\/\/www.pressenza.com\/wp-content\/uploads\/2021\/02\/IMG_2771.jpg\",\"contentUrl\":\"https:\/\/www.pressenza.com\/wp-content\/uploads\/2021\/02\/IMG_2771.jpg\",\"width\":690,\"height\":387,\"caption\":\"Twitter\"},{\"@type\":\"BreadcrumbList\",\"@id\":\"https:\/\/www.pressenza.com\/es\/2021\/02\/ucrania-el-aniversario-como-una-vispera\/#breadcrumb\",\"itemListElement\":[{\"@type\":\"ListItem\",\"position\":1,\"name\":\"Accueil\",\"item\":\"https:\/\/www.pressenza.com\/es\/\"},{\"@type\":\"ListItem\",\"position\":2,\"name\":\"Ucrania, el aniversario como una v\u00edspera\"}]},{\"@type\":\"WebSite\",\"@id\":\"https:\/\/www.pressenza.com\/es\/#website\",\"url\":\"https:\/\/www.pressenza.com\/es\/\",\"name\":\"Pressenza\",\"description\":\"International Press Agency\",\"publisher\":{\"@id\":\"https:\/\/www.pressenza.com\/es\/#organization\"},\"potentialAction\":[{\"@type\":\"SearchAction\",\"target\":{\"@type\":\"EntryPoint\",\"urlTemplate\":\"https:\/\/www.pressenza.com\/es\/?s={search_term_string}\"},\"query-input\":{\"@type\":\"PropertyValueSpecification\",\"valueRequired\":true,\"valueName\":\"search_term_string\"}}],\"inLanguage\":\"es\"},{\"@type\":\"Organization\",\"@id\":\"https:\/\/www.pressenza.com\/es\/#organization\",\"name\":\"Pressenza\",\"url\":\"https:\/\/www.pressenza.com\/es\/\",\"logo\":{\"@type\":\"ImageObject\",\"inLanguage\":\"es\",\"@id\":\"https:\/\/www.pressenza.com\/es\/#\/schema\/logo\/image\/\",\"url\":\"https:\/\/www.pressenza.com\/wp-content\/uploads\/2022\/10\/pressenza_logo_200x200.jpg\",\"contentUrl\":\"https:\/\/www.pressenza.com\/wp-content\/uploads\/2022\/10\/pressenza_logo_200x200.jpg\",\"width\":200,\"height\":200,\"caption\":\"Pressenza\"},\"image\":{\"@id\":\"https:\/\/www.pressenza.com\/es\/#\/schema\/logo\/image\/\"},\"sameAs\":[\"https:\/\/www.facebook.com\/PressenzaItalia\",\"https:\/\/x.com\/PressenzaIPA\"]},{\"@type\":\"Person\",\"@id\":\"https:\/\/www.pressenza.com\/es\/#\/schema\/person\/85b1f2e3cd892fe5d7e34200345f84d0\",\"name\":\"Oleg Yasinsky\",\"description\":\"Periodista independiente de or\u00edgen ucraniano, residente en Mosc\u00fa.\",\"url\":\"https:\/\/www.pressenza.com\/es\/author\/oleg-yasinsky-2\/\"}]}<\/script>\n<!-- \/ Yoast SEO plugin. -->","yoast_head_json":{"title":"Ucrania, el aniversario como una v\u00edspera","description":"Hoy cumplen 7 a\u00f1os del golpe de estado en Ucrania, que despu\u00e9s de la megaproducci\u00f3n medi\u00e1tica internacional, llamada \u201cla rebeli\u00f3n de Maidan\u201d o \u201cla","robots":{"index":"index","follow":"follow","max-snippet":"max-snippet:-1","max-image-preview":"max-image-preview:large","max-video-preview":"max-video-preview:-1"},"canonical":"https:\/\/www.pressenza.com\/es\/2021\/02\/ucrania-el-aniversario-como-una-vispera\/","og_locale":"es_ES","og_type":"article","og_title":"Ucrania, el aniversario como una v\u00edspera","og_description":"Hoy cumplen 7 a\u00f1os del golpe de estado en Ucrania, que despu\u00e9s de la megaproducci\u00f3n medi\u00e1tica internacional, llamada \u201cla rebeli\u00f3n de Maidan\u201d o \u201cla","og_url":"https:\/\/www.pressenza.com\/es\/2021\/02\/ucrania-el-aniversario-como-una-vispera\/","og_site_name":"Pressenza","article_publisher":"https:\/\/www.facebook.com\/PressenzaItalia","article_published_time":"2021-02-22T21:49:34+00:00","og_image":[{"width":690,"height":387,"url":"https:\/\/www.pressenza.com\/wp-content\/uploads\/2021\/02\/IMG_2771.jpg","type":"image\/jpeg"}],"author":"Oleg Yasinsky","twitter_card":"summary_large_image","twitter_creator":"@PressenzaIPA","twitter_site":"@PressenzaIPA","twitter_misc":{"Escrito por":"Oleg Yasinsky","Tiempo de lectura":"3 minutos"},"schema":{"@context":"https:\/\/schema.org","@graph":[{"@type":"Article","@id":"https:\/\/www.pressenza.com\/es\/2021\/02\/ucrania-el-aniversario-como-una-vispera\/#article","isPartOf":{"@id":"https:\/\/www.pressenza.com\/es\/2021\/02\/ucrania-el-aniversario-como-una-vispera\/"},"author":{"name":"Oleg Yasinsky","@id":"https:\/\/www.pressenza.com\/es\/#\/schema\/person\/85b1f2e3cd892fe5d7e34200345f84d0"},"headline":"Ucrania, el aniversario como una v\u00edspera","datePublished":"2021-02-22T21:49:34+00:00","mainEntityOfPage":{"@id":"https:\/\/www.pressenza.com\/es\/2021\/02\/ucrania-el-aniversario-como-una-vispera\/"},"wordCount":625,"publisher":{"@id":"https:\/\/www.pressenza.com\/es\/#organization"},"image":{"@id":"https:\/\/www.pressenza.com\/es\/2021\/02\/ucrania-el-aniversario-como-una-vispera\/#primaryimage"},"thumbnailUrl":"https:\/\/www.pressenza.com\/wp-content\/uploads\/2021\/02\/IMG_2771.jpg","keywords":["Oksana Marchenko","Ucrania","Victor Yanukovich"],"articleSection":["Contenido Original","Europa","Opiniones","Pol\u00edtica"],"inLanguage":"es"},{"@type":"WebPage","@id":"https:\/\/www.pressenza.com\/es\/2021\/02\/ucrania-el-aniversario-como-una-vispera\/","url":"https:\/\/www.pressenza.com\/es\/2021\/02\/ucrania-el-aniversario-como-una-vispera\/","name":"Ucrania, el aniversario como una v\u00edspera","isPartOf":{"@id":"https:\/\/www.pressenza.com\/es\/#website"},"primaryImageOfPage":{"@id":"https:\/\/www.pressenza.com\/es\/2021\/02\/ucrania-el-aniversario-como-una-vispera\/#primaryimage"},"image":{"@id":"https:\/\/www.pressenza.com\/es\/2021\/02\/ucrania-el-aniversario-como-una-vispera\/#primaryimage"},"thumbnailUrl":"https:\/\/www.pressenza.com\/wp-content\/uploads\/2021\/02\/IMG_2771.jpg","datePublished":"2021-02-22T21:49:34+00:00","description":"Hoy cumplen 7 a\u00f1os del golpe de estado en Ucrania, que despu\u00e9s de la megaproducci\u00f3n medi\u00e1tica internacional, llamada \u201cla rebeli\u00f3n de Maidan\u201d o \u201cla","breadcrumb":{"@id":"https:\/\/www.pressenza.com\/es\/2021\/02\/ucrania-el-aniversario-como-una-vispera\/#breadcrumb"},"inLanguage":"es","potentialAction":[{"@type":"ReadAction","target":["https:\/\/www.pressenza.com\/es\/2021\/02\/ucrania-el-aniversario-como-una-vispera\/"]}]},{"@type":"ImageObject","inLanguage":"es","@id":"https:\/\/www.pressenza.com\/es\/2021\/02\/ucrania-el-aniversario-como-una-vispera\/#primaryimage","url":"https:\/\/www.pressenza.com\/wp-content\/uploads\/2021\/02\/IMG_2771.jpg","contentUrl":"https:\/\/www.pressenza.com\/wp-content\/uploads\/2021\/02\/IMG_2771.jpg","width":690,"height":387,"caption":"Twitter"},{"@type":"BreadcrumbList","@id":"https:\/\/www.pressenza.com\/es\/2021\/02\/ucrania-el-aniversario-como-una-vispera\/#breadcrumb","itemListElement":[{"@type":"ListItem","position":1,"name":"Accueil","item":"https:\/\/www.pressenza.com\/es\/"},{"@type":"ListItem","position":2,"name":"Ucrania, el aniversario como una v\u00edspera"}]},{"@type":"WebSite","@id":"https:\/\/www.pressenza.com\/es\/#website","url":"https:\/\/www.pressenza.com\/es\/","name":"Pressenza","description":"International Press Agency","publisher":{"@id":"https:\/\/www.pressenza.com\/es\/#organization"},"potentialAction":[{"@type":"SearchAction","target":{"@type":"EntryPoint","urlTemplate":"https:\/\/www.pressenza.com\/es\/?s={search_term_string}"},"query-input":{"@type":"PropertyValueSpecification","valueRequired":true,"valueName":"search_term_string"}}],"inLanguage":"es"},{"@type":"Organization","@id":"https:\/\/www.pressenza.com\/es\/#organization","name":"Pressenza","url":"https:\/\/www.pressenza.com\/es\/","logo":{"@type":"ImageObject","inLanguage":"es","@id":"https:\/\/www.pressenza.com\/es\/#\/schema\/logo\/image\/","url":"https:\/\/www.pressenza.com\/wp-content\/uploads\/2022\/10\/pressenza_logo_200x200.jpg","contentUrl":"https:\/\/www.pressenza.com\/wp-content\/uploads\/2022\/10\/pressenza_logo_200x200.jpg","width":200,"height":200,"caption":"Pressenza"},"image":{"@id":"https:\/\/www.pressenza.com\/es\/#\/schema\/logo\/image\/"},"sameAs":["https:\/\/www.facebook.com\/PressenzaItalia","https:\/\/x.com\/PressenzaIPA"]},{"@type":"Person","@id":"https:\/\/www.pressenza.com\/es\/#\/schema\/person\/85b1f2e3cd892fe5d7e34200345f84d0","name":"Oleg Yasinsky","description":"Periodista independiente de or\u00edgen ucraniano, residente en Mosc\u00fa.","url":"https:\/\/www.pressenza.com\/es\/author\/oleg-yasinsky-2\/"}]}},"place":"Santiago de Chile","original_article_url":"","_links":{"self":[{"href":"https:\/\/www.pressenza.com\/es\/wp-json\/wp\/v2\/posts\/1302997","targetHints":{"allow":["GET"]}}],"collection":[{"href":"https:\/\/www.pressenza.com\/es\/wp-json\/wp\/v2\/posts"}],"about":[{"href":"https:\/\/www.pressenza.com\/es\/wp-json\/wp\/v2\/types\/post"}],"author":[{"embeddable":true,"href":"https:\/\/www.pressenza.com\/es\/wp-json\/wp\/v2\/users\/1112"}],"replies":[{"embeddable":true,"href":"https:\/\/www.pressenza.com\/es\/wp-json\/wp\/v2\/comments?post=1302997"}],"version-history":[{"count":0,"href":"https:\/\/www.pressenza.com\/es\/wp-json\/wp\/v2\/posts\/1302997\/revisions"}],"wp:featuredmedia":[{"embeddable":true,"href":"https:\/\/www.pressenza.com\/es\/wp-json\/wp\/v2\/media\/1303000"}],"wp:attachment":[{"href":"https:\/\/www.pressenza.com\/es\/wp-json\/wp\/v2\/media?parent=1302997"}],"wp:term":[{"taxonomy":"category","embeddable":true,"href":"https:\/\/www.pressenza.com\/es\/wp-json\/wp\/v2\/categories?post=1302997"},{"taxonomy":"post_tag","embeddable":true,"href":"https:\/\/www.pressenza.com\/es\/wp-json\/wp\/v2\/tags?post=1302997"}],"curies":[{"name":"wp","href":"https:\/\/api.w.org\/{rel}","templated":true}]}}