{"id":1302912,"date":"2021-02-22T18:23:16","date_gmt":"2021-02-22T18:23:16","guid":{"rendered":"https:\/\/www.pressenza.com\/?p=1302912"},"modified":"2021-02-22T18:23:16","modified_gmt":"2021-02-22T18:23:16","slug":"feminismos-que-humanizan-09-nancy-lopez","status":"publish","type":"post","link":"https:\/\/www.pressenza.com\/es\/2021\/02\/feminismos-que-humanizan-09-nancy-lopez\/","title":{"rendered":"Feminismos que Humanizan 09- Nancy L\u00f3pez"},"content":{"rendered":"<p>Por Karla Mijangos Fuentes<\/p>\n<p>La serie \u201cFeminismos que humanizan\u201d es una secuencia de entrevistas, en las que personas aplicadas a diferentes vertientes de la construcci\u00f3n de una salud integral, cuentan c\u00f3mo el feminismo cambi\u00f3 su mirada, su forma de actuar y de concebir las pr\u00e1cticas en salud. Esta serie pretende traer reflexiones sobre g\u00e9nero, feminismos y salud adem\u00e1s de ser un espacio de reflexi\u00f3n y empoderamiento. Puedes leer la nota anterior <a href=\"https:\/\/www.pressenza.com\/es\/2021\/02\/feminismos-que-humanizan-08-jeremias-e-quiroz\/\">aqu\u00ed<\/a><\/p>\n<p>Nancy L\u00f3pez es originaria de Toluca, Estado de M\u00e9xico. Enfermera y Psic\u00f3loga, especialista en enfermer\u00eda neurol\u00f3gica y maestra en educaci\u00f3n. Nancy imparte de forma independiente clases y capacitaci\u00f3n para profesionales de enfermer\u00eda en temas de cardiolog\u00eda, neurolog\u00eda, urgencias, terapia intensiva. Cabe resaltar que Nancy trabaja como enfermera en el Instituto Nacional de Ciencias M\u00e9dicas y Nutrici\u00f3n \u201cSalvador Zubir\u00e1n\u201d, en donde ofrece cuidados integrales a pacientes en los servicios de terapia intensiva, urgencias y otros servicios; adem\u00e1s, ella ha participado en procesos de docencia e investigaci\u00f3n enfermera en dicho instituto.<\/p>\n<p><strong>Rehuno: Hola Nancy, \u00bfc\u00f3mo apareci\u00f3 el feminismo en tu vida?<\/strong><\/p>\n<p><strong>Nancy: <\/strong>Dentro de m\u00ed, siempre hubo una peque\u00f1a rebelde cuestionadora. Yo no sab\u00eda que ese inicio de cuestionar ten\u00eda que ver con algo de liberaci\u00f3n de las mujeres; sab\u00eda que hab\u00eda algo de liberaci\u00f3n, sab\u00eda que no todo me hac\u00eda sentido, ni me cuadraba, pero pues hasta ah\u00ed lleg\u00f3. Ya como t\u00e9rmino y teor\u00eda, es algo much\u00edsimo m\u00e1s reciente, y que fue maravilloso, porque precisamente toda una vida de inconformidades y de cuestionar mi lugar en el mundo, y que conforme me fui acercando, me fui dando cuenta que no era la \u00fanica rebelde, sino que en verdad s\u00ed hab\u00eda algo mal, y que no ten\u00eda por qu\u00e9 ser naturalizado. Adem\u00e1s, tuve un referente muy cercano, en su momento fue mi hermana, con la que empec\u00e9 a conversar sobre esto; ella me comparti\u00f3 informaci\u00f3n, cultura, lecturas y dem\u00e1s, y pues a partir de ah\u00ed, yo pude hacer una construcci\u00f3n, m\u00e1s que de conceptos, una construcci\u00f3n de mi propio proceso.<\/p>\n<p><strong>Rehuno: Nancy, \u00bfexperimentaste alg\u00fan tipo de sufrimiento en cuanto te acercaste a los postulados feministas?<\/strong><\/p>\n<p><strong>Nancy: <\/strong>M\u00e1s que sufrir, yo creo que es una respuesta secundaria al aterrizaje, no al feminismo, sino a los cuestionamientos a los que te lleva, por ejemplo, las relaciones interpersonales y afectivas a la que est\u00e1bamos nosotras habituadas, y en cierto modo, hasta forzadas a amar y a convivir. Ah\u00ed das cuenta que el autocuidado y parte de tu proceso es limitar esas relaciones y dejarlas atr\u00e1s, porque al inicio podr\u00e1n ser compa\u00f1eros de trabajo, amigos y personas muy queridas como parejas o miembros de la familia, donde definitivamente no podemos seguir relacion\u00e1ndonos en estas din\u00e1micas de opresi\u00f3n de un modo activo, porque por m\u00e1s que intentemos mantenernos pasivas, la pasividad al final se vuelve complicidad. Y esa parte si duele mucho.<\/p>\n<p>Entonces, son mini-duelos o grandes duelos, porque cada p\u00e9rdida tiene diferentes significados y atribuciones a la narrativa que contenga esa relaci\u00f3n y los lazos que nos unan. Yo creo que esa parte si es dolorosa. Yo no tomar\u00eda al feminismo como mi curso de autoestima, pero, por supuesto, que genera una influencia sobre el modo en que nos percibimos, nos construimos y nos empezamos a amar en medio de un mundo que une todo para odiarnos, para recriminarnos, para hacernos sentir culpables por cosas que no existen. Al final, la p\u00e9rdida genera un sufrimiento, pero se va compensado con otras ganancias.<\/p>\n<p><strong>Rehuno: A partir de esto que dices, \u00bfcrees que la imagen y la construcci\u00f3n de la enfermer\u00eda puede ser explicada a trav\u00e9s del feminismo?<\/strong><\/p>\n<p><strong>Nancy: <\/strong>No s\u00f3lo en el modo, sino en todo lo que se construy\u00f3 a partir del mundo occidental. Es decir, las profesiones y los espacios laborales son un reflejo de lo que pasa en los espacios macro de la sociedad. Y en una profesi\u00f3n en que casi el 90% somos mujeres, precede una educaci\u00f3n de origen religioso; ya luego se dieron cuenta que eso no bastaba, y que habr\u00eda que recibir cierta instrucci\u00f3n, la cual adopt\u00f3 y control\u00f3 por much\u00edsimas d\u00e9cadas, el paternalismo m\u00e9dico, dejando una huella que a\u00fan nos trasciende y nos persigue, y yo creo, que ha sido de lo m\u00e1s complicado de liberarnos.<\/p>\n<p>Entonces, en nuestra sociedad que por un lado tenemos a la medicina como el padre y rector; y en contraparte, la enfermer\u00eda que deposita lo sentimental, lo que seg\u00fan no requiere estudiarse tanto, adem\u00e1s de todas estas atribuciones sobre la herencia de nuestro origen como la negaci\u00f3n, el desinter\u00e9s, la obediencia. Entonces todo eso nos sigue exigiendo c\u00f3digos de comportamiento, de limitaci\u00f3n para la ocupaci\u00f3n de los espacios acad\u00e9micos y laborales, y por supuesto, los puestos de poder.<\/p>\n<p>En cierto modo, las enfermeras abrazamos esta tradici\u00f3n porque nos gusta, nos complace ser un regalo del d\u00eda de reyes, nos complace ser vistas por la sociedad y por los pacientes como \u00e1ngeles sin alas, las damas de la bondad. Y no es que eso sea malo o rid\u00edculo, pero el mantenimiento de esa imagen tiene que ver con el desarrollo y crecimiento de la profesi\u00f3n. Por \u00faltimo, en nuestras \u00e1reas que ocupamos para el desenvolvimiento laboral, parece ser que no importa cu\u00e1nto nos preparemos, estudiemos o le echemos ganas. Nuestro lugar en ese espacio s\u00ed est\u00e1 por debajo, r\u00edgido y estrictamente jerarquizado, y siempre colocado en posiciones de verticalidad.<\/p>\n<p><strong>Rehuno: \u00bfC\u00f3mo es que el feminismo ha cambiado tu pr\u00e1ctica profesional?<\/strong><\/p>\n<p><strong>Nancy: <\/strong>Yo creo que esa es de las partes que m\u00e1s he disfrutado, porque te empiezan a indignar las cosas que antes ni siquiera hubieras notado, y que tal vez, hubiera sido reproductora sistematizada de los mismos mecanismos de violencia y opresi\u00f3n, pero dar cuenta de la existencia de estos mecanismos, es la primera parte para erradicarlos.<\/p>\n<p>Es cierto que, a veces es picar contra piedra, pelear contra uno mismo y detenernos a pensar. As\u00ed, cuando los compa\u00f1eros y los pacientes te empiezan a identificar como feminista, te exigen un c\u00f3digo de comportamiento desde el desconocimiento del feminismo, por ejemplo, me he encontrado frases como \u201cse queja de la jefe, pero pues la jefe es mujer\u201d. S\u00ed, ella es una mujer que est\u00e1 ejerciendo violencia y no tienen nada que ver con que sea mujer. El an\u00e1lisis no va directo sobre la acci\u00f3n de la persona, sino sobre las circunstancias que originan el actuar de las personas en su relaci\u00f3n y afecto con los dem\u00e1s.<\/p>\n<p>Tambi\u00e9n empec\u00e9 a disfrutar, el atender a mis pacientes mujeres, porque en mi formaci\u00f3n profesional, yo ten\u00eda esos prejuicios instaurados, que atender mujeres era m\u00e1s dif\u00edcil y que los hombres eran mejores pacientes, y no es cierto. Asimismo, en el espacio en el que yo trabajo, esto me ha permitido tener un acercamiento con mis compa\u00f1eras, que de otra forma no hubiera tenido, porque ah\u00ed est\u00e1 el otro horrible paradigma que nos atraviesa \u201cmujeres juntas, ni difuntas\u201d o \u201cla peor enemiga de una enfermera es otra enfermera\u201d. Es verdad que hay una hostilidad en la que nos tratamos, pero esa hostilidad es aprendida, no es una situaci\u00f3n natural, ni necesaria, ni tiene que ver con nuestros ciclos hormonales, es sencillamente una situaci\u00f3n aprendida. Y como todo lo aprendido, se puede desaprender.<\/p>\n<p><strong>Rehuno: Finalmente Nancy, \u00bfconsideras una prioridad incluir este contenido de teor\u00edas feministas en los programas de formaci\u00f3n de enfermer\u00eda?<\/strong><\/p>\n<p><strong>Nancy: <\/strong>Creo que, hay que iniciar por el desarrollo del pensamiento pol\u00edtico general del estudiante universitario de cualquier carrera. Y hablar de pol\u00edtica, va de la mano con el desarrollo del pensamiento cr\u00edtico. Ya posteriormente, cuando sepamos ubicar cu\u00e1les son nuestras problem\u00e1ticas, empezar a ver las m\u00faltiples opciones para trabajar sobre las mismas; pero si no empezamos a comprender, cu\u00e1les son nuestras problem\u00e1ticas desde las ciencias sociales y sus ramas, corremos el riesgo de que se vuelva una teor\u00eda m\u00e1s que te tienes que aprender para pasar el examen, y eso ser\u00eda el peor de los resultados.<\/p>\n<p>Entonces, tendr\u00edan que darse todos los elementos para que se pueda dar un di\u00e1logo verdadero. En general yo creo que eso ser\u00eda parte de lo que necesitar\u00edamos y siempre partir\u00eda desde el pensamiento pol\u00edtico, porque para empezar a politizar, tenemos que conocer los principios m\u00e1s b\u00e1sicos. La pol\u00edtica es una ciencia y disciplina bien bonita que implica servir al pueblo, implica tener un pensamiento colectivo y renunciar un poquito a lo que somos nosotros, y as\u00ed empezar a empatizar con todas esas otredades, que al mismo tiempo somos tan diferentes, pero que tenemos muchas cosas en com\u00fan.<\/p>\n<p><strong>Rehuno: Muchas gracias Nancy<\/strong><\/p>\n<p><strong>\u00a0<\/strong><\/p>\n<p><strong>\u00a0<\/strong><\/p>\n<p><strong>\u00a0<\/strong><\/p>\n<p><strong>\u00a0<\/strong><\/p>\n<p><strong>\u00a0<\/strong><\/p>\n","protected":false},"excerpt":{"rendered":"<p>Por Karla Mijangos Fuentes La serie \u201cFeminismos que humanizan\u201d es una secuencia de entrevistas, en las que personas aplicadas a diferentes vertientes de la construcci\u00f3n de una salud integral, cuentan c\u00f3mo el feminismo cambi\u00f3 su mirada, su forma de actuar&hellip;<\/p>\n","protected":false},"author":1680,"featured_media":1302913,"comment_status":"closed","ping_status":"closed","sticky":false,"template":"","format":"standard","meta":{"footnotes":""},"categories":[11389,155,54515,68],"tags":[44232,87676],"class_list":["post-1302912","post","type-post","status-publish","format-standard","has-post-thumbnail","hentry","category-contenido-original","category-entrevistas","category-genero-y-feminismos","category-norteamerica","tag-feminismos","tag-nancy-lopez"],"yoast_head":"<!-- This site is optimized with the Yoast SEO plugin v27.1.1 - https:\/\/yoast.com\/product\/yoast-seo-wordpress\/ -->\n<title>Feminismos que Humanizan 09- Nancy L\u00f3pez<\/title>\n<meta name=\"description\" content=\"Por Karla Mijangos Fuentes La serie \u201cFeminismos que humanizan\u201d es una secuencia de entrevistas, en las que personas aplicadas a diferentes vertientes de\" \/>\n<meta name=\"robots\" content=\"index, follow, max-snippet:-1, max-image-preview:large, max-video-preview:-1\" \/>\n<link rel=\"canonical\" href=\"https:\/\/www.pressenza.com\/es\/2021\/02\/feminismos-que-humanizan-09-nancy-lopez\/\" \/>\n<meta property=\"og:locale\" content=\"es_ES\" \/>\n<meta property=\"og:type\" content=\"article\" \/>\n<meta property=\"og:title\" content=\"Feminismos que Humanizan 09- Nancy L\u00f3pez\" \/>\n<meta property=\"og:description\" content=\"Por Karla Mijangos Fuentes La serie \u201cFeminismos que humanizan\u201d es una secuencia de entrevistas, en las que personas aplicadas a diferentes vertientes de\" \/>\n<meta property=\"og:url\" content=\"https:\/\/www.pressenza.com\/es\/2021\/02\/feminismos-que-humanizan-09-nancy-lopez\/\" \/>\n<meta property=\"og:site_name\" content=\"Pressenza\" \/>\n<meta property=\"article:publisher\" content=\"https:\/\/www.facebook.com\/PressenzaItalia\" \/>\n<meta property=\"article:author\" content=\"https:\/\/www.facebook.com\/rehunosalud\/\" \/>\n<meta property=\"article:published_time\" content=\"2021-02-22T18:23:16+00:00\" \/>\n<meta property=\"og:image\" content=\"https:\/\/www.pressenza.com\/wp-content\/uploads\/2021\/02\/portada-FqH_09.png\" \/>\n\t<meta property=\"og:image:width\" content=\"750\" \/>\n\t<meta property=\"og:image:height\" content=\"450\" \/>\n\t<meta property=\"og:image:type\" content=\"image\/png\" \/>\n<meta name=\"author\" content=\"REHUNO - Red Humanista de Noticias en Salud\" \/>\n<meta name=\"twitter:card\" content=\"summary_large_image\" \/>\n<meta name=\"twitter:creator\" content=\"@PressenzaIPA\" \/>\n<meta name=\"twitter:site\" content=\"@PressenzaIPA\" \/>\n<meta name=\"twitter:label1\" content=\"Escrito por\" \/>\n\t<meta name=\"twitter:data1\" content=\"REHUNO - Red Humanista de Noticias en Salud\" \/>\n\t<meta name=\"twitter:label2\" content=\"Tiempo de lectura\" \/>\n\t<meta name=\"twitter:data2\" content=\"8 minutos\" \/>\n<script type=\"application\/ld+json\" class=\"yoast-schema-graph\">{\"@context\":\"https:\/\/schema.org\",\"@graph\":[{\"@type\":\"Article\",\"@id\":\"https:\/\/www.pressenza.com\/es\/2021\/02\/feminismos-que-humanizan-09-nancy-lopez\/#article\",\"isPartOf\":{\"@id\":\"https:\/\/www.pressenza.com\/es\/2021\/02\/feminismos-que-humanizan-09-nancy-lopez\/\"},\"author\":{\"name\":\"REHUNO - Red Humanista de Noticias en Salud\",\"@id\":\"https:\/\/www.pressenza.com\/es\/#\/schema\/person\/5162be2bf75419d7e91acfc2c50c3870\"},\"headline\":\"Feminismos que Humanizan 09- Nancy L\u00f3pez\",\"datePublished\":\"2021-02-22T18:23:16+00:00\",\"mainEntityOfPage\":{\"@id\":\"https:\/\/www.pressenza.com\/es\/2021\/02\/feminismos-que-humanizan-09-nancy-lopez\/\"},\"wordCount\":1543,\"publisher\":{\"@id\":\"https:\/\/www.pressenza.com\/es\/#organization\"},\"image\":{\"@id\":\"https:\/\/www.pressenza.com\/es\/2021\/02\/feminismos-que-humanizan-09-nancy-lopez\/#primaryimage\"},\"thumbnailUrl\":\"https:\/\/www.pressenza.com\/wp-content\/uploads\/2021\/02\/portada-FqH_09.png\",\"keywords\":[\"feminismos\",\"Nancy L\u00f3pez\"],\"articleSection\":[\"Contenido Original\",\"Entrevistas\",\"G\u00e9nero y Feminismos\",\"Norteam\u00e9rica\"],\"inLanguage\":\"es\"},{\"@type\":\"WebPage\",\"@id\":\"https:\/\/www.pressenza.com\/es\/2021\/02\/feminismos-que-humanizan-09-nancy-lopez\/\",\"url\":\"https:\/\/www.pressenza.com\/es\/2021\/02\/feminismos-que-humanizan-09-nancy-lopez\/\",\"name\":\"Feminismos que Humanizan 09- Nancy L\u00f3pez\",\"isPartOf\":{\"@id\":\"https:\/\/www.pressenza.com\/es\/#website\"},\"primaryImageOfPage\":{\"@id\":\"https:\/\/www.pressenza.com\/es\/2021\/02\/feminismos-que-humanizan-09-nancy-lopez\/#primaryimage\"},\"image\":{\"@id\":\"https:\/\/www.pressenza.com\/es\/2021\/02\/feminismos-que-humanizan-09-nancy-lopez\/#primaryimage\"},\"thumbnailUrl\":\"https:\/\/www.pressenza.com\/wp-content\/uploads\/2021\/02\/portada-FqH_09.png\",\"datePublished\":\"2021-02-22T18:23:16+00:00\",\"description\":\"Por Karla Mijangos Fuentes La serie \u201cFeminismos que humanizan\u201d es una secuencia de entrevistas, en las que personas aplicadas a diferentes vertientes de\",\"breadcrumb\":{\"@id\":\"https:\/\/www.pressenza.com\/es\/2021\/02\/feminismos-que-humanizan-09-nancy-lopez\/#breadcrumb\"},\"inLanguage\":\"es\",\"potentialAction\":[{\"@type\":\"ReadAction\",\"target\":[\"https:\/\/www.pressenza.com\/es\/2021\/02\/feminismos-que-humanizan-09-nancy-lopez\/\"]}]},{\"@type\":\"ImageObject\",\"inLanguage\":\"es\",\"@id\":\"https:\/\/www.pressenza.com\/es\/2021\/02\/feminismos-que-humanizan-09-nancy-lopez\/#primaryimage\",\"url\":\"https:\/\/www.pressenza.com\/wp-content\/uploads\/2021\/02\/portada-FqH_09.png\",\"contentUrl\":\"https:\/\/www.pressenza.com\/wp-content\/uploads\/2021\/02\/portada-FqH_09.png\",\"width\":750,\"height\":450,\"caption\":\"#REHUNO\"},{\"@type\":\"BreadcrumbList\",\"@id\":\"https:\/\/www.pressenza.com\/es\/2021\/02\/feminismos-que-humanizan-09-nancy-lopez\/#breadcrumb\",\"itemListElement\":[{\"@type\":\"ListItem\",\"position\":1,\"name\":\"Accueil\",\"item\":\"https:\/\/www.pressenza.com\/es\/\"},{\"@type\":\"ListItem\",\"position\":2,\"name\":\"Feminismos que Humanizan 09- Nancy L\u00f3pez\"}]},{\"@type\":\"WebSite\",\"@id\":\"https:\/\/www.pressenza.com\/es\/#website\",\"url\":\"https:\/\/www.pressenza.com\/es\/\",\"name\":\"Pressenza\",\"description\":\"International Press Agency\",\"publisher\":{\"@id\":\"https:\/\/www.pressenza.com\/es\/#organization\"},\"potentialAction\":[{\"@type\":\"SearchAction\",\"target\":{\"@type\":\"EntryPoint\",\"urlTemplate\":\"https:\/\/www.pressenza.com\/es\/?s={search_term_string}\"},\"query-input\":{\"@type\":\"PropertyValueSpecification\",\"valueRequired\":true,\"valueName\":\"search_term_string\"}}],\"inLanguage\":\"es\"},{\"@type\":\"Organization\",\"@id\":\"https:\/\/www.pressenza.com\/es\/#organization\",\"name\":\"Pressenza\",\"url\":\"https:\/\/www.pressenza.com\/es\/\",\"logo\":{\"@type\":\"ImageObject\",\"inLanguage\":\"es\",\"@id\":\"https:\/\/www.pressenza.com\/es\/#\/schema\/logo\/image\/\",\"url\":\"https:\/\/www.pressenza.com\/wp-content\/uploads\/2022\/10\/pressenza_logo_200x200.jpg\",\"contentUrl\":\"https:\/\/www.pressenza.com\/wp-content\/uploads\/2022\/10\/pressenza_logo_200x200.jpg\",\"width\":200,\"height\":200,\"caption\":\"Pressenza\"},\"image\":{\"@id\":\"https:\/\/www.pressenza.com\/es\/#\/schema\/logo\/image\/\"},\"sameAs\":[\"https:\/\/www.facebook.com\/PressenzaItalia\",\"https:\/\/x.com\/PressenzaIPA\"]},{\"@type\":\"Person\",\"@id\":\"https:\/\/www.pressenza.com\/es\/#\/schema\/person\/5162be2bf75419d7e91acfc2c50c3870\",\"name\":\"REHUNO - Red Humanista de Noticias en Salud\",\"description\":\"REHUNO is a group of volunteers from different countries, health professionals and\/or users of health services, who want to give voice to a \\\"humanizing view\\\" of health systems from a broad and comprehensive perspective. REHUNO wants to put into words and images the positive news that needs to be highlighted and the negative news that needs to be denounced and happening on a daily basis.http:\/\/rehunosalud.org\/\",\"sameAs\":[\"http:\/\/rehunosalud.org\/\",\"https:\/\/www.facebook.com\/rehunosalud\/\"],\"url\":\"https:\/\/www.pressenza.com\/es\/author\/rehuno\/\"}]}<\/script>\n<!-- \/ Yoast SEO plugin. -->","yoast_head_json":{"title":"Feminismos que Humanizan 09- Nancy L\u00f3pez","description":"Por Karla Mijangos Fuentes La serie \u201cFeminismos que humanizan\u201d es una secuencia de entrevistas, en las que personas aplicadas a diferentes vertientes de","robots":{"index":"index","follow":"follow","max-snippet":"max-snippet:-1","max-image-preview":"max-image-preview:large","max-video-preview":"max-video-preview:-1"},"canonical":"https:\/\/www.pressenza.com\/es\/2021\/02\/feminismos-que-humanizan-09-nancy-lopez\/","og_locale":"es_ES","og_type":"article","og_title":"Feminismos que Humanizan 09- Nancy L\u00f3pez","og_description":"Por Karla Mijangos Fuentes La serie \u201cFeminismos que humanizan\u201d es una secuencia de entrevistas, en las que personas aplicadas a diferentes vertientes de","og_url":"https:\/\/www.pressenza.com\/es\/2021\/02\/feminismos-que-humanizan-09-nancy-lopez\/","og_site_name":"Pressenza","article_publisher":"https:\/\/www.facebook.com\/PressenzaItalia","article_author":"https:\/\/www.facebook.com\/rehunosalud\/","article_published_time":"2021-02-22T18:23:16+00:00","og_image":[{"width":750,"height":450,"url":"https:\/\/www.pressenza.com\/wp-content\/uploads\/2021\/02\/portada-FqH_09.png","type":"image\/png"}],"author":"REHUNO - Red Humanista de Noticias en Salud","twitter_card":"summary_large_image","twitter_creator":"@PressenzaIPA","twitter_site":"@PressenzaIPA","twitter_misc":{"Escrito por":"REHUNO - Red Humanista de Noticias en Salud","Tiempo de lectura":"8 minutos"},"schema":{"@context":"https:\/\/schema.org","@graph":[{"@type":"Article","@id":"https:\/\/www.pressenza.com\/es\/2021\/02\/feminismos-que-humanizan-09-nancy-lopez\/#article","isPartOf":{"@id":"https:\/\/www.pressenza.com\/es\/2021\/02\/feminismos-que-humanizan-09-nancy-lopez\/"},"author":{"name":"REHUNO - Red Humanista de Noticias en Salud","@id":"https:\/\/www.pressenza.com\/es\/#\/schema\/person\/5162be2bf75419d7e91acfc2c50c3870"},"headline":"Feminismos que Humanizan 09- Nancy L\u00f3pez","datePublished":"2021-02-22T18:23:16+00:00","mainEntityOfPage":{"@id":"https:\/\/www.pressenza.com\/es\/2021\/02\/feminismos-que-humanizan-09-nancy-lopez\/"},"wordCount":1543,"publisher":{"@id":"https:\/\/www.pressenza.com\/es\/#organization"},"image":{"@id":"https:\/\/www.pressenza.com\/es\/2021\/02\/feminismos-que-humanizan-09-nancy-lopez\/#primaryimage"},"thumbnailUrl":"https:\/\/www.pressenza.com\/wp-content\/uploads\/2021\/02\/portada-FqH_09.png","keywords":["feminismos","Nancy L\u00f3pez"],"articleSection":["Contenido Original","Entrevistas","G\u00e9nero y Feminismos","Norteam\u00e9rica"],"inLanguage":"es"},{"@type":"WebPage","@id":"https:\/\/www.pressenza.com\/es\/2021\/02\/feminismos-que-humanizan-09-nancy-lopez\/","url":"https:\/\/www.pressenza.com\/es\/2021\/02\/feminismos-que-humanizan-09-nancy-lopez\/","name":"Feminismos que Humanizan 09- Nancy L\u00f3pez","isPartOf":{"@id":"https:\/\/www.pressenza.com\/es\/#website"},"primaryImageOfPage":{"@id":"https:\/\/www.pressenza.com\/es\/2021\/02\/feminismos-que-humanizan-09-nancy-lopez\/#primaryimage"},"image":{"@id":"https:\/\/www.pressenza.com\/es\/2021\/02\/feminismos-que-humanizan-09-nancy-lopez\/#primaryimage"},"thumbnailUrl":"https:\/\/www.pressenza.com\/wp-content\/uploads\/2021\/02\/portada-FqH_09.png","datePublished":"2021-02-22T18:23:16+00:00","description":"Por Karla Mijangos Fuentes La serie \u201cFeminismos que humanizan\u201d es una secuencia de entrevistas, en las que personas aplicadas a diferentes vertientes de","breadcrumb":{"@id":"https:\/\/www.pressenza.com\/es\/2021\/02\/feminismos-que-humanizan-09-nancy-lopez\/#breadcrumb"},"inLanguage":"es","potentialAction":[{"@type":"ReadAction","target":["https:\/\/www.pressenza.com\/es\/2021\/02\/feminismos-que-humanizan-09-nancy-lopez\/"]}]},{"@type":"ImageObject","inLanguage":"es","@id":"https:\/\/www.pressenza.com\/es\/2021\/02\/feminismos-que-humanizan-09-nancy-lopez\/#primaryimage","url":"https:\/\/www.pressenza.com\/wp-content\/uploads\/2021\/02\/portada-FqH_09.png","contentUrl":"https:\/\/www.pressenza.com\/wp-content\/uploads\/2021\/02\/portada-FqH_09.png","width":750,"height":450,"caption":"#REHUNO"},{"@type":"BreadcrumbList","@id":"https:\/\/www.pressenza.com\/es\/2021\/02\/feminismos-que-humanizan-09-nancy-lopez\/#breadcrumb","itemListElement":[{"@type":"ListItem","position":1,"name":"Accueil","item":"https:\/\/www.pressenza.com\/es\/"},{"@type":"ListItem","position":2,"name":"Feminismos que Humanizan 09- Nancy L\u00f3pez"}]},{"@type":"WebSite","@id":"https:\/\/www.pressenza.com\/es\/#website","url":"https:\/\/www.pressenza.com\/es\/","name":"Pressenza","description":"International Press Agency","publisher":{"@id":"https:\/\/www.pressenza.com\/es\/#organization"},"potentialAction":[{"@type":"SearchAction","target":{"@type":"EntryPoint","urlTemplate":"https:\/\/www.pressenza.com\/es\/?s={search_term_string}"},"query-input":{"@type":"PropertyValueSpecification","valueRequired":true,"valueName":"search_term_string"}}],"inLanguage":"es"},{"@type":"Organization","@id":"https:\/\/www.pressenza.com\/es\/#organization","name":"Pressenza","url":"https:\/\/www.pressenza.com\/es\/","logo":{"@type":"ImageObject","inLanguage":"es","@id":"https:\/\/www.pressenza.com\/es\/#\/schema\/logo\/image\/","url":"https:\/\/www.pressenza.com\/wp-content\/uploads\/2022\/10\/pressenza_logo_200x200.jpg","contentUrl":"https:\/\/www.pressenza.com\/wp-content\/uploads\/2022\/10\/pressenza_logo_200x200.jpg","width":200,"height":200,"caption":"Pressenza"},"image":{"@id":"https:\/\/www.pressenza.com\/es\/#\/schema\/logo\/image\/"},"sameAs":["https:\/\/www.facebook.com\/PressenzaItalia","https:\/\/x.com\/PressenzaIPA"]},{"@type":"Person","@id":"https:\/\/www.pressenza.com\/es\/#\/schema\/person\/5162be2bf75419d7e91acfc2c50c3870","name":"REHUNO - Red Humanista de Noticias en Salud","description":"REHUNO is a group of volunteers from different countries, health professionals and\/or users of health services, who want to give voice to a \"humanizing view\" of health systems from a broad and comprehensive perspective. REHUNO wants to put into words and images the positive news that needs to be highlighted and the negative news that needs to be denounced and happening on a daily basis.http:\/\/rehunosalud.org\/","sameAs":["http:\/\/rehunosalud.org\/","https:\/\/www.facebook.com\/rehunosalud\/"],"url":"https:\/\/www.pressenza.com\/es\/author\/rehuno\/"}]}},"place":"Ciudad de M\u00e9xico, M\u00e9xico","original_article_url":"","_links":{"self":[{"href":"https:\/\/www.pressenza.com\/es\/wp-json\/wp\/v2\/posts\/1302912","targetHints":{"allow":["GET"]}}],"collection":[{"href":"https:\/\/www.pressenza.com\/es\/wp-json\/wp\/v2\/posts"}],"about":[{"href":"https:\/\/www.pressenza.com\/es\/wp-json\/wp\/v2\/types\/post"}],"author":[{"embeddable":true,"href":"https:\/\/www.pressenza.com\/es\/wp-json\/wp\/v2\/users\/1680"}],"replies":[{"embeddable":true,"href":"https:\/\/www.pressenza.com\/es\/wp-json\/wp\/v2\/comments?post=1302912"}],"version-history":[{"count":0,"href":"https:\/\/www.pressenza.com\/es\/wp-json\/wp\/v2\/posts\/1302912\/revisions"}],"wp:featuredmedia":[{"embeddable":true,"href":"https:\/\/www.pressenza.com\/es\/wp-json\/wp\/v2\/media\/1302913"}],"wp:attachment":[{"href":"https:\/\/www.pressenza.com\/es\/wp-json\/wp\/v2\/media?parent=1302912"}],"wp:term":[{"taxonomy":"category","embeddable":true,"href":"https:\/\/www.pressenza.com\/es\/wp-json\/wp\/v2\/categories?post=1302912"},{"taxonomy":"post_tag","embeddable":true,"href":"https:\/\/www.pressenza.com\/es\/wp-json\/wp\/v2\/tags?post=1302912"}],"curies":[{"name":"wp","href":"https:\/\/api.w.org\/{rel}","templated":true}]}}