{"id":1302560,"date":"2021-02-22T14:34:44","date_gmt":"2021-02-22T14:34:44","guid":{"rendered":"https:\/\/www.pressenza.com\/?p=1302560"},"modified":"2021-02-22T14:34:44","modified_gmt":"2021-02-22T14:34:44","slug":"las-nuevas-trampas-del-proceso-constituyente","status":"publish","type":"post","link":"https:\/\/www.pressenza.com\/es\/2021\/02\/las-nuevas-trampas-del-proceso-constituyente\/","title":{"rendered":"Las nuevas trampas del proceso constituyente"},"content":{"rendered":"<p>En estos d\u00edas se descubre en Chile una m\u00e1s de las m\u00faltiples trampas impuestas por la clase pol\u00edtica al proceso electoral que debiera elegir en abril pr\u00f3ximo a los integrantes de la Convenci\u00f3n Constituyente. Aunque en el plebiscito \u00faltimo qued\u00f3 de manifiesto que la enorme mayor\u00eda de los chilenos (casi un 80 por ciento) se opuso a la idea de que los encargados de redactar la nueva constituci\u00f3n fueran designados o pertenecieran al Poder Legislativo, los partidos pol\u00edticos hacen todo lo posible para que el pa\u00eds elija a sus propios postulantes en desmedro de la gran cantidad de independientes que, despu\u00e9s de muchas trabas administrativas, lograron inscribir sus nombres en la papeleta electoral.<\/p>\n<p>Aunque en verdad se trata de \u201cno militantes\u201d porque lo cierto es que se trata de personas con alto compromiso ideol\u00f3gico, en gran n\u00famero desafiliados de los partidos y que han mantenido un f\u00e9rreo compromiso con los cambios y la profundizaci\u00f3n de la democracia. Pero todo indica que el sistema electoral vigente conspira contra su posibilidad de resultar electos al impedirles que pudieran competir mediante sus propias organizaciones civiles. Esto es, en una o muy pocas listas unitarias y con los recursos necesarios para darse a conocer, tener acceso a los medios de comunicaci\u00f3n y recibir del Estado recursos para solventar su propaganda.<\/p>\n<p>Se calcula que al menos un 40 por ciento de los candidatos que no militan,y tampoco se sumaron de allegados a las listas partidarias, no van a tener acceso alguno a las franjas televisivas que la ley dispone para dar a conocer sus puntos de vista. Asimismo, los dem\u00e1s apenas podr\u00e1n tener uno o dos rid\u00edculos segundos de exposici\u00f3n en estos espacios en que los partidos se reparten la mayor parte del tiempo. La falta de equidad o discriminaci\u00f3n electoral en tal sentido se va a hacer flagrante y pondr\u00e1 una enorme sombra sobre la legitimidad de este proceso. Toda vez que hasta ahora el Gobierno y el Parlamento se resisten a corregir estos desprop\u00f3sitos contemplados por la Ley que ellos mismos aprobaron a fin de favorecerse.<\/p>\n<p>Es evidente que las c\u00fapulas partidarias no quieren arriesgarse de nuevo a que el electorado les demuestre su desd\u00e9n y lleguemos a una Constituyente en que en realidad sea la voz del pueblo la que modele nuestra futura institucionalidad. Es tan pat\u00e9tica la realidad de los partidos pol\u00edticos que buena parte de ellos ha integrado a sus n\u00f3minas a una buena cantidad de independientes que evidentemente les aportaran sufragios por su prestigio y trayectoria. Sin embargo, todo est\u00e1 configurado al interior de estas n\u00f3minas de tal manera que estas colectividades sumen votos que favorezcan sobre todo la elecci\u00f3n de sus propios militantes. De todas maneras existe un buen n\u00famero de candidatos sin partido que muy ingenuamente piensan en que podr\u00edan imponerse en los resultados de esta elecci\u00f3n. Cuesti\u00f3n que supondr\u00eda una enorme madurez c\u00edvica de los electores, como para desafiar esta falta de ecuanimidad y el bombardeo de la propaganda y las m\u00faltiples formas de cohecho que todav\u00eda interfieren en la transparencia de nuestros procesos electorales.<\/p>\n<p>Por otro lado, los que fueron severamente derrotados en el Plebiscito por la enorme mayor\u00eda que se pronunci\u00f3 a favor de reemplazar la Carta Fundamental hoy se solazan en la idea de que esta vez de un 20 pudiera elevarse al 35 o 40 por ciento el apoyo y el n\u00famero de constituyentes que elijan, con lo que de todas maneras alcanzar\u00edan m\u00e1s del tercio necesario para vetar cualquier disposici\u00f3n que apruebe por mayor\u00eda simple la Convenci\u00f3n Constituyente. Tema que habla de la principal trampa impuesta por quienes dise\u00f1aron el proceso en curso.<\/p>\n<p>La aritm\u00e9tica electoral augura que la derecha que estuvo por mantener la Constituci\u00f3n de Pinochet va a salir airosa de estos nuevos comicios, sumado al hecho que sus diversos referentes fueron capaces de arribar a una lista \u00fanica que les da mucho m\u00e1s posibilidades de imponerse ante el voto desperdigado de los que votaron \u201capruebo\u201d en el Plebiscito y que hoy compiten en m\u00e1s de 15 o 20 listas diferentes en todo el pa\u00eds.<\/p>\n<p>Todo dice, adem\u00e1s, que la cobertura medi\u00e1tica no tiene porqu\u00e9 hacerse cargo de difundir el proceso electoral con criterios de justicia e igualdad. Los medios de comunicaci\u00f3n, sabemos, tienen en las elecciones una buena oportunidad de financiarse con los recursos electorales de los partidos, sumado al hecho que los canales de televisi\u00f3n, las principales cadenas radiales y la prensa escrita carecen en Chile de diversidad informativa.<\/p>\n<p>Si sumamos a todo esto las consabidas cortapisas que se oponen a la consolidaci\u00f3n de un r\u00e9gimen democr\u00e1tico, y a la posibilidad de que las demandas de justicia social alguna vez sean satisfechas, lo que m\u00e1s arriesga es que la futura Convenci\u00f3n Constituyente sea realmente rodeada a las pocas horas y semanas como lo adelantaran algunos dirigentes comunistas. Cuando se aprecie la imposibilidad de avanzar en lo que la inmensa mayor\u00eda de los chilenos exigi\u00f3 con su Estallido Social. Pero esto parece inquietarle solo a los pocos analistas que no han sido afectados por la indolencia pol\u00edtica, los intereses creados o la misma pandemia que nos ha golpeado tan duramente, pero mantiene latente las demandas econ\u00f3micas y sociales de la poblaci\u00f3n. Y que en el caso de la Araucan\u00eda reconocen que ya nos encontramos en plena guerra civil.<\/p>\n","protected":false},"excerpt":{"rendered":"<p>En estos d\u00edas se descubre en Chile una m\u00e1s de las m\u00faltiples trampas impuestas por la clase pol\u00edtica al proceso electoral que debiera elegir en abril pr\u00f3ximo a los integrantes de la Convenci\u00f3n Constituyente. Aunque en el plebiscito \u00faltimo qued\u00f3&hellip;<\/p>\n","protected":false},"author":1739,"featured_media":1302632,"comment_status":"closed","ping_status":"closed","sticky":false,"template":"","format":"standard","meta":{"footnotes":""},"categories":[11389,161,74,67],"tags":[29,403,1344,85664],"class_list":["post-1302560","post","type-post","status-publish","format-standard","has-post-thumbnail","hentry","category-contenido-original","category-opiniones","category-politica-es","category-sudamerica","tag-chile","tag-elecciones","tag-plebiscito","tag-proceso-constituyente-chile"],"yoast_head":"<!-- This site is optimized with the Yoast SEO plugin v27.1.1 - https:\/\/yoast.com\/product\/yoast-seo-wordpress\/ -->\n<title>Las nuevas trampas del proceso constituyente<\/title>\n<meta name=\"description\" content=\"En estos d\u00edas se descubre en Chile una m\u00e1s de las m\u00faltiples trampas impuestas por la clase pol\u00edtica al proceso electoral que debiera elegir en abril\" \/>\n<meta name=\"robots\" content=\"index, follow, max-snippet:-1, max-image-preview:large, max-video-preview:-1\" \/>\n<link rel=\"canonical\" href=\"https:\/\/www.pressenza.com\/es\/2021\/02\/las-nuevas-trampas-del-proceso-constituyente\/\" \/>\n<meta property=\"og:locale\" content=\"es_ES\" \/>\n<meta property=\"og:type\" content=\"article\" \/>\n<meta property=\"og:title\" content=\"Las nuevas trampas del proceso constituyente\" \/>\n<meta property=\"og:description\" content=\"En estos d\u00edas se descubre en Chile una m\u00e1s de las m\u00faltiples trampas impuestas por la clase pol\u00edtica al proceso electoral que debiera elegir en abril\" \/>\n<meta property=\"og:url\" content=\"https:\/\/www.pressenza.com\/es\/2021\/02\/las-nuevas-trampas-del-proceso-constituyente\/\" \/>\n<meta property=\"og:site_name\" content=\"Pressenza\" \/>\n<meta property=\"article:publisher\" content=\"https:\/\/www.facebook.com\/PressenzaItalia\" \/>\n<meta property=\"article:published_time\" content=\"2021-02-22T14:34:44+00:00\" \/>\n<meta property=\"og:image\" content=\"https:\/\/www.pressenza.com\/wp-content\/uploads\/2021\/02\/bandera-grande.jpeg\" \/>\n\t<meta property=\"og:image:width\" content=\"1280\" \/>\n\t<meta property=\"og:image:height\" content=\"621\" \/>\n\t<meta property=\"og:image:type\" content=\"image\/jpeg\" \/>\n<meta name=\"author\" content=\"Juan Pablo C\u00e1rdenas\" \/>\n<meta name=\"twitter:card\" content=\"summary_large_image\" \/>\n<meta name=\"twitter:creator\" content=\"@PressenzaIPA\" \/>\n<meta name=\"twitter:site\" content=\"@PressenzaIPA\" \/>\n<meta name=\"twitter:label1\" content=\"Escrito por\" \/>\n\t<meta name=\"twitter:data1\" content=\"Juan Pablo C\u00e1rdenas\" \/>\n\t<meta name=\"twitter:label2\" content=\"Tiempo de lectura\" \/>\n\t<meta name=\"twitter:data2\" content=\"5 minutos\" \/>\n<script type=\"application\/ld+json\" class=\"yoast-schema-graph\">{\"@context\":\"https:\/\/schema.org\",\"@graph\":[{\"@type\":\"Article\",\"@id\":\"https:\/\/www.pressenza.com\/es\/2021\/02\/las-nuevas-trampas-del-proceso-constituyente\/#article\",\"isPartOf\":{\"@id\":\"https:\/\/www.pressenza.com\/es\/2021\/02\/las-nuevas-trampas-del-proceso-constituyente\/\"},\"author\":{\"name\":\"Juan Pablo C\u00e1rdenas\",\"@id\":\"https:\/\/www.pressenza.com\/es\/#\/schema\/person\/d72a7c8c014dcbfa2ef9e9976103ea0d\"},\"headline\":\"Las nuevas trampas del proceso constituyente\",\"datePublished\":\"2021-02-22T14:34:44+00:00\",\"mainEntityOfPage\":{\"@id\":\"https:\/\/www.pressenza.com\/es\/2021\/02\/las-nuevas-trampas-del-proceso-constituyente\/\"},\"wordCount\":944,\"publisher\":{\"@id\":\"https:\/\/www.pressenza.com\/es\/#organization\"},\"image\":{\"@id\":\"https:\/\/www.pressenza.com\/es\/2021\/02\/las-nuevas-trampas-del-proceso-constituyente\/#primaryimage\"},\"thumbnailUrl\":\"https:\/\/www.pressenza.com\/wp-content\/uploads\/2021\/02\/bandera-grande.jpeg\",\"keywords\":[\"Chile\",\"elecciones\",\"Plebiscito\",\"proceso constituyente Chile\"],\"articleSection\":[\"Contenido Original\",\"Opiniones\",\"Pol\u00edtica\",\"Sudam\u00e9rica\"],\"inLanguage\":\"es\"},{\"@type\":\"WebPage\",\"@id\":\"https:\/\/www.pressenza.com\/es\/2021\/02\/las-nuevas-trampas-del-proceso-constituyente\/\",\"url\":\"https:\/\/www.pressenza.com\/es\/2021\/02\/las-nuevas-trampas-del-proceso-constituyente\/\",\"name\":\"Las nuevas trampas del proceso constituyente\",\"isPartOf\":{\"@id\":\"https:\/\/www.pressenza.com\/es\/#website\"},\"primaryImageOfPage\":{\"@id\":\"https:\/\/www.pressenza.com\/es\/2021\/02\/las-nuevas-trampas-del-proceso-constituyente\/#primaryimage\"},\"image\":{\"@id\":\"https:\/\/www.pressenza.com\/es\/2021\/02\/las-nuevas-trampas-del-proceso-constituyente\/#primaryimage\"},\"thumbnailUrl\":\"https:\/\/www.pressenza.com\/wp-content\/uploads\/2021\/02\/bandera-grande.jpeg\",\"datePublished\":\"2021-02-22T14:34:44+00:00\",\"description\":\"En estos d\u00edas se descubre en Chile una m\u00e1s de las m\u00faltiples trampas impuestas por la clase pol\u00edtica al proceso electoral que debiera elegir en abril\",\"breadcrumb\":{\"@id\":\"https:\/\/www.pressenza.com\/es\/2021\/02\/las-nuevas-trampas-del-proceso-constituyente\/#breadcrumb\"},\"inLanguage\":\"es\",\"potentialAction\":[{\"@type\":\"ReadAction\",\"target\":[\"https:\/\/www.pressenza.com\/es\/2021\/02\/las-nuevas-trampas-del-proceso-constituyente\/\"]}]},{\"@type\":\"ImageObject\",\"inLanguage\":\"es\",\"@id\":\"https:\/\/www.pressenza.com\/es\/2021\/02\/las-nuevas-trampas-del-proceso-constituyente\/#primaryimage\",\"url\":\"https:\/\/www.pressenza.com\/wp-content\/uploads\/2021\/02\/bandera-grande.jpeg\",\"contentUrl\":\"https:\/\/www.pressenza.com\/wp-content\/uploads\/2021\/02\/bandera-grande.jpeg\",\"width\":1280,\"height\":621,\"caption\":\"Claudia Aranda\"},{\"@type\":\"BreadcrumbList\",\"@id\":\"https:\/\/www.pressenza.com\/es\/2021\/02\/las-nuevas-trampas-del-proceso-constituyente\/#breadcrumb\",\"itemListElement\":[{\"@type\":\"ListItem\",\"position\":1,\"name\":\"Accueil\",\"item\":\"https:\/\/www.pressenza.com\/es\/\"},{\"@type\":\"ListItem\",\"position\":2,\"name\":\"Las nuevas trampas del proceso constituyente\"}]},{\"@type\":\"WebSite\",\"@id\":\"https:\/\/www.pressenza.com\/es\/#website\",\"url\":\"https:\/\/www.pressenza.com\/es\/\",\"name\":\"Pressenza\",\"description\":\"International Press Agency\",\"publisher\":{\"@id\":\"https:\/\/www.pressenza.com\/es\/#organization\"},\"potentialAction\":[{\"@type\":\"SearchAction\",\"target\":{\"@type\":\"EntryPoint\",\"urlTemplate\":\"https:\/\/www.pressenza.com\/es\/?s={search_term_string}\"},\"query-input\":{\"@type\":\"PropertyValueSpecification\",\"valueRequired\":true,\"valueName\":\"search_term_string\"}}],\"inLanguage\":\"es\"},{\"@type\":\"Organization\",\"@id\":\"https:\/\/www.pressenza.com\/es\/#organization\",\"name\":\"Pressenza\",\"url\":\"https:\/\/www.pressenza.com\/es\/\",\"logo\":{\"@type\":\"ImageObject\",\"inLanguage\":\"es\",\"@id\":\"https:\/\/www.pressenza.com\/es\/#\/schema\/logo\/image\/\",\"url\":\"https:\/\/www.pressenza.com\/wp-content\/uploads\/2022\/10\/pressenza_logo_200x200.jpg\",\"contentUrl\":\"https:\/\/www.pressenza.com\/wp-content\/uploads\/2022\/10\/pressenza_logo_200x200.jpg\",\"width\":200,\"height\":200,\"caption\":\"Pressenza\"},\"image\":{\"@id\":\"https:\/\/www.pressenza.com\/es\/#\/schema\/logo\/image\/\"},\"sameAs\":[\"https:\/\/www.facebook.com\/PressenzaItalia\",\"https:\/\/x.com\/PressenzaIPA\"]},{\"@type\":\"Person\",\"@id\":\"https:\/\/www.pressenza.com\/es\/#\/schema\/person\/d72a7c8c014dcbfa2ef9e9976103ea0d\",\"name\":\"Juan Pablo C\u00e1rdenas\",\"description\":\"Juan Pablo C\u00e1rdenas Squella es un periodista y profesor universitario de vasta trayectoria. En el 2005 recibi\u00f3 en premio nacional de Periodismo y, antes, la Pluma de Oro de la Libertad, otorgada por la Federaci\u00f3n Mundial de la Prensa. Tambi\u00e9n obtuvo el Premio Latinoamericano de Periodismo, la Houten Camara de Holanda (1989) entre otras m\u00faltiples distinciones nacionales y extranjeras. Forma parte de los sesenta periodistas del mundo considerados H\u00e9roes de la Libertad de Expresi\u00f3n, reconocimiento hecho por la Federaci\u00f3n Internacional de Periodistas. Ha sido director y columnista de las revistas Debate Universitario, An\u00e1lisis y Los Tiempos, as\u00ed como del diario electr\u00f3nico primeral\u00ednea.cl. Tambi\u00e9n fue por m\u00e1s 18 a\u00f1os director de la Radio Universidad de Chile y de su diario digital. Se ha desempe\u00f1ado como profesor de varias escuelas de periodismo de Santiago y Valpara\u00edso y en la Universidad de Chile alcanz\u00f3 el grado de profesor titular y senador universitario.\",\"url\":\"https:\/\/www.pressenza.com\/es\/author\/juan-pablo-cardenas\/\"}]}<\/script>\n<!-- \/ Yoast SEO plugin. -->","yoast_head_json":{"title":"Las nuevas trampas del proceso constituyente","description":"En estos d\u00edas se descubre en Chile una m\u00e1s de las m\u00faltiples trampas impuestas por la clase pol\u00edtica al proceso electoral que debiera elegir en abril","robots":{"index":"index","follow":"follow","max-snippet":"max-snippet:-1","max-image-preview":"max-image-preview:large","max-video-preview":"max-video-preview:-1"},"canonical":"https:\/\/www.pressenza.com\/es\/2021\/02\/las-nuevas-trampas-del-proceso-constituyente\/","og_locale":"es_ES","og_type":"article","og_title":"Las nuevas trampas del proceso constituyente","og_description":"En estos d\u00edas se descubre en Chile una m\u00e1s de las m\u00faltiples trampas impuestas por la clase pol\u00edtica al proceso electoral que debiera elegir en abril","og_url":"https:\/\/www.pressenza.com\/es\/2021\/02\/las-nuevas-trampas-del-proceso-constituyente\/","og_site_name":"Pressenza","article_publisher":"https:\/\/www.facebook.com\/PressenzaItalia","article_published_time":"2021-02-22T14:34:44+00:00","og_image":[{"width":1280,"height":621,"url":"https:\/\/www.pressenza.com\/wp-content\/uploads\/2021\/02\/bandera-grande.jpeg","type":"image\/jpeg"}],"author":"Juan Pablo C\u00e1rdenas","twitter_card":"summary_large_image","twitter_creator":"@PressenzaIPA","twitter_site":"@PressenzaIPA","twitter_misc":{"Escrito por":"Juan Pablo C\u00e1rdenas","Tiempo de lectura":"5 minutos"},"schema":{"@context":"https:\/\/schema.org","@graph":[{"@type":"Article","@id":"https:\/\/www.pressenza.com\/es\/2021\/02\/las-nuevas-trampas-del-proceso-constituyente\/#article","isPartOf":{"@id":"https:\/\/www.pressenza.com\/es\/2021\/02\/las-nuevas-trampas-del-proceso-constituyente\/"},"author":{"name":"Juan Pablo C\u00e1rdenas","@id":"https:\/\/www.pressenza.com\/es\/#\/schema\/person\/d72a7c8c014dcbfa2ef9e9976103ea0d"},"headline":"Las nuevas trampas del proceso constituyente","datePublished":"2021-02-22T14:34:44+00:00","mainEntityOfPage":{"@id":"https:\/\/www.pressenza.com\/es\/2021\/02\/las-nuevas-trampas-del-proceso-constituyente\/"},"wordCount":944,"publisher":{"@id":"https:\/\/www.pressenza.com\/es\/#organization"},"image":{"@id":"https:\/\/www.pressenza.com\/es\/2021\/02\/las-nuevas-trampas-del-proceso-constituyente\/#primaryimage"},"thumbnailUrl":"https:\/\/www.pressenza.com\/wp-content\/uploads\/2021\/02\/bandera-grande.jpeg","keywords":["Chile","elecciones","Plebiscito","proceso constituyente Chile"],"articleSection":["Contenido Original","Opiniones","Pol\u00edtica","Sudam\u00e9rica"],"inLanguage":"es"},{"@type":"WebPage","@id":"https:\/\/www.pressenza.com\/es\/2021\/02\/las-nuevas-trampas-del-proceso-constituyente\/","url":"https:\/\/www.pressenza.com\/es\/2021\/02\/las-nuevas-trampas-del-proceso-constituyente\/","name":"Las nuevas trampas del proceso constituyente","isPartOf":{"@id":"https:\/\/www.pressenza.com\/es\/#website"},"primaryImageOfPage":{"@id":"https:\/\/www.pressenza.com\/es\/2021\/02\/las-nuevas-trampas-del-proceso-constituyente\/#primaryimage"},"image":{"@id":"https:\/\/www.pressenza.com\/es\/2021\/02\/las-nuevas-trampas-del-proceso-constituyente\/#primaryimage"},"thumbnailUrl":"https:\/\/www.pressenza.com\/wp-content\/uploads\/2021\/02\/bandera-grande.jpeg","datePublished":"2021-02-22T14:34:44+00:00","description":"En estos d\u00edas se descubre en Chile una m\u00e1s de las m\u00faltiples trampas impuestas por la clase pol\u00edtica al proceso electoral que debiera elegir en abril","breadcrumb":{"@id":"https:\/\/www.pressenza.com\/es\/2021\/02\/las-nuevas-trampas-del-proceso-constituyente\/#breadcrumb"},"inLanguage":"es","potentialAction":[{"@type":"ReadAction","target":["https:\/\/www.pressenza.com\/es\/2021\/02\/las-nuevas-trampas-del-proceso-constituyente\/"]}]},{"@type":"ImageObject","inLanguage":"es","@id":"https:\/\/www.pressenza.com\/es\/2021\/02\/las-nuevas-trampas-del-proceso-constituyente\/#primaryimage","url":"https:\/\/www.pressenza.com\/wp-content\/uploads\/2021\/02\/bandera-grande.jpeg","contentUrl":"https:\/\/www.pressenza.com\/wp-content\/uploads\/2021\/02\/bandera-grande.jpeg","width":1280,"height":621,"caption":"Claudia Aranda"},{"@type":"BreadcrumbList","@id":"https:\/\/www.pressenza.com\/es\/2021\/02\/las-nuevas-trampas-del-proceso-constituyente\/#breadcrumb","itemListElement":[{"@type":"ListItem","position":1,"name":"Accueil","item":"https:\/\/www.pressenza.com\/es\/"},{"@type":"ListItem","position":2,"name":"Las nuevas trampas del proceso constituyente"}]},{"@type":"WebSite","@id":"https:\/\/www.pressenza.com\/es\/#website","url":"https:\/\/www.pressenza.com\/es\/","name":"Pressenza","description":"International Press Agency","publisher":{"@id":"https:\/\/www.pressenza.com\/es\/#organization"},"potentialAction":[{"@type":"SearchAction","target":{"@type":"EntryPoint","urlTemplate":"https:\/\/www.pressenza.com\/es\/?s={search_term_string}"},"query-input":{"@type":"PropertyValueSpecification","valueRequired":true,"valueName":"search_term_string"}}],"inLanguage":"es"},{"@type":"Organization","@id":"https:\/\/www.pressenza.com\/es\/#organization","name":"Pressenza","url":"https:\/\/www.pressenza.com\/es\/","logo":{"@type":"ImageObject","inLanguage":"es","@id":"https:\/\/www.pressenza.com\/es\/#\/schema\/logo\/image\/","url":"https:\/\/www.pressenza.com\/wp-content\/uploads\/2022\/10\/pressenza_logo_200x200.jpg","contentUrl":"https:\/\/www.pressenza.com\/wp-content\/uploads\/2022\/10\/pressenza_logo_200x200.jpg","width":200,"height":200,"caption":"Pressenza"},"image":{"@id":"https:\/\/www.pressenza.com\/es\/#\/schema\/logo\/image\/"},"sameAs":["https:\/\/www.facebook.com\/PressenzaItalia","https:\/\/x.com\/PressenzaIPA"]},{"@type":"Person","@id":"https:\/\/www.pressenza.com\/es\/#\/schema\/person\/d72a7c8c014dcbfa2ef9e9976103ea0d","name":"Juan Pablo C\u00e1rdenas","description":"Juan Pablo C\u00e1rdenas Squella es un periodista y profesor universitario de vasta trayectoria. En el 2005 recibi\u00f3 en premio nacional de Periodismo y, antes, la Pluma de Oro de la Libertad, otorgada por la Federaci\u00f3n Mundial de la Prensa. Tambi\u00e9n obtuvo el Premio Latinoamericano de Periodismo, la Houten Camara de Holanda (1989) entre otras m\u00faltiples distinciones nacionales y extranjeras. Forma parte de los sesenta periodistas del mundo considerados H\u00e9roes de la Libertad de Expresi\u00f3n, reconocimiento hecho por la Federaci\u00f3n Internacional de Periodistas. Ha sido director y columnista de las revistas Debate Universitario, An\u00e1lisis y Los Tiempos, as\u00ed como del diario electr\u00f3nico primeral\u00ednea.cl. Tambi\u00e9n fue por m\u00e1s 18 a\u00f1os director de la Radio Universidad de Chile y de su diario digital. Se ha desempe\u00f1ado como profesor de varias escuelas de periodismo de Santiago y Valpara\u00edso y en la Universidad de Chile alcanz\u00f3 el grado de profesor titular y senador universitario.","url":"https:\/\/www.pressenza.com\/es\/author\/juan-pablo-cardenas\/"}]}},"place":"Santiago de Chile","original_article_url":"","_links":{"self":[{"href":"https:\/\/www.pressenza.com\/es\/wp-json\/wp\/v2\/posts\/1302560","targetHints":{"allow":["GET"]}}],"collection":[{"href":"https:\/\/www.pressenza.com\/es\/wp-json\/wp\/v2\/posts"}],"about":[{"href":"https:\/\/www.pressenza.com\/es\/wp-json\/wp\/v2\/types\/post"}],"author":[{"embeddable":true,"href":"https:\/\/www.pressenza.com\/es\/wp-json\/wp\/v2\/users\/1739"}],"replies":[{"embeddable":true,"href":"https:\/\/www.pressenza.com\/es\/wp-json\/wp\/v2\/comments?post=1302560"}],"version-history":[{"count":0,"href":"https:\/\/www.pressenza.com\/es\/wp-json\/wp\/v2\/posts\/1302560\/revisions"}],"wp:featuredmedia":[{"embeddable":true,"href":"https:\/\/www.pressenza.com\/es\/wp-json\/wp\/v2\/media\/1302632"}],"wp:attachment":[{"href":"https:\/\/www.pressenza.com\/es\/wp-json\/wp\/v2\/media?parent=1302560"}],"wp:term":[{"taxonomy":"category","embeddable":true,"href":"https:\/\/www.pressenza.com\/es\/wp-json\/wp\/v2\/categories?post=1302560"},{"taxonomy":"post_tag","embeddable":true,"href":"https:\/\/www.pressenza.com\/es\/wp-json\/wp\/v2\/tags?post=1302560"}],"curies":[{"name":"wp","href":"https:\/\/api.w.org\/{rel}","templated":true}]}}