{"id":1302233,"date":"2021-02-21T18:51:26","date_gmt":"2021-02-21T18:51:26","guid":{"rendered":"https:\/\/www.pressenza.com\/?p=1302233"},"modified":"2021-02-21T18:55:22","modified_gmt":"2021-02-21T18:55:22","slug":"no-cesa-la-violencia-en-colombia","status":"publish","type":"post","link":"https:\/\/www.pressenza.com\/es\/2021\/02\/no-cesa-la-violencia-en-colombia\/","title":{"rendered":"No cesa la violencia en Colombia"},"content":{"rendered":"<p><strong>Por: Stephan\u00eda Aldana Cabas<\/strong><\/p>\n<p><i><span style=\"font-weight: 400;\">Los asesinatos y las masacres en el pa\u00eds no cesan, entre el 8 y el 18 de febrero de 2021 dos l\u00edderes sociales y dos excombatientes de las Farc fueron asesinados, adem\u00e1s de una masacre que dej\u00f3 cinco v\u00edctimas; las cifras demuestran el incremento indiscriminado de la violencia en el pa\u00eds.<\/span><\/i><\/p>\n<p><span style=\"font-weight: 400;\">El asesinato de l\u00edderes sociales, reinsertados y la poblaci\u00f3n civil campesina se ha convertido en un hecho recurrente, sin que lleguen las medidas adecuadas para su protecci\u00f3n. As\u00ed lo evidenci\u00f3 el octavo informe de verificaci\u00f3n de la Implementaci\u00f3n del Acuerdo de Paz publicado esta semana por el CINEP y el CERAC. Adem\u00e1s, organizaciones como Indepaz, indican que en lo corrido del a\u00f1o han sido asesinadas 44 personas, v\u00edctimas de 12 masacres.<\/span><\/p>\n<p><span style=\"font-weight: 400;\">Los departamentos donde se presentan la mayor\u00eda de casos de asesinatos son: Antioquia, con cuatro masacres; Cauca con tres; Nari\u00f1o y Valle del Cauca con dos cada uno y,\u00a0 en\u00a0 Caquet\u00e1, que se ha present\u00f3 un caso. En estos hechos est\u00e1n involucrados actores armados que todav\u00eda no han sido identificados plenamente por las autoridades.<\/span><\/p>\n<p><span style=\"font-weight: 400;\">Ver: <\/span><a href=\"https:\/\/www.pressenza.com\/es\/2021\/02\/colombia-retrasos-en-implementacion-del-acuerdo-de-paz\/\"><span style=\"font-weight: 400;\">Retrasos en la implementaci\u00f3n del Acuerdo de Paz<\/span><\/a><\/p>\n<p><b>F\u00fatbol contra el reclutamiento forzado<\/b><\/p>\n<p><span style=\"font-weight: 400;\">Yecid Andr\u00e9s Bola\u00f1o Morelo, un joven de 27 a\u00f1os de edad, era reconocido dentro de su comunidad como un l\u00edder c\u00edvico por el trabajo que realizaba en su programa \u201cF\u00fatbol con coraz\u00f3n\u201d, con el cual buscaba prevenir el reclutamiento forzado de j\u00f3venes, empoderar a las comunidades y generar procesos de liderazgo juvenil.<\/span><\/p>\n<p><span style=\"font-weight: 400;\">El barranquillero quien depart\u00eda con sus compa\u00f1eros el domingo 7 de febrero, recibi\u00f3 un impacto de bala por resistirse a un presunto robo de una motocicleta. Despu\u00e9s de ser trasladdo al Centro Universitario el Camino Adelita de Char, falleci\u00f3\u00a0 el lunes 8 de febrero de 2021.<\/span><\/p>\n<p><b>Guardia Ind\u00edgena<\/b><\/p>\n<p><span style=\"font-weight: 400;\">En el municipio de C\u00e1ceres, Bajo Cauca antioque\u00f1o, fue asesinado Orlando Manuel Chim\u00e1,\u00a0 <\/span><span style=\"font-weight: 400;\">un joven de 22 a\u00f1os perteneciente al resguardo ind\u00edgena Los Almendros. Chim\u00e1 estaba en proceso de ser parte de la Guardia Ind\u00edgena.<\/span><\/p>\n<p><span style=\"font-weight: 400;\">El hecho ocurri\u00f3 durante un enfrentamiento entre tropas de Ej\u00e9rcito Nacional e integrantes de la organizaci\u00f3n delincuencial \u201cLos Caparros\u201d, cuando uno de los disparos impact\u00f3 al joven que se resguardaba en una de las viviendas cercanas donde se efect\u00fao la confrontaci\u00f3n armada. Este hecho fue denunciado por la ONG Proceso Social de Garant\u00edas, quien tambi\u00e9n indic\u00f3 que, \u201cal parecer la fuerza p\u00fablica intent\u00f3 hacerlo pasar como un guerrillero muerto en combate\u201d, lo que ha sido conocido como un \u201cfalso positivo\u201d.<\/span><\/p>\n<p><span style=\"font-weight: 400;\">En la actualidad, el asesianto est\u00e1 en proceso de investigaci\u00f3n y se busca esclarecer los hechos que rodearon la muerte del joven.<\/span><\/p>\n<p><b>Proceso de reincorporaci\u00f3n<\/b><\/p>\n<p><span style=\"font-weight: 400;\">El Partido Comunes denunci\u00f3 que el excombatiente de las FARC, Antonio Ricaurte Solarte, de 43 a\u00f1os, quien estaba en proceso de reincorporaci\u00f3n, fue asesinado el pasado 9 de febrero de 2021 en el municipio La Pradera, departamento del Putumayo.\u00a0<\/span><\/p>\n<p><span style=\"font-weight: 400;\">De acuerdo con informaci\u00f3n entregada por el Instituto para el Desarrollo y la Paz (Indepaz), Ricaurte Solarte fue asesinado por un grupo armado que le dispar\u00f3 en el corregimiento de El Plateado, municipio de Argelia, momento en el que depart\u00eda con algunos conocidos.\u00a0<\/span><\/p>\n<p><b>Amenazas y desplazamiento forzado\u00a0<\/b><\/p>\n<p><span style=\"font-weight: 400;\">Leonel Antonio Restrepo Arenas de 23 a\u00f1os, exguerrillero del frente 34 de las FARC, fue asesinado el pasado 14 de febrero de 2021. El joven estaba en proceso de reincorporaci\u00f3n,\u00a0 en el corregimiento La Blanquita, municipio de Frontino, Antioquia.\u00a0<\/span><\/p>\n<p><span style=\"font-weight: 400;\">El asesinato de Restrepo Arenas se produjo cuando \u00e9l y un amigo, Alexander Mej\u00eda fueron interceptados por hombres armados, cuando transitaban por el municipio de Ca\u00f1asgordas. En ese momento los hombres les dispararon y Restrepo muri\u00f3 por uno de los impactos; mientras que Mej\u00eda fue trasladado al centro de salud, pero no sobrevivi\u00f3.<\/span><\/p>\n<p><span style=\"font-weight: 400;\">No obstante, el Partido Comunes dio a conocer que \u201cel joven Restrepo hab\u00eda sido amenazado d\u00edas antes, por ello se vio obligado a dejar la vereda donde est\u00e1 ubicada la nueva \u00e1rea de reincorporaci\u00f3n\u201d.\u00a0<\/span><\/p>\n<p><span style=\"font-weight: 400;\">Con el asesinato de Leonel Antonio Restrepo Arenas, son nueve los excombatientes asesinados por grupos armados en 2021, seg\u00fan cifras de Indepaz, que tambi\u00e9n registra 258 firmantes del Acuerdo de Paz asesinados desde el a\u00f1o 2016.<\/span><\/p>\n<p><b>Territorio en medio de disputas<\/b><\/p>\n<p><span style=\"font-weight: 400;\">Una masacre en el municipio de Andes, departamento de Antioquia, dej\u00f3 cinco personas muertas. Seg\u00fan la informaci\u00f3n preliminar entregada por las autoridades, el pasado mi\u00e9rcoles 17 de febrero de 2021 a las 3 a.m, hombres armados llegaron a una finca cafetera de la vereda La Vela, Suroeste antioque\u00f1o y dispararon contra los habitantes que estaban en una de las habitaciones del lugar.<\/span><\/p>\n<p><span style=\"font-weight: 400;\">El \u00fanico sobreviviente de la masacre es atendido desde el mi\u00e9rcoles en un centro m\u00e9dico de la zona y, se espera que \u201cayude a esclarecer los hechos, dado que en el municipio las organizaciones criminales y los grupos ilegales libran una guerra por el control del microtr\u00e1fico en la regi\u00f3n y en las fincas cafeteras\u201d, indic\u00f3 la Polic\u00eda Nacional.\u00a0<\/span><\/p>\n","protected":false},"excerpt":{"rendered":"<p>Por: Stephan\u00eda Aldana Cabas Los asesinatos y las masacres en el pa\u00eds no cesan, entre el 8 y el 18 de febrero de 2021 dos l\u00edderes sociales y dos excombatientes de las Farc fueron asesinados, adem\u00e1s de una masacre que&hellip;<\/p>\n","protected":false},"author":1053,"featured_media":1302238,"comment_status":"closed","ping_status":"closed","sticky":false,"template":"","format":"standard","meta":{"footnotes":""},"categories":[11389,79,67],"tags":[85318,30,83082,6618,66279],"class_list":["post-1302233","post","type-post","status-publish","format-standard","has-post-thumbnail","hentry","category-contenido-original","category-derechos-humanos","category-sudamerica","tag-asesinados","tag-colombia","tag-excombatientes","tag-farc-es","tag-lideres"],"yoast_head":"<!-- This site is optimized with the Yoast SEO plugin v27.1.1 - https:\/\/yoast.com\/product\/yoast-seo-wordpress\/ -->\n<title>No cesa la violencia en Colombia<\/title>\n<meta name=\"description\" content=\"Los asesinatos y las masacres en el pa\u00eds no cesan, entre el 8 y el 18 de febrero de 2021 dos l\u00edderes sociales y dos excombatientes de las Farc fueron asesinados, adem\u00e1s de una masacre que dej\u00f3 cinco v\u00edctimas; las cifras demuestran el incremento indiscriminado de la violencia en el pa\u00eds\" \/>\n<meta name=\"robots\" content=\"index, follow, max-snippet:-1, max-image-preview:large, max-video-preview:-1\" \/>\n<link rel=\"canonical\" href=\"https:\/\/www.pressenza.com\/es\/2021\/02\/no-cesa-la-violencia-en-colombia\/\" \/>\n<meta property=\"og:locale\" content=\"es_ES\" \/>\n<meta property=\"og:type\" content=\"article\" \/>\n<meta property=\"og:title\" content=\"No cesa la violencia en Colombia\" \/>\n<meta property=\"og:description\" content=\"Los asesinatos y las masacres en el pa\u00eds no cesan, entre el 8 y el 18 de febrero de 2021 dos l\u00edderes sociales y dos excombatientes de las Farc fueron asesinados, adem\u00e1s de una masacre que dej\u00f3 cinco v\u00edctimas; las cifras demuestran el incremento indiscriminado de la violencia en el pa\u00eds\" \/>\n<meta property=\"og:url\" content=\"https:\/\/www.pressenza.com\/es\/2021\/02\/no-cesa-la-violencia-en-colombia\/\" \/>\n<meta property=\"og:site_name\" content=\"Pressenza\" \/>\n<meta property=\"article:publisher\" content=\"https:\/\/www.facebook.com\/PressenzaItalia\" \/>\n<meta property=\"article:published_time\" content=\"2021-02-21T18:51:26+00:00\" \/>\n<meta property=\"article:modified_time\" content=\"2021-02-21T18:55:22+00:00\" \/>\n<meta property=\"og:image\" content=\"https:\/\/www.pressenza.com\/wp-content\/uploads\/2021\/02\/nota-19-02-2021.jpg\" \/>\n\t<meta property=\"og:image:width\" content=\"800\" \/>\n\t<meta property=\"og:image:height\" content=\"600\" \/>\n\t<meta property=\"og:image:type\" content=\"image\/jpeg\" \/>\n<meta name=\"author\" content=\"Redacci\u00f3n Colombia\" \/>\n<meta name=\"twitter:card\" content=\"summary_large_image\" \/>\n<meta name=\"twitter:creator\" content=\"@PressenzaIPA\" \/>\n<meta name=\"twitter:site\" content=\"@PressenzaIPA\" \/>\n<meta name=\"twitter:label1\" content=\"Escrito por\" \/>\n\t<meta name=\"twitter:data1\" content=\"Redacci\u00f3n Colombia\" \/>\n\t<meta name=\"twitter:label2\" content=\"Tiempo de lectura\" \/>\n\t<meta name=\"twitter:data2\" content=\"4 minutos\" \/>\n<script type=\"application\/ld+json\" class=\"yoast-schema-graph\">{\"@context\":\"https:\/\/schema.org\",\"@graph\":[{\"@type\":\"Article\",\"@id\":\"https:\/\/www.pressenza.com\/es\/2021\/02\/no-cesa-la-violencia-en-colombia\/#article\",\"isPartOf\":{\"@id\":\"https:\/\/www.pressenza.com\/es\/2021\/02\/no-cesa-la-violencia-en-colombia\/\"},\"author\":{\"name\":\"Redacci\u00f3n Colombia\",\"@id\":\"https:\/\/www.pressenza.com\/es\/#\/schema\/person\/7c8ee170a4502d638436c91e385315f2\"},\"headline\":\"No cesa la violencia en Colombia\",\"datePublished\":\"2021-02-21T18:51:26+00:00\",\"dateModified\":\"2021-02-21T18:55:22+00:00\",\"mainEntityOfPage\":{\"@id\":\"https:\/\/www.pressenza.com\/es\/2021\/02\/no-cesa-la-violencia-en-colombia\/\"},\"wordCount\":862,\"publisher\":{\"@id\":\"https:\/\/www.pressenza.com\/es\/#organization\"},\"image\":{\"@id\":\"https:\/\/www.pressenza.com\/es\/2021\/02\/no-cesa-la-violencia-en-colombia\/#primaryimage\"},\"thumbnailUrl\":\"https:\/\/www.pressenza.com\/wp-content\/uploads\/2021\/02\/nota-19-02-2021.jpg\",\"keywords\":[\"Asesinados\",\"Colombia\",\"Excombatientes\",\"FARC\",\"l\u00edderes\"],\"articleSection\":[\"Contenido Original\",\"Derechos Humanos\",\"Sudam\u00e9rica\"],\"inLanguage\":\"es\"},{\"@type\":\"WebPage\",\"@id\":\"https:\/\/www.pressenza.com\/es\/2021\/02\/no-cesa-la-violencia-en-colombia\/\",\"url\":\"https:\/\/www.pressenza.com\/es\/2021\/02\/no-cesa-la-violencia-en-colombia\/\",\"name\":\"No cesa la violencia en Colombia\",\"isPartOf\":{\"@id\":\"https:\/\/www.pressenza.com\/es\/#website\"},\"primaryImageOfPage\":{\"@id\":\"https:\/\/www.pressenza.com\/es\/2021\/02\/no-cesa-la-violencia-en-colombia\/#primaryimage\"},\"image\":{\"@id\":\"https:\/\/www.pressenza.com\/es\/2021\/02\/no-cesa-la-violencia-en-colombia\/#primaryimage\"},\"thumbnailUrl\":\"https:\/\/www.pressenza.com\/wp-content\/uploads\/2021\/02\/nota-19-02-2021.jpg\",\"datePublished\":\"2021-02-21T18:51:26+00:00\",\"dateModified\":\"2021-02-21T18:55:22+00:00\",\"description\":\"Los asesinatos y las masacres en el pa\u00eds no cesan, entre el 8 y el 18 de febrero de 2021 dos l\u00edderes sociales y dos excombatientes de las Farc fueron asesinados, adem\u00e1s de una masacre que dej\u00f3 cinco v\u00edctimas; las cifras demuestran el incremento indiscriminado de la violencia en el pa\u00eds\",\"breadcrumb\":{\"@id\":\"https:\/\/www.pressenza.com\/es\/2021\/02\/no-cesa-la-violencia-en-colombia\/#breadcrumb\"},\"inLanguage\":\"es\",\"potentialAction\":[{\"@type\":\"ReadAction\",\"target\":[\"https:\/\/www.pressenza.com\/es\/2021\/02\/no-cesa-la-violencia-en-colombia\/\"]}]},{\"@type\":\"ImageObject\",\"inLanguage\":\"es\",\"@id\":\"https:\/\/www.pressenza.com\/es\/2021\/02\/no-cesa-la-violencia-en-colombia\/#primaryimage\",\"url\":\"https:\/\/www.pressenza.com\/wp-content\/uploads\/2021\/02\/nota-19-02-2021.jpg\",\"contentUrl\":\"https:\/\/www.pressenza.com\/wp-content\/uploads\/2021\/02\/nota-19-02-2021.jpg\",\"width\":800,\"height\":600,\"caption\":\"No cesa la violencia en Colombia\"},{\"@type\":\"BreadcrumbList\",\"@id\":\"https:\/\/www.pressenza.com\/es\/2021\/02\/no-cesa-la-violencia-en-colombia\/#breadcrumb\",\"itemListElement\":[{\"@type\":\"ListItem\",\"position\":1,\"name\":\"Accueil\",\"item\":\"https:\/\/www.pressenza.com\/es\/\"},{\"@type\":\"ListItem\",\"position\":2,\"name\":\"No cesa la violencia en Colombia\"}]},{\"@type\":\"WebSite\",\"@id\":\"https:\/\/www.pressenza.com\/es\/#website\",\"url\":\"https:\/\/www.pressenza.com\/es\/\",\"name\":\"Pressenza\",\"description\":\"International Press Agency\",\"publisher\":{\"@id\":\"https:\/\/www.pressenza.com\/es\/#organization\"},\"potentialAction\":[{\"@type\":\"SearchAction\",\"target\":{\"@type\":\"EntryPoint\",\"urlTemplate\":\"https:\/\/www.pressenza.com\/es\/?s={search_term_string}\"},\"query-input\":{\"@type\":\"PropertyValueSpecification\",\"valueRequired\":true,\"valueName\":\"search_term_string\"}}],\"inLanguage\":\"es\"},{\"@type\":\"Organization\",\"@id\":\"https:\/\/www.pressenza.com\/es\/#organization\",\"name\":\"Pressenza\",\"url\":\"https:\/\/www.pressenza.com\/es\/\",\"logo\":{\"@type\":\"ImageObject\",\"inLanguage\":\"es\",\"@id\":\"https:\/\/www.pressenza.com\/es\/#\/schema\/logo\/image\/\",\"url\":\"https:\/\/www.pressenza.com\/wp-content\/uploads\/2022\/10\/pressenza_logo_200x200.jpg\",\"contentUrl\":\"https:\/\/www.pressenza.com\/wp-content\/uploads\/2022\/10\/pressenza_logo_200x200.jpg\",\"width\":200,\"height\":200,\"caption\":\"Pressenza\"},\"image\":{\"@id\":\"https:\/\/www.pressenza.com\/es\/#\/schema\/logo\/image\/\"},\"sameAs\":[\"https:\/\/www.facebook.com\/PressenzaItalia\",\"https:\/\/x.com\/PressenzaIPA\"]},{\"@type\":\"Person\",\"@id\":\"https:\/\/www.pressenza.com\/es\/#\/schema\/person\/7c8ee170a4502d638436c91e385315f2\",\"name\":\"Redacci\u00f3n Colombia\",\"description\":\"News published by the Pressenza bureau in Colombia\",\"url\":\"https:\/\/www.pressenza.com\/es\/author\/redaccion-colombia\/\"}]}<\/script>\n<!-- \/ Yoast SEO plugin. -->","yoast_head_json":{"title":"No cesa la violencia en Colombia","description":"Los asesinatos y las masacres en el pa\u00eds no cesan, entre el 8 y el 18 de febrero de 2021 dos l\u00edderes sociales y dos excombatientes de las Farc fueron asesinados, adem\u00e1s de una masacre que dej\u00f3 cinco v\u00edctimas; las cifras demuestran el incremento indiscriminado de la violencia en el pa\u00eds","robots":{"index":"index","follow":"follow","max-snippet":"max-snippet:-1","max-image-preview":"max-image-preview:large","max-video-preview":"max-video-preview:-1"},"canonical":"https:\/\/www.pressenza.com\/es\/2021\/02\/no-cesa-la-violencia-en-colombia\/","og_locale":"es_ES","og_type":"article","og_title":"No cesa la violencia en Colombia","og_description":"Los asesinatos y las masacres en el pa\u00eds no cesan, entre el 8 y el 18 de febrero de 2021 dos l\u00edderes sociales y dos excombatientes de las Farc fueron asesinados, adem\u00e1s de una masacre que dej\u00f3 cinco v\u00edctimas; las cifras demuestran el incremento indiscriminado de la violencia en el pa\u00eds","og_url":"https:\/\/www.pressenza.com\/es\/2021\/02\/no-cesa-la-violencia-en-colombia\/","og_site_name":"Pressenza","article_publisher":"https:\/\/www.facebook.com\/PressenzaItalia","article_published_time":"2021-02-21T18:51:26+00:00","article_modified_time":"2021-02-21T18:55:22+00:00","og_image":[{"width":800,"height":600,"url":"https:\/\/www.pressenza.com\/wp-content\/uploads\/2021\/02\/nota-19-02-2021.jpg","type":"image\/jpeg"}],"author":"Redacci\u00f3n Colombia","twitter_card":"summary_large_image","twitter_creator":"@PressenzaIPA","twitter_site":"@PressenzaIPA","twitter_misc":{"Escrito por":"Redacci\u00f3n Colombia","Tiempo de lectura":"4 minutos"},"schema":{"@context":"https:\/\/schema.org","@graph":[{"@type":"Article","@id":"https:\/\/www.pressenza.com\/es\/2021\/02\/no-cesa-la-violencia-en-colombia\/#article","isPartOf":{"@id":"https:\/\/www.pressenza.com\/es\/2021\/02\/no-cesa-la-violencia-en-colombia\/"},"author":{"name":"Redacci\u00f3n Colombia","@id":"https:\/\/www.pressenza.com\/es\/#\/schema\/person\/7c8ee170a4502d638436c91e385315f2"},"headline":"No cesa la violencia en Colombia","datePublished":"2021-02-21T18:51:26+00:00","dateModified":"2021-02-21T18:55:22+00:00","mainEntityOfPage":{"@id":"https:\/\/www.pressenza.com\/es\/2021\/02\/no-cesa-la-violencia-en-colombia\/"},"wordCount":862,"publisher":{"@id":"https:\/\/www.pressenza.com\/es\/#organization"},"image":{"@id":"https:\/\/www.pressenza.com\/es\/2021\/02\/no-cesa-la-violencia-en-colombia\/#primaryimage"},"thumbnailUrl":"https:\/\/www.pressenza.com\/wp-content\/uploads\/2021\/02\/nota-19-02-2021.jpg","keywords":["Asesinados","Colombia","Excombatientes","FARC","l\u00edderes"],"articleSection":["Contenido Original","Derechos Humanos","Sudam\u00e9rica"],"inLanguage":"es"},{"@type":"WebPage","@id":"https:\/\/www.pressenza.com\/es\/2021\/02\/no-cesa-la-violencia-en-colombia\/","url":"https:\/\/www.pressenza.com\/es\/2021\/02\/no-cesa-la-violencia-en-colombia\/","name":"No cesa la violencia en Colombia","isPartOf":{"@id":"https:\/\/www.pressenza.com\/es\/#website"},"primaryImageOfPage":{"@id":"https:\/\/www.pressenza.com\/es\/2021\/02\/no-cesa-la-violencia-en-colombia\/#primaryimage"},"image":{"@id":"https:\/\/www.pressenza.com\/es\/2021\/02\/no-cesa-la-violencia-en-colombia\/#primaryimage"},"thumbnailUrl":"https:\/\/www.pressenza.com\/wp-content\/uploads\/2021\/02\/nota-19-02-2021.jpg","datePublished":"2021-02-21T18:51:26+00:00","dateModified":"2021-02-21T18:55:22+00:00","description":"Los asesinatos y las masacres en el pa\u00eds no cesan, entre el 8 y el 18 de febrero de 2021 dos l\u00edderes sociales y dos excombatientes de las Farc fueron asesinados, adem\u00e1s de una masacre que dej\u00f3 cinco v\u00edctimas; las cifras demuestran el incremento indiscriminado de la violencia en el pa\u00eds","breadcrumb":{"@id":"https:\/\/www.pressenza.com\/es\/2021\/02\/no-cesa-la-violencia-en-colombia\/#breadcrumb"},"inLanguage":"es","potentialAction":[{"@type":"ReadAction","target":["https:\/\/www.pressenza.com\/es\/2021\/02\/no-cesa-la-violencia-en-colombia\/"]}]},{"@type":"ImageObject","inLanguage":"es","@id":"https:\/\/www.pressenza.com\/es\/2021\/02\/no-cesa-la-violencia-en-colombia\/#primaryimage","url":"https:\/\/www.pressenza.com\/wp-content\/uploads\/2021\/02\/nota-19-02-2021.jpg","contentUrl":"https:\/\/www.pressenza.com\/wp-content\/uploads\/2021\/02\/nota-19-02-2021.jpg","width":800,"height":600,"caption":"No cesa la violencia en Colombia"},{"@type":"BreadcrumbList","@id":"https:\/\/www.pressenza.com\/es\/2021\/02\/no-cesa-la-violencia-en-colombia\/#breadcrumb","itemListElement":[{"@type":"ListItem","position":1,"name":"Accueil","item":"https:\/\/www.pressenza.com\/es\/"},{"@type":"ListItem","position":2,"name":"No cesa la violencia en Colombia"}]},{"@type":"WebSite","@id":"https:\/\/www.pressenza.com\/es\/#website","url":"https:\/\/www.pressenza.com\/es\/","name":"Pressenza","description":"International Press Agency","publisher":{"@id":"https:\/\/www.pressenza.com\/es\/#organization"},"potentialAction":[{"@type":"SearchAction","target":{"@type":"EntryPoint","urlTemplate":"https:\/\/www.pressenza.com\/es\/?s={search_term_string}"},"query-input":{"@type":"PropertyValueSpecification","valueRequired":true,"valueName":"search_term_string"}}],"inLanguage":"es"},{"@type":"Organization","@id":"https:\/\/www.pressenza.com\/es\/#organization","name":"Pressenza","url":"https:\/\/www.pressenza.com\/es\/","logo":{"@type":"ImageObject","inLanguage":"es","@id":"https:\/\/www.pressenza.com\/es\/#\/schema\/logo\/image\/","url":"https:\/\/www.pressenza.com\/wp-content\/uploads\/2022\/10\/pressenza_logo_200x200.jpg","contentUrl":"https:\/\/www.pressenza.com\/wp-content\/uploads\/2022\/10\/pressenza_logo_200x200.jpg","width":200,"height":200,"caption":"Pressenza"},"image":{"@id":"https:\/\/www.pressenza.com\/es\/#\/schema\/logo\/image\/"},"sameAs":["https:\/\/www.facebook.com\/PressenzaItalia","https:\/\/x.com\/PressenzaIPA"]},{"@type":"Person","@id":"https:\/\/www.pressenza.com\/es\/#\/schema\/person\/7c8ee170a4502d638436c91e385315f2","name":"Redacci\u00f3n Colombia","description":"News published by the Pressenza bureau in Colombia","url":"https:\/\/www.pressenza.com\/es\/author\/redaccion-colombia\/"}]}},"place":"Bogot\u00e1","original_article_url":"","_links":{"self":[{"href":"https:\/\/www.pressenza.com\/es\/wp-json\/wp\/v2\/posts\/1302233","targetHints":{"allow":["GET"]}}],"collection":[{"href":"https:\/\/www.pressenza.com\/es\/wp-json\/wp\/v2\/posts"}],"about":[{"href":"https:\/\/www.pressenza.com\/es\/wp-json\/wp\/v2\/types\/post"}],"author":[{"embeddable":true,"href":"https:\/\/www.pressenza.com\/es\/wp-json\/wp\/v2\/users\/1053"}],"replies":[{"embeddable":true,"href":"https:\/\/www.pressenza.com\/es\/wp-json\/wp\/v2\/comments?post=1302233"}],"version-history":[{"count":0,"href":"https:\/\/www.pressenza.com\/es\/wp-json\/wp\/v2\/posts\/1302233\/revisions"}],"wp:featuredmedia":[{"embeddable":true,"href":"https:\/\/www.pressenza.com\/es\/wp-json\/wp\/v2\/media\/1302238"}],"wp:attachment":[{"href":"https:\/\/www.pressenza.com\/es\/wp-json\/wp\/v2\/media?parent=1302233"}],"wp:term":[{"taxonomy":"category","embeddable":true,"href":"https:\/\/www.pressenza.com\/es\/wp-json\/wp\/v2\/categories?post=1302233"},{"taxonomy":"post_tag","embeddable":true,"href":"https:\/\/www.pressenza.com\/es\/wp-json\/wp\/v2\/tags?post=1302233"}],"curies":[{"name":"wp","href":"https:\/\/api.w.org\/{rel}","templated":true}]}}