{"id":1300,"date":"2009-09-11T00:00:00","date_gmt":"2009-09-11T00:00:00","guid":{"rendered":""},"modified":"2009-09-28T05:01:04","modified_gmt":"2009-09-28T05:01:04","slug":"asociacixn-cooperativa-internacional-respalda-campaxa-de-no-violencia","status":"publish","type":"post","link":"https:\/\/www.pressenza.com\/es\/2009\/09\/asociacixn-cooperativa-internacional-respalda-campaxa-de-no-violencia\/","title":{"rendered":"Asociaci\u00f3n cooperativa internacional respalda campa\u00f1a de no-violencia"},"content":{"rendered":"<p>El pasado martes 8 de septiembre en el marco de la Asamblea Internacional de Servas  se realiz\u00f3 una presentaci\u00f3n p\u00fablica de la Marcha Mundial por la Paz y la No-Violencia. La exposici\u00f3n estuvo a cargo del representante local de Mundo Sin Guerras, Juan Drault. Los miembros de varios pa\u00edses, entre los 60 que estaban representados en esa reuni\u00f3n, se comprometieron a apoyar la Marcha Mundial  con actividades a desarrollarse a partir del el 2 de octubre, en algunos casos alojando a miembros del equipo base a su paso por sus ciudades. <\/p>\n<p>Los miembros de Servas recibieron la Marcha con mucho entusiasmo, si bien la adhesi\u00f3n ya hab\u00eda sido lograda en Colombia hace unos meses, no todos los pa\u00edses sab\u00edan de que se trataba, otros ya est\u00e1n trabajando en la difusi\u00f3n y coordinando actividades con el responsable del pa\u00eds. <\/p>\n<p>Servas (palabra en esperanto que significa \u201csirve\u201d) es un sistema cooperativo mundial, sin fines de lucro y no gubernamental, de anfitriones y viajeros, organizado con el prop\u00f3sito de colaborar a construir la paz,  buena voluntad, entendimiento y tolerancia mutua en el mundo.<\/p>\n<p>Busca realizar los objetivos proveyendo oportunidades de contactos personales entre individuos de diversas culturas y or\u00edgenes.<\/p>\n<p>Sus or\u00edgenes se remontan al final de la II Guerra Mundial,  cuando surgi\u00f3 un inter\u00e9s general por crear movimientos y organizaciones que velasen y contribuyeran de distintas formas a la Justicia, la Comunicaci\u00f3n y la Paz en todo el mundo.<\/p>\n<p>Servas est\u00e1 reconocida por la UNESCO y tiene representaci\u00f3n en la ONU como asociaci\u00f3n no gubernamental desde 1973.<\/p>\n<p>Despu\u00e9s de 50 a\u00f1os, la organizaci\u00f3n contin\u00faa creciendo. En cada conferencia internacional nuevos pa\u00edses son admitidos, los m\u00e1s recientes son de Europa Oriental.<\/p>\n","protected":false},"excerpt":{"rendered":"<p>Del 5 al 12 de setiembre se desarrolla en las proximidades de la ciudad de Mar del Plata, Argentina, la  Asamblea Internacional de Servas, en su 60 aniversario. Servas es un sistema cooperativo mundial, sin fines de lucro y no gubernamental, reconocido por la UNESCO. En el evento se present\u00f3 una iniciativa que busca promover la superaci\u00f3n todo tipo de violencia.<\/p>\n","protected":false},"author":19,"featured_media":0,"comment_status":"closed","ping_status":"open","sticky":false,"template":"","format":"standard","meta":{"footnotes":""},"categories":[149,75,67],"tags":[],"class_list":["post-1300","post","type-post","status-publish","format-standard","hentry","category-comunicados-de-prensa","category-cultura-es","category-sudamerica"],"yoast_head":"<!-- This site is optimized with the Yoast SEO plugin v27.1.1 - https:\/\/yoast.com\/product\/yoast-seo-wordpress\/ -->\n<title>Asociaci\u00f3n cooperativa internacional respalda campa\u00f1a de no-violencia<\/title>\n<meta name=\"description\" content=\"Del 5 al 12 de setiembre se desarrolla en las proximidades de la ciudad de Mar del Plata, Argentina, la Asamblea Internacional de Servas, en su 60 aniversario. Servas es un sistema cooperativo mundial, sin fines de lucro y no gubernamental, reconocido por la UNESCO. En el evento se present\u00f3 una iniciativa que busca promover la superaci\u00f3n todo tipo de violencia.\" \/>\n<meta name=\"robots\" content=\"index, follow, max-snippet:-1, max-image-preview:large, max-video-preview:-1\" \/>\n<link rel=\"canonical\" href=\"https:\/\/www.pressenza.com\/es\/2009\/09\/asociacixn-cooperativa-internacional-respalda-campaxa-de-no-violencia\/\" \/>\n<meta property=\"og:locale\" content=\"es_ES\" \/>\n<meta property=\"og:type\" content=\"article\" \/>\n<meta property=\"og:title\" content=\"Asociaci\u00f3n cooperativa internacional respalda campa\u00f1a de no-violencia\" \/>\n<meta property=\"og:description\" content=\"Del 5 al 12 de setiembre se desarrolla en las proximidades de la ciudad de Mar del Plata, Argentina, la Asamblea Internacional de Servas, en su 60 aniversario. Servas es un sistema cooperativo mundial, sin fines de lucro y no gubernamental, reconocido por la UNESCO. En el evento se present\u00f3 una iniciativa que busca promover la superaci\u00f3n todo tipo de violencia.\" \/>\n<meta property=\"og:url\" content=\"https:\/\/www.pressenza.com\/es\/2009\/09\/asociacixn-cooperativa-internacional-respalda-campaxa-de-no-violencia\/\" \/>\n<meta property=\"og:site_name\" content=\"Pressenza\" \/>\n<meta property=\"article:publisher\" content=\"https:\/\/www.facebook.com\/PressenzaItalia\" \/>\n<meta property=\"article:author\" content=\"https:\/\/www.facebook.com\/pressenza\" \/>\n<meta property=\"article:published_time\" content=\"2009-09-11T00:00:00+00:00\" \/>\n<meta property=\"article:modified_time\" content=\"2009-09-28T05:01:04+00:00\" \/>\n<meta name=\"author\" content=\"Pressenza IPA\" \/>\n<meta name=\"twitter:card\" content=\"summary_large_image\" \/>\n<meta name=\"twitter:creator\" content=\"@PressenzaIPA\" \/>\n<meta name=\"twitter:site\" content=\"@PressenzaIPA\" \/>\n<meta name=\"twitter:label1\" content=\"Escrito por\" \/>\n\t<meta name=\"twitter:data1\" content=\"Pressenza IPA\" \/>\n\t<meta name=\"twitter:label2\" content=\"Tiempo de lectura\" \/>\n\t<meta name=\"twitter:data2\" content=\"1 minuto\" \/>\n<script type=\"application\/ld+json\" class=\"yoast-schema-graph\">{\"@context\":\"https:\/\/schema.org\",\"@graph\":[{\"@type\":\"Article\",\"@id\":\"https:\/\/www.pressenza.com\/es\/2009\/09\/asociacixn-cooperativa-internacional-respalda-campaxa-de-no-violencia\/#article\",\"isPartOf\":{\"@id\":\"https:\/\/www.pressenza.com\/es\/2009\/09\/asociacixn-cooperativa-internacional-respalda-campaxa-de-no-violencia\/\"},\"author\":{\"name\":\"Pressenza IPA\",\"@id\":\"https:\/\/www.pressenza.com\/es\/#\/schema\/person\/010e5d02bcf40965427a1289a4cc8d75\"},\"headline\":\"Asociaci\u00f3n cooperativa internacional respalda campa\u00f1a de no-violencia\",\"datePublished\":\"2009-09-11T00:00:00+00:00\",\"dateModified\":\"2009-09-28T05:01:04+00:00\",\"mainEntityOfPage\":{\"@id\":\"https:\/\/www.pressenza.com\/es\/2009\/09\/asociacixn-cooperativa-internacional-respalda-campaxa-de-no-violencia\/\"},\"wordCount\":306,\"publisher\":{\"@id\":\"https:\/\/www.pressenza.com\/es\/#organization\"},\"articleSection\":[\"Comunicados de Prensa\",\"Cultura y Medios\",\"Sudam\u00e9rica\"],\"inLanguage\":\"es\"},{\"@type\":\"WebPage\",\"@id\":\"https:\/\/www.pressenza.com\/es\/2009\/09\/asociacixn-cooperativa-internacional-respalda-campaxa-de-no-violencia\/\",\"url\":\"https:\/\/www.pressenza.com\/es\/2009\/09\/asociacixn-cooperativa-internacional-respalda-campaxa-de-no-violencia\/\",\"name\":\"Asociaci\u00f3n cooperativa internacional respalda campa\u00f1a de no-violencia\",\"isPartOf\":{\"@id\":\"https:\/\/www.pressenza.com\/es\/#website\"},\"datePublished\":\"2009-09-11T00:00:00+00:00\",\"dateModified\":\"2009-09-28T05:01:04+00:00\",\"description\":\"Del 5 al 12 de setiembre se desarrolla en las proximidades de la ciudad de Mar del Plata, Argentina, la Asamblea Internacional de Servas, en su 60 aniversario. Servas es un sistema cooperativo mundial, sin fines de lucro y no gubernamental, reconocido por la UNESCO. En el evento se present\u00f3 una iniciativa que busca promover la superaci\u00f3n todo tipo de violencia.\",\"breadcrumb\":{\"@id\":\"https:\/\/www.pressenza.com\/es\/2009\/09\/asociacixn-cooperativa-internacional-respalda-campaxa-de-no-violencia\/#breadcrumb\"},\"inLanguage\":\"es\",\"potentialAction\":[{\"@type\":\"ReadAction\",\"target\":[\"https:\/\/www.pressenza.com\/es\/2009\/09\/asociacixn-cooperativa-internacional-respalda-campaxa-de-no-violencia\/\"]}]},{\"@type\":\"BreadcrumbList\",\"@id\":\"https:\/\/www.pressenza.com\/es\/2009\/09\/asociacixn-cooperativa-internacional-respalda-campaxa-de-no-violencia\/#breadcrumb\",\"itemListElement\":[{\"@type\":\"ListItem\",\"position\":1,\"name\":\"Accueil\",\"item\":\"https:\/\/www.pressenza.com\/es\/\"},{\"@type\":\"ListItem\",\"position\":2,\"name\":\"Asociaci\u00f3n cooperativa internacional respalda campa\u00f1a de no-violencia\"}]},{\"@type\":\"WebSite\",\"@id\":\"https:\/\/www.pressenza.com\/es\/#website\",\"url\":\"https:\/\/www.pressenza.com\/es\/\",\"name\":\"Pressenza\",\"description\":\"International Press Agency\",\"publisher\":{\"@id\":\"https:\/\/www.pressenza.com\/es\/#organization\"},\"potentialAction\":[{\"@type\":\"SearchAction\",\"target\":{\"@type\":\"EntryPoint\",\"urlTemplate\":\"https:\/\/www.pressenza.com\/es\/?s={search_term_string}\"},\"query-input\":{\"@type\":\"PropertyValueSpecification\",\"valueRequired\":true,\"valueName\":\"search_term_string\"}}],\"inLanguage\":\"es\"},{\"@type\":\"Organization\",\"@id\":\"https:\/\/www.pressenza.com\/es\/#organization\",\"name\":\"Pressenza\",\"url\":\"https:\/\/www.pressenza.com\/es\/\",\"logo\":{\"@type\":\"ImageObject\",\"inLanguage\":\"es\",\"@id\":\"https:\/\/www.pressenza.com\/es\/#\/schema\/logo\/image\/\",\"url\":\"https:\/\/www.pressenza.com\/wp-content\/uploads\/2022\/10\/pressenza_logo_200x200.jpg\",\"contentUrl\":\"https:\/\/www.pressenza.com\/wp-content\/uploads\/2022\/10\/pressenza_logo_200x200.jpg\",\"width\":200,\"height\":200,\"caption\":\"Pressenza\"},\"image\":{\"@id\":\"https:\/\/www.pressenza.com\/es\/#\/schema\/logo\/image\/\"},\"sameAs\":[\"https:\/\/www.facebook.com\/PressenzaItalia\",\"https:\/\/x.com\/PressenzaIPA\"]},{\"@type\":\"Person\",\"@id\":\"https:\/\/www.pressenza.com\/es\/#\/schema\/person\/010e5d02bcf40965427a1289a4cc8d75\",\"name\":\"Pressenza IPA\",\"description\":\"News from Pressenza IPA correspondents\",\"sameAs\":[\"https:\/\/www.facebook.com\/pressenza\",\"https:\/\/x.com\/PressenzaIPA\"],\"url\":\"https:\/\/www.pressenza.com\/es\/author\/pressenza-ipa\/\"}]}<\/script>\n<!-- \/ Yoast SEO plugin. -->","yoast_head_json":{"title":"Asociaci\u00f3n cooperativa internacional respalda campa\u00f1a de no-violencia","description":"Del 5 al 12 de setiembre se desarrolla en las proximidades de la ciudad de Mar del Plata, Argentina, la Asamblea Internacional de Servas, en su 60 aniversario. Servas es un sistema cooperativo mundial, sin fines de lucro y no gubernamental, reconocido por la UNESCO. En el evento se present\u00f3 una iniciativa que busca promover la superaci\u00f3n todo tipo de violencia.","robots":{"index":"index","follow":"follow","max-snippet":"max-snippet:-1","max-image-preview":"max-image-preview:large","max-video-preview":"max-video-preview:-1"},"canonical":"https:\/\/www.pressenza.com\/es\/2009\/09\/asociacixn-cooperativa-internacional-respalda-campaxa-de-no-violencia\/","og_locale":"es_ES","og_type":"article","og_title":"Asociaci\u00f3n cooperativa internacional respalda campa\u00f1a de no-violencia","og_description":"Del 5 al 12 de setiembre se desarrolla en las proximidades de la ciudad de Mar del Plata, Argentina, la Asamblea Internacional de Servas, en su 60 aniversario. Servas es un sistema cooperativo mundial, sin fines de lucro y no gubernamental, reconocido por la UNESCO. En el evento se present\u00f3 una iniciativa que busca promover la superaci\u00f3n todo tipo de violencia.","og_url":"https:\/\/www.pressenza.com\/es\/2009\/09\/asociacixn-cooperativa-internacional-respalda-campaxa-de-no-violencia\/","og_site_name":"Pressenza","article_publisher":"https:\/\/www.facebook.com\/PressenzaItalia","article_author":"https:\/\/www.facebook.com\/pressenza","article_published_time":"2009-09-11T00:00:00+00:00","article_modified_time":"2009-09-28T05:01:04+00:00","author":"Pressenza IPA","twitter_card":"summary_large_image","twitter_creator":"@PressenzaIPA","twitter_site":"@PressenzaIPA","twitter_misc":{"Escrito por":"Pressenza IPA","Tiempo de lectura":"1 minuto"},"schema":{"@context":"https:\/\/schema.org","@graph":[{"@type":"Article","@id":"https:\/\/www.pressenza.com\/es\/2009\/09\/asociacixn-cooperativa-internacional-respalda-campaxa-de-no-violencia\/#article","isPartOf":{"@id":"https:\/\/www.pressenza.com\/es\/2009\/09\/asociacixn-cooperativa-internacional-respalda-campaxa-de-no-violencia\/"},"author":{"name":"Pressenza IPA","@id":"https:\/\/www.pressenza.com\/es\/#\/schema\/person\/010e5d02bcf40965427a1289a4cc8d75"},"headline":"Asociaci\u00f3n cooperativa internacional respalda campa\u00f1a de no-violencia","datePublished":"2009-09-11T00:00:00+00:00","dateModified":"2009-09-28T05:01:04+00:00","mainEntityOfPage":{"@id":"https:\/\/www.pressenza.com\/es\/2009\/09\/asociacixn-cooperativa-internacional-respalda-campaxa-de-no-violencia\/"},"wordCount":306,"publisher":{"@id":"https:\/\/www.pressenza.com\/es\/#organization"},"articleSection":["Comunicados de Prensa","Cultura y Medios","Sudam\u00e9rica"],"inLanguage":"es"},{"@type":"WebPage","@id":"https:\/\/www.pressenza.com\/es\/2009\/09\/asociacixn-cooperativa-internacional-respalda-campaxa-de-no-violencia\/","url":"https:\/\/www.pressenza.com\/es\/2009\/09\/asociacixn-cooperativa-internacional-respalda-campaxa-de-no-violencia\/","name":"Asociaci\u00f3n cooperativa internacional respalda campa\u00f1a de no-violencia","isPartOf":{"@id":"https:\/\/www.pressenza.com\/es\/#website"},"datePublished":"2009-09-11T00:00:00+00:00","dateModified":"2009-09-28T05:01:04+00:00","description":"Del 5 al 12 de setiembre se desarrolla en las proximidades de la ciudad de Mar del Plata, Argentina, la Asamblea Internacional de Servas, en su 60 aniversario. Servas es un sistema cooperativo mundial, sin fines de lucro y no gubernamental, reconocido por la UNESCO. En el evento se present\u00f3 una iniciativa que busca promover la superaci\u00f3n todo tipo de violencia.","breadcrumb":{"@id":"https:\/\/www.pressenza.com\/es\/2009\/09\/asociacixn-cooperativa-internacional-respalda-campaxa-de-no-violencia\/#breadcrumb"},"inLanguage":"es","potentialAction":[{"@type":"ReadAction","target":["https:\/\/www.pressenza.com\/es\/2009\/09\/asociacixn-cooperativa-internacional-respalda-campaxa-de-no-violencia\/"]}]},{"@type":"BreadcrumbList","@id":"https:\/\/www.pressenza.com\/es\/2009\/09\/asociacixn-cooperativa-internacional-respalda-campaxa-de-no-violencia\/#breadcrumb","itemListElement":[{"@type":"ListItem","position":1,"name":"Accueil","item":"https:\/\/www.pressenza.com\/es\/"},{"@type":"ListItem","position":2,"name":"Asociaci\u00f3n cooperativa internacional respalda campa\u00f1a de no-violencia"}]},{"@type":"WebSite","@id":"https:\/\/www.pressenza.com\/es\/#website","url":"https:\/\/www.pressenza.com\/es\/","name":"Pressenza","description":"International Press Agency","publisher":{"@id":"https:\/\/www.pressenza.com\/es\/#organization"},"potentialAction":[{"@type":"SearchAction","target":{"@type":"EntryPoint","urlTemplate":"https:\/\/www.pressenza.com\/es\/?s={search_term_string}"},"query-input":{"@type":"PropertyValueSpecification","valueRequired":true,"valueName":"search_term_string"}}],"inLanguage":"es"},{"@type":"Organization","@id":"https:\/\/www.pressenza.com\/es\/#organization","name":"Pressenza","url":"https:\/\/www.pressenza.com\/es\/","logo":{"@type":"ImageObject","inLanguage":"es","@id":"https:\/\/www.pressenza.com\/es\/#\/schema\/logo\/image\/","url":"https:\/\/www.pressenza.com\/wp-content\/uploads\/2022\/10\/pressenza_logo_200x200.jpg","contentUrl":"https:\/\/www.pressenza.com\/wp-content\/uploads\/2022\/10\/pressenza_logo_200x200.jpg","width":200,"height":200,"caption":"Pressenza"},"image":{"@id":"https:\/\/www.pressenza.com\/es\/#\/schema\/logo\/image\/"},"sameAs":["https:\/\/www.facebook.com\/PressenzaItalia","https:\/\/x.com\/PressenzaIPA"]},{"@type":"Person","@id":"https:\/\/www.pressenza.com\/es\/#\/schema\/person\/010e5d02bcf40965427a1289a4cc8d75","name":"Pressenza IPA","description":"News from Pressenza IPA correspondents","sameAs":["https:\/\/www.facebook.com\/pressenza","https:\/\/x.com\/PressenzaIPA"],"url":"https:\/\/www.pressenza.com\/es\/author\/pressenza-ipa\/"}]}},"place":"Mar de Plata","original_article_url":"","_links":{"self":[{"href":"https:\/\/www.pressenza.com\/es\/wp-json\/wp\/v2\/posts\/1300","targetHints":{"allow":["GET"]}}],"collection":[{"href":"https:\/\/www.pressenza.com\/es\/wp-json\/wp\/v2\/posts"}],"about":[{"href":"https:\/\/www.pressenza.com\/es\/wp-json\/wp\/v2\/types\/post"}],"author":[{"embeddable":true,"href":"https:\/\/www.pressenza.com\/es\/wp-json\/wp\/v2\/users\/19"}],"replies":[{"embeddable":true,"href":"https:\/\/www.pressenza.com\/es\/wp-json\/wp\/v2\/comments?post=1300"}],"version-history":[{"count":0,"href":"https:\/\/www.pressenza.com\/es\/wp-json\/wp\/v2\/posts\/1300\/revisions"}],"wp:attachment":[{"href":"https:\/\/www.pressenza.com\/es\/wp-json\/wp\/v2\/media?parent=1300"}],"wp:term":[{"taxonomy":"category","embeddable":true,"href":"https:\/\/www.pressenza.com\/es\/wp-json\/wp\/v2\/categories?post=1300"},{"taxonomy":"post_tag","embeddable":true,"href":"https:\/\/www.pressenza.com\/es\/wp-json\/wp\/v2\/tags?post=1300"}],"curies":[{"name":"wp","href":"https:\/\/api.w.org\/{rel}","templated":true}]}}