{"id":129961,"date":"2014-09-03T02:12:17","date_gmt":"2014-09-03T01:12:17","guid":{"rendered":"http:\/\/www.pressenza.com\/?p=129961"},"modified":"2014-09-03T02:12:17","modified_gmt":"2014-09-03T01:12:17","slug":"partido-humanista-participa-en-foro-de-sao-paulo-en-bolivia","status":"publish","type":"post","link":"https:\/\/www.pressenza.com\/es\/2014\/09\/partido-humanista-participa-en-foro-de-sao-paulo-en-bolivia\/","title":{"rendered":"Partido Humanista participa en Foro de Sao Paulo, en Bolivia."},"content":{"rendered":"<p><strong>\u00a0<\/strong>Durante la semana pasada, en La Paz, Bolivia, se realiz\u00f3 el Foro de Sao Paulo,\u00a0que re\u00fane a partidos y grupos de izquierda latinoamericanos. Este foro fue\u00a0fundado por el Partido de los Trabajadores de Brasil, en Sao Paulo en 1990. Su objetivo est\u00e1\u00a0centrado en aunar esfuerzos para debatir y converger en una mirada sobre el escenario mundial y las pol\u00edticas internacionales imperantes, especialmente en relaci\u00f3n a lo que ocurre en\u00a0Latinoam\u00e9rica y el Caribe. El an\u00e1lisis se centr\u00f3 en las\u00a0consecuencias del neoliberalismo sobre los pueblos. Y en particular, este Foro se orient\u00f3 hacia la integraci\u00f3n de\u00a0los pa\u00edses. En \u00e9l particip\u00f3 el Partido Humanista, representado por su presidente, Octavio Gonz\u00e1lez y el encargado del las relaciones internacionales del Equipo Coordinador Nacional del partido, Joaqu\u00edn Arduengo. A quien entrevistamos en la siguiente entrevista.<\/p>\n<p><strong>\u00bfPor qu\u00e9 era relevante participar en el Foro de Sao Paulo?<\/strong><br \/>\nEs relevante participar en el Foro, porque se trata de un \u00e1mbito de trabajo de car\u00e1cter\u00a0continental, en que se analiza la situaci\u00f3n de los diversos pa\u00edses, en cuanto su avance hacia la\u00a0democracia y la integraci\u00f3n cultural y econ\u00f3mica de los mismos. En el FSP se conocen las diversas\u00a0posiciones frente a estos temas y se establecen contactos con agrupaciones y partidos, que\u00a0nos permiten dar a conocer de modo m\u00e1s amplio nuestras propuestas, en relaci\u00f3n a los temas\u00a0mencionados.\u00a0Actualmente agrupa a m\u00e1s de 100 partidos y agrupaciones pol\u00edticas de izquierda, provenientes de 25 pa\u00edses, lo cual le otorga un car\u00e1cter regional muy trascendente.<\/p>\n<p><strong>Desde la mirada humanista \u00bfcu\u00e1l es la importancia de la integraci\u00f3n latinoamericana?<\/strong><br \/>\nDesde nuestra posici\u00f3n, la integraci\u00f3n latinoamericana es de alta importancia, puesto que nos\u00a0permite avanzar hacia acuerdos regionales como paso importante y necesario para lo que nosotros\u00a0llamamos \u201cmundializaci\u00f3n\u201d, entendiendo ambos estadios no s\u00f3lo como la simple integraci\u00f3n\u00a0econ\u00f3mica (que es en general lo que se tiende a entender), sino la integraci\u00f3n progresiva de\u00a0culturas. Por ello nos interesa el fortalecimiento de instancias \u00a0regionales y multilaterales que vayan\u00a0conformando acuerdos que permitan la integraci\u00f3n de la que hablamos. En estos \u00e1mbitos, por\u00a0ejemplo se discute acerca de educaci\u00f3n, salud, vivienda y trabajo en los distintos pa\u00edses y se van\u00a0conformando, todav\u00eda primariamente, acuerdos que har\u00e1n posibles nuevas im\u00e1genes a futuro. Cabe considerar que muchos partidos del FSP, que antes eran\u00a0expresiones pol\u00edticas dentro de un pa\u00eds, hoy son gobiernos que promueven la integraci\u00f3n en base\u00a0a acuerdos, que en su momento fueron tratados en este espacio.<\/p>\n<p><strong>Si pensamos en la integraci\u00f3n de los pueblos, \u00bfqu\u00e9 valor tiene la salida al mar para Bolivia?<\/strong><\/p>\n<p>Al perder su extensi\u00f3n de costa mar\u00edtima tras la Guerra del Pac\u00edfico, Bolivia ha mantenido\u00a0hist\u00f3ricamente como pol\u00edtica de estado, la reclamaci\u00f3n territorial a Chile de una salida soberana\u00a0al oc\u00e9ano Pac\u00edfico y su espacio mar\u00edtimo. Desde la fundaci\u00f3n de la ONU en 1945, Bolivia ha\u00a0solicitado a la Asamblea General considerar su petici\u00f3n de recuperar una salida libre y soberana\u00a0al Oc\u00e9ano Pac\u00edfico. El enclaustramiento mar\u00edtimo boliviano es un problema hemisf\u00e9rico. Chile\u00a0ha mantenido una postura de otorgar facilidades de acceso mar\u00edtimo, pero sin ceder soberan\u00eda\u00a0territorial. Por otra parte, la Constituci\u00f3n Pol\u00edtica de 2009 establece que el Estado boliviano afirma\u00a0su derecho irrenunciable a una salida al mar y que su objetivo es de solucionar el diferendo\u00a0mar\u00edtimo pac\u00edficamente.<\/p>\n<p>Todo esto ha ocasionado y sigue ocasionando una tensi\u00f3n innecesaria entre Bolivia y Chile. Por\u00a0supuesto mientras ella exista, existir\u00e1 una fractura en la integraci\u00f3n de nuestros pa\u00edses. Solo basta\u00a0considerar que el mismo FSP, en su declaraci\u00f3n final acord\u00f3 \u201cconvocar a los pueblos y gobiernos\u00a0de Chile y Bolivia a superar un conflicto hist\u00f3rico sobre la base del di\u00e1logo y el respeto del Derecho\u00a0Internacional, que pueda llevar a una soluci\u00f3n para que Bolivia tenga acceso libre y soberano al\u00a0mar\u201d.<\/p>\n<p><a href=\"http:\/\/www.pressenza.com\/wp-content\/uploads\/2014\/09\/foroSaoPaulo.jpg\"><img loading=\"lazy\" decoding=\"async\" class=\"alignleft size-full wp-image-129969\" alt=\"foroSaoPaulo\" src=\"http:\/\/www.pressenza.com\/wp-content\/uploads\/2014\/09\/foroSaoPaulo.jpg\" width=\"526\" height=\"295\" srcset=\"https:\/\/www.pressenza.com\/wp-content\/uploads\/2014\/09\/foroSaoPaulo.jpg 526w, https:\/\/www.pressenza.com\/wp-content\/uploads\/2014\/09\/foroSaoPaulo-300x168.jpg 300w\" sizes=\"auto, (max-width: 526px) 100vw, 526px\" \/><\/a><\/p>\n<p>&nbsp;<\/p>\n<p>&nbsp;<\/p>\n<p>&nbsp;<\/p>\n<p>&nbsp;<\/p>\n<p>&nbsp;<\/p>\n<p>&nbsp;<\/p>\n<p>&nbsp;<\/p>\n<p>&nbsp;<\/p>\n<p><strong>Cuando imaginamos esa salida mar\u00edtima soberana, \u00bfde qu\u00e9 manera te la imaginas?<\/strong><\/p>\n<p>Por supuesto toda negociaci\u00f3n en torno a la salida al mar para Bolivia, debe darse justamente en\u00a0base al di\u00e1logo y al respeto del derecho internacional. No soy un experto en el tema, pero a mi\u00a0juicio, Chile debiera establecer primeramente una disposici\u00f3n al di\u00e1logo, cosa que no ha tenido.\u00a0En segundo lugar, y en base a esa disposici\u00f3n, deber\u00eda entrar tambi\u00e9n en ese di\u00e1logo Per\u00fa, porque\u00a0existe tambi\u00e9n un tratado (de Lima) entre Per\u00fa y Chile que especifica que Chile debe consultar a\u00a0Per\u00fa antes de conceder cualquier territorio que antes fueron peruanos.<\/p>\n<p>De hecho Pinochet y Banzer (ambos dictadores de los dos pa\u00edses), se reunieron\u00a0en el pueblo fronterizo boliviano de Chara\u00f1a en 1975, acord\u00e1ndose dar a Bolivia una peque\u00f1a\u00a0franja de tierra entre la ciudad chilena de Arica y la frontera con Per\u00fa, cuesti\u00f3n que debido a ese\u00a0tratado Per\u00fa se opuso. Entonces si existiera la voluntad pol\u00edtica no es una cuesti\u00f3n imposible.\u00a0Por cierto existen muchas cuestiones geo-estrat\u00e9gicas, pero un di\u00e1logo profundo y abierto podr\u00eda\u00a0resolver este conflicto que se arrastra por tan largo tiempo.<\/p>\n<p><strong>\u00bfC\u00f3mo conciliamos en Chile las visiones respecto de este tema, sabiendo que existe un alto\u00a0n\u00famero de ciudadanos que no est\u00e1n a favor de esta resoluci\u00f3n?<\/strong><\/p>\n<p>Las visiones respecto de la salida soberana al mar para Bolivia, no s\u00f3lo han estado estancadas\u00a0respecto de las negociaciones, sino tambi\u00e9n pol\u00edticamente y eso se ha traducido en una mala\u00a0informaci\u00f3n e interpretaciones hist\u00f3ricas a menudo falsas. Se apela a un nacionalismo arbitrario y\u00a0visceral, antes que a un estudio acabado e informado sobre el tema. Si existiera como dije antes,\u00a0una voluntad pol\u00edtica de integraci\u00f3n de nuestros pueblos, esto podr\u00eda revertirse en t\u00e9rminos de\u00a0una buena informaci\u00f3n y una interpretaci\u00f3n hist\u00f3rica no sesgada, para comprender de ra\u00edz este\u00a0problema.<\/p>\n<p>Por cierto el argumento de \u201cganamos ese territorio en una guerra\u201d es bastante pobre. Por lo\u00a0dem\u00e1s, se trata de territorios que hoy d\u00eda est\u00e1n siendo enajenados en cuanto a sus riquezas,\u00a0por compa\u00f1\u00edas mineras tambi\u00e9n extranjeras. No veo all\u00ed ese mismo nacionalismo al que se apela\u00a0al hablar de una salida al mar para Bolivia. No olvidemos que la derecha en Chile protege esa\u00a0enajenaci\u00f3n de recursos al tiempo que es la que m\u00e1s rechaza las negociaciones con Bolivia.\u00a0Tampoco debemos olvidar que esa misma derecha controla la mayor\u00eda de los medios de difusi\u00f3n,\u00a0por tanto la subjetividad con que se atiende a este tema.<\/p>\n<p><a href=\"http:\/\/www.pressenza.com\/wp-content\/uploads\/2014\/09\/Leonilda-Zurita-MAS-bolivia.jpg\"><img loading=\"lazy\" decoding=\"async\" class=\"alignleft size-large wp-image-129975\" alt=\"Leonilda-Zurita-MAS-bolivia\" src=\"http:\/\/www.pressenza.com\/wp-content\/uploads\/2014\/09\/Leonilda-Zurita-MAS-bolivia-600x800.jpg\" width=\"600\" height=\"800\" srcset=\"https:\/\/www.pressenza.com\/wp-content\/uploads\/2014\/09\/Leonilda-Zurita-MAS-bolivia-600x800.jpg 600w, https:\/\/www.pressenza.com\/wp-content\/uploads\/2014\/09\/Leonilda-Zurita-MAS-bolivia-225x300.jpg 225w, https:\/\/www.pressenza.com\/wp-content\/uploads\/2014\/09\/Leonilda-Zurita-MAS-bolivia.jpg 720w\" sizes=\"auto, (max-width: 600px) 100vw, 600px\" \/><\/a><\/p>\n<p>&nbsp;<\/p>\n<p>&nbsp;<\/p>\n<p>&nbsp;<\/p>\n<p>&nbsp;<\/p>\n<p>&nbsp;<\/p>\n<p>&nbsp;<\/p>\n<p>&nbsp;<\/p>\n<p>&nbsp;<\/p>\n<p>&nbsp;<\/p>\n<p>&nbsp;<\/p>\n<p>&nbsp;<\/p>\n<p>&nbsp;<\/p>\n<p>&nbsp;<\/p>\n<p>&nbsp;<\/p>\n<p>&nbsp;<\/p>\n<p>&nbsp;<\/p>\n<p>&nbsp;<\/p>\n<p>&nbsp;<\/p>\n<p>&nbsp;<\/p>\n<p>&nbsp;<\/p>\n<p>&nbsp;<\/p>\n<p>Foto: Con Leonilda Zurita, dirigenta del Partido MAS de Bolivia<\/p>\n<p><strong>Junto con otras organizaciones, el Partido Humanista suscribi\u00f3 a una declaraci\u00f3n,\u00a0respaldando el proceso de Bolivia. M\u00e1s precisamente \u00bfa qu\u00e9 se comprometen con firmar\u00a0esta declaraci\u00f3n?<\/strong><\/p>\n<p>La Resoluci\u00f3n adoptada por la Plenaria final del XX Encuentro del Foro de San Pablo estuvo\u00a0precedida de la declaraci\u00f3n conjunta, emitida por nosotros junto a dirigentes del Movimiento\u00a0del Socialismo Allendista, el MIR y el Partido Igualdad de Chile, acompa\u00f1ados por Leonidas\u00a0Zurita, Secretaria de Relaciones internacionales del gobernante partido del MAS. Esa declaraci\u00f3n establece, entre otras cosas, que el\u00a0dialogo entre nuestros pueblos y tambi\u00e9n entre los gobiernos, debe ser retomado en lo inmediato.<\/p>\n<p>Tambi\u00e9n aclaramos que nuestras organizaciones, no comparten la decisi\u00f3n del Gobierno de\u00a0Chile, de recusar la competencia del Tribunal Internacional de la Haya, frente a la demanda de\u00a0negociaci\u00f3n presentada por el gobierno de Bolivia y que es posible asumir una salida soberana\u00a0al mar para este pa\u00eds. Que es importante iniciar a la brevedad un dialogo y negociaci\u00f3n bilateral\u00a0directa e invitar oficialmente luego al Per\u00fa.<\/p>\n<p>Nos comprometimos a fomentar el dialogo entre nuestros pueblos, desde la base de nuestra\u00a0sociedad. Para ello es necesario derrotar los prejuicios, los falsos nacionalismos y chauvinismos\u00a0que propician y fomentan las \u00e9lites dominantes y los sectores conservadores, los que en ambos\u00a0pa\u00edses buscan enemistar a nuestros pueblos e impedir una soluci\u00f3n conjunta al enclaustramiento\u00a0de Bolivia.<\/p>\n<p><strong>\u00bfQu\u00e9 rescatas de la experiencia, con qu\u00e9 vuelves a Chile?<\/strong><\/p>\n<p>Estoy gratamente sorprendido de esta vista a Bolivia. All\u00ed est\u00e1 ocurriendo no s\u00f3lo una revoluci\u00f3n\u00a0pol\u00edtica, sino tambi\u00e9n social y cultural de proporciones, que debiera estudiarse profundamente, en\u00a0especial por las izquierdas nost\u00e1lgicas. All\u00ed el arma de esa revoluci\u00f3n es la democracia. Ha crecido\u00a0un profundo respeto por la diversidad como piso necesario para los cambios que est\u00e1n ocurriendo.\u00a0Ellos hablan de un socialismo comunitario. El concepto de \u201cbien com\u00fan\u201d ha dejado en la pr\u00e1ctica\u00a0de ser una frase vac\u00eda de significado, y as\u00ed lo entiende la gente que ha asumido la responsabilidad\u00a0sobre esos bienes.<\/p>\n<p>Ellos, por otra parte y fruto de su cultura, no establecen un antagonismo entre ideolog\u00eda y esp\u00edritu. Por el contrario, no conciben una estructura en que ambos conceptos est\u00e9n distanciados y as\u00ed se\u00a0est\u00e1 expresando.\u00a0Se trata de una revoluci\u00f3n no violenta que arranca claramente desde la base social. Hay una frase\u00a0que establece muy claramente lo que sucede hoy en este pueblo hermano, dicha por un dirigente\u00a0campesino: \u201cnosotros no somos hijos del MAS, el MAS es hijo nuestro\u201d. Creo sinceramente que\u00a0Bolivia est\u00e1 dando un ejemplo al mundo.<\/p>\n<p>Despu\u00e9s de 500 a\u00f1os de postergaci\u00f3n, de discriminaci\u00f3n, de marginaci\u00f3n de este pueblo, algo\u00a0grande est\u00e1 surgiendo all\u00ed. No pude dejar de recordar una frase que es muy antigua en nuestros\u00a0idearios: \u201cAquellos que llevan el fracaso en su coraz\u00f3n, alumbrar\u00e1n el \u00faltimo triunfo\u201d.<\/p>\n<p>&nbsp;<\/p>\n<div>Francisca Silva Bravo<\/p>\n<\/div>\n<div>Prensa PH<\/div>\n<p>&nbsp;<\/p>\n<p>&nbsp;<\/p>\n<p>&nbsp;<\/p>\n<p>&nbsp;<\/p>\n","protected":false},"excerpt":{"rendered":"<p>\u00a0Durante la semana pasada, en La Paz, Bolivia, se realiz\u00f3 el Foro de Sao Paulo,\u00a0que re\u00fane a partidos y grupos de izquierda latinoamericanos. Este foro fue\u00a0fundado por el Partido de los Trabajadores de Brasil, en Sao Paulo en 1990. Su&hellip;<\/p>\n","protected":false},"author":43,"featured_media":129962,"comment_status":"closed","ping_status":"open","sticky":false,"template":"","format":"standard","meta":{"footnotes":""},"categories":[11389,155,74,80,67],"tags":[],"class_list":["post-129961","post","type-post","status-publish","format-standard","has-post-thumbnail","hentry","category-contenido-original","category-entrevistas","category-politica-es","category-pueblos-originarios","category-sudamerica"],"yoast_head":"<!-- This site is optimized with the Yoast SEO plugin v27.1.1 - https:\/\/yoast.com\/product\/yoast-seo-wordpress\/ -->\n<title>Partido Humanista participa en Foro de Sao Paulo, en Bolivia.<\/title>\n<meta name=\"description\" content=\"\u00a0Durante la semana pasada, en La Paz, Bolivia, se realiz\u00f3 el Foro de Sao Paulo,\u00a0que re\u00fane a partidos y grupos de izquierda latinoamericanos. Este foro\" \/>\n<meta name=\"robots\" content=\"index, follow, max-snippet:-1, max-image-preview:large, max-video-preview:-1\" \/>\n<link rel=\"canonical\" href=\"https:\/\/www.pressenza.com\/es\/2014\/09\/partido-humanista-participa-en-foro-de-sao-paulo-en-bolivia\/\" \/>\n<meta property=\"og:locale\" content=\"es_ES\" \/>\n<meta property=\"og:type\" content=\"article\" \/>\n<meta property=\"og:title\" content=\"Partido Humanista participa en Foro de Sao Paulo, en Bolivia.\" \/>\n<meta property=\"og:description\" content=\"\u00a0Durante la semana pasada, en La Paz, Bolivia, se realiz\u00f3 el Foro de Sao Paulo,\u00a0que re\u00fane a partidos y grupos de izquierda latinoamericanos. Este foro\" \/>\n<meta property=\"og:url\" content=\"https:\/\/www.pressenza.com\/es\/2014\/09\/partido-humanista-participa-en-foro-de-sao-paulo-en-bolivia\/\" \/>\n<meta property=\"og:site_name\" content=\"Pressenza\" \/>\n<meta property=\"article:publisher\" content=\"https:\/\/www.facebook.com\/PressenzaItalia\" \/>\n<meta property=\"article:author\" content=\"https:\/\/www.facebook.com\/pressenza\" \/>\n<meta property=\"article:published_time\" content=\"2014-09-03T01:12:17+00:00\" \/>\n<meta property=\"og:image\" content=\"https:\/\/www.pressenza.com\/wp-content\/uploads\/2014\/09\/bolivia.jpeg\" \/>\n\t<meta property=\"og:image:width\" content=\"640\" \/>\n\t<meta property=\"og:image:height\" content=\"480\" \/>\n\t<meta property=\"og:image:type\" content=\"image\/jpeg\" \/>\n<meta name=\"author\" content=\"Redacci\u00f3n Chile\" \/>\n<meta name=\"twitter:card\" content=\"summary_large_image\" \/>\n<meta name=\"twitter:creator\" content=\"@pressenza\" \/>\n<meta name=\"twitter:site\" content=\"@PressenzaIPA\" \/>\n<meta name=\"twitter:label1\" content=\"Escrito por\" \/>\n\t<meta name=\"twitter:data1\" content=\"Redacci\u00f3n Chile\" \/>\n\t<meta name=\"twitter:label2\" content=\"Tiempo de lectura\" \/>\n\t<meta name=\"twitter:data2\" content=\"9 minutos\" \/>\n<script type=\"application\/ld+json\" class=\"yoast-schema-graph\">{\"@context\":\"https:\/\/schema.org\",\"@graph\":[{\"@type\":\"Article\",\"@id\":\"https:\/\/www.pressenza.com\/es\/2014\/09\/partido-humanista-participa-en-foro-de-sao-paulo-en-bolivia\/#article\",\"isPartOf\":{\"@id\":\"https:\/\/www.pressenza.com\/es\/2014\/09\/partido-humanista-participa-en-foro-de-sao-paulo-en-bolivia\/\"},\"author\":{\"name\":\"Redacci\u00f3n Chile\",\"@id\":\"https:\/\/www.pressenza.com\/es\/#\/schema\/person\/d7db40df35d6698ba69ba9ee260944ed\"},\"headline\":\"Partido Humanista participa en Foro de Sao Paulo, en Bolivia.\",\"datePublished\":\"2014-09-03T01:12:17+00:00\",\"mainEntityOfPage\":{\"@id\":\"https:\/\/www.pressenza.com\/es\/2014\/09\/partido-humanista-participa-en-foro-de-sao-paulo-en-bolivia\/\"},\"wordCount\":1711,\"publisher\":{\"@id\":\"https:\/\/www.pressenza.com\/es\/#organization\"},\"image\":{\"@id\":\"https:\/\/www.pressenza.com\/es\/2014\/09\/partido-humanista-participa-en-foro-de-sao-paulo-en-bolivia\/#primaryimage\"},\"thumbnailUrl\":\"https:\/\/www.pressenza.com\/wp-content\/uploads\/2014\/09\/bolivia.jpeg\",\"articleSection\":[\"Contenido Original\",\"Entrevistas\",\"Pol\u00edtica\",\"Pueblos Originarios\",\"Sudam\u00e9rica\"],\"inLanguage\":\"es\"},{\"@type\":\"WebPage\",\"@id\":\"https:\/\/www.pressenza.com\/es\/2014\/09\/partido-humanista-participa-en-foro-de-sao-paulo-en-bolivia\/\",\"url\":\"https:\/\/www.pressenza.com\/es\/2014\/09\/partido-humanista-participa-en-foro-de-sao-paulo-en-bolivia\/\",\"name\":\"Partido Humanista participa en Foro de Sao Paulo, en Bolivia.\",\"isPartOf\":{\"@id\":\"https:\/\/www.pressenza.com\/es\/#website\"},\"primaryImageOfPage\":{\"@id\":\"https:\/\/www.pressenza.com\/es\/2014\/09\/partido-humanista-participa-en-foro-de-sao-paulo-en-bolivia\/#primaryimage\"},\"image\":{\"@id\":\"https:\/\/www.pressenza.com\/es\/2014\/09\/partido-humanista-participa-en-foro-de-sao-paulo-en-bolivia\/#primaryimage\"},\"thumbnailUrl\":\"https:\/\/www.pressenza.com\/wp-content\/uploads\/2014\/09\/bolivia.jpeg\",\"datePublished\":\"2014-09-03T01:12:17+00:00\",\"description\":\"\u00a0Durante la semana pasada, en La Paz, Bolivia, se realiz\u00f3 el Foro de Sao Paulo,\u00a0que re\u00fane a partidos y grupos de izquierda latinoamericanos. Este foro\",\"breadcrumb\":{\"@id\":\"https:\/\/www.pressenza.com\/es\/2014\/09\/partido-humanista-participa-en-foro-de-sao-paulo-en-bolivia\/#breadcrumb\"},\"inLanguage\":\"es\",\"potentialAction\":[{\"@type\":\"ReadAction\",\"target\":[\"https:\/\/www.pressenza.com\/es\/2014\/09\/partido-humanista-participa-en-foro-de-sao-paulo-en-bolivia\/\"]}]},{\"@type\":\"ImageObject\",\"inLanguage\":\"es\",\"@id\":\"https:\/\/www.pressenza.com\/es\/2014\/09\/partido-humanista-participa-en-foro-de-sao-paulo-en-bolivia\/#primaryimage\",\"url\":\"https:\/\/www.pressenza.com\/wp-content\/uploads\/2014\/09\/bolivia.jpeg\",\"contentUrl\":\"https:\/\/www.pressenza.com\/wp-content\/uploads\/2014\/09\/bolivia.jpeg\",\"width\":640,\"height\":480},{\"@type\":\"BreadcrumbList\",\"@id\":\"https:\/\/www.pressenza.com\/es\/2014\/09\/partido-humanista-participa-en-foro-de-sao-paulo-en-bolivia\/#breadcrumb\",\"itemListElement\":[{\"@type\":\"ListItem\",\"position\":1,\"name\":\"Accueil\",\"item\":\"https:\/\/www.pressenza.com\/es\/\"},{\"@type\":\"ListItem\",\"position\":2,\"name\":\"Partido Humanista participa en Foro de Sao Paulo, en Bolivia.\"}]},{\"@type\":\"WebSite\",\"@id\":\"https:\/\/www.pressenza.com\/es\/#website\",\"url\":\"https:\/\/www.pressenza.com\/es\/\",\"name\":\"Pressenza\",\"description\":\"International Press Agency\",\"publisher\":{\"@id\":\"https:\/\/www.pressenza.com\/es\/#organization\"},\"potentialAction\":[{\"@type\":\"SearchAction\",\"target\":{\"@type\":\"EntryPoint\",\"urlTemplate\":\"https:\/\/www.pressenza.com\/es\/?s={search_term_string}\"},\"query-input\":{\"@type\":\"PropertyValueSpecification\",\"valueRequired\":true,\"valueName\":\"search_term_string\"}}],\"inLanguage\":\"es\"},{\"@type\":\"Organization\",\"@id\":\"https:\/\/www.pressenza.com\/es\/#organization\",\"name\":\"Pressenza\",\"url\":\"https:\/\/www.pressenza.com\/es\/\",\"logo\":{\"@type\":\"ImageObject\",\"inLanguage\":\"es\",\"@id\":\"https:\/\/www.pressenza.com\/es\/#\/schema\/logo\/image\/\",\"url\":\"https:\/\/www.pressenza.com\/wp-content\/uploads\/2022\/10\/pressenza_logo_200x200.jpg\",\"contentUrl\":\"https:\/\/www.pressenza.com\/wp-content\/uploads\/2022\/10\/pressenza_logo_200x200.jpg\",\"width\":200,\"height\":200,\"caption\":\"Pressenza\"},\"image\":{\"@id\":\"https:\/\/www.pressenza.com\/es\/#\/schema\/logo\/image\/\"},\"sameAs\":[\"https:\/\/www.facebook.com\/PressenzaItalia\",\"https:\/\/x.com\/PressenzaIPA\"]},{\"@type\":\"Person\",\"@id\":\"https:\/\/www.pressenza.com\/es\/#\/schema\/person\/d7db40df35d6698ba69ba9ee260944ed\",\"name\":\"Redacci\u00f3n Chile\",\"description\":\"News from the Pressenza Bureau in Chile\",\"sameAs\":[\"https:\/\/www.facebook.com\/pressenza\",\"https:\/\/x.com\/pressenza\"],\"url\":\"https:\/\/www.pressenza.com\/es\/author\/redaccion-chile\/\"}]}<\/script>\n<!-- \/ Yoast SEO plugin. -->","yoast_head_json":{"title":"Partido Humanista participa en Foro de Sao Paulo, en Bolivia.","description":"\u00a0Durante la semana pasada, en La Paz, Bolivia, se realiz\u00f3 el Foro de Sao Paulo,\u00a0que re\u00fane a partidos y grupos de izquierda latinoamericanos. Este foro","robots":{"index":"index","follow":"follow","max-snippet":"max-snippet:-1","max-image-preview":"max-image-preview:large","max-video-preview":"max-video-preview:-1"},"canonical":"https:\/\/www.pressenza.com\/es\/2014\/09\/partido-humanista-participa-en-foro-de-sao-paulo-en-bolivia\/","og_locale":"es_ES","og_type":"article","og_title":"Partido Humanista participa en Foro de Sao Paulo, en Bolivia.","og_description":"\u00a0Durante la semana pasada, en La Paz, Bolivia, se realiz\u00f3 el Foro de Sao Paulo,\u00a0que re\u00fane a partidos y grupos de izquierda latinoamericanos. Este foro","og_url":"https:\/\/www.pressenza.com\/es\/2014\/09\/partido-humanista-participa-en-foro-de-sao-paulo-en-bolivia\/","og_site_name":"Pressenza","article_publisher":"https:\/\/www.facebook.com\/PressenzaItalia","article_author":"https:\/\/www.facebook.com\/pressenza","article_published_time":"2014-09-03T01:12:17+00:00","og_image":[{"width":640,"height":480,"url":"https:\/\/www.pressenza.com\/wp-content\/uploads\/2014\/09\/bolivia.jpeg","type":"image\/jpeg"}],"author":"Redacci\u00f3n Chile","twitter_card":"summary_large_image","twitter_creator":"@pressenza","twitter_site":"@PressenzaIPA","twitter_misc":{"Escrito por":"Redacci\u00f3n Chile","Tiempo de lectura":"9 minutos"},"schema":{"@context":"https:\/\/schema.org","@graph":[{"@type":"Article","@id":"https:\/\/www.pressenza.com\/es\/2014\/09\/partido-humanista-participa-en-foro-de-sao-paulo-en-bolivia\/#article","isPartOf":{"@id":"https:\/\/www.pressenza.com\/es\/2014\/09\/partido-humanista-participa-en-foro-de-sao-paulo-en-bolivia\/"},"author":{"name":"Redacci\u00f3n Chile","@id":"https:\/\/www.pressenza.com\/es\/#\/schema\/person\/d7db40df35d6698ba69ba9ee260944ed"},"headline":"Partido Humanista participa en Foro de Sao Paulo, en Bolivia.","datePublished":"2014-09-03T01:12:17+00:00","mainEntityOfPage":{"@id":"https:\/\/www.pressenza.com\/es\/2014\/09\/partido-humanista-participa-en-foro-de-sao-paulo-en-bolivia\/"},"wordCount":1711,"publisher":{"@id":"https:\/\/www.pressenza.com\/es\/#organization"},"image":{"@id":"https:\/\/www.pressenza.com\/es\/2014\/09\/partido-humanista-participa-en-foro-de-sao-paulo-en-bolivia\/#primaryimage"},"thumbnailUrl":"https:\/\/www.pressenza.com\/wp-content\/uploads\/2014\/09\/bolivia.jpeg","articleSection":["Contenido Original","Entrevistas","Pol\u00edtica","Pueblos Originarios","Sudam\u00e9rica"],"inLanguage":"es"},{"@type":"WebPage","@id":"https:\/\/www.pressenza.com\/es\/2014\/09\/partido-humanista-participa-en-foro-de-sao-paulo-en-bolivia\/","url":"https:\/\/www.pressenza.com\/es\/2014\/09\/partido-humanista-participa-en-foro-de-sao-paulo-en-bolivia\/","name":"Partido Humanista participa en Foro de Sao Paulo, en Bolivia.","isPartOf":{"@id":"https:\/\/www.pressenza.com\/es\/#website"},"primaryImageOfPage":{"@id":"https:\/\/www.pressenza.com\/es\/2014\/09\/partido-humanista-participa-en-foro-de-sao-paulo-en-bolivia\/#primaryimage"},"image":{"@id":"https:\/\/www.pressenza.com\/es\/2014\/09\/partido-humanista-participa-en-foro-de-sao-paulo-en-bolivia\/#primaryimage"},"thumbnailUrl":"https:\/\/www.pressenza.com\/wp-content\/uploads\/2014\/09\/bolivia.jpeg","datePublished":"2014-09-03T01:12:17+00:00","description":"\u00a0Durante la semana pasada, en La Paz, Bolivia, se realiz\u00f3 el Foro de Sao Paulo,\u00a0que re\u00fane a partidos y grupos de izquierda latinoamericanos. Este foro","breadcrumb":{"@id":"https:\/\/www.pressenza.com\/es\/2014\/09\/partido-humanista-participa-en-foro-de-sao-paulo-en-bolivia\/#breadcrumb"},"inLanguage":"es","potentialAction":[{"@type":"ReadAction","target":["https:\/\/www.pressenza.com\/es\/2014\/09\/partido-humanista-participa-en-foro-de-sao-paulo-en-bolivia\/"]}]},{"@type":"ImageObject","inLanguage":"es","@id":"https:\/\/www.pressenza.com\/es\/2014\/09\/partido-humanista-participa-en-foro-de-sao-paulo-en-bolivia\/#primaryimage","url":"https:\/\/www.pressenza.com\/wp-content\/uploads\/2014\/09\/bolivia.jpeg","contentUrl":"https:\/\/www.pressenza.com\/wp-content\/uploads\/2014\/09\/bolivia.jpeg","width":640,"height":480},{"@type":"BreadcrumbList","@id":"https:\/\/www.pressenza.com\/es\/2014\/09\/partido-humanista-participa-en-foro-de-sao-paulo-en-bolivia\/#breadcrumb","itemListElement":[{"@type":"ListItem","position":1,"name":"Accueil","item":"https:\/\/www.pressenza.com\/es\/"},{"@type":"ListItem","position":2,"name":"Partido Humanista participa en Foro de Sao Paulo, en Bolivia."}]},{"@type":"WebSite","@id":"https:\/\/www.pressenza.com\/es\/#website","url":"https:\/\/www.pressenza.com\/es\/","name":"Pressenza","description":"International Press Agency","publisher":{"@id":"https:\/\/www.pressenza.com\/es\/#organization"},"potentialAction":[{"@type":"SearchAction","target":{"@type":"EntryPoint","urlTemplate":"https:\/\/www.pressenza.com\/es\/?s={search_term_string}"},"query-input":{"@type":"PropertyValueSpecification","valueRequired":true,"valueName":"search_term_string"}}],"inLanguage":"es"},{"@type":"Organization","@id":"https:\/\/www.pressenza.com\/es\/#organization","name":"Pressenza","url":"https:\/\/www.pressenza.com\/es\/","logo":{"@type":"ImageObject","inLanguage":"es","@id":"https:\/\/www.pressenza.com\/es\/#\/schema\/logo\/image\/","url":"https:\/\/www.pressenza.com\/wp-content\/uploads\/2022\/10\/pressenza_logo_200x200.jpg","contentUrl":"https:\/\/www.pressenza.com\/wp-content\/uploads\/2022\/10\/pressenza_logo_200x200.jpg","width":200,"height":200,"caption":"Pressenza"},"image":{"@id":"https:\/\/www.pressenza.com\/es\/#\/schema\/logo\/image\/"},"sameAs":["https:\/\/www.facebook.com\/PressenzaItalia","https:\/\/x.com\/PressenzaIPA"]},{"@type":"Person","@id":"https:\/\/www.pressenza.com\/es\/#\/schema\/person\/d7db40df35d6698ba69ba9ee260944ed","name":"Redacci\u00f3n Chile","description":"News from the Pressenza Bureau in Chile","sameAs":["https:\/\/www.facebook.com\/pressenza","https:\/\/x.com\/pressenza"],"url":"https:\/\/www.pressenza.com\/es\/author\/redaccion-chile\/"}]}},"place":"","original_article_url":"","_links":{"self":[{"href":"https:\/\/www.pressenza.com\/es\/wp-json\/wp\/v2\/posts\/129961","targetHints":{"allow":["GET"]}}],"collection":[{"href":"https:\/\/www.pressenza.com\/es\/wp-json\/wp\/v2\/posts"}],"about":[{"href":"https:\/\/www.pressenza.com\/es\/wp-json\/wp\/v2\/types\/post"}],"author":[{"embeddable":true,"href":"https:\/\/www.pressenza.com\/es\/wp-json\/wp\/v2\/users\/43"}],"replies":[{"embeddable":true,"href":"https:\/\/www.pressenza.com\/es\/wp-json\/wp\/v2\/comments?post=129961"}],"version-history":[{"count":0,"href":"https:\/\/www.pressenza.com\/es\/wp-json\/wp\/v2\/posts\/129961\/revisions"}],"wp:featuredmedia":[{"embeddable":true,"href":"https:\/\/www.pressenza.com\/es\/wp-json\/wp\/v2\/media\/129962"}],"wp:attachment":[{"href":"https:\/\/www.pressenza.com\/es\/wp-json\/wp\/v2\/media?parent=129961"}],"wp:term":[{"taxonomy":"category","embeddable":true,"href":"https:\/\/www.pressenza.com\/es\/wp-json\/wp\/v2\/categories?post=129961"},{"taxonomy":"post_tag","embeddable":true,"href":"https:\/\/www.pressenza.com\/es\/wp-json\/wp\/v2\/tags?post=129961"}],"curies":[{"name":"wp","href":"https:\/\/api.w.org\/{rel}","templated":true}]}}