{"id":1299205,"date":"2021-03-03T22:40:46","date_gmt":"2021-03-03T22:40:46","guid":{"rendered":"https:\/\/www.pressenza.com\/?p=1299205"},"modified":"2021-03-04T14:14:12","modified_gmt":"2021-03-04T14:14:12","slug":"miles-de-estudiantes-se-manifiestan-contra-el-proyecto-de-ley-de-educacion","status":"publish","type":"post","link":"https:\/\/www.pressenza.com\/es\/2021\/03\/miles-de-estudiantes-se-manifiestan-contra-el-proyecto-de-ley-de-educacion\/","title":{"rendered":"Miles de estudiantes se manifiestan contra el proyecto de ley de educaci\u00f3n"},"content":{"rendered":"<p><strong><em>En m\u00e1s de 10 ciudades de Grecia hubo una fuerte manifestaci\u00f3n de miles de estudiantes, como respuesta a los enormes cambios que se aproximan para las universidades y la educaci\u00f3n secundaria en medio de la pandemia, con cambios en las reglas de admisi\u00f3n, una dr\u00e1stica reducci\u00f3n de las admisiones y la creaci\u00f3n de un cuerpo policial universitario. <\/em><\/strong><\/p>\n<p>Particularmente, los manifestantes demandan la revocaci\u00f3n del proyecto de ley que se refiere a la introducci\u00f3n de un nivel m\u00ednimo para las admisiones en las AEI (Instituciones de Educaci\u00f3n Superior en Grecia, es decir, las universidades), la creaci\u00f3n de un cuerpo de guardias en las universidades y la supresi\u00f3n de los estudiantes \u00abeternos\u00bb. Entre las reivindicaciones consta la anulaci\u00f3n de la decisi\u00f3n de prohibir las concentraciones. El Comit\u00e9 Ejecutivo de la Confederaci\u00f3n solicita a los dirigentes sindicales, a trav\u00e9s de un comunicado, que marquen su presencia, tomando todas las medidas de protecci\u00f3n necesarias.<\/p>\n<p><img loading=\"lazy\" decoding=\"async\" class=\"alignnone size-medium wp-image-1299207\" src=\"https:\/\/www.pressenza.com\/wp-content\/uploads\/2021\/02\/p1-300x201.jpg\" alt=\"\" width=\"300\" height=\"201\" srcset=\"https:\/\/www.pressenza.com\/wp-content\/uploads\/2021\/02\/p1-300x201.jpg 300w, https:\/\/www.pressenza.com\/wp-content\/uploads\/2021\/02\/p1-720x482.jpg 720w, https:\/\/www.pressenza.com\/wp-content\/uploads\/2021\/02\/p1-768x514.jpg 768w, https:\/\/www.pressenza.com\/wp-content\/uploads\/2021\/02\/p1.jpg 845w\" sizes=\"auto, (max-width: 300px) 100vw, 300px\" \/><\/p>\n<p>Como se\u00f1ala la Confederaci\u00f3n de Funcionarios en su comunicado:<\/p>\n<p>\u00abEl gobierno del Sr. Mitsotakis, bajo el pretexto de la pandemia, refuerza su dominio sobre la represi\u00f3n y el autoritarismo, buscando un enmudecer a la sociedad griega. De hecho, en este momento, mientras arrasa con los derechos de los trabajadores, desprotege la salud p\u00fablica, masacra la seguridad social, presenta un proyecto de ley de educaci\u00f3n que pone a\u00fan m\u00e1s obst\u00e1culos a los ni\u00f1os de los niveles sociales m\u00e1s vulnerables, \u2018empuja\u2019 a los j\u00f3venes a las universidades privadas y crea un r\u00e9gimen policial en las universidades\u00bb.<\/p>\n<p>La Federaci\u00f3n Griega de Profesores de Ense\u00f1anza Secundaria Estatal exige la retirada del proyecto de ley y se opone al establecimiento de un nivel m\u00ednimo para la admisi\u00f3n. Tambi\u00e9n se opone a la creaci\u00f3n de un cuerpo policial universitario, se\u00f1alando que \u00abse est\u00e1 instalando un r\u00e9gimen de represi\u00f3n y vigilancia en las universidades\u00bb.<\/p>\n<p><img loading=\"lazy\" decoding=\"async\" class=\"alignnone size-medium wp-image-1299228\" src=\"https:\/\/www.pressenza.com\/wp-content\/uploads\/2021\/02\/p5-300x250.jpg\" alt=\"\" width=\"300\" height=\"250\" srcset=\"https:\/\/www.pressenza.com\/wp-content\/uploads\/2021\/02\/p5-300x250.jpg 300w, https:\/\/www.pressenza.com\/wp-content\/uploads\/2021\/02\/p5.jpg 720w\" sizes=\"auto, (max-width: 300px) 100vw, 300px\" \/> <img loading=\"lazy\" decoding=\"async\" class=\"alignnone size-medium wp-image-1299238\" src=\"https:\/\/www.pressenza.com\/wp-content\/uploads\/2021\/02\/p6-300x200.png\" alt=\"\" width=\"300\" height=\"200\" srcset=\"https:\/\/www.pressenza.com\/wp-content\/uploads\/2021\/02\/p6-300x200.png 300w, https:\/\/www.pressenza.com\/wp-content\/uploads\/2021\/02\/p6.png 720w\" sizes=\"auto, (max-width: 300px) 100vw, 300px\" \/> <img loading=\"lazy\" decoding=\"async\" class=\"alignnone size-medium wp-image-1299248\" src=\"https:\/\/www.pressenza.com\/wp-content\/uploads\/2021\/02\/p7-300x162.jpg\" alt=\"\" width=\"300\" height=\"162\" srcset=\"https:\/\/www.pressenza.com\/wp-content\/uploads\/2021\/02\/p7-300x162.jpg 300w, https:\/\/www.pressenza.com\/wp-content\/uploads\/2021\/02\/p7.jpg 720w\" sizes=\"auto, (max-width: 300px) 100vw, 300px\" \/> <img loading=\"lazy\" decoding=\"async\" class=\"alignnone size-medium wp-image-1299258\" src=\"https:\/\/www.pressenza.com\/wp-content\/uploads\/2021\/02\/p8-300x208.jpg\" alt=\"\" width=\"300\" height=\"208\" srcset=\"https:\/\/www.pressenza.com\/wp-content\/uploads\/2021\/02\/p8-300x208.jpg 300w, https:\/\/www.pressenza.com\/wp-content\/uploads\/2021\/02\/p8.jpg 720w\" sizes=\"auto, (max-width: 300px) 100vw, 300px\" \/> <img loading=\"lazy\" decoding=\"async\" class=\"alignnone size-medium wp-image-1299268\" src=\"https:\/\/www.pressenza.com\/wp-content\/uploads\/2021\/02\/p9-300x200.jpg\" alt=\"\" width=\"300\" height=\"200\" srcset=\"https:\/\/www.pressenza.com\/wp-content\/uploads\/2021\/02\/p9-300x200.jpg 300w, https:\/\/www.pressenza.com\/wp-content\/uploads\/2021\/02\/p9.jpg 720w\" sizes=\"auto, (max-width: 300px) 100vw, 300px\" \/> <img loading=\"lazy\" decoding=\"async\" class=\"alignnone size-medium wp-image-1299278\" src=\"https:\/\/www.pressenza.com\/wp-content\/uploads\/2021\/02\/p10-300x200.jpg\" alt=\"\" width=\"300\" height=\"200\" srcset=\"https:\/\/www.pressenza.com\/wp-content\/uploads\/2021\/02\/p10-300x200.jpg 300w, https:\/\/www.pressenza.com\/wp-content\/uploads\/2021\/02\/p10.jpg 720w\" sizes=\"auto, (max-width: 300px) 100vw, 300px\" \/> <img loading=\"lazy\" decoding=\"async\" class=\"alignnone size-medium wp-image-1299288\" src=\"https:\/\/www.pressenza.com\/wp-content\/uploads\/2021\/02\/p11-300x248.png\" alt=\"\" width=\"300\" height=\"248\" srcset=\"https:\/\/www.pressenza.com\/wp-content\/uploads\/2021\/02\/p11-300x248.png 300w, https:\/\/www.pressenza.com\/wp-content\/uploads\/2021\/02\/p11.png 720w\" sizes=\"auto, (max-width: 300px) 100vw, 300px\" \/> <img loading=\"lazy\" decoding=\"async\" class=\"alignnone size-medium wp-image-1299298\" src=\"https:\/\/www.pressenza.com\/wp-content\/uploads\/2021\/02\/p1-1-300x201.jpg\" alt=\"\" width=\"300\" height=\"201\" srcset=\"https:\/\/www.pressenza.com\/wp-content\/uploads\/2021\/02\/p1-1-300x201.jpg 300w, https:\/\/www.pressenza.com\/wp-content\/uploads\/2021\/02\/p1-1-720x482.jpg 720w, https:\/\/www.pressenza.com\/wp-content\/uploads\/2021\/02\/p1-1-768x514.jpg 768w, https:\/\/www.pressenza.com\/wp-content\/uploads\/2021\/02\/p1-1.jpg 845w\" sizes=\"auto, (max-width: 300px) 100vw, 300px\" \/> <img loading=\"lazy\" decoding=\"async\" class=\"alignnone size-medium wp-image-1299308\" src=\"https:\/\/www.pressenza.com\/wp-content\/uploads\/2021\/02\/p2-300x233.jpg\" alt=\"\" width=\"300\" height=\"233\" srcset=\"https:\/\/www.pressenza.com\/wp-content\/uploads\/2021\/02\/p2-300x233.jpg 300w, https:\/\/www.pressenza.com\/wp-content\/uploads\/2021\/02\/p2.jpg 720w\" sizes=\"auto, (max-width: 300px) 100vw, 300px\" \/> <img loading=\"lazy\" decoding=\"async\" class=\"alignnone size-medium wp-image-1299319\" src=\"https:\/\/www.pressenza.com\/wp-content\/uploads\/2021\/02\/p3-300x200.jpg\" alt=\"\" width=\"300\" height=\"200\" srcset=\"https:\/\/www.pressenza.com\/wp-content\/uploads\/2021\/02\/p3-300x200.jpg 300w, https:\/\/www.pressenza.com\/wp-content\/uploads\/2021\/02\/p3.jpg 720w\" sizes=\"auto, (max-width: 300px) 100vw, 300px\" \/> <img loading=\"lazy\" decoding=\"async\" class=\"alignnone size-medium wp-image-1299329\" src=\"https:\/\/www.pressenza.com\/wp-content\/uploads\/2021\/02\/p4-300x200.jpg\" alt=\"\" width=\"300\" height=\"200\" srcset=\"https:\/\/www.pressenza.com\/wp-content\/uploads\/2021\/02\/p4-300x200.jpg 300w, https:\/\/www.pressenza.com\/wp-content\/uploads\/2021\/02\/p4.jpg 720w\" sizes=\"auto, (max-width: 300px) 100vw, 300px\" \/><\/p>\n<p><em>Traducci\u00f3n realizada por Jeannette A. Arduino, miembro del equipo de traductores voluntarios para Pressenza. <\/em><a href=\"mailto:marilu.rojas@pressenza.com\"><em>\u00a1Buscamos voluntarios!<\/em><\/a><\/p>\n<p>&nbsp;<\/p>\n<hr \/>\n<p><em>Traducido del ingl\u00e9s por: Alanissis Flores<\/em><\/p>\n<div style=\"position: relative; overflow: hidden; width: 100%; padding-top: 56.25%;\"><iframe src=\"https:\/\/www.universal-video.com\/pressenza.php?url=935971540-\" style=\"position: absolute; top: 0; left: 0; bottom: 0; right: 0; width: 100%; height: 100%;\" allowfullscreen=\"allowfullscreen\"><\/iframe><\/div>\n","protected":false},"excerpt":{"rendered":"<p>En m\u00e1s de 10 ciudades de Grecia hubo una fuerte manifestaci\u00f3n de miles de estudiantes, como respuesta a los enormes cambios que se aproximan para las universidades y la educaci\u00f3n secundaria en medio de la pandemia, con cambios en las&hellip;<\/p>\n","protected":false},"author":1220,"featured_media":1286953,"comment_status":"closed","ping_status":"closed","sticky":false,"template":"","format":"standard","meta":{"footnotes":""},"categories":[1230,66,5667,25678],"tags":[87453,51789,4922,526,5126,25107,4342],"class_list":["post-1299205","post","type-post","status-publish","format-standard","has-post-thumbnail","hentry","category-educacion-tema","category-europa-es","category-foto-reportajes","category-video-es","tag-adedy-es","tag-atenas","tag-estudiantes","tag-manifestacion","tag-manifestaciones","tag-manifestaciones-estudiantiles","tag-universidades"],"yoast_head":"<!-- This site is optimized with the Yoast SEO plugin v27.1.1 - https:\/\/yoast.com\/product\/yoast-seo-wordpress\/ -->\n<title>Miles de estudiantes se manifiestan contra el proyecto de ley de educaci\u00f3n<\/title>\n<meta name=\"description\" content=\"En m\u00e1s de 10 ciudades de Grecia hubo una fuerte manifestaci\u00f3n de miles de estudiantes, como respuesta a los enormes cambios que se aproximan para las\" \/>\n<meta name=\"robots\" content=\"index, follow, max-snippet:-1, max-image-preview:large, max-video-preview:-1\" \/>\n<link rel=\"canonical\" href=\"https:\/\/www.pressenza.com\/es\/2021\/03\/miles-de-estudiantes-se-manifiestan-contra-el-proyecto-de-ley-de-educacion\/\" \/>\n<meta property=\"og:locale\" content=\"es_ES\" \/>\n<meta property=\"og:type\" content=\"article\" \/>\n<meta property=\"og:title\" content=\"Miles de estudiantes se manifiestan contra el proyecto de ley de educaci\u00f3n\" \/>\n<meta property=\"og:description\" content=\"En m\u00e1s de 10 ciudades de Grecia hubo una fuerte manifestaci\u00f3n de miles de estudiantes, como respuesta a los enormes cambios que se aproximan para las\" \/>\n<meta property=\"og:url\" content=\"https:\/\/www.pressenza.com\/es\/2021\/03\/miles-de-estudiantes-se-manifiestan-contra-el-proyecto-de-ley-de-educacion\/\" \/>\n<meta property=\"og:site_name\" content=\"Pressenza\" \/>\n<meta property=\"article:publisher\" content=\"https:\/\/www.facebook.com\/PressenzaItalia\" \/>\n<meta property=\"article:author\" content=\"https:\/\/www.facebook.com\/pressenzagr\/\" \/>\n<meta property=\"article:published_time\" content=\"2021-03-03T22:40:46+00:00\" \/>\n<meta property=\"article:modified_time\" content=\"2021-03-04T14:14:12+00:00\" \/>\n<meta property=\"og:image\" content=\"https:\/\/www.pressenza.com\/wp-content\/uploads\/2021\/01\/diadilosi-xiliadon-foititon-kata-tou-nomosxediou-1.jpg\" \/>\n\t<meta property=\"og:image:width\" content=\"1864\" \/>\n\t<meta property=\"og:image:height\" content=\"1116\" \/>\n\t<meta property=\"og:image:type\" content=\"image\/jpeg\" \/>\n<meta name=\"author\" content=\"Pressenza Athens\" \/>\n<meta name=\"twitter:card\" content=\"summary_large_image\" \/>\n<meta name=\"twitter:creator\" content=\"@Pressenza_ath\" \/>\n<meta name=\"twitter:site\" content=\"@PressenzaIPA\" \/>\n<meta name=\"twitter:label1\" content=\"Escrito por\" \/>\n\t<meta name=\"twitter:data1\" content=\"Pressenza Athens\" \/>\n\t<meta name=\"twitter:label2\" content=\"Tiempo de lectura\" \/>\n\t<meta name=\"twitter:data2\" content=\"2 minutos\" \/>\n<script type=\"application\/ld+json\" class=\"yoast-schema-graph\">{\"@context\":\"https:\/\/schema.org\",\"@graph\":[{\"@type\":\"Article\",\"@id\":\"https:\/\/www.pressenza.com\/es\/2021\/03\/miles-de-estudiantes-se-manifiestan-contra-el-proyecto-de-ley-de-educacion\/#article\",\"isPartOf\":{\"@id\":\"https:\/\/www.pressenza.com\/es\/2021\/03\/miles-de-estudiantes-se-manifiestan-contra-el-proyecto-de-ley-de-educacion\/\"},\"author\":{\"name\":\"Pressenza Athens\",\"@id\":\"https:\/\/www.pressenza.com\/es\/#\/schema\/person\/9eae8d7f0aad5ec6a7f6f21ec94480fb\"},\"headline\":\"Miles de estudiantes se manifiestan contra el proyecto de ley de educaci\u00f3n\",\"datePublished\":\"2021-03-03T22:40:46+00:00\",\"dateModified\":\"2021-03-04T14:14:12+00:00\",\"mainEntityOfPage\":{\"@id\":\"https:\/\/www.pressenza.com\/es\/2021\/03\/miles-de-estudiantes-se-manifiestan-contra-el-proyecto-de-ley-de-educacion\/\"},\"wordCount\":373,\"publisher\":{\"@id\":\"https:\/\/www.pressenza.com\/es\/#organization\"},\"image\":{\"@id\":\"https:\/\/www.pressenza.com\/es\/2021\/03\/miles-de-estudiantes-se-manifiestan-contra-el-proyecto-de-ley-de-educacion\/#primaryimage\"},\"thumbnailUrl\":\"https:\/\/www.pressenza.com\/wp-content\/uploads\/2021\/01\/diadilosi-xiliadon-foititon-kata-tou-nomosxediou-1.jpg\",\"keywords\":[\"ADEDY\",\"Atenas\",\"estudiantes\",\"manifestaci\u00f3n\",\"Manifestaciones\",\"manifestaciones estudiantiles\",\"universidades\"],\"articleSection\":[\"Educaci\u00f3n\",\"Europa\",\"Fotorreportajes\",\"Video\"],\"inLanguage\":\"es\"},{\"@type\":\"WebPage\",\"@id\":\"https:\/\/www.pressenza.com\/es\/2021\/03\/miles-de-estudiantes-se-manifiestan-contra-el-proyecto-de-ley-de-educacion\/\",\"url\":\"https:\/\/www.pressenza.com\/es\/2021\/03\/miles-de-estudiantes-se-manifiestan-contra-el-proyecto-de-ley-de-educacion\/\",\"name\":\"Miles de estudiantes se manifiestan contra el proyecto de ley de educaci\u00f3n\",\"isPartOf\":{\"@id\":\"https:\/\/www.pressenza.com\/es\/#website\"},\"primaryImageOfPage\":{\"@id\":\"https:\/\/www.pressenza.com\/es\/2021\/03\/miles-de-estudiantes-se-manifiestan-contra-el-proyecto-de-ley-de-educacion\/#primaryimage\"},\"image\":{\"@id\":\"https:\/\/www.pressenza.com\/es\/2021\/03\/miles-de-estudiantes-se-manifiestan-contra-el-proyecto-de-ley-de-educacion\/#primaryimage\"},\"thumbnailUrl\":\"https:\/\/www.pressenza.com\/wp-content\/uploads\/2021\/01\/diadilosi-xiliadon-foititon-kata-tou-nomosxediou-1.jpg\",\"datePublished\":\"2021-03-03T22:40:46+00:00\",\"dateModified\":\"2021-03-04T14:14:12+00:00\",\"description\":\"En m\u00e1s de 10 ciudades de Grecia hubo una fuerte manifestaci\u00f3n de miles de estudiantes, como respuesta a los enormes cambios que se aproximan para las\",\"breadcrumb\":{\"@id\":\"https:\/\/www.pressenza.com\/es\/2021\/03\/miles-de-estudiantes-se-manifiestan-contra-el-proyecto-de-ley-de-educacion\/#breadcrumb\"},\"inLanguage\":\"es\",\"potentialAction\":[{\"@type\":\"ReadAction\",\"target\":[\"https:\/\/www.pressenza.com\/es\/2021\/03\/miles-de-estudiantes-se-manifiestan-contra-el-proyecto-de-ley-de-educacion\/\"]}]},{\"@type\":\"ImageObject\",\"inLanguage\":\"es\",\"@id\":\"https:\/\/www.pressenza.com\/es\/2021\/03\/miles-de-estudiantes-se-manifiestan-contra-el-proyecto-de-ley-de-educacion\/#primaryimage\",\"url\":\"https:\/\/www.pressenza.com\/wp-content\/uploads\/2021\/01\/diadilosi-xiliadon-foititon-kata-tou-nomosxediou-1.jpg\",\"contentUrl\":\"https:\/\/www.pressenza.com\/wp-content\/uploads\/2021\/01\/diadilosi-xiliadon-foititon-kata-tou-nomosxediou-1.jpg\",\"width\":1864,\"height\":1116,\"caption\":\"(Photo: Chrysoula Patsou)\"},{\"@type\":\"BreadcrumbList\",\"@id\":\"https:\/\/www.pressenza.com\/es\/2021\/03\/miles-de-estudiantes-se-manifiestan-contra-el-proyecto-de-ley-de-educacion\/#breadcrumb\",\"itemListElement\":[{\"@type\":\"ListItem\",\"position\":1,\"name\":\"Accueil\",\"item\":\"https:\/\/www.pressenza.com\/es\/\"},{\"@type\":\"ListItem\",\"position\":2,\"name\":\"Miles de estudiantes se manifiestan contra el proyecto de ley de educaci\u00f3n\"}]},{\"@type\":\"WebSite\",\"@id\":\"https:\/\/www.pressenza.com\/es\/#website\",\"url\":\"https:\/\/www.pressenza.com\/es\/\",\"name\":\"Pressenza\",\"description\":\"International Press Agency\",\"publisher\":{\"@id\":\"https:\/\/www.pressenza.com\/es\/#organization\"},\"potentialAction\":[{\"@type\":\"SearchAction\",\"target\":{\"@type\":\"EntryPoint\",\"urlTemplate\":\"https:\/\/www.pressenza.com\/es\/?s={search_term_string}\"},\"query-input\":{\"@type\":\"PropertyValueSpecification\",\"valueRequired\":true,\"valueName\":\"search_term_string\"}}],\"inLanguage\":\"es\"},{\"@type\":\"Organization\",\"@id\":\"https:\/\/www.pressenza.com\/es\/#organization\",\"name\":\"Pressenza\",\"url\":\"https:\/\/www.pressenza.com\/es\/\",\"logo\":{\"@type\":\"ImageObject\",\"inLanguage\":\"es\",\"@id\":\"https:\/\/www.pressenza.com\/es\/#\/schema\/logo\/image\/\",\"url\":\"https:\/\/www.pressenza.com\/wp-content\/uploads\/2022\/10\/pressenza_logo_200x200.jpg\",\"contentUrl\":\"https:\/\/www.pressenza.com\/wp-content\/uploads\/2022\/10\/pressenza_logo_200x200.jpg\",\"width\":200,\"height\":200,\"caption\":\"Pressenza\"},\"image\":{\"@id\":\"https:\/\/www.pressenza.com\/es\/#\/schema\/logo\/image\/\"},\"sameAs\":[\"https:\/\/www.facebook.com\/PressenzaItalia\",\"https:\/\/x.com\/PressenzaIPA\"]},{\"@type\":\"Person\",\"@id\":\"https:\/\/www.pressenza.com\/es\/#\/schema\/person\/9eae8d7f0aad5ec6a7f6f21ec94480fb\",\"name\":\"Pressenza Athens\",\"description\":\"News from the Pressenza Bureau in Athens, Greece\",\"sameAs\":[\"https:\/\/www.facebook.com\/pressenzagr\/\",\"https:\/\/x.com\/Pressenza_ath\"],\"url\":\"https:\/\/www.pressenza.com\/es\/author\/pressenza-athens\/\"}]}<\/script>\n<!-- \/ Yoast SEO plugin. -->","yoast_head_json":{"title":"Miles de estudiantes se manifiestan contra el proyecto de ley de educaci\u00f3n","description":"En m\u00e1s de 10 ciudades de Grecia hubo una fuerte manifestaci\u00f3n de miles de estudiantes, como respuesta a los enormes cambios que se aproximan para las","robots":{"index":"index","follow":"follow","max-snippet":"max-snippet:-1","max-image-preview":"max-image-preview:large","max-video-preview":"max-video-preview:-1"},"canonical":"https:\/\/www.pressenza.com\/es\/2021\/03\/miles-de-estudiantes-se-manifiestan-contra-el-proyecto-de-ley-de-educacion\/","og_locale":"es_ES","og_type":"article","og_title":"Miles de estudiantes se manifiestan contra el proyecto de ley de educaci\u00f3n","og_description":"En m\u00e1s de 10 ciudades de Grecia hubo una fuerte manifestaci\u00f3n de miles de estudiantes, como respuesta a los enormes cambios que se aproximan para las","og_url":"https:\/\/www.pressenza.com\/es\/2021\/03\/miles-de-estudiantes-se-manifiestan-contra-el-proyecto-de-ley-de-educacion\/","og_site_name":"Pressenza","article_publisher":"https:\/\/www.facebook.com\/PressenzaItalia","article_author":"https:\/\/www.facebook.com\/pressenzagr\/","article_published_time":"2021-03-03T22:40:46+00:00","article_modified_time":"2021-03-04T14:14:12+00:00","og_image":[{"width":1864,"height":1116,"url":"https:\/\/www.pressenza.com\/wp-content\/uploads\/2021\/01\/diadilosi-xiliadon-foititon-kata-tou-nomosxediou-1.jpg","type":"image\/jpeg"}],"author":"Pressenza Athens","twitter_card":"summary_large_image","twitter_creator":"@Pressenza_ath","twitter_site":"@PressenzaIPA","twitter_misc":{"Escrito por":"Pressenza Athens","Tiempo de lectura":"2 minutos"},"schema":{"@context":"https:\/\/schema.org","@graph":[{"@type":"Article","@id":"https:\/\/www.pressenza.com\/es\/2021\/03\/miles-de-estudiantes-se-manifiestan-contra-el-proyecto-de-ley-de-educacion\/#article","isPartOf":{"@id":"https:\/\/www.pressenza.com\/es\/2021\/03\/miles-de-estudiantes-se-manifiestan-contra-el-proyecto-de-ley-de-educacion\/"},"author":{"name":"Pressenza Athens","@id":"https:\/\/www.pressenza.com\/es\/#\/schema\/person\/9eae8d7f0aad5ec6a7f6f21ec94480fb"},"headline":"Miles de estudiantes se manifiestan contra el proyecto de ley de educaci\u00f3n","datePublished":"2021-03-03T22:40:46+00:00","dateModified":"2021-03-04T14:14:12+00:00","mainEntityOfPage":{"@id":"https:\/\/www.pressenza.com\/es\/2021\/03\/miles-de-estudiantes-se-manifiestan-contra-el-proyecto-de-ley-de-educacion\/"},"wordCount":373,"publisher":{"@id":"https:\/\/www.pressenza.com\/es\/#organization"},"image":{"@id":"https:\/\/www.pressenza.com\/es\/2021\/03\/miles-de-estudiantes-se-manifiestan-contra-el-proyecto-de-ley-de-educacion\/#primaryimage"},"thumbnailUrl":"https:\/\/www.pressenza.com\/wp-content\/uploads\/2021\/01\/diadilosi-xiliadon-foititon-kata-tou-nomosxediou-1.jpg","keywords":["ADEDY","Atenas","estudiantes","manifestaci\u00f3n","Manifestaciones","manifestaciones estudiantiles","universidades"],"articleSection":["Educaci\u00f3n","Europa","Fotorreportajes","Video"],"inLanguage":"es"},{"@type":"WebPage","@id":"https:\/\/www.pressenza.com\/es\/2021\/03\/miles-de-estudiantes-se-manifiestan-contra-el-proyecto-de-ley-de-educacion\/","url":"https:\/\/www.pressenza.com\/es\/2021\/03\/miles-de-estudiantes-se-manifiestan-contra-el-proyecto-de-ley-de-educacion\/","name":"Miles de estudiantes se manifiestan contra el proyecto de ley de educaci\u00f3n","isPartOf":{"@id":"https:\/\/www.pressenza.com\/es\/#website"},"primaryImageOfPage":{"@id":"https:\/\/www.pressenza.com\/es\/2021\/03\/miles-de-estudiantes-se-manifiestan-contra-el-proyecto-de-ley-de-educacion\/#primaryimage"},"image":{"@id":"https:\/\/www.pressenza.com\/es\/2021\/03\/miles-de-estudiantes-se-manifiestan-contra-el-proyecto-de-ley-de-educacion\/#primaryimage"},"thumbnailUrl":"https:\/\/www.pressenza.com\/wp-content\/uploads\/2021\/01\/diadilosi-xiliadon-foititon-kata-tou-nomosxediou-1.jpg","datePublished":"2021-03-03T22:40:46+00:00","dateModified":"2021-03-04T14:14:12+00:00","description":"En m\u00e1s de 10 ciudades de Grecia hubo una fuerte manifestaci\u00f3n de miles de estudiantes, como respuesta a los enormes cambios que se aproximan para las","breadcrumb":{"@id":"https:\/\/www.pressenza.com\/es\/2021\/03\/miles-de-estudiantes-se-manifiestan-contra-el-proyecto-de-ley-de-educacion\/#breadcrumb"},"inLanguage":"es","potentialAction":[{"@type":"ReadAction","target":["https:\/\/www.pressenza.com\/es\/2021\/03\/miles-de-estudiantes-se-manifiestan-contra-el-proyecto-de-ley-de-educacion\/"]}]},{"@type":"ImageObject","inLanguage":"es","@id":"https:\/\/www.pressenza.com\/es\/2021\/03\/miles-de-estudiantes-se-manifiestan-contra-el-proyecto-de-ley-de-educacion\/#primaryimage","url":"https:\/\/www.pressenza.com\/wp-content\/uploads\/2021\/01\/diadilosi-xiliadon-foititon-kata-tou-nomosxediou-1.jpg","contentUrl":"https:\/\/www.pressenza.com\/wp-content\/uploads\/2021\/01\/diadilosi-xiliadon-foititon-kata-tou-nomosxediou-1.jpg","width":1864,"height":1116,"caption":"(Photo: Chrysoula Patsou)"},{"@type":"BreadcrumbList","@id":"https:\/\/www.pressenza.com\/es\/2021\/03\/miles-de-estudiantes-se-manifiestan-contra-el-proyecto-de-ley-de-educacion\/#breadcrumb","itemListElement":[{"@type":"ListItem","position":1,"name":"Accueil","item":"https:\/\/www.pressenza.com\/es\/"},{"@type":"ListItem","position":2,"name":"Miles de estudiantes se manifiestan contra el proyecto de ley de educaci\u00f3n"}]},{"@type":"WebSite","@id":"https:\/\/www.pressenza.com\/es\/#website","url":"https:\/\/www.pressenza.com\/es\/","name":"Pressenza","description":"International Press Agency","publisher":{"@id":"https:\/\/www.pressenza.com\/es\/#organization"},"potentialAction":[{"@type":"SearchAction","target":{"@type":"EntryPoint","urlTemplate":"https:\/\/www.pressenza.com\/es\/?s={search_term_string}"},"query-input":{"@type":"PropertyValueSpecification","valueRequired":true,"valueName":"search_term_string"}}],"inLanguage":"es"},{"@type":"Organization","@id":"https:\/\/www.pressenza.com\/es\/#organization","name":"Pressenza","url":"https:\/\/www.pressenza.com\/es\/","logo":{"@type":"ImageObject","inLanguage":"es","@id":"https:\/\/www.pressenza.com\/es\/#\/schema\/logo\/image\/","url":"https:\/\/www.pressenza.com\/wp-content\/uploads\/2022\/10\/pressenza_logo_200x200.jpg","contentUrl":"https:\/\/www.pressenza.com\/wp-content\/uploads\/2022\/10\/pressenza_logo_200x200.jpg","width":200,"height":200,"caption":"Pressenza"},"image":{"@id":"https:\/\/www.pressenza.com\/es\/#\/schema\/logo\/image\/"},"sameAs":["https:\/\/www.facebook.com\/PressenzaItalia","https:\/\/x.com\/PressenzaIPA"]},{"@type":"Person","@id":"https:\/\/www.pressenza.com\/es\/#\/schema\/person\/9eae8d7f0aad5ec6a7f6f21ec94480fb","name":"Pressenza Athens","description":"News from the Pressenza Bureau in Athens, Greece","sameAs":["https:\/\/www.facebook.com\/pressenzagr\/","https:\/\/x.com\/Pressenza_ath"],"url":"https:\/\/www.pressenza.com\/es\/author\/pressenza-athens\/"}]}},"place":"","original_article_url":"https:\/\/www.pressenza.com\/2021\/02\/thousands-of-students-demonstrate-against-the-education-bill\/","_links":{"self":[{"href":"https:\/\/www.pressenza.com\/es\/wp-json\/wp\/v2\/posts\/1299205","targetHints":{"allow":["GET"]}}],"collection":[{"href":"https:\/\/www.pressenza.com\/es\/wp-json\/wp\/v2\/posts"}],"about":[{"href":"https:\/\/www.pressenza.com\/es\/wp-json\/wp\/v2\/types\/post"}],"author":[{"embeddable":true,"href":"https:\/\/www.pressenza.com\/es\/wp-json\/wp\/v2\/users\/1220"}],"replies":[{"embeddable":true,"href":"https:\/\/www.pressenza.com\/es\/wp-json\/wp\/v2\/comments?post=1299205"}],"version-history":[{"count":0,"href":"https:\/\/www.pressenza.com\/es\/wp-json\/wp\/v2\/posts\/1299205\/revisions"}],"wp:featuredmedia":[{"embeddable":true,"href":"https:\/\/www.pressenza.com\/es\/wp-json\/wp\/v2\/media\/1286953"}],"wp:attachment":[{"href":"https:\/\/www.pressenza.com\/es\/wp-json\/wp\/v2\/media?parent=1299205"}],"wp:term":[{"taxonomy":"category","embeddable":true,"href":"https:\/\/www.pressenza.com\/es\/wp-json\/wp\/v2\/categories?post=1299205"},{"taxonomy":"post_tag","embeddable":true,"href":"https:\/\/www.pressenza.com\/es\/wp-json\/wp\/v2\/tags?post=1299205"}],"curies":[{"name":"wp","href":"https:\/\/api.w.org\/{rel}","templated":true}]}}