{"id":1299,"date":"2009-09-11T00:00:00","date_gmt":"2009-09-11T00:00:00","guid":{"rendered":""},"modified":"2009-09-28T05:01:04","modified_gmt":"2009-09-28T05:01:04","slug":"premios-nxbel-por-la-paz-y-la-marcha-mundial","status":"publish","type":"post","link":"https:\/\/www.pressenza.com\/es\/2009\/09\/premios-nxbel-por-la-paz-y-la-marcha-mundial\/","title":{"rendered":"Premios N\u00f3bel por la Paz y la Marcha Mundial"},"content":{"rendered":"<p>El coordinador de la Marcha Mundial (MM) en Europa, Giorgio Schultze tuvo un encuentro con la organizaci\u00f3n \u201cPremios N\u00f3bel por la Paz\u201d (\u201cNobel for Peace\u201d) que re\u00fane a 19 Premios N\u00f3bel de la Paz. <\/p>\n<p>El encuentro se realiz\u00f3 en Mil\u00e1n y participaron Giorgio Schultze, la Secretaria de Relaciones de la Marcha Mundial y Enzo Cursio, Secretario Ejecutivo de la Cumbre de los Premios Nobel de la Paz.<\/p>\n<p>Esta Cumbre se realiza en el mes de noviembre o diciembre de cada a\u00f1o. En el 2007 se  realiz\u00f3 en la ciudad de Roma y ah\u00ed fue redactada la \u201cCarta por un Mundo Sin Violencia\u201d (\u201cCharter for a World Without Violence\u201d), escrita y firmada por 19 Premios N\u00f3bel de la Paz.<\/p>\n<p>El Coordinador Europeo de la MM expres\u00f3: \u201cla Carta est\u00e1 en perfecta sinton\u00eda con los objetivos de la Marcha Mundial\u201d. En particular destac\u00f3 dos puntos: el punto Tres: \u201cEs esencial encaminarse sin dilaci\u00f3n hacia la eliminaci\u00f3n de las armas nucleares y de las armas de destrucci\u00f3n masiva\u201d y el punto Nueve \u201c\u2026 El principio moral de un mundo no-violento es: \u201cTrata a los dem\u00e1s como quieres que te traten\u201d.<\/p>\n<p>El encuentro de m\u00e1s de 3 horas de duraci\u00f3n, se dio en un clima amistoso y entusiasta. Se definieron varios puntos de acuerdo y de reciprocidad:<\/p>\n<p>\u201cPremios N\u00f3bel por la Paz\u201d adherir\u00e1 a la MM con la firma de un Acuerdo Protocolar al que adherir\u00e1n los 19 Premios N\u00f3bel de la Paz (de los cuales 4 han ya adherido personalmente).<\/p>\n<p>La cumbre 2009 se celebrar\u00e1 Berl\u00edn, 10 y 11 de noviembre, con ocasi\u00f3n de los 20 a\u00f1os de la ca\u00edda del Muro. El d\u00eda 11, en el momento central de la Cumbre, recibir\u00e1n en plenario, oficialmente a la Marcha Mundial.<\/p>\n<p>Cada Premio Nobel de la Paz recibir\u00e1 y acompa\u00f1ar\u00e1 la MM cuando llegue a su pa\u00eds (Gorbachov en Mosc\u00fa, Yunus en Bangladesh, P\u00e9rez Esquivel en Argentina, etc.).<\/p>\n<p>La Carta por un Mundo Sin Violencia ser\u00e1 parte integrante de los contenidos de la Marcha Mundial y ser\u00e1 llevada en todos los encuentros con los gobiernos para difundir a las autoridades locales, en las escuelas, entre las poblaciones.<\/p>\n<p>La Carta por un Mundo Sin Violencia y los documentos oficiales de la Marcha Mundial ser\u00e1n presentados a las Naciones Unidas.<\/p>\n<p>Los 19 Premios N\u00f3bel que integran la Cumbre son: Mairead Corrigan Maguire, Su Santidad el Dalai Lama, Mikhail Gorbachev, Lech Walesa, Frederik Willem De Klerk, Archbishop Desmond Mpilo Tutu, Jody Williams, Shirin Ebadi, Mohamed ElBaradei, John Hume, Carlos Filipe Ximenes Belo, Betty Williams, Muhammad Yunus, Adolfo Perez Esquivel, Wangari Maathai, International Physicians for the Prevention of Nuclear War, Red Cross, International Atomic Energy Agency, American Friends Service Committee, International Peace Bureau.<\/p>\n","protected":false},"excerpt":{"rendered":"<p>El coordinador de la MM en Europa, Giorgio Schultze tuvo un encuentro con la organizaci\u00f3n \u201cPremios N\u00f3bel por la Paz\u201d. La agrupaci\u00f3n recibir\u00e1  al equipo base de la Marcha Mundial en Berl\u00edn con ocasi\u00f3n de la Cumbre que realizar\u00e1n en el 20\u00ba aniversario de la ca\u00edda del muro. En esa ocasi\u00f3n, Silo ha sido invitado a disertar sobre el tema \u201cpaz y no violencia en el momento actual\u201d.<\/p>\n","protected":false},"author":19,"featured_media":0,"comment_status":"closed","ping_status":"open","sticky":false,"template":"","format":"standard","meta":{"footnotes":""},"categories":[75,66,39],"tags":[],"class_list":["post-1299","post","type-post","status-publish","format-standard","hentry","category-cultura-es","category-europa-es","category-internacional"],"yoast_head":"<!-- This site is optimized with the Yoast SEO plugin v27.1.1 - https:\/\/yoast.com\/product\/yoast-seo-wordpress\/ -->\n<title>Premios N\u00f3bel por la Paz y la Marcha Mundial<\/title>\n<meta name=\"description\" content=\"El coordinador de la MM en Europa, Giorgio Schultze tuvo un encuentro con la organizaci\u00f3n \u201cPremios N\u00f3bel por la Paz\u201d. La agrupaci\u00f3n recibir\u00e1 al equipo base de la Marcha Mundial en Berl\u00edn con ocasi\u00f3n de la Cumbre que realizar\u00e1n en el 20\u00ba aniversario de la ca\u00edda del muro. En esa ocasi\u00f3n, Silo ha sido invitado a disertar sobre el tema \u201cpaz y no violencia en el momento actual\u201d.\" \/>\n<meta name=\"robots\" content=\"index, follow, max-snippet:-1, max-image-preview:large, max-video-preview:-1\" \/>\n<link rel=\"canonical\" href=\"https:\/\/www.pressenza.com\/es\/2009\/09\/premios-nxbel-por-la-paz-y-la-marcha-mundial\/\" \/>\n<meta property=\"og:locale\" content=\"es_ES\" \/>\n<meta property=\"og:type\" content=\"article\" \/>\n<meta property=\"og:title\" content=\"Premios N\u00f3bel por la Paz y la Marcha Mundial\" \/>\n<meta property=\"og:description\" content=\"El coordinador de la MM en Europa, Giorgio Schultze tuvo un encuentro con la organizaci\u00f3n \u201cPremios N\u00f3bel por la Paz\u201d. La agrupaci\u00f3n recibir\u00e1 al equipo base de la Marcha Mundial en Berl\u00edn con ocasi\u00f3n de la Cumbre que realizar\u00e1n en el 20\u00ba aniversario de la ca\u00edda del muro. En esa ocasi\u00f3n, Silo ha sido invitado a disertar sobre el tema \u201cpaz y no violencia en el momento actual\u201d.\" \/>\n<meta property=\"og:url\" content=\"https:\/\/www.pressenza.com\/es\/2009\/09\/premios-nxbel-por-la-paz-y-la-marcha-mundial\/\" \/>\n<meta property=\"og:site_name\" content=\"Pressenza\" \/>\n<meta property=\"article:publisher\" content=\"https:\/\/www.facebook.com\/PressenzaItalia\" \/>\n<meta property=\"article:author\" content=\"https:\/\/www.facebook.com\/pressenza\" \/>\n<meta property=\"article:published_time\" content=\"2009-09-11T00:00:00+00:00\" \/>\n<meta property=\"article:modified_time\" content=\"2009-09-28T05:01:04+00:00\" \/>\n<meta name=\"author\" content=\"Pressenza IPA\" \/>\n<meta name=\"twitter:card\" content=\"summary_large_image\" \/>\n<meta name=\"twitter:creator\" content=\"@PressenzaIPA\" \/>\n<meta name=\"twitter:site\" content=\"@PressenzaIPA\" \/>\n<meta name=\"twitter:label1\" content=\"Escrito por\" \/>\n\t<meta name=\"twitter:data1\" content=\"Pressenza IPA\" \/>\n\t<meta name=\"twitter:label2\" content=\"Tiempo de lectura\" \/>\n\t<meta name=\"twitter:data2\" content=\"2 minutos\" \/>\n<script type=\"application\/ld+json\" class=\"yoast-schema-graph\">{\"@context\":\"https:\/\/schema.org\",\"@graph\":[{\"@type\":\"Article\",\"@id\":\"https:\/\/www.pressenza.com\/es\/2009\/09\/premios-nxbel-por-la-paz-y-la-marcha-mundial\/#article\",\"isPartOf\":{\"@id\":\"https:\/\/www.pressenza.com\/es\/2009\/09\/premios-nxbel-por-la-paz-y-la-marcha-mundial\/\"},\"author\":{\"name\":\"Pressenza IPA\",\"@id\":\"https:\/\/www.pressenza.com\/es\/#\/schema\/person\/010e5d02bcf40965427a1289a4cc8d75\"},\"headline\":\"Premios N\u00f3bel por la Paz y la Marcha Mundial\",\"datePublished\":\"2009-09-11T00:00:00+00:00\",\"dateModified\":\"2009-09-28T05:01:04+00:00\",\"mainEntityOfPage\":{\"@id\":\"https:\/\/www.pressenza.com\/es\/2009\/09\/premios-nxbel-por-la-paz-y-la-marcha-mundial\/\"},\"wordCount\":470,\"publisher\":{\"@id\":\"https:\/\/www.pressenza.com\/es\/#organization\"},\"articleSection\":[\"Cultura y Medios\",\"Europa\",\"Internacional\"],\"inLanguage\":\"es\"},{\"@type\":\"WebPage\",\"@id\":\"https:\/\/www.pressenza.com\/es\/2009\/09\/premios-nxbel-por-la-paz-y-la-marcha-mundial\/\",\"url\":\"https:\/\/www.pressenza.com\/es\/2009\/09\/premios-nxbel-por-la-paz-y-la-marcha-mundial\/\",\"name\":\"Premios N\u00f3bel por la Paz y la Marcha Mundial\",\"isPartOf\":{\"@id\":\"https:\/\/www.pressenza.com\/es\/#website\"},\"datePublished\":\"2009-09-11T00:00:00+00:00\",\"dateModified\":\"2009-09-28T05:01:04+00:00\",\"description\":\"El coordinador de la MM en Europa, Giorgio Schultze tuvo un encuentro con la organizaci\u00f3n \u201cPremios N\u00f3bel por la Paz\u201d. La agrupaci\u00f3n recibir\u00e1 al equipo base de la Marcha Mundial en Berl\u00edn con ocasi\u00f3n de la Cumbre que realizar\u00e1n en el 20\u00ba aniversario de la ca\u00edda del muro. En esa ocasi\u00f3n, Silo ha sido invitado a disertar sobre el tema \u201cpaz y no violencia en el momento actual\u201d.\",\"breadcrumb\":{\"@id\":\"https:\/\/www.pressenza.com\/es\/2009\/09\/premios-nxbel-por-la-paz-y-la-marcha-mundial\/#breadcrumb\"},\"inLanguage\":\"es\",\"potentialAction\":[{\"@type\":\"ReadAction\",\"target\":[\"https:\/\/www.pressenza.com\/es\/2009\/09\/premios-nxbel-por-la-paz-y-la-marcha-mundial\/\"]}]},{\"@type\":\"BreadcrumbList\",\"@id\":\"https:\/\/www.pressenza.com\/es\/2009\/09\/premios-nxbel-por-la-paz-y-la-marcha-mundial\/#breadcrumb\",\"itemListElement\":[{\"@type\":\"ListItem\",\"position\":1,\"name\":\"Accueil\",\"item\":\"https:\/\/www.pressenza.com\/es\/\"},{\"@type\":\"ListItem\",\"position\":2,\"name\":\"Premios N\u00f3bel por la Paz y la Marcha Mundial\"}]},{\"@type\":\"WebSite\",\"@id\":\"https:\/\/www.pressenza.com\/es\/#website\",\"url\":\"https:\/\/www.pressenza.com\/es\/\",\"name\":\"Pressenza\",\"description\":\"International Press Agency\",\"publisher\":{\"@id\":\"https:\/\/www.pressenza.com\/es\/#organization\"},\"potentialAction\":[{\"@type\":\"SearchAction\",\"target\":{\"@type\":\"EntryPoint\",\"urlTemplate\":\"https:\/\/www.pressenza.com\/es\/?s={search_term_string}\"},\"query-input\":{\"@type\":\"PropertyValueSpecification\",\"valueRequired\":true,\"valueName\":\"search_term_string\"}}],\"inLanguage\":\"es\"},{\"@type\":\"Organization\",\"@id\":\"https:\/\/www.pressenza.com\/es\/#organization\",\"name\":\"Pressenza\",\"url\":\"https:\/\/www.pressenza.com\/es\/\",\"logo\":{\"@type\":\"ImageObject\",\"inLanguage\":\"es\",\"@id\":\"https:\/\/www.pressenza.com\/es\/#\/schema\/logo\/image\/\",\"url\":\"https:\/\/www.pressenza.com\/wp-content\/uploads\/2022\/10\/pressenza_logo_200x200.jpg\",\"contentUrl\":\"https:\/\/www.pressenza.com\/wp-content\/uploads\/2022\/10\/pressenza_logo_200x200.jpg\",\"width\":200,\"height\":200,\"caption\":\"Pressenza\"},\"image\":{\"@id\":\"https:\/\/www.pressenza.com\/es\/#\/schema\/logo\/image\/\"},\"sameAs\":[\"https:\/\/www.facebook.com\/PressenzaItalia\",\"https:\/\/x.com\/PressenzaIPA\"]},{\"@type\":\"Person\",\"@id\":\"https:\/\/www.pressenza.com\/es\/#\/schema\/person\/010e5d02bcf40965427a1289a4cc8d75\",\"name\":\"Pressenza IPA\",\"description\":\"News from Pressenza IPA correspondents\",\"sameAs\":[\"https:\/\/www.facebook.com\/pressenza\",\"https:\/\/x.com\/PressenzaIPA\"],\"url\":\"https:\/\/www.pressenza.com\/es\/author\/pressenza-ipa\/\"}]}<\/script>\n<!-- \/ Yoast SEO plugin. -->","yoast_head_json":{"title":"Premios N\u00f3bel por la Paz y la Marcha Mundial","description":"El coordinador de la MM en Europa, Giorgio Schultze tuvo un encuentro con la organizaci\u00f3n \u201cPremios N\u00f3bel por la Paz\u201d. La agrupaci\u00f3n recibir\u00e1 al equipo base de la Marcha Mundial en Berl\u00edn con ocasi\u00f3n de la Cumbre que realizar\u00e1n en el 20\u00ba aniversario de la ca\u00edda del muro. En esa ocasi\u00f3n, Silo ha sido invitado a disertar sobre el tema \u201cpaz y no violencia en el momento actual\u201d.","robots":{"index":"index","follow":"follow","max-snippet":"max-snippet:-1","max-image-preview":"max-image-preview:large","max-video-preview":"max-video-preview:-1"},"canonical":"https:\/\/www.pressenza.com\/es\/2009\/09\/premios-nxbel-por-la-paz-y-la-marcha-mundial\/","og_locale":"es_ES","og_type":"article","og_title":"Premios N\u00f3bel por la Paz y la Marcha Mundial","og_description":"El coordinador de la MM en Europa, Giorgio Schultze tuvo un encuentro con la organizaci\u00f3n \u201cPremios N\u00f3bel por la Paz\u201d. La agrupaci\u00f3n recibir\u00e1 al equipo base de la Marcha Mundial en Berl\u00edn con ocasi\u00f3n de la Cumbre que realizar\u00e1n en el 20\u00ba aniversario de la ca\u00edda del muro. En esa ocasi\u00f3n, Silo ha sido invitado a disertar sobre el tema \u201cpaz y no violencia en el momento actual\u201d.","og_url":"https:\/\/www.pressenza.com\/es\/2009\/09\/premios-nxbel-por-la-paz-y-la-marcha-mundial\/","og_site_name":"Pressenza","article_publisher":"https:\/\/www.facebook.com\/PressenzaItalia","article_author":"https:\/\/www.facebook.com\/pressenza","article_published_time":"2009-09-11T00:00:00+00:00","article_modified_time":"2009-09-28T05:01:04+00:00","author":"Pressenza IPA","twitter_card":"summary_large_image","twitter_creator":"@PressenzaIPA","twitter_site":"@PressenzaIPA","twitter_misc":{"Escrito por":"Pressenza IPA","Tiempo de lectura":"2 minutos"},"schema":{"@context":"https:\/\/schema.org","@graph":[{"@type":"Article","@id":"https:\/\/www.pressenza.com\/es\/2009\/09\/premios-nxbel-por-la-paz-y-la-marcha-mundial\/#article","isPartOf":{"@id":"https:\/\/www.pressenza.com\/es\/2009\/09\/premios-nxbel-por-la-paz-y-la-marcha-mundial\/"},"author":{"name":"Pressenza IPA","@id":"https:\/\/www.pressenza.com\/es\/#\/schema\/person\/010e5d02bcf40965427a1289a4cc8d75"},"headline":"Premios N\u00f3bel por la Paz y la Marcha Mundial","datePublished":"2009-09-11T00:00:00+00:00","dateModified":"2009-09-28T05:01:04+00:00","mainEntityOfPage":{"@id":"https:\/\/www.pressenza.com\/es\/2009\/09\/premios-nxbel-por-la-paz-y-la-marcha-mundial\/"},"wordCount":470,"publisher":{"@id":"https:\/\/www.pressenza.com\/es\/#organization"},"articleSection":["Cultura y Medios","Europa","Internacional"],"inLanguage":"es"},{"@type":"WebPage","@id":"https:\/\/www.pressenza.com\/es\/2009\/09\/premios-nxbel-por-la-paz-y-la-marcha-mundial\/","url":"https:\/\/www.pressenza.com\/es\/2009\/09\/premios-nxbel-por-la-paz-y-la-marcha-mundial\/","name":"Premios N\u00f3bel por la Paz y la Marcha Mundial","isPartOf":{"@id":"https:\/\/www.pressenza.com\/es\/#website"},"datePublished":"2009-09-11T00:00:00+00:00","dateModified":"2009-09-28T05:01:04+00:00","description":"El coordinador de la MM en Europa, Giorgio Schultze tuvo un encuentro con la organizaci\u00f3n \u201cPremios N\u00f3bel por la Paz\u201d. La agrupaci\u00f3n recibir\u00e1 al equipo base de la Marcha Mundial en Berl\u00edn con ocasi\u00f3n de la Cumbre que realizar\u00e1n en el 20\u00ba aniversario de la ca\u00edda del muro. En esa ocasi\u00f3n, Silo ha sido invitado a disertar sobre el tema \u201cpaz y no violencia en el momento actual\u201d.","breadcrumb":{"@id":"https:\/\/www.pressenza.com\/es\/2009\/09\/premios-nxbel-por-la-paz-y-la-marcha-mundial\/#breadcrumb"},"inLanguage":"es","potentialAction":[{"@type":"ReadAction","target":["https:\/\/www.pressenza.com\/es\/2009\/09\/premios-nxbel-por-la-paz-y-la-marcha-mundial\/"]}]},{"@type":"BreadcrumbList","@id":"https:\/\/www.pressenza.com\/es\/2009\/09\/premios-nxbel-por-la-paz-y-la-marcha-mundial\/#breadcrumb","itemListElement":[{"@type":"ListItem","position":1,"name":"Accueil","item":"https:\/\/www.pressenza.com\/es\/"},{"@type":"ListItem","position":2,"name":"Premios N\u00f3bel por la Paz y la Marcha Mundial"}]},{"@type":"WebSite","@id":"https:\/\/www.pressenza.com\/es\/#website","url":"https:\/\/www.pressenza.com\/es\/","name":"Pressenza","description":"International Press Agency","publisher":{"@id":"https:\/\/www.pressenza.com\/es\/#organization"},"potentialAction":[{"@type":"SearchAction","target":{"@type":"EntryPoint","urlTemplate":"https:\/\/www.pressenza.com\/es\/?s={search_term_string}"},"query-input":{"@type":"PropertyValueSpecification","valueRequired":true,"valueName":"search_term_string"}}],"inLanguage":"es"},{"@type":"Organization","@id":"https:\/\/www.pressenza.com\/es\/#organization","name":"Pressenza","url":"https:\/\/www.pressenza.com\/es\/","logo":{"@type":"ImageObject","inLanguage":"es","@id":"https:\/\/www.pressenza.com\/es\/#\/schema\/logo\/image\/","url":"https:\/\/www.pressenza.com\/wp-content\/uploads\/2022\/10\/pressenza_logo_200x200.jpg","contentUrl":"https:\/\/www.pressenza.com\/wp-content\/uploads\/2022\/10\/pressenza_logo_200x200.jpg","width":200,"height":200,"caption":"Pressenza"},"image":{"@id":"https:\/\/www.pressenza.com\/es\/#\/schema\/logo\/image\/"},"sameAs":["https:\/\/www.facebook.com\/PressenzaItalia","https:\/\/x.com\/PressenzaIPA"]},{"@type":"Person","@id":"https:\/\/www.pressenza.com\/es\/#\/schema\/person\/010e5d02bcf40965427a1289a4cc8d75","name":"Pressenza IPA","description":"News from Pressenza IPA correspondents","sameAs":["https:\/\/www.facebook.com\/pressenza","https:\/\/x.com\/PressenzaIPA"],"url":"https:\/\/www.pressenza.com\/es\/author\/pressenza-ipa\/"}]}},"place":"Berl\u00edn","original_article_url":"","_links":{"self":[{"href":"https:\/\/www.pressenza.com\/es\/wp-json\/wp\/v2\/posts\/1299","targetHints":{"allow":["GET"]}}],"collection":[{"href":"https:\/\/www.pressenza.com\/es\/wp-json\/wp\/v2\/posts"}],"about":[{"href":"https:\/\/www.pressenza.com\/es\/wp-json\/wp\/v2\/types\/post"}],"author":[{"embeddable":true,"href":"https:\/\/www.pressenza.com\/es\/wp-json\/wp\/v2\/users\/19"}],"replies":[{"embeddable":true,"href":"https:\/\/www.pressenza.com\/es\/wp-json\/wp\/v2\/comments?post=1299"}],"version-history":[{"count":0,"href":"https:\/\/www.pressenza.com\/es\/wp-json\/wp\/v2\/posts\/1299\/revisions"}],"wp:attachment":[{"href":"https:\/\/www.pressenza.com\/es\/wp-json\/wp\/v2\/media?parent=1299"}],"wp:term":[{"taxonomy":"category","embeddable":true,"href":"https:\/\/www.pressenza.com\/es\/wp-json\/wp\/v2\/categories?post=1299"},{"taxonomy":"post_tag","embeddable":true,"href":"https:\/\/www.pressenza.com\/es\/wp-json\/wp\/v2\/tags?post=1299"}],"curies":[{"name":"wp","href":"https:\/\/api.w.org\/{rel}","templated":true}]}}