{"id":1298165,"date":"2021-02-15T03:40:30","date_gmt":"2021-02-15T03:40:30","guid":{"rendered":"https:\/\/www.pressenza.com\/?p=1298165"},"modified":"2021-02-15T17:46:47","modified_gmt":"2021-02-15T17:46:47","slug":"carnavales-o-celebracion-de-la-vida","status":"publish","type":"post","link":"https:\/\/www.pressenza.com\/es\/2021\/02\/carnavales-o-celebracion-de-la-vida\/","title":{"rendered":"Carnavales o celebraci\u00f3n de la vida"},"content":{"rendered":"<p>Por: Rossana Mendoza Zapata(*).<\/p>\n<p>Los\u00a0<a href=\"https:\/\/rpp.pe\/columnistas\/rossanamariamendozazapata\/pueblos-originarios-en-lucha-noticia-1270922\">pueblos originarios<\/a>\u00a0nos ense\u00f1an con sabidur\u00eda que la vida es el sentido y la finalidad de nuestra existencia, una vida en reciprocidad y agradecimiento,\u00a0 una vida que procura la armon\u00eda del individuo consigo mismo y en colectividad con todos los seres humanos y no humanos.<\/p>\n<p>La <a href=\"https:\/\/rpp.pe\/peru\/actualidad\/coronavirus-en-peru-pilar-mazzetti-esta-segunda-ola-tiene-un-comportamiento-mas-agresivo-de-la-covid-19-noticia-1317517\">segunda ola pand\u00e9mica<\/a>\u00a0la tenemos encima record\u00e1ndonos nuestra fr\u00e1gil humanidad y lo breve que parece el tr\u00e1nsito por la vida. Hemos despedido a muchos infectados por la COVID-19 o a consecuencia de los da\u00f1os colaterales de un sistema de salud colapsado. Por otro lado, tenemos miles de v\u00edctimas de violencia intrafamiliar o de un confinamiento que priva a millones de la posibilidad de ganarse el sustento en las calles.<\/p>\n<p>Pero en carnavales la vida se abre paso, la tristeza se asienta, las lesiones se curan o se aprende a vivir con ellas para seguir adelante; la solidaridad se multiplica sin milagros; y la pacha (mundo) se renueva una y otra vez en una maceta, un biohuerto, un jard\u00edn, una chacra peque\u00f1a o grande, no hay l\u00edmites, la madre tierra generosa nos dar\u00e1 sus frutos, y los ojos humanos contemplar\u00e1n las flores de temporada. En los calendarios agrofestivos andinos y amaz\u00f3nicos se inscribe esta nueva etapa con el clima particular que los pueblos originarios saben gestionar. Las lluvias hacen lo suyo, los sembr\u00edos y los pastos crecen y los animales pueden engordar, pero adem\u00e1s con la crecida de los r\u00edos hay que adaptar las viviendas y proteger las chacras.<\/p>\n<p>Este a\u00f1o no podremos jugar, bailar, cantar juntos en las calles y plazas, no habr\u00e1 patrullas, comparsas, qashuas, carros aleg\u00f3ricos, ni entrar\u00e1 el \u00d1o carnaval\u00f3n, tampoco gozaremos de las yunzadas y pasacalles; en los barrios no nos arrojaremos globos con agua o nos pintaremos el rostro, pero igual podemos celebrar la vida y la reproducci\u00f3n, que es el sentido m\u00e1s simple y profundo del carnaval. Las organizaciones en las ciudades y en el campo se preparan para congregarse virtualmente y mantener la costumbre, y a lo lejos, en las comunidades sin contagios har\u00e1n lo propio con prudencia, tal vez con carreras de caballos, ofrendas a la madre tierra, cantos, o quiz\u00e1 compartir\u00e1n alg\u00fan plato t\u00edpico de temporada.<\/p>\n<p>Si bien en las \u00faltimas semanas no dejamos de expresar condolencias y solidaridad a las familias que ven partir a sus seres queridos, toca recordar que no existe vida en vano y por eso honramos la memoria de los que se fueron. Los pueblos originarios nos ense\u00f1an con sabidur\u00eda que la vida es el sentido y la finalidad de nuestra existencia, una vida en reciprocidad y agradecimiento, una vida que procura la armon\u00eda del individuo consigo mismo y en colectividad con todos los seres humanos y no humanos, en eso consiste el buen vivir o sumak kawsay. Cabe entonces, en medio de nuestro dolor compartido respirar profundo, aunque cueste y dejarnos maravillar por los colores del shurpuy, waqanqi, gardenias, dalias, margaritas o los sencillos geranios; y permitir que las ni\u00f1as y ni\u00f1os puedan disfrutar su proximidad con la tierra, mientras los j\u00f3venes motivados por el carnaval se cantan una canci\u00f3n de amor o se env\u00edan mensajes por las redes sociales record\u00e1ndonos que, aunque vivamos con la muerte, todav\u00eda es posible re\u00edr y jugar en carnavales.<\/p>\n<p>(*) Texto original de portal online de RPP Noticias.<\/p>\n<p>Foto: Gobierno Regional de Ayacucho.<\/p>\n<p><a href=\"http:\/\/www.twitch.tv\/videos\/914885963\">https:\/\/www.twitch.tv\/videos\/914885963<\/a><\/p>\n","protected":false},"excerpt":{"rendered":"<p>Por: Rossana Mendoza Zapata(*). Los\u00a0pueblos originarios\u00a0nos ense\u00f1an con sabidur\u00eda que la vida es el sentido y la finalidad de nuestra existencia, una vida en reciprocidad y agradecimiento,\u00a0 una vida que procura la armon\u00eda del individuo consigo mismo y en colectividad&hellip;<\/p>\n","protected":false},"author":831,"featured_media":1298178,"comment_status":"closed","ping_status":"closed","sticky":false,"template":"","format":"standard","meta":{"footnotes":""},"categories":[75,78,161,80,20607,67],"tags":[5688,72471,22210],"class_list":["post-1298165","post","type-post","status-publish","format-standard","has-post-thumbnail","hentry","category-cultura-es","category-medio-ambiente-ecologia","category-opiniones","category-pueblos-originarios","category-sin-categorizar","category-sudamerica","tag-carnavales","tag-covid19-es","tag-pueblos-originarios"],"yoast_head":"<!-- This site is optimized with the Yoast SEO plugin v27.1.1 - https:\/\/yoast.com\/product\/yoast-seo-wordpress\/ -->\n<title>Carnavales o celebraci\u00f3n de la vida<\/title>\n<meta name=\"description\" content=\"Por: Rossana Mendoza Zapata(*). Los\u00a0pueblos originarios\u00a0nos ense\u00f1an con sabidur\u00eda que la vida es el sentido y la finalidad de nuestra existencia, una vida\" \/>\n<meta name=\"robots\" content=\"index, follow, max-snippet:-1, max-image-preview:large, max-video-preview:-1\" \/>\n<link rel=\"canonical\" href=\"https:\/\/www.pressenza.com\/es\/2021\/02\/carnavales-o-celebracion-de-la-vida\/\" \/>\n<meta property=\"og:locale\" content=\"es_ES\" \/>\n<meta property=\"og:type\" content=\"article\" \/>\n<meta property=\"og:title\" content=\"Carnavales o celebraci\u00f3n de la vida\" \/>\n<meta property=\"og:description\" content=\"Por: Rossana Mendoza Zapata(*). Los\u00a0pueblos originarios\u00a0nos ense\u00f1an con sabidur\u00eda que la vida es el sentido y la finalidad de nuestra existencia, una vida\" \/>\n<meta property=\"og:url\" content=\"https:\/\/www.pressenza.com\/es\/2021\/02\/carnavales-o-celebracion-de-la-vida\/\" \/>\n<meta property=\"og:site_name\" content=\"Pressenza\" \/>\n<meta property=\"article:publisher\" content=\"https:\/\/www.facebook.com\/PressenzaItalia\" \/>\n<meta property=\"article:published_time\" content=\"2021-02-15T03:40:30+00:00\" \/>\n<meta property=\"article:modified_time\" content=\"2021-02-15T17:46:47+00:00\" \/>\n<meta property=\"og:image\" content=\"https:\/\/www.pressenza.com\/wp-content\/uploads\/2021\/02\/carnaval-2.jpg\" \/>\n\t<meta property=\"og:image:width\" content=\"900\" \/>\n\t<meta property=\"og:image:height\" content=\"600\" \/>\n\t<meta property=\"og:image:type\" content=\"image\/jpeg\" \/>\n<meta name=\"author\" content=\"Redacci\u00f3n Per\u00fa\" \/>\n<meta name=\"twitter:card\" content=\"summary_large_image\" \/>\n<meta name=\"twitter:creator\" content=\"@PressenzaIPA\" \/>\n<meta name=\"twitter:site\" content=\"@PressenzaIPA\" \/>\n<meta name=\"twitter:label1\" content=\"Escrito por\" \/>\n\t<meta name=\"twitter:data1\" content=\"Redacci\u00f3n Per\u00fa\" \/>\n\t<meta name=\"twitter:label2\" content=\"Tiempo de lectura\" \/>\n\t<meta name=\"twitter:data2\" content=\"3 minutos\" \/>\n<script type=\"application\/ld+json\" class=\"yoast-schema-graph\">{\"@context\":\"https:\/\/schema.org\",\"@graph\":[{\"@type\":\"Article\",\"@id\":\"https:\/\/www.pressenza.com\/es\/2021\/02\/carnavales-o-celebracion-de-la-vida\/#article\",\"isPartOf\":{\"@id\":\"https:\/\/www.pressenza.com\/es\/2021\/02\/carnavales-o-celebracion-de-la-vida\/\"},\"author\":{\"name\":\"Redacci\u00f3n Per\u00fa\",\"@id\":\"https:\/\/www.pressenza.com\/es\/#\/schema\/person\/e86c29a41185b85084a478822f5de81b\"},\"headline\":\"Carnavales o celebraci\u00f3n de la vida\",\"datePublished\":\"2021-02-15T03:40:30+00:00\",\"dateModified\":\"2021-02-15T17:46:47+00:00\",\"mainEntityOfPage\":{\"@id\":\"https:\/\/www.pressenza.com\/es\/2021\/02\/carnavales-o-celebracion-de-la-vida\/\"},\"wordCount\":603,\"publisher\":{\"@id\":\"https:\/\/www.pressenza.com\/es\/#organization\"},\"image\":{\"@id\":\"https:\/\/www.pressenza.com\/es\/2021\/02\/carnavales-o-celebracion-de-la-vida\/#primaryimage\"},\"thumbnailUrl\":\"https:\/\/www.pressenza.com\/wp-content\/uploads\/2021\/02\/carnaval-2.jpg\",\"keywords\":[\"carnavales\",\"COVID19\",\"Pueblos Originarios\"],\"articleSection\":[\"Cultura y Medios\",\"Ecolog\u00eda y Medio Ambiente\",\"Opiniones\",\"Pueblos Originarios\",\"Sin categorizar\",\"Sudam\u00e9rica\"],\"inLanguage\":\"es\"},{\"@type\":\"WebPage\",\"@id\":\"https:\/\/www.pressenza.com\/es\/2021\/02\/carnavales-o-celebracion-de-la-vida\/\",\"url\":\"https:\/\/www.pressenza.com\/es\/2021\/02\/carnavales-o-celebracion-de-la-vida\/\",\"name\":\"Carnavales o celebraci\u00f3n de la vida\",\"isPartOf\":{\"@id\":\"https:\/\/www.pressenza.com\/es\/#website\"},\"primaryImageOfPage\":{\"@id\":\"https:\/\/www.pressenza.com\/es\/2021\/02\/carnavales-o-celebracion-de-la-vida\/#primaryimage\"},\"image\":{\"@id\":\"https:\/\/www.pressenza.com\/es\/2021\/02\/carnavales-o-celebracion-de-la-vida\/#primaryimage\"},\"thumbnailUrl\":\"https:\/\/www.pressenza.com\/wp-content\/uploads\/2021\/02\/carnaval-2.jpg\",\"datePublished\":\"2021-02-15T03:40:30+00:00\",\"dateModified\":\"2021-02-15T17:46:47+00:00\",\"description\":\"Por: Rossana Mendoza Zapata(*). Los\u00a0pueblos originarios\u00a0nos ense\u00f1an con sabidur\u00eda que la vida es el sentido y la finalidad de nuestra existencia, una vida\",\"breadcrumb\":{\"@id\":\"https:\/\/www.pressenza.com\/es\/2021\/02\/carnavales-o-celebracion-de-la-vida\/#breadcrumb\"},\"inLanguage\":\"es\",\"potentialAction\":[{\"@type\":\"ReadAction\",\"target\":[\"https:\/\/www.pressenza.com\/es\/2021\/02\/carnavales-o-celebracion-de-la-vida\/\"]}]},{\"@type\":\"ImageObject\",\"inLanguage\":\"es\",\"@id\":\"https:\/\/www.pressenza.com\/es\/2021\/02\/carnavales-o-celebracion-de-la-vida\/#primaryimage\",\"url\":\"https:\/\/www.pressenza.com\/wp-content\/uploads\/2021\/02\/carnaval-2.jpg\",\"contentUrl\":\"https:\/\/www.pressenza.com\/wp-content\/uploads\/2021\/02\/carnaval-2.jpg\",\"width\":900,\"height\":600},{\"@type\":\"BreadcrumbList\",\"@id\":\"https:\/\/www.pressenza.com\/es\/2021\/02\/carnavales-o-celebracion-de-la-vida\/#breadcrumb\",\"itemListElement\":[{\"@type\":\"ListItem\",\"position\":1,\"name\":\"Accueil\",\"item\":\"https:\/\/www.pressenza.com\/es\/\"},{\"@type\":\"ListItem\",\"position\":2,\"name\":\"Carnavales o celebraci\u00f3n de la vida\"}]},{\"@type\":\"WebSite\",\"@id\":\"https:\/\/www.pressenza.com\/es\/#website\",\"url\":\"https:\/\/www.pressenza.com\/es\/\",\"name\":\"Pressenza\",\"description\":\"International Press Agency\",\"publisher\":{\"@id\":\"https:\/\/www.pressenza.com\/es\/#organization\"},\"potentialAction\":[{\"@type\":\"SearchAction\",\"target\":{\"@type\":\"EntryPoint\",\"urlTemplate\":\"https:\/\/www.pressenza.com\/es\/?s={search_term_string}\"},\"query-input\":{\"@type\":\"PropertyValueSpecification\",\"valueRequired\":true,\"valueName\":\"search_term_string\"}}],\"inLanguage\":\"es\"},{\"@type\":\"Organization\",\"@id\":\"https:\/\/www.pressenza.com\/es\/#organization\",\"name\":\"Pressenza\",\"url\":\"https:\/\/www.pressenza.com\/es\/\",\"logo\":{\"@type\":\"ImageObject\",\"inLanguage\":\"es\",\"@id\":\"https:\/\/www.pressenza.com\/es\/#\/schema\/logo\/image\/\",\"url\":\"https:\/\/www.pressenza.com\/wp-content\/uploads\/2022\/10\/pressenza_logo_200x200.jpg\",\"contentUrl\":\"https:\/\/www.pressenza.com\/wp-content\/uploads\/2022\/10\/pressenza_logo_200x200.jpg\",\"width\":200,\"height\":200,\"caption\":\"Pressenza\"},\"image\":{\"@id\":\"https:\/\/www.pressenza.com\/es\/#\/schema\/logo\/image\/\"},\"sameAs\":[\"https:\/\/www.facebook.com\/PressenzaItalia\",\"https:\/\/x.com\/PressenzaIPA\"]},{\"@type\":\"Person\",\"@id\":\"https:\/\/www.pressenza.com\/es\/#\/schema\/person\/e86c29a41185b85084a478822f5de81b\",\"name\":\"Redacci\u00f3n Per\u00fa\",\"description\":\"News published by the Pressenza bureau in Peru\",\"url\":\"https:\/\/www.pressenza.com\/es\/author\/redaccion-peru\/\"}]}<\/script>\n<!-- \/ Yoast SEO plugin. -->","yoast_head_json":{"title":"Carnavales o celebraci\u00f3n de la vida","description":"Por: Rossana Mendoza Zapata(*). Los\u00a0pueblos originarios\u00a0nos ense\u00f1an con sabidur\u00eda que la vida es el sentido y la finalidad de nuestra existencia, una vida","robots":{"index":"index","follow":"follow","max-snippet":"max-snippet:-1","max-image-preview":"max-image-preview:large","max-video-preview":"max-video-preview:-1"},"canonical":"https:\/\/www.pressenza.com\/es\/2021\/02\/carnavales-o-celebracion-de-la-vida\/","og_locale":"es_ES","og_type":"article","og_title":"Carnavales o celebraci\u00f3n de la vida","og_description":"Por: Rossana Mendoza Zapata(*). Los\u00a0pueblos originarios\u00a0nos ense\u00f1an con sabidur\u00eda que la vida es el sentido y la finalidad de nuestra existencia, una vida","og_url":"https:\/\/www.pressenza.com\/es\/2021\/02\/carnavales-o-celebracion-de-la-vida\/","og_site_name":"Pressenza","article_publisher":"https:\/\/www.facebook.com\/PressenzaItalia","article_published_time":"2021-02-15T03:40:30+00:00","article_modified_time":"2021-02-15T17:46:47+00:00","og_image":[{"width":900,"height":600,"url":"https:\/\/www.pressenza.com\/wp-content\/uploads\/2021\/02\/carnaval-2.jpg","type":"image\/jpeg"}],"author":"Redacci\u00f3n Per\u00fa","twitter_card":"summary_large_image","twitter_creator":"@PressenzaIPA","twitter_site":"@PressenzaIPA","twitter_misc":{"Escrito por":"Redacci\u00f3n Per\u00fa","Tiempo de lectura":"3 minutos"},"schema":{"@context":"https:\/\/schema.org","@graph":[{"@type":"Article","@id":"https:\/\/www.pressenza.com\/es\/2021\/02\/carnavales-o-celebracion-de-la-vida\/#article","isPartOf":{"@id":"https:\/\/www.pressenza.com\/es\/2021\/02\/carnavales-o-celebracion-de-la-vida\/"},"author":{"name":"Redacci\u00f3n Per\u00fa","@id":"https:\/\/www.pressenza.com\/es\/#\/schema\/person\/e86c29a41185b85084a478822f5de81b"},"headline":"Carnavales o celebraci\u00f3n de la vida","datePublished":"2021-02-15T03:40:30+00:00","dateModified":"2021-02-15T17:46:47+00:00","mainEntityOfPage":{"@id":"https:\/\/www.pressenza.com\/es\/2021\/02\/carnavales-o-celebracion-de-la-vida\/"},"wordCount":603,"publisher":{"@id":"https:\/\/www.pressenza.com\/es\/#organization"},"image":{"@id":"https:\/\/www.pressenza.com\/es\/2021\/02\/carnavales-o-celebracion-de-la-vida\/#primaryimage"},"thumbnailUrl":"https:\/\/www.pressenza.com\/wp-content\/uploads\/2021\/02\/carnaval-2.jpg","keywords":["carnavales","COVID19","Pueblos Originarios"],"articleSection":["Cultura y Medios","Ecolog\u00eda y Medio Ambiente","Opiniones","Pueblos Originarios","Sin categorizar","Sudam\u00e9rica"],"inLanguage":"es"},{"@type":"WebPage","@id":"https:\/\/www.pressenza.com\/es\/2021\/02\/carnavales-o-celebracion-de-la-vida\/","url":"https:\/\/www.pressenza.com\/es\/2021\/02\/carnavales-o-celebracion-de-la-vida\/","name":"Carnavales o celebraci\u00f3n de la vida","isPartOf":{"@id":"https:\/\/www.pressenza.com\/es\/#website"},"primaryImageOfPage":{"@id":"https:\/\/www.pressenza.com\/es\/2021\/02\/carnavales-o-celebracion-de-la-vida\/#primaryimage"},"image":{"@id":"https:\/\/www.pressenza.com\/es\/2021\/02\/carnavales-o-celebracion-de-la-vida\/#primaryimage"},"thumbnailUrl":"https:\/\/www.pressenza.com\/wp-content\/uploads\/2021\/02\/carnaval-2.jpg","datePublished":"2021-02-15T03:40:30+00:00","dateModified":"2021-02-15T17:46:47+00:00","description":"Por: Rossana Mendoza Zapata(*). Los\u00a0pueblos originarios\u00a0nos ense\u00f1an con sabidur\u00eda que la vida es el sentido y la finalidad de nuestra existencia, una vida","breadcrumb":{"@id":"https:\/\/www.pressenza.com\/es\/2021\/02\/carnavales-o-celebracion-de-la-vida\/#breadcrumb"},"inLanguage":"es","potentialAction":[{"@type":"ReadAction","target":["https:\/\/www.pressenza.com\/es\/2021\/02\/carnavales-o-celebracion-de-la-vida\/"]}]},{"@type":"ImageObject","inLanguage":"es","@id":"https:\/\/www.pressenza.com\/es\/2021\/02\/carnavales-o-celebracion-de-la-vida\/#primaryimage","url":"https:\/\/www.pressenza.com\/wp-content\/uploads\/2021\/02\/carnaval-2.jpg","contentUrl":"https:\/\/www.pressenza.com\/wp-content\/uploads\/2021\/02\/carnaval-2.jpg","width":900,"height":600},{"@type":"BreadcrumbList","@id":"https:\/\/www.pressenza.com\/es\/2021\/02\/carnavales-o-celebracion-de-la-vida\/#breadcrumb","itemListElement":[{"@type":"ListItem","position":1,"name":"Accueil","item":"https:\/\/www.pressenza.com\/es\/"},{"@type":"ListItem","position":2,"name":"Carnavales o celebraci\u00f3n de la vida"}]},{"@type":"WebSite","@id":"https:\/\/www.pressenza.com\/es\/#website","url":"https:\/\/www.pressenza.com\/es\/","name":"Pressenza","description":"International Press Agency","publisher":{"@id":"https:\/\/www.pressenza.com\/es\/#organization"},"potentialAction":[{"@type":"SearchAction","target":{"@type":"EntryPoint","urlTemplate":"https:\/\/www.pressenza.com\/es\/?s={search_term_string}"},"query-input":{"@type":"PropertyValueSpecification","valueRequired":true,"valueName":"search_term_string"}}],"inLanguage":"es"},{"@type":"Organization","@id":"https:\/\/www.pressenza.com\/es\/#organization","name":"Pressenza","url":"https:\/\/www.pressenza.com\/es\/","logo":{"@type":"ImageObject","inLanguage":"es","@id":"https:\/\/www.pressenza.com\/es\/#\/schema\/logo\/image\/","url":"https:\/\/www.pressenza.com\/wp-content\/uploads\/2022\/10\/pressenza_logo_200x200.jpg","contentUrl":"https:\/\/www.pressenza.com\/wp-content\/uploads\/2022\/10\/pressenza_logo_200x200.jpg","width":200,"height":200,"caption":"Pressenza"},"image":{"@id":"https:\/\/www.pressenza.com\/es\/#\/schema\/logo\/image\/"},"sameAs":["https:\/\/www.facebook.com\/PressenzaItalia","https:\/\/x.com\/PressenzaIPA"]},{"@type":"Person","@id":"https:\/\/www.pressenza.com\/es\/#\/schema\/person\/e86c29a41185b85084a478822f5de81b","name":"Redacci\u00f3n Per\u00fa","description":"News published by the Pressenza bureau in Peru","url":"https:\/\/www.pressenza.com\/es\/author\/redaccion-peru\/"}]}},"place":"","original_article_url":"https:\/\/rpp.pe\/columnistas\/rossanamariamendozazapata\/carnavales-o-celebracion-de-la-vida-noticia-1320333","_links":{"self":[{"href":"https:\/\/www.pressenza.com\/es\/wp-json\/wp\/v2\/posts\/1298165","targetHints":{"allow":["GET"]}}],"collection":[{"href":"https:\/\/www.pressenza.com\/es\/wp-json\/wp\/v2\/posts"}],"about":[{"href":"https:\/\/www.pressenza.com\/es\/wp-json\/wp\/v2\/types\/post"}],"author":[{"embeddable":true,"href":"https:\/\/www.pressenza.com\/es\/wp-json\/wp\/v2\/users\/831"}],"replies":[{"embeddable":true,"href":"https:\/\/www.pressenza.com\/es\/wp-json\/wp\/v2\/comments?post=1298165"}],"version-history":[{"count":0,"href":"https:\/\/www.pressenza.com\/es\/wp-json\/wp\/v2\/posts\/1298165\/revisions"}],"wp:featuredmedia":[{"embeddable":true,"href":"https:\/\/www.pressenza.com\/es\/wp-json\/wp\/v2\/media\/1298178"}],"wp:attachment":[{"href":"https:\/\/www.pressenza.com\/es\/wp-json\/wp\/v2\/media?parent=1298165"}],"wp:term":[{"taxonomy":"category","embeddable":true,"href":"https:\/\/www.pressenza.com\/es\/wp-json\/wp\/v2\/categories?post=1298165"},{"taxonomy":"post_tag","embeddable":true,"href":"https:\/\/www.pressenza.com\/es\/wp-json\/wp\/v2\/tags?post=1298165"}],"curies":[{"name":"wp","href":"https:\/\/api.w.org\/{rel}","templated":true}]}}