{"id":1298008,"date":"2021-02-14T18:31:16","date_gmt":"2021-02-14T18:31:16","guid":{"rendered":"https:\/\/www.pressenza.com\/?p=1298008"},"modified":"2021-02-14T18:31:16","modified_gmt":"2021-02-14T18:31:16","slug":"las-ninas-no-se-tocan-no-se-violan-no-se-matan","status":"publish","type":"post","link":"https:\/\/www.pressenza.com\/es\/2021\/02\/las-ninas-no-se-tocan-no-se-violan-no-se-matan\/","title":{"rendered":"Las ni\u00f1as no se tocan, no se violan, no se matan."},"content":{"rendered":"<p>Guatemala transita por uno de los episodios m\u00e1s negros de su historia reciente. Desamparada e impotente ante el poder de las mafias, la poblaci\u00f3n se paraliza ante la realidad de un Estado secuestrado por organizaciones criminales que operan en connivencia con las m\u00e1s altas autoridades y la condenan al miedo y a la sumisi\u00f3n. Los esfuerzos de estos grupos por apoderarse del \u00faltimo basti\u00f3n de la justicia \u2013la Corte de Constitucionalidad- lleva un siniestro mensaje: la democracia, que tanta sangre y dolor ha costado desde los tiempos de las dictaduras, est\u00e1 a punto de ser aplastada por un pacto entre pol\u00edticos, \u00e9lites empresariales y militares ignorantes, codiciosos, obtusos y sedientos de poder.<\/p>\n<p>El escenario actual parece haber sido planificado en detalle para borrar hasta el \u00faltimo intento de oposici\u00f3n ciudadana y comienza a delinearse como un intento de acabar con cualquier resquicio de respeto por la Constituci\u00f3n y sus mandatos. La ciudadan\u00eda \u2013ese conglomerado en donde supuestamente reside el poder- se encuentra sitiada y ni\u00f1as, ni\u00f1os, adolescentes y mujeres parecen haber sido cuidadosamente escogidos como v\u00edctimas propiciatorias de esta escandalosa maniobra, dise\u00f1ada para acallar toda rebeli\u00f3n, silenciar a las masas y obligarlas a aceptar lo inaceptable.<\/p>\n<p>Los secuestros, desapariciones, violaciones y asesinatos de ni\u00f1as, ni\u00f1os y adolescentes han alcanzado niveles de terror. Los mensajes de alerta se han convertido en un cuadro cotidiano y, por lo mismo, han dejado de provocar reacciones, cre\u00e1ndose un ambiente de acostumbramiento a los peores actos de violencia contra el sector m\u00e1s inofensivo y vulnerable de la sociedad. Guatemala se presenta ante la comunidad internacional como un pa\u00eds de impunidad, como una naci\u00f3n en donde el crimen organizado impera y decide los destinos de la patria. Como un territorio carente de justicia, en donde la ley opera dependiendo del tama\u00f1o del soborno.<\/p>\n<p>Esta verg\u00fcenza de nivel planetario no afecta el negocio de las mafias, pero constituye un lastre inmenso y una constante amenaza para el futuro del pa\u00eds, cuya poblaci\u00f3n observa impotente c\u00f3mo se van por el barranco sus escasas oportunidades de alcanzar un desarrollo que, hasta ahora, ha sido sistem\u00e1ticamente saboteado por sus \u00e9lites empresariales y los cuadros pol\u00edticos m\u00e1s retr\u00f3grados y corruptos. Cualquier intento por revertir este estado de cosas -perfectamente consolidado para mantener los privilegios de estos sectores- requiere la intervenci\u00f3n directa de la ciudadan\u00eda. Pero la gente tiene miedo y ese miedo representa el pase libre para los criminales en el poder.<\/p>\n<p>A las ni\u00f1as, ni\u00f1os y adolescentes les est\u00e1 secuestrando, violando y asesinando el sistema. Para estas vidas inocentes no existe justicia; su destino, depende de instituciones capturadas por individuos nefastos coludidos con los victimarios, cuya indiferencia e inoperancia parecen ser parte del pacto criminal. Las ni\u00f1as y ni\u00f1os no se violan, no se tocan, no se asesinan. Quienes cometen estas atrocidades al amparo de una justicia ap\u00e1tica y corrupta merecen castigos ejemplares y definitivos. Asimismo, quienes pretenden \u2013con actitud paternalista y condescendiente- someter a ni\u00f1as, ni\u00f1os, adolescentes y mujeres al encierro para no ser v\u00edctimas de estas acciones viles, se convierten en c\u00f3mplices de los criminales. Pretender adjudicarles la culpa por los ataques siniestros que sufren en todos los espacios es una absoluta aberraci\u00f3n. Las calles, escuelas, templos y hogares deben ser santuario de protecci\u00f3n para lo m\u00e1s valioso de la sociedad y no rincones propicios para el abuso.<\/p>\n","protected":false},"excerpt":{"rendered":"<p>Guatemala transita por uno de los episodios m\u00e1s negros de su historia reciente. Desamparada e impotente ante el poder de las mafias, la poblaci\u00f3n se paraliza ante la realidad de un Estado secuestrado por organizaciones criminales que operan en connivencia&hellip;<\/p>\n","protected":false},"author":1296,"featured_media":1298009,"comment_status":"closed","ping_status":"closed","sticky":false,"template":"","format":"standard","meta":{"footnotes":""},"categories":[69,11389,54515,161],"tags":[53268,1828],"class_list":["post-1298008","post","type-post","status-publish","format-standard","has-post-thumbnail","hentry","category-america-central","category-contenido-original","category-genero-y-feminismos","category-opiniones","tag-crimen-organizado","tag-guatemala-es"],"yoast_head":"<!-- This site is optimized with the Yoast SEO plugin v27.1.1 - https:\/\/yoast.com\/product\/yoast-seo-wordpress\/ -->\n<title>Las ni\u00f1as no se tocan, no se violan, no se matan.<\/title>\n<meta name=\"description\" content=\"Guatemala transita por uno de los episodios m\u00e1s negros de su historia reciente. Desamparada e impotente ante el poder de las mafias, la poblaci\u00f3n se\" \/>\n<meta name=\"robots\" content=\"index, follow, max-snippet:-1, max-image-preview:large, max-video-preview:-1\" \/>\n<link rel=\"canonical\" href=\"https:\/\/www.pressenza.com\/es\/2021\/02\/las-ninas-no-se-tocan-no-se-violan-no-se-matan\/\" \/>\n<meta property=\"og:locale\" content=\"es_ES\" \/>\n<meta property=\"og:type\" content=\"article\" \/>\n<meta property=\"og:title\" content=\"Las ni\u00f1as no se tocan, no se violan, no se matan.\" \/>\n<meta property=\"og:description\" content=\"Guatemala transita por uno de los episodios m\u00e1s negros de su historia reciente. Desamparada e impotente ante el poder de las mafias, la poblaci\u00f3n se\" \/>\n<meta property=\"og:url\" content=\"https:\/\/www.pressenza.com\/es\/2021\/02\/las-ninas-no-se-tocan-no-se-violan-no-se-matan\/\" \/>\n<meta property=\"og:site_name\" content=\"Pressenza\" \/>\n<meta property=\"article:publisher\" content=\"https:\/\/www.facebook.com\/PressenzaItalia\" \/>\n<meta property=\"article:author\" content=\"https:\/\/www.facebook.com\/pages\/Carolina-V\u00e1squez-Araya\/241844515845237?fref=ts\" \/>\n<meta property=\"article:published_time\" content=\"2021-02-14T18:31:16+00:00\" \/>\n<meta property=\"og:image\" content=\"https:\/\/www.pressenza.com\/wp-content\/uploads\/2021\/02\/Oleg-nina.jpg\" \/>\n\t<meta property=\"og:image:width\" content=\"960\" \/>\n\t<meta property=\"og:image:height\" content=\"638\" \/>\n\t<meta property=\"og:image:type\" content=\"image\/jpeg\" \/>\n<meta name=\"author\" content=\"Carolina V\u00e1squez Araya\" \/>\n<meta name=\"twitter:card\" content=\"summary_large_image\" \/>\n<meta name=\"twitter:creator\" content=\"@carvasar\" \/>\n<meta name=\"twitter:site\" content=\"@PressenzaIPA\" \/>\n<meta name=\"twitter:label1\" content=\"Escrito por\" \/>\n\t<meta name=\"twitter:data1\" content=\"Carolina V\u00e1squez Araya\" \/>\n\t<meta name=\"twitter:label2\" content=\"Tiempo de lectura\" \/>\n\t<meta name=\"twitter:data2\" content=\"3 minutos\" \/>\n<script type=\"application\/ld+json\" class=\"yoast-schema-graph\">{\"@context\":\"https:\/\/schema.org\",\"@graph\":[{\"@type\":\"Article\",\"@id\":\"https:\/\/www.pressenza.com\/es\/2021\/02\/las-ninas-no-se-tocan-no-se-violan-no-se-matan\/#article\",\"isPartOf\":{\"@id\":\"https:\/\/www.pressenza.com\/es\/2021\/02\/las-ninas-no-se-tocan-no-se-violan-no-se-matan\/\"},\"author\":{\"name\":\"Carolina V\u00e1squez Araya\",\"@id\":\"https:\/\/www.pressenza.com\/es\/#\/schema\/person\/6936ca3bb8dee618b5cdfd0e4427cdd6\"},\"headline\":\"Las ni\u00f1as no se tocan, no se violan, no se matan.\",\"datePublished\":\"2021-02-14T18:31:16+00:00\",\"mainEntityOfPage\":{\"@id\":\"https:\/\/www.pressenza.com\/es\/2021\/02\/las-ninas-no-se-tocan-no-se-violan-no-se-matan\/\"},\"wordCount\":605,\"publisher\":{\"@id\":\"https:\/\/www.pressenza.com\/es\/#organization\"},\"image\":{\"@id\":\"https:\/\/www.pressenza.com\/es\/2021\/02\/las-ninas-no-se-tocan-no-se-violan-no-se-matan\/#primaryimage\"},\"thumbnailUrl\":\"https:\/\/www.pressenza.com\/wp-content\/uploads\/2021\/02\/Oleg-nina.jpg\",\"keywords\":[\"crimen organizado\",\"Guatemala\"],\"articleSection\":[\"Am\u00e9rica Central\",\"Contenido Original\",\"G\u00e9nero y Feminismos\",\"Opiniones\"],\"inLanguage\":\"es\"},{\"@type\":\"WebPage\",\"@id\":\"https:\/\/www.pressenza.com\/es\/2021\/02\/las-ninas-no-se-tocan-no-se-violan-no-se-matan\/\",\"url\":\"https:\/\/www.pressenza.com\/es\/2021\/02\/las-ninas-no-se-tocan-no-se-violan-no-se-matan\/\",\"name\":\"Las ni\u00f1as no se tocan, no se violan, no se matan.\",\"isPartOf\":{\"@id\":\"https:\/\/www.pressenza.com\/es\/#website\"},\"primaryImageOfPage\":{\"@id\":\"https:\/\/www.pressenza.com\/es\/2021\/02\/las-ninas-no-se-tocan-no-se-violan-no-se-matan\/#primaryimage\"},\"image\":{\"@id\":\"https:\/\/www.pressenza.com\/es\/2021\/02\/las-ninas-no-se-tocan-no-se-violan-no-se-matan\/#primaryimage\"},\"thumbnailUrl\":\"https:\/\/www.pressenza.com\/wp-content\/uploads\/2021\/02\/Oleg-nina.jpg\",\"datePublished\":\"2021-02-14T18:31:16+00:00\",\"description\":\"Guatemala transita por uno de los episodios m\u00e1s negros de su historia reciente. Desamparada e impotente ante el poder de las mafias, la poblaci\u00f3n se\",\"breadcrumb\":{\"@id\":\"https:\/\/www.pressenza.com\/es\/2021\/02\/las-ninas-no-se-tocan-no-se-violan-no-se-matan\/#breadcrumb\"},\"inLanguage\":\"es\",\"potentialAction\":[{\"@type\":\"ReadAction\",\"target\":[\"https:\/\/www.pressenza.com\/es\/2021\/02\/las-ninas-no-se-tocan-no-se-violan-no-se-matan\/\"]}]},{\"@type\":\"ImageObject\",\"inLanguage\":\"es\",\"@id\":\"https:\/\/www.pressenza.com\/es\/2021\/02\/las-ninas-no-se-tocan-no-se-violan-no-se-matan\/#primaryimage\",\"url\":\"https:\/\/www.pressenza.com\/wp-content\/uploads\/2021\/02\/Oleg-nina.jpg\",\"contentUrl\":\"https:\/\/www.pressenza.com\/wp-content\/uploads\/2021\/02\/Oleg-nina.jpg\",\"width\":960,\"height\":638,\"caption\":\"Oleg Yasinsky\"},{\"@type\":\"BreadcrumbList\",\"@id\":\"https:\/\/www.pressenza.com\/es\/2021\/02\/las-ninas-no-se-tocan-no-se-violan-no-se-matan\/#breadcrumb\",\"itemListElement\":[{\"@type\":\"ListItem\",\"position\":1,\"name\":\"Accueil\",\"item\":\"https:\/\/www.pressenza.com\/es\/\"},{\"@type\":\"ListItem\",\"position\":2,\"name\":\"Las ni\u00f1as no se tocan, no se violan, no se matan.\"}]},{\"@type\":\"WebSite\",\"@id\":\"https:\/\/www.pressenza.com\/es\/#website\",\"url\":\"https:\/\/www.pressenza.com\/es\/\",\"name\":\"Pressenza\",\"description\":\"International Press Agency\",\"publisher\":{\"@id\":\"https:\/\/www.pressenza.com\/es\/#organization\"},\"potentialAction\":[{\"@type\":\"SearchAction\",\"target\":{\"@type\":\"EntryPoint\",\"urlTemplate\":\"https:\/\/www.pressenza.com\/es\/?s={search_term_string}\"},\"query-input\":{\"@type\":\"PropertyValueSpecification\",\"valueRequired\":true,\"valueName\":\"search_term_string\"}}],\"inLanguage\":\"es\"},{\"@type\":\"Organization\",\"@id\":\"https:\/\/www.pressenza.com\/es\/#organization\",\"name\":\"Pressenza\",\"url\":\"https:\/\/www.pressenza.com\/es\/\",\"logo\":{\"@type\":\"ImageObject\",\"inLanguage\":\"es\",\"@id\":\"https:\/\/www.pressenza.com\/es\/#\/schema\/logo\/image\/\",\"url\":\"https:\/\/www.pressenza.com\/wp-content\/uploads\/2022\/10\/pressenza_logo_200x200.jpg\",\"contentUrl\":\"https:\/\/www.pressenza.com\/wp-content\/uploads\/2022\/10\/pressenza_logo_200x200.jpg\",\"width\":200,\"height\":200,\"caption\":\"Pressenza\"},\"image\":{\"@id\":\"https:\/\/www.pressenza.com\/es\/#\/schema\/logo\/image\/\"},\"sameAs\":[\"https:\/\/www.facebook.com\/PressenzaItalia\",\"https:\/\/x.com\/PressenzaIPA\"]},{\"@type\":\"Person\",\"@id\":\"https:\/\/www.pressenza.com\/es\/#\/schema\/person\/6936ca3bb8dee618b5cdfd0e4427cdd6\",\"name\":\"Carolina V\u00e1squez Araya\",\"description\":\"Periodista y editora con m\u00e1s de 30 a\u00f1os de experiencia, cuyos logros profesionales en el desarrollo de proyectos de gran \u00e9xito avalan sus cualidades de liderazgo, creatividad y relaciones p\u00fablicas. Ha aportado sus conocimientos en proyectos de organizaciones con intereses orientados al desarrollo social, cultural y econ\u00f3mico del pa\u00eds, con especial \u00e9nfasis en el sector de cultura y educaci\u00f3n, emprendimiento, derechos humanos, justicia, ambiente, mujeres y ni\u00f1ez. Chilena en Guatemala. elquintopatio.wordpress.com\",\"sameAs\":[\"https:\/\/www.facebook.com\/pages\/Carolina-V\u00e1squez-Araya\/241844515845237?fref=ts\",\"https:\/\/x.com\/carvasar\"],\"url\":\"https:\/\/www.pressenza.com\/es\/author\/carolina-vasquez-araya\/\"}]}<\/script>\n<!-- \/ Yoast SEO plugin. -->","yoast_head_json":{"title":"Las ni\u00f1as no se tocan, no se violan, no se matan.","description":"Guatemala transita por uno de los episodios m\u00e1s negros de su historia reciente. Desamparada e impotente ante el poder de las mafias, la poblaci\u00f3n se","robots":{"index":"index","follow":"follow","max-snippet":"max-snippet:-1","max-image-preview":"max-image-preview:large","max-video-preview":"max-video-preview:-1"},"canonical":"https:\/\/www.pressenza.com\/es\/2021\/02\/las-ninas-no-se-tocan-no-se-violan-no-se-matan\/","og_locale":"es_ES","og_type":"article","og_title":"Las ni\u00f1as no se tocan, no se violan, no se matan.","og_description":"Guatemala transita por uno de los episodios m\u00e1s negros de su historia reciente. Desamparada e impotente ante el poder de las mafias, la poblaci\u00f3n se","og_url":"https:\/\/www.pressenza.com\/es\/2021\/02\/las-ninas-no-se-tocan-no-se-violan-no-se-matan\/","og_site_name":"Pressenza","article_publisher":"https:\/\/www.facebook.com\/PressenzaItalia","article_author":"https:\/\/www.facebook.com\/pages\/Carolina-V\u00e1squez-Araya\/241844515845237?fref=ts","article_published_time":"2021-02-14T18:31:16+00:00","og_image":[{"width":960,"height":638,"url":"https:\/\/www.pressenza.com\/wp-content\/uploads\/2021\/02\/Oleg-nina.jpg","type":"image\/jpeg"}],"author":"Carolina V\u00e1squez Araya","twitter_card":"summary_large_image","twitter_creator":"@carvasar","twitter_site":"@PressenzaIPA","twitter_misc":{"Escrito por":"Carolina V\u00e1squez Araya","Tiempo de lectura":"3 minutos"},"schema":{"@context":"https:\/\/schema.org","@graph":[{"@type":"Article","@id":"https:\/\/www.pressenza.com\/es\/2021\/02\/las-ninas-no-se-tocan-no-se-violan-no-se-matan\/#article","isPartOf":{"@id":"https:\/\/www.pressenza.com\/es\/2021\/02\/las-ninas-no-se-tocan-no-se-violan-no-se-matan\/"},"author":{"name":"Carolina V\u00e1squez Araya","@id":"https:\/\/www.pressenza.com\/es\/#\/schema\/person\/6936ca3bb8dee618b5cdfd0e4427cdd6"},"headline":"Las ni\u00f1as no se tocan, no se violan, no se matan.","datePublished":"2021-02-14T18:31:16+00:00","mainEntityOfPage":{"@id":"https:\/\/www.pressenza.com\/es\/2021\/02\/las-ninas-no-se-tocan-no-se-violan-no-se-matan\/"},"wordCount":605,"publisher":{"@id":"https:\/\/www.pressenza.com\/es\/#organization"},"image":{"@id":"https:\/\/www.pressenza.com\/es\/2021\/02\/las-ninas-no-se-tocan-no-se-violan-no-se-matan\/#primaryimage"},"thumbnailUrl":"https:\/\/www.pressenza.com\/wp-content\/uploads\/2021\/02\/Oleg-nina.jpg","keywords":["crimen organizado","Guatemala"],"articleSection":["Am\u00e9rica Central","Contenido Original","G\u00e9nero y Feminismos","Opiniones"],"inLanguage":"es"},{"@type":"WebPage","@id":"https:\/\/www.pressenza.com\/es\/2021\/02\/las-ninas-no-se-tocan-no-se-violan-no-se-matan\/","url":"https:\/\/www.pressenza.com\/es\/2021\/02\/las-ninas-no-se-tocan-no-se-violan-no-se-matan\/","name":"Las ni\u00f1as no se tocan, no se violan, no se matan.","isPartOf":{"@id":"https:\/\/www.pressenza.com\/es\/#website"},"primaryImageOfPage":{"@id":"https:\/\/www.pressenza.com\/es\/2021\/02\/las-ninas-no-se-tocan-no-se-violan-no-se-matan\/#primaryimage"},"image":{"@id":"https:\/\/www.pressenza.com\/es\/2021\/02\/las-ninas-no-se-tocan-no-se-violan-no-se-matan\/#primaryimage"},"thumbnailUrl":"https:\/\/www.pressenza.com\/wp-content\/uploads\/2021\/02\/Oleg-nina.jpg","datePublished":"2021-02-14T18:31:16+00:00","description":"Guatemala transita por uno de los episodios m\u00e1s negros de su historia reciente. Desamparada e impotente ante el poder de las mafias, la poblaci\u00f3n se","breadcrumb":{"@id":"https:\/\/www.pressenza.com\/es\/2021\/02\/las-ninas-no-se-tocan-no-se-violan-no-se-matan\/#breadcrumb"},"inLanguage":"es","potentialAction":[{"@type":"ReadAction","target":["https:\/\/www.pressenza.com\/es\/2021\/02\/las-ninas-no-se-tocan-no-se-violan-no-se-matan\/"]}]},{"@type":"ImageObject","inLanguage":"es","@id":"https:\/\/www.pressenza.com\/es\/2021\/02\/las-ninas-no-se-tocan-no-se-violan-no-se-matan\/#primaryimage","url":"https:\/\/www.pressenza.com\/wp-content\/uploads\/2021\/02\/Oleg-nina.jpg","contentUrl":"https:\/\/www.pressenza.com\/wp-content\/uploads\/2021\/02\/Oleg-nina.jpg","width":960,"height":638,"caption":"Oleg Yasinsky"},{"@type":"BreadcrumbList","@id":"https:\/\/www.pressenza.com\/es\/2021\/02\/las-ninas-no-se-tocan-no-se-violan-no-se-matan\/#breadcrumb","itemListElement":[{"@type":"ListItem","position":1,"name":"Accueil","item":"https:\/\/www.pressenza.com\/es\/"},{"@type":"ListItem","position":2,"name":"Las ni\u00f1as no se tocan, no se violan, no se matan."}]},{"@type":"WebSite","@id":"https:\/\/www.pressenza.com\/es\/#website","url":"https:\/\/www.pressenza.com\/es\/","name":"Pressenza","description":"International Press Agency","publisher":{"@id":"https:\/\/www.pressenza.com\/es\/#organization"},"potentialAction":[{"@type":"SearchAction","target":{"@type":"EntryPoint","urlTemplate":"https:\/\/www.pressenza.com\/es\/?s={search_term_string}"},"query-input":{"@type":"PropertyValueSpecification","valueRequired":true,"valueName":"search_term_string"}}],"inLanguage":"es"},{"@type":"Organization","@id":"https:\/\/www.pressenza.com\/es\/#organization","name":"Pressenza","url":"https:\/\/www.pressenza.com\/es\/","logo":{"@type":"ImageObject","inLanguage":"es","@id":"https:\/\/www.pressenza.com\/es\/#\/schema\/logo\/image\/","url":"https:\/\/www.pressenza.com\/wp-content\/uploads\/2022\/10\/pressenza_logo_200x200.jpg","contentUrl":"https:\/\/www.pressenza.com\/wp-content\/uploads\/2022\/10\/pressenza_logo_200x200.jpg","width":200,"height":200,"caption":"Pressenza"},"image":{"@id":"https:\/\/www.pressenza.com\/es\/#\/schema\/logo\/image\/"},"sameAs":["https:\/\/www.facebook.com\/PressenzaItalia","https:\/\/x.com\/PressenzaIPA"]},{"@type":"Person","@id":"https:\/\/www.pressenza.com\/es\/#\/schema\/person\/6936ca3bb8dee618b5cdfd0e4427cdd6","name":"Carolina V\u00e1squez Araya","description":"Periodista y editora con m\u00e1s de 30 a\u00f1os de experiencia, cuyos logros profesionales en el desarrollo de proyectos de gran \u00e9xito avalan sus cualidades de liderazgo, creatividad y relaciones p\u00fablicas. Ha aportado sus conocimientos en proyectos de organizaciones con intereses orientados al desarrollo social, cultural y econ\u00f3mico del pa\u00eds, con especial \u00e9nfasis en el sector de cultura y educaci\u00f3n, emprendimiento, derechos humanos, justicia, ambiente, mujeres y ni\u00f1ez. Chilena en Guatemala. elquintopatio.wordpress.com","sameAs":["https:\/\/www.facebook.com\/pages\/Carolina-V\u00e1squez-Araya\/241844515845237?fref=ts","https:\/\/x.com\/carvasar"],"url":"https:\/\/www.pressenza.com\/es\/author\/carolina-vasquez-araya\/"}]}},"place":"Cuenca, Ecuador","original_article_url":"","_links":{"self":[{"href":"https:\/\/www.pressenza.com\/es\/wp-json\/wp\/v2\/posts\/1298008","targetHints":{"allow":["GET"]}}],"collection":[{"href":"https:\/\/www.pressenza.com\/es\/wp-json\/wp\/v2\/posts"}],"about":[{"href":"https:\/\/www.pressenza.com\/es\/wp-json\/wp\/v2\/types\/post"}],"author":[{"embeddable":true,"href":"https:\/\/www.pressenza.com\/es\/wp-json\/wp\/v2\/users\/1296"}],"replies":[{"embeddable":true,"href":"https:\/\/www.pressenza.com\/es\/wp-json\/wp\/v2\/comments?post=1298008"}],"version-history":[{"count":0,"href":"https:\/\/www.pressenza.com\/es\/wp-json\/wp\/v2\/posts\/1298008\/revisions"}],"wp:featuredmedia":[{"embeddable":true,"href":"https:\/\/www.pressenza.com\/es\/wp-json\/wp\/v2\/media\/1298009"}],"wp:attachment":[{"href":"https:\/\/www.pressenza.com\/es\/wp-json\/wp\/v2\/media?parent=1298008"}],"wp:term":[{"taxonomy":"category","embeddable":true,"href":"https:\/\/www.pressenza.com\/es\/wp-json\/wp\/v2\/categories?post=1298008"},{"taxonomy":"post_tag","embeddable":true,"href":"https:\/\/www.pressenza.com\/es\/wp-json\/wp\/v2\/tags?post=1298008"}],"curies":[{"name":"wp","href":"https:\/\/api.w.org\/{rel}","templated":true}]}}