{"id":129763,"date":"2014-09-01T16:21:07","date_gmt":"2014-09-01T15:21:07","guid":{"rendered":"http:\/\/www.pressenza.com\/?p=129763"},"modified":"2014-09-01T16:21:07","modified_gmt":"2014-09-01T15:21:07","slug":"estudiantes-rechazan-debates-y-convocan-protesta-en-chile","status":"publish","type":"post","link":"https:\/\/www.pressenza.com\/es\/2014\/09\/estudiantes-rechazan-debates-y-convocan-protesta-en-chile\/","title":{"rendered":"Estudiantes rechazan debates y convocan a protesta en Chile"},"content":{"rendered":"<table>\n<tbody>\n<tr>\n<td colspan=\"2\" valign=\"top\">Santiago de Chile, 1 sep (PL) La Confederaci\u00f3n de Estudiantes de Chile (Confech) rechaz\u00f3 continuar en los debates con el Gobierno sobre una futura reforma educacional, al tiempo que convocaron a nuevas protestas el 9 de septiembre.<\/p>\n<p>El distanciamiento de la Confech a la instancia de di\u00e1logo promovido por el ministro de Educaci\u00f3n, Nicol\u00e1s Eyzaguierre, se debi\u00f3 a \u00abprofundas discrepancias\u00bb por el tono que lleva la reforma, seg\u00fan expresaron sus dirigentes.<\/p>\n<p>Ricardo Paredes, portavoz de la Coordinadora de Estudiantes Secundarios (Cones), anunci\u00f3 asimismo que este sector de ense\u00f1anza media se sumar\u00e1 a la manifestaci\u00f3n convocada para el 4 de septiembre por la Central Unitaria de Trabajadores (CUT).<\/p>\n<p>La CUT de Chile convoc\u00f3 a un paro nacional el d\u00eda 4 para ejercer presiones hacia una profunda reforma laboral, dijo el gremio en comunicado oficial.<\/p>\n<p>En la marcha, que abarcar\u00e1 a todo el territorio del pa\u00eds transandino, estar\u00e1n asimismo los trabajadores del Cobre agrupados en su sindicato CTC y que comprende a los sectores estatal y privado.<\/p>\n<p>La presidenta de la Federaci\u00f3n de estudiantes de la Universidad Cat\u00f3lica, Naschla Aburman, subray\u00f3 que el intercambio con la Nueva Mayor\u00eda, la alianza en el poder, no asegura que sus conclusiones sean vinculantes con la reforma educacional.<\/p>\n<p>Dos de las caras m\u00e1s visibles durante las luchas estudiantiles en Chile en 2011, ahora en calidad de parlamentarios, apoyaron la decisi\u00f3n de la Confech.<\/p>\n<p>La diputada Camila Vallejo (Partido Comunista), asegur\u00f3 que en su labor parlamentaria est\u00e1 la responsabilidad de que las posiciones de la agrupaci\u00f3n est\u00e9n consideradas en las indicaciones o en nuevos proyectos.<\/p>\n<p>Gabriel Boric, diputado independiente y militante de la Izquierda Aut\u00f3noma, opin\u00f3 que no se puede correr el riesgo de impulsar una reforma educacional que no cumpla con las expectativas y necesidad de la poblaci\u00f3n.<\/p>\n<p>Sin embargo, el ministro Eyzaguirre minimiz\u00f3 la postura de la Confech. \u00abEllos tendr\u00e1n sus propias razones (&#8230;) lo bueno es que s\u00ed su testimonio qued\u00f3 a lo largo de estos di\u00e1logos\u00bb.<\/p>\n<p>La administraci\u00f3n de Michelle Bachelet adelanta transformaciones que permitan avanzar hacia una ense\u00f1anza gratuita, de calidad y sin lucro, la cual se financiar\u00eda con el alza planeada de impuestos.<\/p>\n<p>tgj\/Ft<\/p>\n<p>Prensa Latina<\/td>\n<\/tr>\n<\/tbody>\n<\/table>\n<p>&nbsp;<\/p>\n","protected":false},"excerpt":{"rendered":"<p>Santiago de Chile, 1 sep (PL) La Confederaci\u00f3n de Estudiantes de Chile (Confech) rechaz\u00f3 continuar en los debates con el Gobierno sobre una futura reforma educacional, al tiempo que convocaron a nuevas protestas el 9 de septiembre. El distanciamiento de&hellip;<\/p>\n","protected":false},"author":43,"featured_media":129764,"comment_status":"closed","ping_status":"open","sticky":false,"template":"","format":"standard","meta":{"footnotes":""},"categories":[1230,74,67],"tags":[12108,393,7129],"class_list":["post-129763","post","type-post","status-publish","format-standard","has-post-thumbnail","hentry","category-educacion-tema","category-politica-es","category-sudamerica","tag-confech","tag-educacion","tag-movilizaciones"],"yoast_head":"<!-- This site is optimized with the Yoast SEO plugin v27.1.1 - https:\/\/yoast.com\/product\/yoast-seo-wordpress\/ -->\n<title>Estudiantes rechazan debates y convocan a protesta en Chile<\/title>\n<meta name=\"description\" content=\"Santiago de Chile, 1 sep (PL) La Confederaci\u00f3n de Estudiantes de Chile (Confech) rechaz\u00f3 continuar en los debates con el Gobierno sobre una futura reforma\" \/>\n<meta name=\"robots\" content=\"index, follow, max-snippet:-1, max-image-preview:large, max-video-preview:-1\" \/>\n<link rel=\"canonical\" href=\"https:\/\/www.pressenza.com\/es\/2014\/09\/estudiantes-rechazan-debates-y-convocan-protesta-en-chile\/\" \/>\n<meta property=\"og:locale\" content=\"es_ES\" \/>\n<meta property=\"og:type\" content=\"article\" \/>\n<meta property=\"og:title\" content=\"Estudiantes rechazan debates y convocan a protesta en Chile\" \/>\n<meta property=\"og:description\" content=\"Santiago de Chile, 1 sep (PL) La Confederaci\u00f3n de Estudiantes de Chile (Confech) rechaz\u00f3 continuar en los debates con el Gobierno sobre una futura reforma\" \/>\n<meta property=\"og:url\" content=\"https:\/\/www.pressenza.com\/es\/2014\/09\/estudiantes-rechazan-debates-y-convocan-protesta-en-chile\/\" \/>\n<meta property=\"og:site_name\" content=\"Pressenza\" \/>\n<meta property=\"article:publisher\" content=\"https:\/\/www.facebook.com\/PressenzaItalia\" \/>\n<meta property=\"article:author\" content=\"https:\/\/www.facebook.com\/pressenza\" \/>\n<meta property=\"article:published_time\" content=\"2014-09-01T15:21:07+00:00\" \/>\n<meta property=\"og:image\" content=\"https:\/\/www.pressenza.com\/wp-content\/uploads\/2014\/09\/chile-estudiantes1.jpg\" \/>\n\t<meta property=\"og:image:width\" content=\"285\" \/>\n\t<meta property=\"og:image:height\" content=\"172\" \/>\n\t<meta property=\"og:image:type\" content=\"image\/jpeg\" \/>\n<meta name=\"author\" content=\"Redacci\u00f3n Chile\" \/>\n<meta name=\"twitter:card\" content=\"summary_large_image\" \/>\n<meta name=\"twitter:creator\" content=\"@pressenza\" \/>\n<meta name=\"twitter:site\" content=\"@PressenzaIPA\" \/>\n<meta name=\"twitter:label1\" content=\"Escrito por\" \/>\n\t<meta name=\"twitter:data1\" content=\"Redacci\u00f3n Chile\" \/>\n\t<meta name=\"twitter:label2\" content=\"Tiempo de lectura\" \/>\n\t<meta name=\"twitter:data2\" content=\"2 minutos\" \/>\n<script type=\"application\/ld+json\" class=\"yoast-schema-graph\">{\"@context\":\"https:\/\/schema.org\",\"@graph\":[{\"@type\":\"Article\",\"@id\":\"https:\/\/www.pressenza.com\/es\/2014\/09\/estudiantes-rechazan-debates-y-convocan-protesta-en-chile\/#article\",\"isPartOf\":{\"@id\":\"https:\/\/www.pressenza.com\/es\/2014\/09\/estudiantes-rechazan-debates-y-convocan-protesta-en-chile\/\"},\"author\":{\"name\":\"Redacci\u00f3n Chile\",\"@id\":\"https:\/\/www.pressenza.com\/es\/#\/schema\/person\/d7db40df35d6698ba69ba9ee260944ed\"},\"headline\":\"Estudiantes rechazan debates y convocan a protesta en Chile\",\"datePublished\":\"2014-09-01T15:21:07+00:00\",\"mainEntityOfPage\":{\"@id\":\"https:\/\/www.pressenza.com\/es\/2014\/09\/estudiantes-rechazan-debates-y-convocan-protesta-en-chile\/\"},\"wordCount\":384,\"publisher\":{\"@id\":\"https:\/\/www.pressenza.com\/es\/#organization\"},\"image\":{\"@id\":\"https:\/\/www.pressenza.com\/es\/2014\/09\/estudiantes-rechazan-debates-y-convocan-protesta-en-chile\/#primaryimage\"},\"thumbnailUrl\":\"https:\/\/www.pressenza.com\/wp-content\/uploads\/2014\/09\/chile-estudiantes1.jpg\",\"keywords\":[\"CONFECH\",\"Educaci\u00f3n\",\"Movilizaciones\"],\"articleSection\":[\"Educaci\u00f3n\",\"Pol\u00edtica\",\"Sudam\u00e9rica\"],\"inLanguage\":\"es\"},{\"@type\":\"WebPage\",\"@id\":\"https:\/\/www.pressenza.com\/es\/2014\/09\/estudiantes-rechazan-debates-y-convocan-protesta-en-chile\/\",\"url\":\"https:\/\/www.pressenza.com\/es\/2014\/09\/estudiantes-rechazan-debates-y-convocan-protesta-en-chile\/\",\"name\":\"Estudiantes rechazan debates y convocan a protesta en Chile\",\"isPartOf\":{\"@id\":\"https:\/\/www.pressenza.com\/es\/#website\"},\"primaryImageOfPage\":{\"@id\":\"https:\/\/www.pressenza.com\/es\/2014\/09\/estudiantes-rechazan-debates-y-convocan-protesta-en-chile\/#primaryimage\"},\"image\":{\"@id\":\"https:\/\/www.pressenza.com\/es\/2014\/09\/estudiantes-rechazan-debates-y-convocan-protesta-en-chile\/#primaryimage\"},\"thumbnailUrl\":\"https:\/\/www.pressenza.com\/wp-content\/uploads\/2014\/09\/chile-estudiantes1.jpg\",\"datePublished\":\"2014-09-01T15:21:07+00:00\",\"description\":\"Santiago de Chile, 1 sep (PL) La Confederaci\u00f3n de Estudiantes de Chile (Confech) rechaz\u00f3 continuar en los debates con el Gobierno sobre una futura reforma\",\"breadcrumb\":{\"@id\":\"https:\/\/www.pressenza.com\/es\/2014\/09\/estudiantes-rechazan-debates-y-convocan-protesta-en-chile\/#breadcrumb\"},\"inLanguage\":\"es\",\"potentialAction\":[{\"@type\":\"ReadAction\",\"target\":[\"https:\/\/www.pressenza.com\/es\/2014\/09\/estudiantes-rechazan-debates-y-convocan-protesta-en-chile\/\"]}]},{\"@type\":\"ImageObject\",\"inLanguage\":\"es\",\"@id\":\"https:\/\/www.pressenza.com\/es\/2014\/09\/estudiantes-rechazan-debates-y-convocan-protesta-en-chile\/#primaryimage\",\"url\":\"https:\/\/www.pressenza.com\/wp-content\/uploads\/2014\/09\/chile-estudiantes1.jpg\",\"contentUrl\":\"https:\/\/www.pressenza.com\/wp-content\/uploads\/2014\/09\/chile-estudiantes1.jpg\",\"width\":285,\"height\":172},{\"@type\":\"BreadcrumbList\",\"@id\":\"https:\/\/www.pressenza.com\/es\/2014\/09\/estudiantes-rechazan-debates-y-convocan-protesta-en-chile\/#breadcrumb\",\"itemListElement\":[{\"@type\":\"ListItem\",\"position\":1,\"name\":\"Accueil\",\"item\":\"https:\/\/www.pressenza.com\/es\/\"},{\"@type\":\"ListItem\",\"position\":2,\"name\":\"Estudiantes rechazan debates y convocan a protesta en Chile\"}]},{\"@type\":\"WebSite\",\"@id\":\"https:\/\/www.pressenza.com\/es\/#website\",\"url\":\"https:\/\/www.pressenza.com\/es\/\",\"name\":\"Pressenza\",\"description\":\"International Press Agency\",\"publisher\":{\"@id\":\"https:\/\/www.pressenza.com\/es\/#organization\"},\"potentialAction\":[{\"@type\":\"SearchAction\",\"target\":{\"@type\":\"EntryPoint\",\"urlTemplate\":\"https:\/\/www.pressenza.com\/es\/?s={search_term_string}\"},\"query-input\":{\"@type\":\"PropertyValueSpecification\",\"valueRequired\":true,\"valueName\":\"search_term_string\"}}],\"inLanguage\":\"es\"},{\"@type\":\"Organization\",\"@id\":\"https:\/\/www.pressenza.com\/es\/#organization\",\"name\":\"Pressenza\",\"url\":\"https:\/\/www.pressenza.com\/es\/\",\"logo\":{\"@type\":\"ImageObject\",\"inLanguage\":\"es\",\"@id\":\"https:\/\/www.pressenza.com\/es\/#\/schema\/logo\/image\/\",\"url\":\"https:\/\/www.pressenza.com\/wp-content\/uploads\/2022\/10\/pressenza_logo_200x200.jpg\",\"contentUrl\":\"https:\/\/www.pressenza.com\/wp-content\/uploads\/2022\/10\/pressenza_logo_200x200.jpg\",\"width\":200,\"height\":200,\"caption\":\"Pressenza\"},\"image\":{\"@id\":\"https:\/\/www.pressenza.com\/es\/#\/schema\/logo\/image\/\"},\"sameAs\":[\"https:\/\/www.facebook.com\/PressenzaItalia\",\"https:\/\/x.com\/PressenzaIPA\"]},{\"@type\":\"Person\",\"@id\":\"https:\/\/www.pressenza.com\/es\/#\/schema\/person\/d7db40df35d6698ba69ba9ee260944ed\",\"name\":\"Redacci\u00f3n Chile\",\"description\":\"News from the Pressenza Bureau in Chile\",\"sameAs\":[\"https:\/\/www.facebook.com\/pressenza\",\"https:\/\/x.com\/pressenza\"],\"url\":\"https:\/\/www.pressenza.com\/es\/author\/redaccion-chile\/\"}]}<\/script>\n<!-- \/ Yoast SEO plugin. -->","yoast_head_json":{"title":"Estudiantes rechazan debates y convocan a protesta en Chile","description":"Santiago de Chile, 1 sep (PL) La Confederaci\u00f3n de Estudiantes de Chile (Confech) rechaz\u00f3 continuar en los debates con el Gobierno sobre una futura reforma","robots":{"index":"index","follow":"follow","max-snippet":"max-snippet:-1","max-image-preview":"max-image-preview:large","max-video-preview":"max-video-preview:-1"},"canonical":"https:\/\/www.pressenza.com\/es\/2014\/09\/estudiantes-rechazan-debates-y-convocan-protesta-en-chile\/","og_locale":"es_ES","og_type":"article","og_title":"Estudiantes rechazan debates y convocan a protesta en Chile","og_description":"Santiago de Chile, 1 sep (PL) La Confederaci\u00f3n de Estudiantes de Chile (Confech) rechaz\u00f3 continuar en los debates con el Gobierno sobre una futura reforma","og_url":"https:\/\/www.pressenza.com\/es\/2014\/09\/estudiantes-rechazan-debates-y-convocan-protesta-en-chile\/","og_site_name":"Pressenza","article_publisher":"https:\/\/www.facebook.com\/PressenzaItalia","article_author":"https:\/\/www.facebook.com\/pressenza","article_published_time":"2014-09-01T15:21:07+00:00","og_image":[{"width":285,"height":172,"url":"https:\/\/www.pressenza.com\/wp-content\/uploads\/2014\/09\/chile-estudiantes1.jpg","type":"image\/jpeg"}],"author":"Redacci\u00f3n Chile","twitter_card":"summary_large_image","twitter_creator":"@pressenza","twitter_site":"@PressenzaIPA","twitter_misc":{"Escrito por":"Redacci\u00f3n Chile","Tiempo de lectura":"2 minutos"},"schema":{"@context":"https:\/\/schema.org","@graph":[{"@type":"Article","@id":"https:\/\/www.pressenza.com\/es\/2014\/09\/estudiantes-rechazan-debates-y-convocan-protesta-en-chile\/#article","isPartOf":{"@id":"https:\/\/www.pressenza.com\/es\/2014\/09\/estudiantes-rechazan-debates-y-convocan-protesta-en-chile\/"},"author":{"name":"Redacci\u00f3n Chile","@id":"https:\/\/www.pressenza.com\/es\/#\/schema\/person\/d7db40df35d6698ba69ba9ee260944ed"},"headline":"Estudiantes rechazan debates y convocan a protesta en Chile","datePublished":"2014-09-01T15:21:07+00:00","mainEntityOfPage":{"@id":"https:\/\/www.pressenza.com\/es\/2014\/09\/estudiantes-rechazan-debates-y-convocan-protesta-en-chile\/"},"wordCount":384,"publisher":{"@id":"https:\/\/www.pressenza.com\/es\/#organization"},"image":{"@id":"https:\/\/www.pressenza.com\/es\/2014\/09\/estudiantes-rechazan-debates-y-convocan-protesta-en-chile\/#primaryimage"},"thumbnailUrl":"https:\/\/www.pressenza.com\/wp-content\/uploads\/2014\/09\/chile-estudiantes1.jpg","keywords":["CONFECH","Educaci\u00f3n","Movilizaciones"],"articleSection":["Educaci\u00f3n","Pol\u00edtica","Sudam\u00e9rica"],"inLanguage":"es"},{"@type":"WebPage","@id":"https:\/\/www.pressenza.com\/es\/2014\/09\/estudiantes-rechazan-debates-y-convocan-protesta-en-chile\/","url":"https:\/\/www.pressenza.com\/es\/2014\/09\/estudiantes-rechazan-debates-y-convocan-protesta-en-chile\/","name":"Estudiantes rechazan debates y convocan a protesta en Chile","isPartOf":{"@id":"https:\/\/www.pressenza.com\/es\/#website"},"primaryImageOfPage":{"@id":"https:\/\/www.pressenza.com\/es\/2014\/09\/estudiantes-rechazan-debates-y-convocan-protesta-en-chile\/#primaryimage"},"image":{"@id":"https:\/\/www.pressenza.com\/es\/2014\/09\/estudiantes-rechazan-debates-y-convocan-protesta-en-chile\/#primaryimage"},"thumbnailUrl":"https:\/\/www.pressenza.com\/wp-content\/uploads\/2014\/09\/chile-estudiantes1.jpg","datePublished":"2014-09-01T15:21:07+00:00","description":"Santiago de Chile, 1 sep (PL) La Confederaci\u00f3n de Estudiantes de Chile (Confech) rechaz\u00f3 continuar en los debates con el Gobierno sobre una futura reforma","breadcrumb":{"@id":"https:\/\/www.pressenza.com\/es\/2014\/09\/estudiantes-rechazan-debates-y-convocan-protesta-en-chile\/#breadcrumb"},"inLanguage":"es","potentialAction":[{"@type":"ReadAction","target":["https:\/\/www.pressenza.com\/es\/2014\/09\/estudiantes-rechazan-debates-y-convocan-protesta-en-chile\/"]}]},{"@type":"ImageObject","inLanguage":"es","@id":"https:\/\/www.pressenza.com\/es\/2014\/09\/estudiantes-rechazan-debates-y-convocan-protesta-en-chile\/#primaryimage","url":"https:\/\/www.pressenza.com\/wp-content\/uploads\/2014\/09\/chile-estudiantes1.jpg","contentUrl":"https:\/\/www.pressenza.com\/wp-content\/uploads\/2014\/09\/chile-estudiantes1.jpg","width":285,"height":172},{"@type":"BreadcrumbList","@id":"https:\/\/www.pressenza.com\/es\/2014\/09\/estudiantes-rechazan-debates-y-convocan-protesta-en-chile\/#breadcrumb","itemListElement":[{"@type":"ListItem","position":1,"name":"Accueil","item":"https:\/\/www.pressenza.com\/es\/"},{"@type":"ListItem","position":2,"name":"Estudiantes rechazan debates y convocan a protesta en Chile"}]},{"@type":"WebSite","@id":"https:\/\/www.pressenza.com\/es\/#website","url":"https:\/\/www.pressenza.com\/es\/","name":"Pressenza","description":"International Press Agency","publisher":{"@id":"https:\/\/www.pressenza.com\/es\/#organization"},"potentialAction":[{"@type":"SearchAction","target":{"@type":"EntryPoint","urlTemplate":"https:\/\/www.pressenza.com\/es\/?s={search_term_string}"},"query-input":{"@type":"PropertyValueSpecification","valueRequired":true,"valueName":"search_term_string"}}],"inLanguage":"es"},{"@type":"Organization","@id":"https:\/\/www.pressenza.com\/es\/#organization","name":"Pressenza","url":"https:\/\/www.pressenza.com\/es\/","logo":{"@type":"ImageObject","inLanguage":"es","@id":"https:\/\/www.pressenza.com\/es\/#\/schema\/logo\/image\/","url":"https:\/\/www.pressenza.com\/wp-content\/uploads\/2022\/10\/pressenza_logo_200x200.jpg","contentUrl":"https:\/\/www.pressenza.com\/wp-content\/uploads\/2022\/10\/pressenza_logo_200x200.jpg","width":200,"height":200,"caption":"Pressenza"},"image":{"@id":"https:\/\/www.pressenza.com\/es\/#\/schema\/logo\/image\/"},"sameAs":["https:\/\/www.facebook.com\/PressenzaItalia","https:\/\/x.com\/PressenzaIPA"]},{"@type":"Person","@id":"https:\/\/www.pressenza.com\/es\/#\/schema\/person\/d7db40df35d6698ba69ba9ee260944ed","name":"Redacci\u00f3n Chile","description":"News from the Pressenza Bureau in Chile","sameAs":["https:\/\/www.facebook.com\/pressenza","https:\/\/x.com\/pressenza"],"url":"https:\/\/www.pressenza.com\/es\/author\/redaccion-chile\/"}]}},"place":"","original_article_url":"","_links":{"self":[{"href":"https:\/\/www.pressenza.com\/es\/wp-json\/wp\/v2\/posts\/129763","targetHints":{"allow":["GET"]}}],"collection":[{"href":"https:\/\/www.pressenza.com\/es\/wp-json\/wp\/v2\/posts"}],"about":[{"href":"https:\/\/www.pressenza.com\/es\/wp-json\/wp\/v2\/types\/post"}],"author":[{"embeddable":true,"href":"https:\/\/www.pressenza.com\/es\/wp-json\/wp\/v2\/users\/43"}],"replies":[{"embeddable":true,"href":"https:\/\/www.pressenza.com\/es\/wp-json\/wp\/v2\/comments?post=129763"}],"version-history":[{"count":0,"href":"https:\/\/www.pressenza.com\/es\/wp-json\/wp\/v2\/posts\/129763\/revisions"}],"wp:featuredmedia":[{"embeddable":true,"href":"https:\/\/www.pressenza.com\/es\/wp-json\/wp\/v2\/media\/129764"}],"wp:attachment":[{"href":"https:\/\/www.pressenza.com\/es\/wp-json\/wp\/v2\/media?parent=129763"}],"wp:term":[{"taxonomy":"category","embeddable":true,"href":"https:\/\/www.pressenza.com\/es\/wp-json\/wp\/v2\/categories?post=129763"},{"taxonomy":"post_tag","embeddable":true,"href":"https:\/\/www.pressenza.com\/es\/wp-json\/wp\/v2\/tags?post=129763"}],"curies":[{"name":"wp","href":"https:\/\/api.w.org\/{rel}","templated":true}]}}