{"id":1297517,"date":"2021-02-14T04:08:05","date_gmt":"2021-02-14T04:08:05","guid":{"rendered":"https:\/\/www.pressenza.com\/?p=1297517"},"modified":"2021-02-15T08:02:40","modified_gmt":"2021-02-15T08:02:40","slug":"el-fin-del-antropoceno","status":"publish","type":"post","link":"https:\/\/www.pressenza.com\/es\/2021\/02\/el-fin-del-antropoceno\/","title":{"rendered":"El fin del Antropoceno"},"content":{"rendered":"<h5><span style=\"color: #999999\"><strong>LIBROS <\/strong><\/span><\/h5>\n<blockquote><p><em>Ensayos sobre el activismo en la era del colapso<\/em><\/p>\n<p><em>En un mundo que clama por el cambio, es fundamental reflexionar sobre el activismo.<br \/>\nUna filosof\u00eda cyberpunk para el siglo XXI<\/em><\/p><\/blockquote>\n<p>En este libro \u201cEl fin del Antropoceno: Ensayos sobre el activismo en la era del colapso\u201d, el fil\u00f3sofo\u00a0 y activista Lieven de Cauter desarrolla la idea de que si queremos evitar el colapso ambiental y social tenemos que poner fin al Antropoceno, la era geol\u00f3gica caracterizada por el gigantesco y devastador impacto de nuestra especie en el planeta Tierra. Incluso podr\u00eda ser \u2500argumenta el autor\u2500 que el colapso de nuestro sistema actual sea la \u00fanica esperanza para la biosfera, dado que busca ciegamente maximizar el crecimiento.<\/p>\n<p>Mediante sus estudios monogr\u00e1ficos sobre el activismo urbano junto con reflexiones m\u00e1s generales sobre la acci\u00f3n c\u00edvica y los movimientos sociales, De Cauter pasa de la melancol\u00eda pol\u00edtica causada por la cuasi certeza del desastre clim\u00e1tico y las meditaciones sobre el final de la &#8216;Era del Hombre&#8217;, hacia reflexiones mucho m\u00e1s esperanzadoras sobre ciertos acontecimientos de nuestro tiempo, como el resurgimiento de los bienes comunes o \u201c<a href=\"https:\/\/es.wikipedia.org\/wiki\/Bien_com%C3%BAn\">comunes<\/a>\u201d. Los comunes han adquirido notoriedad, porque son una respuesta a la privatizaci\u00f3n generalizada promovida por el proceso de globalizaci\u00f3n neoliberal. El fil\u00f3sofo celebra el redescubrimiento de este tercer tipo de bienes existes \u2500ya sea material o inmaterial\u2500 que existe adem\u00e1s de \u201clo p\u00fablico\u201d y \u201clo privado\u201d. Aunque el concepto de bienes comunes est\u00e9 olvidado y excluido, argumenta que contiene las semillas de otra cosmovisi\u00f3n y otra pol\u00edtica. Desde esta nueva perspectiva, la identidad y la heterotop\u00eda, u otros espacios como lugares para la alteridad, pueden verse bajo una nueva luz. Esta colecci\u00f3n de escritos se cierra con textos sobre la crisis por la COVID. La biopol\u00edtica, el cuidado de la vida de la poblaci\u00f3n por parte del Estado, ha ganado una nueva actualidad en esta era de pandemias.<\/p>\n<p>La mezcla de textos filos\u00f3ficos, te\u00f3ricos y art\u00edculos period\u00edsticos lo convierte en un apasionante libro de \u00abensayos activistas\u00bb de f\u00e1cil acceso, de acuerdo con el credo b\u00e1sico de su autor: \u00abpesimismo en la teor\u00eda, optimismo en la pr\u00e1ctica\u00bb. Aunque los ge\u00f3logos no est\u00e9n muy seguros de cu\u00e1ndo comenz\u00f3 el Antropoceno, ya es hora de ponerle fin.<\/p>\n<p>ISBN 978-94-6208-611-1 | Primera impresi\u00f3n | febrero 2021 | Autor: Lieven De Cauter | Dise\u00f1o: Joseph Plateau | Ingl\u00e9s | Paperback | 14,5 x 22,7 cm | 224 pag.<\/p>\n","protected":false},"excerpt":{"rendered":"<p>LIBROS Ensayos sobre el activismo en la era del colapso En un mundo que clama por el cambio, es fundamental reflexionar sobre el activismo. Una filosof\u00eda cyberpunk para el siglo XXI En este libro \u201cEl fin del Antropoceno: Ensayos sobre&hellip;<\/p>\n","protected":false},"author":1941,"featured_media":1297521,"comment_status":"closed","ping_status":"closed","sticky":false,"template":"","format":"standard","meta":{"footnotes":""},"categories":[11389,75],"tags":[17959,75295,82390,54894],"class_list":["post-1297517","post","type-post","status-publish","format-standard","has-post-thumbnail","hentry","category-contenido-original","category-cultura-es","tag-activismo","tag-cuaderno-de-cultura","tag-filosofia-politica","tag-resena-de-libro"],"yoast_head":"<!-- This site is optimized with the Yoast SEO plugin v27.1.1 - https:\/\/yoast.com\/product\/yoast-seo-wordpress\/ -->\n<title>El fin del Antropoceno<\/title>\n<meta name=\"description\" content=\"LIBROS Ensayos sobre el activismo en la era del colapso En un mundo que clama por el cambio, es fundamental reflexionar sobre el activismo. Una filosof\u00eda En un mundo que clama por el cambio, es fundamental reflexionar sobre el activismo.Una filosof\u00eda cyberpunk para el siglo XXI - &quot;El fin del Antropoceno, por Lieven de Cauter\" \/>\n<meta name=\"robots\" content=\"index, follow, max-snippet:-1, max-image-preview:large, max-video-preview:-1\" \/>\n<link rel=\"canonical\" href=\"https:\/\/www.pressenza.com\/es\/2021\/02\/el-fin-del-antropoceno\/\" \/>\n<meta property=\"og:locale\" content=\"es_ES\" \/>\n<meta property=\"og:type\" content=\"article\" \/>\n<meta property=\"og:title\" content=\"El fin del Antropoceno\" \/>\n<meta property=\"og:description\" content=\"LIBROS Ensayos sobre el activismo en la era del colapso En un mundo que clama por el cambio, es fundamental reflexionar sobre el activismo. Una filosof\u00eda En un mundo que clama por el cambio, es fundamental reflexionar sobre el activismo.Una filosof\u00eda cyberpunk para el siglo XXI - &quot;El fin del Antropoceno, por Lieven de Cauter\" \/>\n<meta property=\"og:url\" content=\"https:\/\/www.pressenza.com\/es\/2021\/02\/el-fin-del-antropoceno\/\" \/>\n<meta property=\"og:site_name\" content=\"Pressenza\" \/>\n<meta property=\"article:publisher\" content=\"https:\/\/www.facebook.com\/PressenzaItalia\" \/>\n<meta property=\"article:author\" content=\"@angel.sanzmontes\" \/>\n<meta property=\"article:published_time\" content=\"2021-02-14T04:08:05+00:00\" \/>\n<meta property=\"article:modified_time\" content=\"2021-02-15T08:02:40+00:00\" \/>\n<meta property=\"og:image\" content=\"https:\/\/www.pressenza.com\/wp-content\/uploads\/2021\/02\/Fin-del-Antropoceno.jpg\" \/>\n\t<meta property=\"og:image:width\" content=\"1259\" \/>\n\t<meta property=\"og:image:height\" content=\"1000\" \/>\n\t<meta property=\"og:image:type\" content=\"image\/jpeg\" \/>\n<meta name=\"author\" content=\"\u00c1ngel Sanz Montes\" \/>\n<meta name=\"twitter:card\" content=\"summary_large_image\" \/>\n<meta name=\"twitter:creator\" content=\"@PressenzaIPA\" \/>\n<meta name=\"twitter:site\" content=\"@PressenzaIPA\" \/>\n<meta name=\"twitter:label1\" content=\"Escrito por\" \/>\n\t<meta name=\"twitter:data1\" content=\"\u00c1ngel Sanz Montes\" \/>\n\t<meta name=\"twitter:label2\" content=\"Tiempo de lectura\" \/>\n\t<meta name=\"twitter:data2\" content=\"2 minutos\" \/>\n<script type=\"application\/ld+json\" class=\"yoast-schema-graph\">{\"@context\":\"https:\/\/schema.org\",\"@graph\":[{\"@type\":\"Article\",\"@id\":\"https:\/\/www.pressenza.com\/es\/2021\/02\/el-fin-del-antropoceno\/#article\",\"isPartOf\":{\"@id\":\"https:\/\/www.pressenza.com\/es\/2021\/02\/el-fin-del-antropoceno\/\"},\"author\":{\"name\":\"\u00c1ngel Sanz Montes\",\"@id\":\"https:\/\/www.pressenza.com\/es\/#\/schema\/person\/e3b6e74a6334202f64f147a1622ca383\"},\"headline\":\"El fin del Antropoceno\",\"datePublished\":\"2021-02-14T04:08:05+00:00\",\"dateModified\":\"2021-02-15T08:02:40+00:00\",\"mainEntityOfPage\":{\"@id\":\"https:\/\/www.pressenza.com\/es\/2021\/02\/el-fin-del-antropoceno\/\"},\"wordCount\":429,\"publisher\":{\"@id\":\"https:\/\/www.pressenza.com\/es\/#organization\"},\"image\":{\"@id\":\"https:\/\/www.pressenza.com\/es\/2021\/02\/el-fin-del-antropoceno\/#primaryimage\"},\"thumbnailUrl\":\"https:\/\/www.pressenza.com\/wp-content\/uploads\/2021\/02\/Fin-del-Antropoceno.jpg\",\"keywords\":[\"activismo\",\"cuaderno de cultura\",\"Filosof\u00eda pol\u00edtica\",\"Rese\u00f1a de libro\"],\"articleSection\":[\"Contenido Original\",\"Cultura y Medios\"],\"inLanguage\":\"es\"},{\"@type\":\"WebPage\",\"@id\":\"https:\/\/www.pressenza.com\/es\/2021\/02\/el-fin-del-antropoceno\/\",\"url\":\"https:\/\/www.pressenza.com\/es\/2021\/02\/el-fin-del-antropoceno\/\",\"name\":\"El fin del Antropoceno\",\"isPartOf\":{\"@id\":\"https:\/\/www.pressenza.com\/es\/#website\"},\"primaryImageOfPage\":{\"@id\":\"https:\/\/www.pressenza.com\/es\/2021\/02\/el-fin-del-antropoceno\/#primaryimage\"},\"image\":{\"@id\":\"https:\/\/www.pressenza.com\/es\/2021\/02\/el-fin-del-antropoceno\/#primaryimage\"},\"thumbnailUrl\":\"https:\/\/www.pressenza.com\/wp-content\/uploads\/2021\/02\/Fin-del-Antropoceno.jpg\",\"datePublished\":\"2021-02-14T04:08:05+00:00\",\"dateModified\":\"2021-02-15T08:02:40+00:00\",\"description\":\"LIBROS Ensayos sobre el activismo en la era del colapso En un mundo que clama por el cambio, es fundamental reflexionar sobre el activismo. Una filosof\u00eda En un mundo que clama por el cambio, es fundamental reflexionar sobre el activismo.Una filosof\u00eda cyberpunk para el siglo XXI - \\\"El fin del Antropoceno, por Lieven de Cauter\",\"breadcrumb\":{\"@id\":\"https:\/\/www.pressenza.com\/es\/2021\/02\/el-fin-del-antropoceno\/#breadcrumb\"},\"inLanguage\":\"es\",\"potentialAction\":[{\"@type\":\"ReadAction\",\"target\":[\"https:\/\/www.pressenza.com\/es\/2021\/02\/el-fin-del-antropoceno\/\"]}]},{\"@type\":\"ImageObject\",\"inLanguage\":\"es\",\"@id\":\"https:\/\/www.pressenza.com\/es\/2021\/02\/el-fin-del-antropoceno\/#primaryimage\",\"url\":\"https:\/\/www.pressenza.com\/wp-content\/uploads\/2021\/02\/Fin-del-Antropoceno.jpg\",\"contentUrl\":\"https:\/\/www.pressenza.com\/wp-content\/uploads\/2021\/02\/Fin-del-Antropoceno.jpg\",\"width\":1259,\"height\":1000,\"caption\":\"El fin del Antropoceno, por Lieven de Cauter\"},{\"@type\":\"BreadcrumbList\",\"@id\":\"https:\/\/www.pressenza.com\/es\/2021\/02\/el-fin-del-antropoceno\/#breadcrumb\",\"itemListElement\":[{\"@type\":\"ListItem\",\"position\":1,\"name\":\"Accueil\",\"item\":\"https:\/\/www.pressenza.com\/es\/\"},{\"@type\":\"ListItem\",\"position\":2,\"name\":\"El fin del Antropoceno\"}]},{\"@type\":\"WebSite\",\"@id\":\"https:\/\/www.pressenza.com\/es\/#website\",\"url\":\"https:\/\/www.pressenza.com\/es\/\",\"name\":\"Pressenza\",\"description\":\"International Press Agency\",\"publisher\":{\"@id\":\"https:\/\/www.pressenza.com\/es\/#organization\"},\"potentialAction\":[{\"@type\":\"SearchAction\",\"target\":{\"@type\":\"EntryPoint\",\"urlTemplate\":\"https:\/\/www.pressenza.com\/es\/?s={search_term_string}\"},\"query-input\":{\"@type\":\"PropertyValueSpecification\",\"valueRequired\":true,\"valueName\":\"search_term_string\"}}],\"inLanguage\":\"es\"},{\"@type\":\"Organization\",\"@id\":\"https:\/\/www.pressenza.com\/es\/#organization\",\"name\":\"Pressenza\",\"url\":\"https:\/\/www.pressenza.com\/es\/\",\"logo\":{\"@type\":\"ImageObject\",\"inLanguage\":\"es\",\"@id\":\"https:\/\/www.pressenza.com\/es\/#\/schema\/logo\/image\/\",\"url\":\"https:\/\/www.pressenza.com\/wp-content\/uploads\/2022\/10\/pressenza_logo_200x200.jpg\",\"contentUrl\":\"https:\/\/www.pressenza.com\/wp-content\/uploads\/2022\/10\/pressenza_logo_200x200.jpg\",\"width\":200,\"height\":200,\"caption\":\"Pressenza\"},\"image\":{\"@id\":\"https:\/\/www.pressenza.com\/es\/#\/schema\/logo\/image\/\"},\"sameAs\":[\"https:\/\/www.facebook.com\/PressenzaItalia\",\"https:\/\/x.com\/PressenzaIPA\"]},{\"@type\":\"Person\",\"@id\":\"https:\/\/www.pressenza.com\/es\/#\/schema\/person\/e3b6e74a6334202f64f147a1622ca383\",\"name\":\"\u00c1ngel Sanz Montes\",\"description\":\"Inform\u00e1tico. Gestor de proyectos. Lector, paseante, escritor a ratos y fot\u00f3grafo ocasional. Residente en Ferrol (Espa\u00f1a).\",\"sameAs\":[\"@angel.sanzmontes\"],\"url\":\"https:\/\/www.pressenza.com\/es\/author\/angel-sanz\/\"}]}<\/script>\n<!-- \/ Yoast SEO plugin. -->","yoast_head_json":{"title":"El fin del Antropoceno","description":"LIBROS Ensayos sobre el activismo en la era del colapso En un mundo que clama por el cambio, es fundamental reflexionar sobre el activismo. Una filosof\u00eda En un mundo que clama por el cambio, es fundamental reflexionar sobre el activismo.Una filosof\u00eda cyberpunk para el siglo XXI - \"El fin del Antropoceno, por Lieven de Cauter","robots":{"index":"index","follow":"follow","max-snippet":"max-snippet:-1","max-image-preview":"max-image-preview:large","max-video-preview":"max-video-preview:-1"},"canonical":"https:\/\/www.pressenza.com\/es\/2021\/02\/el-fin-del-antropoceno\/","og_locale":"es_ES","og_type":"article","og_title":"El fin del Antropoceno","og_description":"LIBROS Ensayos sobre el activismo en la era del colapso En un mundo que clama por el cambio, es fundamental reflexionar sobre el activismo. Una filosof\u00eda En un mundo que clama por el cambio, es fundamental reflexionar sobre el activismo.Una filosof\u00eda cyberpunk para el siglo XXI - \"El fin del Antropoceno, por Lieven de Cauter","og_url":"https:\/\/www.pressenza.com\/es\/2021\/02\/el-fin-del-antropoceno\/","og_site_name":"Pressenza","article_publisher":"https:\/\/www.facebook.com\/PressenzaItalia","article_author":"@angel.sanzmontes","article_published_time":"2021-02-14T04:08:05+00:00","article_modified_time":"2021-02-15T08:02:40+00:00","og_image":[{"width":1259,"height":1000,"url":"https:\/\/www.pressenza.com\/wp-content\/uploads\/2021\/02\/Fin-del-Antropoceno.jpg","type":"image\/jpeg"}],"author":"\u00c1ngel Sanz Montes","twitter_card":"summary_large_image","twitter_creator":"@PressenzaIPA","twitter_site":"@PressenzaIPA","twitter_misc":{"Escrito por":"\u00c1ngel Sanz Montes","Tiempo de lectura":"2 minutos"},"schema":{"@context":"https:\/\/schema.org","@graph":[{"@type":"Article","@id":"https:\/\/www.pressenza.com\/es\/2021\/02\/el-fin-del-antropoceno\/#article","isPartOf":{"@id":"https:\/\/www.pressenza.com\/es\/2021\/02\/el-fin-del-antropoceno\/"},"author":{"name":"\u00c1ngel Sanz Montes","@id":"https:\/\/www.pressenza.com\/es\/#\/schema\/person\/e3b6e74a6334202f64f147a1622ca383"},"headline":"El fin del Antropoceno","datePublished":"2021-02-14T04:08:05+00:00","dateModified":"2021-02-15T08:02:40+00:00","mainEntityOfPage":{"@id":"https:\/\/www.pressenza.com\/es\/2021\/02\/el-fin-del-antropoceno\/"},"wordCount":429,"publisher":{"@id":"https:\/\/www.pressenza.com\/es\/#organization"},"image":{"@id":"https:\/\/www.pressenza.com\/es\/2021\/02\/el-fin-del-antropoceno\/#primaryimage"},"thumbnailUrl":"https:\/\/www.pressenza.com\/wp-content\/uploads\/2021\/02\/Fin-del-Antropoceno.jpg","keywords":["activismo","cuaderno de cultura","Filosof\u00eda pol\u00edtica","Rese\u00f1a de libro"],"articleSection":["Contenido Original","Cultura y Medios"],"inLanguage":"es"},{"@type":"WebPage","@id":"https:\/\/www.pressenza.com\/es\/2021\/02\/el-fin-del-antropoceno\/","url":"https:\/\/www.pressenza.com\/es\/2021\/02\/el-fin-del-antropoceno\/","name":"El fin del Antropoceno","isPartOf":{"@id":"https:\/\/www.pressenza.com\/es\/#website"},"primaryImageOfPage":{"@id":"https:\/\/www.pressenza.com\/es\/2021\/02\/el-fin-del-antropoceno\/#primaryimage"},"image":{"@id":"https:\/\/www.pressenza.com\/es\/2021\/02\/el-fin-del-antropoceno\/#primaryimage"},"thumbnailUrl":"https:\/\/www.pressenza.com\/wp-content\/uploads\/2021\/02\/Fin-del-Antropoceno.jpg","datePublished":"2021-02-14T04:08:05+00:00","dateModified":"2021-02-15T08:02:40+00:00","description":"LIBROS Ensayos sobre el activismo en la era del colapso En un mundo que clama por el cambio, es fundamental reflexionar sobre el activismo. Una filosof\u00eda En un mundo que clama por el cambio, es fundamental reflexionar sobre el activismo.Una filosof\u00eda cyberpunk para el siglo XXI - \"El fin del Antropoceno, por Lieven de Cauter","breadcrumb":{"@id":"https:\/\/www.pressenza.com\/es\/2021\/02\/el-fin-del-antropoceno\/#breadcrumb"},"inLanguage":"es","potentialAction":[{"@type":"ReadAction","target":["https:\/\/www.pressenza.com\/es\/2021\/02\/el-fin-del-antropoceno\/"]}]},{"@type":"ImageObject","inLanguage":"es","@id":"https:\/\/www.pressenza.com\/es\/2021\/02\/el-fin-del-antropoceno\/#primaryimage","url":"https:\/\/www.pressenza.com\/wp-content\/uploads\/2021\/02\/Fin-del-Antropoceno.jpg","contentUrl":"https:\/\/www.pressenza.com\/wp-content\/uploads\/2021\/02\/Fin-del-Antropoceno.jpg","width":1259,"height":1000,"caption":"El fin del Antropoceno, por Lieven de Cauter"},{"@type":"BreadcrumbList","@id":"https:\/\/www.pressenza.com\/es\/2021\/02\/el-fin-del-antropoceno\/#breadcrumb","itemListElement":[{"@type":"ListItem","position":1,"name":"Accueil","item":"https:\/\/www.pressenza.com\/es\/"},{"@type":"ListItem","position":2,"name":"El fin del Antropoceno"}]},{"@type":"WebSite","@id":"https:\/\/www.pressenza.com\/es\/#website","url":"https:\/\/www.pressenza.com\/es\/","name":"Pressenza","description":"International Press Agency","publisher":{"@id":"https:\/\/www.pressenza.com\/es\/#organization"},"potentialAction":[{"@type":"SearchAction","target":{"@type":"EntryPoint","urlTemplate":"https:\/\/www.pressenza.com\/es\/?s={search_term_string}"},"query-input":{"@type":"PropertyValueSpecification","valueRequired":true,"valueName":"search_term_string"}}],"inLanguage":"es"},{"@type":"Organization","@id":"https:\/\/www.pressenza.com\/es\/#organization","name":"Pressenza","url":"https:\/\/www.pressenza.com\/es\/","logo":{"@type":"ImageObject","inLanguage":"es","@id":"https:\/\/www.pressenza.com\/es\/#\/schema\/logo\/image\/","url":"https:\/\/www.pressenza.com\/wp-content\/uploads\/2022\/10\/pressenza_logo_200x200.jpg","contentUrl":"https:\/\/www.pressenza.com\/wp-content\/uploads\/2022\/10\/pressenza_logo_200x200.jpg","width":200,"height":200,"caption":"Pressenza"},"image":{"@id":"https:\/\/www.pressenza.com\/es\/#\/schema\/logo\/image\/"},"sameAs":["https:\/\/www.facebook.com\/PressenzaItalia","https:\/\/x.com\/PressenzaIPA"]},{"@type":"Person","@id":"https:\/\/www.pressenza.com\/es\/#\/schema\/person\/e3b6e74a6334202f64f147a1622ca383","name":"\u00c1ngel Sanz Montes","description":"Inform\u00e1tico. Gestor de proyectos. Lector, paseante, escritor a ratos y fot\u00f3grafo ocasional. Residente en Ferrol (Espa\u00f1a).","sameAs":["@angel.sanzmontes"],"url":"https:\/\/www.pressenza.com\/es\/author\/angel-sanz\/"}]}},"place":"Ferrol, Espa\u00f1a","original_article_url":"","_links":{"self":[{"href":"https:\/\/www.pressenza.com\/es\/wp-json\/wp\/v2\/posts\/1297517","targetHints":{"allow":["GET"]}}],"collection":[{"href":"https:\/\/www.pressenza.com\/es\/wp-json\/wp\/v2\/posts"}],"about":[{"href":"https:\/\/www.pressenza.com\/es\/wp-json\/wp\/v2\/types\/post"}],"author":[{"embeddable":true,"href":"https:\/\/www.pressenza.com\/es\/wp-json\/wp\/v2\/users\/1941"}],"replies":[{"embeddable":true,"href":"https:\/\/www.pressenza.com\/es\/wp-json\/wp\/v2\/comments?post=1297517"}],"version-history":[{"count":0,"href":"https:\/\/www.pressenza.com\/es\/wp-json\/wp\/v2\/posts\/1297517\/revisions"}],"wp:featuredmedia":[{"embeddable":true,"href":"https:\/\/www.pressenza.com\/es\/wp-json\/wp\/v2\/media\/1297521"}],"wp:attachment":[{"href":"https:\/\/www.pressenza.com\/es\/wp-json\/wp\/v2\/media?parent=1297517"}],"wp:term":[{"taxonomy":"category","embeddable":true,"href":"https:\/\/www.pressenza.com\/es\/wp-json\/wp\/v2\/categories?post=1297517"},{"taxonomy":"post_tag","embeddable":true,"href":"https:\/\/www.pressenza.com\/es\/wp-json\/wp\/v2\/tags?post=1297517"}],"curies":[{"name":"wp","href":"https:\/\/api.w.org\/{rel}","templated":true}]}}