{"id":1297,"date":"2009-09-11T00:00:00","date_gmt":"2009-09-11T00:00:00","guid":{"rendered":""},"modified":"2009-10-01T17:01:03","modified_gmt":"2009-10-01T17:01:03","slug":"xquiero-ser-la-voz-de-las-personas-que-no-tienen-la-oportunidad-de-expresarse-y-hacer-conciencia-de-que-la-paz-estx-en-nuestro-i","status":"publish","type":"post","link":"https:\/\/www.pressenza.com\/es\/2009\/09\/xquiero-ser-la-voz-de-las-personas-que-no-tienen-la-oportunidad-de-expresarse-y-hacer-conciencia-de-que-la-paz-estx-en-nuestro-i\/","title":{"rendered":"\u201cQuiero ser la voz de las personas que no tienen la oportunidad de expresarse y hacer conciencia de que la paz est\u00e1 en nuestro interior\u201d"},"content":{"rendered":"<p>La visi\u00f3n del Grupo Cultural Aruko Wak\u00eda es transmitir a trav\u00e9s de la m\u00fasica mensajes de reuni\u00f3n universal en la diversidad y de tolerancia entre los pueblos. Reconectar nuestra memoria ancestral con nuestro Planeta tierra para despertar la conciencia de respeto hacia todas las formas de vida, promoviendo la paz y el progreso espiritual planetario.<\/p>\n<p> \u201cQuiero unirme a la Marcha para ser la voz de las personas que por alguna raz\u00f3n no tienen la oportunidad de expresarse y hacer conciencia de que la paz est\u00e1 en nuestro interior,\u201d se\u00f1ala una de las  integrantes de Aruko Wakia en el video de adhesi\u00f3n a la Marcha Mundial por la Paz y la No-Violencia.<\/p>\n<p> El Grupo Cultural Aruko Wakia de Costa Rica dio su apoyo incondicional a las actividades por la paz y apoya al Movimiento Humanista en todo los pa\u00edses de Am\u00e9rica Central. <\/p>\n<p> \u201cCreo en la m\u00fasica, creo en el arte como medio para unirnos y caminar por todos esos pa\u00edses con el fin de acabar con tantas guerras con tanto dolor\u201d agrega otro miembro.<\/p>\n<p>\u201cNosotros con apoyo de los coordinadores de la regi\u00f3n, queremos llevar nuestra m\u00fasica y nuestro arte a Centroam\u00e9rica. Ya tenemos el amable apoyo de nuestras hermanas y hermanos de M\u00e9xico, El Salvador y Guatemala y esperamos m\u00e1s. Nuestro objetivo es contribuir de forma voluntaria con las actividades culturales y art\u00edsticas en los pa\u00edses acompa\u00f1ado al grupo base.\u201d<\/p>\n<p>Algunas de las actividades que desarrolla el grupo son: M\u00fasica tribal \u00e9tnica, danza con fuego, malabares, teatro, talleres de m\u00fasica, elaboraci\u00f3n de m\u00e1scaras y otros. <\/p>\n<p>En los testimonios agrega la activista: \u201cespero que en la Marcha nos unamos mucha gente con sentimientos iguales, con intenciones iguales y ver un cambio o por lo menos provocar en el mundo algo positivo. A su vez agrega que la mejor manera de enfrentarse a la violencia es con paz.<\/p>\n","protected":false},"excerpt":{"rendered":"<p>As\u00ed lo expres\u00f3 el Grupo Cultural Aruko Wak\u00eda, proveniente de Costa Rica, cuyo objetivo es transmitir, a trav\u00e9s de la m\u00fasica, mensajes de reuni\u00f3n universal en la diversidad y de tolerancia entre los pueblos: \u201cser juntos parte de este mundo con otras criaturas y seres pac\u00edficos y llenar de vida lo que es este regalo maravilloso, el Planeta Tierra\u201d, expresan.<\/p>\n","protected":false},"author":19,"featured_media":0,"comment_status":"closed","ping_status":"open","sticky":false,"template":"","format":"standard","meta":{"footnotes":""},"categories":[69,75],"tags":[],"class_list":["post-1297","post","type-post","status-publish","format-standard","hentry","category-america-central","category-cultura-es"],"yoast_head":"<!-- This site is optimized with the Yoast SEO plugin v27.1.1 - https:\/\/yoast.com\/product\/yoast-seo-wordpress\/ -->\n<title>\u201cQuiero ser la voz de las personas que no tienen la oportunidad de expresarse y hacer conciencia de que la paz est\u00e1 en nuestro interior\u201d<\/title>\n<meta name=\"description\" content=\"As\u00ed lo expres\u00f3 el Grupo Cultural Aruko Wak\u00eda, proveniente de Costa Rica, cuyo objetivo es transmitir, a trav\u00e9s de la m\u00fasica, mensajes de reuni\u00f3n universal en la diversidad y de tolerancia entre los pueblos: \u201cser juntos parte de este mundo con otras criaturas y seres pac\u00edficos y llenar de vida lo que es este regalo maravilloso, el Planeta Tierra\u201d, expresan.\" \/>\n<meta name=\"robots\" content=\"index, follow, max-snippet:-1, max-image-preview:large, max-video-preview:-1\" \/>\n<link rel=\"canonical\" href=\"https:\/\/www.pressenza.com\/es\/2009\/09\/xquiero-ser-la-voz-de-las-personas-que-no-tienen-la-oportunidad-de-expresarse-y-hacer-conciencia-de-que-la-paz-estx-en-nuestro-i\/\" \/>\n<meta property=\"og:locale\" content=\"es_ES\" \/>\n<meta property=\"og:type\" content=\"article\" \/>\n<meta property=\"og:title\" content=\"\u201cQuiero ser la voz de las personas que no tienen la oportunidad de expresarse y hacer conciencia de que la paz est\u00e1 en nuestro interior\u201d\" \/>\n<meta property=\"og:description\" content=\"As\u00ed lo expres\u00f3 el Grupo Cultural Aruko Wak\u00eda, proveniente de Costa Rica, cuyo objetivo es transmitir, a trav\u00e9s de la m\u00fasica, mensajes de reuni\u00f3n universal en la diversidad y de tolerancia entre los pueblos: \u201cser juntos parte de este mundo con otras criaturas y seres pac\u00edficos y llenar de vida lo que es este regalo maravilloso, el Planeta Tierra\u201d, expresan.\" \/>\n<meta property=\"og:url\" content=\"https:\/\/www.pressenza.com\/es\/2009\/09\/xquiero-ser-la-voz-de-las-personas-que-no-tienen-la-oportunidad-de-expresarse-y-hacer-conciencia-de-que-la-paz-estx-en-nuestro-i\/\" \/>\n<meta property=\"og:site_name\" content=\"Pressenza\" \/>\n<meta property=\"article:publisher\" content=\"https:\/\/www.facebook.com\/PressenzaItalia\" \/>\n<meta property=\"article:author\" content=\"https:\/\/www.facebook.com\/pressenza\" \/>\n<meta property=\"article:published_time\" content=\"2009-09-11T00:00:00+00:00\" \/>\n<meta property=\"article:modified_time\" content=\"2009-10-01T17:01:03+00:00\" \/>\n<meta name=\"author\" content=\"Pressenza IPA\" \/>\n<meta name=\"twitter:card\" content=\"summary_large_image\" \/>\n<meta name=\"twitter:creator\" content=\"@PressenzaIPA\" \/>\n<meta name=\"twitter:site\" content=\"@PressenzaIPA\" \/>\n<meta name=\"twitter:label1\" content=\"Escrito por\" \/>\n\t<meta name=\"twitter:data1\" content=\"Pressenza IPA\" \/>\n\t<meta name=\"twitter:label2\" content=\"Tiempo de lectura\" \/>\n\t<meta name=\"twitter:data2\" content=\"2 minutos\" \/>\n<script type=\"application\/ld+json\" class=\"yoast-schema-graph\">{\"@context\":\"https:\/\/schema.org\",\"@graph\":[{\"@type\":\"Article\",\"@id\":\"https:\/\/www.pressenza.com\/es\/2009\/09\/xquiero-ser-la-voz-de-las-personas-que-no-tienen-la-oportunidad-de-expresarse-y-hacer-conciencia-de-que-la-paz-estx-en-nuestro-i\/#article\",\"isPartOf\":{\"@id\":\"https:\/\/www.pressenza.com\/es\/2009\/09\/xquiero-ser-la-voz-de-las-personas-que-no-tienen-la-oportunidad-de-expresarse-y-hacer-conciencia-de-que-la-paz-estx-en-nuestro-i\/\"},\"author\":{\"name\":\"Pressenza IPA\",\"@id\":\"https:\/\/www.pressenza.com\/es\/#\/schema\/person\/010e5d02bcf40965427a1289a4cc8d75\"},\"headline\":\"\u201cQuiero ser la voz de las personas que no tienen la oportunidad de expresarse y hacer conciencia de que la paz est\u00e1 en nuestro interior\u201d\",\"datePublished\":\"2009-09-11T00:00:00+00:00\",\"dateModified\":\"2009-10-01T17:01:03+00:00\",\"mainEntityOfPage\":{\"@id\":\"https:\/\/www.pressenza.com\/es\/2009\/09\/xquiero-ser-la-voz-de-las-personas-que-no-tienen-la-oportunidad-de-expresarse-y-hacer-conciencia-de-que-la-paz-estx-en-nuestro-i\/\"},\"wordCount\":355,\"publisher\":{\"@id\":\"https:\/\/www.pressenza.com\/es\/#organization\"},\"articleSection\":[\"Am\u00e9rica Central\",\"Cultura y Medios\"],\"inLanguage\":\"es\"},{\"@type\":\"WebPage\",\"@id\":\"https:\/\/www.pressenza.com\/es\/2009\/09\/xquiero-ser-la-voz-de-las-personas-que-no-tienen-la-oportunidad-de-expresarse-y-hacer-conciencia-de-que-la-paz-estx-en-nuestro-i\/\",\"url\":\"https:\/\/www.pressenza.com\/es\/2009\/09\/xquiero-ser-la-voz-de-las-personas-que-no-tienen-la-oportunidad-de-expresarse-y-hacer-conciencia-de-que-la-paz-estx-en-nuestro-i\/\",\"name\":\"\u201cQuiero ser la voz de las personas que no tienen la oportunidad de expresarse y hacer conciencia de que la paz est\u00e1 en nuestro interior\u201d\",\"isPartOf\":{\"@id\":\"https:\/\/www.pressenza.com\/es\/#website\"},\"datePublished\":\"2009-09-11T00:00:00+00:00\",\"dateModified\":\"2009-10-01T17:01:03+00:00\",\"description\":\"As\u00ed lo expres\u00f3 el Grupo Cultural Aruko Wak\u00eda, proveniente de Costa Rica, cuyo objetivo es transmitir, a trav\u00e9s de la m\u00fasica, mensajes de reuni\u00f3n universal en la diversidad y de tolerancia entre los pueblos: \u201cser juntos parte de este mundo con otras criaturas y seres pac\u00edficos y llenar de vida lo que es este regalo maravilloso, el Planeta Tierra\u201d, expresan.\",\"breadcrumb\":{\"@id\":\"https:\/\/www.pressenza.com\/es\/2009\/09\/xquiero-ser-la-voz-de-las-personas-que-no-tienen-la-oportunidad-de-expresarse-y-hacer-conciencia-de-que-la-paz-estx-en-nuestro-i\/#breadcrumb\"},\"inLanguage\":\"es\",\"potentialAction\":[{\"@type\":\"ReadAction\",\"target\":[\"https:\/\/www.pressenza.com\/es\/2009\/09\/xquiero-ser-la-voz-de-las-personas-que-no-tienen-la-oportunidad-de-expresarse-y-hacer-conciencia-de-que-la-paz-estx-en-nuestro-i\/\"]}]},{\"@type\":\"BreadcrumbList\",\"@id\":\"https:\/\/www.pressenza.com\/es\/2009\/09\/xquiero-ser-la-voz-de-las-personas-que-no-tienen-la-oportunidad-de-expresarse-y-hacer-conciencia-de-que-la-paz-estx-en-nuestro-i\/#breadcrumb\",\"itemListElement\":[{\"@type\":\"ListItem\",\"position\":1,\"name\":\"Accueil\",\"item\":\"https:\/\/www.pressenza.com\/es\/\"},{\"@type\":\"ListItem\",\"position\":2,\"name\":\"\u201cQuiero ser la voz de las personas que no tienen la oportunidad de expresarse y hacer conciencia de que la paz est\u00e1 en nuestro interior\u201d\"}]},{\"@type\":\"WebSite\",\"@id\":\"https:\/\/www.pressenza.com\/es\/#website\",\"url\":\"https:\/\/www.pressenza.com\/es\/\",\"name\":\"Pressenza\",\"description\":\"International Press Agency\",\"publisher\":{\"@id\":\"https:\/\/www.pressenza.com\/es\/#organization\"},\"potentialAction\":[{\"@type\":\"SearchAction\",\"target\":{\"@type\":\"EntryPoint\",\"urlTemplate\":\"https:\/\/www.pressenza.com\/es\/?s={search_term_string}\"},\"query-input\":{\"@type\":\"PropertyValueSpecification\",\"valueRequired\":true,\"valueName\":\"search_term_string\"}}],\"inLanguage\":\"es\"},{\"@type\":\"Organization\",\"@id\":\"https:\/\/www.pressenza.com\/es\/#organization\",\"name\":\"Pressenza\",\"url\":\"https:\/\/www.pressenza.com\/es\/\",\"logo\":{\"@type\":\"ImageObject\",\"inLanguage\":\"es\",\"@id\":\"https:\/\/www.pressenza.com\/es\/#\/schema\/logo\/image\/\",\"url\":\"https:\/\/www.pressenza.com\/wp-content\/uploads\/2022\/10\/pressenza_logo_200x200.jpg\",\"contentUrl\":\"https:\/\/www.pressenza.com\/wp-content\/uploads\/2022\/10\/pressenza_logo_200x200.jpg\",\"width\":200,\"height\":200,\"caption\":\"Pressenza\"},\"image\":{\"@id\":\"https:\/\/www.pressenza.com\/es\/#\/schema\/logo\/image\/\"},\"sameAs\":[\"https:\/\/www.facebook.com\/PressenzaItalia\",\"https:\/\/x.com\/PressenzaIPA\"]},{\"@type\":\"Person\",\"@id\":\"https:\/\/www.pressenza.com\/es\/#\/schema\/person\/010e5d02bcf40965427a1289a4cc8d75\",\"name\":\"Pressenza IPA\",\"description\":\"News from Pressenza IPA correspondents\",\"sameAs\":[\"https:\/\/www.facebook.com\/pressenza\",\"https:\/\/x.com\/PressenzaIPA\"],\"url\":\"https:\/\/www.pressenza.com\/es\/author\/pressenza-ipa\/\"}]}<\/script>\n<!-- \/ Yoast SEO plugin. -->","yoast_head_json":{"title":"\u201cQuiero ser la voz de las personas que no tienen la oportunidad de expresarse y hacer conciencia de que la paz est\u00e1 en nuestro interior\u201d","description":"As\u00ed lo expres\u00f3 el Grupo Cultural Aruko Wak\u00eda, proveniente de Costa Rica, cuyo objetivo es transmitir, a trav\u00e9s de la m\u00fasica, mensajes de reuni\u00f3n universal en la diversidad y de tolerancia entre los pueblos: \u201cser juntos parte de este mundo con otras criaturas y seres pac\u00edficos y llenar de vida lo que es este regalo maravilloso, el Planeta Tierra\u201d, expresan.","robots":{"index":"index","follow":"follow","max-snippet":"max-snippet:-1","max-image-preview":"max-image-preview:large","max-video-preview":"max-video-preview:-1"},"canonical":"https:\/\/www.pressenza.com\/es\/2009\/09\/xquiero-ser-la-voz-de-las-personas-que-no-tienen-la-oportunidad-de-expresarse-y-hacer-conciencia-de-que-la-paz-estx-en-nuestro-i\/","og_locale":"es_ES","og_type":"article","og_title":"\u201cQuiero ser la voz de las personas que no tienen la oportunidad de expresarse y hacer conciencia de que la paz est\u00e1 en nuestro interior\u201d","og_description":"As\u00ed lo expres\u00f3 el Grupo Cultural Aruko Wak\u00eda, proveniente de Costa Rica, cuyo objetivo es transmitir, a trav\u00e9s de la m\u00fasica, mensajes de reuni\u00f3n universal en la diversidad y de tolerancia entre los pueblos: \u201cser juntos parte de este mundo con otras criaturas y seres pac\u00edficos y llenar de vida lo que es este regalo maravilloso, el Planeta Tierra\u201d, expresan.","og_url":"https:\/\/www.pressenza.com\/es\/2009\/09\/xquiero-ser-la-voz-de-las-personas-que-no-tienen-la-oportunidad-de-expresarse-y-hacer-conciencia-de-que-la-paz-estx-en-nuestro-i\/","og_site_name":"Pressenza","article_publisher":"https:\/\/www.facebook.com\/PressenzaItalia","article_author":"https:\/\/www.facebook.com\/pressenza","article_published_time":"2009-09-11T00:00:00+00:00","article_modified_time":"2009-10-01T17:01:03+00:00","author":"Pressenza IPA","twitter_card":"summary_large_image","twitter_creator":"@PressenzaIPA","twitter_site":"@PressenzaIPA","twitter_misc":{"Escrito por":"Pressenza IPA","Tiempo de lectura":"2 minutos"},"schema":{"@context":"https:\/\/schema.org","@graph":[{"@type":"Article","@id":"https:\/\/www.pressenza.com\/es\/2009\/09\/xquiero-ser-la-voz-de-las-personas-que-no-tienen-la-oportunidad-de-expresarse-y-hacer-conciencia-de-que-la-paz-estx-en-nuestro-i\/#article","isPartOf":{"@id":"https:\/\/www.pressenza.com\/es\/2009\/09\/xquiero-ser-la-voz-de-las-personas-que-no-tienen-la-oportunidad-de-expresarse-y-hacer-conciencia-de-que-la-paz-estx-en-nuestro-i\/"},"author":{"name":"Pressenza IPA","@id":"https:\/\/www.pressenza.com\/es\/#\/schema\/person\/010e5d02bcf40965427a1289a4cc8d75"},"headline":"\u201cQuiero ser la voz de las personas que no tienen la oportunidad de expresarse y hacer conciencia de que la paz est\u00e1 en nuestro interior\u201d","datePublished":"2009-09-11T00:00:00+00:00","dateModified":"2009-10-01T17:01:03+00:00","mainEntityOfPage":{"@id":"https:\/\/www.pressenza.com\/es\/2009\/09\/xquiero-ser-la-voz-de-las-personas-que-no-tienen-la-oportunidad-de-expresarse-y-hacer-conciencia-de-que-la-paz-estx-en-nuestro-i\/"},"wordCount":355,"publisher":{"@id":"https:\/\/www.pressenza.com\/es\/#organization"},"articleSection":["Am\u00e9rica Central","Cultura y Medios"],"inLanguage":"es"},{"@type":"WebPage","@id":"https:\/\/www.pressenza.com\/es\/2009\/09\/xquiero-ser-la-voz-de-las-personas-que-no-tienen-la-oportunidad-de-expresarse-y-hacer-conciencia-de-que-la-paz-estx-en-nuestro-i\/","url":"https:\/\/www.pressenza.com\/es\/2009\/09\/xquiero-ser-la-voz-de-las-personas-que-no-tienen-la-oportunidad-de-expresarse-y-hacer-conciencia-de-que-la-paz-estx-en-nuestro-i\/","name":"\u201cQuiero ser la voz de las personas que no tienen la oportunidad de expresarse y hacer conciencia de que la paz est\u00e1 en nuestro interior\u201d","isPartOf":{"@id":"https:\/\/www.pressenza.com\/es\/#website"},"datePublished":"2009-09-11T00:00:00+00:00","dateModified":"2009-10-01T17:01:03+00:00","description":"As\u00ed lo expres\u00f3 el Grupo Cultural Aruko Wak\u00eda, proveniente de Costa Rica, cuyo objetivo es transmitir, a trav\u00e9s de la m\u00fasica, mensajes de reuni\u00f3n universal en la diversidad y de tolerancia entre los pueblos: \u201cser juntos parte de este mundo con otras criaturas y seres pac\u00edficos y llenar de vida lo que es este regalo maravilloso, el Planeta Tierra\u201d, expresan.","breadcrumb":{"@id":"https:\/\/www.pressenza.com\/es\/2009\/09\/xquiero-ser-la-voz-de-las-personas-que-no-tienen-la-oportunidad-de-expresarse-y-hacer-conciencia-de-que-la-paz-estx-en-nuestro-i\/#breadcrumb"},"inLanguage":"es","potentialAction":[{"@type":"ReadAction","target":["https:\/\/www.pressenza.com\/es\/2009\/09\/xquiero-ser-la-voz-de-las-personas-que-no-tienen-la-oportunidad-de-expresarse-y-hacer-conciencia-de-que-la-paz-estx-en-nuestro-i\/"]}]},{"@type":"BreadcrumbList","@id":"https:\/\/www.pressenza.com\/es\/2009\/09\/xquiero-ser-la-voz-de-las-personas-que-no-tienen-la-oportunidad-de-expresarse-y-hacer-conciencia-de-que-la-paz-estx-en-nuestro-i\/#breadcrumb","itemListElement":[{"@type":"ListItem","position":1,"name":"Accueil","item":"https:\/\/www.pressenza.com\/es\/"},{"@type":"ListItem","position":2,"name":"\u201cQuiero ser la voz de las personas que no tienen la oportunidad de expresarse y hacer conciencia de que la paz est\u00e1 en nuestro interior\u201d"}]},{"@type":"WebSite","@id":"https:\/\/www.pressenza.com\/es\/#website","url":"https:\/\/www.pressenza.com\/es\/","name":"Pressenza","description":"International Press Agency","publisher":{"@id":"https:\/\/www.pressenza.com\/es\/#organization"},"potentialAction":[{"@type":"SearchAction","target":{"@type":"EntryPoint","urlTemplate":"https:\/\/www.pressenza.com\/es\/?s={search_term_string}"},"query-input":{"@type":"PropertyValueSpecification","valueRequired":true,"valueName":"search_term_string"}}],"inLanguage":"es"},{"@type":"Organization","@id":"https:\/\/www.pressenza.com\/es\/#organization","name":"Pressenza","url":"https:\/\/www.pressenza.com\/es\/","logo":{"@type":"ImageObject","inLanguage":"es","@id":"https:\/\/www.pressenza.com\/es\/#\/schema\/logo\/image\/","url":"https:\/\/www.pressenza.com\/wp-content\/uploads\/2022\/10\/pressenza_logo_200x200.jpg","contentUrl":"https:\/\/www.pressenza.com\/wp-content\/uploads\/2022\/10\/pressenza_logo_200x200.jpg","width":200,"height":200,"caption":"Pressenza"},"image":{"@id":"https:\/\/www.pressenza.com\/es\/#\/schema\/logo\/image\/"},"sameAs":["https:\/\/www.facebook.com\/PressenzaItalia","https:\/\/x.com\/PressenzaIPA"]},{"@type":"Person","@id":"https:\/\/www.pressenza.com\/es\/#\/schema\/person\/010e5d02bcf40965427a1289a4cc8d75","name":"Pressenza IPA","description":"News from Pressenza IPA correspondents","sameAs":["https:\/\/www.facebook.com\/pressenza","https:\/\/x.com\/PressenzaIPA"],"url":"https:\/\/www.pressenza.com\/es\/author\/pressenza-ipa\/"}]}},"place":"San Jos\u00e9","original_article_url":"","_links":{"self":[{"href":"https:\/\/www.pressenza.com\/es\/wp-json\/wp\/v2\/posts\/1297","targetHints":{"allow":["GET"]}}],"collection":[{"href":"https:\/\/www.pressenza.com\/es\/wp-json\/wp\/v2\/posts"}],"about":[{"href":"https:\/\/www.pressenza.com\/es\/wp-json\/wp\/v2\/types\/post"}],"author":[{"embeddable":true,"href":"https:\/\/www.pressenza.com\/es\/wp-json\/wp\/v2\/users\/19"}],"replies":[{"embeddable":true,"href":"https:\/\/www.pressenza.com\/es\/wp-json\/wp\/v2\/comments?post=1297"}],"version-history":[{"count":0,"href":"https:\/\/www.pressenza.com\/es\/wp-json\/wp\/v2\/posts\/1297\/revisions"}],"wp:attachment":[{"href":"https:\/\/www.pressenza.com\/es\/wp-json\/wp\/v2\/media?parent=1297"}],"wp:term":[{"taxonomy":"category","embeddable":true,"href":"https:\/\/www.pressenza.com\/es\/wp-json\/wp\/v2\/categories?post=1297"},{"taxonomy":"post_tag","embeddable":true,"href":"https:\/\/www.pressenza.com\/es\/wp-json\/wp\/v2\/tags?post=1297"}],"curies":[{"name":"wp","href":"https:\/\/api.w.org\/{rel}","templated":true}]}}