{"id":1295,"date":"2009-09-11T00:00:00","date_gmt":"2009-09-11T00:00:00","guid":{"rendered":""},"modified":"2009-09-11T20:05:40","modified_gmt":"2009-09-11T20:05:40","slug":"holanda-considera-retirar-armas-nucleares-estadounidenses-de-su-territorio","status":"publish","type":"post","link":"https:\/\/www.pressenza.com\/es\/2009\/09\/holanda-considera-retirar-armas-nucleares-estadounidenses-de-su-territorio\/","title":{"rendered":"Holanda considera retirar armas nucleares estadounidenses de su territorio"},"content":{"rendered":"<p>Martijn van Dam, diputado del Partido Laborista contest\u00f3 al presidente de Estados Unidos, Barack Obama, quien se hab\u00eda pronunciado respecto a la necesidad de reducir el n\u00famero de armas nucleares en el mundo. Dos meses atr\u00e1s, el presidente acord\u00f3 con su hom\u00f3logo ruso, Dmitri Medvedev, trabajar en pro de la reducci\u00f3n de armamentos nucleares. El gobierno actual de Holanda, encabezado por el Partido Laborista, considera posible que su pa\u00eds respalde el pedido de Barack Obama y por ello solicite a Estados Unidos el retiro de sus armas nucleares del territorio holand\u00e9s. \u00abSon vestigios de una guerra que ya termin\u00f3, de la Guerra Fr\u00eda\u00bb, dijo Van Dam.<\/p>\n<p>El gobierno holand\u00e9s nunca confirm\u00f3 que en la estaci\u00f3n a\u00e9rea Volkel hubiera bombas nucleares estadounidenses. Sin embargo, el diputado del Partido Laborista destac\u00f3 los comentarios del gobierno de B\u00e9lgica, pa\u00eds lim\u00edtrofe, acerca de las armas nucleares que Estados Unidos tiene distribuidas en varios de los pa\u00edses europeos y que sugieren que Holanda aloja en su territorio nacional al menos veintid\u00f3s del n\u00famero total de estas armas.<br \/>\nA pesar de esta informaci\u00f3n, el ministro de Asuntos Exteriores, Maxime Verhagen, no est\u00e1 muy dispuesto a retirar las armas de la base a\u00e9rea Vonkel en la provincia de Brabante Norte, luego de que as\u00ed lo solicitara un diputado del Partido Laborista en radio NOS.<\/p>\n<p>Traducci\u00f3n: Leandro Santos<br \/>\n*leandrosantosb@gmail.com*<\/p>\n","protected":false},"excerpt":{"rendered":"<p>Martijn van Dam, diputado del Partido Laborista, responde los comentarios del presidente Barack Obama, sobre la reducci\u00f3n del n\u00famero de armas nucleares en el mundo. Dos meses atr\u00e1s, el presidente acord\u00f3 con su hom\u00f3logo ruso, Dmitri Medvedev, trabajar en el tema. El actual gobierno laborista holand\u00e9s considera que puede retirar las armas nucleares de su territorio<\/p>\n","protected":false},"author":19,"featured_media":0,"comment_status":"closed","ping_status":"open","sticky":false,"template":"","format":"standard","meta":{"footnotes":""},"categories":[76,66],"tags":[],"class_list":["post-1295","post","type-post","status-publish","format-standard","hentry","category-relaciones-exteriores","category-europa-es"],"yoast_head":"<!-- This site is optimized with the Yoast SEO plugin v27.1.1 - https:\/\/yoast.com\/product\/yoast-seo-wordpress\/ -->\n<title>Holanda considera retirar armas nucleares estadounidenses de su territorio<\/title>\n<meta name=\"description\" content=\"Martijn van Dam, diputado del Partido Laborista, responde los comentarios del presidente Barack Obama, sobre la reducci\u00f3n del n\u00famero de armas nucleares en el mundo. Dos meses atr\u00e1s, el presidente acord\u00f3 con su hom\u00f3logo ruso, Dmitri Medvedev, trabajar en el tema. El actual gobierno laborista holand\u00e9s considera que puede retirar las armas nucleares de su territorio\" \/>\n<meta name=\"robots\" content=\"index, follow, max-snippet:-1, max-image-preview:large, max-video-preview:-1\" \/>\n<link rel=\"canonical\" href=\"https:\/\/www.pressenza.com\/es\/2009\/09\/holanda-considera-retirar-armas-nucleares-estadounidenses-de-su-territorio\/\" \/>\n<meta property=\"og:locale\" content=\"es_ES\" \/>\n<meta property=\"og:type\" content=\"article\" \/>\n<meta property=\"og:title\" content=\"Holanda considera retirar armas nucleares estadounidenses de su territorio\" \/>\n<meta property=\"og:description\" content=\"Martijn van Dam, diputado del Partido Laborista, responde los comentarios del presidente Barack Obama, sobre la reducci\u00f3n del n\u00famero de armas nucleares en el mundo. Dos meses atr\u00e1s, el presidente acord\u00f3 con su hom\u00f3logo ruso, Dmitri Medvedev, trabajar en el tema. El actual gobierno laborista holand\u00e9s considera que puede retirar las armas nucleares de su territorio\" \/>\n<meta property=\"og:url\" content=\"https:\/\/www.pressenza.com\/es\/2009\/09\/holanda-considera-retirar-armas-nucleares-estadounidenses-de-su-territorio\/\" \/>\n<meta property=\"og:site_name\" content=\"Pressenza\" \/>\n<meta property=\"article:publisher\" content=\"https:\/\/www.facebook.com\/PressenzaItalia\" \/>\n<meta property=\"article:author\" content=\"https:\/\/www.facebook.com\/pressenza\" \/>\n<meta property=\"article:published_time\" content=\"2009-09-11T00:00:00+00:00\" \/>\n<meta property=\"article:modified_time\" content=\"2009-09-11T20:05:40+00:00\" \/>\n<meta name=\"author\" content=\"Pressenza IPA\" \/>\n<meta name=\"twitter:card\" content=\"summary_large_image\" \/>\n<meta name=\"twitter:creator\" content=\"@PressenzaIPA\" \/>\n<meta name=\"twitter:site\" content=\"@PressenzaIPA\" \/>\n<meta name=\"twitter:label1\" content=\"Escrito por\" \/>\n\t<meta name=\"twitter:data1\" content=\"Pressenza IPA\" \/>\n\t<meta name=\"twitter:label2\" content=\"Tiempo de lectura\" \/>\n\t<meta name=\"twitter:data2\" content=\"1 minuto\" \/>\n<script type=\"application\/ld+json\" class=\"yoast-schema-graph\">{\"@context\":\"https:\/\/schema.org\",\"@graph\":[{\"@type\":\"Article\",\"@id\":\"https:\/\/www.pressenza.com\/es\/2009\/09\/holanda-considera-retirar-armas-nucleares-estadounidenses-de-su-territorio\/#article\",\"isPartOf\":{\"@id\":\"https:\/\/www.pressenza.com\/es\/2009\/09\/holanda-considera-retirar-armas-nucleares-estadounidenses-de-su-territorio\/\"},\"author\":{\"name\":\"Pressenza IPA\",\"@id\":\"https:\/\/www.pressenza.com\/es\/#\/schema\/person\/010e5d02bcf40965427a1289a4cc8d75\"},\"headline\":\"Holanda considera retirar armas nucleares estadounidenses de su territorio\",\"datePublished\":\"2009-09-11T00:00:00+00:00\",\"dateModified\":\"2009-09-11T20:05:40+00:00\",\"mainEntityOfPage\":{\"@id\":\"https:\/\/www.pressenza.com\/es\/2009\/09\/holanda-considera-retirar-armas-nucleares-estadounidenses-de-su-territorio\/\"},\"wordCount\":252,\"publisher\":{\"@id\":\"https:\/\/www.pressenza.com\/es\/#organization\"},\"articleSection\":[\"Asuntos internacionales\",\"Europa\"],\"inLanguage\":\"es\"},{\"@type\":\"WebPage\",\"@id\":\"https:\/\/www.pressenza.com\/es\/2009\/09\/holanda-considera-retirar-armas-nucleares-estadounidenses-de-su-territorio\/\",\"url\":\"https:\/\/www.pressenza.com\/es\/2009\/09\/holanda-considera-retirar-armas-nucleares-estadounidenses-de-su-territorio\/\",\"name\":\"Holanda considera retirar armas nucleares estadounidenses de su territorio\",\"isPartOf\":{\"@id\":\"https:\/\/www.pressenza.com\/es\/#website\"},\"datePublished\":\"2009-09-11T00:00:00+00:00\",\"dateModified\":\"2009-09-11T20:05:40+00:00\",\"description\":\"Martijn van Dam, diputado del Partido Laborista, responde los comentarios del presidente Barack Obama, sobre la reducci\u00f3n del n\u00famero de armas nucleares en el mundo. Dos meses atr\u00e1s, el presidente acord\u00f3 con su hom\u00f3logo ruso, Dmitri Medvedev, trabajar en el tema. El actual gobierno laborista holand\u00e9s considera que puede retirar las armas nucleares de su territorio\",\"breadcrumb\":{\"@id\":\"https:\/\/www.pressenza.com\/es\/2009\/09\/holanda-considera-retirar-armas-nucleares-estadounidenses-de-su-territorio\/#breadcrumb\"},\"inLanguage\":\"es\",\"potentialAction\":[{\"@type\":\"ReadAction\",\"target\":[\"https:\/\/www.pressenza.com\/es\/2009\/09\/holanda-considera-retirar-armas-nucleares-estadounidenses-de-su-territorio\/\"]}]},{\"@type\":\"BreadcrumbList\",\"@id\":\"https:\/\/www.pressenza.com\/es\/2009\/09\/holanda-considera-retirar-armas-nucleares-estadounidenses-de-su-territorio\/#breadcrumb\",\"itemListElement\":[{\"@type\":\"ListItem\",\"position\":1,\"name\":\"Accueil\",\"item\":\"https:\/\/www.pressenza.com\/es\/\"},{\"@type\":\"ListItem\",\"position\":2,\"name\":\"Holanda considera retirar armas nucleares estadounidenses de su territorio\"}]},{\"@type\":\"WebSite\",\"@id\":\"https:\/\/www.pressenza.com\/es\/#website\",\"url\":\"https:\/\/www.pressenza.com\/es\/\",\"name\":\"Pressenza\",\"description\":\"International Press Agency\",\"publisher\":{\"@id\":\"https:\/\/www.pressenza.com\/es\/#organization\"},\"potentialAction\":[{\"@type\":\"SearchAction\",\"target\":{\"@type\":\"EntryPoint\",\"urlTemplate\":\"https:\/\/www.pressenza.com\/es\/?s={search_term_string}\"},\"query-input\":{\"@type\":\"PropertyValueSpecification\",\"valueRequired\":true,\"valueName\":\"search_term_string\"}}],\"inLanguage\":\"es\"},{\"@type\":\"Organization\",\"@id\":\"https:\/\/www.pressenza.com\/es\/#organization\",\"name\":\"Pressenza\",\"url\":\"https:\/\/www.pressenza.com\/es\/\",\"logo\":{\"@type\":\"ImageObject\",\"inLanguage\":\"es\",\"@id\":\"https:\/\/www.pressenza.com\/es\/#\/schema\/logo\/image\/\",\"url\":\"https:\/\/www.pressenza.com\/wp-content\/uploads\/2022\/10\/pressenza_logo_200x200.jpg\",\"contentUrl\":\"https:\/\/www.pressenza.com\/wp-content\/uploads\/2022\/10\/pressenza_logo_200x200.jpg\",\"width\":200,\"height\":200,\"caption\":\"Pressenza\"},\"image\":{\"@id\":\"https:\/\/www.pressenza.com\/es\/#\/schema\/logo\/image\/\"},\"sameAs\":[\"https:\/\/www.facebook.com\/PressenzaItalia\",\"https:\/\/x.com\/PressenzaIPA\"]},{\"@type\":\"Person\",\"@id\":\"https:\/\/www.pressenza.com\/es\/#\/schema\/person\/010e5d02bcf40965427a1289a4cc8d75\",\"name\":\"Pressenza IPA\",\"description\":\"News from Pressenza IPA correspondents\",\"sameAs\":[\"https:\/\/www.facebook.com\/pressenza\",\"https:\/\/x.com\/PressenzaIPA\"],\"url\":\"https:\/\/www.pressenza.com\/es\/author\/pressenza-ipa\/\"}]}<\/script>\n<!-- \/ Yoast SEO plugin. -->","yoast_head_json":{"title":"Holanda considera retirar armas nucleares estadounidenses de su territorio","description":"Martijn van Dam, diputado del Partido Laborista, responde los comentarios del presidente Barack Obama, sobre la reducci\u00f3n del n\u00famero de armas nucleares en el mundo. Dos meses atr\u00e1s, el presidente acord\u00f3 con su hom\u00f3logo ruso, Dmitri Medvedev, trabajar en el tema. El actual gobierno laborista holand\u00e9s considera que puede retirar las armas nucleares de su territorio","robots":{"index":"index","follow":"follow","max-snippet":"max-snippet:-1","max-image-preview":"max-image-preview:large","max-video-preview":"max-video-preview:-1"},"canonical":"https:\/\/www.pressenza.com\/es\/2009\/09\/holanda-considera-retirar-armas-nucleares-estadounidenses-de-su-territorio\/","og_locale":"es_ES","og_type":"article","og_title":"Holanda considera retirar armas nucleares estadounidenses de su territorio","og_description":"Martijn van Dam, diputado del Partido Laborista, responde los comentarios del presidente Barack Obama, sobre la reducci\u00f3n del n\u00famero de armas nucleares en el mundo. Dos meses atr\u00e1s, el presidente acord\u00f3 con su hom\u00f3logo ruso, Dmitri Medvedev, trabajar en el tema. El actual gobierno laborista holand\u00e9s considera que puede retirar las armas nucleares de su territorio","og_url":"https:\/\/www.pressenza.com\/es\/2009\/09\/holanda-considera-retirar-armas-nucleares-estadounidenses-de-su-territorio\/","og_site_name":"Pressenza","article_publisher":"https:\/\/www.facebook.com\/PressenzaItalia","article_author":"https:\/\/www.facebook.com\/pressenza","article_published_time":"2009-09-11T00:00:00+00:00","article_modified_time":"2009-09-11T20:05:40+00:00","author":"Pressenza IPA","twitter_card":"summary_large_image","twitter_creator":"@PressenzaIPA","twitter_site":"@PressenzaIPA","twitter_misc":{"Escrito por":"Pressenza IPA","Tiempo de lectura":"1 minuto"},"schema":{"@context":"https:\/\/schema.org","@graph":[{"@type":"Article","@id":"https:\/\/www.pressenza.com\/es\/2009\/09\/holanda-considera-retirar-armas-nucleares-estadounidenses-de-su-territorio\/#article","isPartOf":{"@id":"https:\/\/www.pressenza.com\/es\/2009\/09\/holanda-considera-retirar-armas-nucleares-estadounidenses-de-su-territorio\/"},"author":{"name":"Pressenza IPA","@id":"https:\/\/www.pressenza.com\/es\/#\/schema\/person\/010e5d02bcf40965427a1289a4cc8d75"},"headline":"Holanda considera retirar armas nucleares estadounidenses de su territorio","datePublished":"2009-09-11T00:00:00+00:00","dateModified":"2009-09-11T20:05:40+00:00","mainEntityOfPage":{"@id":"https:\/\/www.pressenza.com\/es\/2009\/09\/holanda-considera-retirar-armas-nucleares-estadounidenses-de-su-territorio\/"},"wordCount":252,"publisher":{"@id":"https:\/\/www.pressenza.com\/es\/#organization"},"articleSection":["Asuntos internacionales","Europa"],"inLanguage":"es"},{"@type":"WebPage","@id":"https:\/\/www.pressenza.com\/es\/2009\/09\/holanda-considera-retirar-armas-nucleares-estadounidenses-de-su-territorio\/","url":"https:\/\/www.pressenza.com\/es\/2009\/09\/holanda-considera-retirar-armas-nucleares-estadounidenses-de-su-territorio\/","name":"Holanda considera retirar armas nucleares estadounidenses de su territorio","isPartOf":{"@id":"https:\/\/www.pressenza.com\/es\/#website"},"datePublished":"2009-09-11T00:00:00+00:00","dateModified":"2009-09-11T20:05:40+00:00","description":"Martijn van Dam, diputado del Partido Laborista, responde los comentarios del presidente Barack Obama, sobre la reducci\u00f3n del n\u00famero de armas nucleares en el mundo. Dos meses atr\u00e1s, el presidente acord\u00f3 con su hom\u00f3logo ruso, Dmitri Medvedev, trabajar en el tema. El actual gobierno laborista holand\u00e9s considera que puede retirar las armas nucleares de su territorio","breadcrumb":{"@id":"https:\/\/www.pressenza.com\/es\/2009\/09\/holanda-considera-retirar-armas-nucleares-estadounidenses-de-su-territorio\/#breadcrumb"},"inLanguage":"es","potentialAction":[{"@type":"ReadAction","target":["https:\/\/www.pressenza.com\/es\/2009\/09\/holanda-considera-retirar-armas-nucleares-estadounidenses-de-su-territorio\/"]}]},{"@type":"BreadcrumbList","@id":"https:\/\/www.pressenza.com\/es\/2009\/09\/holanda-considera-retirar-armas-nucleares-estadounidenses-de-su-territorio\/#breadcrumb","itemListElement":[{"@type":"ListItem","position":1,"name":"Accueil","item":"https:\/\/www.pressenza.com\/es\/"},{"@type":"ListItem","position":2,"name":"Holanda considera retirar armas nucleares estadounidenses de su territorio"}]},{"@type":"WebSite","@id":"https:\/\/www.pressenza.com\/es\/#website","url":"https:\/\/www.pressenza.com\/es\/","name":"Pressenza","description":"International Press Agency","publisher":{"@id":"https:\/\/www.pressenza.com\/es\/#organization"},"potentialAction":[{"@type":"SearchAction","target":{"@type":"EntryPoint","urlTemplate":"https:\/\/www.pressenza.com\/es\/?s={search_term_string}"},"query-input":{"@type":"PropertyValueSpecification","valueRequired":true,"valueName":"search_term_string"}}],"inLanguage":"es"},{"@type":"Organization","@id":"https:\/\/www.pressenza.com\/es\/#organization","name":"Pressenza","url":"https:\/\/www.pressenza.com\/es\/","logo":{"@type":"ImageObject","inLanguage":"es","@id":"https:\/\/www.pressenza.com\/es\/#\/schema\/logo\/image\/","url":"https:\/\/www.pressenza.com\/wp-content\/uploads\/2022\/10\/pressenza_logo_200x200.jpg","contentUrl":"https:\/\/www.pressenza.com\/wp-content\/uploads\/2022\/10\/pressenza_logo_200x200.jpg","width":200,"height":200,"caption":"Pressenza"},"image":{"@id":"https:\/\/www.pressenza.com\/es\/#\/schema\/logo\/image\/"},"sameAs":["https:\/\/www.facebook.com\/PressenzaItalia","https:\/\/x.com\/PressenzaIPA"]},{"@type":"Person","@id":"https:\/\/www.pressenza.com\/es\/#\/schema\/person\/010e5d02bcf40965427a1289a4cc8d75","name":"Pressenza IPA","description":"News from Pressenza IPA correspondents","sameAs":["https:\/\/www.facebook.com\/pressenza","https:\/\/x.com\/PressenzaIPA"],"url":"https:\/\/www.pressenza.com\/es\/author\/pressenza-ipa\/"}]}},"place":"Amsterdam","original_article_url":"","_links":{"self":[{"href":"https:\/\/www.pressenza.com\/es\/wp-json\/wp\/v2\/posts\/1295","targetHints":{"allow":["GET"]}}],"collection":[{"href":"https:\/\/www.pressenza.com\/es\/wp-json\/wp\/v2\/posts"}],"about":[{"href":"https:\/\/www.pressenza.com\/es\/wp-json\/wp\/v2\/types\/post"}],"author":[{"embeddable":true,"href":"https:\/\/www.pressenza.com\/es\/wp-json\/wp\/v2\/users\/19"}],"replies":[{"embeddable":true,"href":"https:\/\/www.pressenza.com\/es\/wp-json\/wp\/v2\/comments?post=1295"}],"version-history":[{"count":0,"href":"https:\/\/www.pressenza.com\/es\/wp-json\/wp\/v2\/posts\/1295\/revisions"}],"wp:attachment":[{"href":"https:\/\/www.pressenza.com\/es\/wp-json\/wp\/v2\/media?parent=1295"}],"wp:term":[{"taxonomy":"category","embeddable":true,"href":"https:\/\/www.pressenza.com\/es\/wp-json\/wp\/v2\/categories?post=1295"},{"taxonomy":"post_tag","embeddable":true,"href":"https:\/\/www.pressenza.com\/es\/wp-json\/wp\/v2\/tags?post=1295"}],"curies":[{"name":"wp","href":"https:\/\/api.w.org\/{rel}","templated":true}]}}