{"id":1292,"date":"2009-09-11T00:00:00","date_gmt":"2009-09-11T00:00:00","guid":{"rendered":""},"modified":"2009-09-28T05:01:04","modified_gmt":"2009-09-28T05:01:04","slug":"desafxos-y-presiones-diplomxticas-en-la-reunixn-otoxal-del-organismo-internacional-de-energxa-atxmica","status":"publish","type":"post","link":"https:\/\/www.pressenza.com\/es\/2009\/09\/desafxos-y-presiones-diplomxticas-en-la-reunixn-otoxal-del-organismo-internacional-de-energxa-atxmica\/","title":{"rendered":"Desaf\u00edos y presiones diplom\u00e1ticas en la reuni\u00f3n oto\u00f1al del Organismo Internacional de Energ\u00eda At\u00f3mica"},"content":{"rendered":"<p>El lunes 7 de septiembre comenz\u00f3 la reuni\u00f3n de oto\u00f1o de la Junta de Gobernadores del Organismo Internacional de Energ\u00eda At\u00f3mica (OIEA, establecido en 1957) en Viena, Austria. El encuentro re\u00fane a los delegados de los 35 pa\u00edses miembros de la Junta, el \u00f3rgano ejecutivo de la agencia nuclear de la ONU.  <\/p>\n<p>La reuni\u00f3n de Viena sirve como un foro, al margen del Consejo de Seguridad de la ONU, en el que la comunidad internacional debate sobre los principales conflictos nucleares. Del encuentro no se esperan ni resoluciones ni decisiones concretas, pero es un escenario privilegiado para el enfrentamiento diplom\u00e1tico por el poder at\u00f3mico. <\/p>\n<p>Tanto los miembros permanentes del Consejo de Seguridad de la ONU (EEUU, Rusia, China, Francia y el Reino Unido), como el Grupo 5+1 (estos m\u00e1s Alemania) como el G-8 (en el que suman Jap\u00f3n y Canad\u00e1) han ubicado en la agenda de debate los programas nucleares de Ir\u00e1n, Siria y Corea del Norte. <\/p>\n<p>El programa de enriquecimiento de uranio de Ir\u00e1n ha permanecido en el centro de los debates durante los \u00faltimos seis a\u00f1os. Las principales potencias mundiales acusan a Ir\u00e1n de ocultar, bajo su programa nuclear civil, otro de car\u00e1cter militar cuyo objetivo ser\u00eda adquirir armas at\u00f3micas.<\/p>\n<p>Teher\u00e1n niega estas alegaciones y asegura que su desarrollo nuclear tiene como meta la generaci\u00f3n de energ\u00eda. Como firmante del Tratado de No Proliferaci\u00f3n de Armas Nucleares (TNP), la Rep\u00fablica Isl\u00e1mica tiene, efectivamente, derecho al desarrollo, asistido por el OIEA, de tecnolog\u00eda nuclear con fines pac\u00edficos.<\/p>\n<p>D\u00edas antes del comienzo de la reuni\u00f3n, se produjo un nuevo enfrentamiento entre los embajadores de EEUU e Ir\u00e1n ante el OIEA. Glyn Davies denunci\u00f3 que el r\u00e9gimen iran\u00ed mantiene la opci\u00f3n militar y que est\u00e1 \u201ccerca\u201d de conseguir armas at\u00f3micas. Su hom\u00f3nimo iran\u00ed, Ali Asghar Solantieh, replic\u00f3 que las pruebas estadounidenses eran falsas y hab\u00edan sido manipuladas.<\/p>\n<p>Entre ambas posiciones se ubica Mohamed el Baradei, el director del OIEA. Hasta el momento, el equipo que lidera no pudo constatar las intenciones militares del programa nuclear iran\u00ed. Sin embargo, el Baredei asegur\u00f3 la investigaci\u00f3n esta estancada y que \u201cen todos los asuntos relevantes con el programa nuclear de Ir\u00e1n, existe bloqueo\u201d.<\/p>\n<p>Por otra parte, neg\u00f3 en este foro que estuviera escondiendo informaci\u00f3n al OIEA sobre la posible dimensi\u00f3n militar del programa nuclear iran\u00ed. La denuncia hab\u00eda sido formulada por Francia e Israel. \u201cEsas acusaciones son infundadas y tienen motivos pol\u00edticos\u201d, dijo. <\/p>\n<p>Ante la falta de progreso en la resoluci\u00f3n del conflicto, las principales potencias mundiales estudian la posibilidad de endurecer las ya existentes sanciones comerciales y diplom\u00e1ticas contra Ir\u00e1n, inform\u00f3 la agencia de noticias internacionales EFE. <\/p>\n<p>Una de las cinco resoluciones existentes ha generado un conflicto entre Francia y Venezuela. Par\u00eds alert\u00f3 el 10 de septiembre a Caracas de que toda transferencia de tecnolog\u00eda nuclear procedente de Ir\u00e1n supondr\u00eda \u201cuna violaci\u00f3n de las resoluciones del Consejo de Seguridad de la ONU\u201d, inform\u00f3 el ministerio franc\u00e9s de Asuntos Exteriores.<\/p>\n<p>La diplomacia francesa asegur\u00f3 que cualquier pa\u00eds que se beneficiase de tecnolog\u00eda nuclear iran\u00ed infringir\u00eda en particular la resoluci\u00f3n 1737 del Consejo de Seguridad (de 2006), que proh\u00edbe la compra de art\u00edculos nucleares iran\u00edes, procedan o no de su territorio. <\/p>\n<p>Por otra parte, la Junta de Gobernadores tratar\u00e1 las sospechas sobre las actividades nucleares de Siria. Seg\u00fan el \u00faltimo informe del OIEA, Siria sigue sin facilitar informaci\u00f3n que permita determinar el origen de los restos de uranio hallados en las instalaciones bombardeadas por Israel hace dos a\u00f1os.<\/p>\n<p>La sospecha de que se tratar\u00eda de un complejo at\u00f3mico clandestino responde tambi\u00e9n a los antecedentes militares israel\u00edes: la aviaci\u00f3n de este pa\u00eds destruy\u00f3 en 1981 el reactor nuclear iraqu\u00ed de Osirak y la comunidad internacional teme que pudiera tomar una medida similar contra Ir\u00e1n.  <\/p>\n<p>Los incesantes avances nucleares de Corea del Norte tambi\u00e9n fueron tratados. Pyongyang inform\u00f3 el viernes que est\u00e1 en proceso para convertir sus reservas de plutonio en m\u00e1s armas nucleares y que la fase experimental del enriquecimiento de uranio pr\u00e1cticamente termin\u00f3.<\/p>\n<p>No obstante, el embajador estadounidense manifest\u00f3 que Corea del Norte debe regresar sin condiciones a las conversaciones diplom\u00e1ticas. \u201cCorea del Norte debe indicar que est\u00e1 dispuesta a comprometerse con un proceso irreversible de desnuclearizaci\u00f3n completa y verificable\u201d, afirm\u00f3 Davies.<\/p>\n<p>Corea del Norte hab\u00eda anunciado la fabricaci\u00f3n de m\u00e1s armas nucleares en junio del a\u00f1o pasado, como respuesta a las sanciones impuestas por el Consejo de Seguridad de las Naciones Unidas, despu\u00e9s de que Pyongyang llevara a cabo su segunda prueba at\u00f3mica el pasado 25 de mayo. <\/p>\n<p>Las presiones y conflictos que dominan el encuentro de Viena han impedido el di\u00e1logo sobre otros aspectos del trabajo del Organismo, como las verificaciones en materia de seguridad en el manejo de la energ\u00eda at\u00f3mica o la protecci\u00f3n contra elementos radioactivos. <\/p>\n<p>A modo de ejemplo, la OIEA retir\u00f3 esta misma semana del L\u00edbano varias fuentes radiactivas, seg\u00fan inform\u00f3 Radio ONU. En un comunicado, el OIEA asegur\u00f3 que un avi\u00f3n alquilado traslad\u00f3 36 fuentes de Cobalto-60 a Rusia, donde los artefactos fueron almacenados bajo las condiciones necesarias de seguridad. <\/p>\n<p>Robin Head, experto del OIEA y supervisor de la misi\u00f3n, asegur\u00f3 que dada la inestabilidad pol\u00edtica en la regi\u00f3n, el organismo entendi\u00f3 que los materiales podr\u00edan ser utilizados en actos peligrosos. \u201cDe ser robadas, podr\u00edan causarle la muerte a muchas personas\u201d, acot\u00f3.<\/p>\n<p>Las fuentes formaban parte de un irradiador agr\u00edcola que no se utilizaba hac\u00eda 10 a\u00f1os.<\/p>\n","protected":false},"excerpt":{"rendered":"<p>El encuentro se realiza en Viena y re\u00fane a los delegados de los 35 pa\u00edses miembros de la Junta de Gobernadores, el \u00f3rgano ejecutivo de la agencia nuclear de la ONU. Del encuentro no se esperan ni resoluciones ni decisiones concretas, pero es un escenario privilegiado para el enfrentamiento diplom\u00e1tico por el poder at\u00f3mico. <\/p>\n","protected":false},"author":19,"featured_media":0,"comment_status":"closed","ping_status":"open","sticky":false,"template":"","format":"standard","meta":{"footnotes":""},"categories":[76,39,67],"tags":[],"class_list":["post-1292","post","type-post","status-publish","format-standard","hentry","category-relaciones-exteriores","category-internacional","category-sudamerica"],"yoast_head":"<!-- This site is optimized with the Yoast SEO plugin v27.1.1 - https:\/\/yoast.com\/product\/yoast-seo-wordpress\/ -->\n<title>Desaf\u00edos y presiones diplom\u00e1ticas en la reuni\u00f3n oto\u00f1al del Organismo Internacional de Energ\u00eda At\u00f3mica<\/title>\n<meta name=\"description\" content=\"El encuentro se realiza en Viena y re\u00fane a los delegados de los 35 pa\u00edses miembros de la Junta de Gobernadores, el \u00f3rgano ejecutivo de la agencia nuclear de la ONU. Del encuentro no se esperan ni resoluciones ni decisiones concretas, pero es un escenario privilegiado para el enfrentamiento diplom\u00e1tico por el poder at\u00f3mico.\" \/>\n<meta name=\"robots\" content=\"index, follow, max-snippet:-1, max-image-preview:large, max-video-preview:-1\" \/>\n<link rel=\"canonical\" href=\"https:\/\/www.pressenza.com\/es\/2009\/09\/desafxos-y-presiones-diplomxticas-en-la-reunixn-otoxal-del-organismo-internacional-de-energxa-atxmica\/\" \/>\n<meta property=\"og:locale\" content=\"es_ES\" \/>\n<meta property=\"og:type\" content=\"article\" \/>\n<meta property=\"og:title\" content=\"Desaf\u00edos y presiones diplom\u00e1ticas en la reuni\u00f3n oto\u00f1al del Organismo Internacional de Energ\u00eda At\u00f3mica\" \/>\n<meta property=\"og:description\" content=\"El encuentro se realiza en Viena y re\u00fane a los delegados de los 35 pa\u00edses miembros de la Junta de Gobernadores, el \u00f3rgano ejecutivo de la agencia nuclear de la ONU. Del encuentro no se esperan ni resoluciones ni decisiones concretas, pero es un escenario privilegiado para el enfrentamiento diplom\u00e1tico por el poder at\u00f3mico.\" \/>\n<meta property=\"og:url\" content=\"https:\/\/www.pressenza.com\/es\/2009\/09\/desafxos-y-presiones-diplomxticas-en-la-reunixn-otoxal-del-organismo-internacional-de-energxa-atxmica\/\" \/>\n<meta property=\"og:site_name\" content=\"Pressenza\" \/>\n<meta property=\"article:publisher\" content=\"https:\/\/www.facebook.com\/PressenzaItalia\" \/>\n<meta property=\"article:author\" content=\"https:\/\/www.facebook.com\/pressenza\" \/>\n<meta property=\"article:published_time\" content=\"2009-09-11T00:00:00+00:00\" \/>\n<meta property=\"article:modified_time\" content=\"2009-09-28T05:01:04+00:00\" \/>\n<meta name=\"author\" content=\"Pressenza IPA\" \/>\n<meta name=\"twitter:card\" content=\"summary_large_image\" \/>\n<meta name=\"twitter:creator\" content=\"@PressenzaIPA\" \/>\n<meta name=\"twitter:site\" content=\"@PressenzaIPA\" \/>\n<meta name=\"twitter:label1\" content=\"Escrito por\" \/>\n\t<meta name=\"twitter:data1\" content=\"Pressenza IPA\" \/>\n\t<meta name=\"twitter:label2\" content=\"Tiempo de lectura\" \/>\n\t<meta name=\"twitter:data2\" content=\"5 minutos\" \/>\n<script type=\"application\/ld+json\" class=\"yoast-schema-graph\">{\"@context\":\"https:\/\/schema.org\",\"@graph\":[{\"@type\":\"Article\",\"@id\":\"https:\/\/www.pressenza.com\/es\/2009\/09\/desafxos-y-presiones-diplomxticas-en-la-reunixn-otoxal-del-organismo-internacional-de-energxa-atxmica\/#article\",\"isPartOf\":{\"@id\":\"https:\/\/www.pressenza.com\/es\/2009\/09\/desafxos-y-presiones-diplomxticas-en-la-reunixn-otoxal-del-organismo-internacional-de-energxa-atxmica\/\"},\"author\":{\"name\":\"Pressenza IPA\",\"@id\":\"https:\/\/www.pressenza.com\/es\/#\/schema\/person\/010e5d02bcf40965427a1289a4cc8d75\"},\"headline\":\"Desaf\u00edos y presiones diplom\u00e1ticas en la reuni\u00f3n oto\u00f1al del Organismo Internacional de Energ\u00eda At\u00f3mica\",\"datePublished\":\"2009-09-11T00:00:00+00:00\",\"dateModified\":\"2009-09-28T05:01:04+00:00\",\"mainEntityOfPage\":{\"@id\":\"https:\/\/www.pressenza.com\/es\/2009\/09\/desafxos-y-presiones-diplomxticas-en-la-reunixn-otoxal-del-organismo-internacional-de-energxa-atxmica\/\"},\"wordCount\":990,\"publisher\":{\"@id\":\"https:\/\/www.pressenza.com\/es\/#organization\"},\"articleSection\":[\"Asuntos internacionales\",\"Internacional\",\"Sudam\u00e9rica\"],\"inLanguage\":\"es\"},{\"@type\":\"WebPage\",\"@id\":\"https:\/\/www.pressenza.com\/es\/2009\/09\/desafxos-y-presiones-diplomxticas-en-la-reunixn-otoxal-del-organismo-internacional-de-energxa-atxmica\/\",\"url\":\"https:\/\/www.pressenza.com\/es\/2009\/09\/desafxos-y-presiones-diplomxticas-en-la-reunixn-otoxal-del-organismo-internacional-de-energxa-atxmica\/\",\"name\":\"Desaf\u00edos y presiones diplom\u00e1ticas en la reuni\u00f3n oto\u00f1al del Organismo Internacional de Energ\u00eda At\u00f3mica\",\"isPartOf\":{\"@id\":\"https:\/\/www.pressenza.com\/es\/#website\"},\"datePublished\":\"2009-09-11T00:00:00+00:00\",\"dateModified\":\"2009-09-28T05:01:04+00:00\",\"description\":\"El encuentro se realiza en Viena y re\u00fane a los delegados de los 35 pa\u00edses miembros de la Junta de Gobernadores, el \u00f3rgano ejecutivo de la agencia nuclear de la ONU. Del encuentro no se esperan ni resoluciones ni decisiones concretas, pero es un escenario privilegiado para el enfrentamiento diplom\u00e1tico por el poder at\u00f3mico.\",\"breadcrumb\":{\"@id\":\"https:\/\/www.pressenza.com\/es\/2009\/09\/desafxos-y-presiones-diplomxticas-en-la-reunixn-otoxal-del-organismo-internacional-de-energxa-atxmica\/#breadcrumb\"},\"inLanguage\":\"es\",\"potentialAction\":[{\"@type\":\"ReadAction\",\"target\":[\"https:\/\/www.pressenza.com\/es\/2009\/09\/desafxos-y-presiones-diplomxticas-en-la-reunixn-otoxal-del-organismo-internacional-de-energxa-atxmica\/\"]}]},{\"@type\":\"BreadcrumbList\",\"@id\":\"https:\/\/www.pressenza.com\/es\/2009\/09\/desafxos-y-presiones-diplomxticas-en-la-reunixn-otoxal-del-organismo-internacional-de-energxa-atxmica\/#breadcrumb\",\"itemListElement\":[{\"@type\":\"ListItem\",\"position\":1,\"name\":\"Accueil\",\"item\":\"https:\/\/www.pressenza.com\/es\/\"},{\"@type\":\"ListItem\",\"position\":2,\"name\":\"Desaf\u00edos y presiones diplom\u00e1ticas en la reuni\u00f3n oto\u00f1al del Organismo Internacional de Energ\u00eda At\u00f3mica\"}]},{\"@type\":\"WebSite\",\"@id\":\"https:\/\/www.pressenza.com\/es\/#website\",\"url\":\"https:\/\/www.pressenza.com\/es\/\",\"name\":\"Pressenza\",\"description\":\"International Press Agency\",\"publisher\":{\"@id\":\"https:\/\/www.pressenza.com\/es\/#organization\"},\"potentialAction\":[{\"@type\":\"SearchAction\",\"target\":{\"@type\":\"EntryPoint\",\"urlTemplate\":\"https:\/\/www.pressenza.com\/es\/?s={search_term_string}\"},\"query-input\":{\"@type\":\"PropertyValueSpecification\",\"valueRequired\":true,\"valueName\":\"search_term_string\"}}],\"inLanguage\":\"es\"},{\"@type\":\"Organization\",\"@id\":\"https:\/\/www.pressenza.com\/es\/#organization\",\"name\":\"Pressenza\",\"url\":\"https:\/\/www.pressenza.com\/es\/\",\"logo\":{\"@type\":\"ImageObject\",\"inLanguage\":\"es\",\"@id\":\"https:\/\/www.pressenza.com\/es\/#\/schema\/logo\/image\/\",\"url\":\"https:\/\/www.pressenza.com\/wp-content\/uploads\/2022\/10\/pressenza_logo_200x200.jpg\",\"contentUrl\":\"https:\/\/www.pressenza.com\/wp-content\/uploads\/2022\/10\/pressenza_logo_200x200.jpg\",\"width\":200,\"height\":200,\"caption\":\"Pressenza\"},\"image\":{\"@id\":\"https:\/\/www.pressenza.com\/es\/#\/schema\/logo\/image\/\"},\"sameAs\":[\"https:\/\/www.facebook.com\/PressenzaItalia\",\"https:\/\/x.com\/PressenzaIPA\"]},{\"@type\":\"Person\",\"@id\":\"https:\/\/www.pressenza.com\/es\/#\/schema\/person\/010e5d02bcf40965427a1289a4cc8d75\",\"name\":\"Pressenza IPA\",\"description\":\"News from Pressenza IPA correspondents\",\"sameAs\":[\"https:\/\/www.facebook.com\/pressenza\",\"https:\/\/x.com\/PressenzaIPA\"],\"url\":\"https:\/\/www.pressenza.com\/es\/author\/pressenza-ipa\/\"}]}<\/script>\n<!-- \/ Yoast SEO plugin. -->","yoast_head_json":{"title":"Desaf\u00edos y presiones diplom\u00e1ticas en la reuni\u00f3n oto\u00f1al del Organismo Internacional de Energ\u00eda At\u00f3mica","description":"El encuentro se realiza en Viena y re\u00fane a los delegados de los 35 pa\u00edses miembros de la Junta de Gobernadores, el \u00f3rgano ejecutivo de la agencia nuclear de la ONU. Del encuentro no se esperan ni resoluciones ni decisiones concretas, pero es un escenario privilegiado para el enfrentamiento diplom\u00e1tico por el poder at\u00f3mico.","robots":{"index":"index","follow":"follow","max-snippet":"max-snippet:-1","max-image-preview":"max-image-preview:large","max-video-preview":"max-video-preview:-1"},"canonical":"https:\/\/www.pressenza.com\/es\/2009\/09\/desafxos-y-presiones-diplomxticas-en-la-reunixn-otoxal-del-organismo-internacional-de-energxa-atxmica\/","og_locale":"es_ES","og_type":"article","og_title":"Desaf\u00edos y presiones diplom\u00e1ticas en la reuni\u00f3n oto\u00f1al del Organismo Internacional de Energ\u00eda At\u00f3mica","og_description":"El encuentro se realiza en Viena y re\u00fane a los delegados de los 35 pa\u00edses miembros de la Junta de Gobernadores, el \u00f3rgano ejecutivo de la agencia nuclear de la ONU. Del encuentro no se esperan ni resoluciones ni decisiones concretas, pero es un escenario privilegiado para el enfrentamiento diplom\u00e1tico por el poder at\u00f3mico.","og_url":"https:\/\/www.pressenza.com\/es\/2009\/09\/desafxos-y-presiones-diplomxticas-en-la-reunixn-otoxal-del-organismo-internacional-de-energxa-atxmica\/","og_site_name":"Pressenza","article_publisher":"https:\/\/www.facebook.com\/PressenzaItalia","article_author":"https:\/\/www.facebook.com\/pressenza","article_published_time":"2009-09-11T00:00:00+00:00","article_modified_time":"2009-09-28T05:01:04+00:00","author":"Pressenza IPA","twitter_card":"summary_large_image","twitter_creator":"@PressenzaIPA","twitter_site":"@PressenzaIPA","twitter_misc":{"Escrito por":"Pressenza IPA","Tiempo de lectura":"5 minutos"},"schema":{"@context":"https:\/\/schema.org","@graph":[{"@type":"Article","@id":"https:\/\/www.pressenza.com\/es\/2009\/09\/desafxos-y-presiones-diplomxticas-en-la-reunixn-otoxal-del-organismo-internacional-de-energxa-atxmica\/#article","isPartOf":{"@id":"https:\/\/www.pressenza.com\/es\/2009\/09\/desafxos-y-presiones-diplomxticas-en-la-reunixn-otoxal-del-organismo-internacional-de-energxa-atxmica\/"},"author":{"name":"Pressenza IPA","@id":"https:\/\/www.pressenza.com\/es\/#\/schema\/person\/010e5d02bcf40965427a1289a4cc8d75"},"headline":"Desaf\u00edos y presiones diplom\u00e1ticas en la reuni\u00f3n oto\u00f1al del Organismo Internacional de Energ\u00eda At\u00f3mica","datePublished":"2009-09-11T00:00:00+00:00","dateModified":"2009-09-28T05:01:04+00:00","mainEntityOfPage":{"@id":"https:\/\/www.pressenza.com\/es\/2009\/09\/desafxos-y-presiones-diplomxticas-en-la-reunixn-otoxal-del-organismo-internacional-de-energxa-atxmica\/"},"wordCount":990,"publisher":{"@id":"https:\/\/www.pressenza.com\/es\/#organization"},"articleSection":["Asuntos internacionales","Internacional","Sudam\u00e9rica"],"inLanguage":"es"},{"@type":"WebPage","@id":"https:\/\/www.pressenza.com\/es\/2009\/09\/desafxos-y-presiones-diplomxticas-en-la-reunixn-otoxal-del-organismo-internacional-de-energxa-atxmica\/","url":"https:\/\/www.pressenza.com\/es\/2009\/09\/desafxos-y-presiones-diplomxticas-en-la-reunixn-otoxal-del-organismo-internacional-de-energxa-atxmica\/","name":"Desaf\u00edos y presiones diplom\u00e1ticas en la reuni\u00f3n oto\u00f1al del Organismo Internacional de Energ\u00eda At\u00f3mica","isPartOf":{"@id":"https:\/\/www.pressenza.com\/es\/#website"},"datePublished":"2009-09-11T00:00:00+00:00","dateModified":"2009-09-28T05:01:04+00:00","description":"El encuentro se realiza en Viena y re\u00fane a los delegados de los 35 pa\u00edses miembros de la Junta de Gobernadores, el \u00f3rgano ejecutivo de la agencia nuclear de la ONU. Del encuentro no se esperan ni resoluciones ni decisiones concretas, pero es un escenario privilegiado para el enfrentamiento diplom\u00e1tico por el poder at\u00f3mico.","breadcrumb":{"@id":"https:\/\/www.pressenza.com\/es\/2009\/09\/desafxos-y-presiones-diplomxticas-en-la-reunixn-otoxal-del-organismo-internacional-de-energxa-atxmica\/#breadcrumb"},"inLanguage":"es","potentialAction":[{"@type":"ReadAction","target":["https:\/\/www.pressenza.com\/es\/2009\/09\/desafxos-y-presiones-diplomxticas-en-la-reunixn-otoxal-del-organismo-internacional-de-energxa-atxmica\/"]}]},{"@type":"BreadcrumbList","@id":"https:\/\/www.pressenza.com\/es\/2009\/09\/desafxos-y-presiones-diplomxticas-en-la-reunixn-otoxal-del-organismo-internacional-de-energxa-atxmica\/#breadcrumb","itemListElement":[{"@type":"ListItem","position":1,"name":"Accueil","item":"https:\/\/www.pressenza.com\/es\/"},{"@type":"ListItem","position":2,"name":"Desaf\u00edos y presiones diplom\u00e1ticas en la reuni\u00f3n oto\u00f1al del Organismo Internacional de Energ\u00eda At\u00f3mica"}]},{"@type":"WebSite","@id":"https:\/\/www.pressenza.com\/es\/#website","url":"https:\/\/www.pressenza.com\/es\/","name":"Pressenza","description":"International Press Agency","publisher":{"@id":"https:\/\/www.pressenza.com\/es\/#organization"},"potentialAction":[{"@type":"SearchAction","target":{"@type":"EntryPoint","urlTemplate":"https:\/\/www.pressenza.com\/es\/?s={search_term_string}"},"query-input":{"@type":"PropertyValueSpecification","valueRequired":true,"valueName":"search_term_string"}}],"inLanguage":"es"},{"@type":"Organization","@id":"https:\/\/www.pressenza.com\/es\/#organization","name":"Pressenza","url":"https:\/\/www.pressenza.com\/es\/","logo":{"@type":"ImageObject","inLanguage":"es","@id":"https:\/\/www.pressenza.com\/es\/#\/schema\/logo\/image\/","url":"https:\/\/www.pressenza.com\/wp-content\/uploads\/2022\/10\/pressenza_logo_200x200.jpg","contentUrl":"https:\/\/www.pressenza.com\/wp-content\/uploads\/2022\/10\/pressenza_logo_200x200.jpg","width":200,"height":200,"caption":"Pressenza"},"image":{"@id":"https:\/\/www.pressenza.com\/es\/#\/schema\/logo\/image\/"},"sameAs":["https:\/\/www.facebook.com\/PressenzaItalia","https:\/\/x.com\/PressenzaIPA"]},{"@type":"Person","@id":"https:\/\/www.pressenza.com\/es\/#\/schema\/person\/010e5d02bcf40965427a1289a4cc8d75","name":"Pressenza IPA","description":"News from Pressenza IPA correspondents","sameAs":["https:\/\/www.facebook.com\/pressenza","https:\/\/x.com\/PressenzaIPA"],"url":"https:\/\/www.pressenza.com\/es\/author\/pressenza-ipa\/"}]}},"place":"Buenos Aires ","original_article_url":"","_links":{"self":[{"href":"https:\/\/www.pressenza.com\/es\/wp-json\/wp\/v2\/posts\/1292","targetHints":{"allow":["GET"]}}],"collection":[{"href":"https:\/\/www.pressenza.com\/es\/wp-json\/wp\/v2\/posts"}],"about":[{"href":"https:\/\/www.pressenza.com\/es\/wp-json\/wp\/v2\/types\/post"}],"author":[{"embeddable":true,"href":"https:\/\/www.pressenza.com\/es\/wp-json\/wp\/v2\/users\/19"}],"replies":[{"embeddable":true,"href":"https:\/\/www.pressenza.com\/es\/wp-json\/wp\/v2\/comments?post=1292"}],"version-history":[{"count":0,"href":"https:\/\/www.pressenza.com\/es\/wp-json\/wp\/v2\/posts\/1292\/revisions"}],"wp:attachment":[{"href":"https:\/\/www.pressenza.com\/es\/wp-json\/wp\/v2\/media?parent=1292"}],"wp:term":[{"taxonomy":"category","embeddable":true,"href":"https:\/\/www.pressenza.com\/es\/wp-json\/wp\/v2\/categories?post=1292"},{"taxonomy":"post_tag","embeddable":true,"href":"https:\/\/www.pressenza.com\/es\/wp-json\/wp\/v2\/tags?post=1292"}],"curies":[{"name":"wp","href":"https:\/\/api.w.org\/{rel}","templated":true}]}}