{"id":1290431,"date":"2021-02-02T21:09:28","date_gmt":"2021-02-02T21:09:28","guid":{"rendered":"https:\/\/www.pressenza.com\/?p=1290431"},"modified":"2021-02-02T21:09:28","modified_gmt":"2021-02-02T21:09:28","slug":"la-urgente-integracion-regional","status":"publish","type":"post","link":"https:\/\/www.pressenza.com\/es\/2021\/02\/la-urgente-integracion-regional\/","title":{"rendered":"La urgente integraci\u00f3n regional"},"content":{"rendered":"<p>La visita del presidente de Argentina a Chile es una buena oportunidad para insistir en la urgencia de la integraci\u00f3n regional. M\u00e1s all\u00e1 de diferencias ideol\u00f3gicas y problemas pendientes, la complementaci\u00f3n econ\u00f3mica entre nuestros pa\u00edses es ineludible. Lo ha sido siempre, pero en el actual momento hist\u00f3rico es m\u00e1s relevante que nunca. La grave crisis sanitaria y el proteccionismo comercial internacional son inmensos desaf\u00edos, que obligan a Chile y pa\u00edses vecinos a reunir el m\u00e1ximo de sus capacidades humanas y materiales para superarlos.<\/p>\n<p>En efecto, las pol\u00edticas comerciales proteccionistas, iniciadas por Trump, se han acentuado como consecuencia del Covid-19. No hay indicaciones que el gobierno de Joe Biden las detendr\u00e1. La econom\u00eda globalizada con segmentaci\u00f3n de procesos productivos, que conocimos en las \u00faltimas d\u00e9cadas, cambiar\u00e1 a un sistema menos interconectado. No es que la globalizaci\u00f3n se revierta. Pero adquirir\u00e1 nuevas formas.<\/p>\n<p>Como en la crisis de los a\u00f1os treinta, el freno a la globalizaci\u00f3n obligar\u00e1 a cambios productivos, que permitan el abastecimiento de bienes y servicios que, hasta ahora, son cubiertos por importaciones. Ello ser\u00e1 manifiesto en los sectores farmac\u00e9utico, equipos m\u00e9dicos, comunicaciones, inteligencia artificial y en alimentos.<\/p>\n<p>Se abre as\u00ed una nueva oportunidad en Am\u00e9rica Latina para modificar la matriz productiva en favor de la industria. Sin embargo, ello exige un paralelo esfuerzo de integraci\u00f3n entre pa\u00edses de la regi\u00f3n, para superar mercados estrechos y operar en escalas ampliadas.<\/p>\n<p>Lamentablemente, las m\u00faltiples iniciativas y proyectos integracionistas que, desde los a\u00f1os sesenta, se han impulsado en Sudam\u00e9rica no han servido para aumentar el comercio intrarregional ni para potenciar las industrias locales; y tampoco han ampliado la fuerza negociadora subregional.<\/p>\n<p>A partir de los a\u00f1os noventa, los pa\u00edses de la regi\u00f3n privilegiaron ad nauseam los tratados de libre comercio con los pa\u00edses desarrollados y, en los \u00faltimos a\u00f1os, con el mundo asi\u00e1tico. En vez de construir una fuerza regional propia en lo comercial, empresarial, educacional y tecnol\u00f3gico han competido entre ellos, en favor de una apertura sin condiciones hacia los pa\u00edses desarrollados, incluyendo extremos privilegios a las corporaciones extranjeras.<\/p>\n<p>Esa incapacidad revela la fragilidad de un empresariado, subordinado al capital internacional; pero tambi\u00e9n muestra una clase pol\u00edtica complaciente frente a ese empresariado y a la pol\u00edtica norteamericana en la regi\u00f3n. \u00a0En efecto, m\u00e1s all\u00e1 de matices, han aceptado que las corporaciones nacionales y transnacionales sobreexploten nuestros recursos naturales, en favor del crecimiento de los pa\u00edses desarrollados y del mundo asi\u00e1tico. No han hecho mayores esfuerzos por impulsar la industria nacional, favoreciendo especialmente la exportaci\u00f3n de alimentos, combustibles y minerales para la industrializaci\u00f3n y urbanizaci\u00f3n de China.<\/p>\n<p>Las esperanzas ciudadanas, cifradas en el liderazgo progresista y de centro izquierda, que emergi\u00f3 en Sudam\u00e9rica en la d\u00e9cada del 2000 se frustraron. Ese liderazgo, que se benefici\u00f3 con el superciclo de precios de las materias primas, perdi\u00f3 la oportunidad de impulsar un proyecto econ\u00f3mico alternativo al neoliberalismo y menos convertir la integraci\u00f3n regional en componente sustantivo de un nuevo modelo de desarrollo. El resultado inevitable fue su p\u00e9rdida de legitimidad, lo que abri\u00f3 paso a la derecha en todos los pa\u00edses de Sudam\u00e9rica y a una crisis vergonzante en Venezuela. M\u00e1s a\u00fan, gran parte de sus dirigentes fue capturado por las garras de la corrupci\u00f3n.<\/p>\n<p>As\u00ed las cosas, la incorporaci\u00f3n incondicional, y sin fuerza propia, de nuestros pa\u00edses a la econom\u00eda global no ha ayudado al desarrollo y cerr\u00f3 las puertas a la integraci\u00f3n. El comercio intrarregional se viene reduciendo a\u00f1o tras a\u00f1o -como lo destaca, con preocupaci\u00f3n, la CEPAL en su reciente informe sobre comercio- y no existen mayores complementaciones productivas.<\/p>\n<p>Por otra parte, tanto en las negociaciones bilaterales como multilaterales, el accionar divididos de nuestros pa\u00edses frente a los poderes dominantes ha colocado a la regi\u00f3n en posici\u00f3n de debilidad en temas sustantivos de la agenda internacional: apertura financiera, servicios, propiedad intelectual, inversiones extranjeras, controversias empresa-estado, entre otros.<\/p>\n<p>A pesar de las dificultades que ha tenido la regi\u00f3n para integrarse, la uni\u00f3n econ\u00f3mica de nuestros pa\u00edses sigue siendo un proyecto irrenunciable. Por tanto, sigue vigente la preocupaci\u00f3n primigenia del Ra\u00fal Prebisch: la integraci\u00f3n es un componente fundamental para la industrializaci\u00f3n y el desarrollo.<\/p>\n<p>Pero tampoco hay que olvidar la advertencia de la Teor\u00eda de la Dependencia sobre la incapacidad del empresariado nacional para impulsar un proyecto nacional de desarrollo. Y este es el asunto m\u00e1s dif\u00edcil de resolver. Porque a lo largo de d\u00e9cadas las burgues\u00edas nacionales se han desnacionalizado y, ahora, mucho m\u00e1s que en los a\u00f1os sesenta, se encuentran estrechamente ligadas al capital transnacional.<\/p>\n<p>El camino de la industrializaci\u00f3n es dif\u00edcil. Obliga al Estado, a pol\u00edticos y economistas a independizarse del gran capital y comprometerse con un proyecto nacional de desarrollo. Adem\u00e1s, la industrializaci\u00f3n en estrechos mercados requiere integraci\u00f3n y complementaci\u00f3n productiva con pa\u00edses vecinos. Y, ello impone superar nacionalismos estrechos e ideologismos inconducentes.<\/p>\n<p>Para manufacturar, agregar valor a las exportaciones, potenciar las peque\u00f1as empresas, generar y utilizar tecnolog\u00edas de \u00faltima generaci\u00f3n, mejorar la eficiencia de la fuerza de trabajo y negociar con las potencias industriales, la uni\u00f3n regional resulta fundamental, m\u00e1s a\u00fan en las nuevas condiciones de la econom\u00eda global. Para ello se necesita de pol\u00edticos y economistas con inteligencia para priorizar acuerdos entre nuestros pa\u00edses antes que con las econom\u00edas desarrolladas.<\/p>\n","protected":false},"excerpt":{"rendered":"<p>La visita del presidente de Argentina a Chile es una buena oportunidad para insistir en la urgencia de la integraci\u00f3n regional. M\u00e1s all\u00e1 de diferencias ideol\u00f3gicas y problemas pendientes, la complementaci\u00f3n econ\u00f3mica entre nuestros pa\u00edses es ineludible. Lo ha sido&hellip;<\/p>\n","protected":false},"author":1451,"featured_media":1290432,"comment_status":"closed","ping_status":"closed","sticky":false,"template":"","format":"standard","meta":{"footnotes":""},"categories":[76,11389,161,67],"tags":[24228,86923],"class_list":["post-1290431","post","type-post","status-publish","format-standard","has-post-thumbnail","hentry","category-relaciones-exteriores","category-contenido-original","category-opiniones","category-sudamerica","tag-multilateralidad","tag-region-sudamericana"],"yoast_head":"<!-- This site is optimized with the Yoast SEO plugin v27.1.1 - https:\/\/yoast.com\/product\/yoast-seo-wordpress\/ -->\n<title>La urgente integraci\u00f3n regional<\/title>\n<meta name=\"description\" content=\"La visita del presidente de Argentina a Chile es una buena oportunidad para insistir en la urgencia de la integraci\u00f3n regional. M\u00e1s all\u00e1 de diferencias\" \/>\n<meta name=\"robots\" content=\"index, follow, max-snippet:-1, max-image-preview:large, max-video-preview:-1\" \/>\n<link rel=\"canonical\" href=\"https:\/\/www.pressenza.com\/es\/2021\/02\/la-urgente-integracion-regional\/\" \/>\n<meta property=\"og:locale\" content=\"es_ES\" \/>\n<meta property=\"og:type\" content=\"article\" \/>\n<meta property=\"og:title\" content=\"La urgente integraci\u00f3n regional\" \/>\n<meta property=\"og:description\" content=\"La visita del presidente de Argentina a Chile es una buena oportunidad para insistir en la urgencia de la integraci\u00f3n regional. M\u00e1s all\u00e1 de diferencias\" \/>\n<meta property=\"og:url\" content=\"https:\/\/www.pressenza.com\/es\/2021\/02\/la-urgente-integracion-regional\/\" \/>\n<meta property=\"og:site_name\" content=\"Pressenza\" \/>\n<meta property=\"article:publisher\" content=\"https:\/\/www.facebook.com\/PressenzaItalia\" \/>\n<meta property=\"article:published_time\" content=\"2021-02-02T21:09:28+00:00\" \/>\n<meta property=\"og:image\" content=\"https:\/\/www.pressenza.com\/wp-content\/uploads\/2021\/02\/srq7586_653x431.jpg\" \/>\n\t<meta property=\"og:image:width\" content=\"653\" \/>\n\t<meta property=\"og:image:height\" content=\"431\" \/>\n\t<meta property=\"og:image:type\" content=\"image\/jpeg\" \/>\n<meta name=\"author\" content=\"Roberto Pizarro\" \/>\n<meta name=\"twitter:card\" content=\"summary_large_image\" \/>\n<meta name=\"twitter:creator\" content=\"@PressenzaIPA\" \/>\n<meta name=\"twitter:site\" content=\"@PressenzaIPA\" \/>\n<meta name=\"twitter:label1\" content=\"Escrito por\" \/>\n\t<meta name=\"twitter:data1\" content=\"Roberto Pizarro\" \/>\n\t<meta name=\"twitter:label2\" content=\"Tiempo de lectura\" \/>\n\t<meta name=\"twitter:data2\" content=\"5 minutos\" \/>\n<script type=\"application\/ld+json\" class=\"yoast-schema-graph\">{\"@context\":\"https:\/\/schema.org\",\"@graph\":[{\"@type\":\"Article\",\"@id\":\"https:\/\/www.pressenza.com\/es\/2021\/02\/la-urgente-integracion-regional\/#article\",\"isPartOf\":{\"@id\":\"https:\/\/www.pressenza.com\/es\/2021\/02\/la-urgente-integracion-regional\/\"},\"author\":{\"name\":\"Roberto Pizarro\",\"@id\":\"https:\/\/www.pressenza.com\/es\/#\/schema\/person\/622524797ea4e3bf162461cbc6b81e29\"},\"headline\":\"La urgente integraci\u00f3n regional\",\"datePublished\":\"2021-02-02T21:09:28+00:00\",\"mainEntityOfPage\":{\"@id\":\"https:\/\/www.pressenza.com\/es\/2021\/02\/la-urgente-integracion-regional\/\"},\"wordCount\":965,\"publisher\":{\"@id\":\"https:\/\/www.pressenza.com\/es\/#organization\"},\"image\":{\"@id\":\"https:\/\/www.pressenza.com\/es\/2021\/02\/la-urgente-integracion-regional\/#primaryimage\"},\"thumbnailUrl\":\"https:\/\/www.pressenza.com\/wp-content\/uploads\/2021\/02\/srq7586_653x431.jpg\",\"keywords\":[\"multilateralidad\",\"regi\u00f3n Sudamericana\"],\"articleSection\":[\"Asuntos internacionales\",\"Contenido Original\",\"Opiniones\",\"Sudam\u00e9rica\"],\"inLanguage\":\"es\"},{\"@type\":\"WebPage\",\"@id\":\"https:\/\/www.pressenza.com\/es\/2021\/02\/la-urgente-integracion-regional\/\",\"url\":\"https:\/\/www.pressenza.com\/es\/2021\/02\/la-urgente-integracion-regional\/\",\"name\":\"La urgente integraci\u00f3n regional\",\"isPartOf\":{\"@id\":\"https:\/\/www.pressenza.com\/es\/#website\"},\"primaryImageOfPage\":{\"@id\":\"https:\/\/www.pressenza.com\/es\/2021\/02\/la-urgente-integracion-regional\/#primaryimage\"},\"image\":{\"@id\":\"https:\/\/www.pressenza.com\/es\/2021\/02\/la-urgente-integracion-regional\/#primaryimage\"},\"thumbnailUrl\":\"https:\/\/www.pressenza.com\/wp-content\/uploads\/2021\/02\/srq7586_653x431.jpg\",\"datePublished\":\"2021-02-02T21:09:28+00:00\",\"description\":\"La visita del presidente de Argentina a Chile es una buena oportunidad para insistir en la urgencia de la integraci\u00f3n regional. M\u00e1s all\u00e1 de diferencias\",\"breadcrumb\":{\"@id\":\"https:\/\/www.pressenza.com\/es\/2021\/02\/la-urgente-integracion-regional\/#breadcrumb\"},\"inLanguage\":\"es\",\"potentialAction\":[{\"@type\":\"ReadAction\",\"target\":[\"https:\/\/www.pressenza.com\/es\/2021\/02\/la-urgente-integracion-regional\/\"]}]},{\"@type\":\"ImageObject\",\"inLanguage\":\"es\",\"@id\":\"https:\/\/www.pressenza.com\/es\/2021\/02\/la-urgente-integracion-regional\/#primaryimage\",\"url\":\"https:\/\/www.pressenza.com\/wp-content\/uploads\/2021\/02\/srq7586_653x431.jpg\",\"contentUrl\":\"https:\/\/www.pressenza.com\/wp-content\/uploads\/2021\/02\/srq7586_653x431.jpg\",\"width\":653,\"height\":431,\"caption\":\"presidencia.cl\"},{\"@type\":\"BreadcrumbList\",\"@id\":\"https:\/\/www.pressenza.com\/es\/2021\/02\/la-urgente-integracion-regional\/#breadcrumb\",\"itemListElement\":[{\"@type\":\"ListItem\",\"position\":1,\"name\":\"Accueil\",\"item\":\"https:\/\/www.pressenza.com\/es\/\"},{\"@type\":\"ListItem\",\"position\":2,\"name\":\"La urgente integraci\u00f3n regional\"}]},{\"@type\":\"WebSite\",\"@id\":\"https:\/\/www.pressenza.com\/es\/#website\",\"url\":\"https:\/\/www.pressenza.com\/es\/\",\"name\":\"Pressenza\",\"description\":\"International Press Agency\",\"publisher\":{\"@id\":\"https:\/\/www.pressenza.com\/es\/#organization\"},\"potentialAction\":[{\"@type\":\"SearchAction\",\"target\":{\"@type\":\"EntryPoint\",\"urlTemplate\":\"https:\/\/www.pressenza.com\/es\/?s={search_term_string}\"},\"query-input\":{\"@type\":\"PropertyValueSpecification\",\"valueRequired\":true,\"valueName\":\"search_term_string\"}}],\"inLanguage\":\"es\"},{\"@type\":\"Organization\",\"@id\":\"https:\/\/www.pressenza.com\/es\/#organization\",\"name\":\"Pressenza\",\"url\":\"https:\/\/www.pressenza.com\/es\/\",\"logo\":{\"@type\":\"ImageObject\",\"inLanguage\":\"es\",\"@id\":\"https:\/\/www.pressenza.com\/es\/#\/schema\/logo\/image\/\",\"url\":\"https:\/\/www.pressenza.com\/wp-content\/uploads\/2022\/10\/pressenza_logo_200x200.jpg\",\"contentUrl\":\"https:\/\/www.pressenza.com\/wp-content\/uploads\/2022\/10\/pressenza_logo_200x200.jpg\",\"width\":200,\"height\":200,\"caption\":\"Pressenza\"},\"image\":{\"@id\":\"https:\/\/www.pressenza.com\/es\/#\/schema\/logo\/image\/\"},\"sameAs\":[\"https:\/\/www.facebook.com\/PressenzaItalia\",\"https:\/\/x.com\/PressenzaIPA\"]},{\"@type\":\"Person\",\"@id\":\"https:\/\/www.pressenza.com\/es\/#\/schema\/person\/622524797ea4e3bf162461cbc6b81e29\",\"name\":\"Roberto Pizarro\",\"url\":\"https:\/\/www.pressenza.com\/es\/author\/roberto-pizarro\/\"}]}<\/script>\n<!-- \/ Yoast SEO plugin. -->","yoast_head_json":{"title":"La urgente integraci\u00f3n regional","description":"La visita del presidente de Argentina a Chile es una buena oportunidad para insistir en la urgencia de la integraci\u00f3n regional. M\u00e1s all\u00e1 de diferencias","robots":{"index":"index","follow":"follow","max-snippet":"max-snippet:-1","max-image-preview":"max-image-preview:large","max-video-preview":"max-video-preview:-1"},"canonical":"https:\/\/www.pressenza.com\/es\/2021\/02\/la-urgente-integracion-regional\/","og_locale":"es_ES","og_type":"article","og_title":"La urgente integraci\u00f3n regional","og_description":"La visita del presidente de Argentina a Chile es una buena oportunidad para insistir en la urgencia de la integraci\u00f3n regional. M\u00e1s all\u00e1 de diferencias","og_url":"https:\/\/www.pressenza.com\/es\/2021\/02\/la-urgente-integracion-regional\/","og_site_name":"Pressenza","article_publisher":"https:\/\/www.facebook.com\/PressenzaItalia","article_published_time":"2021-02-02T21:09:28+00:00","og_image":[{"width":653,"height":431,"url":"https:\/\/www.pressenza.com\/wp-content\/uploads\/2021\/02\/srq7586_653x431.jpg","type":"image\/jpeg"}],"author":"Roberto Pizarro","twitter_card":"summary_large_image","twitter_creator":"@PressenzaIPA","twitter_site":"@PressenzaIPA","twitter_misc":{"Escrito por":"Roberto Pizarro","Tiempo de lectura":"5 minutos"},"schema":{"@context":"https:\/\/schema.org","@graph":[{"@type":"Article","@id":"https:\/\/www.pressenza.com\/es\/2021\/02\/la-urgente-integracion-regional\/#article","isPartOf":{"@id":"https:\/\/www.pressenza.com\/es\/2021\/02\/la-urgente-integracion-regional\/"},"author":{"name":"Roberto Pizarro","@id":"https:\/\/www.pressenza.com\/es\/#\/schema\/person\/622524797ea4e3bf162461cbc6b81e29"},"headline":"La urgente integraci\u00f3n regional","datePublished":"2021-02-02T21:09:28+00:00","mainEntityOfPage":{"@id":"https:\/\/www.pressenza.com\/es\/2021\/02\/la-urgente-integracion-regional\/"},"wordCount":965,"publisher":{"@id":"https:\/\/www.pressenza.com\/es\/#organization"},"image":{"@id":"https:\/\/www.pressenza.com\/es\/2021\/02\/la-urgente-integracion-regional\/#primaryimage"},"thumbnailUrl":"https:\/\/www.pressenza.com\/wp-content\/uploads\/2021\/02\/srq7586_653x431.jpg","keywords":["multilateralidad","regi\u00f3n Sudamericana"],"articleSection":["Asuntos internacionales","Contenido Original","Opiniones","Sudam\u00e9rica"],"inLanguage":"es"},{"@type":"WebPage","@id":"https:\/\/www.pressenza.com\/es\/2021\/02\/la-urgente-integracion-regional\/","url":"https:\/\/www.pressenza.com\/es\/2021\/02\/la-urgente-integracion-regional\/","name":"La urgente integraci\u00f3n regional","isPartOf":{"@id":"https:\/\/www.pressenza.com\/es\/#website"},"primaryImageOfPage":{"@id":"https:\/\/www.pressenza.com\/es\/2021\/02\/la-urgente-integracion-regional\/#primaryimage"},"image":{"@id":"https:\/\/www.pressenza.com\/es\/2021\/02\/la-urgente-integracion-regional\/#primaryimage"},"thumbnailUrl":"https:\/\/www.pressenza.com\/wp-content\/uploads\/2021\/02\/srq7586_653x431.jpg","datePublished":"2021-02-02T21:09:28+00:00","description":"La visita del presidente de Argentina a Chile es una buena oportunidad para insistir en la urgencia de la integraci\u00f3n regional. M\u00e1s all\u00e1 de diferencias","breadcrumb":{"@id":"https:\/\/www.pressenza.com\/es\/2021\/02\/la-urgente-integracion-regional\/#breadcrumb"},"inLanguage":"es","potentialAction":[{"@type":"ReadAction","target":["https:\/\/www.pressenza.com\/es\/2021\/02\/la-urgente-integracion-regional\/"]}]},{"@type":"ImageObject","inLanguage":"es","@id":"https:\/\/www.pressenza.com\/es\/2021\/02\/la-urgente-integracion-regional\/#primaryimage","url":"https:\/\/www.pressenza.com\/wp-content\/uploads\/2021\/02\/srq7586_653x431.jpg","contentUrl":"https:\/\/www.pressenza.com\/wp-content\/uploads\/2021\/02\/srq7586_653x431.jpg","width":653,"height":431,"caption":"presidencia.cl"},{"@type":"BreadcrumbList","@id":"https:\/\/www.pressenza.com\/es\/2021\/02\/la-urgente-integracion-regional\/#breadcrumb","itemListElement":[{"@type":"ListItem","position":1,"name":"Accueil","item":"https:\/\/www.pressenza.com\/es\/"},{"@type":"ListItem","position":2,"name":"La urgente integraci\u00f3n regional"}]},{"@type":"WebSite","@id":"https:\/\/www.pressenza.com\/es\/#website","url":"https:\/\/www.pressenza.com\/es\/","name":"Pressenza","description":"International Press Agency","publisher":{"@id":"https:\/\/www.pressenza.com\/es\/#organization"},"potentialAction":[{"@type":"SearchAction","target":{"@type":"EntryPoint","urlTemplate":"https:\/\/www.pressenza.com\/es\/?s={search_term_string}"},"query-input":{"@type":"PropertyValueSpecification","valueRequired":true,"valueName":"search_term_string"}}],"inLanguage":"es"},{"@type":"Organization","@id":"https:\/\/www.pressenza.com\/es\/#organization","name":"Pressenza","url":"https:\/\/www.pressenza.com\/es\/","logo":{"@type":"ImageObject","inLanguage":"es","@id":"https:\/\/www.pressenza.com\/es\/#\/schema\/logo\/image\/","url":"https:\/\/www.pressenza.com\/wp-content\/uploads\/2022\/10\/pressenza_logo_200x200.jpg","contentUrl":"https:\/\/www.pressenza.com\/wp-content\/uploads\/2022\/10\/pressenza_logo_200x200.jpg","width":200,"height":200,"caption":"Pressenza"},"image":{"@id":"https:\/\/www.pressenza.com\/es\/#\/schema\/logo\/image\/"},"sameAs":["https:\/\/www.facebook.com\/PressenzaItalia","https:\/\/x.com\/PressenzaIPA"]},{"@type":"Person","@id":"https:\/\/www.pressenza.com\/es\/#\/schema\/person\/622524797ea4e3bf162461cbc6b81e29","name":"Roberto Pizarro","url":"https:\/\/www.pressenza.com\/es\/author\/roberto-pizarro\/"}]}},"place":"Santiago de Chile","original_article_url":"","_links":{"self":[{"href":"https:\/\/www.pressenza.com\/es\/wp-json\/wp\/v2\/posts\/1290431","targetHints":{"allow":["GET"]}}],"collection":[{"href":"https:\/\/www.pressenza.com\/es\/wp-json\/wp\/v2\/posts"}],"about":[{"href":"https:\/\/www.pressenza.com\/es\/wp-json\/wp\/v2\/types\/post"}],"author":[{"embeddable":true,"href":"https:\/\/www.pressenza.com\/es\/wp-json\/wp\/v2\/users\/1451"}],"replies":[{"embeddable":true,"href":"https:\/\/www.pressenza.com\/es\/wp-json\/wp\/v2\/comments?post=1290431"}],"version-history":[{"count":0,"href":"https:\/\/www.pressenza.com\/es\/wp-json\/wp\/v2\/posts\/1290431\/revisions"}],"wp:featuredmedia":[{"embeddable":true,"href":"https:\/\/www.pressenza.com\/es\/wp-json\/wp\/v2\/media\/1290432"}],"wp:attachment":[{"href":"https:\/\/www.pressenza.com\/es\/wp-json\/wp\/v2\/media?parent=1290431"}],"wp:term":[{"taxonomy":"category","embeddable":true,"href":"https:\/\/www.pressenza.com\/es\/wp-json\/wp\/v2\/categories?post=1290431"},{"taxonomy":"post_tag","embeddable":true,"href":"https:\/\/www.pressenza.com\/es\/wp-json\/wp\/v2\/tags?post=1290431"}],"curies":[{"name":"wp","href":"https:\/\/api.w.org\/{rel}","templated":true}]}}