{"id":1289708,"date":"2021-02-01T13:43:52","date_gmt":"2021-02-01T13:43:52","guid":{"rendered":"https:\/\/www.pressenza.com\/?p=1289708"},"modified":"2021-02-01T13:44:39","modified_gmt":"2021-02-01T13:44:39","slug":"colombia-cidh-exhorto-al-gobierno-por-situacion-de-ddhh-en-2020","status":"publish","type":"post","link":"https:\/\/www.pressenza.com\/es\/2021\/02\/colombia-cidh-exhorto-al-gobierno-por-situacion-de-ddhh-en-2020\/","title":{"rendered":"Colombia: CIDH exhort\u00f3 al gobierno por situaci\u00f3n de DDHH en 2020"},"content":{"rendered":"<h3><em>En un comunicado publicado el pasado 22 de enero, la Comisi\u00f3n Interamericana de Derechos Humanos (CIDH) expres\u00f3 su preocupaci\u00f3n por la violencia sostenida en contra de personas defensoras de derechos humanos y l\u00edderes y lideresas sociales registrada durante el 2020 en Colombia<\/em><\/h3>\n<p>Ante la persistencia de la violencia contra estos grupos, la CIDH hizo un llamado al Estado para reforzar todas las medidas necesarias para garantizar que las personas defensoras de derechos humanos puedan ejercer sus actividades en un ambiente propicio libre de hostilidades y agresiones.<\/p>\n<p>Durante el 2020, la CIDH observ\u00f3 la preocupante persistencia de la violencia contra personas defensoras de derechos humanos y l\u00edderes y lideresas sociales, especialmente en territorios hist\u00f3ricamente afectados por el conflicto armado interno. El Estado colombiano indic\u00f3 tener conocimiento de 53 asesinatos de personas defensoras de derechos humanos ocurridos en el 2020, conforme a los casos verificados por la Oficina de la Alta Comisionada de la ONU para los Derechos Humanos (OACNUDH). En efecto, el 15 de diciembre de 2020, la OACNUDH report\u00f3 120 asesinatos de personas defensoras de derechos humanos de los cuales 53 casos han sido verificados hasta el momento. Por su parte, el Programa Somos Defensores registr\u00f3 135 asesinatos de personas defensoras de derechos humanos hasta septiembre de 2020. El incremento en los asesinatos, de ser verificado, ser\u00eda sostenido al compararse con los 108 casos verificados por OACNUDH y los 124 casos registrados por Programa Somos Defensores durante el 2019.<\/p>\n<p>Asimismo, durante el primer semestre del a\u00f1o\u00a0<a href=\"http:\/\/www.oas.org\/es\/cidh\/prensa\/comunicados\/2020\/174.asp\" target=\"_Blank\" rel=\"noopener\">preocup\u00f3<\/a>\u00a0a la CIDH que muchos de los asesinatos registrados durante este per\u00edodo habr\u00edan ocurrido mientras las v\u00edctimas cumpl\u00edan con las medidas de aislamiento decretadas por el Estado para hacer frente a la pandemia por el COVID-19.<\/p>\n<p>La Comisi\u00f3n observa que la mayor\u00eda de los asesinatos registrados en el a\u00f1o se concentraron en los departamentos de Antioquia, Cauca, Choc\u00f3, Huila, Norte de Santander, C\u00f3rdoba, Nari\u00f1o y Putumayo, territorios que de manera hist\u00f3rica se vieron afectados por el conflicto armado y que el Estado ha identificado como \u00abZonas de Riesgo\u00bb. El Estado ha coincidido con esta informaci\u00f3n e identific\u00f3 asimismo los departamentos de Valle de Cauca, Magdalena, Bol\u00edvar, C\u00f3rdoba, Arauca y Choc\u00f3 como zonas de riesgo para ejercer la defensa de los derechos humanos.<\/p>\n<p>Seg\u00fan la informaci\u00f3n recibida, aquellas personas que ejercen alg\u00fan tipo de liderazgo comunal, como por ejemplo ser integrante de la Junta de Acci\u00f3n Comunal (JAC) de su comunidad y aqu\u00e9llos que tienen representaci\u00f3n de un liderazgo ind\u00edgena o afrodescendiente ser\u00edan quienes forman parte del mayor porcentaje del total de casos registrados durante el a\u00f1o. De igual forma, los liderazgos campesinos, en particular quienes integran el Programa Nacional Integral de Sustituci\u00f3n de Cultivos Il\u00edcitos (PNIS), tambi\u00e9n representan un n\u00famero importante de los asesinatos. Asimismo, dentro de las personas asesinadas se encontrar\u00edan firmantes del Acuerdo de Paz, personas que contaban con medidas de protecci\u00f3n por parte de la UNP y beneficiarias de medidas cautelares por parte de la CIDH.<\/p>\n<p>Respecto de la autor\u00eda de estos asesinatos, de acuerdo a informaci\u00f3n de la Fiscal\u00eda General de la Naci\u00f3n (FGN), 78 casos corresponder\u00edan a personas particulares, 63 casos estar\u00edan ligados a organizaciones criminales locales, 24 casos estar\u00edan relacionados con el Clan del Golfo, y 23 casos tendr\u00eda relaci\u00f3n el ELN. El Estado indic\u00f3 que el 67.7% de los presuntos autores identificados por estos delitos corresponder\u00edan a grupos armados o bandas criminales.<\/p>\n<p>Adicionalmente, la CIDH observa la persistencia de amenazas en contra de personas defensoras y l\u00edderes sociales. Este tipo de agresi\u00f3n contin\u00faa siendo la m\u00e1s utilizada como medio de intimidaci\u00f3n y presi\u00f3n sobre las comunidades y personas defensoras. De acuerdo con la MAPP\/OEA, las amenazas se han concentrado en su mayor\u00eda en departamentos como Bol\u00edvar, Cauca, Cesar, Norte de Santander, Putumayo y Valle del Cauca.<\/p>\n<p>En el contexto actual de implementaci\u00f3n del Acuerdo de Paz resulta de vital importancia la presencia del Estado en los territorios, especialmente en aquellas zonas m\u00e1s afectadas por el conflicto armado y dejadas por las FARC-EP cuya necesidad de fortalecimiento institucional es mayor.<\/p>\n<p>Con respecto a las investigaciones, seg\u00fan informaci\u00f3n del Estado, entre el 1 de enero de 2016 y el 30 de diciembre de 2020, la OACNUDH &#8211; report\u00f3 421 casos de homicidios de personas defensoras de derechos humanos, de los cuales 404 son investigados por la Fiscal\u00eda General de la Naci\u00f3n (FGN), y se habr\u00edan alcanzado avances en el esclarecimiento en el 63.61% de los casos. De la totalidad de los casos se\u00f1alados, 65 contar\u00edan con sentencia condenatoria. Por su parte, organizaciones de la sociedad civil se\u00f1alan que, si bien ha realizado investigaciones sobre los autores materiales y el perfilamiento de los grupos criminales, no se conocen resultados sobre los autores intelectuales. De igual manera destacan, que las investigaciones realizadas desestiman la hip\u00f3tesis sobre la posible relaci\u00f3n entre el delito y la actividad como persona defensora de derechos humanos.<\/p>\n<p>La Comisi\u00f3n reconoce los avances realizados por el Estado en materia de investigaci\u00f3n sobre los asesinatos contra personas defensoras. No obstante, observa que a\u00fan persisten desaf\u00edos para reducir la impunidad sobre estos cr\u00edmenes, as\u00ed como respecto de otros delitos cometidos en su contra, en particular en el juzgamiento y sanci\u00f3n de los responsables. La CIDH insta al Estado a reforzar sus capacidades frente al alto n\u00famero de casos que se encuentran pendientes por resolver. En este sentido, llama al Estado a continuar adoptando medidas para investigar con debida diligencia y hacer frente a la situaci\u00f3n de impunidad respecto de los cr\u00edmenes cometidos contra personas defensoras de derechos humanos y l\u00edderes sociales en el pa\u00eds, determinando autores materiales e intelectuales. Estas investigaciones deben incluir la hip\u00f3tesis de que estos asesinatos pudieran haber sido cometidos en conexi\u00f3n con la labor que las personas defensoras ejerc\u00edan en su comunidad. Asimismo, el Estado debe procurar la incorporaci\u00f3n de un enfoque diferenciado \u00e9tnico-racial y de g\u00e9nero en la investigaci\u00f3n, juzgamiento, sanci\u00f3n y reparaci\u00f3n de estos cr\u00edmenes.<\/p>\n<p>Por otra parte, la Comisi\u00f3n\u00a0<a href=\"http:\/\/www.oas.org\/es\/cidh\/prensa\/comunicados\/2020\/101.asp\" target=\"_Blank\" rel=\"noopener\">recuerda<\/a>\u00a0al Estado colombiano la obligaci\u00f3n de proteger la vida y la integridad personal de quienes defienden derechos humanos cuando se encuentran en una situaci\u00f3n de riesgo, incluso cuando este riesgo deriva de la acci\u00f3n de un agente no estatal. De acuerdo con informaci\u00f3n del Estado, durante el 2020 la Unidad Nacional de Protecci\u00f3n (UNP) ha protegido a 3.686 personas defensoras de derechos humanos y l\u00edderes sociales y, lo que equivale al 49% del total de los protegidos por parte de la UNP. Si bien, la CIDH reconoce los esfuerzos desplegados, frente a la situaci\u00f3n de violencia que enfrentan las personas defensoras y l\u00edderes sociales en el pa\u00eds, llama el Estado a profundizar en la implementaci\u00f3n de las medidas de protecci\u00f3n bajo un enfoque diferenciado, e interseccional, en el an\u00e1lisis de riesgos y determinaci\u00f3n de las medidas de protecci\u00f3n.<\/p>\n<p>Frente a la situaci\u00f3n antes descrita, la CIDH reitera las recomendaciones contenidas en su informe tem\u00e1tico sobre la \u00abSituaci\u00f3n de personas defensoras y l\u00edderes sociales en Colombia\u00bb, que mantienen plena vigencia al d\u00eda de hoy. Asimismo, se pone a disposici\u00f3n del Estado colombiano para colaborar y prestar su asistencia t\u00e9cnica.<\/p>\n<p>Finalmente, la CIDH reitera la importancia que las personas defensoras de derechos y las y los lideresas y l\u00edderes sociales han tenido en la promoci\u00f3n de la plena vigencia de los derechos humanos en Colombia, as\u00ed como de la paz y fin del conflicto armado. Por ello, urge al Estado a reforzar las estrategias de prevenci\u00f3n y establecer medidas de protecci\u00f3n integrales, culturalmente adecuadas y especializadas, para garantizar que las personas defensoras puedan realizar su labor en un ambiente libre de toda forma de violencia. Asimismo refuerza la urgencia de concretar una pol\u00edtica integral para la protecci\u00f3n de personas defensoras que cuente con la participaci\u00f3n efectiva de organizaciones defensoras de derechos humanos, y el fortalecimiento de la aplicaci\u00f3n de enfoques diferenciados e interseccionales en las medidas de protecci\u00f3n implementadas. A su vez, si bien se identifican algunos avances en materia de investigaci\u00f3n sobre los delitos cometidos contra personas defensoras, es necesario redoblar los esfuerzos para hacer frente a la impunidad.<\/p>\n","protected":false},"excerpt":{"rendered":"<p>En un comunicado publicado el pasado 22 de enero, la Comisi\u00f3n Interamericana de Derechos Humanos (CIDH) expres\u00f3 su preocupaci\u00f3n por la violencia sostenida en contra de personas defensoras de derechos humanos y l\u00edderes y lideresas sociales registrada durante el 2020&hellip;<\/p>\n","protected":false},"author":1053,"featured_media":1289719,"comment_status":"closed","ping_status":"closed","sticky":false,"template":"","format":"standard","meta":{"footnotes":""},"categories":[11389,79,67],"tags":[2809,17497,30,12067,21363,66279,623],"class_list":["post-1289708","post","type-post","status-publish","format-standard","has-post-thumbnail","hentry","category-contenido-original","category-derechos-humanos","category-sudamerica","tag-asesinatos","tag-cidh","tag-colombia","tag-ddhh","tag-gobierno","tag-lideres","tag-violencia"],"yoast_head":"<!-- This site is optimized with the Yoast SEO plugin v27.1.1 - https:\/\/yoast.com\/product\/yoast-seo-wordpress\/ -->\n<title>Colombia: CIDH exhort\u00f3 al gobierno por situaci\u00f3n de DDHH en 2020<\/title>\n<meta name=\"description\" content=\"En un comunicado publicado el pasado 22 de enero, la CIDH expres\u00f3 su preocupaci\u00f3n por la violencia sostenida en contra de personas defensoras de derechos humanos y l\u00edderes y lideresas sociales registrada durante el 2020 en Colombia\" \/>\n<meta name=\"robots\" content=\"index, follow, max-snippet:-1, max-image-preview:large, max-video-preview:-1\" \/>\n<link rel=\"canonical\" href=\"https:\/\/www.pressenza.com\/es\/2021\/02\/colombia-cidh-exhorto-al-gobierno-por-situacion-de-ddhh-en-2020\/\" \/>\n<meta property=\"og:locale\" content=\"es_ES\" \/>\n<meta property=\"og:type\" content=\"article\" \/>\n<meta property=\"og:title\" content=\"Colombia: CIDH exhort\u00f3 al gobierno por situaci\u00f3n de DDHH en 2020\" \/>\n<meta property=\"og:description\" content=\"En un comunicado publicado el pasado 22 de enero, la CIDH expres\u00f3 su preocupaci\u00f3n por la violencia sostenida en contra de personas defensoras de derechos humanos y l\u00edderes y lideresas sociales registrada durante el 2020 en Colombia\" \/>\n<meta property=\"og:url\" content=\"https:\/\/www.pressenza.com\/es\/2021\/02\/colombia-cidh-exhorto-al-gobierno-por-situacion-de-ddhh-en-2020\/\" \/>\n<meta property=\"og:site_name\" content=\"Pressenza\" \/>\n<meta property=\"article:publisher\" content=\"https:\/\/www.facebook.com\/PressenzaItalia\" \/>\n<meta property=\"article:published_time\" content=\"2021-02-01T13:43:52+00:00\" \/>\n<meta property=\"article:modified_time\" content=\"2021-02-01T13:44:39+00:00\" \/>\n<meta property=\"og:image\" content=\"https:\/\/www.pressenza.com\/wp-content\/uploads\/2021\/02\/Defensores_DDHH-1.jpg\" \/>\n\t<meta property=\"og:image:width\" content=\"1020\" \/>\n\t<meta property=\"og:image:height\" content=\"543\" \/>\n\t<meta property=\"og:image:type\" content=\"image\/jpeg\" \/>\n<meta name=\"author\" content=\"Redacci\u00f3n Colombia\" \/>\n<meta name=\"twitter:card\" content=\"summary_large_image\" \/>\n<meta name=\"twitter:creator\" content=\"@PressenzaIPA\" \/>\n<meta name=\"twitter:site\" content=\"@PressenzaIPA\" \/>\n<meta name=\"twitter:label1\" content=\"Escrito por\" \/>\n\t<meta name=\"twitter:data1\" content=\"Redacci\u00f3n Colombia\" \/>\n\t<meta name=\"twitter:label2\" content=\"Tiempo de lectura\" \/>\n\t<meta name=\"twitter:data2\" content=\"7 minutos\" \/>\n<script type=\"application\/ld+json\" class=\"yoast-schema-graph\">{\"@context\":\"https:\/\/schema.org\",\"@graph\":[{\"@type\":\"Article\",\"@id\":\"https:\/\/www.pressenza.com\/es\/2021\/02\/colombia-cidh-exhorto-al-gobierno-por-situacion-de-ddhh-en-2020\/#article\",\"isPartOf\":{\"@id\":\"https:\/\/www.pressenza.com\/es\/2021\/02\/colombia-cidh-exhorto-al-gobierno-por-situacion-de-ddhh-en-2020\/\"},\"author\":{\"name\":\"Redacci\u00f3n Colombia\",\"@id\":\"https:\/\/www.pressenza.com\/es\/#\/schema\/person\/7c8ee170a4502d638436c91e385315f2\"},\"headline\":\"Colombia: CIDH exhort\u00f3 al gobierno por situaci\u00f3n de DDHH en 2020\",\"datePublished\":\"2021-02-01T13:43:52+00:00\",\"dateModified\":\"2021-02-01T13:44:39+00:00\",\"mainEntityOfPage\":{\"@id\":\"https:\/\/www.pressenza.com\/es\/2021\/02\/colombia-cidh-exhorto-al-gobierno-por-situacion-de-ddhh-en-2020\/\"},\"wordCount\":1425,\"publisher\":{\"@id\":\"https:\/\/www.pressenza.com\/es\/#organization\"},\"image\":{\"@id\":\"https:\/\/www.pressenza.com\/es\/2021\/02\/colombia-cidh-exhorto-al-gobierno-por-situacion-de-ddhh-en-2020\/#primaryimage\"},\"thumbnailUrl\":\"https:\/\/www.pressenza.com\/wp-content\/uploads\/2021\/02\/Defensores_DDHH-1.jpg\",\"keywords\":[\"asesinatos\",\"CIDH\",\"Colombia\",\"DDHH\",\"gobierno\",\"l\u00edderes\",\"Violencia\"],\"articleSection\":[\"Contenido Original\",\"Derechos Humanos\",\"Sudam\u00e9rica\"],\"inLanguage\":\"es\"},{\"@type\":\"WebPage\",\"@id\":\"https:\/\/www.pressenza.com\/es\/2021\/02\/colombia-cidh-exhorto-al-gobierno-por-situacion-de-ddhh-en-2020\/\",\"url\":\"https:\/\/www.pressenza.com\/es\/2021\/02\/colombia-cidh-exhorto-al-gobierno-por-situacion-de-ddhh-en-2020\/\",\"name\":\"Colombia: CIDH exhort\u00f3 al gobierno por situaci\u00f3n de DDHH en 2020\",\"isPartOf\":{\"@id\":\"https:\/\/www.pressenza.com\/es\/#website\"},\"primaryImageOfPage\":{\"@id\":\"https:\/\/www.pressenza.com\/es\/2021\/02\/colombia-cidh-exhorto-al-gobierno-por-situacion-de-ddhh-en-2020\/#primaryimage\"},\"image\":{\"@id\":\"https:\/\/www.pressenza.com\/es\/2021\/02\/colombia-cidh-exhorto-al-gobierno-por-situacion-de-ddhh-en-2020\/#primaryimage\"},\"thumbnailUrl\":\"https:\/\/www.pressenza.com\/wp-content\/uploads\/2021\/02\/Defensores_DDHH-1.jpg\",\"datePublished\":\"2021-02-01T13:43:52+00:00\",\"dateModified\":\"2021-02-01T13:44:39+00:00\",\"description\":\"En un comunicado publicado el pasado 22 de enero, la CIDH expres\u00f3 su preocupaci\u00f3n por la violencia sostenida en contra de personas defensoras de derechos humanos y l\u00edderes y lideresas sociales registrada durante el 2020 en Colombia\",\"breadcrumb\":{\"@id\":\"https:\/\/www.pressenza.com\/es\/2021\/02\/colombia-cidh-exhorto-al-gobierno-por-situacion-de-ddhh-en-2020\/#breadcrumb\"},\"inLanguage\":\"es\",\"potentialAction\":[{\"@type\":\"ReadAction\",\"target\":[\"https:\/\/www.pressenza.com\/es\/2021\/02\/colombia-cidh-exhorto-al-gobierno-por-situacion-de-ddhh-en-2020\/\"]}]},{\"@type\":\"ImageObject\",\"inLanguage\":\"es\",\"@id\":\"https:\/\/www.pressenza.com\/es\/2021\/02\/colombia-cidh-exhorto-al-gobierno-por-situacion-de-ddhh-en-2020\/#primaryimage\",\"url\":\"https:\/\/www.pressenza.com\/wp-content\/uploads\/2021\/02\/Defensores_DDHH-1.jpg\",\"contentUrl\":\"https:\/\/www.pressenza.com\/wp-content\/uploads\/2021\/02\/Defensores_DDHH-1.jpg\",\"width\":1020,\"height\":543,\"caption\":\"Colombia: CIDH exhort\u00f3 al gobierno por situaci\u00f3n de DDHH en 2020\"},{\"@type\":\"BreadcrumbList\",\"@id\":\"https:\/\/www.pressenza.com\/es\/2021\/02\/colombia-cidh-exhorto-al-gobierno-por-situacion-de-ddhh-en-2020\/#breadcrumb\",\"itemListElement\":[{\"@type\":\"ListItem\",\"position\":1,\"name\":\"Accueil\",\"item\":\"https:\/\/www.pressenza.com\/es\/\"},{\"@type\":\"ListItem\",\"position\":2,\"name\":\"Colombia: CIDH exhort\u00f3 al gobierno por situaci\u00f3n de DDHH en 2020\"}]},{\"@type\":\"WebSite\",\"@id\":\"https:\/\/www.pressenza.com\/es\/#website\",\"url\":\"https:\/\/www.pressenza.com\/es\/\",\"name\":\"Pressenza\",\"description\":\"International Press Agency\",\"publisher\":{\"@id\":\"https:\/\/www.pressenza.com\/es\/#organization\"},\"potentialAction\":[{\"@type\":\"SearchAction\",\"target\":{\"@type\":\"EntryPoint\",\"urlTemplate\":\"https:\/\/www.pressenza.com\/es\/?s={search_term_string}\"},\"query-input\":{\"@type\":\"PropertyValueSpecification\",\"valueRequired\":true,\"valueName\":\"search_term_string\"}}],\"inLanguage\":\"es\"},{\"@type\":\"Organization\",\"@id\":\"https:\/\/www.pressenza.com\/es\/#organization\",\"name\":\"Pressenza\",\"url\":\"https:\/\/www.pressenza.com\/es\/\",\"logo\":{\"@type\":\"ImageObject\",\"inLanguage\":\"es\",\"@id\":\"https:\/\/www.pressenza.com\/es\/#\/schema\/logo\/image\/\",\"url\":\"https:\/\/www.pressenza.com\/wp-content\/uploads\/2022\/10\/pressenza_logo_200x200.jpg\",\"contentUrl\":\"https:\/\/www.pressenza.com\/wp-content\/uploads\/2022\/10\/pressenza_logo_200x200.jpg\",\"width\":200,\"height\":200,\"caption\":\"Pressenza\"},\"image\":{\"@id\":\"https:\/\/www.pressenza.com\/es\/#\/schema\/logo\/image\/\"},\"sameAs\":[\"https:\/\/www.facebook.com\/PressenzaItalia\",\"https:\/\/x.com\/PressenzaIPA\"]},{\"@type\":\"Person\",\"@id\":\"https:\/\/www.pressenza.com\/es\/#\/schema\/person\/7c8ee170a4502d638436c91e385315f2\",\"name\":\"Redacci\u00f3n Colombia\",\"description\":\"News published by the Pressenza bureau in Colombia\",\"url\":\"https:\/\/www.pressenza.com\/es\/author\/redaccion-colombia\/\"}]}<\/script>\n<!-- \/ Yoast SEO plugin. -->","yoast_head_json":{"title":"Colombia: CIDH exhort\u00f3 al gobierno por situaci\u00f3n de DDHH en 2020","description":"En un comunicado publicado el pasado 22 de enero, la CIDH expres\u00f3 su preocupaci\u00f3n por la violencia sostenida en contra de personas defensoras de derechos humanos y l\u00edderes y lideresas sociales registrada durante el 2020 en Colombia","robots":{"index":"index","follow":"follow","max-snippet":"max-snippet:-1","max-image-preview":"max-image-preview:large","max-video-preview":"max-video-preview:-1"},"canonical":"https:\/\/www.pressenza.com\/es\/2021\/02\/colombia-cidh-exhorto-al-gobierno-por-situacion-de-ddhh-en-2020\/","og_locale":"es_ES","og_type":"article","og_title":"Colombia: CIDH exhort\u00f3 al gobierno por situaci\u00f3n de DDHH en 2020","og_description":"En un comunicado publicado el pasado 22 de enero, la CIDH expres\u00f3 su preocupaci\u00f3n por la violencia sostenida en contra de personas defensoras de derechos humanos y l\u00edderes y lideresas sociales registrada durante el 2020 en Colombia","og_url":"https:\/\/www.pressenza.com\/es\/2021\/02\/colombia-cidh-exhorto-al-gobierno-por-situacion-de-ddhh-en-2020\/","og_site_name":"Pressenza","article_publisher":"https:\/\/www.facebook.com\/PressenzaItalia","article_published_time":"2021-02-01T13:43:52+00:00","article_modified_time":"2021-02-01T13:44:39+00:00","og_image":[{"width":1020,"height":543,"url":"https:\/\/www.pressenza.com\/wp-content\/uploads\/2021\/02\/Defensores_DDHH-1.jpg","type":"image\/jpeg"}],"author":"Redacci\u00f3n Colombia","twitter_card":"summary_large_image","twitter_creator":"@PressenzaIPA","twitter_site":"@PressenzaIPA","twitter_misc":{"Escrito por":"Redacci\u00f3n Colombia","Tiempo de lectura":"7 minutos"},"schema":{"@context":"https:\/\/schema.org","@graph":[{"@type":"Article","@id":"https:\/\/www.pressenza.com\/es\/2021\/02\/colombia-cidh-exhorto-al-gobierno-por-situacion-de-ddhh-en-2020\/#article","isPartOf":{"@id":"https:\/\/www.pressenza.com\/es\/2021\/02\/colombia-cidh-exhorto-al-gobierno-por-situacion-de-ddhh-en-2020\/"},"author":{"name":"Redacci\u00f3n Colombia","@id":"https:\/\/www.pressenza.com\/es\/#\/schema\/person\/7c8ee170a4502d638436c91e385315f2"},"headline":"Colombia: CIDH exhort\u00f3 al gobierno por situaci\u00f3n de DDHH en 2020","datePublished":"2021-02-01T13:43:52+00:00","dateModified":"2021-02-01T13:44:39+00:00","mainEntityOfPage":{"@id":"https:\/\/www.pressenza.com\/es\/2021\/02\/colombia-cidh-exhorto-al-gobierno-por-situacion-de-ddhh-en-2020\/"},"wordCount":1425,"publisher":{"@id":"https:\/\/www.pressenza.com\/es\/#organization"},"image":{"@id":"https:\/\/www.pressenza.com\/es\/2021\/02\/colombia-cidh-exhorto-al-gobierno-por-situacion-de-ddhh-en-2020\/#primaryimage"},"thumbnailUrl":"https:\/\/www.pressenza.com\/wp-content\/uploads\/2021\/02\/Defensores_DDHH-1.jpg","keywords":["asesinatos","CIDH","Colombia","DDHH","gobierno","l\u00edderes","Violencia"],"articleSection":["Contenido Original","Derechos Humanos","Sudam\u00e9rica"],"inLanguage":"es"},{"@type":"WebPage","@id":"https:\/\/www.pressenza.com\/es\/2021\/02\/colombia-cidh-exhorto-al-gobierno-por-situacion-de-ddhh-en-2020\/","url":"https:\/\/www.pressenza.com\/es\/2021\/02\/colombia-cidh-exhorto-al-gobierno-por-situacion-de-ddhh-en-2020\/","name":"Colombia: CIDH exhort\u00f3 al gobierno por situaci\u00f3n de DDHH en 2020","isPartOf":{"@id":"https:\/\/www.pressenza.com\/es\/#website"},"primaryImageOfPage":{"@id":"https:\/\/www.pressenza.com\/es\/2021\/02\/colombia-cidh-exhorto-al-gobierno-por-situacion-de-ddhh-en-2020\/#primaryimage"},"image":{"@id":"https:\/\/www.pressenza.com\/es\/2021\/02\/colombia-cidh-exhorto-al-gobierno-por-situacion-de-ddhh-en-2020\/#primaryimage"},"thumbnailUrl":"https:\/\/www.pressenza.com\/wp-content\/uploads\/2021\/02\/Defensores_DDHH-1.jpg","datePublished":"2021-02-01T13:43:52+00:00","dateModified":"2021-02-01T13:44:39+00:00","description":"En un comunicado publicado el pasado 22 de enero, la CIDH expres\u00f3 su preocupaci\u00f3n por la violencia sostenida en contra de personas defensoras de derechos humanos y l\u00edderes y lideresas sociales registrada durante el 2020 en Colombia","breadcrumb":{"@id":"https:\/\/www.pressenza.com\/es\/2021\/02\/colombia-cidh-exhorto-al-gobierno-por-situacion-de-ddhh-en-2020\/#breadcrumb"},"inLanguage":"es","potentialAction":[{"@type":"ReadAction","target":["https:\/\/www.pressenza.com\/es\/2021\/02\/colombia-cidh-exhorto-al-gobierno-por-situacion-de-ddhh-en-2020\/"]}]},{"@type":"ImageObject","inLanguage":"es","@id":"https:\/\/www.pressenza.com\/es\/2021\/02\/colombia-cidh-exhorto-al-gobierno-por-situacion-de-ddhh-en-2020\/#primaryimage","url":"https:\/\/www.pressenza.com\/wp-content\/uploads\/2021\/02\/Defensores_DDHH-1.jpg","contentUrl":"https:\/\/www.pressenza.com\/wp-content\/uploads\/2021\/02\/Defensores_DDHH-1.jpg","width":1020,"height":543,"caption":"Colombia: CIDH exhort\u00f3 al gobierno por situaci\u00f3n de DDHH en 2020"},{"@type":"BreadcrumbList","@id":"https:\/\/www.pressenza.com\/es\/2021\/02\/colombia-cidh-exhorto-al-gobierno-por-situacion-de-ddhh-en-2020\/#breadcrumb","itemListElement":[{"@type":"ListItem","position":1,"name":"Accueil","item":"https:\/\/www.pressenza.com\/es\/"},{"@type":"ListItem","position":2,"name":"Colombia: CIDH exhort\u00f3 al gobierno por situaci\u00f3n de DDHH en 2020"}]},{"@type":"WebSite","@id":"https:\/\/www.pressenza.com\/es\/#website","url":"https:\/\/www.pressenza.com\/es\/","name":"Pressenza","description":"International Press Agency","publisher":{"@id":"https:\/\/www.pressenza.com\/es\/#organization"},"potentialAction":[{"@type":"SearchAction","target":{"@type":"EntryPoint","urlTemplate":"https:\/\/www.pressenza.com\/es\/?s={search_term_string}"},"query-input":{"@type":"PropertyValueSpecification","valueRequired":true,"valueName":"search_term_string"}}],"inLanguage":"es"},{"@type":"Organization","@id":"https:\/\/www.pressenza.com\/es\/#organization","name":"Pressenza","url":"https:\/\/www.pressenza.com\/es\/","logo":{"@type":"ImageObject","inLanguage":"es","@id":"https:\/\/www.pressenza.com\/es\/#\/schema\/logo\/image\/","url":"https:\/\/www.pressenza.com\/wp-content\/uploads\/2022\/10\/pressenza_logo_200x200.jpg","contentUrl":"https:\/\/www.pressenza.com\/wp-content\/uploads\/2022\/10\/pressenza_logo_200x200.jpg","width":200,"height":200,"caption":"Pressenza"},"image":{"@id":"https:\/\/www.pressenza.com\/es\/#\/schema\/logo\/image\/"},"sameAs":["https:\/\/www.facebook.com\/PressenzaItalia","https:\/\/x.com\/PressenzaIPA"]},{"@type":"Person","@id":"https:\/\/www.pressenza.com\/es\/#\/schema\/person\/7c8ee170a4502d638436c91e385315f2","name":"Redacci\u00f3n Colombia","description":"News published by the Pressenza bureau in Colombia","url":"https:\/\/www.pressenza.com\/es\/author\/redaccion-colombia\/"}]}},"place":"Bogot\u00e1","original_article_url":"","_links":{"self":[{"href":"https:\/\/www.pressenza.com\/es\/wp-json\/wp\/v2\/posts\/1289708","targetHints":{"allow":["GET"]}}],"collection":[{"href":"https:\/\/www.pressenza.com\/es\/wp-json\/wp\/v2\/posts"}],"about":[{"href":"https:\/\/www.pressenza.com\/es\/wp-json\/wp\/v2\/types\/post"}],"author":[{"embeddable":true,"href":"https:\/\/www.pressenza.com\/es\/wp-json\/wp\/v2\/users\/1053"}],"replies":[{"embeddable":true,"href":"https:\/\/www.pressenza.com\/es\/wp-json\/wp\/v2\/comments?post=1289708"}],"version-history":[{"count":0,"href":"https:\/\/www.pressenza.com\/es\/wp-json\/wp\/v2\/posts\/1289708\/revisions"}],"wp:featuredmedia":[{"embeddable":true,"href":"https:\/\/www.pressenza.com\/es\/wp-json\/wp\/v2\/media\/1289719"}],"wp:attachment":[{"href":"https:\/\/www.pressenza.com\/es\/wp-json\/wp\/v2\/media?parent=1289708"}],"wp:term":[{"taxonomy":"category","embeddable":true,"href":"https:\/\/www.pressenza.com\/es\/wp-json\/wp\/v2\/categories?post=1289708"},{"taxonomy":"post_tag","embeddable":true,"href":"https:\/\/www.pressenza.com\/es\/wp-json\/wp\/v2\/tags?post=1289708"}],"curies":[{"name":"wp","href":"https:\/\/api.w.org\/{rel}","templated":true}]}}