{"id":1289554,"date":"2021-02-01T01:18:54","date_gmt":"2021-02-01T01:18:54","guid":{"rendered":"https:\/\/www.pressenza.com\/?p=1289554"},"modified":"2021-02-01T01:18:54","modified_gmt":"2021-02-01T01:18:54","slug":"covid-que-hacemos-con-la-crisis","status":"publish","type":"post","link":"https:\/\/www.pressenza.com\/es\/2021\/02\/covid-que-hacemos-con-la-crisis\/","title":{"rendered":"Covid: \u00bfQu\u00e9 hacemos con la crisis?"},"content":{"rendered":"<p>Desde el principio supimos que est\u00e1bamos en crisis. \u00bfQueremos empezar a pensar seriamente en lo que haremos con la crisis?<\/p>\n<p>Al principio de la pandemia parec\u00eda difundirse una tesis \u00abhumanitaria\u00bb, seg\u00fan la cual la situaci\u00f3n creada habr\u00eda permitido a las personas, tal vez a la propia humanidad, reflexionar sobre su estilo de vida, comprender los problemas subyacentes y aprender a vivir mejor. Esta tesis fracas\u00f3 en el verano cuando se vio que uno pod\u00eda f\u00e1cilmente olvidar meses de encierro, fingir que no hab\u00eda pasado nada y, si uno lo deseaba, empezar todo de nuevo como antes, tal vez incluso peor que antes.<\/p>\n<p>Esta visi\u00f3n mecanicista tiende a creer que, si se pone a una persona o a un grupo humano en una situaci\u00f3n, ese grupo responder\u00e1 de cierta manera. Los optimistas que creen que el ser humano es bueno creen, por consiguiente, que suceder\u00e1n cosas buenas; los negacionistas que creen que el ser es una mierda pensar\u00e1n en la mejor manera de modificar las reacciones en su beneficio. En cualquier caso, la idea es causa y efecto, respuesta de est\u00edmulo, reflejo condicionado. Yo echo el bistec y salivo profusamente. Los anunciantes siguen ah\u00ed con la rubia y la cerveza, la rubia y la cerveza y luego el caballero bebiendo la cerveza&#8230;.<\/p>\n<p>Esta visi\u00f3n primitiva del ser humano niega la subjetividad o, a lo mucho, la encierra en espacios restringidos: le dejaremos elegir de qu\u00e9 color ser\u00e1n las flores de los muebles.<\/p>\n<p>Esta visi\u00f3n niega la historia humana: contradictoria, tr\u00e1gica pero siempre en crecimiento. Porque esta visi\u00f3n no explica los procesos de liberaci\u00f3n, no explica los cambios radicales de mentalidad, no explica todas las revoluciones, no explica el descubrimiento de nuevos mundos, nuevas relaciones.<\/p>\n<p>Esta visi\u00f3n lleva a las buenas personas a confundirse y a creer que hay una \u00abconspiraci\u00f3n\u00bb \u00abdetr\u00e1s\u00bb de lo que est\u00e1 sucediendo; que hay distinguidos caballeros detr\u00e1s de una mesa que est\u00e1n estudiando la situaci\u00f3n y haciendo movimientos para obtener una ventaja global, autoritaria y especulativa.<\/p>\n<p>La visi\u00f3n del Humanismo Universalista dice, en s\u00edntesis, que, ante un fen\u00f3meno, la conciencia estructura una respuesta. Hay una intenci\u00f3n humana que est\u00e1 relacionada con otras intenciones humanas y que tiene un amplio margen de respuesta. El mundo (otras intenciones) establece sus condiciones, pero la conciencia elige las suyas, y puede concretamente elegir <em>otra cosa<\/em>. Y cuando elige otra cosa, condiciona las intenciones de los dem\u00e1s y modifica el mundo.<\/p>\n<p>Nombrador de mil nombres, hacedor de sentido, transformador del mundo&#8230; tus padres y los padres de tus padres se contin\u00faan en ti. No eres un b\u00f3lido que cae sino una brillante saeta que vuela hacia los cielos. Eres el sentido del mundo y cuando aclaras tu sentido iluminas la tierra. Cuando pierdes tu sentido la tierra se oscurece y el abismo se abre.<\/p>\n<p>Te dir\u00e9 cu\u00e1l es el sentido de tu vida aqu\u00ed: \u00a1humanizar la Tierra! \u00bfQu\u00e9 es humanizar la Tierra? Es superar el dolor y el sufrimiento, es aprender sin l\u00edmite, es amar la realidad que construyes.<\/p>\n<p><em> (1)<\/em><\/p>\n<p>En la perspectiva de la humanizaci\u00f3n no creemos en la conspiraci\u00f3n: creemos en una batalla de intenciones humanas. Y creemos en la libertad de elecci\u00f3n y en la necesidad (y urgencia) de la iniciativa.<\/p>\n<p>Porque reconocemos la crisis, vemos en ella un sistema de valores (de antivalores, en verdad) que est\u00e1 luchando, muriendo, y, como los monstruos mitol\u00f3gicos, en su lucha, da los \u00faltimos golpes de la cola, genera las monstruosidades m\u00e1s alucinantes: autoritarismo, arrogancia, violencia, desprecio.<\/p>\n<p>Al conectar con la crisis, vemos los destellos de un nuevo sistema de valores que se abre paso y trata de instalarse, con dificultad, pero de manera permanente, en el centro de la sociedad: la libertad, la no violencia, la acogida, la solidaridad, el bien com\u00fan, el cuidado, la atenci\u00f3n a cada ser humano y su hogar.<\/p>\n<p>\u00bfY qu\u00e9 hay que hacer, entonces, alguien preguntar\u00e1?<\/p>\n<p>Mientras tanto,<strong> identifique los verdaderos culpables<\/strong>: las multinacionales farmac\u00e9uticas y otras que especulan con las necesidades del momento; las diversas intenciones econ\u00f3micas que luchan seg\u00fan la l\u00f3gica del \u00abs\u00e1lvese quien pueda\u00bb; la tremenda especulaci\u00f3n financiera con sus trucos en la independencia final y total de la econom\u00eda real; los gobiernos e instituciones internacionales incapaces de poner las prioridades en el orden necesario; las mentalidades violentas que limitan el pensamiento humano.<\/p>\n<p>Por lo tanto, <strong>establecer prioridades<\/strong>: la salud de <strong>todas<\/strong> las personas est\u00e1 por encima de cualquier otra consideraci\u00f3n; y la salud de las personas est\u00e1 estrechamente ligada a la salud del planeta porque est\u00e1 claro que donde las condiciones ambientales son peores, las personas se enferman m\u00e1s. Con el planeta y la gente como prioridad, se pueden identificar unas pocas y simples medidas de emergencia que resuelvan el problema espec\u00edfico mientras se ponen en marcha soluciones <strong>estructurales<\/strong>. Deja de tapar agujeros y construye la base para un sistema diferente de relaciones sociales, humanas y econ\u00f3micas.<\/p>\n<p><strong>\u00bfY qu\u00e9 puedo hacer yo?<\/strong> Apoyar las causas del cambio ecol\u00f3gico radical, la atenci\u00f3n sanitaria gratuita, exigir vacunas y tratamientos gratuitos no s\u00f3lo para las personas sino tambi\u00e9n para los gobiernos porque no podemos pensar en endeudarnos con las empresas farmac\u00e9uticas durante el resto de nuestras vidas, esas empresas farmac\u00e9uticas que han sido financiadas durante a\u00f1os por organizaciones internacionales y que podr\u00edan perfectamente desarrollar curas y vacunas sin pedir un c\u00e9ntimo a nadie. Pero sobre todo adherirse a un paradigma humanizador donde el valor central es todo ser humano, donde la no violencia es el m\u00e9todo de trabajo y la actitud concreta, donde el cuidado del bien com\u00fan es el camino para construir el nuevo mundo, necesario, urgente y listo para florecer entre los escombros de esta decadencia en crisis.<\/p>\n<p>(1) Silo, <em>Humanizar la Tierra<\/em>, Multimage<\/p>\n<hr \/>\n<p><em>Traducido del italiano por Estefany Zaldumbide<\/em>.<\/p>\n","protected":false},"excerpt":{"rendered":"<p>Desde el principio supimos que est\u00e1bamos en crisis. \u00bfQueremos empezar a pensar seriamente en lo que haremos con la crisis? Al principio de la pandemia parec\u00eda difundirse una tesis \u00abhumanitaria\u00bb, seg\u00fan la cual la situaci\u00f3n creada habr\u00eda permitido a las&hellip;<\/p>\n","protected":false},"author":10,"featured_media":173874,"comment_status":"closed","ping_status":"closed","sticky":false,"template":"","format":"standard","meta":{"footnotes":""},"categories":[11389,1240,161],"tags":[77441,23318,543],"class_list":["post-1289554","post","type-post","status-publish","format-standard","has-post-thumbnail","hentry","category-contenido-original","category-humanismo-espiritualidad","category-opiniones","tag-humanismo-y-espiritualidad","tag-opiniones","tag-silo-es"],"yoast_head":"<!-- This site is optimized with the Yoast SEO plugin v27.1.1 - https:\/\/yoast.com\/product\/yoast-seo-wordpress\/ -->\n<title>Covid: \u00bfQu\u00e9 hacemos con la crisis?<\/title>\n<meta name=\"description\" content=\"Desde el principio supimos que est\u00e1bamos en crisis. \u00bfQueremos empezar a pensar seriamente en lo que haremos con la crisis? Al principio de la pandemia\" \/>\n<meta name=\"robots\" content=\"index, follow, max-snippet:-1, max-image-preview:large, max-video-preview:-1\" \/>\n<link rel=\"canonical\" href=\"https:\/\/www.pressenza.com\/es\/2021\/02\/covid-que-hacemos-con-la-crisis\/\" \/>\n<meta property=\"og:locale\" content=\"es_ES\" \/>\n<meta property=\"og:type\" content=\"article\" \/>\n<meta property=\"og:title\" content=\"Covid: \u00bfQu\u00e9 hacemos con la crisis?\" \/>\n<meta property=\"og:description\" content=\"Desde el principio supimos que est\u00e1bamos en crisis. \u00bfQueremos empezar a pensar seriamente en lo que haremos con la crisis? Al principio de la pandemia\" \/>\n<meta property=\"og:url\" content=\"https:\/\/www.pressenza.com\/es\/2021\/02\/covid-que-hacemos-con-la-crisis\/\" \/>\n<meta property=\"og:site_name\" content=\"Pressenza\" \/>\n<meta property=\"article:publisher\" content=\"https:\/\/www.facebook.com\/PressenzaItalia\" \/>\n<meta property=\"article:published_time\" content=\"2021-02-01T01:18:54+00:00\" \/>\n<meta property=\"og:image\" content=\"https:\/\/www.pressenza.com\/wp-content\/uploads\/2015\/03\/ipadronidelmondo.jpg\" \/>\n\t<meta property=\"og:image:width\" content=\"1600\" \/>\n\t<meta property=\"og:image:height\" content=\"1049\" \/>\n\t<meta property=\"og:image:type\" content=\"image\/jpeg\" \/>\n<meta name=\"author\" content=\"Olivier Turquet\" \/>\n<meta name=\"twitter:card\" content=\"summary_large_image\" \/>\n<meta name=\"twitter:creator\" content=\"@PressenzaIPA\" \/>\n<meta name=\"twitter:site\" content=\"@PressenzaIPA\" \/>\n<meta name=\"twitter:label1\" content=\"Escrito por\" \/>\n\t<meta name=\"twitter:data1\" content=\"Olivier Turquet\" \/>\n\t<meta name=\"twitter:label2\" content=\"Tiempo de lectura\" \/>\n\t<meta name=\"twitter:data2\" content=\"5 minutos\" \/>\n<script type=\"application\/ld+json\" class=\"yoast-schema-graph\">{\"@context\":\"https:\/\/schema.org\",\"@graph\":[{\"@type\":\"Article\",\"@id\":\"https:\/\/www.pressenza.com\/es\/2021\/02\/covid-que-hacemos-con-la-crisis\/#article\",\"isPartOf\":{\"@id\":\"https:\/\/www.pressenza.com\/es\/2021\/02\/covid-que-hacemos-con-la-crisis\/\"},\"author\":{\"name\":\"Olivier Turquet\",\"@id\":\"https:\/\/www.pressenza.com\/es\/#\/schema\/person\/636f8feb51f63f34e7378d5fcdd1de53\"},\"headline\":\"Covid: \u00bfQu\u00e9 hacemos con la crisis?\",\"datePublished\":\"2021-02-01T01:18:54+00:00\",\"mainEntityOfPage\":{\"@id\":\"https:\/\/www.pressenza.com\/es\/2021\/02\/covid-que-hacemos-con-la-crisis\/\"},\"wordCount\":1014,\"publisher\":{\"@id\":\"https:\/\/www.pressenza.com\/es\/#organization\"},\"image\":{\"@id\":\"https:\/\/www.pressenza.com\/es\/2021\/02\/covid-que-hacemos-con-la-crisis\/#primaryimage\"},\"thumbnailUrl\":\"https:\/\/www.pressenza.com\/wp-content\/uploads\/2015\/03\/ipadronidelmondo.jpg\",\"keywords\":[\"Humanismo y Espiritualidad\",\"opiniones\",\"Silo\"],\"articleSection\":[\"Contenido Original\",\"Humanismo y Espiritualidad\",\"Opiniones\"],\"inLanguage\":\"es\"},{\"@type\":\"WebPage\",\"@id\":\"https:\/\/www.pressenza.com\/es\/2021\/02\/covid-que-hacemos-con-la-crisis\/\",\"url\":\"https:\/\/www.pressenza.com\/es\/2021\/02\/covid-que-hacemos-con-la-crisis\/\",\"name\":\"Covid: \u00bfQu\u00e9 hacemos con la crisis?\",\"isPartOf\":{\"@id\":\"https:\/\/www.pressenza.com\/es\/#website\"},\"primaryImageOfPage\":{\"@id\":\"https:\/\/www.pressenza.com\/es\/2021\/02\/covid-que-hacemos-con-la-crisis\/#primaryimage\"},\"image\":{\"@id\":\"https:\/\/www.pressenza.com\/es\/2021\/02\/covid-que-hacemos-con-la-crisis\/#primaryimage\"},\"thumbnailUrl\":\"https:\/\/www.pressenza.com\/wp-content\/uploads\/2015\/03\/ipadronidelmondo.jpg\",\"datePublished\":\"2021-02-01T01:18:54+00:00\",\"description\":\"Desde el principio supimos que est\u00e1bamos en crisis. \u00bfQueremos empezar a pensar seriamente en lo que haremos con la crisis? Al principio de la pandemia\",\"breadcrumb\":{\"@id\":\"https:\/\/www.pressenza.com\/es\/2021\/02\/covid-que-hacemos-con-la-crisis\/#breadcrumb\"},\"inLanguage\":\"es\",\"potentialAction\":[{\"@type\":\"ReadAction\",\"target\":[\"https:\/\/www.pressenza.com\/es\/2021\/02\/covid-que-hacemos-con-la-crisis\/\"]}]},{\"@type\":\"ImageObject\",\"inLanguage\":\"es\",\"@id\":\"https:\/\/www.pressenza.com\/es\/2021\/02\/covid-que-hacemos-con-la-crisis\/#primaryimage\",\"url\":\"https:\/\/www.pressenza.com\/wp-content\/uploads\/2015\/03\/ipadronidelmondo.jpg\",\"contentUrl\":\"https:\/\/www.pressenza.com\/wp-content\/uploads\/2015\/03\/ipadronidelmondo.jpg\",\"width\":1600,\"height\":1049,\"caption\":\"Coronakrise \u2013 und was nun?\"},{\"@type\":\"BreadcrumbList\",\"@id\":\"https:\/\/www.pressenza.com\/es\/2021\/02\/covid-que-hacemos-con-la-crisis\/#breadcrumb\",\"itemListElement\":[{\"@type\":\"ListItem\",\"position\":1,\"name\":\"Accueil\",\"item\":\"https:\/\/www.pressenza.com\/es\/\"},{\"@type\":\"ListItem\",\"position\":2,\"name\":\"Covid: \u00bfQu\u00e9 hacemos con la crisis?\"}]},{\"@type\":\"WebSite\",\"@id\":\"https:\/\/www.pressenza.com\/es\/#website\",\"url\":\"https:\/\/www.pressenza.com\/es\/\",\"name\":\"Pressenza\",\"description\":\"International Press Agency\",\"publisher\":{\"@id\":\"https:\/\/www.pressenza.com\/es\/#organization\"},\"potentialAction\":[{\"@type\":\"SearchAction\",\"target\":{\"@type\":\"EntryPoint\",\"urlTemplate\":\"https:\/\/www.pressenza.com\/es\/?s={search_term_string}\"},\"query-input\":{\"@type\":\"PropertyValueSpecification\",\"valueRequired\":true,\"valueName\":\"search_term_string\"}}],\"inLanguage\":\"es\"},{\"@type\":\"Organization\",\"@id\":\"https:\/\/www.pressenza.com\/es\/#organization\",\"name\":\"Pressenza\",\"url\":\"https:\/\/www.pressenza.com\/es\/\",\"logo\":{\"@type\":\"ImageObject\",\"inLanguage\":\"es\",\"@id\":\"https:\/\/www.pressenza.com\/es\/#\/schema\/logo\/image\/\",\"url\":\"https:\/\/www.pressenza.com\/wp-content\/uploads\/2022\/10\/pressenza_logo_200x200.jpg\",\"contentUrl\":\"https:\/\/www.pressenza.com\/wp-content\/uploads\/2022\/10\/pressenza_logo_200x200.jpg\",\"width\":200,\"height\":200,\"caption\":\"Pressenza\"},\"image\":{\"@id\":\"https:\/\/www.pressenza.com\/es\/#\/schema\/logo\/image\/\"},\"sameAs\":[\"https:\/\/www.facebook.com\/PressenzaItalia\",\"https:\/\/x.com\/PressenzaIPA\"]},{\"@type\":\"Person\",\"@id\":\"https:\/\/www.pressenza.com\/es\/#\/schema\/person\/636f8feb51f63f34e7378d5fcdd1de53\",\"name\":\"Olivier Turquet\",\"description\":\"Takes care of writing to tell the reality for about 40 years. He has worked with paper publications, radio and electronic He founded the electronic news agency humanist Good News. He was press secretary to various events such as: the International Humanist, Florence Play, the World March for Peace and Nonviolence. Currently coordinates the Italian team of Pressenza. olivierturquet.wordpress.com\",\"sameAs\":[\"http:\/\/olivierturquet.wordpress.com\"],\"url\":\"https:\/\/www.pressenza.com\/es\/author\/olivier-turquet\/\"}]}<\/script>\n<!-- \/ Yoast SEO plugin. -->","yoast_head_json":{"title":"Covid: \u00bfQu\u00e9 hacemos con la crisis?","description":"Desde el principio supimos que est\u00e1bamos en crisis. \u00bfQueremos empezar a pensar seriamente en lo que haremos con la crisis? Al principio de la pandemia","robots":{"index":"index","follow":"follow","max-snippet":"max-snippet:-1","max-image-preview":"max-image-preview:large","max-video-preview":"max-video-preview:-1"},"canonical":"https:\/\/www.pressenza.com\/es\/2021\/02\/covid-que-hacemos-con-la-crisis\/","og_locale":"es_ES","og_type":"article","og_title":"Covid: \u00bfQu\u00e9 hacemos con la crisis?","og_description":"Desde el principio supimos que est\u00e1bamos en crisis. \u00bfQueremos empezar a pensar seriamente en lo que haremos con la crisis? Al principio de la pandemia","og_url":"https:\/\/www.pressenza.com\/es\/2021\/02\/covid-que-hacemos-con-la-crisis\/","og_site_name":"Pressenza","article_publisher":"https:\/\/www.facebook.com\/PressenzaItalia","article_published_time":"2021-02-01T01:18:54+00:00","og_image":[{"width":1600,"height":1049,"url":"https:\/\/www.pressenza.com\/wp-content\/uploads\/2015\/03\/ipadronidelmondo.jpg","type":"image\/jpeg"}],"author":"Olivier Turquet","twitter_card":"summary_large_image","twitter_creator":"@PressenzaIPA","twitter_site":"@PressenzaIPA","twitter_misc":{"Escrito por":"Olivier Turquet","Tiempo de lectura":"5 minutos"},"schema":{"@context":"https:\/\/schema.org","@graph":[{"@type":"Article","@id":"https:\/\/www.pressenza.com\/es\/2021\/02\/covid-que-hacemos-con-la-crisis\/#article","isPartOf":{"@id":"https:\/\/www.pressenza.com\/es\/2021\/02\/covid-que-hacemos-con-la-crisis\/"},"author":{"name":"Olivier Turquet","@id":"https:\/\/www.pressenza.com\/es\/#\/schema\/person\/636f8feb51f63f34e7378d5fcdd1de53"},"headline":"Covid: \u00bfQu\u00e9 hacemos con la crisis?","datePublished":"2021-02-01T01:18:54+00:00","mainEntityOfPage":{"@id":"https:\/\/www.pressenza.com\/es\/2021\/02\/covid-que-hacemos-con-la-crisis\/"},"wordCount":1014,"publisher":{"@id":"https:\/\/www.pressenza.com\/es\/#organization"},"image":{"@id":"https:\/\/www.pressenza.com\/es\/2021\/02\/covid-que-hacemos-con-la-crisis\/#primaryimage"},"thumbnailUrl":"https:\/\/www.pressenza.com\/wp-content\/uploads\/2015\/03\/ipadronidelmondo.jpg","keywords":["Humanismo y Espiritualidad","opiniones","Silo"],"articleSection":["Contenido Original","Humanismo y Espiritualidad","Opiniones"],"inLanguage":"es"},{"@type":"WebPage","@id":"https:\/\/www.pressenza.com\/es\/2021\/02\/covid-que-hacemos-con-la-crisis\/","url":"https:\/\/www.pressenza.com\/es\/2021\/02\/covid-que-hacemos-con-la-crisis\/","name":"Covid: \u00bfQu\u00e9 hacemos con la crisis?","isPartOf":{"@id":"https:\/\/www.pressenza.com\/es\/#website"},"primaryImageOfPage":{"@id":"https:\/\/www.pressenza.com\/es\/2021\/02\/covid-que-hacemos-con-la-crisis\/#primaryimage"},"image":{"@id":"https:\/\/www.pressenza.com\/es\/2021\/02\/covid-que-hacemos-con-la-crisis\/#primaryimage"},"thumbnailUrl":"https:\/\/www.pressenza.com\/wp-content\/uploads\/2015\/03\/ipadronidelmondo.jpg","datePublished":"2021-02-01T01:18:54+00:00","description":"Desde el principio supimos que est\u00e1bamos en crisis. \u00bfQueremos empezar a pensar seriamente en lo que haremos con la crisis? Al principio de la pandemia","breadcrumb":{"@id":"https:\/\/www.pressenza.com\/es\/2021\/02\/covid-que-hacemos-con-la-crisis\/#breadcrumb"},"inLanguage":"es","potentialAction":[{"@type":"ReadAction","target":["https:\/\/www.pressenza.com\/es\/2021\/02\/covid-que-hacemos-con-la-crisis\/"]}]},{"@type":"ImageObject","inLanguage":"es","@id":"https:\/\/www.pressenza.com\/es\/2021\/02\/covid-que-hacemos-con-la-crisis\/#primaryimage","url":"https:\/\/www.pressenza.com\/wp-content\/uploads\/2015\/03\/ipadronidelmondo.jpg","contentUrl":"https:\/\/www.pressenza.com\/wp-content\/uploads\/2015\/03\/ipadronidelmondo.jpg","width":1600,"height":1049,"caption":"Coronakrise \u2013 und was nun?"},{"@type":"BreadcrumbList","@id":"https:\/\/www.pressenza.com\/es\/2021\/02\/covid-que-hacemos-con-la-crisis\/#breadcrumb","itemListElement":[{"@type":"ListItem","position":1,"name":"Accueil","item":"https:\/\/www.pressenza.com\/es\/"},{"@type":"ListItem","position":2,"name":"Covid: \u00bfQu\u00e9 hacemos con la crisis?"}]},{"@type":"WebSite","@id":"https:\/\/www.pressenza.com\/es\/#website","url":"https:\/\/www.pressenza.com\/es\/","name":"Pressenza","description":"International Press Agency","publisher":{"@id":"https:\/\/www.pressenza.com\/es\/#organization"},"potentialAction":[{"@type":"SearchAction","target":{"@type":"EntryPoint","urlTemplate":"https:\/\/www.pressenza.com\/es\/?s={search_term_string}"},"query-input":{"@type":"PropertyValueSpecification","valueRequired":true,"valueName":"search_term_string"}}],"inLanguage":"es"},{"@type":"Organization","@id":"https:\/\/www.pressenza.com\/es\/#organization","name":"Pressenza","url":"https:\/\/www.pressenza.com\/es\/","logo":{"@type":"ImageObject","inLanguage":"es","@id":"https:\/\/www.pressenza.com\/es\/#\/schema\/logo\/image\/","url":"https:\/\/www.pressenza.com\/wp-content\/uploads\/2022\/10\/pressenza_logo_200x200.jpg","contentUrl":"https:\/\/www.pressenza.com\/wp-content\/uploads\/2022\/10\/pressenza_logo_200x200.jpg","width":200,"height":200,"caption":"Pressenza"},"image":{"@id":"https:\/\/www.pressenza.com\/es\/#\/schema\/logo\/image\/"},"sameAs":["https:\/\/www.facebook.com\/PressenzaItalia","https:\/\/x.com\/PressenzaIPA"]},{"@type":"Person","@id":"https:\/\/www.pressenza.com\/es\/#\/schema\/person\/636f8feb51f63f34e7378d5fcdd1de53","name":"Olivier Turquet","description":"Takes care of writing to tell the reality for about 40 years. He has worked with paper publications, radio and electronic He founded the electronic news agency humanist Good News. He was press secretary to various events such as: the International Humanist, Florence Play, the World March for Peace and Nonviolence. Currently coordinates the Italian team of Pressenza. olivierturquet.wordpress.com","sameAs":["http:\/\/olivierturquet.wordpress.com"],"url":"https:\/\/www.pressenza.com\/es\/author\/olivier-turquet\/"}]}},"place":"","original_article_url":"","_links":{"self":[{"href":"https:\/\/www.pressenza.com\/es\/wp-json\/wp\/v2\/posts\/1289554","targetHints":{"allow":["GET"]}}],"collection":[{"href":"https:\/\/www.pressenza.com\/es\/wp-json\/wp\/v2\/posts"}],"about":[{"href":"https:\/\/www.pressenza.com\/es\/wp-json\/wp\/v2\/types\/post"}],"author":[{"embeddable":true,"href":"https:\/\/www.pressenza.com\/es\/wp-json\/wp\/v2\/users\/10"}],"replies":[{"embeddable":true,"href":"https:\/\/www.pressenza.com\/es\/wp-json\/wp\/v2\/comments?post=1289554"}],"version-history":[{"count":0,"href":"https:\/\/www.pressenza.com\/es\/wp-json\/wp\/v2\/posts\/1289554\/revisions"}],"wp:featuredmedia":[{"embeddable":true,"href":"https:\/\/www.pressenza.com\/es\/wp-json\/wp\/v2\/media\/173874"}],"wp:attachment":[{"href":"https:\/\/www.pressenza.com\/es\/wp-json\/wp\/v2\/media?parent=1289554"}],"wp:term":[{"taxonomy":"category","embeddable":true,"href":"https:\/\/www.pressenza.com\/es\/wp-json\/wp\/v2\/categories?post=1289554"},{"taxonomy":"post_tag","embeddable":true,"href":"https:\/\/www.pressenza.com\/es\/wp-json\/wp\/v2\/tags?post=1289554"}],"curies":[{"name":"wp","href":"https:\/\/api.w.org\/{rel}","templated":true}]}}