{"id":1289530,"date":"2021-02-01T00:08:18","date_gmt":"2021-02-01T00:08:18","guid":{"rendered":"https:\/\/www.pressenza.com\/?p=1289530"},"modified":"2021-02-01T00:08:18","modified_gmt":"2021-02-01T00:08:18","slug":"el-negacionismo-amplia-desafios-cientificos-del-foro-social-mundial","status":"publish","type":"post","link":"https:\/\/www.pressenza.com\/es\/2021\/02\/el-negacionismo-amplia-desafios-cientificos-del-foro-social-mundial\/","title":{"rendered":"El negacionismo ampl\u00eda desaf\u00edos cient\u00edficos del Foro Social Mundial"},"content":{"rendered":"<p><span class=\"meta_origin\">R\u00cdO DE JANEIRO, 29 ene 2021 (IPS)\u00a0<\/span>&#8211; La ciencia tiene la palabra primordial sobre amenazas clim\u00e1ticas, otros temas ambientales y la pandemia, pero se hizo tambi\u00e9n objeto de debates en el Foro Social Mundial, no por s\u00ed misma, sino por su negaci\u00f3n.<span id=\"more-146718\"><\/span><\/p>\n<p>El negacionismo viene de lejos, pero alcanz\u00f3 ahora una dimensi\u00f3n de tragedia ya consumada, con muchas muertes probablemente evitables de la pandemia de covid-19 en pa\u00edses cuyos gobernantes desde\u00f1aron la gravedad de la emergencia sanitaria.<\/p>\n<p>Se trata del \u201crechazo de conceptos b\u00e1sicos, incuestionables y sostenidos por consenso cient\u00edfico\u201d, defini\u00f3 Arline Arcuri, qu\u00edmica e investigadora de la brasile\u00f1a\u00a0<a href=\"https:\/\/www.gov.br\/fundacentro\/pt-br\">Fundaci\u00f3n de Seguridad y Medicina del Trabajo<\/a>\u00a0(Fundacentro), quien coordin\u00f3 la mesa sobre\u00a0<a href=\"https:\/\/www.youtube.com\/watch?v=iIN763Ztajs\">Ciencia y Democracia: negacionismo x legitimidad<\/a>, dentro del\u00a0<a href=\"https:\/\/wsf2021.net\/\">Foro Social Mundial<\/a>\u00a0(FSM).<\/p>\n<p>La 16 edici\u00f3n del FSM se desarrolla en forma virtual desde el d\u00eda 23 y hasta el 31 de enero, justamente cuando cumple 20 a\u00f1os este movimiento planetario de la sociedad civil, bajo el lema \u201cotro mundo es posible\u201d.<\/p>\n<p>La negaci\u00f3n de la ciencia, que ahora gan\u00f3 estatus de \u201cpol\u00edtica p\u00fablica\u201d en Brasil y Estados Unidos, seg\u00fan un participante en el debate, tiene sus precursores m\u00e1s bien en el mundo de los negocios hace siglos.<\/p>\n<p>La historia de los pesticidas y otros productos da\u00f1inos ilustran esa batalla permanente de la ciencia por su validez y legitimidad, seg\u00fan la ponencia de Jos\u00e9 Ram\u00f3n Bertomeu, profesor de Historia de la Ciencia en la\u00a0<a href=\"https:\/\/www.uv.es\/uvweb\/universidad\/es\/universidad-valencia-1285845048380.html\">Universidad de Valencia<\/a>, en Espa\u00f1a. \u00c9l la titul\u00f3 como \u201cVivir en un mundo t\u00f3xico (1800-2000)\u201d.<\/p>\n<p>Las empresas generan \u201cignorancias\u201d o dudas, de manera deliberada, pagando estudios incluso de cient\u00edficos, para mantener sus productos a venta o \u201cretrasar regulaciones\u201d, dijo el experto en toxicolog\u00eda.<\/p>\n<p>Es decir usan el mismo m\u00e9todo cient\u00edfico, basado en la duda, para contradecir la misma ciencia.<\/p>\n<p>Un ejemplo conocido es el caso del tabaco, cuya industria trat\u00f3 de neutralizar las comprobaciones de la relaci\u00f3n entre el acto de fumar y el c\u00e1ncer, record\u00f3 Bertomeu. Un empresario del sector incluso declar\u00f3 \u201cla duda es mi producto\u201d, acot\u00f3.<\/p>\n<p>Los \u201cmercaderes de la duda\u201d trataron o siguen tratando de mantener en el mercado muchos productos o actividades t\u00f3xicas, que afectan la salud humana, el aire, el agua, los alimentos, la miner\u00eda. El petr\u00f3leo tiene muchos estudios en su defensa.<\/p>\n<p>\u201cLa toxicolog\u00eda del plomo ya es conocida hace mucho\u201d, pero su industria trat\u00f3 de retardar su regulaci\u00f3n, produciendo \u201cun envenenamiento colectivo\u201d que hubiera sido posible evitar, lament\u00f3 el investigador. Lo mismo pas\u00f3 con la lluvia \u00e1cida, el amianto o asbesto.<\/p>\n<p>Para mantener las ventas, las empresas lograron postergar las regulaciones oficiales de normas laborales, legislaciones ambientales, reglas de salud p\u00fablica, adem\u00e1s de una justicia reparadora.<\/p>\n<p>Esas maniobras se revelaron en numerosos casos por \u201cel rescate de documentos que comprueban esas pr\u00e1cticas para poner en dudas conocimientos consolidados\u201d, se\u00f1al\u00f3 Bertomeu.<\/p>\n<p>M\u00e1s recientemente es la diana de ofensas supuestamente cient\u00edficas el calentamiento global y la responsabilidad humana como causante, pero en este caso hay un consenso, pr\u00e1cticamente, en la academia, con 97 por ciento de acuerdo en los estudios publicados, observ\u00f3. Pese a ello, en los medios se registra un disenso de 30 a 40 por ciento.<\/p>\n<p>El negacionismo del expresidente Donald Trump, de Estados Unidos, perjudic\u00f3 el combate mundial al cambio clim\u00e1tico en una intensidad no mensurable, pero seguramente grave, ya que se trata del pa\u00eds que m\u00e1s emite gases del efecto invernadero.<\/p>\n<p>Trump anunci\u00f3 en su primer a\u00f1o de gobierno, 2017, el retiro estadounidense del Acuerdo de Paris sobre cambio clim\u00e1tico, firmado en 2015 por 196 Estados y organizaciones regionales con la meta de limitar a dos grados cent\u00edgrados, o preferiblemente 1,5 grados, el calentamiento del planeta en este siglo.<\/p>\n<p>La salida solo se formaliz\u00f3 el 4 de noviembre, un d\u00eda despu\u00e9s de las elecciones en que Trump fue derrotado por Joe Biden, pero los da\u00f1os ya ocurrieron, con la ausencia de la principal potencia mundial en las negociaciones y acciones del clima durante cuatro a\u00f1os.<\/p>\n<p>Uno de los primeros actos de Biden, nuevo presidente desde el 20 de enero, fue firmar el retorno de Estados Unidos al acuerdo clim\u00e1tico, despu\u00e9s que design\u00f3 como su enviado especial para el clima al ex secretario de Estado John Kerry.<\/p>\n<p>El presidente Jair Bolsonaro, otro ejemplo de negacionismo, decidi\u00f3 mantener Brasil en el Acuerdo de Paris, pero su negacionismo del cambio clim\u00e1tico y del ambientalismo se refleja en la reducci\u00f3n de las metas voluntarias que el gobierno anterior hab\u00eda fijado, las posiciones adversas en las negociaciones y en el desmontaje del sistema de protecci\u00f3n y control ambiental del pa\u00eds.<\/p>\n<p>Negacionismo es \u201cherramienta de manipulaci\u00f3n, es negar sin transparencia ni fundamentos\u201d alguna idea o evidencia cient\u00edfica, defini\u00f3 Santiago Mirande, profesor de Derecho en la\u00a0<a href=\"https:\/\/udelar.edu.uy\/portal\/\">Universidad de la Rep\u00fablica Uruguay<\/a>\u00a0y miembro de un grupo de investigaciones sobre los impactos de siembras transg\u00e9nicas y de agroqu\u00edmicos.<\/p>\n<p>\u201cCuando aparecieron los cultivos transg\u00e9nicos y fuimos en contra, las empresas nos acusaron de negacionistas. Luego las posiciones se invirtieron, las empresas niegan los da\u00f1os de los transg\u00e9nicos y agroqu\u00edmicos, sin transparencia\u201d, sostuvo en otro debate, titulado: \u201cNegacionismo, sus implicaciones y alternativas para su enfrentamiento\u201d, el jueves 28.<\/p>\n<p>La manipulaci\u00f3n por parte de las grandes empresas de la agricultura industrial se hace por contratos de confidencialidad que imponen a los cient\u00edficos, para evitar la divulgaci\u00f3n de los riesgos de su negocio, pero tambi\u00e9n por los \u201cescritos fantasmas\u201d, con datos que les interesan en art\u00edculos firmados por cient\u00edficos corrompidos, acot\u00f3.<\/p>\n<p>Esas artima\u00f1as pueden ser denunciadas judicialmente en base a legislaciones nacionales que establecen el principio de la precauci\u00f3n y de la funci\u00f3n social de los contratos, hay mecanismos para cuestionar la confidencialidad y los \u201cfantasmas\u201d, asegur\u00f3.<\/p>\n<p>Para Ricardo Neder, soci\u00f3logo y profesor de la\u00a0<a href=\"https:\/\/www.unb.br\/\">Universidad de Brasilia<\/a>, el negacionismo \u201ccriminal\u201d de Bolsonaro y su gobierno es m\u00e1s grave en relaci\u00f3n a la pandemia.<\/p>\n<p>Adem\u00e1s de no reconocer la gravedad de la covid-19 y recomendar un tratamiento ineficaz con cloroquina (medicamento para la malaria o paludismo) y desparasitantes.<\/p>\n<p>Brasil tambi\u00e9n se opuso a la propuesta de India y Sud\u00e1frica en la Organizaci\u00f3n Mundial de Comercio (OMC) para\u00a0<a href=\"https:\/\/www.ipsnoticias.net\/2020\/12\/la-salud-del-mundo-manos-expertos-comerciales\/\">la suspensi\u00f3n temporal de las patentes de vacunas anticovid<\/a>\u00a0y se asoci\u00f3 a esa posici\u00f3n con los pa\u00edses ricos, contrariando una propia pol\u00edtica al respecto ante crisis sanitarias.<\/p>\n<p>Anular las patentes para fabricar medicamentos en el pa\u00eds fue una medida adoptada por Brasil para tratar enfermos de sida, el s\u00edndrome de inmunodeficiencia adquirida, en d\u00e9cadas pasadas y seria la v\u00eda para que pa\u00edses del Sur en desarrollo dispongan de vacunas anticovid, arguy\u00f3 Neder.<\/p>\n<p>Brasil no dispone siquiera de vacunas para los m\u00e9dicos, enfermeras y otros trabajadores de la salud que asisten a los enfermos de covid y enfrenta dificultades para importarlas o fabricarlas, ya que carece del insumo activo indispensable y que ahora busca importar de China.<\/p>\n<div id=\"related_articles\"><\/div>\n<p>Ciencia es el tema de\u00a0<a href=\"https:\/\/www.facebook.com\/coletivoacidadequequeremos\/\">varios paneles y mesas redondas<\/a>\u00a0que componen la agenda de la actual edici\u00f3n telem\u00e1tica del FSM.<\/p>\n<p>La dedicada a Ciencia, Sociedad y Medio Ambiente reuni\u00f3 10 investigadores y profesores universitarios de Espa\u00f1a, Estados Unidos, Argentina, Marruecos y Congo, para preguntarles: \u00bfEs el capitalismo sostenible?<\/p>\n<p>\u201cNo\u201d, fue la respuesta de consenso. La l\u00f3gica de los tres grandes actores, las corporaciones, el Estado y los ciudadanos, requiere crecimiento econ\u00f3mico y conduce a la insostenibilidad, arguy\u00f3 Kenneth Gould, profesor de sociolog\u00eda del Brooklyn College de\u00a0<a href=\"https:\/\/www.cuny.edu\/\">The City University of New York<\/a>.<\/p>\n<p>Las corporaciones buscan maximizar utilidades, el Estado grava sus ingresos y tiene que legitimarse con los votos de sus electores y ofrecer bienestar social, mientras los ciudadanos necesitan empleos, explic\u00f3.<\/p>\n<p>El capitalismo no es sostenible y la ciencia no puede solucionarlo, a\u00f1adi\u00f3 Ernest Garcia, profesor em\u00e9rito de Sociolog\u00eda Ecol\u00f3gica en la Universidad de Valencia, Espa\u00f1a.<\/p>\n<p>Una salida es que los 2500 millones de ni\u00f1os del mundo empiecen a presionar las instituciones al escuchar que \u201cno tienen futuro\u201d, si todo sigue igual, concluy\u00f3.<\/p>\n","protected":false},"excerpt":{"rendered":"<p>R\u00cdO DE JANEIRO, 29 ene 2021 (IPS)\u00a0&#8211; La ciencia tiene la palabra primordial sobre amenazas clim\u00e1ticas, otros temas ambientales y la pandemia, pero se hizo tambi\u00e9n objeto de debates en el Foro Social Mundial, no por s\u00ed misma, sino por&hellip;<\/p>\n","protected":false},"author":347,"featured_media":1289531,"comment_status":"closed","ping_status":"closed","sticky":false,"template":"","format":"standard","meta":{"footnotes":""},"categories":[78],"tags":[85651,16159,26187,86855],"class_list":["post-1289530","post","type-post","status-publish","format-standard","has-post-thumbnail","hentry","category-medio-ambiente-ecologia","tag-ambientalismo-es","tag-calentamiento-global","tag-donald-trump-es","tag-escate"],"yoast_head":"<!-- This site is optimized with the Yoast SEO plugin v27.1.1 - https:\/\/yoast.com\/product\/yoast-seo-wordpress\/ -->\n<title>El negacionismo ampl\u00eda desaf\u00edos cient\u00edficos del Foro Social Mundial<\/title>\n<meta name=\"description\" content=\"R\u00cdO DE JANEIRO, 29 ene 2021 (IPS)\u00a0- La ciencia tiene la palabra primordial sobre amenazas clim\u00e1ticas, otros temas ambientales y la pandemia, pero se hizo\" \/>\n<meta name=\"robots\" content=\"index, follow, max-snippet:-1, max-image-preview:large, max-video-preview:-1\" \/>\n<link rel=\"canonical\" href=\"https:\/\/www.pressenza.com\/es\/2021\/02\/el-negacionismo-amplia-desafios-cientificos-del-foro-social-mundial\/\" \/>\n<meta property=\"og:locale\" content=\"es_ES\" \/>\n<meta property=\"og:type\" content=\"article\" \/>\n<meta property=\"og:title\" content=\"El negacionismo ampl\u00eda desaf\u00edos cient\u00edficos del Foro Social Mundial\" \/>\n<meta property=\"og:description\" content=\"R\u00cdO DE JANEIRO, 29 ene 2021 (IPS)\u00a0- La ciencia tiene la palabra primordial sobre amenazas clim\u00e1ticas, otros temas ambientales y la pandemia, pero se hizo\" \/>\n<meta property=\"og:url\" content=\"https:\/\/www.pressenza.com\/es\/2021\/02\/el-negacionismo-amplia-desafios-cientificos-del-foro-social-mundial\/\" \/>\n<meta property=\"og:site_name\" content=\"Pressenza\" \/>\n<meta property=\"article:publisher\" content=\"https:\/\/www.facebook.com\/PressenzaItalia\" \/>\n<meta property=\"article:author\" content=\"http:\/\/www.facebook.com\/ipsnoticias\" \/>\n<meta property=\"article:published_time\" content=\"2021-02-01T00:08:18+00:00\" \/>\n<meta property=\"og:image\" content=\"https:\/\/www.pressenza.com\/wp-content\/uploads\/2021\/02\/FSM-clima3.jpg\" \/>\n\t<meta property=\"og:image:width\" content=\"800\" \/>\n\t<meta property=\"og:image:height\" content=\"676\" \/>\n\t<meta property=\"og:image:type\" content=\"image\/jpeg\" \/>\n<meta name=\"author\" content=\"Inter Press Service\" \/>\n<meta name=\"twitter:card\" content=\"summary_large_image\" \/>\n<meta name=\"twitter:creator\" content=\"@ipsnoticias\" \/>\n<meta name=\"twitter:site\" content=\"@PressenzaIPA\" \/>\n<meta name=\"twitter:label1\" content=\"Escrito por\" \/>\n\t<meta name=\"twitter:data1\" content=\"Inter Press Service\" \/>\n\t<meta name=\"twitter:label2\" content=\"Tiempo de lectura\" \/>\n\t<meta name=\"twitter:data2\" content=\"7 minutos\" \/>\n<script type=\"application\/ld+json\" class=\"yoast-schema-graph\">{\"@context\":\"https:\/\/schema.org\",\"@graph\":[{\"@type\":\"Article\",\"@id\":\"https:\/\/www.pressenza.com\/es\/2021\/02\/el-negacionismo-amplia-desafios-cientificos-del-foro-social-mundial\/#article\",\"isPartOf\":{\"@id\":\"https:\/\/www.pressenza.com\/es\/2021\/02\/el-negacionismo-amplia-desafios-cientificos-del-foro-social-mundial\/\"},\"author\":{\"name\":\"Inter Press Service\",\"@id\":\"https:\/\/www.pressenza.com\/es\/#\/schema\/person\/7467f88f6765c239bdd52f3c432de81a\"},\"headline\":\"El negacionismo ampl\u00eda desaf\u00edos cient\u00edficos del Foro Social Mundial\",\"datePublished\":\"2021-02-01T00:08:18+00:00\",\"mainEntityOfPage\":{\"@id\":\"https:\/\/www.pressenza.com\/es\/2021\/02\/el-negacionismo-amplia-desafios-cientificos-del-foro-social-mundial\/\"},\"wordCount\":1394,\"publisher\":{\"@id\":\"https:\/\/www.pressenza.com\/es\/#organization\"},\"image\":{\"@id\":\"https:\/\/www.pressenza.com\/es\/2021\/02\/el-negacionismo-amplia-desafios-cientificos-del-foro-social-mundial\/#primaryimage\"},\"thumbnailUrl\":\"https:\/\/www.pressenza.com\/wp-content\/uploads\/2021\/02\/FSM-clima3.jpg\",\"keywords\":[\"ambientalismo\",\"calentamiento global\",\"Donald Trump\",\"escate\"],\"articleSection\":[\"Ecolog\u00eda y Medio Ambiente\"],\"inLanguage\":\"es\"},{\"@type\":\"WebPage\",\"@id\":\"https:\/\/www.pressenza.com\/es\/2021\/02\/el-negacionismo-amplia-desafios-cientificos-del-foro-social-mundial\/\",\"url\":\"https:\/\/www.pressenza.com\/es\/2021\/02\/el-negacionismo-amplia-desafios-cientificos-del-foro-social-mundial\/\",\"name\":\"El negacionismo ampl\u00eda desaf\u00edos cient\u00edficos del Foro Social Mundial\",\"isPartOf\":{\"@id\":\"https:\/\/www.pressenza.com\/es\/#website\"},\"primaryImageOfPage\":{\"@id\":\"https:\/\/www.pressenza.com\/es\/2021\/02\/el-negacionismo-amplia-desafios-cientificos-del-foro-social-mundial\/#primaryimage\"},\"image\":{\"@id\":\"https:\/\/www.pressenza.com\/es\/2021\/02\/el-negacionismo-amplia-desafios-cientificos-del-foro-social-mundial\/#primaryimage\"},\"thumbnailUrl\":\"https:\/\/www.pressenza.com\/wp-content\/uploads\/2021\/02\/FSM-clima3.jpg\",\"datePublished\":\"2021-02-01T00:08:18+00:00\",\"description\":\"R\u00cdO DE JANEIRO, 29 ene 2021 (IPS)\u00a0- La ciencia tiene la palabra primordial sobre amenazas clim\u00e1ticas, otros temas ambientales y la pandemia, pero se hizo\",\"breadcrumb\":{\"@id\":\"https:\/\/www.pressenza.com\/es\/2021\/02\/el-negacionismo-amplia-desafios-cientificos-del-foro-social-mundial\/#breadcrumb\"},\"inLanguage\":\"es\",\"potentialAction\":[{\"@type\":\"ReadAction\",\"target\":[\"https:\/\/www.pressenza.com\/es\/2021\/02\/el-negacionismo-amplia-desafios-cientificos-del-foro-social-mundial\/\"]}]},{\"@type\":\"ImageObject\",\"inLanguage\":\"es\",\"@id\":\"https:\/\/www.pressenza.com\/es\/2021\/02\/el-negacionismo-amplia-desafios-cientificos-del-foro-social-mundial\/#primaryimage\",\"url\":\"https:\/\/www.pressenza.com\/wp-content\/uploads\/2021\/02\/FSM-clima3.jpg\",\"contentUrl\":\"https:\/\/www.pressenza.com\/wp-content\/uploads\/2021\/02\/FSM-clima3.jpg\",\"width\":800,\"height\":676},{\"@type\":\"BreadcrumbList\",\"@id\":\"https:\/\/www.pressenza.com\/es\/2021\/02\/el-negacionismo-amplia-desafios-cientificos-del-foro-social-mundial\/#breadcrumb\",\"itemListElement\":[{\"@type\":\"ListItem\",\"position\":1,\"name\":\"Accueil\",\"item\":\"https:\/\/www.pressenza.com\/es\/\"},{\"@type\":\"ListItem\",\"position\":2,\"name\":\"El negacionismo ampl\u00eda desaf\u00edos cient\u00edficos del Foro Social Mundial\"}]},{\"@type\":\"WebSite\",\"@id\":\"https:\/\/www.pressenza.com\/es\/#website\",\"url\":\"https:\/\/www.pressenza.com\/es\/\",\"name\":\"Pressenza\",\"description\":\"International Press Agency\",\"publisher\":{\"@id\":\"https:\/\/www.pressenza.com\/es\/#organization\"},\"potentialAction\":[{\"@type\":\"SearchAction\",\"target\":{\"@type\":\"EntryPoint\",\"urlTemplate\":\"https:\/\/www.pressenza.com\/es\/?s={search_term_string}\"},\"query-input\":{\"@type\":\"PropertyValueSpecification\",\"valueRequired\":true,\"valueName\":\"search_term_string\"}}],\"inLanguage\":\"es\"},{\"@type\":\"Organization\",\"@id\":\"https:\/\/www.pressenza.com\/es\/#organization\",\"name\":\"Pressenza\",\"url\":\"https:\/\/www.pressenza.com\/es\/\",\"logo\":{\"@type\":\"ImageObject\",\"inLanguage\":\"es\",\"@id\":\"https:\/\/www.pressenza.com\/es\/#\/schema\/logo\/image\/\",\"url\":\"https:\/\/www.pressenza.com\/wp-content\/uploads\/2022\/10\/pressenza_logo_200x200.jpg\",\"contentUrl\":\"https:\/\/www.pressenza.com\/wp-content\/uploads\/2022\/10\/pressenza_logo_200x200.jpg\",\"width\":200,\"height\":200,\"caption\":\"Pressenza\"},\"image\":{\"@id\":\"https:\/\/www.pressenza.com\/es\/#\/schema\/logo\/image\/\"},\"sameAs\":[\"https:\/\/www.facebook.com\/PressenzaItalia\",\"https:\/\/x.com\/PressenzaIPA\"]},{\"@type\":\"Person\",\"@id\":\"https:\/\/www.pressenza.com\/es\/#\/schema\/person\/7467f88f6765c239bdd52f3c432de81a\",\"name\":\"Inter Press Service\",\"description\":\"IPS is an international communications institution at the heart of a global news agency that amplifies the voices of the South and civil society on development, globalisation, human rights and the environment. www.ipsnews.net\",\"sameAs\":[\"http:\/\/www.facebook.com\/ipsnoticias\",\"https:\/\/x.com\/ipsnoticias\"],\"url\":\"https:\/\/www.pressenza.com\/es\/author\/ips-inter-press-service\/\"}]}<\/script>\n<!-- \/ Yoast SEO plugin. -->","yoast_head_json":{"title":"El negacionismo ampl\u00eda desaf\u00edos cient\u00edficos del Foro Social Mundial","description":"R\u00cdO DE JANEIRO, 29 ene 2021 (IPS)\u00a0- La ciencia tiene la palabra primordial sobre amenazas clim\u00e1ticas, otros temas ambientales y la pandemia, pero se hizo","robots":{"index":"index","follow":"follow","max-snippet":"max-snippet:-1","max-image-preview":"max-image-preview:large","max-video-preview":"max-video-preview:-1"},"canonical":"https:\/\/www.pressenza.com\/es\/2021\/02\/el-negacionismo-amplia-desafios-cientificos-del-foro-social-mundial\/","og_locale":"es_ES","og_type":"article","og_title":"El negacionismo ampl\u00eda desaf\u00edos cient\u00edficos del Foro Social Mundial","og_description":"R\u00cdO DE JANEIRO, 29 ene 2021 (IPS)\u00a0- La ciencia tiene la palabra primordial sobre amenazas clim\u00e1ticas, otros temas ambientales y la pandemia, pero se hizo","og_url":"https:\/\/www.pressenza.com\/es\/2021\/02\/el-negacionismo-amplia-desafios-cientificos-del-foro-social-mundial\/","og_site_name":"Pressenza","article_publisher":"https:\/\/www.facebook.com\/PressenzaItalia","article_author":"http:\/\/www.facebook.com\/ipsnoticias","article_published_time":"2021-02-01T00:08:18+00:00","og_image":[{"width":800,"height":676,"url":"https:\/\/www.pressenza.com\/wp-content\/uploads\/2021\/02\/FSM-clima3.jpg","type":"image\/jpeg"}],"author":"Inter Press Service","twitter_card":"summary_large_image","twitter_creator":"@ipsnoticias","twitter_site":"@PressenzaIPA","twitter_misc":{"Escrito por":"Inter Press Service","Tiempo de lectura":"7 minutos"},"schema":{"@context":"https:\/\/schema.org","@graph":[{"@type":"Article","@id":"https:\/\/www.pressenza.com\/es\/2021\/02\/el-negacionismo-amplia-desafios-cientificos-del-foro-social-mundial\/#article","isPartOf":{"@id":"https:\/\/www.pressenza.com\/es\/2021\/02\/el-negacionismo-amplia-desafios-cientificos-del-foro-social-mundial\/"},"author":{"name":"Inter Press Service","@id":"https:\/\/www.pressenza.com\/es\/#\/schema\/person\/7467f88f6765c239bdd52f3c432de81a"},"headline":"El negacionismo ampl\u00eda desaf\u00edos cient\u00edficos del Foro Social Mundial","datePublished":"2021-02-01T00:08:18+00:00","mainEntityOfPage":{"@id":"https:\/\/www.pressenza.com\/es\/2021\/02\/el-negacionismo-amplia-desafios-cientificos-del-foro-social-mundial\/"},"wordCount":1394,"publisher":{"@id":"https:\/\/www.pressenza.com\/es\/#organization"},"image":{"@id":"https:\/\/www.pressenza.com\/es\/2021\/02\/el-negacionismo-amplia-desafios-cientificos-del-foro-social-mundial\/#primaryimage"},"thumbnailUrl":"https:\/\/www.pressenza.com\/wp-content\/uploads\/2021\/02\/FSM-clima3.jpg","keywords":["ambientalismo","calentamiento global","Donald Trump","escate"],"articleSection":["Ecolog\u00eda y Medio Ambiente"],"inLanguage":"es"},{"@type":"WebPage","@id":"https:\/\/www.pressenza.com\/es\/2021\/02\/el-negacionismo-amplia-desafios-cientificos-del-foro-social-mundial\/","url":"https:\/\/www.pressenza.com\/es\/2021\/02\/el-negacionismo-amplia-desafios-cientificos-del-foro-social-mundial\/","name":"El negacionismo ampl\u00eda desaf\u00edos cient\u00edficos del Foro Social Mundial","isPartOf":{"@id":"https:\/\/www.pressenza.com\/es\/#website"},"primaryImageOfPage":{"@id":"https:\/\/www.pressenza.com\/es\/2021\/02\/el-negacionismo-amplia-desafios-cientificos-del-foro-social-mundial\/#primaryimage"},"image":{"@id":"https:\/\/www.pressenza.com\/es\/2021\/02\/el-negacionismo-amplia-desafios-cientificos-del-foro-social-mundial\/#primaryimage"},"thumbnailUrl":"https:\/\/www.pressenza.com\/wp-content\/uploads\/2021\/02\/FSM-clima3.jpg","datePublished":"2021-02-01T00:08:18+00:00","description":"R\u00cdO DE JANEIRO, 29 ene 2021 (IPS)\u00a0- La ciencia tiene la palabra primordial sobre amenazas clim\u00e1ticas, otros temas ambientales y la pandemia, pero se hizo","breadcrumb":{"@id":"https:\/\/www.pressenza.com\/es\/2021\/02\/el-negacionismo-amplia-desafios-cientificos-del-foro-social-mundial\/#breadcrumb"},"inLanguage":"es","potentialAction":[{"@type":"ReadAction","target":["https:\/\/www.pressenza.com\/es\/2021\/02\/el-negacionismo-amplia-desafios-cientificos-del-foro-social-mundial\/"]}]},{"@type":"ImageObject","inLanguage":"es","@id":"https:\/\/www.pressenza.com\/es\/2021\/02\/el-negacionismo-amplia-desafios-cientificos-del-foro-social-mundial\/#primaryimage","url":"https:\/\/www.pressenza.com\/wp-content\/uploads\/2021\/02\/FSM-clima3.jpg","contentUrl":"https:\/\/www.pressenza.com\/wp-content\/uploads\/2021\/02\/FSM-clima3.jpg","width":800,"height":676},{"@type":"BreadcrumbList","@id":"https:\/\/www.pressenza.com\/es\/2021\/02\/el-negacionismo-amplia-desafios-cientificos-del-foro-social-mundial\/#breadcrumb","itemListElement":[{"@type":"ListItem","position":1,"name":"Accueil","item":"https:\/\/www.pressenza.com\/es\/"},{"@type":"ListItem","position":2,"name":"El negacionismo ampl\u00eda desaf\u00edos cient\u00edficos del Foro Social Mundial"}]},{"@type":"WebSite","@id":"https:\/\/www.pressenza.com\/es\/#website","url":"https:\/\/www.pressenza.com\/es\/","name":"Pressenza","description":"International Press Agency","publisher":{"@id":"https:\/\/www.pressenza.com\/es\/#organization"},"potentialAction":[{"@type":"SearchAction","target":{"@type":"EntryPoint","urlTemplate":"https:\/\/www.pressenza.com\/es\/?s={search_term_string}"},"query-input":{"@type":"PropertyValueSpecification","valueRequired":true,"valueName":"search_term_string"}}],"inLanguage":"es"},{"@type":"Organization","@id":"https:\/\/www.pressenza.com\/es\/#organization","name":"Pressenza","url":"https:\/\/www.pressenza.com\/es\/","logo":{"@type":"ImageObject","inLanguage":"es","@id":"https:\/\/www.pressenza.com\/es\/#\/schema\/logo\/image\/","url":"https:\/\/www.pressenza.com\/wp-content\/uploads\/2022\/10\/pressenza_logo_200x200.jpg","contentUrl":"https:\/\/www.pressenza.com\/wp-content\/uploads\/2022\/10\/pressenza_logo_200x200.jpg","width":200,"height":200,"caption":"Pressenza"},"image":{"@id":"https:\/\/www.pressenza.com\/es\/#\/schema\/logo\/image\/"},"sameAs":["https:\/\/www.facebook.com\/PressenzaItalia","https:\/\/x.com\/PressenzaIPA"]},{"@type":"Person","@id":"https:\/\/www.pressenza.com\/es\/#\/schema\/person\/7467f88f6765c239bdd52f3c432de81a","name":"Inter Press Service","description":"IPS is an international communications institution at the heart of a global news agency that amplifies the voices of the South and civil society on development, globalisation, human rights and the environment. www.ipsnews.net","sameAs":["http:\/\/www.facebook.com\/ipsnoticias","https:\/\/x.com\/ipsnoticias"],"url":"https:\/\/www.pressenza.com\/es\/author\/ips-inter-press-service\/"}]}},"place":"","original_article_url":"http:\/\/www.ipsnoticias.net\/2021\/01\/negacionismo-amplia-desafios-cientificos-del-foro-social-mundial\/","_links":{"self":[{"href":"https:\/\/www.pressenza.com\/es\/wp-json\/wp\/v2\/posts\/1289530","targetHints":{"allow":["GET"]}}],"collection":[{"href":"https:\/\/www.pressenza.com\/es\/wp-json\/wp\/v2\/posts"}],"about":[{"href":"https:\/\/www.pressenza.com\/es\/wp-json\/wp\/v2\/types\/post"}],"author":[{"embeddable":true,"href":"https:\/\/www.pressenza.com\/es\/wp-json\/wp\/v2\/users\/347"}],"replies":[{"embeddable":true,"href":"https:\/\/www.pressenza.com\/es\/wp-json\/wp\/v2\/comments?post=1289530"}],"version-history":[{"count":0,"href":"https:\/\/www.pressenza.com\/es\/wp-json\/wp\/v2\/posts\/1289530\/revisions"}],"wp:featuredmedia":[{"embeddable":true,"href":"https:\/\/www.pressenza.com\/es\/wp-json\/wp\/v2\/media\/1289531"}],"wp:attachment":[{"href":"https:\/\/www.pressenza.com\/es\/wp-json\/wp\/v2\/media?parent=1289530"}],"wp:term":[{"taxonomy":"category","embeddable":true,"href":"https:\/\/www.pressenza.com\/es\/wp-json\/wp\/v2\/categories?post=1289530"},{"taxonomy":"post_tag","embeddable":true,"href":"https:\/\/www.pressenza.com\/es\/wp-json\/wp\/v2\/tags?post=1289530"}],"curies":[{"name":"wp","href":"https:\/\/api.w.org\/{rel}","templated":true}]}}