{"id":1289494,"date":"2021-02-01T00:35:41","date_gmt":"2021-02-01T00:35:41","guid":{"rendered":"https:\/\/www.pressenza.com\/?p=1289494"},"modified":"2021-02-01T00:35:41","modified_gmt":"2021-02-01T00:35:41","slug":"alvaro-caballeros-el-panorama-de-las-caravanas-y-la-migracion-en-centroamerica-es-complejo","status":"publish","type":"post","link":"https:\/\/www.pressenza.com\/es\/2021\/02\/alvaro-caballeros-el-panorama-de-las-caravanas-y-la-migracion-en-centroamerica-es-complejo\/","title":{"rendered":"\u00c1lvaro Caballeros: \u00abEl panorama de las caravanas y la migraci\u00f3n en Centroam\u00e9rica es complejo\u00bb"},"content":{"rendered":"<p><b><span style=\"font-weight: 400;\">En <a href=\"https:\/\/www.pressenza.com\/es\/2021\/01\/cuatro-elementos-del-28-10-2020-paz-en-yemen-y-migraciones-en-centroamerica\/\">Cuatro Elementos del jueves 28 de enero de 2021<\/a> nos fuimos a Centroam\u00e9rica para mirar los procesos de migraci\u00f3n y movilidad humana que tienen lugar en la regi\u00f3n, y en concreto nos quedamos en Guatemala. Y lo hicimos de la mano de <\/span>\u00c1lvaro Caballeros, soci\u00f3logo, coordinador del \u00e1rea Migraciones y Pueblos Ind\u00edgenas en el Instituto de Estudios Inter\u00e9tnicos de la Universidad San Carlos de Guatemala.<\/b><\/p>\n<p>&nbsp;<\/p>\n<!--[if lt IE 9]><script>document.createElement('audio');<\/script><![endif]-->\n<audio class=\"wp-audio-shortcode\" id=\"audio-1289494-1\" preload=\"none\" style=\"width: 100%;\" controls=\"controls\"><source type=\"audio\/mpeg\" src=\"https:\/\/ar.ivoox.com\/es\/alvaro-caballeros-complejo-panorama-las_md_64694269_wp_1.mp3?_=1\" \/><a href=\"https:\/\/ar.ivoox.com\/es\/alvaro-caballeros-complejo-panorama-las_md_64694269_wp_1.mp3\">https:\/\/ar.ivoox.com\/es\/alvaro-caballeros-complejo-panorama-las_md_64694269_wp_1.mp3<\/a><\/audio>\n<p><a title=\"\u00c1lvaro Caballeros y el complejo panorama de las caravanas y de la migraci\u00f3n en Centroam\u00e9rica\" href=\"https:\/\/go.ivoox.com\/rf\/64694269\">Ir a descargar<\/a><\/p>\n<p><b>\u00c1lvaro, cu\u00e9ntanos qu\u00e9 est\u00e1 pasando en Guatemala en estas primeras semanas del a\u00f1o, si hay caravanas en marcha y cu\u00e1l es la situaci\u00f3n ahora en este tema de migraci\u00f3n desde Guatemala y hacia Guatemala.<\/b><\/p>\n<p><span style=\"font-weight: 400;\">Guatemala, dada su posici\u00f3n geogr\u00e1fica forma parte del corredor m\u00e1s grande y peligroso del mundo, el corredor del norte de M\u00e9xico hacia Estados Unidos, este es un corredor muy importante por el cual definitivamente tienen que transitar miles de migrantes que provienen de otros pa\u00edses de Centro Am\u00e9rica y de otras latitudes. Dada su posici\u00f3n geogr\u00e1fica ha sido testigo de alguna manera de los diferentes contextos que se han dado en la migraci\u00f3n internacional que, desde los a\u00f1os 90 hasta la actualidad, han tenido diferentes intensidades, diferentes caracter\u00edsticas y, adem\u00e1s, han generado ciertas dificultades problem\u00e1ticas para los sujetos inmigrantes.\u00a0<\/span><\/p>\n<p><span style=\"font-weight: 400;\">Desde el a\u00f1o 2018, asistimos a una nueva forma de movilidad humana que sorprendi\u00f3 al mundo y sorprendi\u00f3 a las autoridades de los pa\u00edses miembros de esta regi\u00f3n, as\u00ed como a los pa\u00edses del corredor migratorio como M\u00e9xico y Estados Unidos, estamos hablando de las caravanas. La primera surge en octubre de 2018 y se han realizado, desde entonces hasta la actualidad, por lo menos unas 8, pero estas han tenido diferentes impactos y resultados. Las primeras caravanas de alguna manera despertaron mucho asombro, generaron muchas reacciones de solidaridad, fue realmente algo lindo ver c\u00f3mo la gente se sensibilizaba con este proceso y con las personas; respond\u00eda favorablemente al paso de las caravanas. Pero en cuesti\u00f3n de meses realmente cambi\u00f3 bastante la actitud y esta pas\u00f3 de ser solidaria a una actitud de hostilidad.\u00a0<\/span><\/p>\n<p><span style=\"font-weight: 400;\">Las caravanas son una nueva forma de migrar de manera colectiva, siempre en forma irregular vali\u00e9ndose de mecanismos propios, vali\u00e9ndose de la fuerza del grupo para poder trascender las fronteras. A principios de este a\u00f1o, vimos una nueva caravana de hondure\u00f1os y hondure\u00f1as aproximadamente conformadas por unas 6.000 a 8.000 personas que trataron de entrar al territorio guatemalteco, pero que, tanto esta como la anterior de noviembre del a\u00f1o 2020, fueron contenidas por las fuerzas de seguridad del Estado de Guatemala.<\/span><\/p>\n<p><b>\u00c1lvaro te vamos a pedir si nos puedes confirmar la siguiente noticia: al parecer el gobierno guatemalteco habr\u00eda sacado al ej\u00e9rcito y a la polic\u00eda a patrullar al menos frente a un centro que acoge inmigrantes hondure\u00f1os en su camino a Estados Unidos. \u00bfNos puedes confirmar esto y a que puede llevar este tipo de pol\u00edtica con el gobierno de Guatemala?<\/b><\/p>\n<p><span style=\"font-weight: 400;\">Yo creo que la reacci\u00f3n del gobierno de Guatemala de alguna manera tambi\u00e9n se corresponde con una serie de reacciones que surgen de las primeras caravanas, creo que se trata de un conglomerado de personas que responden o han respondido a diferentes contextos.<\/span><\/p>\n<p><span style=\"font-weight: 400;\">Efectivamente es cierto, y me gustar\u00eda considerar como hip\u00f3tesis que las caravanas de alguna manera tambi\u00e9n han sido instrumentalizadas y me gustar\u00eda comentar tambi\u00e9n que de los resultados obtenidos de esas caravanas est\u00e1n el discurso recargado del entonces presidente Donald Trump, la gesti\u00f3n de miles de millones de d\u00f3lares, acelerar la construcci\u00f3n del muro y, algo que es muy especial y muy importante, haber llevado algunos acuerdos con los gobiernos de la regi\u00f3n en una categor\u00eda que se llama <\/span><i><span style=\"font-weight: 400;\">tercer pa\u00eds seguro.<\/span><\/i><span style=\"font-weight: 400;\"> Este acuerdo implica una serie de elementos a partir de los cuales se aborda la respuesta de las fuerzas de gobierno de seguridad del gobierno guatemalteco en torno a la contenci\u00f3n de estas caravanas.\u00a0<\/span><\/p>\n<p><span style=\"font-weight: 400;\">Efectivamente es cierta esa noticia porque el objetivo precisamente es tratar de garantizar de alguna manera que estas caravanas retornen a sus pa\u00edses de origen, tanto por una raz\u00f3n de seguridad, por una raz\u00f3n de soberan\u00eda y tambi\u00e9n por una raz\u00f3n de bioseguridad, en el entendido del contexto provocado por la pandemia de covid-19, que tambi\u00e9n se constituye en un riesgo para que estas caravanas sigan avanzando hacia una regi\u00f3n donde probablemente tambi\u00e9n iban a ser rechazados. Estas son situaciones que de alguna manera complejizan el panorama acerca de las caravanas.\u00a0<\/span><\/p>\n<p><b>Has dicho que la primera caravana de este a\u00f1o, mayoritariamente de gente de Honduras, ha sido de al menos 6.000 personas, estamos hablando de una masa de gente, por decirlo as\u00ed, \u00bfC\u00f3mo es la log\u00edstica de 6.000 personas avanzando cientos de kil\u00f3metros, qui\u00e9nes los apoyan, c\u00f3mo es el tema de la comida? No s\u00e9 si has podido ac\u00e9rcate a alguna de ellas y saber c\u00f3mo son.<\/b><\/p>\n<p><span style=\"font-weight: 400;\">Este es uno de los elementos que generan bastante suspicacia a muchos sectores del gobierno\u2026 Uno, est\u00e1 atr\u00e1s de las convocatorias de estas caravanas, se dice, a trav\u00e9s de las redes sociales, se difunde la informaci\u00f3n, se establece un punto de concentraci\u00f3n, una fecha de salida y luego se define la ruta. Luego est\u00e1 la parte de autofinanciamiento de la caravana, es decir que cada una de las personas que la conformaran tienen que velar por sus propios medios para resolver sus necesidades de alimentaci\u00f3n, eventualmente transporte, aunque regularmente tambi\u00e9n se suben a los camiones, algunos buses les dan avent\u00f3n, etc. Es una caracter\u00edstica, el autofinanciamiento de una colectividad y, por supuesto, en el camino van buscando los apoyos de las poblaciones guatemaltecas cuando est\u00e1n transitando por este territorio; algunas organizaciones dan ayuda como la Iglesia cat\u00f3lica, organizaciones humanitarias, etc. y tratan de apoyarles en lo b\u00e1sico.<\/span><\/p>\n<p><span style=\"font-weight: 400;\">Esa es una caracter\u00edstica de esas caravanas, se trata de cantidades importantes formadas por familias completas, a veces 1 o 2 miembros de la familia, personas de la tercera edad, ni\u00f1os, ni\u00f1as, a veces personas discapacitadas con problemas de salud, es la configuraci\u00f3n de una colectividad que, por sus caracter\u00edsticas, se enfrenta a un alto grado de vulnerabilidad. Se amerita que haya una comisi\u00f3n de protocolos que garanticen la atenci\u00f3n humanitaria y el enfoque de los derechos humanos.<\/span><\/p>\n<p><b>\u00c1lvaro, t\u00fa antes hac\u00edas referencia al muro de Donald Trump, la verdad es que las pol\u00edticas migratorias han sido muy da\u00f1inas. El nuevo gobierno de Estados Unidos anunci\u00f3 que va a deshacer de alguna forma esto. Desde la perspectiva que t\u00fa trabajas \u00bfQu\u00e9 has visto el a\u00f1o pasado y c\u00f3mo vislumbran este, teniendo en cuenta justamente los da\u00f1os o la tendencia provocada por las pol\u00edticas de Trump?<\/b><\/p>\n<p><span style=\"font-weight: 400;\">Yo creo que hay otro factor adem\u00e1s de este que tiene que ver con la vulnerabilidad de los pa\u00edses de la regi\u00f3n ante el cambio clim\u00e1tico, adem\u00e1s de la crisis econ\u00f3mica provocada por la pandemia de la Covid-19, son factores que van a mantenerse y van a provocar diferentes intentos de migraci\u00f3n, ya sea en caravanas o de manera individual o a menor escala, porque tambi\u00e9n hay una migraci\u00f3n que es masiva pero no colectiva. Lo masivo lo vemos tambi\u00e9n en las cifras de retorno que anualmente se presentan en los pa\u00edses de la regi\u00f3n, estamos hablando de m\u00e1s de 100 mil personas retornadas de Estados Unidos y M\u00e9xico.<\/span><\/p>\n<p><span style=\"font-weight: 400;\">Todo este contexto abierto con la llegada de un gobierno dem\u00f3crata al pa\u00eds, abre un escenario interesante en el cual muchas personas consideran que ahora s\u00ed pueden migrar. Aun as\u00ed hay que aclarar que no es tan as\u00ed, existe una clara pol\u00edtica exterior de Estados Unidos entorno a la migraci\u00f3n irregular que no cambia si se trata de un gobierno republicano o dem\u00f3crata, esa es una caracter\u00edstica que nosotros hemos visto.<\/span><\/p>\n<p><span style=\"font-weight: 400;\">Durante el gobierno de Barack Obama hubo mucho m\u00e1s retornos a los pa\u00edses de la regi\u00f3n que durante el gobierno de Donald Trump, pero el cambio de gobierno de alguna manera abre posibilidades para que algunas acciones ejecutivas que fueron canceladas por el gobierno de Donald Trump que ten\u00edan cierto \u00e9nfasis para las poblaciones centroamericanas sean retomadas.\u00a0<\/span><\/p>\n<p><span style=\"font-weight: 400;\">Estamos hablando, por ejemplo, de un programa que se llama <\/span><i><span style=\"font-weight: 400;\">Central American Minors<\/span><\/i><span style=\"font-weight: 400;\"> que mandata la no deportaci\u00f3n inmediata de ni\u00f1os, ni\u00f1as y adolescentes provenientes de Guatemala, El Salvador y Honduras. Y lo del muro es algo que no se inicia con Trump, sino que es una ley que se aprob\u00f3 en Estados Unidos en 2006 y que se ha estado ampliando.\u00a0<\/span><\/p>\n<p><span style=\"font-weight: 400;\">Ahora la suspensi\u00f3n creo que manda un mensaje acerca de las nuevas estrategias que el gobierno de Estados Unidos va a estar implementando para atender estos procesos de migraci\u00f3n. Esto enlaza con lo que dije al principio de que se van a centrar en tratar de resolver los problemas que provocan estos tres pa\u00edses de Centroam\u00e9rica, es decir atacar de alguna manera los factores expulsores asociados a la falta de oportunidades y generar algunas iniciativas para mejorar las condiciones de vida en el \u00e1mbito rural &#8211; las migraciones en Guatemala tienen un rostro ind\u00edgena y de mujeres y ni\u00f1os &#8211; as\u00ed como tambi\u00e9n fortalecer las capacidades de los Estados para que los gobiernos inviertan m\u00e1s claramente sus recursos en educaci\u00f3n, salud, vivienda y se faciliten procesos de transparencia que afectan la posibilidad de que el Estado garantice estos servicios para la ciudadan\u00eda; por lo menos esos tres pa\u00edses que son los que tienen la tasa m\u00e1s alta de migraci\u00f3n en los \u00faltimos tiempos.<\/span><\/p>\n<p>&nbsp;<\/p>\n","protected":false},"excerpt":{"rendered":"<p>En Cuatro Elementos del jueves 28 de enero de 2021 nos fuimos a Centroam\u00e9rica para mirar los procesos de migraci\u00f3n y movilidad humana que tienen lugar en la regi\u00f3n, y en concreto nos quedamos en Guatemala. Y lo hicimos de&hellip;<\/p>\n","protected":false},"author":1011,"featured_media":1289495,"comment_status":"closed","ping_status":"closed","sticky":false,"template":"","format":"standard","meta":{"footnotes":""},"categories":[69,11389,79,155,54574,22754],"tags":[70731,86858,1265,51138,23943,69785,441,26187,54016,1828,4341,1321,1014,86856,54175,86857,28555,16372,40752,22210],"class_list":["post-1289494","post","type-post","status-publish","format-standard","has-post-thumbnail","hentry","category-america-central","category-contenido-original","category-derechos-humanos","category-entrevistas","category-migrantes-es","category-radio-es","tag-4-elementos","tag-alvaro-caballeros","tag-cambio-climatico","tag-caravana-de-migrantes","tag-centroamerica","tag-cuatro-elementos","tag-derechos-humanos","tag-donald-trump-es","tag-estados-unidos-es","tag-guatemala-es","tag-honduras-es","tag-mexico","tag-migraciones","tag-migraciones-climaticas","tag-migrantes-es","tag-migrantes-climaticos","tag-obama","tag-pichincha-universal","tag-pressenza-internacional","tag-pueblos-originarios"],"yoast_head":"<!-- This site is optimized with the Yoast SEO plugin v27.1.1 - https:\/\/yoast.com\/product\/yoast-seo-wordpress\/ -->\n<title>\u00c1lvaro Caballeros: &quot;El panorama de las caravanas y la migraci\u00f3n en Centroam\u00e9rica es complejo&quot;<\/title>\n<meta name=\"description\" content=\"En Cuatro Elementos del jueves 28 de enero de 2021 nos fuimos a Centroam\u00e9rica para mirar los procesos de migraci\u00f3n y movilidad humana que tienen lugar en\" \/>\n<meta name=\"robots\" content=\"index, follow, max-snippet:-1, max-image-preview:large, max-video-preview:-1\" \/>\n<link rel=\"canonical\" href=\"https:\/\/www.pressenza.com\/es\/2021\/02\/alvaro-caballeros-el-panorama-de-las-caravanas-y-la-migracion-en-centroamerica-es-complejo\/\" \/>\n<meta property=\"og:locale\" content=\"es_ES\" \/>\n<meta property=\"og:type\" content=\"article\" \/>\n<meta property=\"og:title\" content=\"\u00c1lvaro Caballeros: &quot;El panorama de las caravanas y la migraci\u00f3n en Centroam\u00e9rica es complejo&quot;\" \/>\n<meta property=\"og:description\" content=\"En Cuatro Elementos del jueves 28 de enero de 2021 nos fuimos a Centroam\u00e9rica para mirar los procesos de migraci\u00f3n y movilidad humana que tienen lugar en\" \/>\n<meta property=\"og:url\" content=\"https:\/\/www.pressenza.com\/es\/2021\/02\/alvaro-caballeros-el-panorama-de-las-caravanas-y-la-migracion-en-centroamerica-es-complejo\/\" \/>\n<meta property=\"og:site_name\" content=\"Pressenza\" \/>\n<meta property=\"article:publisher\" content=\"https:\/\/www.facebook.com\/PressenzaItalia\" \/>\n<meta property=\"article:published_time\" content=\"2021-02-01T00:35:41+00:00\" \/>\n<meta property=\"og:image\" content=\"https:\/\/www.pressenza.com\/wp-content\/uploads\/2021\/01\/ALVARO-CABALLEROS.png\" \/>\n\t<meta property=\"og:image:width\" content=\"750\" \/>\n\t<meta property=\"og:image:height\" content=\"415\" \/>\n\t<meta property=\"og:image:type\" content=\"image\/png\" \/>\n<meta name=\"author\" content=\"Redacci\u00f3n Ecuador\" \/>\n<meta name=\"twitter:card\" content=\"summary_large_image\" \/>\n<meta name=\"twitter:creator\" content=\"@PressenzaIPA\" \/>\n<meta name=\"twitter:site\" content=\"@PressenzaIPA\" \/>\n<meta name=\"twitter:label1\" content=\"Escrito por\" \/>\n\t<meta name=\"twitter:data1\" content=\"Redacci\u00f3n Ecuador\" \/>\n\t<meta name=\"twitter:label2\" content=\"Tiempo de lectura\" \/>\n\t<meta name=\"twitter:data2\" content=\"8 minutos\" \/>\n<script type=\"application\/ld+json\" class=\"yoast-schema-graph\">{\"@context\":\"https:\/\/schema.org\",\"@graph\":[{\"@type\":\"Article\",\"@id\":\"https:\/\/www.pressenza.com\/es\/2021\/02\/alvaro-caballeros-el-panorama-de-las-caravanas-y-la-migracion-en-centroamerica-es-complejo\/#article\",\"isPartOf\":{\"@id\":\"https:\/\/www.pressenza.com\/es\/2021\/02\/alvaro-caballeros-el-panorama-de-las-caravanas-y-la-migracion-en-centroamerica-es-complejo\/\"},\"author\":{\"name\":\"Redacci\u00f3n Ecuador\",\"@id\":\"https:\/\/www.pressenza.com\/es\/#\/schema\/person\/883a735c40665759bcc6fe0c26bcb46f\"},\"headline\":\"\u00c1lvaro Caballeros: \u00abEl panorama de las caravanas y la migraci\u00f3n en Centroam\u00e9rica es complejo\u00bb\",\"datePublished\":\"2021-02-01T00:35:41+00:00\",\"mainEntityOfPage\":{\"@id\":\"https:\/\/www.pressenza.com\/es\/2021\/02\/alvaro-caballeros-el-panorama-de-las-caravanas-y-la-migracion-en-centroamerica-es-complejo\/\"},\"wordCount\":1702,\"publisher\":{\"@id\":\"https:\/\/www.pressenza.com\/es\/#organization\"},\"image\":{\"@id\":\"https:\/\/www.pressenza.com\/es\/2021\/02\/alvaro-caballeros-el-panorama-de-las-caravanas-y-la-migracion-en-centroamerica-es-complejo\/#primaryimage\"},\"thumbnailUrl\":\"https:\/\/www.pressenza.com\/wp-content\/uploads\/2021\/01\/ALVARO-CABALLEROS.png\",\"keywords\":[\"4 Elementos\",\"\u00c1lvaro Caballeros\",\"cambio clim\u00e1tico\",\"caravana de migrantes\",\"Centroam\u00e9rica\",\"Cuatro Elementos\",\"Derechos humanos\",\"Donald Trump\",\"Estados Unidos\",\"Guatemala\",\"Honduras\",\"M\u00e9xico\",\"migraciones\",\"migraciones clim\u00e1ticas\",\"migrantes\",\"migrantes clim\u00e1ticos\",\"Obama\",\"Pichincha Universal\",\"Pressenza Internacional\",\"Pueblos Originarios\"],\"articleSection\":[\"Am\u00e9rica Central\",\"Contenido Original\",\"Derechos Humanos\",\"Entrevistas\",\"Migrantes\",\"Radio\"],\"inLanguage\":\"es\"},{\"@type\":\"WebPage\",\"@id\":\"https:\/\/www.pressenza.com\/es\/2021\/02\/alvaro-caballeros-el-panorama-de-las-caravanas-y-la-migracion-en-centroamerica-es-complejo\/\",\"url\":\"https:\/\/www.pressenza.com\/es\/2021\/02\/alvaro-caballeros-el-panorama-de-las-caravanas-y-la-migracion-en-centroamerica-es-complejo\/\",\"name\":\"\u00c1lvaro Caballeros: \\\"El panorama de las caravanas y la migraci\u00f3n en Centroam\u00e9rica es complejo\\\"\",\"isPartOf\":{\"@id\":\"https:\/\/www.pressenza.com\/es\/#website\"},\"primaryImageOfPage\":{\"@id\":\"https:\/\/www.pressenza.com\/es\/2021\/02\/alvaro-caballeros-el-panorama-de-las-caravanas-y-la-migracion-en-centroamerica-es-complejo\/#primaryimage\"},\"image\":{\"@id\":\"https:\/\/www.pressenza.com\/es\/2021\/02\/alvaro-caballeros-el-panorama-de-las-caravanas-y-la-migracion-en-centroamerica-es-complejo\/#primaryimage\"},\"thumbnailUrl\":\"https:\/\/www.pressenza.com\/wp-content\/uploads\/2021\/01\/ALVARO-CABALLEROS.png\",\"datePublished\":\"2021-02-01T00:35:41+00:00\",\"description\":\"En Cuatro Elementos del jueves 28 de enero de 2021 nos fuimos a Centroam\u00e9rica para mirar los procesos de migraci\u00f3n y movilidad humana que tienen lugar en\",\"breadcrumb\":{\"@id\":\"https:\/\/www.pressenza.com\/es\/2021\/02\/alvaro-caballeros-el-panorama-de-las-caravanas-y-la-migracion-en-centroamerica-es-complejo\/#breadcrumb\"},\"inLanguage\":\"es\",\"potentialAction\":[{\"@type\":\"ReadAction\",\"target\":[\"https:\/\/www.pressenza.com\/es\/2021\/02\/alvaro-caballeros-el-panorama-de-las-caravanas-y-la-migracion-en-centroamerica-es-complejo\/\"]}]},{\"@type\":\"ImageObject\",\"inLanguage\":\"es\",\"@id\":\"https:\/\/www.pressenza.com\/es\/2021\/02\/alvaro-caballeros-el-panorama-de-las-caravanas-y-la-migracion-en-centroamerica-es-complejo\/#primaryimage\",\"url\":\"https:\/\/www.pressenza.com\/wp-content\/uploads\/2021\/01\/ALVARO-CABALLEROS.png\",\"contentUrl\":\"https:\/\/www.pressenza.com\/wp-content\/uploads\/2021\/01\/ALVARO-CABALLEROS.png\",\"width\":750,\"height\":415,\"caption\":\"ALVARO CABALLEROS Guatemala migraciones en Centroam\u00e9rica\"},{\"@type\":\"BreadcrumbList\",\"@id\":\"https:\/\/www.pressenza.com\/es\/2021\/02\/alvaro-caballeros-el-panorama-de-las-caravanas-y-la-migracion-en-centroamerica-es-complejo\/#breadcrumb\",\"itemListElement\":[{\"@type\":\"ListItem\",\"position\":1,\"name\":\"Accueil\",\"item\":\"https:\/\/www.pressenza.com\/es\/\"},{\"@type\":\"ListItem\",\"position\":2,\"name\":\"\u00c1lvaro Caballeros: \u00abEl panorama de las caravanas y la migraci\u00f3n en Centroam\u00e9rica es complejo\u00bb\"}]},{\"@type\":\"WebSite\",\"@id\":\"https:\/\/www.pressenza.com\/es\/#website\",\"url\":\"https:\/\/www.pressenza.com\/es\/\",\"name\":\"Pressenza\",\"description\":\"International Press Agency\",\"publisher\":{\"@id\":\"https:\/\/www.pressenza.com\/es\/#organization\"},\"potentialAction\":[{\"@type\":\"SearchAction\",\"target\":{\"@type\":\"EntryPoint\",\"urlTemplate\":\"https:\/\/www.pressenza.com\/es\/?s={search_term_string}\"},\"query-input\":{\"@type\":\"PropertyValueSpecification\",\"valueRequired\":true,\"valueName\":\"search_term_string\"}}],\"inLanguage\":\"es\"},{\"@type\":\"Organization\",\"@id\":\"https:\/\/www.pressenza.com\/es\/#organization\",\"name\":\"Pressenza\",\"url\":\"https:\/\/www.pressenza.com\/es\/\",\"logo\":{\"@type\":\"ImageObject\",\"inLanguage\":\"es\",\"@id\":\"https:\/\/www.pressenza.com\/es\/#\/schema\/logo\/image\/\",\"url\":\"https:\/\/www.pressenza.com\/wp-content\/uploads\/2022\/10\/pressenza_logo_200x200.jpg\",\"contentUrl\":\"https:\/\/www.pressenza.com\/wp-content\/uploads\/2022\/10\/pressenza_logo_200x200.jpg\",\"width\":200,\"height\":200,\"caption\":\"Pressenza\"},\"image\":{\"@id\":\"https:\/\/www.pressenza.com\/es\/#\/schema\/logo\/image\/\"},\"sameAs\":[\"https:\/\/www.facebook.com\/PressenzaItalia\",\"https:\/\/x.com\/PressenzaIPA\"]},{\"@type\":\"Person\",\"@id\":\"https:\/\/www.pressenza.com\/es\/#\/schema\/person\/883a735c40665759bcc6fe0c26bcb46f\",\"name\":\"Redacci\u00f3n Ecuador\",\"description\":\"News published by the Pressenza bureau in Quito, Ecuador\",\"url\":\"https:\/\/www.pressenza.com\/es\/author\/redaccion-ecuador\/\"}]}<\/script>\n<!-- \/ Yoast SEO plugin. -->","yoast_head_json":{"title":"\u00c1lvaro Caballeros: \"El panorama de las caravanas y la migraci\u00f3n en Centroam\u00e9rica es complejo\"","description":"En Cuatro Elementos del jueves 28 de enero de 2021 nos fuimos a Centroam\u00e9rica para mirar los procesos de migraci\u00f3n y movilidad humana que tienen lugar en","robots":{"index":"index","follow":"follow","max-snippet":"max-snippet:-1","max-image-preview":"max-image-preview:large","max-video-preview":"max-video-preview:-1"},"canonical":"https:\/\/www.pressenza.com\/es\/2021\/02\/alvaro-caballeros-el-panorama-de-las-caravanas-y-la-migracion-en-centroamerica-es-complejo\/","og_locale":"es_ES","og_type":"article","og_title":"\u00c1lvaro Caballeros: \"El panorama de las caravanas y la migraci\u00f3n en Centroam\u00e9rica es complejo\"","og_description":"En Cuatro Elementos del jueves 28 de enero de 2021 nos fuimos a Centroam\u00e9rica para mirar los procesos de migraci\u00f3n y movilidad humana que tienen lugar en","og_url":"https:\/\/www.pressenza.com\/es\/2021\/02\/alvaro-caballeros-el-panorama-de-las-caravanas-y-la-migracion-en-centroamerica-es-complejo\/","og_site_name":"Pressenza","article_publisher":"https:\/\/www.facebook.com\/PressenzaItalia","article_published_time":"2021-02-01T00:35:41+00:00","og_image":[{"width":750,"height":415,"url":"https:\/\/www.pressenza.com\/wp-content\/uploads\/2021\/01\/ALVARO-CABALLEROS.png","type":"image\/png"}],"author":"Redacci\u00f3n Ecuador","twitter_card":"summary_large_image","twitter_creator":"@PressenzaIPA","twitter_site":"@PressenzaIPA","twitter_misc":{"Escrito por":"Redacci\u00f3n Ecuador","Tiempo de lectura":"8 minutos"},"schema":{"@context":"https:\/\/schema.org","@graph":[{"@type":"Article","@id":"https:\/\/www.pressenza.com\/es\/2021\/02\/alvaro-caballeros-el-panorama-de-las-caravanas-y-la-migracion-en-centroamerica-es-complejo\/#article","isPartOf":{"@id":"https:\/\/www.pressenza.com\/es\/2021\/02\/alvaro-caballeros-el-panorama-de-las-caravanas-y-la-migracion-en-centroamerica-es-complejo\/"},"author":{"name":"Redacci\u00f3n Ecuador","@id":"https:\/\/www.pressenza.com\/es\/#\/schema\/person\/883a735c40665759bcc6fe0c26bcb46f"},"headline":"\u00c1lvaro Caballeros: \u00abEl panorama de las caravanas y la migraci\u00f3n en Centroam\u00e9rica es complejo\u00bb","datePublished":"2021-02-01T00:35:41+00:00","mainEntityOfPage":{"@id":"https:\/\/www.pressenza.com\/es\/2021\/02\/alvaro-caballeros-el-panorama-de-las-caravanas-y-la-migracion-en-centroamerica-es-complejo\/"},"wordCount":1702,"publisher":{"@id":"https:\/\/www.pressenza.com\/es\/#organization"},"image":{"@id":"https:\/\/www.pressenza.com\/es\/2021\/02\/alvaro-caballeros-el-panorama-de-las-caravanas-y-la-migracion-en-centroamerica-es-complejo\/#primaryimage"},"thumbnailUrl":"https:\/\/www.pressenza.com\/wp-content\/uploads\/2021\/01\/ALVARO-CABALLEROS.png","keywords":["4 Elementos","\u00c1lvaro Caballeros","cambio clim\u00e1tico","caravana de migrantes","Centroam\u00e9rica","Cuatro Elementos","Derechos humanos","Donald Trump","Estados Unidos","Guatemala","Honduras","M\u00e9xico","migraciones","migraciones clim\u00e1ticas","migrantes","migrantes clim\u00e1ticos","Obama","Pichincha Universal","Pressenza Internacional","Pueblos Originarios"],"articleSection":["Am\u00e9rica Central","Contenido Original","Derechos Humanos","Entrevistas","Migrantes","Radio"],"inLanguage":"es"},{"@type":"WebPage","@id":"https:\/\/www.pressenza.com\/es\/2021\/02\/alvaro-caballeros-el-panorama-de-las-caravanas-y-la-migracion-en-centroamerica-es-complejo\/","url":"https:\/\/www.pressenza.com\/es\/2021\/02\/alvaro-caballeros-el-panorama-de-las-caravanas-y-la-migracion-en-centroamerica-es-complejo\/","name":"\u00c1lvaro Caballeros: \"El panorama de las caravanas y la migraci\u00f3n en Centroam\u00e9rica es complejo\"","isPartOf":{"@id":"https:\/\/www.pressenza.com\/es\/#website"},"primaryImageOfPage":{"@id":"https:\/\/www.pressenza.com\/es\/2021\/02\/alvaro-caballeros-el-panorama-de-las-caravanas-y-la-migracion-en-centroamerica-es-complejo\/#primaryimage"},"image":{"@id":"https:\/\/www.pressenza.com\/es\/2021\/02\/alvaro-caballeros-el-panorama-de-las-caravanas-y-la-migracion-en-centroamerica-es-complejo\/#primaryimage"},"thumbnailUrl":"https:\/\/www.pressenza.com\/wp-content\/uploads\/2021\/01\/ALVARO-CABALLEROS.png","datePublished":"2021-02-01T00:35:41+00:00","description":"En Cuatro Elementos del jueves 28 de enero de 2021 nos fuimos a Centroam\u00e9rica para mirar los procesos de migraci\u00f3n y movilidad humana que tienen lugar en","breadcrumb":{"@id":"https:\/\/www.pressenza.com\/es\/2021\/02\/alvaro-caballeros-el-panorama-de-las-caravanas-y-la-migracion-en-centroamerica-es-complejo\/#breadcrumb"},"inLanguage":"es","potentialAction":[{"@type":"ReadAction","target":["https:\/\/www.pressenza.com\/es\/2021\/02\/alvaro-caballeros-el-panorama-de-las-caravanas-y-la-migracion-en-centroamerica-es-complejo\/"]}]},{"@type":"ImageObject","inLanguage":"es","@id":"https:\/\/www.pressenza.com\/es\/2021\/02\/alvaro-caballeros-el-panorama-de-las-caravanas-y-la-migracion-en-centroamerica-es-complejo\/#primaryimage","url":"https:\/\/www.pressenza.com\/wp-content\/uploads\/2021\/01\/ALVARO-CABALLEROS.png","contentUrl":"https:\/\/www.pressenza.com\/wp-content\/uploads\/2021\/01\/ALVARO-CABALLEROS.png","width":750,"height":415,"caption":"ALVARO CABALLEROS Guatemala migraciones en Centroam\u00e9rica"},{"@type":"BreadcrumbList","@id":"https:\/\/www.pressenza.com\/es\/2021\/02\/alvaro-caballeros-el-panorama-de-las-caravanas-y-la-migracion-en-centroamerica-es-complejo\/#breadcrumb","itemListElement":[{"@type":"ListItem","position":1,"name":"Accueil","item":"https:\/\/www.pressenza.com\/es\/"},{"@type":"ListItem","position":2,"name":"\u00c1lvaro Caballeros: \u00abEl panorama de las caravanas y la migraci\u00f3n en Centroam\u00e9rica es complejo\u00bb"}]},{"@type":"WebSite","@id":"https:\/\/www.pressenza.com\/es\/#website","url":"https:\/\/www.pressenza.com\/es\/","name":"Pressenza","description":"International Press Agency","publisher":{"@id":"https:\/\/www.pressenza.com\/es\/#organization"},"potentialAction":[{"@type":"SearchAction","target":{"@type":"EntryPoint","urlTemplate":"https:\/\/www.pressenza.com\/es\/?s={search_term_string}"},"query-input":{"@type":"PropertyValueSpecification","valueRequired":true,"valueName":"search_term_string"}}],"inLanguage":"es"},{"@type":"Organization","@id":"https:\/\/www.pressenza.com\/es\/#organization","name":"Pressenza","url":"https:\/\/www.pressenza.com\/es\/","logo":{"@type":"ImageObject","inLanguage":"es","@id":"https:\/\/www.pressenza.com\/es\/#\/schema\/logo\/image\/","url":"https:\/\/www.pressenza.com\/wp-content\/uploads\/2022\/10\/pressenza_logo_200x200.jpg","contentUrl":"https:\/\/www.pressenza.com\/wp-content\/uploads\/2022\/10\/pressenza_logo_200x200.jpg","width":200,"height":200,"caption":"Pressenza"},"image":{"@id":"https:\/\/www.pressenza.com\/es\/#\/schema\/logo\/image\/"},"sameAs":["https:\/\/www.facebook.com\/PressenzaItalia","https:\/\/x.com\/PressenzaIPA"]},{"@type":"Person","@id":"https:\/\/www.pressenza.com\/es\/#\/schema\/person\/883a735c40665759bcc6fe0c26bcb46f","name":"Redacci\u00f3n Ecuador","description":"News published by the Pressenza bureau in Quito, Ecuador","url":"https:\/\/www.pressenza.com\/es\/author\/redaccion-ecuador\/"}]}},"place":"Quito, Nueva York, Ciudad de Guatemala, Espa\u00f1a, Buenos Aires, N\u00e1poles","original_article_url":"","_links":{"self":[{"href":"https:\/\/www.pressenza.com\/es\/wp-json\/wp\/v2\/posts\/1289494","targetHints":{"allow":["GET"]}}],"collection":[{"href":"https:\/\/www.pressenza.com\/es\/wp-json\/wp\/v2\/posts"}],"about":[{"href":"https:\/\/www.pressenza.com\/es\/wp-json\/wp\/v2\/types\/post"}],"author":[{"embeddable":true,"href":"https:\/\/www.pressenza.com\/es\/wp-json\/wp\/v2\/users\/1011"}],"replies":[{"embeddable":true,"href":"https:\/\/www.pressenza.com\/es\/wp-json\/wp\/v2\/comments?post=1289494"}],"version-history":[{"count":0,"href":"https:\/\/www.pressenza.com\/es\/wp-json\/wp\/v2\/posts\/1289494\/revisions"}],"wp:featuredmedia":[{"embeddable":true,"href":"https:\/\/www.pressenza.com\/es\/wp-json\/wp\/v2\/media\/1289495"}],"wp:attachment":[{"href":"https:\/\/www.pressenza.com\/es\/wp-json\/wp\/v2\/media?parent=1289494"}],"wp:term":[{"taxonomy":"category","embeddable":true,"href":"https:\/\/www.pressenza.com\/es\/wp-json\/wp\/v2\/categories?post=1289494"},{"taxonomy":"post_tag","embeddable":true,"href":"https:\/\/www.pressenza.com\/es\/wp-json\/wp\/v2\/tags?post=1289494"}],"curies":[{"name":"wp","href":"https:\/\/api.w.org\/{rel}","templated":true}]}}