{"id":1288765,"date":"2021-01-30T14:46:25","date_gmt":"2021-01-30T14:46:25","guid":{"rendered":"https:\/\/www.pressenza.com\/?p=1288765"},"modified":"2021-01-30T14:46:25","modified_gmt":"2021-01-30T14:46:25","slug":"firman-inedito-convenio-que-garantiza-derecho-a-la-educacion-con-apoyo-de-medios-estatales-en-ensenanza-a-distancia","status":"publish","type":"post","link":"https:\/\/www.pressenza.com\/es\/2021\/01\/firman-inedito-convenio-que-garantiza-derecho-a-la-educacion-con-apoyo-de-medios-estatales-en-ensenanza-a-distancia\/","title":{"rendered":"Firman in\u00e9dito convenio que garantiza derecho a la educaci\u00f3n con apoyo de medios estatales en ense\u00f1anza a distancia"},"content":{"rendered":"<p>El ministro de Educaci\u00f3n, Adri\u00e1n Quelca, la viceministra de Comunicaci\u00f3n, Gabriela Alc\u00f3n, y los directores de los medios de comunicaci\u00f3n estatales firmaron este viernes un hist\u00f3rico e in\u00e9dito convenio, para la implementaci\u00f3n de un sistema de ense\u00f1anza a distancia y la recuperaci\u00f3n del derecho a la educaci\u00f3n en la gesti\u00f3n escolar de este a\u00f1o que comenzar\u00e1 el lunes de la pr\u00f3xima semana.<\/p>\n<p>\u201cEs un convenio sui generis porque es la primera vez que se hace un esfuerzo enorme, grande, para que todos podamos apoyar a nuestros ni\u00f1os, adolescentes y j\u00f3venes en la recuperaci\u00f3n del derecho a la educaci\u00f3n\u201d, dijo Quelca, en un acto transmitido por las redes sociales.<\/p>\n<p>La autoridad gubernamental destac\u00f3 que la teleducaci\u00f3n ser\u00e1 importante para velar por la salud y la vida de los estudiantes en el marco de la pandemia por el COVID-19.<\/p>\n<p>La viceministra de Comunicaci\u00f3n, Gabriela Alc\u00f3n, destac\u00f3 que es la primera vez en la historia nacional que los medios de comunicaci\u00f3n estatales firman un convenio que permitir\u00e1 garantizar que los estudiantes recuperen el derecho a la educaci\u00f3n que les fue arrebatado en el r\u00e9gimen de Jeanine A\u00f1ez.<\/p>\n<p>En ese sentido, explic\u00f3 que la Radio Patria Nueva, las Radios de los pueblos originarios y Bolivia TV habilitar\u00e1n franjas de programaci\u00f3n especiales todos los d\u00edas, durante tres horas, para garantizar que los alumnos de los niveles de primaria y secundaria puedan aprender sus lecciones.<\/p>\n<p>\u201cVamos a publicar los horarios (\u2026) Son medias horas. Son seis franjas de medias horas las que est\u00e1n poniendo en distintos horarios\u201d, enfatiz\u00f3.<\/p>\n<p>El peri\u00f3dico Bolivia y la Agencia Boliviana de Informaci\u00f3n coadyuvar\u00e1n en la difusi\u00f3n de cronogramas y todo tipo de informaci\u00f3n relacionada al programa \u201cEduca Bolivia\u201d, adem\u00e1s de difundir el material proporcionado por el Ministerio de Educaci\u00f3n.<\/p>\n<p>Los contenidos educativos son elaborados por maestros que conformaron un equipo de producci\u00f3n para grabar material pedag\u00f3gico con formatos de radio, televisi\u00f3n y soportes digitales, que ser\u00e1n difundidos por todas las plataformas de los medios de comunicaci\u00f3n estatales, concluy\u00f3 Alc\u00f3n.<\/p>\n","protected":false},"excerpt":{"rendered":"<p>El ministro de Educaci\u00f3n, Adri\u00e1n Quelca, la viceministra de Comunicaci\u00f3n, Gabriela Alc\u00f3n, y los directores de los medios de comunicaci\u00f3n estatales firmaron este viernes un hist\u00f3rico e in\u00e9dito convenio, para la implementaci\u00f3n de un sistema de ense\u00f1anza a distancia y&hellip;<\/p>\n","protected":false},"author":127,"featured_media":1288766,"comment_status":"closed","ping_status":"closed","sticky":false,"template":"","format":"standard","meta":{"footnotes":""},"categories":[1230,67],"tags":[1646,17683,523],"class_list":["post-1288765","post","type-post","status-publish","format-standard","has-post-thumbnail","hentry","category-educacion-tema","category-sudamerica","tag-bolivia","tag-derecho-a-la-educacion","tag-medios-de-comunicacion"],"yoast_head":"<!-- This site is optimized with the Yoast SEO plugin v27.1.1 - https:\/\/yoast.com\/product\/yoast-seo-wordpress\/ -->\n<title>Firman in\u00e9dito convenio que garantiza derecho a la educaci\u00f3n con apoyo de medios estatales en ense\u00f1anza a distancia<\/title>\n<meta name=\"description\" content=\"El ministro de Educaci\u00f3n, Adri\u00e1n Quelca, la viceministra de Comunicaci\u00f3n, Gabriela Alc\u00f3n, y los directores de los medios de comunicaci\u00f3n estatales\" \/>\n<meta name=\"robots\" content=\"index, follow, max-snippet:-1, max-image-preview:large, max-video-preview:-1\" \/>\n<link rel=\"canonical\" href=\"https:\/\/www.pressenza.com\/es\/2021\/01\/firman-inedito-convenio-que-garantiza-derecho-a-la-educacion-con-apoyo-de-medios-estatales-en-ensenanza-a-distancia\/\" \/>\n<meta property=\"og:locale\" content=\"es_ES\" \/>\n<meta property=\"og:type\" content=\"article\" \/>\n<meta property=\"og:title\" content=\"Firman in\u00e9dito convenio que garantiza derecho a la educaci\u00f3n con apoyo de medios estatales en ense\u00f1anza a distancia\" \/>\n<meta property=\"og:description\" content=\"El ministro de Educaci\u00f3n, Adri\u00e1n Quelca, la viceministra de Comunicaci\u00f3n, Gabriela Alc\u00f3n, y los directores de los medios de comunicaci\u00f3n estatales\" \/>\n<meta property=\"og:url\" content=\"https:\/\/www.pressenza.com\/es\/2021\/01\/firman-inedito-convenio-que-garantiza-derecho-a-la-educacion-con-apoyo-de-medios-estatales-en-ensenanza-a-distancia\/\" \/>\n<meta property=\"og:site_name\" content=\"Pressenza\" \/>\n<meta property=\"article:publisher\" content=\"https:\/\/www.facebook.com\/PressenzaItalia\" \/>\n<meta property=\"article:published_time\" content=\"2021-01-30T14:46:25+00:00\" \/>\n<meta property=\"og:image\" content=\"https:\/\/www.pressenza.com\/wp-content\/uploads\/2021\/01\/WhatsApp_Image_2021-01-29_at_20.22.45.jpeg\" \/>\n\t<meta property=\"og:image:width\" content=\"1280\" \/>\n\t<meta property=\"og:image:height\" content=\"853\" \/>\n\t<meta property=\"og:image:type\" content=\"image\/jpeg\" \/>\n<meta name=\"author\" content=\"Agencia Boliviana de Informaci\u00f3n - ABI\" \/>\n<meta name=\"twitter:card\" content=\"summary_large_image\" \/>\n<meta name=\"twitter:creator\" content=\"@mincombolivia\" \/>\n<meta name=\"twitter:site\" content=\"@PressenzaIPA\" \/>\n<meta name=\"twitter:label1\" content=\"Escrito por\" \/>\n\t<meta name=\"twitter:data1\" content=\"Agencia Boliviana de Informaci\u00f3n - ABI\" \/>\n\t<meta name=\"twitter:label2\" content=\"Tiempo de lectura\" \/>\n\t<meta name=\"twitter:data2\" content=\"2 minutos\" \/>\n<script type=\"application\/ld+json\" class=\"yoast-schema-graph\">{\"@context\":\"https:\/\/schema.org\",\"@graph\":[{\"@type\":\"Article\",\"@id\":\"https:\/\/www.pressenza.com\/es\/2021\/01\/firman-inedito-convenio-que-garantiza-derecho-a-la-educacion-con-apoyo-de-medios-estatales-en-ensenanza-a-distancia\/#article\",\"isPartOf\":{\"@id\":\"https:\/\/www.pressenza.com\/es\/2021\/01\/firman-inedito-convenio-que-garantiza-derecho-a-la-educacion-con-apoyo-de-medios-estatales-en-ensenanza-a-distancia\/\"},\"author\":{\"name\":\"Agencia Boliviana de Informaci\u00f3n - ABI\",\"@id\":\"https:\/\/www.pressenza.com\/es\/#\/schema\/person\/3fe2a62cf8f5fea54fc87abcec98dcb4\"},\"headline\":\"Firman in\u00e9dito convenio que garantiza derecho a la educaci\u00f3n con apoyo de medios estatales en ense\u00f1anza a distancia\",\"datePublished\":\"2021-01-30T14:46:25+00:00\",\"mainEntityOfPage\":{\"@id\":\"https:\/\/www.pressenza.com\/es\/2021\/01\/firman-inedito-convenio-que-garantiza-derecho-a-la-educacion-con-apoyo-de-medios-estatales-en-ensenanza-a-distancia\/\"},\"wordCount\":390,\"publisher\":{\"@id\":\"https:\/\/www.pressenza.com\/es\/#organization\"},\"image\":{\"@id\":\"https:\/\/www.pressenza.com\/es\/2021\/01\/firman-inedito-convenio-que-garantiza-derecho-a-la-educacion-con-apoyo-de-medios-estatales-en-ensenanza-a-distancia\/#primaryimage\"},\"thumbnailUrl\":\"https:\/\/www.pressenza.com\/wp-content\/uploads\/2021\/01\/WhatsApp_Image_2021-01-29_at_20.22.45.jpeg\",\"keywords\":[\"Bolivia\",\"Derecho a la educaci\u00f3n\",\"medios de comunicaci\u00f3n\"],\"articleSection\":[\"Educaci\u00f3n\",\"Sudam\u00e9rica\"],\"inLanguage\":\"es\"},{\"@type\":\"WebPage\",\"@id\":\"https:\/\/www.pressenza.com\/es\/2021\/01\/firman-inedito-convenio-que-garantiza-derecho-a-la-educacion-con-apoyo-de-medios-estatales-en-ensenanza-a-distancia\/\",\"url\":\"https:\/\/www.pressenza.com\/es\/2021\/01\/firman-inedito-convenio-que-garantiza-derecho-a-la-educacion-con-apoyo-de-medios-estatales-en-ensenanza-a-distancia\/\",\"name\":\"Firman in\u00e9dito convenio que garantiza derecho a la educaci\u00f3n con apoyo de medios estatales en ense\u00f1anza a distancia\",\"isPartOf\":{\"@id\":\"https:\/\/www.pressenza.com\/es\/#website\"},\"primaryImageOfPage\":{\"@id\":\"https:\/\/www.pressenza.com\/es\/2021\/01\/firman-inedito-convenio-que-garantiza-derecho-a-la-educacion-con-apoyo-de-medios-estatales-en-ensenanza-a-distancia\/#primaryimage\"},\"image\":{\"@id\":\"https:\/\/www.pressenza.com\/es\/2021\/01\/firman-inedito-convenio-que-garantiza-derecho-a-la-educacion-con-apoyo-de-medios-estatales-en-ensenanza-a-distancia\/#primaryimage\"},\"thumbnailUrl\":\"https:\/\/www.pressenza.com\/wp-content\/uploads\/2021\/01\/WhatsApp_Image_2021-01-29_at_20.22.45.jpeg\",\"datePublished\":\"2021-01-30T14:46:25+00:00\",\"description\":\"El ministro de Educaci\u00f3n, Adri\u00e1n Quelca, la viceministra de Comunicaci\u00f3n, Gabriela Alc\u00f3n, y los directores de los medios de comunicaci\u00f3n estatales\",\"breadcrumb\":{\"@id\":\"https:\/\/www.pressenza.com\/es\/2021\/01\/firman-inedito-convenio-que-garantiza-derecho-a-la-educacion-con-apoyo-de-medios-estatales-en-ensenanza-a-distancia\/#breadcrumb\"},\"inLanguage\":\"es\",\"potentialAction\":[{\"@type\":\"ReadAction\",\"target\":[\"https:\/\/www.pressenza.com\/es\/2021\/01\/firman-inedito-convenio-que-garantiza-derecho-a-la-educacion-con-apoyo-de-medios-estatales-en-ensenanza-a-distancia\/\"]}]},{\"@type\":\"ImageObject\",\"inLanguage\":\"es\",\"@id\":\"https:\/\/www.pressenza.com\/es\/2021\/01\/firman-inedito-convenio-que-garantiza-derecho-a-la-educacion-con-apoyo-de-medios-estatales-en-ensenanza-a-distancia\/#primaryimage\",\"url\":\"https:\/\/www.pressenza.com\/wp-content\/uploads\/2021\/01\/WhatsApp_Image_2021-01-29_at_20.22.45.jpeg\",\"contentUrl\":\"https:\/\/www.pressenza.com\/wp-content\/uploads\/2021\/01\/WhatsApp_Image_2021-01-29_at_20.22.45.jpeg\",\"width\":1280,\"height\":853,\"caption\":\"ABI\"},{\"@type\":\"BreadcrumbList\",\"@id\":\"https:\/\/www.pressenza.com\/es\/2021\/01\/firman-inedito-convenio-que-garantiza-derecho-a-la-educacion-con-apoyo-de-medios-estatales-en-ensenanza-a-distancia\/#breadcrumb\",\"itemListElement\":[{\"@type\":\"ListItem\",\"position\":1,\"name\":\"Accueil\",\"item\":\"https:\/\/www.pressenza.com\/es\/\"},{\"@type\":\"ListItem\",\"position\":2,\"name\":\"Firman in\u00e9dito convenio que garantiza derecho a la educaci\u00f3n con apoyo de medios estatales en ense\u00f1anza a distancia\"}]},{\"@type\":\"WebSite\",\"@id\":\"https:\/\/www.pressenza.com\/es\/#website\",\"url\":\"https:\/\/www.pressenza.com\/es\/\",\"name\":\"Pressenza\",\"description\":\"International Press Agency\",\"publisher\":{\"@id\":\"https:\/\/www.pressenza.com\/es\/#organization\"},\"potentialAction\":[{\"@type\":\"SearchAction\",\"target\":{\"@type\":\"EntryPoint\",\"urlTemplate\":\"https:\/\/www.pressenza.com\/es\/?s={search_term_string}\"},\"query-input\":{\"@type\":\"PropertyValueSpecification\",\"valueRequired\":true,\"valueName\":\"search_term_string\"}}],\"inLanguage\":\"es\"},{\"@type\":\"Organization\",\"@id\":\"https:\/\/www.pressenza.com\/es\/#organization\",\"name\":\"Pressenza\",\"url\":\"https:\/\/www.pressenza.com\/es\/\",\"logo\":{\"@type\":\"ImageObject\",\"inLanguage\":\"es\",\"@id\":\"https:\/\/www.pressenza.com\/es\/#\/schema\/logo\/image\/\",\"url\":\"https:\/\/www.pressenza.com\/wp-content\/uploads\/2022\/10\/pressenza_logo_200x200.jpg\",\"contentUrl\":\"https:\/\/www.pressenza.com\/wp-content\/uploads\/2022\/10\/pressenza_logo_200x200.jpg\",\"width\":200,\"height\":200,\"caption\":\"Pressenza\"},\"image\":{\"@id\":\"https:\/\/www.pressenza.com\/es\/#\/schema\/logo\/image\/\"},\"sameAs\":[\"https:\/\/www.facebook.com\/PressenzaItalia\",\"https:\/\/x.com\/PressenzaIPA\"]},{\"@type\":\"Person\",\"@id\":\"https:\/\/www.pressenza.com\/es\/#\/schema\/person\/3fe2a62cf8f5fea54fc87abcec98dcb4\",\"name\":\"Agencia Boliviana de Informaci\u00f3n - ABI\",\"description\":\"www.abi.bo\",\"sameAs\":[\"https:\/\/x.com\/mincombolivia\"],\"url\":\"https:\/\/www.pressenza.com\/es\/author\/agencia-boliviana-de-informacion-abi\/\"}]}<\/script>\n<!-- \/ Yoast SEO plugin. -->","yoast_head_json":{"title":"Firman in\u00e9dito convenio que garantiza derecho a la educaci\u00f3n con apoyo de medios estatales en ense\u00f1anza a distancia","description":"El ministro de Educaci\u00f3n, Adri\u00e1n Quelca, la viceministra de Comunicaci\u00f3n, Gabriela Alc\u00f3n, y los directores de los medios de comunicaci\u00f3n estatales","robots":{"index":"index","follow":"follow","max-snippet":"max-snippet:-1","max-image-preview":"max-image-preview:large","max-video-preview":"max-video-preview:-1"},"canonical":"https:\/\/www.pressenza.com\/es\/2021\/01\/firman-inedito-convenio-que-garantiza-derecho-a-la-educacion-con-apoyo-de-medios-estatales-en-ensenanza-a-distancia\/","og_locale":"es_ES","og_type":"article","og_title":"Firman in\u00e9dito convenio que garantiza derecho a la educaci\u00f3n con apoyo de medios estatales en ense\u00f1anza a distancia","og_description":"El ministro de Educaci\u00f3n, Adri\u00e1n Quelca, la viceministra de Comunicaci\u00f3n, Gabriela Alc\u00f3n, y los directores de los medios de comunicaci\u00f3n estatales","og_url":"https:\/\/www.pressenza.com\/es\/2021\/01\/firman-inedito-convenio-que-garantiza-derecho-a-la-educacion-con-apoyo-de-medios-estatales-en-ensenanza-a-distancia\/","og_site_name":"Pressenza","article_publisher":"https:\/\/www.facebook.com\/PressenzaItalia","article_published_time":"2021-01-30T14:46:25+00:00","og_image":[{"width":1280,"height":853,"url":"https:\/\/www.pressenza.com\/wp-content\/uploads\/2021\/01\/WhatsApp_Image_2021-01-29_at_20.22.45.jpeg","type":"image\/jpeg"}],"author":"Agencia Boliviana de Informaci\u00f3n - ABI","twitter_card":"summary_large_image","twitter_creator":"@mincombolivia","twitter_site":"@PressenzaIPA","twitter_misc":{"Escrito por":"Agencia Boliviana de Informaci\u00f3n - ABI","Tiempo de lectura":"2 minutos"},"schema":{"@context":"https:\/\/schema.org","@graph":[{"@type":"Article","@id":"https:\/\/www.pressenza.com\/es\/2021\/01\/firman-inedito-convenio-que-garantiza-derecho-a-la-educacion-con-apoyo-de-medios-estatales-en-ensenanza-a-distancia\/#article","isPartOf":{"@id":"https:\/\/www.pressenza.com\/es\/2021\/01\/firman-inedito-convenio-que-garantiza-derecho-a-la-educacion-con-apoyo-de-medios-estatales-en-ensenanza-a-distancia\/"},"author":{"name":"Agencia Boliviana de Informaci\u00f3n - ABI","@id":"https:\/\/www.pressenza.com\/es\/#\/schema\/person\/3fe2a62cf8f5fea54fc87abcec98dcb4"},"headline":"Firman in\u00e9dito convenio que garantiza derecho a la educaci\u00f3n con apoyo de medios estatales en ense\u00f1anza a distancia","datePublished":"2021-01-30T14:46:25+00:00","mainEntityOfPage":{"@id":"https:\/\/www.pressenza.com\/es\/2021\/01\/firman-inedito-convenio-que-garantiza-derecho-a-la-educacion-con-apoyo-de-medios-estatales-en-ensenanza-a-distancia\/"},"wordCount":390,"publisher":{"@id":"https:\/\/www.pressenza.com\/es\/#organization"},"image":{"@id":"https:\/\/www.pressenza.com\/es\/2021\/01\/firman-inedito-convenio-que-garantiza-derecho-a-la-educacion-con-apoyo-de-medios-estatales-en-ensenanza-a-distancia\/#primaryimage"},"thumbnailUrl":"https:\/\/www.pressenza.com\/wp-content\/uploads\/2021\/01\/WhatsApp_Image_2021-01-29_at_20.22.45.jpeg","keywords":["Bolivia","Derecho a la educaci\u00f3n","medios de comunicaci\u00f3n"],"articleSection":["Educaci\u00f3n","Sudam\u00e9rica"],"inLanguage":"es"},{"@type":"WebPage","@id":"https:\/\/www.pressenza.com\/es\/2021\/01\/firman-inedito-convenio-que-garantiza-derecho-a-la-educacion-con-apoyo-de-medios-estatales-en-ensenanza-a-distancia\/","url":"https:\/\/www.pressenza.com\/es\/2021\/01\/firman-inedito-convenio-que-garantiza-derecho-a-la-educacion-con-apoyo-de-medios-estatales-en-ensenanza-a-distancia\/","name":"Firman in\u00e9dito convenio que garantiza derecho a la educaci\u00f3n con apoyo de medios estatales en ense\u00f1anza a distancia","isPartOf":{"@id":"https:\/\/www.pressenza.com\/es\/#website"},"primaryImageOfPage":{"@id":"https:\/\/www.pressenza.com\/es\/2021\/01\/firman-inedito-convenio-que-garantiza-derecho-a-la-educacion-con-apoyo-de-medios-estatales-en-ensenanza-a-distancia\/#primaryimage"},"image":{"@id":"https:\/\/www.pressenza.com\/es\/2021\/01\/firman-inedito-convenio-que-garantiza-derecho-a-la-educacion-con-apoyo-de-medios-estatales-en-ensenanza-a-distancia\/#primaryimage"},"thumbnailUrl":"https:\/\/www.pressenza.com\/wp-content\/uploads\/2021\/01\/WhatsApp_Image_2021-01-29_at_20.22.45.jpeg","datePublished":"2021-01-30T14:46:25+00:00","description":"El ministro de Educaci\u00f3n, Adri\u00e1n Quelca, la viceministra de Comunicaci\u00f3n, Gabriela Alc\u00f3n, y los directores de los medios de comunicaci\u00f3n estatales","breadcrumb":{"@id":"https:\/\/www.pressenza.com\/es\/2021\/01\/firman-inedito-convenio-que-garantiza-derecho-a-la-educacion-con-apoyo-de-medios-estatales-en-ensenanza-a-distancia\/#breadcrumb"},"inLanguage":"es","potentialAction":[{"@type":"ReadAction","target":["https:\/\/www.pressenza.com\/es\/2021\/01\/firman-inedito-convenio-que-garantiza-derecho-a-la-educacion-con-apoyo-de-medios-estatales-en-ensenanza-a-distancia\/"]}]},{"@type":"ImageObject","inLanguage":"es","@id":"https:\/\/www.pressenza.com\/es\/2021\/01\/firman-inedito-convenio-que-garantiza-derecho-a-la-educacion-con-apoyo-de-medios-estatales-en-ensenanza-a-distancia\/#primaryimage","url":"https:\/\/www.pressenza.com\/wp-content\/uploads\/2021\/01\/WhatsApp_Image_2021-01-29_at_20.22.45.jpeg","contentUrl":"https:\/\/www.pressenza.com\/wp-content\/uploads\/2021\/01\/WhatsApp_Image_2021-01-29_at_20.22.45.jpeg","width":1280,"height":853,"caption":"ABI"},{"@type":"BreadcrumbList","@id":"https:\/\/www.pressenza.com\/es\/2021\/01\/firman-inedito-convenio-que-garantiza-derecho-a-la-educacion-con-apoyo-de-medios-estatales-en-ensenanza-a-distancia\/#breadcrumb","itemListElement":[{"@type":"ListItem","position":1,"name":"Accueil","item":"https:\/\/www.pressenza.com\/es\/"},{"@type":"ListItem","position":2,"name":"Firman in\u00e9dito convenio que garantiza derecho a la educaci\u00f3n con apoyo de medios estatales en ense\u00f1anza a distancia"}]},{"@type":"WebSite","@id":"https:\/\/www.pressenza.com\/es\/#website","url":"https:\/\/www.pressenza.com\/es\/","name":"Pressenza","description":"International Press Agency","publisher":{"@id":"https:\/\/www.pressenza.com\/es\/#organization"},"potentialAction":[{"@type":"SearchAction","target":{"@type":"EntryPoint","urlTemplate":"https:\/\/www.pressenza.com\/es\/?s={search_term_string}"},"query-input":{"@type":"PropertyValueSpecification","valueRequired":true,"valueName":"search_term_string"}}],"inLanguage":"es"},{"@type":"Organization","@id":"https:\/\/www.pressenza.com\/es\/#organization","name":"Pressenza","url":"https:\/\/www.pressenza.com\/es\/","logo":{"@type":"ImageObject","inLanguage":"es","@id":"https:\/\/www.pressenza.com\/es\/#\/schema\/logo\/image\/","url":"https:\/\/www.pressenza.com\/wp-content\/uploads\/2022\/10\/pressenza_logo_200x200.jpg","contentUrl":"https:\/\/www.pressenza.com\/wp-content\/uploads\/2022\/10\/pressenza_logo_200x200.jpg","width":200,"height":200,"caption":"Pressenza"},"image":{"@id":"https:\/\/www.pressenza.com\/es\/#\/schema\/logo\/image\/"},"sameAs":["https:\/\/www.facebook.com\/PressenzaItalia","https:\/\/x.com\/PressenzaIPA"]},{"@type":"Person","@id":"https:\/\/www.pressenza.com\/es\/#\/schema\/person\/3fe2a62cf8f5fea54fc87abcec98dcb4","name":"Agencia Boliviana de Informaci\u00f3n - ABI","description":"www.abi.bo","sameAs":["https:\/\/x.com\/mincombolivia"],"url":"https:\/\/www.pressenza.com\/es\/author\/agencia-boliviana-de-informacion-abi\/"}]}},"place":"La Paz, Bolivia","original_article_url":"","_links":{"self":[{"href":"https:\/\/www.pressenza.com\/es\/wp-json\/wp\/v2\/posts\/1288765","targetHints":{"allow":["GET"]}}],"collection":[{"href":"https:\/\/www.pressenza.com\/es\/wp-json\/wp\/v2\/posts"}],"about":[{"href":"https:\/\/www.pressenza.com\/es\/wp-json\/wp\/v2\/types\/post"}],"author":[{"embeddable":true,"href":"https:\/\/www.pressenza.com\/es\/wp-json\/wp\/v2\/users\/127"}],"replies":[{"embeddable":true,"href":"https:\/\/www.pressenza.com\/es\/wp-json\/wp\/v2\/comments?post=1288765"}],"version-history":[{"count":0,"href":"https:\/\/www.pressenza.com\/es\/wp-json\/wp\/v2\/posts\/1288765\/revisions"}],"wp:featuredmedia":[{"embeddable":true,"href":"https:\/\/www.pressenza.com\/es\/wp-json\/wp\/v2\/media\/1288766"}],"wp:attachment":[{"href":"https:\/\/www.pressenza.com\/es\/wp-json\/wp\/v2\/media?parent=1288765"}],"wp:term":[{"taxonomy":"category","embeddable":true,"href":"https:\/\/www.pressenza.com\/es\/wp-json\/wp\/v2\/categories?post=1288765"},{"taxonomy":"post_tag","embeddable":true,"href":"https:\/\/www.pressenza.com\/es\/wp-json\/wp\/v2\/tags?post=1288765"}],"curies":[{"name":"wp","href":"https:\/\/api.w.org\/{rel}","templated":true}]}}