{"id":1287874,"date":"2021-01-31T04:06:01","date_gmt":"2021-01-31T04:06:01","guid":{"rendered":"https:\/\/www.pressenza.com\/?p=1287874"},"modified":"2021-01-29T15:04:45","modified_gmt":"2021-01-29T15:04:45","slug":"feliz-desahucio-mejor-corto-en-el-festival-internacional-de-cine-para-la-infancia-y-adolescencia-de-olympia-grecia","status":"publish","type":"post","link":"https:\/\/www.pressenza.com\/es\/2021\/01\/feliz-desahucio-mejor-corto-en-el-festival-internacional-de-cine-para-la-infancia-y-adolescencia-de-olympia-grecia\/","title":{"rendered":"\u00abFeliz desahucio\u00bb, mejor corto en el Festival Internacional de Cine para la Infancia y Adolescencia de Olympia (Grecia)"},"content":{"rendered":"<h5><span style=\"color: #999999;\"><strong>CINE<\/strong><\/span><\/h5>\n<p>&nbsp;<\/p>\n<p>&nbsp;<\/p>\n<p>&nbsp;<\/p>\n<p>&nbsp;<\/p>\n<p>&nbsp;<\/p>\n<p>El cortometraje <em><strong>FELIZ DESAHUCIO. El d\u00eda m\u00e1s feliz de la vida de Daniel<\/strong><\/em>,\u00a0 dirigido por Samuel del Amor y producido por Jose Mar\u00eda Lara, ha ganado el premio al <strong>Mejor Cortometraje<\/strong> en el <strong>Festival Internacional de Cine para la Infancia y Adolescencia<\/strong> que se celebra en la Ciudad griega de Olympia, otorgado por un jurado compuesto por j\u00f3venes de menos de 12 a\u00f1os de edad.<\/p>\n<p>El <strong>Olympia International Film Festival for Children and Young People<\/strong> se celebra desde hace 26 a\u00f1os y es uno de los Festivales m\u00e1s importantes dedicados a la infancia y la juventud que se celebran en Europa. <u><\/u><u><\/u><\/p>\n<p><strong>Feliz Desahucio<\/strong> cuenta en 10 minutos el d\u00eda m\u00e1s feliz de un chaval de 8 a\u00f1os protagonizado por el ni\u00f1o Robert Plugaru, Marta Larralde, Paloma del Sol, Jone Irazabal y Ram\u00f3n Linaza.<u><\/u><u><\/u><\/p>\n<p>Daniel (Robert Plugaru) sabe que le aguarda una fiesta sorpresa en casa al salir del colegio. Al llegar, le est\u00e1n desahuciando, pero cree que es parte de su regalo de cumplea\u00f1os. Y la culminaci\u00f3n de su gran sue\u00f1o: \u00a1por fin se van de acampada!<\/p>\n<p>Enlace al corto en abierto: <a href=\"https:\/\/vimeo.com\/392954199\" target=\"_blank\" rel=\"noopener\" data-saferedirecturl=\"https:\/\/www.google.com\/url?q=https:\/\/vimeo.com\/392954199&amp;source=gmail&amp;ust=1612015316775000&amp;usg=AFQjCNGD3wniRTRFxSWbQ-V_RsC76zQ0eA\"><strong>https:\/\/vimeo.com\/392954199<\/strong><\/a><\/p>\n<p>El director <strong>Samuel del Amor<\/strong> es guionista, escritor y fot\u00f3grafo. Este corto es su primera incursi\u00f3n en la direcci\u00f3n. Felicitaciones por el trabajo y el compromiso social.<\/p>\n","protected":false},"excerpt":{"rendered":"<p>CINE &nbsp; &nbsp; &nbsp; &nbsp; &nbsp; El cortometraje FELIZ DESAHUCIO. El d\u00eda m\u00e1s feliz de la vida de Daniel,\u00a0 dirigido por Samuel del Amor y producido por Jose Mar\u00eda Lara, ha ganado el premio al Mejor Cortometraje en el Festival&hellip;<\/p>\n","protected":false},"author":94,"featured_media":1287925,"comment_status":"closed","ping_status":"closed","sticky":false,"template":"","format":"standard","meta":{"footnotes":""},"categories":[149,75,66],"tags":[75295,86748,13150],"class_list":["post-1287874","post","type-post","status-publish","format-standard","has-post-thumbnail","hentry","category-comunicados-de-prensa","category-cultura-es","category-europa-es","tag-cuaderno-de-cultura","tag-samuel-del-amor","tag-stop-desahucios"],"yoast_head":"<!-- This site is optimized with the Yoast SEO plugin v27.1.1 - https:\/\/yoast.com\/product\/yoast-seo-wordpress\/ -->\n<title>&quot;Feliz desahucio&quot;, mejor corto en el Festival Internacional de Cine para la Infancia y Adolescencia de Olympia (Grecia)<\/title>\n<meta name=\"description\" content=\"CINE &nbsp; &nbsp; &nbsp; &nbsp; &nbsp; El cortometraje FELIZ DESAHUCIO. El d\u00eda m\u00e1s feliz de la vida de Daniel,\u00a0 dirigido por Samuel del Amor y producido\" \/>\n<meta name=\"robots\" content=\"index, follow, max-snippet:-1, max-image-preview:large, max-video-preview:-1\" \/>\n<link rel=\"canonical\" href=\"https:\/\/www.pressenza.com\/es\/2021\/01\/feliz-desahucio-mejor-corto-en-el-festival-internacional-de-cine-para-la-infancia-y-adolescencia-de-olympia-grecia\/\" \/>\n<meta property=\"og:locale\" content=\"es_ES\" \/>\n<meta property=\"og:type\" content=\"article\" \/>\n<meta property=\"og:title\" content=\"&quot;Feliz desahucio&quot;, mejor corto en el Festival Internacional de Cine para la Infancia y Adolescencia de Olympia (Grecia)\" \/>\n<meta property=\"og:description\" content=\"CINE &nbsp; &nbsp; &nbsp; &nbsp; &nbsp; El cortometraje FELIZ DESAHUCIO. El d\u00eda m\u00e1s feliz de la vida de Daniel,\u00a0 dirigido por Samuel del Amor y producido\" \/>\n<meta property=\"og:url\" content=\"https:\/\/www.pressenza.com\/es\/2021\/01\/feliz-desahucio-mejor-corto-en-el-festival-internacional-de-cine-para-la-infancia-y-adolescencia-de-olympia-grecia\/\" \/>\n<meta property=\"og:site_name\" content=\"Pressenza\" \/>\n<meta property=\"article:publisher\" content=\"https:\/\/www.facebook.com\/PressenzaItalia\" \/>\n<meta property=\"article:author\" content=\"https:\/\/www.facebook.com\/pressenza\" \/>\n<meta property=\"article:published_time\" content=\"2021-01-31T04:06:01+00:00\" \/>\n<meta property=\"og:image\" content=\"https:\/\/www.pressenza.com\/wp-content\/uploads\/2021\/01\/X4TI_p-B.jpg\" \/>\n\t<meta property=\"og:image:width\" content=\"636\" \/>\n\t<meta property=\"og:image:height\" content=\"900\" \/>\n\t<meta property=\"og:image:type\" content=\"image\/jpeg\" \/>\n<meta name=\"author\" content=\"Redacci\u00f3n Madrid\" \/>\n<meta name=\"twitter:card\" content=\"summary_large_image\" \/>\n<meta name=\"twitter:creator\" content=\"@pressenza\" \/>\n<meta name=\"twitter:site\" content=\"@PressenzaIPA\" \/>\n<meta name=\"twitter:label1\" content=\"Escrito por\" \/>\n\t<meta name=\"twitter:data1\" content=\"Redacci\u00f3n Madrid\" \/>\n\t<meta name=\"twitter:label2\" content=\"Tiempo de lectura\" \/>\n\t<meta name=\"twitter:data2\" content=\"1 minuto\" \/>\n<script type=\"application\/ld+json\" class=\"yoast-schema-graph\">{\"@context\":\"https:\/\/schema.org\",\"@graph\":[{\"@type\":\"Article\",\"@id\":\"https:\/\/www.pressenza.com\/es\/2021\/01\/feliz-desahucio-mejor-corto-en-el-festival-internacional-de-cine-para-la-infancia-y-adolescencia-de-olympia-grecia\/#article\",\"isPartOf\":{\"@id\":\"https:\/\/www.pressenza.com\/es\/2021\/01\/feliz-desahucio-mejor-corto-en-el-festival-internacional-de-cine-para-la-infancia-y-adolescencia-de-olympia-grecia\/\"},\"author\":{\"name\":\"Redacci\u00f3n Madrid\",\"@id\":\"https:\/\/www.pressenza.com\/es\/#\/schema\/person\/828fc40eeca2ad7be3630e5a46adba94\"},\"headline\":\"\u00abFeliz desahucio\u00bb, mejor corto en el Festival Internacional de Cine para la Infancia y Adolescencia de Olympia (Grecia)\",\"datePublished\":\"2021-01-31T04:06:01+00:00\",\"mainEntityOfPage\":{\"@id\":\"https:\/\/www.pressenza.com\/es\/2021\/01\/feliz-desahucio-mejor-corto-en-el-festival-internacional-de-cine-para-la-infancia-y-adolescencia-de-olympia-grecia\/\"},\"wordCount\":251,\"publisher\":{\"@id\":\"https:\/\/www.pressenza.com\/es\/#organization\"},\"image\":{\"@id\":\"https:\/\/www.pressenza.com\/es\/2021\/01\/feliz-desahucio-mejor-corto-en-el-festival-internacional-de-cine-para-la-infancia-y-adolescencia-de-olympia-grecia\/#primaryimage\"},\"thumbnailUrl\":\"https:\/\/www.pressenza.com\/wp-content\/uploads\/2021\/01\/X4TI_p-B.jpg\",\"keywords\":[\"cuaderno de cultura\",\"Samuel del Amor\",\"Stop desahucios\"],\"articleSection\":[\"Comunicados de Prensa\",\"Cultura y Medios\",\"Europa\"],\"inLanguage\":\"es\"},{\"@type\":\"WebPage\",\"@id\":\"https:\/\/www.pressenza.com\/es\/2021\/01\/feliz-desahucio-mejor-corto-en-el-festival-internacional-de-cine-para-la-infancia-y-adolescencia-de-olympia-grecia\/\",\"url\":\"https:\/\/www.pressenza.com\/es\/2021\/01\/feliz-desahucio-mejor-corto-en-el-festival-internacional-de-cine-para-la-infancia-y-adolescencia-de-olympia-grecia\/\",\"name\":\"\\\"Feliz desahucio\\\", mejor corto en el Festival Internacional de Cine para la Infancia y Adolescencia de Olympia (Grecia)\",\"isPartOf\":{\"@id\":\"https:\/\/www.pressenza.com\/es\/#website\"},\"primaryImageOfPage\":{\"@id\":\"https:\/\/www.pressenza.com\/es\/2021\/01\/feliz-desahucio-mejor-corto-en-el-festival-internacional-de-cine-para-la-infancia-y-adolescencia-de-olympia-grecia\/#primaryimage\"},\"image\":{\"@id\":\"https:\/\/www.pressenza.com\/es\/2021\/01\/feliz-desahucio-mejor-corto-en-el-festival-internacional-de-cine-para-la-infancia-y-adolescencia-de-olympia-grecia\/#primaryimage\"},\"thumbnailUrl\":\"https:\/\/www.pressenza.com\/wp-content\/uploads\/2021\/01\/X4TI_p-B.jpg\",\"datePublished\":\"2021-01-31T04:06:01+00:00\",\"description\":\"CINE &nbsp; &nbsp; &nbsp; &nbsp; &nbsp; El cortometraje FELIZ DESAHUCIO. El d\u00eda m\u00e1s feliz de la vida de Daniel,\u00a0 dirigido por Samuel del Amor y producido\",\"breadcrumb\":{\"@id\":\"https:\/\/www.pressenza.com\/es\/2021\/01\/feliz-desahucio-mejor-corto-en-el-festival-internacional-de-cine-para-la-infancia-y-adolescencia-de-olympia-grecia\/#breadcrumb\"},\"inLanguage\":\"es\",\"potentialAction\":[{\"@type\":\"ReadAction\",\"target\":[\"https:\/\/www.pressenza.com\/es\/2021\/01\/feliz-desahucio-mejor-corto-en-el-festival-internacional-de-cine-para-la-infancia-y-adolescencia-de-olympia-grecia\/\"]}]},{\"@type\":\"ImageObject\",\"inLanguage\":\"es\",\"@id\":\"https:\/\/www.pressenza.com\/es\/2021\/01\/feliz-desahucio-mejor-corto-en-el-festival-internacional-de-cine-para-la-infancia-y-adolescencia-de-olympia-grecia\/#primaryimage\",\"url\":\"https:\/\/www.pressenza.com\/wp-content\/uploads\/2021\/01\/X4TI_p-B.jpg\",\"contentUrl\":\"https:\/\/www.pressenza.com\/wp-content\/uploads\/2021\/01\/X4TI_p-B.jpg\",\"width\":636,\"height\":900},{\"@type\":\"BreadcrumbList\",\"@id\":\"https:\/\/www.pressenza.com\/es\/2021\/01\/feliz-desahucio-mejor-corto-en-el-festival-internacional-de-cine-para-la-infancia-y-adolescencia-de-olympia-grecia\/#breadcrumb\",\"itemListElement\":[{\"@type\":\"ListItem\",\"position\":1,\"name\":\"Accueil\",\"item\":\"https:\/\/www.pressenza.com\/es\/\"},{\"@type\":\"ListItem\",\"position\":2,\"name\":\"\u00abFeliz desahucio\u00bb, mejor corto en el Festival Internacional de Cine para la Infancia y Adolescencia de Olympia (Grecia)\"}]},{\"@type\":\"WebSite\",\"@id\":\"https:\/\/www.pressenza.com\/es\/#website\",\"url\":\"https:\/\/www.pressenza.com\/es\/\",\"name\":\"Pressenza\",\"description\":\"International Press Agency\",\"publisher\":{\"@id\":\"https:\/\/www.pressenza.com\/es\/#organization\"},\"potentialAction\":[{\"@type\":\"SearchAction\",\"target\":{\"@type\":\"EntryPoint\",\"urlTemplate\":\"https:\/\/www.pressenza.com\/es\/?s={search_term_string}\"},\"query-input\":{\"@type\":\"PropertyValueSpecification\",\"valueRequired\":true,\"valueName\":\"search_term_string\"}}],\"inLanguage\":\"es\"},{\"@type\":\"Organization\",\"@id\":\"https:\/\/www.pressenza.com\/es\/#organization\",\"name\":\"Pressenza\",\"url\":\"https:\/\/www.pressenza.com\/es\/\",\"logo\":{\"@type\":\"ImageObject\",\"inLanguage\":\"es\",\"@id\":\"https:\/\/www.pressenza.com\/es\/#\/schema\/logo\/image\/\",\"url\":\"https:\/\/www.pressenza.com\/wp-content\/uploads\/2022\/10\/pressenza_logo_200x200.jpg\",\"contentUrl\":\"https:\/\/www.pressenza.com\/wp-content\/uploads\/2022\/10\/pressenza_logo_200x200.jpg\",\"width\":200,\"height\":200,\"caption\":\"Pressenza\"},\"image\":{\"@id\":\"https:\/\/www.pressenza.com\/es\/#\/schema\/logo\/image\/\"},\"sameAs\":[\"https:\/\/www.facebook.com\/PressenzaItalia\",\"https:\/\/x.com\/PressenzaIPA\"]},{\"@type\":\"Person\",\"@id\":\"https:\/\/www.pressenza.com\/es\/#\/schema\/person\/828fc40eeca2ad7be3630e5a46adba94\",\"name\":\"Redacci\u00f3n Madrid\",\"description\":\"News from the Pressenza Bureau in Madrid, Spain\",\"sameAs\":[\"https:\/\/www.facebook.com\/pressenza\",\"https:\/\/x.com\/pressenza\"],\"url\":\"https:\/\/www.pressenza.com\/es\/author\/redaccion-madrid\/\"}]}<\/script>\n<!-- \/ Yoast SEO plugin. -->","yoast_head_json":{"title":"\"Feliz desahucio\", mejor corto en el Festival Internacional de Cine para la Infancia y Adolescencia de Olympia (Grecia)","description":"CINE &nbsp; &nbsp; &nbsp; &nbsp; &nbsp; El cortometraje FELIZ DESAHUCIO. El d\u00eda m\u00e1s feliz de la vida de Daniel,\u00a0 dirigido por Samuel del Amor y producido","robots":{"index":"index","follow":"follow","max-snippet":"max-snippet:-1","max-image-preview":"max-image-preview:large","max-video-preview":"max-video-preview:-1"},"canonical":"https:\/\/www.pressenza.com\/es\/2021\/01\/feliz-desahucio-mejor-corto-en-el-festival-internacional-de-cine-para-la-infancia-y-adolescencia-de-olympia-grecia\/","og_locale":"es_ES","og_type":"article","og_title":"\"Feliz desahucio\", mejor corto en el Festival Internacional de Cine para la Infancia y Adolescencia de Olympia (Grecia)","og_description":"CINE &nbsp; &nbsp; &nbsp; &nbsp; &nbsp; El cortometraje FELIZ DESAHUCIO. El d\u00eda m\u00e1s feliz de la vida de Daniel,\u00a0 dirigido por Samuel del Amor y producido","og_url":"https:\/\/www.pressenza.com\/es\/2021\/01\/feliz-desahucio-mejor-corto-en-el-festival-internacional-de-cine-para-la-infancia-y-adolescencia-de-olympia-grecia\/","og_site_name":"Pressenza","article_publisher":"https:\/\/www.facebook.com\/PressenzaItalia","article_author":"https:\/\/www.facebook.com\/pressenza","article_published_time":"2021-01-31T04:06:01+00:00","og_image":[{"width":636,"height":900,"url":"https:\/\/www.pressenza.com\/wp-content\/uploads\/2021\/01\/X4TI_p-B.jpg","type":"image\/jpeg"}],"author":"Redacci\u00f3n Madrid","twitter_card":"summary_large_image","twitter_creator":"@pressenza","twitter_site":"@PressenzaIPA","twitter_misc":{"Escrito por":"Redacci\u00f3n Madrid","Tiempo de lectura":"1 minuto"},"schema":{"@context":"https:\/\/schema.org","@graph":[{"@type":"Article","@id":"https:\/\/www.pressenza.com\/es\/2021\/01\/feliz-desahucio-mejor-corto-en-el-festival-internacional-de-cine-para-la-infancia-y-adolescencia-de-olympia-grecia\/#article","isPartOf":{"@id":"https:\/\/www.pressenza.com\/es\/2021\/01\/feliz-desahucio-mejor-corto-en-el-festival-internacional-de-cine-para-la-infancia-y-adolescencia-de-olympia-grecia\/"},"author":{"name":"Redacci\u00f3n Madrid","@id":"https:\/\/www.pressenza.com\/es\/#\/schema\/person\/828fc40eeca2ad7be3630e5a46adba94"},"headline":"\u00abFeliz desahucio\u00bb, mejor corto en el Festival Internacional de Cine para la Infancia y Adolescencia de Olympia (Grecia)","datePublished":"2021-01-31T04:06:01+00:00","mainEntityOfPage":{"@id":"https:\/\/www.pressenza.com\/es\/2021\/01\/feliz-desahucio-mejor-corto-en-el-festival-internacional-de-cine-para-la-infancia-y-adolescencia-de-olympia-grecia\/"},"wordCount":251,"publisher":{"@id":"https:\/\/www.pressenza.com\/es\/#organization"},"image":{"@id":"https:\/\/www.pressenza.com\/es\/2021\/01\/feliz-desahucio-mejor-corto-en-el-festival-internacional-de-cine-para-la-infancia-y-adolescencia-de-olympia-grecia\/#primaryimage"},"thumbnailUrl":"https:\/\/www.pressenza.com\/wp-content\/uploads\/2021\/01\/X4TI_p-B.jpg","keywords":["cuaderno de cultura","Samuel del Amor","Stop desahucios"],"articleSection":["Comunicados de Prensa","Cultura y Medios","Europa"],"inLanguage":"es"},{"@type":"WebPage","@id":"https:\/\/www.pressenza.com\/es\/2021\/01\/feliz-desahucio-mejor-corto-en-el-festival-internacional-de-cine-para-la-infancia-y-adolescencia-de-olympia-grecia\/","url":"https:\/\/www.pressenza.com\/es\/2021\/01\/feliz-desahucio-mejor-corto-en-el-festival-internacional-de-cine-para-la-infancia-y-adolescencia-de-olympia-grecia\/","name":"\"Feliz desahucio\", mejor corto en el Festival Internacional de Cine para la Infancia y Adolescencia de Olympia (Grecia)","isPartOf":{"@id":"https:\/\/www.pressenza.com\/es\/#website"},"primaryImageOfPage":{"@id":"https:\/\/www.pressenza.com\/es\/2021\/01\/feliz-desahucio-mejor-corto-en-el-festival-internacional-de-cine-para-la-infancia-y-adolescencia-de-olympia-grecia\/#primaryimage"},"image":{"@id":"https:\/\/www.pressenza.com\/es\/2021\/01\/feliz-desahucio-mejor-corto-en-el-festival-internacional-de-cine-para-la-infancia-y-adolescencia-de-olympia-grecia\/#primaryimage"},"thumbnailUrl":"https:\/\/www.pressenza.com\/wp-content\/uploads\/2021\/01\/X4TI_p-B.jpg","datePublished":"2021-01-31T04:06:01+00:00","description":"CINE &nbsp; &nbsp; &nbsp; &nbsp; &nbsp; El cortometraje FELIZ DESAHUCIO. El d\u00eda m\u00e1s feliz de la vida de Daniel,\u00a0 dirigido por Samuel del Amor y producido","breadcrumb":{"@id":"https:\/\/www.pressenza.com\/es\/2021\/01\/feliz-desahucio-mejor-corto-en-el-festival-internacional-de-cine-para-la-infancia-y-adolescencia-de-olympia-grecia\/#breadcrumb"},"inLanguage":"es","potentialAction":[{"@type":"ReadAction","target":["https:\/\/www.pressenza.com\/es\/2021\/01\/feliz-desahucio-mejor-corto-en-el-festival-internacional-de-cine-para-la-infancia-y-adolescencia-de-olympia-grecia\/"]}]},{"@type":"ImageObject","inLanguage":"es","@id":"https:\/\/www.pressenza.com\/es\/2021\/01\/feliz-desahucio-mejor-corto-en-el-festival-internacional-de-cine-para-la-infancia-y-adolescencia-de-olympia-grecia\/#primaryimage","url":"https:\/\/www.pressenza.com\/wp-content\/uploads\/2021\/01\/X4TI_p-B.jpg","contentUrl":"https:\/\/www.pressenza.com\/wp-content\/uploads\/2021\/01\/X4TI_p-B.jpg","width":636,"height":900},{"@type":"BreadcrumbList","@id":"https:\/\/www.pressenza.com\/es\/2021\/01\/feliz-desahucio-mejor-corto-en-el-festival-internacional-de-cine-para-la-infancia-y-adolescencia-de-olympia-grecia\/#breadcrumb","itemListElement":[{"@type":"ListItem","position":1,"name":"Accueil","item":"https:\/\/www.pressenza.com\/es\/"},{"@type":"ListItem","position":2,"name":"\u00abFeliz desahucio\u00bb, mejor corto en el Festival Internacional de Cine para la Infancia y Adolescencia de Olympia (Grecia)"}]},{"@type":"WebSite","@id":"https:\/\/www.pressenza.com\/es\/#website","url":"https:\/\/www.pressenza.com\/es\/","name":"Pressenza","description":"International Press Agency","publisher":{"@id":"https:\/\/www.pressenza.com\/es\/#organization"},"potentialAction":[{"@type":"SearchAction","target":{"@type":"EntryPoint","urlTemplate":"https:\/\/www.pressenza.com\/es\/?s={search_term_string}"},"query-input":{"@type":"PropertyValueSpecification","valueRequired":true,"valueName":"search_term_string"}}],"inLanguage":"es"},{"@type":"Organization","@id":"https:\/\/www.pressenza.com\/es\/#organization","name":"Pressenza","url":"https:\/\/www.pressenza.com\/es\/","logo":{"@type":"ImageObject","inLanguage":"es","@id":"https:\/\/www.pressenza.com\/es\/#\/schema\/logo\/image\/","url":"https:\/\/www.pressenza.com\/wp-content\/uploads\/2022\/10\/pressenza_logo_200x200.jpg","contentUrl":"https:\/\/www.pressenza.com\/wp-content\/uploads\/2022\/10\/pressenza_logo_200x200.jpg","width":200,"height":200,"caption":"Pressenza"},"image":{"@id":"https:\/\/www.pressenza.com\/es\/#\/schema\/logo\/image\/"},"sameAs":["https:\/\/www.facebook.com\/PressenzaItalia","https:\/\/x.com\/PressenzaIPA"]},{"@type":"Person","@id":"https:\/\/www.pressenza.com\/es\/#\/schema\/person\/828fc40eeca2ad7be3630e5a46adba94","name":"Redacci\u00f3n Madrid","description":"News from the Pressenza Bureau in Madrid, Spain","sameAs":["https:\/\/www.facebook.com\/pressenza","https:\/\/x.com\/pressenza"],"url":"https:\/\/www.pressenza.com\/es\/author\/redaccion-madrid\/"}]}},"place":"","original_article_url":"","_links":{"self":[{"href":"https:\/\/www.pressenza.com\/es\/wp-json\/wp\/v2\/posts\/1287874","targetHints":{"allow":["GET"]}}],"collection":[{"href":"https:\/\/www.pressenza.com\/es\/wp-json\/wp\/v2\/posts"}],"about":[{"href":"https:\/\/www.pressenza.com\/es\/wp-json\/wp\/v2\/types\/post"}],"author":[{"embeddable":true,"href":"https:\/\/www.pressenza.com\/es\/wp-json\/wp\/v2\/users\/94"}],"replies":[{"embeddable":true,"href":"https:\/\/www.pressenza.com\/es\/wp-json\/wp\/v2\/comments?post=1287874"}],"version-history":[{"count":0,"href":"https:\/\/www.pressenza.com\/es\/wp-json\/wp\/v2\/posts\/1287874\/revisions"}],"wp:featuredmedia":[{"embeddable":true,"href":"https:\/\/www.pressenza.com\/es\/wp-json\/wp\/v2\/media\/1287925"}],"wp:attachment":[{"href":"https:\/\/www.pressenza.com\/es\/wp-json\/wp\/v2\/media?parent=1287874"}],"wp:term":[{"taxonomy":"category","embeddable":true,"href":"https:\/\/www.pressenza.com\/es\/wp-json\/wp\/v2\/categories?post=1287874"},{"taxonomy":"post_tag","embeddable":true,"href":"https:\/\/www.pressenza.com\/es\/wp-json\/wp\/v2\/tags?post=1287874"}],"curies":[{"name":"wp","href":"https:\/\/api.w.org\/{rel}","templated":true}]}}