{"id":1287546,"date":"2021-01-28T21:50:20","date_gmt":"2021-01-28T21:50:20","guid":{"rendered":"https:\/\/www.pressenza.com\/?p=1287546"},"modified":"2021-01-28T22:37:11","modified_gmt":"2021-01-28T22:37:11","slug":"espana-jubilacion-de-docentes-de-navarra-a-partir-de-2022","status":"publish","type":"post","link":"https:\/\/www.pressenza.com\/es\/2021\/01\/espana-jubilacion-de-docentes-de-navarra-a-partir-de-2022\/","title":{"rendered":"Espa\u00f1a: Jubilaci\u00f3n de docentes de Navarra a partir de 2022"},"content":{"rendered":"<blockquote><p>Art\u00edculo de opini\u00f3n que, en forma de relato encuadra la problematica de la jubilaci\u00f3n a los 60 en Navarra a partir de 2022 (fecha en la que deja de tener vigor la enmienda legal que lo regula)<\/p><\/blockquote>\n<p><strong>Nekane, Paki y Maritxu<\/strong><\/p>\n<p>Las tres se han reunido por la tarde a tomar caf\u00e9 en una fr\u00eda terraza. Hace tiempo que son amigas, desde que estudiaron juntas magisterio. Han hablado de la Coronacrisis, el trabajo es m\u00e1s pesado para todas, y ellas lo notan m\u00e1s, pues los a\u00f1os no pasan en balde. Pero algo m\u00e1s les preocupa: este a\u00f1o van a cumplir 59 a\u00f1os y, supuestamente, deber\u00edan poder jubilarse a los 60. Pero eso no ser\u00e1 posible.<\/p>\n<p>Nekane deber\u00eda estar tranquila, ya que es funcionaria, pero redujo su jornada frecuentemente para cuidar de sus hijas e hijo, y ahora se ha percatado de que eso le ha reducido la base de cotizaci\u00f3n para la jubilaci\u00f3n y que, aunque inici\u00f3 su vida laboral a los 23 a\u00f1os, no alcanzar\u00e1 a tener los 35 a\u00f1os cotizados que se exigen y, por tanto, tendr\u00e1 que seguir trabajando a partir de los 60. Su ex marido, por otra parte, ha cotizado siempre al 100% y no tendr\u00e1 problemas para jubilarse a la edad que le corresponde.<\/p>\n<p>Paki comenz\u00f3 a trabajar en una ikastola municipal de Iru\u00f1ea, y posteriormente se convirti\u00f3 en funcionaria de dicho Ayuntamiento. Pero cuando estas ikastolas se integraron en la red p\u00fablica de centros del Gobierno de Navarra, el personal se funcionariz\u00f3, concretamente en el R\u00e9gimen General de la Seguridad Social, y no en Clases Pasivas, como el resto de personal funcionario docente. Por ello, en el periodo 2012-2017 no pudieron jubilarse a los 60 a\u00f1os y, desde entonces, gracias a una enmienda a los presupuestos generales de 2018 s\u00ed, pero esa posibilidad desaparecer\u00e1 en 2022, cuando ella cumpla 60 a\u00f1os, aunque tenga 36 a\u00f1os cotizados, con lo que tendr\u00e1 que jubilarse a los 67.<\/p>\n<p>Maritxu siempre ha trabajado en centros p\u00fablicos, pero contratada. Ha realizado bastantes oposiciones, aprobando la mayor\u00eda, mas sin haber conseguido nunca convertirse en funcionaria. Adem\u00e1s, padeci\u00f3 un c\u00e1ncer hace 8 a\u00f1os, lo que le merm\u00f3 bastante su capacidad de memorizar. Las \u00faltimas oposiciones le han salido peor y est\u00e1 sufriendo el injusto sistema de listas de contrataci\u00f3n vigente. En estos \u00faltimos a\u00f1os s\u00f3lo ha podido acceder a sustituciones y con ello ha cotizado menos, por lo que se ha dificultado bastante su jubilaci\u00f3n.<\/p>\n<p>Por otra parte, han comentado que no se cumple el pacto firmado en 2018; por ejemplo, no se ha reducido un tercio de la jornada completa al profesorado de 60 a\u00f1os. Esto supondr\u00eda no tener que estar en el centro (en ese tercio) y que la jornada resultara m\u00e1s llevadera. De paso, las reducciones de jornada que disfruta el profesorado de la educaci\u00f3n privada concertada a partir de los 61 a\u00f1os, deber\u00edan aplicarse tambi\u00e9n en la p\u00fablica, m\u00e1xime teniendo en cuenta que las sufraga el Departamento de Educaci\u00f3n.<\/p>\n<p>La mayor\u00eda de compa\u00f1eras desconocen esas situaciones. Observan que, de momento, muchas docentes se jubilan a los 60 a\u00f1os, pero no se dan cuenta de que el personal que obtuvo plaza a partir de 2011 deber\u00e1 jubilarse a los 67 a\u00f1os (o quiz\u00e1 a los 70). Adem\u00e1s, la matriculaci\u00f3n disminuir\u00e1 en los pr\u00f3ximos a\u00f1os y no son conscientes del futuro que aguarda al profesorado m\u00e1s joven.<\/p>\n<p>El atardecer se torna m\u00e1s fr\u00edo. Tras tomar el \u00faltimo sorbo del caf\u00e9 y ponerse la mascarilla, se despiden sin tocarse, con la esperanza de un futuro abrazo una vez jubiladas.<\/p>\n<p>Fuente: <a href=\"https:\/\/steilas.eus\/es\/nortzuk-gara\/nortasuna\/\">sindicato Stella<\/a><\/p>\n","protected":false},"excerpt":{"rendered":"<p>Art\u00edculo de opini\u00f3n que, en forma de relato encuadra la problematica de la jubilaci\u00f3n a los 60 en Navarra a partir de 2022 (fecha en la que deja de tener vigor la enmienda legal que lo regula) Nekane, Paki y&hellip;<\/p>\n","protected":false},"author":1681,"featured_media":1287577,"comment_status":"closed","ping_status":"closed","sticky":false,"template":"","format":"standard","meta":{"footnotes":""},"categories":[1230,161],"tags":[54740,68048,56278],"class_list":["post-1287546","post","type-post","status-publish","format-standard","has-post-thumbnail","hentry","category-educacion-tema","category-opiniones","tag-docentes-es-2","tag-jubilacion","tag-navarra"],"yoast_head":"<!-- This site is optimized with the Yoast SEO plugin v27.1.1 - https:\/\/yoast.com\/product\/yoast-seo-wordpress\/ -->\n<title>Espa\u00f1a: Jubilaci\u00f3n de docentes de Navarra a partir de 2022<\/title>\n<meta name=\"description\" content=\"Art\u00edculo de opini\u00f3n que, en forma de relato encuadra la problematica de la jubilaci\u00f3n a los 60 en Navarra a partir de 2022 (fecha en la que deja de tener Jubilaci\u00f3n de los docentes en Navarra\" \/>\n<meta name=\"robots\" content=\"index, follow, max-snippet:-1, max-image-preview:large, max-video-preview:-1\" \/>\n<link rel=\"canonical\" href=\"https:\/\/www.pressenza.com\/es\/2021\/01\/espana-jubilacion-de-docentes-de-navarra-a-partir-de-2022\/\" \/>\n<meta property=\"og:locale\" content=\"es_ES\" \/>\n<meta property=\"og:type\" content=\"article\" \/>\n<meta property=\"og:title\" content=\"Espa\u00f1a: Jubilaci\u00f3n de docentes de Navarra a partir de 2022\" \/>\n<meta property=\"og:description\" content=\"Art\u00edculo de opini\u00f3n que, en forma de relato encuadra la problematica de la jubilaci\u00f3n a los 60 en Navarra a partir de 2022 (fecha en la que deja de tener Jubilaci\u00f3n de los docentes en Navarra\" \/>\n<meta property=\"og:url\" content=\"https:\/\/www.pressenza.com\/es\/2021\/01\/espana-jubilacion-de-docentes-de-navarra-a-partir-de-2022\/\" \/>\n<meta property=\"og:site_name\" content=\"Pressenza\" \/>\n<meta property=\"article:publisher\" content=\"https:\/\/www.facebook.com\/PressenzaItalia\" \/>\n<meta property=\"article:published_time\" content=\"2021-01-28T21:50:20+00:00\" \/>\n<meta property=\"article:modified_time\" content=\"2021-01-28T22:37:11+00:00\" \/>\n<meta property=\"og:image\" content=\"https:\/\/www.pressenza.com\/wp-content\/uploads\/2021\/01\/JubilacionSTEILASPeq.jpg\" \/>\n\t<meta property=\"og:image:width\" content=\"1103\" \/>\n\t<meta property=\"og:image:height\" content=\"747\" \/>\n\t<meta property=\"og:image:type\" content=\"image\/jpeg\" \/>\n<meta name=\"author\" content=\"Redacci\u00f3n Espa\u00f1a\" \/>\n<meta name=\"twitter:card\" content=\"summary_large_image\" \/>\n<meta name=\"twitter:creator\" content=\"@PressenzaIPA\" \/>\n<meta name=\"twitter:site\" content=\"@PressenzaIPA\" \/>\n<meta name=\"twitter:label1\" content=\"Escrito por\" \/>\n\t<meta name=\"twitter:data1\" content=\"Redacci\u00f3n Espa\u00f1a\" \/>\n\t<meta name=\"twitter:label2\" content=\"Tiempo de lectura\" \/>\n\t<meta name=\"twitter:data2\" content=\"3 minutos\" \/>\n<script type=\"application\/ld+json\" class=\"yoast-schema-graph\">{\"@context\":\"https:\/\/schema.org\",\"@graph\":[{\"@type\":\"Article\",\"@id\":\"https:\/\/www.pressenza.com\/es\/2021\/01\/espana-jubilacion-de-docentes-de-navarra-a-partir-de-2022\/#article\",\"isPartOf\":{\"@id\":\"https:\/\/www.pressenza.com\/es\/2021\/01\/espana-jubilacion-de-docentes-de-navarra-a-partir-de-2022\/\"},\"author\":{\"name\":\"Redacci\u00f3n Espa\u00f1a\",\"@id\":\"https:\/\/www.pressenza.com\/es\/#\/schema\/person\/fffbbe2f14495897417f313a954dae23\"},\"headline\":\"Espa\u00f1a: Jubilaci\u00f3n de docentes de Navarra a partir de 2022\",\"datePublished\":\"2021-01-28T21:50:20+00:00\",\"dateModified\":\"2021-01-28T22:37:11+00:00\",\"mainEntityOfPage\":{\"@id\":\"https:\/\/www.pressenza.com\/es\/2021\/01\/espana-jubilacion-de-docentes-de-navarra-a-partir-de-2022\/\"},\"wordCount\":634,\"publisher\":{\"@id\":\"https:\/\/www.pressenza.com\/es\/#organization\"},\"image\":{\"@id\":\"https:\/\/www.pressenza.com\/es\/2021\/01\/espana-jubilacion-de-docentes-de-navarra-a-partir-de-2022\/#primaryimage\"},\"thumbnailUrl\":\"https:\/\/www.pressenza.com\/wp-content\/uploads\/2021\/01\/JubilacionSTEILASPeq.jpg\",\"keywords\":[\"docentes\",\"jubilacion\",\"Navarra\"],\"articleSection\":[\"Educaci\u00f3n\",\"Opiniones\"],\"inLanguage\":\"es\"},{\"@type\":\"WebPage\",\"@id\":\"https:\/\/www.pressenza.com\/es\/2021\/01\/espana-jubilacion-de-docentes-de-navarra-a-partir-de-2022\/\",\"url\":\"https:\/\/www.pressenza.com\/es\/2021\/01\/espana-jubilacion-de-docentes-de-navarra-a-partir-de-2022\/\",\"name\":\"Espa\u00f1a: Jubilaci\u00f3n de docentes de Navarra a partir de 2022\",\"isPartOf\":{\"@id\":\"https:\/\/www.pressenza.com\/es\/#website\"},\"primaryImageOfPage\":{\"@id\":\"https:\/\/www.pressenza.com\/es\/2021\/01\/espana-jubilacion-de-docentes-de-navarra-a-partir-de-2022\/#primaryimage\"},\"image\":{\"@id\":\"https:\/\/www.pressenza.com\/es\/2021\/01\/espana-jubilacion-de-docentes-de-navarra-a-partir-de-2022\/#primaryimage\"},\"thumbnailUrl\":\"https:\/\/www.pressenza.com\/wp-content\/uploads\/2021\/01\/JubilacionSTEILASPeq.jpg\",\"datePublished\":\"2021-01-28T21:50:20+00:00\",\"dateModified\":\"2021-01-28T22:37:11+00:00\",\"description\":\"Art\u00edculo de opini\u00f3n que, en forma de relato encuadra la problematica de la jubilaci\u00f3n a los 60 en Navarra a partir de 2022 (fecha en la que deja de tener Jubilaci\u00f3n de los docentes en Navarra\",\"breadcrumb\":{\"@id\":\"https:\/\/www.pressenza.com\/es\/2021\/01\/espana-jubilacion-de-docentes-de-navarra-a-partir-de-2022\/#breadcrumb\"},\"inLanguage\":\"es\",\"potentialAction\":[{\"@type\":\"ReadAction\",\"target\":[\"https:\/\/www.pressenza.com\/es\/2021\/01\/espana-jubilacion-de-docentes-de-navarra-a-partir-de-2022\/\"]}]},{\"@type\":\"ImageObject\",\"inLanguage\":\"es\",\"@id\":\"https:\/\/www.pressenza.com\/es\/2021\/01\/espana-jubilacion-de-docentes-de-navarra-a-partir-de-2022\/#primaryimage\",\"url\":\"https:\/\/www.pressenza.com\/wp-content\/uploads\/2021\/01\/JubilacionSTEILASPeq.jpg\",\"contentUrl\":\"https:\/\/www.pressenza.com\/wp-content\/uploads\/2021\/01\/JubilacionSTEILASPeq.jpg\",\"width\":1103,\"height\":747,\"caption\":\"Jubilaci\u00f3n de docentes en Navarra\"},{\"@type\":\"BreadcrumbList\",\"@id\":\"https:\/\/www.pressenza.com\/es\/2021\/01\/espana-jubilacion-de-docentes-de-navarra-a-partir-de-2022\/#breadcrumb\",\"itemListElement\":[{\"@type\":\"ListItem\",\"position\":1,\"name\":\"Accueil\",\"item\":\"https:\/\/www.pressenza.com\/es\/\"},{\"@type\":\"ListItem\",\"position\":2,\"name\":\"Espa\u00f1a: Jubilaci\u00f3n de docentes de Navarra a partir de 2022\"}]},{\"@type\":\"WebSite\",\"@id\":\"https:\/\/www.pressenza.com\/es\/#website\",\"url\":\"https:\/\/www.pressenza.com\/es\/\",\"name\":\"Pressenza\",\"description\":\"International Press Agency\",\"publisher\":{\"@id\":\"https:\/\/www.pressenza.com\/es\/#organization\"},\"potentialAction\":[{\"@type\":\"SearchAction\",\"target\":{\"@type\":\"EntryPoint\",\"urlTemplate\":\"https:\/\/www.pressenza.com\/es\/?s={search_term_string}\"},\"query-input\":{\"@type\":\"PropertyValueSpecification\",\"valueRequired\":true,\"valueName\":\"search_term_string\"}}],\"inLanguage\":\"es\"},{\"@type\":\"Organization\",\"@id\":\"https:\/\/www.pressenza.com\/es\/#organization\",\"name\":\"Pressenza\",\"url\":\"https:\/\/www.pressenza.com\/es\/\",\"logo\":{\"@type\":\"ImageObject\",\"inLanguage\":\"es\",\"@id\":\"https:\/\/www.pressenza.com\/es\/#\/schema\/logo\/image\/\",\"url\":\"https:\/\/www.pressenza.com\/wp-content\/uploads\/2022\/10\/pressenza_logo_200x200.jpg\",\"contentUrl\":\"https:\/\/www.pressenza.com\/wp-content\/uploads\/2022\/10\/pressenza_logo_200x200.jpg\",\"width\":200,\"height\":200,\"caption\":\"Pressenza\"},\"image\":{\"@id\":\"https:\/\/www.pressenza.com\/es\/#\/schema\/logo\/image\/\"},\"sameAs\":[\"https:\/\/www.facebook.com\/PressenzaItalia\",\"https:\/\/x.com\/PressenzaIPA\"]},{\"@type\":\"Person\",\"@id\":\"https:\/\/www.pressenza.com\/es\/#\/schema\/person\/fffbbe2f14495897417f313a954dae23\",\"name\":\"Redacci\u00f3n Espa\u00f1a\",\"url\":\"https:\/\/www.pressenza.com\/es\/author\/redaccion-espana\/\"}]}<\/script>\n<!-- \/ Yoast SEO plugin. -->","yoast_head_json":{"title":"Espa\u00f1a: Jubilaci\u00f3n de docentes de Navarra a partir de 2022","description":"Art\u00edculo de opini\u00f3n que, en forma de relato encuadra la problematica de la jubilaci\u00f3n a los 60 en Navarra a partir de 2022 (fecha en la que deja de tener Jubilaci\u00f3n de los docentes en Navarra","robots":{"index":"index","follow":"follow","max-snippet":"max-snippet:-1","max-image-preview":"max-image-preview:large","max-video-preview":"max-video-preview:-1"},"canonical":"https:\/\/www.pressenza.com\/es\/2021\/01\/espana-jubilacion-de-docentes-de-navarra-a-partir-de-2022\/","og_locale":"es_ES","og_type":"article","og_title":"Espa\u00f1a: Jubilaci\u00f3n de docentes de Navarra a partir de 2022","og_description":"Art\u00edculo de opini\u00f3n que, en forma de relato encuadra la problematica de la jubilaci\u00f3n a los 60 en Navarra a partir de 2022 (fecha en la que deja de tener Jubilaci\u00f3n de los docentes en Navarra","og_url":"https:\/\/www.pressenza.com\/es\/2021\/01\/espana-jubilacion-de-docentes-de-navarra-a-partir-de-2022\/","og_site_name":"Pressenza","article_publisher":"https:\/\/www.facebook.com\/PressenzaItalia","article_published_time":"2021-01-28T21:50:20+00:00","article_modified_time":"2021-01-28T22:37:11+00:00","og_image":[{"width":1103,"height":747,"url":"https:\/\/www.pressenza.com\/wp-content\/uploads\/2021\/01\/JubilacionSTEILASPeq.jpg","type":"image\/jpeg"}],"author":"Redacci\u00f3n Espa\u00f1a","twitter_card":"summary_large_image","twitter_creator":"@PressenzaIPA","twitter_site":"@PressenzaIPA","twitter_misc":{"Escrito por":"Redacci\u00f3n Espa\u00f1a","Tiempo de lectura":"3 minutos"},"schema":{"@context":"https:\/\/schema.org","@graph":[{"@type":"Article","@id":"https:\/\/www.pressenza.com\/es\/2021\/01\/espana-jubilacion-de-docentes-de-navarra-a-partir-de-2022\/#article","isPartOf":{"@id":"https:\/\/www.pressenza.com\/es\/2021\/01\/espana-jubilacion-de-docentes-de-navarra-a-partir-de-2022\/"},"author":{"name":"Redacci\u00f3n Espa\u00f1a","@id":"https:\/\/www.pressenza.com\/es\/#\/schema\/person\/fffbbe2f14495897417f313a954dae23"},"headline":"Espa\u00f1a: Jubilaci\u00f3n de docentes de Navarra a partir de 2022","datePublished":"2021-01-28T21:50:20+00:00","dateModified":"2021-01-28T22:37:11+00:00","mainEntityOfPage":{"@id":"https:\/\/www.pressenza.com\/es\/2021\/01\/espana-jubilacion-de-docentes-de-navarra-a-partir-de-2022\/"},"wordCount":634,"publisher":{"@id":"https:\/\/www.pressenza.com\/es\/#organization"},"image":{"@id":"https:\/\/www.pressenza.com\/es\/2021\/01\/espana-jubilacion-de-docentes-de-navarra-a-partir-de-2022\/#primaryimage"},"thumbnailUrl":"https:\/\/www.pressenza.com\/wp-content\/uploads\/2021\/01\/JubilacionSTEILASPeq.jpg","keywords":["docentes","jubilacion","Navarra"],"articleSection":["Educaci\u00f3n","Opiniones"],"inLanguage":"es"},{"@type":"WebPage","@id":"https:\/\/www.pressenza.com\/es\/2021\/01\/espana-jubilacion-de-docentes-de-navarra-a-partir-de-2022\/","url":"https:\/\/www.pressenza.com\/es\/2021\/01\/espana-jubilacion-de-docentes-de-navarra-a-partir-de-2022\/","name":"Espa\u00f1a: Jubilaci\u00f3n de docentes de Navarra a partir de 2022","isPartOf":{"@id":"https:\/\/www.pressenza.com\/es\/#website"},"primaryImageOfPage":{"@id":"https:\/\/www.pressenza.com\/es\/2021\/01\/espana-jubilacion-de-docentes-de-navarra-a-partir-de-2022\/#primaryimage"},"image":{"@id":"https:\/\/www.pressenza.com\/es\/2021\/01\/espana-jubilacion-de-docentes-de-navarra-a-partir-de-2022\/#primaryimage"},"thumbnailUrl":"https:\/\/www.pressenza.com\/wp-content\/uploads\/2021\/01\/JubilacionSTEILASPeq.jpg","datePublished":"2021-01-28T21:50:20+00:00","dateModified":"2021-01-28T22:37:11+00:00","description":"Art\u00edculo de opini\u00f3n que, en forma de relato encuadra la problematica de la jubilaci\u00f3n a los 60 en Navarra a partir de 2022 (fecha en la que deja de tener Jubilaci\u00f3n de los docentes en Navarra","breadcrumb":{"@id":"https:\/\/www.pressenza.com\/es\/2021\/01\/espana-jubilacion-de-docentes-de-navarra-a-partir-de-2022\/#breadcrumb"},"inLanguage":"es","potentialAction":[{"@type":"ReadAction","target":["https:\/\/www.pressenza.com\/es\/2021\/01\/espana-jubilacion-de-docentes-de-navarra-a-partir-de-2022\/"]}]},{"@type":"ImageObject","inLanguage":"es","@id":"https:\/\/www.pressenza.com\/es\/2021\/01\/espana-jubilacion-de-docentes-de-navarra-a-partir-de-2022\/#primaryimage","url":"https:\/\/www.pressenza.com\/wp-content\/uploads\/2021\/01\/JubilacionSTEILASPeq.jpg","contentUrl":"https:\/\/www.pressenza.com\/wp-content\/uploads\/2021\/01\/JubilacionSTEILASPeq.jpg","width":1103,"height":747,"caption":"Jubilaci\u00f3n de docentes en Navarra"},{"@type":"BreadcrumbList","@id":"https:\/\/www.pressenza.com\/es\/2021\/01\/espana-jubilacion-de-docentes-de-navarra-a-partir-de-2022\/#breadcrumb","itemListElement":[{"@type":"ListItem","position":1,"name":"Accueil","item":"https:\/\/www.pressenza.com\/es\/"},{"@type":"ListItem","position":2,"name":"Espa\u00f1a: Jubilaci\u00f3n de docentes de Navarra a partir de 2022"}]},{"@type":"WebSite","@id":"https:\/\/www.pressenza.com\/es\/#website","url":"https:\/\/www.pressenza.com\/es\/","name":"Pressenza","description":"International Press Agency","publisher":{"@id":"https:\/\/www.pressenza.com\/es\/#organization"},"potentialAction":[{"@type":"SearchAction","target":{"@type":"EntryPoint","urlTemplate":"https:\/\/www.pressenza.com\/es\/?s={search_term_string}"},"query-input":{"@type":"PropertyValueSpecification","valueRequired":true,"valueName":"search_term_string"}}],"inLanguage":"es"},{"@type":"Organization","@id":"https:\/\/www.pressenza.com\/es\/#organization","name":"Pressenza","url":"https:\/\/www.pressenza.com\/es\/","logo":{"@type":"ImageObject","inLanguage":"es","@id":"https:\/\/www.pressenza.com\/es\/#\/schema\/logo\/image\/","url":"https:\/\/www.pressenza.com\/wp-content\/uploads\/2022\/10\/pressenza_logo_200x200.jpg","contentUrl":"https:\/\/www.pressenza.com\/wp-content\/uploads\/2022\/10\/pressenza_logo_200x200.jpg","width":200,"height":200,"caption":"Pressenza"},"image":{"@id":"https:\/\/www.pressenza.com\/es\/#\/schema\/logo\/image\/"},"sameAs":["https:\/\/www.facebook.com\/PressenzaItalia","https:\/\/x.com\/PressenzaIPA"]},{"@type":"Person","@id":"https:\/\/www.pressenza.com\/es\/#\/schema\/person\/fffbbe2f14495897417f313a954dae23","name":"Redacci\u00f3n Espa\u00f1a","url":"https:\/\/www.pressenza.com\/es\/author\/redaccion-espana\/"}]}},"place":"Navarra","original_article_url":"https:\/\/steilas.eus\/es\/2021\/01\/28\/articulo-de-opinion-jubilacion-docentes-navarra-nekane-paki-y-maritxu\/","_links":{"self":[{"href":"https:\/\/www.pressenza.com\/es\/wp-json\/wp\/v2\/posts\/1287546","targetHints":{"allow":["GET"]}}],"collection":[{"href":"https:\/\/www.pressenza.com\/es\/wp-json\/wp\/v2\/posts"}],"about":[{"href":"https:\/\/www.pressenza.com\/es\/wp-json\/wp\/v2\/types\/post"}],"author":[{"embeddable":true,"href":"https:\/\/www.pressenza.com\/es\/wp-json\/wp\/v2\/users\/1681"}],"replies":[{"embeddable":true,"href":"https:\/\/www.pressenza.com\/es\/wp-json\/wp\/v2\/comments?post=1287546"}],"version-history":[{"count":0,"href":"https:\/\/www.pressenza.com\/es\/wp-json\/wp\/v2\/posts\/1287546\/revisions"}],"wp:featuredmedia":[{"embeddable":true,"href":"https:\/\/www.pressenza.com\/es\/wp-json\/wp\/v2\/media\/1287577"}],"wp:attachment":[{"href":"https:\/\/www.pressenza.com\/es\/wp-json\/wp\/v2\/media?parent=1287546"}],"wp:term":[{"taxonomy":"category","embeddable":true,"href":"https:\/\/www.pressenza.com\/es\/wp-json\/wp\/v2\/categories?post=1287546"},{"taxonomy":"post_tag","embeddable":true,"href":"https:\/\/www.pressenza.com\/es\/wp-json\/wp\/v2\/tags?post=1287546"}],"curies":[{"name":"wp","href":"https:\/\/api.w.org\/{rel}","templated":true}]}}