{"id":1287328,"date":"2021-01-28T17:27:09","date_gmt":"2021-01-28T17:27:09","guid":{"rendered":"https:\/\/www.pressenza.com\/?p=1287328"},"modified":"2021-01-28T17:27:09","modified_gmt":"2021-01-28T17:27:09","slug":"diez-pasos-para-reinventar-el-sistema-electrico","status":"publish","type":"post","link":"https:\/\/www.pressenza.com\/es\/2021\/01\/diez-pasos-para-reinventar-el-sistema-electrico\/","title":{"rendered":"Diez pasos para reinventar el sistema el\u00e9ctrico"},"content":{"rendered":"<blockquote><p>Greenpeace propone un dec\u00e1logo que inspire la imprescindible transformaci\u00f3n integral del mercado el\u00e9ctrico mayorista<\/p>\n<p>El objetivo: un sistema el\u00e9ctrico eficiente, flexible, 100% renovable y abierto a la participaci\u00f3n ciudadana<\/p><\/blockquote>\n<p>&nbsp;<\/p>\n<p>En una semana hist\u00f3rica marcada por la <strong>primera subasta de renovables sujeta a la nueva normativa<\/strong> -una de las reformas emprendidas por el Ministerio para la Transici\u00f3n Ecol\u00f3gica y el Reto Demogr\u00e1fico en el marco de las reformas del sistema el\u00e9ctrico-, Greenpeace plantea un dec\u00e1logo que inspire la imprescindible transformaci\u00f3n integral del mercado el\u00e9ctrico mayorista y que sirva de apoyo para un sistema el\u00e9ctrico eficiente, flexible, 100% renovable y abierto a la participaci\u00f3n ciudadana.<\/p>\n<p><em>\u201c<strong>La subasta renovable ha demostrado lo que llevamos a\u00f1os reiterando<\/strong>, que las renovables abaratan el precio del mercado, que las inversiones en renovables pueden llegar mucho m\u00e1s lejos y que el oligopolio no es (ni debe ser) el \u00fanico y principal actor en el sistema\u201d,<\/em> ha declarado Raquel Mont\u00f3n, responsable de la campa\u00f1a de Energ\u00eda de Greenpeace: \u201c<em>Pero debemos ir m\u00e1s all\u00e1 y <\/em><a href=\"https:\/\/anws.co\/bO4Tv\/%7B6263ff79-c62b-4ac3-abb8-ded86e6ea793%7D\"><em>transformar el mercado el\u00e9ctrico mayorista<\/em><\/a><em> para alcanzar la electrificaci\u00f3n <\/em><a href=\"https:\/\/anws.co\/bO4Tw\/%7B6263ff79-c62b-4ac3-abb8-ded86e6ea793%7D\"><em>sostenible y universal<\/em><\/a>\u201d.<\/p>\n<p>&nbsp;<\/p>\n<p><strong>DEC\u00c1LOGO<\/strong><\/p>\n<p><strong><strong> 1 No financiar la destrucci\u00f3n del planeta y las personas.<\/strong><\/strong><\/p>\n<p>Acabar con cualquier subvenci\u00f3n directa, indirecta o encubierta que reciba la energ\u00eda nuclear y los combustibles f\u00f3siles. Cambiar de f\u00f3siles y nucleares a renovables.<\/p>\n<p>Es necesario construir un nuevo sistema energ\u00e9tico en el que se reemplacen los combustibles f\u00f3siles y nuclear por energ\u00edas limpias renovables y se apueste por la eficiencia y las soluciones inteligentes que aseguren una transici\u00f3n justa en la UE antes de 2040 para trabajadores y comunidades que actualmente dependen de las energ\u00edas contaminantes.<\/p>\n<p>2 <strong>Convertir la energ\u00eda en un derecho.<\/strong><\/p>\n<p>Tratar la energ\u00eda como un mero producto sin valorar algunos de sus servicios ya no es una opci\u00f3n: la energ\u00eda debe tratarse como un derecho de forma que deje de ser una fuente de cambio clim\u00e1tico y desigualdad.<\/p>\n<p>Es fundamental que el derecho a una energ\u00eda limpia y accesible est\u00e9 en el centro de cualquier pol\u00edtica p\u00fablica e iniciativa ciudadana, garantizando que se satisfacen de la manera m\u00e1s eficiente y sostenible posible las necesidades de la sociedad, especialmente las de las poblaciones m\u00e1s vulnerables (tanto al cambio clim\u00e1tico como a los cambios profundos de transici\u00f3n energ\u00e9ticos). Por ello, la toma de decisiones va m\u00e1s all\u00e1 del mercado y requiere que este cambio se dise\u00f1e y gestione, adem\u00e1s de con el sector acad\u00e9mico y el empresarial, con la sociedad civil.<\/p>\n<p><strong> 3 Dejar de engordar la energ\u00eda y empezar a mantenerla. <\/strong><\/p>\n<p>Hay que cambiar la premisa de crecimiento ilimitado por la de ser sostenibles en el tiempo: redirigir el impulso del sistema socioecon\u00f3mico de la b\u00fasqueda del crecimiento indefinido hacia la prosperidad, la sostenibilidad y la equidad.<\/p>\n<p><strong>4 Incluir en los costes del sistema energ\u00e9tico los costes (de los impactos) del sistema energ\u00e9tico.<\/strong><\/p>\n<p>Reorientar las se\u00f1ales econ\u00f3micas hacia la internalizaci\u00f3n de todos los costes sociales y ambientales del sistema energ\u00e9tico para que los agentes responsables de estos impactos se hagan cargo de ellos y de sus implicaciones.<\/p>\n<p><strong>5 Corregir el debe y el haber del sistema el\u00e9ctrico<\/strong>.<\/p>\n<p>Organizar justamente el reparto de los costes (reales) y beneficios que cualquier actividad realizada supone para el sistema el\u00e9ctrico, independientemente de que la lleven a cabo generadores, suministradores, comercializadores, consumidores o particulares, sean estos habituales o nuevos entrantes. Para ello es necesaria una auditor\u00eda de los costes regulados y aplicar el principio de \u201cquien contamina paga\u201d y \u201cquien m\u00e1s consume m\u00e1s paga\u201d.<\/p>\n<p><strong>6 Garantizar que la descarbonizaci\u00f3n es un objetivo. <\/strong><\/p>\n<p>Adem\u00e1s de garantizar la seguridad del suministro de la manera m\u00e1s eficiente posible en t\u00e9rminos de costes, se debe garantizar tambi\u00e9n la reducci\u00f3n de las emisiones de gases de efecto invernadero a la mayor brevedad. Solo as\u00ed se podr\u00e1 evitar que sigan causando graves impactos en p\u00e9rdida de biodiversidad, riesgo para la salud e injusticia social y clim\u00e1tica.<\/p>\n<p><strong>7 Valorar (realmente) el sistema el\u00e9ctrico.<\/strong><\/p>\n<p>El valor de algo no se refiere \u00fanicamente a cu\u00e1nto cuesta en t\u00e9rminos econ\u00f3micos sino a cu\u00e1nto vale la pena disponer de ello. El valor del sistema el\u00e9ctrico est\u00e1 asociado al espacio (es m\u00e1s valioso cuando se produce en lugares donde no hay problemas de congesti\u00f3n de redes) y al tiempo de generaci\u00f3n (es m\u00e1s valioso cuando la demanda es alta o cuando la generaci\u00f3n es baja). Pero, adem\u00e1s, tiene un <em>valor social<\/em>: la electricidad puede contribuir a la mitigaci\u00f3n del cambio clim\u00e1tico, a la reducci\u00f3n de la contaminaci\u00f3n, a la creaci\u00f3n de empleos adecuados, a la cobertura de las necesidades b\u00e1sicas y a la habilitaci\u00f3n de la actividad econ\u00f3mica.<\/p>\n<p><strong> 8 Reinventar el mercado energ\u00e9tico: s\u00ed, es posible.<\/strong><\/p>\n<p>Dise\u00f1ar todos los elementos que configuran las reglas del mercado el\u00e9ctrico para que alineen el valor, el coste y el precio de la electricidad; permitan recuperar los costes de la inversiones en renovables y ofrezcan precios asequibles a la ciudadan\u00eda.<\/p>\n<p><strong>9 Toda la ciudadan\u00eda debe ser parte del sistema el\u00e9ctrico. <\/strong><\/p>\n<p>No podemos permitir que la energ\u00eda est\u00e9 en manos de oligopolios. La ciudadan\u00eda debe tener derecho a participar en todas las actividades del sistema el\u00e9ctrico y debe dotarse de la capacidad para ejercer sus derechos. Para ello la normativa debe organizar todas las se\u00f1ales econ\u00f3micas para que se incentive la flexibilidad, la reducci\u00f3n (y gesti\u00f3n) de la demanda de energ\u00eda, la eficiencia y el autoconsumo; premiando un uso inteligente del sistema (carga y descarga de veh\u00edculo el\u00e9ctrico, por ejemplo) y penalizar el uso no inteligente.<\/p>\n<p><strong>10 Una transici\u00f3n energ\u00e9tica que incluya a todos\/as.<\/strong><\/p>\n<p>Hay que asegurar una evaluaci\u00f3n de los impactos redistributivos de la reforma de la estructura econ\u00f3mica del sector para elegir las medidas m\u00e1s eficaces en t\u00e9rminos de reducci\u00f3n de emisiones y con un menor impacto sobre la redistribuci\u00f3n de la riqueza. De no ser as\u00ed, habr\u00eda que acompa\u00f1ar los cambios de medidas correctoras acotadas capaces de compensar la merma de poder adquisitivo sin desincentivar el ahorro de energ\u00eda o la participaci\u00f3n activa.<\/p>\n","protected":false},"excerpt":{"rendered":"<p>Greenpeace propone un dec\u00e1logo que inspire la imprescindible transformaci\u00f3n integral del mercado el\u00e9ctrico mayorista El objetivo: un sistema el\u00e9ctrico eficiente, flexible, 100% renovable y abierto a la participaci\u00f3n ciudadana &nbsp; En una semana hist\u00f3rica marcada por la primera subasta de&hellip;<\/p>\n","protected":false},"author":1681,"featured_media":1287356,"comment_status":"closed","ping_status":"closed","sticky":false,"template":"","format":"standard","meta":{"footnotes":""},"categories":[149,78,66],"tags":[12067,3566,86706],"class_list":["post-1287328","post","type-post","status-publish","format-standard","has-post-thumbnail","hentry","category-comunicados-de-prensa","category-medio-ambiente-ecologia","category-europa-es","tag-ddhh","tag-justicia-social","tag-mercado-electrico"],"yoast_head":"<!-- This site is optimized with the Yoast SEO plugin v27.1.1 - https:\/\/yoast.com\/product\/yoast-seo-wordpress\/ -->\n<title>Diez pasos para reinventar el sistema el\u00e9ctrico<\/title>\n<meta name=\"description\" content=\"Greenpeace propone un dec\u00e1logo que inspire la imprescindible transformaci\u00f3n integral del mercado el\u00e9ctrico mayorista El objetivo: un sistema el\u00e9ctrico\" \/>\n<meta name=\"robots\" content=\"index, follow, max-snippet:-1, max-image-preview:large, max-video-preview:-1\" \/>\n<link rel=\"canonical\" href=\"https:\/\/www.pressenza.com\/es\/2021\/01\/diez-pasos-para-reinventar-el-sistema-electrico\/\" \/>\n<meta property=\"og:locale\" content=\"es_ES\" \/>\n<meta property=\"og:type\" content=\"article\" \/>\n<meta property=\"og:title\" content=\"Diez pasos para reinventar el sistema el\u00e9ctrico\" \/>\n<meta property=\"og:description\" content=\"Greenpeace propone un dec\u00e1logo que inspire la imprescindible transformaci\u00f3n integral del mercado el\u00e9ctrico mayorista El objetivo: un sistema el\u00e9ctrico\" \/>\n<meta property=\"og:url\" content=\"https:\/\/www.pressenza.com\/es\/2021\/01\/diez-pasos-para-reinventar-el-sistema-electrico\/\" \/>\n<meta property=\"og:site_name\" content=\"Pressenza\" \/>\n<meta property=\"article:publisher\" content=\"https:\/\/www.facebook.com\/PressenzaItalia\" \/>\n<meta property=\"article:published_time\" content=\"2021-01-28T17:27:09+00:00\" \/>\n<meta property=\"og:image\" content=\"https:\/\/www.pressenza.com\/wp-content\/uploads\/2021\/01\/mercadoelectrico-1200x799-1.jpg\" \/>\n\t<meta property=\"og:image:width\" content=\"1200\" \/>\n\t<meta property=\"og:image:height\" content=\"799\" \/>\n\t<meta property=\"og:image:type\" content=\"image\/jpeg\" \/>\n<meta name=\"author\" content=\"Redacci\u00f3n Espa\u00f1a\" \/>\n<meta name=\"twitter:card\" content=\"summary_large_image\" \/>\n<meta name=\"twitter:creator\" content=\"@PressenzaIPA\" \/>\n<meta name=\"twitter:site\" content=\"@PressenzaIPA\" \/>\n<meta name=\"twitter:label1\" content=\"Escrito por\" \/>\n\t<meta name=\"twitter:data1\" content=\"Redacci\u00f3n Espa\u00f1a\" \/>\n\t<meta name=\"twitter:label2\" content=\"Tiempo de lectura\" \/>\n\t<meta name=\"twitter:data2\" content=\"5 minutos\" \/>\n<script type=\"application\/ld+json\" class=\"yoast-schema-graph\">{\"@context\":\"https:\/\/schema.org\",\"@graph\":[{\"@type\":\"Article\",\"@id\":\"https:\/\/www.pressenza.com\/es\/2021\/01\/diez-pasos-para-reinventar-el-sistema-electrico\/#article\",\"isPartOf\":{\"@id\":\"https:\/\/www.pressenza.com\/es\/2021\/01\/diez-pasos-para-reinventar-el-sistema-electrico\/\"},\"author\":{\"name\":\"Redacci\u00f3n Espa\u00f1a\",\"@id\":\"https:\/\/www.pressenza.com\/es\/#\/schema\/person\/fffbbe2f14495897417f313a954dae23\"},\"headline\":\"Diez pasos para reinventar el sistema el\u00e9ctrico\",\"datePublished\":\"2021-01-28T17:27:09+00:00\",\"mainEntityOfPage\":{\"@id\":\"https:\/\/www.pressenza.com\/es\/2021\/01\/diez-pasos-para-reinventar-el-sistema-electrico\/\"},\"wordCount\":1094,\"publisher\":{\"@id\":\"https:\/\/www.pressenza.com\/es\/#organization\"},\"image\":{\"@id\":\"https:\/\/www.pressenza.com\/es\/2021\/01\/diez-pasos-para-reinventar-el-sistema-electrico\/#primaryimage\"},\"thumbnailUrl\":\"https:\/\/www.pressenza.com\/wp-content\/uploads\/2021\/01\/mercadoelectrico-1200x799-1.jpg\",\"keywords\":[\"DDHH\",\"Justicia Social\",\"mercado el\u00e9ctrico\"],\"articleSection\":[\"Comunicados de Prensa\",\"Ecolog\u00eda y Medio Ambiente\",\"Europa\"],\"inLanguage\":\"es\"},{\"@type\":\"WebPage\",\"@id\":\"https:\/\/www.pressenza.com\/es\/2021\/01\/diez-pasos-para-reinventar-el-sistema-electrico\/\",\"url\":\"https:\/\/www.pressenza.com\/es\/2021\/01\/diez-pasos-para-reinventar-el-sistema-electrico\/\",\"name\":\"Diez pasos para reinventar el sistema el\u00e9ctrico\",\"isPartOf\":{\"@id\":\"https:\/\/www.pressenza.com\/es\/#website\"},\"primaryImageOfPage\":{\"@id\":\"https:\/\/www.pressenza.com\/es\/2021\/01\/diez-pasos-para-reinventar-el-sistema-electrico\/#primaryimage\"},\"image\":{\"@id\":\"https:\/\/www.pressenza.com\/es\/2021\/01\/diez-pasos-para-reinventar-el-sistema-electrico\/#primaryimage\"},\"thumbnailUrl\":\"https:\/\/www.pressenza.com\/wp-content\/uploads\/2021\/01\/mercadoelectrico-1200x799-1.jpg\",\"datePublished\":\"2021-01-28T17:27:09+00:00\",\"description\":\"Greenpeace propone un dec\u00e1logo que inspire la imprescindible transformaci\u00f3n integral del mercado el\u00e9ctrico mayorista El objetivo: un sistema el\u00e9ctrico\",\"breadcrumb\":{\"@id\":\"https:\/\/www.pressenza.com\/es\/2021\/01\/diez-pasos-para-reinventar-el-sistema-electrico\/#breadcrumb\"},\"inLanguage\":\"es\",\"potentialAction\":[{\"@type\":\"ReadAction\",\"target\":[\"https:\/\/www.pressenza.com\/es\/2021\/01\/diez-pasos-para-reinventar-el-sistema-electrico\/\"]}]},{\"@type\":\"ImageObject\",\"inLanguage\":\"es\",\"@id\":\"https:\/\/www.pressenza.com\/es\/2021\/01\/diez-pasos-para-reinventar-el-sistema-electrico\/#primaryimage\",\"url\":\"https:\/\/www.pressenza.com\/wp-content\/uploads\/2021\/01\/mercadoelectrico-1200x799-1.jpg\",\"contentUrl\":\"https:\/\/www.pressenza.com\/wp-content\/uploads\/2021\/01\/mercadoelectrico-1200x799-1.jpg\",\"width\":1200,\"height\":799},{\"@type\":\"BreadcrumbList\",\"@id\":\"https:\/\/www.pressenza.com\/es\/2021\/01\/diez-pasos-para-reinventar-el-sistema-electrico\/#breadcrumb\",\"itemListElement\":[{\"@type\":\"ListItem\",\"position\":1,\"name\":\"Accueil\",\"item\":\"https:\/\/www.pressenza.com\/es\/\"},{\"@type\":\"ListItem\",\"position\":2,\"name\":\"Diez pasos para reinventar el sistema el\u00e9ctrico\"}]},{\"@type\":\"WebSite\",\"@id\":\"https:\/\/www.pressenza.com\/es\/#website\",\"url\":\"https:\/\/www.pressenza.com\/es\/\",\"name\":\"Pressenza\",\"description\":\"International Press Agency\",\"publisher\":{\"@id\":\"https:\/\/www.pressenza.com\/es\/#organization\"},\"potentialAction\":[{\"@type\":\"SearchAction\",\"target\":{\"@type\":\"EntryPoint\",\"urlTemplate\":\"https:\/\/www.pressenza.com\/es\/?s={search_term_string}\"},\"query-input\":{\"@type\":\"PropertyValueSpecification\",\"valueRequired\":true,\"valueName\":\"search_term_string\"}}],\"inLanguage\":\"es\"},{\"@type\":\"Organization\",\"@id\":\"https:\/\/www.pressenza.com\/es\/#organization\",\"name\":\"Pressenza\",\"url\":\"https:\/\/www.pressenza.com\/es\/\",\"logo\":{\"@type\":\"ImageObject\",\"inLanguage\":\"es\",\"@id\":\"https:\/\/www.pressenza.com\/es\/#\/schema\/logo\/image\/\",\"url\":\"https:\/\/www.pressenza.com\/wp-content\/uploads\/2022\/10\/pressenza_logo_200x200.jpg\",\"contentUrl\":\"https:\/\/www.pressenza.com\/wp-content\/uploads\/2022\/10\/pressenza_logo_200x200.jpg\",\"width\":200,\"height\":200,\"caption\":\"Pressenza\"},\"image\":{\"@id\":\"https:\/\/www.pressenza.com\/es\/#\/schema\/logo\/image\/\"},\"sameAs\":[\"https:\/\/www.facebook.com\/PressenzaItalia\",\"https:\/\/x.com\/PressenzaIPA\"]},{\"@type\":\"Person\",\"@id\":\"https:\/\/www.pressenza.com\/es\/#\/schema\/person\/fffbbe2f14495897417f313a954dae23\",\"name\":\"Redacci\u00f3n Espa\u00f1a\",\"url\":\"https:\/\/www.pressenza.com\/es\/author\/redaccion-espana\/\"}]}<\/script>\n<!-- \/ Yoast SEO plugin. -->","yoast_head_json":{"title":"Diez pasos para reinventar el sistema el\u00e9ctrico","description":"Greenpeace propone un dec\u00e1logo que inspire la imprescindible transformaci\u00f3n integral del mercado el\u00e9ctrico mayorista El objetivo: un sistema el\u00e9ctrico","robots":{"index":"index","follow":"follow","max-snippet":"max-snippet:-1","max-image-preview":"max-image-preview:large","max-video-preview":"max-video-preview:-1"},"canonical":"https:\/\/www.pressenza.com\/es\/2021\/01\/diez-pasos-para-reinventar-el-sistema-electrico\/","og_locale":"es_ES","og_type":"article","og_title":"Diez pasos para reinventar el sistema el\u00e9ctrico","og_description":"Greenpeace propone un dec\u00e1logo que inspire la imprescindible transformaci\u00f3n integral del mercado el\u00e9ctrico mayorista El objetivo: un sistema el\u00e9ctrico","og_url":"https:\/\/www.pressenza.com\/es\/2021\/01\/diez-pasos-para-reinventar-el-sistema-electrico\/","og_site_name":"Pressenza","article_publisher":"https:\/\/www.facebook.com\/PressenzaItalia","article_published_time":"2021-01-28T17:27:09+00:00","og_image":[{"width":1200,"height":799,"url":"https:\/\/www.pressenza.com\/wp-content\/uploads\/2021\/01\/mercadoelectrico-1200x799-1.jpg","type":"image\/jpeg"}],"author":"Redacci\u00f3n Espa\u00f1a","twitter_card":"summary_large_image","twitter_creator":"@PressenzaIPA","twitter_site":"@PressenzaIPA","twitter_misc":{"Escrito por":"Redacci\u00f3n Espa\u00f1a","Tiempo de lectura":"5 minutos"},"schema":{"@context":"https:\/\/schema.org","@graph":[{"@type":"Article","@id":"https:\/\/www.pressenza.com\/es\/2021\/01\/diez-pasos-para-reinventar-el-sistema-electrico\/#article","isPartOf":{"@id":"https:\/\/www.pressenza.com\/es\/2021\/01\/diez-pasos-para-reinventar-el-sistema-electrico\/"},"author":{"name":"Redacci\u00f3n Espa\u00f1a","@id":"https:\/\/www.pressenza.com\/es\/#\/schema\/person\/fffbbe2f14495897417f313a954dae23"},"headline":"Diez pasos para reinventar el sistema el\u00e9ctrico","datePublished":"2021-01-28T17:27:09+00:00","mainEntityOfPage":{"@id":"https:\/\/www.pressenza.com\/es\/2021\/01\/diez-pasos-para-reinventar-el-sistema-electrico\/"},"wordCount":1094,"publisher":{"@id":"https:\/\/www.pressenza.com\/es\/#organization"},"image":{"@id":"https:\/\/www.pressenza.com\/es\/2021\/01\/diez-pasos-para-reinventar-el-sistema-electrico\/#primaryimage"},"thumbnailUrl":"https:\/\/www.pressenza.com\/wp-content\/uploads\/2021\/01\/mercadoelectrico-1200x799-1.jpg","keywords":["DDHH","Justicia Social","mercado el\u00e9ctrico"],"articleSection":["Comunicados de Prensa","Ecolog\u00eda y Medio Ambiente","Europa"],"inLanguage":"es"},{"@type":"WebPage","@id":"https:\/\/www.pressenza.com\/es\/2021\/01\/diez-pasos-para-reinventar-el-sistema-electrico\/","url":"https:\/\/www.pressenza.com\/es\/2021\/01\/diez-pasos-para-reinventar-el-sistema-electrico\/","name":"Diez pasos para reinventar el sistema el\u00e9ctrico","isPartOf":{"@id":"https:\/\/www.pressenza.com\/es\/#website"},"primaryImageOfPage":{"@id":"https:\/\/www.pressenza.com\/es\/2021\/01\/diez-pasos-para-reinventar-el-sistema-electrico\/#primaryimage"},"image":{"@id":"https:\/\/www.pressenza.com\/es\/2021\/01\/diez-pasos-para-reinventar-el-sistema-electrico\/#primaryimage"},"thumbnailUrl":"https:\/\/www.pressenza.com\/wp-content\/uploads\/2021\/01\/mercadoelectrico-1200x799-1.jpg","datePublished":"2021-01-28T17:27:09+00:00","description":"Greenpeace propone un dec\u00e1logo que inspire la imprescindible transformaci\u00f3n integral del mercado el\u00e9ctrico mayorista El objetivo: un sistema el\u00e9ctrico","breadcrumb":{"@id":"https:\/\/www.pressenza.com\/es\/2021\/01\/diez-pasos-para-reinventar-el-sistema-electrico\/#breadcrumb"},"inLanguage":"es","potentialAction":[{"@type":"ReadAction","target":["https:\/\/www.pressenza.com\/es\/2021\/01\/diez-pasos-para-reinventar-el-sistema-electrico\/"]}]},{"@type":"ImageObject","inLanguage":"es","@id":"https:\/\/www.pressenza.com\/es\/2021\/01\/diez-pasos-para-reinventar-el-sistema-electrico\/#primaryimage","url":"https:\/\/www.pressenza.com\/wp-content\/uploads\/2021\/01\/mercadoelectrico-1200x799-1.jpg","contentUrl":"https:\/\/www.pressenza.com\/wp-content\/uploads\/2021\/01\/mercadoelectrico-1200x799-1.jpg","width":1200,"height":799},{"@type":"BreadcrumbList","@id":"https:\/\/www.pressenza.com\/es\/2021\/01\/diez-pasos-para-reinventar-el-sistema-electrico\/#breadcrumb","itemListElement":[{"@type":"ListItem","position":1,"name":"Accueil","item":"https:\/\/www.pressenza.com\/es\/"},{"@type":"ListItem","position":2,"name":"Diez pasos para reinventar el sistema el\u00e9ctrico"}]},{"@type":"WebSite","@id":"https:\/\/www.pressenza.com\/es\/#website","url":"https:\/\/www.pressenza.com\/es\/","name":"Pressenza","description":"International Press Agency","publisher":{"@id":"https:\/\/www.pressenza.com\/es\/#organization"},"potentialAction":[{"@type":"SearchAction","target":{"@type":"EntryPoint","urlTemplate":"https:\/\/www.pressenza.com\/es\/?s={search_term_string}"},"query-input":{"@type":"PropertyValueSpecification","valueRequired":true,"valueName":"search_term_string"}}],"inLanguage":"es"},{"@type":"Organization","@id":"https:\/\/www.pressenza.com\/es\/#organization","name":"Pressenza","url":"https:\/\/www.pressenza.com\/es\/","logo":{"@type":"ImageObject","inLanguage":"es","@id":"https:\/\/www.pressenza.com\/es\/#\/schema\/logo\/image\/","url":"https:\/\/www.pressenza.com\/wp-content\/uploads\/2022\/10\/pressenza_logo_200x200.jpg","contentUrl":"https:\/\/www.pressenza.com\/wp-content\/uploads\/2022\/10\/pressenza_logo_200x200.jpg","width":200,"height":200,"caption":"Pressenza"},"image":{"@id":"https:\/\/www.pressenza.com\/es\/#\/schema\/logo\/image\/"},"sameAs":["https:\/\/www.facebook.com\/PressenzaItalia","https:\/\/x.com\/PressenzaIPA"]},{"@type":"Person","@id":"https:\/\/www.pressenza.com\/es\/#\/schema\/person\/fffbbe2f14495897417f313a954dae23","name":"Redacci\u00f3n Espa\u00f1a","url":"https:\/\/www.pressenza.com\/es\/author\/redaccion-espana\/"}]}},"place":"","original_article_url":"","_links":{"self":[{"href":"https:\/\/www.pressenza.com\/es\/wp-json\/wp\/v2\/posts\/1287328","targetHints":{"allow":["GET"]}}],"collection":[{"href":"https:\/\/www.pressenza.com\/es\/wp-json\/wp\/v2\/posts"}],"about":[{"href":"https:\/\/www.pressenza.com\/es\/wp-json\/wp\/v2\/types\/post"}],"author":[{"embeddable":true,"href":"https:\/\/www.pressenza.com\/es\/wp-json\/wp\/v2\/users\/1681"}],"replies":[{"embeddable":true,"href":"https:\/\/www.pressenza.com\/es\/wp-json\/wp\/v2\/comments?post=1287328"}],"version-history":[{"count":0,"href":"https:\/\/www.pressenza.com\/es\/wp-json\/wp\/v2\/posts\/1287328\/revisions"}],"wp:featuredmedia":[{"embeddable":true,"href":"https:\/\/www.pressenza.com\/es\/wp-json\/wp\/v2\/media\/1287356"}],"wp:attachment":[{"href":"https:\/\/www.pressenza.com\/es\/wp-json\/wp\/v2\/media?parent=1287328"}],"wp:term":[{"taxonomy":"category","embeddable":true,"href":"https:\/\/www.pressenza.com\/es\/wp-json\/wp\/v2\/categories?post=1287328"},{"taxonomy":"post_tag","embeddable":true,"href":"https:\/\/www.pressenza.com\/es\/wp-json\/wp\/v2\/tags?post=1287328"}],"curies":[{"name":"wp","href":"https:\/\/api.w.org\/{rel}","templated":true}]}}