{"id":1287,"date":"2009-09-10T00:00:00","date_gmt":"2009-09-10T00:00:00","guid":{"rendered":""},"modified":"2009-09-12T17:13:28","modified_gmt":"2009-09-12T17:13:28","slug":"relato-de-un-expedicionario-a-la-cima-del-monte-ararat","status":"publish","type":"post","link":"https:\/\/www.pressenza.com\/es\/2009\/09\/relato-de-un-expedicionario-a-la-cima-del-monte-ararat\/","title":{"rendered":"Relato de un expedicionario a la cima del monte Ararat"},"content":{"rendered":"<p>*En los alrededores del Himalaya, del monte Ararat, de los Andes, y en otros puntos se encuentran estos centros que permanecen unidos. Usted conocer\u00e1 la leyenda del monte Mer\u00fa. Ese monte no existe en un lugar preciso. Es, simplemente, el monte que une la Tierra con el cielo. Los centros de iniciaci\u00f3n suelen corresponder a un paisaje f\u00edsico que despierta el paisaje mental del monte Mer\u00fa.*<\/p>\n<p>*Informe Tokarev, 1981*<\/p>\n<p>&#8230; aprovechando la oportunidad de difundir la MM, me decid\u00ed a acercarme a ese punto del espacio que me llamaba la atenci\u00f3n desde hace tiempo.<\/p>\n<p>H\u00fclya propuso anunciar el Mensaje de Paz y No-Violencia desde la cumbre del Ararat el d\u00eda 6 de agosto, d\u00eda del aniversario del ataque nuclear a Hiroshima y Nagasaki y r\u00e1pidamente apoyamos esta iniciativa&#8230;<\/p>\n<p>**4-8-2009**<\/p>\n<p>La subida la hice orando, pidiendo fuerzas, ya que mis fuerzas eran limitadas.<\/p>\n<p>Empec\u00e9 a relacionar la falta de oxigeno con visiones, tal como aparece en el Informe Tokarev.<\/p>\n<p>El zigurat que conformaba la cantidad de monta\u00f1eros seg\u00fan iban subiendo la monta\u00f1a, me hicieron recordar las monta\u00f1as-templo que constru\u00edan aqu\u00ed cerca, en Mesopotamia y otras culturas, donde en sus ceremonias trataban tal vez de tomar contacto con sus dioses, yendo en peregrinaci\u00f3n hasta lo alto.<\/p>\n<p>![](http:\/\/pressenza.com\/uploads\/assets\/11eefb2e7bae348b8baea9435895db42ee73732b.jpg)<\/p>\n<p>Es curioso este gusto o llamado por subir a las monta\u00f1as, sin saber porqu\u00e9.<\/p>\n<p>Hay mucha gente que se siente atra\u00edda por las monta\u00f1as, tal vez es una traducci\u00f3n de un llamado que sin entenderse bien, opera. Sin embargo el estudio de este llamado no es tan com\u00fan. Me gust\u00f3 observar como este llamado est\u00e1 operando, como la imagen m\u00edtica del monte sagrado donde Dios hizo un pacto con No\u00e9, est\u00e1 en nuestra memoria, en nuestro paisaje.<\/p>\n<p>En los l\u00edmites f\u00edsicos aparecen im\u00e1genes relacionadas con la muerte y el m\u00e1s all\u00e1.<\/p>\n<p>Traspasar esos l\u00edmites puede producir nuevas experiencias que ampl\u00edan la visi\u00f3n cotidiana. Eso es lo que me estaba pasando, ya que mis fuerzas no eran suficientes y aparec\u00edan signos de agotamiento. La altura y la falta de forma f\u00edsica hac\u00edan su trabajo.<\/p>\n<p>Empezaban a aparecer im\u00e1genes que r\u00e1pidamente relacion\u00e9 con los limites corporales y ps\u00edquicos.<\/p>\n<p>*&#8230; casi todos los estados alterados de conciencia responden a procesos de anoxia neuronal y desarreglo enzim\u00e1tico cerebral. Cualquier pr\u00e1ctica ritual que investigue, lo llevar\u00e1 al mismo resultado. No importa que se induzca el fen\u00f3meno por v\u00eda qu\u00edmica, respiratoria, mec\u00e1nica, asc\u00e9tica&#8230; Siempre llegar\u00e1 al mismo resultado: desarreglo enzim\u00e1tico, anoxia neuronal!*<\/p>\n<p>*Informe Tokarev, 1981*<\/p>\n<p>\u00abEl significado de la monta\u00f1a\u00bb, que aparece en tantas culturas tal vez se relacione con las experiencias que se dan al tratar de subir a ellas.<\/p>\n<p>Al igual que los alquimistas que trabajando con substancias eran afectados por ellas, tal vez sin darse cuenta y la conciencia se alteraba, lo mismo estaba sucediendo ahora.<\/p>\n<p>As\u00ed la falta de ox\u00edgeno, produce un estado no habitual, donde se disparan los mecanismos de defensa de la vida.<\/p>\n<p>Momentos similares a la muerte, disparan un comportamiento de \u00absalvaci\u00f3n\u00bb de la conciencia, curiosamente encomend\u00e1ndose a \u00abalgo\u00bb afuera de ella que le ayude. Record\u00e9 que algo similar me pas\u00f3 cuando me estaba ahogando en el mar, donde se disparaban las im\u00e1genes de mi vida, y surg\u00eda con fuerza un pedido de ayuda&#8230; tal vez eso fue lo que ayud\u00f3 a que me escucharan y me salvaran in extremis&#8230;<\/p>\n<p>El significado de dejar marcas de Silo, de llevar el Mensaje escrito y digital, as\u00ed como una piedra de hierro (de los alrededores del Aconcagua) para dejarla en lo alto de la monta\u00f1a, es un acto m\u00e1gico que pretende afectar al operador por el significado interno que tiene. A modo de llave que \u00ababre\u00bb la monta\u00f1a, como si de un c\u00f3digo gen\u00e9tico se tratara y el programa comenzara a operar.<\/p>\n<p>As\u00ed, si el Aconcagua puede despertarse, tambi\u00e9n los otros montes \u00abMer\u00fa\u00bb pueden despertarse, que son en realidad el mismo.<\/p>\n<p>El monte Mer\u00fa interno, puede activarse si hay una gran necesidad y persistencia en el pedido y tal vez alguna \u00abayuda\u00bb.<\/p>\n<p>**6-8-2009**<\/p>\n<p>En la madrugada del d\u00eda 6, aproximadamente a la 1 a.m. nos levantamos. Era plena noche, aunque acompa\u00f1ados por la luz de la luna y un zigurat de luces que sub\u00edan la monta\u00f1a, eran los monta\u00f1eros con linternas en sus cabezas, que daban una atm\u00f3sfera on\u00edrica. Parec\u00edan luci\u00e9rnagas en la monta\u00f1as, subiendo hasta perderse en la oscuridad de la monta\u00f1a.<\/p>\n<p>A medida que sub\u00edamos, el ox\u00edgeno y las fuerzas faltaban, el cansancio se acumulaba y la respiraci\u00f3n se hacia dif\u00edcil. Hasta que lleg\u00f3 un momento despu\u00e9s de varias horas subiendo que empezaron los mareos, nauseas, debilidad general. Estaba llegando a un l\u00edmite, que tal vez podr\u00eda llegar a superar si segu\u00eda, lo que no sabia era a costa de qu\u00e9.<\/p>\n<p>Pens\u00e9 que eran se\u00f1ales sabias, parec\u00eda mejor descansar y preguntarme, \u00bfqu\u00e9 estoy buscando?.<\/p>\n<p>As\u00ed que viendo que los otros pod\u00edan llegar tal vez sin problemas, ya que estaban mejor preparados, pod\u00edan hacer su parte. Yo har\u00eda mi parte manteni\u00e9ndome en el mejor estado posible. No importaba el \u00e9xito de la cumbre, lo importante era escuchar la voz interior, sentir el significado de lo que hab\u00eda ido a buscar, sin fijarme en la mirada externa.<\/p>\n<p>Me qued\u00e9 solo a esa altura, en un gran silencio, en una gran calma.<\/p>\n<p>Me dije: Hemos fracasado en la subida, pero insistimos en nuestras actividades.<\/p>\n<p>Acompa\u00f1amos la expedici\u00f3n hasta aproximadamente los 4.700 mts y luego les dejamos continuar. Para m\u00ed no hab\u00eda ox\u00edgeno suficiente. As\u00ed que tranquilamente baj\u00e9 al campamento por encima de los 4.000 mts., viendo el amanecer a las 4 \u00f3 5 de la madrugada, con el sol por un lado y la luna llena por el otro. Hab\u00eda un gran silencio y una gran liviandad. Fue un momento curioso en el que prefer\u00eda no forzar para llegar a la cumbre y sentir que hac\u00eda lo que pod\u00eda. Estar en paz conmigo. Descend\u00ed entre piedras y hielo por un sendero con una gran tranquilidad viendo la llanura y la luna naranja reflejada en un lago.<\/p>\n<p>&#8230; la bajada del Ararat, fue el comienzo de la \u00abvuelta\u00bb a un mundo conocido, con una compa\u00f1\u00eda tambi\u00e9n conocida, y muy presente, que a modo de \u00abclaridad\u00bb acompa\u00f1aba mis pasos.<\/p>\n<p>&#8230; era estar en el limite de los mundos, en la entrada a otra \u00abatm\u00f3sfera\u00bb&#8230; recuerdo que el fracaso abri\u00f3 la \u00abpuerta\u00bb al \u00abvac\u00edo\u00bb y este se expres\u00f3 como \u00abpresencia\u00bb, como compa\u00f1\u00eda vac\u00eda y claridad. No ten\u00eda nada, s\u00f3lo mi camino y yo, que volv\u00eda a mi mundo como un peregrino.<\/p>\n<p>&#8230; record\u00e9 la bajada de los \u00abinspirados\u00bb con un mensaje de bondad en su coraz\u00f3n, como habiendo sido \u00abtocados\u00bb por un plan de la creaci\u00f3n. Era tal vez la voz de lo profundo que al abrirse por la puerta del fracaso, dej\u00f3 entrever una intenci\u00f3n.<\/p>\n<p>&#8230; esper\u00e9 a mis compa\u00f1eros en el campamento a m\u00e1s de 4.000 metros y bajamos y bajamos muchos kil\u00f3metros caminando por las monta\u00f1as. Curiosamente nos cruzamos con armenios, rusos, y una procesi\u00f3n de iran\u00edes (unos 30 \u00f3 40 cantando alabanzas) que con enormes banderas en farsi, desplegadas al viento y con lemas sobre la grandeza de Al\u00e1 sub\u00edan por el sendero en direcci\u00f3n hacia la cumbre.<\/p>\n<p>As\u00ed continuamos bajando hasta llegar a las casas de los n\u00f3madas, que viv\u00edan en enormes prados verdes de las monta\u00f1as con sus animales. Nos obsequiaron con un cordero y yogurt para festejar la bajada del monte Ararat (Agri).<\/p>\n<p>**20-8-2009**<\/p>\n<p>Geograf\u00eda y Tiempo M\u00edticos (ocurrencias y relaciones despu\u00e9s de la bajada)<\/p>\n<p>&#8230; la traducci\u00f3n de impulsos corporales, asociado a la materia prima de memoria, configura un tiempo y espacio de representaci\u00f3n.<br \/>\nEste espacio-tiempo cuando traduce \u00ablo trascendental\u00bb configura el espacio y tiempo m\u00edtico.<\/p>\n<p>En el plan de vida, hay una intenci\u00f3n que no es de este mundo, tiene un proyecto y se traduce en el mundo fenom\u00e9nico con im\u00e1genes que est\u00e1n asociadas a registros de \u00ablo bello\u00bb, \u00ablo justo\u00bb, \u00ablo feliz\u00bb, etc&#8230;<\/p>\n<p>El cerrar los ojos, veo un mundo conocido, recordado, pero con capacidad para la pl\u00e1stica, para cambiar a gusto del observador sin l\u00edmites&#8230; Estos l\u00edmites son puestos por el desarrollo de la capacidad de imaginar, que se puede desarrollar.<\/p>\n<p>Este espacio de representaci\u00f3n interno tiene l\u00edmites en todas direcciones, al estilo de las m\u00f3nadas de Leibniz, pero se produce un curioso fen\u00f3meno de traspaso del l\u00edmite, con p\u00e9rdida de recuerdo, como si entr\u00e1ramos en otro espacio-tiempo, por lo que somos subcionados si estamos en disposici\u00f3n de ser abducidos.<br \/>\nLas traducciones que llegan despu\u00e9s de volver de ese espacio-tiempo son inspiradoras, entusiasmantes, electrizantes, luminosas, cristalinas, transmiten la sensaci\u00f3n de una compa\u00f1\u00eda invisible, voces o sonidos que brotan en los l\u00edmites de la cabeza, es como estar en contacto con otro mundo y del que tenemos estas constantes traducciones.<\/p>\n<p>Una tormenta calma de im\u00e1genes fluyen desde alg\u00fan lugar en la parte alta de la cabeza, tal como si el \u00abc\u00f3rtex\u00bb se activara produciendo descargas el\u00e9ctricas, como las tormentas de rayos que se ven desde los aviones, con miles de descargas lum\u00ednicas en la noche oscura, como si \u00abseres angelicales\u00bb volaran alrededor de uno, mostrando que somos algo m\u00e1s de la imagen que tenemos de nosotros, de aquello que nos han ense\u00f1ado. <\/p>\n<p>Estas notas del 20-8-2009 fueron hechas en el camino de vuelta en el avi\u00f3n cuando vi un horizonte que me record\u00f3 la bajada del Ararat.<\/p>\n<p>Sentimos que un mundo de claridad, luz, inspiraci\u00f3n, calma, est\u00e1 en los l\u00edmites del espacio de la representaci\u00f3n, tambi\u00e9n podemos decir tal vez que se trata de lo profundo de la mente humana.<br \/>\nEsta sutil mente humana o esp\u00edritu, traspasa los mundos ps\u00edquico y corporal, como un agua de fuente limpia y clara, llena de vida, de energ\u00eda.<\/p>\n<p>&#8230; en la \u00abbajada de la monta\u00f1a\u00bb (Ararat) sent\u00ed aquel mundo, que hab\u00eda ido a buscar, sent\u00ed la puerta entreabierta de la \u00abmonta\u00f1a\u00bb, entre el sol y la luna (naranja reflejada en el lago).<\/p>\n<p>&#8230; era \u00abel amanecer\u00bb de un nuevo d\u00eda, de un nuevo mundo, que anidaba en lo profundo y que la decisi\u00f3n de sentir el fracaso (descendiendo y no culminando la cima) hab\u00eda abierto.<\/p>\n<p>&#8230; quer\u00eda conocer el secreto que une las monta\u00f1as sagradas, quer\u00eda sentir el hilo que las mantiene unidas y lo encontr\u00e9 en el \u00abcoraz\u00f3n humano\u00bb en la \u00abmonta\u00f1a sagrada\u00bb que como representaci\u00f3n vive en cada uno.<\/p>\n<p>Estamos unidos porque representamos del mismo modo.<\/p>\n<p>La estructura de la conciencia humana es igual y todos pueden estar conectados del mismo modo si nos movemos por nuestro espacio de representaci\u00f3n que es igual.<\/p>\n<p>Esta estructura de conciencia est\u00e1 conectada a una intenci\u00f3n profunda, en realidad esta conciencia humana es manifestaci\u00f3n de la intenci\u00f3n profunda, de la cual parte y por la que nos manifestamos en el mundo con una misi\u00f3n o intenci\u00f3n, expandir esta chispa divina, esta luz, abrir paso en la oscuridad, aumentar la conciencia luminosa, como si la luz quisiera brillar m\u00e1s intensamente, tiene las caracter\u00edsticas del amor que rad\u00eda intensamente.<\/p>\n<p>Por eso tal vez, los \u00abm\u00edsticos\u00bb quedan subyugados por esa luz, por ese centro luminoso que rad\u00eda con enorme fuerza, &#8230; as\u00ed en el centro de la cabeza se activa un lugar luminoso, en el centro del pecho resuena esa luz o emoci\u00f3n, la vibraci\u00f3n aumenta y la divisi\u00f3n yo-mundo desaparece, desapareciendo el l\u00edmite corporal y apareciendo algo que aleg\u00f3ricamente podr\u00edamos decir es un \u00absol radiante\u00bb.<\/p>\n","protected":false},"excerpt":{"rendered":"<p>Relato del ascenso al m\u00edtico Monte Ararat realizado por un equipo de la MM. En el lugar de fuerte significado espiritual, se han dejado unas piedras del monte Aconcagua, \u201c&#8230;quer\u00eda conocer el secreto que une las monta\u00f1as sagradas, quer\u00eda sentir el hilo que las mantiene unidas y lo encontr\u00e9 en el \u201ccoraz\u00f3n humano\u201d en la \u201cmonta\u00f1a sagrada\u201d que como representaci\u00f3n vive en cada uno.<\/p>\n","protected":false},"author":19,"featured_media":0,"comment_status":"closed","ping_status":"open","sticky":false,"template":"","format":"standard","meta":{"footnotes":""},"categories":[75,39,71,161],"tags":[],"class_list":["post-1287","post","type-post","status-publish","format-standard","hentry","category-cultura-es","category-internacional","category-medio-oriente-es","category-opiniones"],"yoast_head":"<!-- This site is optimized with the Yoast SEO plugin v27.1.1 - https:\/\/yoast.com\/product\/yoast-seo-wordpress\/ -->\n<title>Relato de un expedicionario a la cima del monte Ararat<\/title>\n<meta name=\"description\" content=\"Relato del ascenso al m\u00edtico Monte Ararat realizado por un equipo de la MM. En el lugar de fuerte significado espiritual, se han dejado unas piedras del monte Aconcagua, \u201c...quer\u00eda conocer el secreto que une las monta\u00f1as sagradas, quer\u00eda sentir el hilo que las mantiene unidas y lo encontr\u00e9 en el \u201ccoraz\u00f3n humano\u201d en la \u201cmonta\u00f1a sagrada\u201d que como representaci\u00f3n vive en cada uno.\" \/>\n<meta name=\"robots\" content=\"index, follow, max-snippet:-1, max-image-preview:large, max-video-preview:-1\" \/>\n<link rel=\"canonical\" href=\"https:\/\/www.pressenza.com\/es\/2009\/09\/relato-de-un-expedicionario-a-la-cima-del-monte-ararat\/\" \/>\n<meta property=\"og:locale\" content=\"es_ES\" \/>\n<meta property=\"og:type\" content=\"article\" \/>\n<meta property=\"og:title\" content=\"Relato de un expedicionario a la cima del monte Ararat\" \/>\n<meta property=\"og:description\" content=\"Relato del ascenso al m\u00edtico Monte Ararat realizado por un equipo de la MM. En el lugar de fuerte significado espiritual, se han dejado unas piedras del monte Aconcagua, \u201c...quer\u00eda conocer el secreto que une las monta\u00f1as sagradas, quer\u00eda sentir el hilo que las mantiene unidas y lo encontr\u00e9 en el \u201ccoraz\u00f3n humano\u201d en la \u201cmonta\u00f1a sagrada\u201d que como representaci\u00f3n vive en cada uno.\" \/>\n<meta property=\"og:url\" content=\"https:\/\/www.pressenza.com\/es\/2009\/09\/relato-de-un-expedicionario-a-la-cima-del-monte-ararat\/\" \/>\n<meta property=\"og:site_name\" content=\"Pressenza\" \/>\n<meta property=\"article:publisher\" content=\"https:\/\/www.facebook.com\/PressenzaItalia\" \/>\n<meta property=\"article:author\" content=\"https:\/\/www.facebook.com\/pressenza\" \/>\n<meta property=\"article:published_time\" content=\"2009-09-10T00:00:00+00:00\" \/>\n<meta property=\"article:modified_time\" content=\"2009-09-12T17:13:28+00:00\" \/>\n<meta name=\"author\" content=\"Pressenza IPA\" \/>\n<meta name=\"twitter:card\" content=\"summary_large_image\" \/>\n<meta name=\"twitter:creator\" content=\"@PressenzaIPA\" \/>\n<meta name=\"twitter:site\" content=\"@PressenzaIPA\" \/>\n<meta name=\"twitter:label1\" content=\"Escrito por\" \/>\n\t<meta name=\"twitter:data1\" content=\"Pressenza IPA\" \/>\n\t<meta name=\"twitter:label2\" content=\"Tiempo de lectura\" \/>\n\t<meta name=\"twitter:data2\" content=\"10 minutos\" \/>\n<script type=\"application\/ld+json\" class=\"yoast-schema-graph\">{\"@context\":\"https:\/\/schema.org\",\"@graph\":[{\"@type\":\"Article\",\"@id\":\"https:\/\/www.pressenza.com\/es\/2009\/09\/relato-de-un-expedicionario-a-la-cima-del-monte-ararat\/#article\",\"isPartOf\":{\"@id\":\"https:\/\/www.pressenza.com\/es\/2009\/09\/relato-de-un-expedicionario-a-la-cima-del-monte-ararat\/\"},\"author\":{\"name\":\"Pressenza IPA\",\"@id\":\"https:\/\/www.pressenza.com\/es\/#\/schema\/person\/010e5d02bcf40965427a1289a4cc8d75\"},\"headline\":\"Relato de un expedicionario a la cima del monte Ararat\",\"datePublished\":\"2009-09-10T00:00:00+00:00\",\"dateModified\":\"2009-09-12T17:13:28+00:00\",\"mainEntityOfPage\":{\"@id\":\"https:\/\/www.pressenza.com\/es\/2009\/09\/relato-de-un-expedicionario-a-la-cima-del-monte-ararat\/\"},\"wordCount\":2050,\"publisher\":{\"@id\":\"https:\/\/www.pressenza.com\/es\/#organization\"},\"articleSection\":[\"Cultura y Medios\",\"Internacional\",\"Medio Oriente\",\"Opiniones\"],\"inLanguage\":\"es\"},{\"@type\":\"WebPage\",\"@id\":\"https:\/\/www.pressenza.com\/es\/2009\/09\/relato-de-un-expedicionario-a-la-cima-del-monte-ararat\/\",\"url\":\"https:\/\/www.pressenza.com\/es\/2009\/09\/relato-de-un-expedicionario-a-la-cima-del-monte-ararat\/\",\"name\":\"Relato de un expedicionario a la cima del monte Ararat\",\"isPartOf\":{\"@id\":\"https:\/\/www.pressenza.com\/es\/#website\"},\"datePublished\":\"2009-09-10T00:00:00+00:00\",\"dateModified\":\"2009-09-12T17:13:28+00:00\",\"description\":\"Relato del ascenso al m\u00edtico Monte Ararat realizado por un equipo de la MM. En el lugar de fuerte significado espiritual, se han dejado unas piedras del monte Aconcagua, \u201c...quer\u00eda conocer el secreto que une las monta\u00f1as sagradas, quer\u00eda sentir el hilo que las mantiene unidas y lo encontr\u00e9 en el \u201ccoraz\u00f3n humano\u201d en la \u201cmonta\u00f1a sagrada\u201d que como representaci\u00f3n vive en cada uno.\",\"breadcrumb\":{\"@id\":\"https:\/\/www.pressenza.com\/es\/2009\/09\/relato-de-un-expedicionario-a-la-cima-del-monte-ararat\/#breadcrumb\"},\"inLanguage\":\"es\",\"potentialAction\":[{\"@type\":\"ReadAction\",\"target\":[\"https:\/\/www.pressenza.com\/es\/2009\/09\/relato-de-un-expedicionario-a-la-cima-del-monte-ararat\/\"]}]},{\"@type\":\"BreadcrumbList\",\"@id\":\"https:\/\/www.pressenza.com\/es\/2009\/09\/relato-de-un-expedicionario-a-la-cima-del-monte-ararat\/#breadcrumb\",\"itemListElement\":[{\"@type\":\"ListItem\",\"position\":1,\"name\":\"Accueil\",\"item\":\"https:\/\/www.pressenza.com\/es\/\"},{\"@type\":\"ListItem\",\"position\":2,\"name\":\"Relato de un expedicionario a la cima del monte Ararat\"}]},{\"@type\":\"WebSite\",\"@id\":\"https:\/\/www.pressenza.com\/es\/#website\",\"url\":\"https:\/\/www.pressenza.com\/es\/\",\"name\":\"Pressenza\",\"description\":\"International Press Agency\",\"publisher\":{\"@id\":\"https:\/\/www.pressenza.com\/es\/#organization\"},\"potentialAction\":[{\"@type\":\"SearchAction\",\"target\":{\"@type\":\"EntryPoint\",\"urlTemplate\":\"https:\/\/www.pressenza.com\/es\/?s={search_term_string}\"},\"query-input\":{\"@type\":\"PropertyValueSpecification\",\"valueRequired\":true,\"valueName\":\"search_term_string\"}}],\"inLanguage\":\"es\"},{\"@type\":\"Organization\",\"@id\":\"https:\/\/www.pressenza.com\/es\/#organization\",\"name\":\"Pressenza\",\"url\":\"https:\/\/www.pressenza.com\/es\/\",\"logo\":{\"@type\":\"ImageObject\",\"inLanguage\":\"es\",\"@id\":\"https:\/\/www.pressenza.com\/es\/#\/schema\/logo\/image\/\",\"url\":\"https:\/\/www.pressenza.com\/wp-content\/uploads\/2022\/10\/pressenza_logo_200x200.jpg\",\"contentUrl\":\"https:\/\/www.pressenza.com\/wp-content\/uploads\/2022\/10\/pressenza_logo_200x200.jpg\",\"width\":200,\"height\":200,\"caption\":\"Pressenza\"},\"image\":{\"@id\":\"https:\/\/www.pressenza.com\/es\/#\/schema\/logo\/image\/\"},\"sameAs\":[\"https:\/\/www.facebook.com\/PressenzaItalia\",\"https:\/\/x.com\/PressenzaIPA\"]},{\"@type\":\"Person\",\"@id\":\"https:\/\/www.pressenza.com\/es\/#\/schema\/person\/010e5d02bcf40965427a1289a4cc8d75\",\"name\":\"Pressenza IPA\",\"description\":\"News from Pressenza IPA correspondents\",\"sameAs\":[\"https:\/\/www.facebook.com\/pressenza\",\"https:\/\/x.com\/PressenzaIPA\"],\"url\":\"https:\/\/www.pressenza.com\/es\/author\/pressenza-ipa\/\"}]}<\/script>\n<!-- \/ Yoast SEO plugin. -->","yoast_head_json":{"title":"Relato de un expedicionario a la cima del monte Ararat","description":"Relato del ascenso al m\u00edtico Monte Ararat realizado por un equipo de la MM. En el lugar de fuerte significado espiritual, se han dejado unas piedras del monte Aconcagua, \u201c...quer\u00eda conocer el secreto que une las monta\u00f1as sagradas, quer\u00eda sentir el hilo que las mantiene unidas y lo encontr\u00e9 en el \u201ccoraz\u00f3n humano\u201d en la \u201cmonta\u00f1a sagrada\u201d que como representaci\u00f3n vive en cada uno.","robots":{"index":"index","follow":"follow","max-snippet":"max-snippet:-1","max-image-preview":"max-image-preview:large","max-video-preview":"max-video-preview:-1"},"canonical":"https:\/\/www.pressenza.com\/es\/2009\/09\/relato-de-un-expedicionario-a-la-cima-del-monte-ararat\/","og_locale":"es_ES","og_type":"article","og_title":"Relato de un expedicionario a la cima del monte Ararat","og_description":"Relato del ascenso al m\u00edtico Monte Ararat realizado por un equipo de la MM. En el lugar de fuerte significado espiritual, se han dejado unas piedras del monte Aconcagua, \u201c...quer\u00eda conocer el secreto que une las monta\u00f1as sagradas, quer\u00eda sentir el hilo que las mantiene unidas y lo encontr\u00e9 en el \u201ccoraz\u00f3n humano\u201d en la \u201cmonta\u00f1a sagrada\u201d que como representaci\u00f3n vive en cada uno.","og_url":"https:\/\/www.pressenza.com\/es\/2009\/09\/relato-de-un-expedicionario-a-la-cima-del-monte-ararat\/","og_site_name":"Pressenza","article_publisher":"https:\/\/www.facebook.com\/PressenzaItalia","article_author":"https:\/\/www.facebook.com\/pressenza","article_published_time":"2009-09-10T00:00:00+00:00","article_modified_time":"2009-09-12T17:13:28+00:00","author":"Pressenza IPA","twitter_card":"summary_large_image","twitter_creator":"@PressenzaIPA","twitter_site":"@PressenzaIPA","twitter_misc":{"Escrito por":"Pressenza IPA","Tiempo de lectura":"10 minutos"},"schema":{"@context":"https:\/\/schema.org","@graph":[{"@type":"Article","@id":"https:\/\/www.pressenza.com\/es\/2009\/09\/relato-de-un-expedicionario-a-la-cima-del-monte-ararat\/#article","isPartOf":{"@id":"https:\/\/www.pressenza.com\/es\/2009\/09\/relato-de-un-expedicionario-a-la-cima-del-monte-ararat\/"},"author":{"name":"Pressenza IPA","@id":"https:\/\/www.pressenza.com\/es\/#\/schema\/person\/010e5d02bcf40965427a1289a4cc8d75"},"headline":"Relato de un expedicionario a la cima del monte Ararat","datePublished":"2009-09-10T00:00:00+00:00","dateModified":"2009-09-12T17:13:28+00:00","mainEntityOfPage":{"@id":"https:\/\/www.pressenza.com\/es\/2009\/09\/relato-de-un-expedicionario-a-la-cima-del-monte-ararat\/"},"wordCount":2050,"publisher":{"@id":"https:\/\/www.pressenza.com\/es\/#organization"},"articleSection":["Cultura y Medios","Internacional","Medio Oriente","Opiniones"],"inLanguage":"es"},{"@type":"WebPage","@id":"https:\/\/www.pressenza.com\/es\/2009\/09\/relato-de-un-expedicionario-a-la-cima-del-monte-ararat\/","url":"https:\/\/www.pressenza.com\/es\/2009\/09\/relato-de-un-expedicionario-a-la-cima-del-monte-ararat\/","name":"Relato de un expedicionario a la cima del monte Ararat","isPartOf":{"@id":"https:\/\/www.pressenza.com\/es\/#website"},"datePublished":"2009-09-10T00:00:00+00:00","dateModified":"2009-09-12T17:13:28+00:00","description":"Relato del ascenso al m\u00edtico Monte Ararat realizado por un equipo de la MM. En el lugar de fuerte significado espiritual, se han dejado unas piedras del monte Aconcagua, \u201c...quer\u00eda conocer el secreto que une las monta\u00f1as sagradas, quer\u00eda sentir el hilo que las mantiene unidas y lo encontr\u00e9 en el \u201ccoraz\u00f3n humano\u201d en la \u201cmonta\u00f1a sagrada\u201d que como representaci\u00f3n vive en cada uno.","breadcrumb":{"@id":"https:\/\/www.pressenza.com\/es\/2009\/09\/relato-de-un-expedicionario-a-la-cima-del-monte-ararat\/#breadcrumb"},"inLanguage":"es","potentialAction":[{"@type":"ReadAction","target":["https:\/\/www.pressenza.com\/es\/2009\/09\/relato-de-un-expedicionario-a-la-cima-del-monte-ararat\/"]}]},{"@type":"BreadcrumbList","@id":"https:\/\/www.pressenza.com\/es\/2009\/09\/relato-de-un-expedicionario-a-la-cima-del-monte-ararat\/#breadcrumb","itemListElement":[{"@type":"ListItem","position":1,"name":"Accueil","item":"https:\/\/www.pressenza.com\/es\/"},{"@type":"ListItem","position":2,"name":"Relato de un expedicionario a la cima del monte Ararat"}]},{"@type":"WebSite","@id":"https:\/\/www.pressenza.com\/es\/#website","url":"https:\/\/www.pressenza.com\/es\/","name":"Pressenza","description":"International Press Agency","publisher":{"@id":"https:\/\/www.pressenza.com\/es\/#organization"},"potentialAction":[{"@type":"SearchAction","target":{"@type":"EntryPoint","urlTemplate":"https:\/\/www.pressenza.com\/es\/?s={search_term_string}"},"query-input":{"@type":"PropertyValueSpecification","valueRequired":true,"valueName":"search_term_string"}}],"inLanguage":"es"},{"@type":"Organization","@id":"https:\/\/www.pressenza.com\/es\/#organization","name":"Pressenza","url":"https:\/\/www.pressenza.com\/es\/","logo":{"@type":"ImageObject","inLanguage":"es","@id":"https:\/\/www.pressenza.com\/es\/#\/schema\/logo\/image\/","url":"https:\/\/www.pressenza.com\/wp-content\/uploads\/2022\/10\/pressenza_logo_200x200.jpg","contentUrl":"https:\/\/www.pressenza.com\/wp-content\/uploads\/2022\/10\/pressenza_logo_200x200.jpg","width":200,"height":200,"caption":"Pressenza"},"image":{"@id":"https:\/\/www.pressenza.com\/es\/#\/schema\/logo\/image\/"},"sameAs":["https:\/\/www.facebook.com\/PressenzaItalia","https:\/\/x.com\/PressenzaIPA"]},{"@type":"Person","@id":"https:\/\/www.pressenza.com\/es\/#\/schema\/person\/010e5d02bcf40965427a1289a4cc8d75","name":"Pressenza IPA","description":"News from Pressenza IPA correspondents","sameAs":["https:\/\/www.facebook.com\/pressenza","https:\/\/x.com\/PressenzaIPA"],"url":"https:\/\/www.pressenza.com\/es\/author\/pressenza-ipa\/"}]}},"place":"Ankara","original_article_url":"","_links":{"self":[{"href":"https:\/\/www.pressenza.com\/es\/wp-json\/wp\/v2\/posts\/1287","targetHints":{"allow":["GET"]}}],"collection":[{"href":"https:\/\/www.pressenza.com\/es\/wp-json\/wp\/v2\/posts"}],"about":[{"href":"https:\/\/www.pressenza.com\/es\/wp-json\/wp\/v2\/types\/post"}],"author":[{"embeddable":true,"href":"https:\/\/www.pressenza.com\/es\/wp-json\/wp\/v2\/users\/19"}],"replies":[{"embeddable":true,"href":"https:\/\/www.pressenza.com\/es\/wp-json\/wp\/v2\/comments?post=1287"}],"version-history":[{"count":0,"href":"https:\/\/www.pressenza.com\/es\/wp-json\/wp\/v2\/posts\/1287\/revisions"}],"wp:attachment":[{"href":"https:\/\/www.pressenza.com\/es\/wp-json\/wp\/v2\/media?parent=1287"}],"wp:term":[{"taxonomy":"category","embeddable":true,"href":"https:\/\/www.pressenza.com\/es\/wp-json\/wp\/v2\/categories?post=1287"},{"taxonomy":"post_tag","embeddable":true,"href":"https:\/\/www.pressenza.com\/es\/wp-json\/wp\/v2\/tags?post=1287"}],"curies":[{"name":"wp","href":"https:\/\/api.w.org\/{rel}","templated":true}]}}