{"id":1286005,"date":"2021-01-26T15:36:28","date_gmt":"2021-01-26T15:36:28","guid":{"rendered":"https:\/\/www.pressenza.com\/?p=1286005"},"modified":"2021-01-26T15:36:28","modified_gmt":"2021-01-26T15:36:28","slug":"foro-social-mundial-busca-una-sintesis-de-sus-luchas-causas-e-ideas","status":"publish","type":"post","link":"https:\/\/www.pressenza.com\/es\/2021\/01\/foro-social-mundial-busca-una-sintesis-de-sus-luchas-causas-e-ideas\/","title":{"rendered":"Foro Social Mundial busca una s\u00edntesis de sus luchas, causas e ideas"},"content":{"rendered":"<p><em><strong>por Mario Osava<\/strong><\/em><\/p>\n<p>De Australia a Haw\u00e1i una Marcha virtual de 24 horas inaugur\u00f3 el Foro Social Mundial 2021 el s\u00e1bado 23, con un desfile de luchas, ideas, movimientos y tragedias sociales que claman por un intrincado camino de cambio y buscan una escurridiza s\u00edntesis proactiva.<span id=\"more-146647\"><\/span><\/p>\n<p>\u201cEl\u00a0<a href=\"https:\/\/www.youtube.com\/watch?v=WT7RL5efSdU\">Foro (FSM)<\/a>\u00a0es una se\u00f1al de esperanza en el mundo. Para mantener esa esperanza y no fallar ma\u00f1ana, hay que hacer algunos cambios y algunos an\u00e1lisis\u201d, se\u00f1al\u00f3 Boaventura de Sousa Santos, soci\u00f3logo portugu\u00e9s y miembro del Consejo Internacional del Foro, en el panel de apertura de su 17 edici\u00f3n, el s\u00e1bado 23.<\/p>\n<p>\u201cEl\u00a0<a href=\"https:\/\/wsf2021.net\/\">FSM<\/a>\u00a0ya no tiene la fuerza que ten\u00eda en 2001, hay que reconstruirla y para eso dos puntos son importantes. Primero, el FSM naci\u00f3 en oposici\u00f3n al Foro Econ\u00f3mico Mundial de Davos, pero ya no debe ser antineoliberal. El neoliberalismo est\u00e1 en crisis y los de Davos ya est\u00e1n cambiando\u201d, argument\u00f3.<\/p>\n<p>Justamente, este a\u00f1o el\u00a0<a href=\"https:\/\/es.weforum.org\/\">Foro de Davos<\/a>, inaugurado este lunes 25, y el #FSM2021 coinciden en sus fechas y en su formato digital. El de Davos se clausurar\u00e1 el viernes 29 y el FSM dos d\u00edas despu\u00e9s.<\/p>\n<p>Ahora, \u201cla lucha es en contra del capitalismo, feminista, antirracista, antisexista e impulsado por la voluntad de cuidar la gente y la Madre Tierra\u201d, sostuvo Santos en el panel de la inauguraci\u00f3n, bajo el t\u00edtulo de \u00bfCu\u00e1l es el mundo que queremos hoy y ma\u00f1ana?, una interrogante que va a planear durante todo el Foro.<\/p>\n<p>\u201cEn segundo lugar, hay que renovar el FSM y adaptarlo a las condiciones del siglo XXI y para eso tendremos que ampliar la base mundial del movimiento y, por otro lado, democratizar\u00a0 la gobernanza del Foro\u201d, propuso el profesor jubilado de la Universidad de Coimbra, en Portugal.<\/p>\n<p>Un Comit\u00e9 Renovador discute los cambios que probablemente ser\u00e1n una cuesti\u00f3n a decidir en la pr\u00f3xima edici\u00f3n del FSM, en M\u00e9xico, con fecha pendiente de la evoluci\u00f3n de la pandemia de covid-19, ya que se pretende un encuentro presencial.<\/p>\n<p>Componer una propuesta que haga el FSM m\u00e1s activo y movilizador de amplias bases sociales es una tarea que, por su complejidad, enfrenta el riesgo de la esterilidad o de dividir el foro, hasta hoy un espacio de intercambio y articulaci\u00f3n entre organizaciones que son propias para el activismo.<\/p>\n<p>En el Foro se juntan pueblos ind\u00edgenas, negros, isle\u00f1os, mujeres, campesinos, obreros y minor\u00edas discriminadas por su g\u00e9nero, cuyos enemigos tambi\u00e9n abundan: el colonialismo, el racismo, el patriarcado, el sexismo, la contaminaci\u00f3n, el extractivismo, el trabajo esclavo o precarizado, el neoliberalismo y, para muchos, el capitalismo como matriz de casi todo.<\/p>\n<p>Esa inmensa diversidad puede expresarse m\u00e1s ampliamente en esa edici\u00f3n que celebra los 20 a\u00f1os del FSM de forma virtual a causa de la pandemia. Es la primera mundial, de hecho, sin sede, al facilitar la participaci\u00f3n de los interesados en cualquier parte del mundo, sin los costos de viajes que limitaban la presencia de delegaciones lejanas en las 16 ediciones anteriores.<\/p>\n<p>Los testimonios registrados en\u00a0<a href=\"https:\/\/www.youtube.com\/watch?v=ijtUfdQlVp8\">la \u201cmarcha\u201d inaugural<\/a>, en realidad ponencias y videos de todos los continentes conducidos por los voluntarios del Grupo Facilitador del #FSM2021, y en\u00a0<a href=\"https:\/\/www.youtube.com\/watch?v=h3E-1KYW6Ks\">los paneles<\/a>\u00a0componen un cuadro que urge acciones transformadoras.<\/p>\n<p>Ni\u00f1os de ocho a\u00f1os, incluso de cuatro, obligados por hombres armados a trabajar en las minas de la Rep\u00fablica Democr\u00e1tica del Congo, mujeres y ni\u00f1as expulsadas de sus hogares y encerradas en casuchas durante la menstruaci\u00f3n en Nepal, o los feminicidios y el hambre en aumento por la pandemia son algunos ejemplos.<\/p>\n<p>Se suman los pueblos ind\u00edgenas bajo amenaza de exterminio, privados de sus tierras y su cultura en muchos pa\u00edses, los asesinatos de los negros incluso por la polic\u00eda, el agua siendo privatizada y sustra\u00edda a los campesinos pobres, las vacunas anticovid-19 concentradas en 99 por ciento en los pa\u00edses ricos, la militarizaci\u00f3n generalizada.<\/p>\n<p>En M\u00e9xico, la represi\u00f3n militarizada contra el narcotr\u00e1fico ya dej\u00f3 500 000 v\u00edctimas de ejecuciones, 150 000 de desaparici\u00f3n forzosa y otros miles de presos e ind\u00edgenas desplazados, denunci\u00f3 Francisco Cerezo, activista de derechos humanos que cre\u00f3 el Comit\u00e9 Cerezo tras la detenci\u00f3n y tortura de tres hermanos en 2001.<\/p>\n<p>La descolonizaci\u00f3n es a\u00fan una tarea pendiente y \u201cdif\u00edcil\u201d, seg\u00fan Mo\u00f1eka De Oro, una joven activista de las islas Marianas, en el Pac\u00edfico, cerca de Jap\u00f3n. Tres bases militares estadounidenses ocupan las islas y generaron una dependencia econ\u00f3mica y social de la poblaci\u00f3n local.<\/p>\n<p>Tambi\u00e9n se quejaron del tratamiento colonial dos ind\u00edgenas de Haw\u00e1i, por restricciones a su cultura, y Anne Poelina,\u00a0<a href=\"https:\/\/greataustralianstory.com.au\/users\/dr-anne-poelina\">lideresa ind\u00edgena e investigadora<\/a>\u00a0de la Universidad Notre Dame de Australia, con un doctorado sobre las tradiciones de un pueblo originario de su pa\u00eds.<\/p>\n<p>La mayor\u00eda de los ind\u00edgenas australianos, denunci\u00f3 a t\u00edtulo de ejemplo, no tienen acceso a agua limpia.<\/p>\n<p>Sobre los da\u00f1os ambientales y el abismo clim\u00e1tico hay cierto consenso entre los activistas del \u201cOtro mundo posible\u201d, el lema del FSM, pero no tanto en las soluciones.<\/p>\n<p>\u201cEnerg\u00edas renovables son una falsa soluci\u00f3n\u201d, sostuvo Miguel Valencia, coordinador de\u00a0<a href=\"http:\/\/red-ecomunidades.blogspot.com\/\">Ecomunidades<\/a>, red ecologista de la Cuenca de M\u00e9xico, quien aboga por una reducci\u00f3n del consumo energ\u00e9tico y critica la organizaci\u00f3n internacional Greenpeace por promover las fuentes renovables.<\/p>\n<p>Los 20 a\u00f1os a\u00fan parecen insuficientes para definir cauces que fusionen los variados tipos de lucha acogidos en el FSM, o todos en un solo cauce, como desean algunos. La meta original del gran encuentro global era promover el di\u00e1logo y la uni\u00f3n de las organizaciones participantes para ampliar sus acciones, sin pretender sustituirlas.<\/p>\n<p>Ese empuje debe haber contribuido a la creaci\u00f3n de la\u00a0<a href=\"https:\/\/progressive.international\/\">Internacional Progresista<\/a>, creada en 2018 por algunas decenas de intelectuales y pol\u00edticos, como el exministro de Finanzas griego, Yanis Varoufakis, y el ling\u00fcista estadounidense Noam Chomsky.<\/p>\n<p>Como uno de los ponentes en el primer panel del Foro virtual, Varoufakis defendi\u00f3 la acci\u00f3n pol\u00edtica para impulsar las luchas progresistas, que no se beneficiaron de la crisis financiera global de 2008, pese al \u201cdesastre\u201d del capitalismo.<\/p>\n<p>Calific\u00f3 de \u201ctecnofeudalismo\u201d la forma que est\u00e1 asumiendo el capitalismo, con el poder monopol\u00edstico global que est\u00e1n asumiendo las plataformas digitales como la Amazon, blanco de una campa\u00f1a de boicoteo en noviembre por los da\u00f1os que impone a los trabajadores, a las peque\u00f1as librer\u00edas y al ambiente.<\/p>\n<p>La creaci\u00f3n de un \u201c<a href=\"https:\/\/www.pressenza.com\/es\/2020\/11\/proximas-acciones-de-la-multiconvergencia-de-redes-globales\/\">parlamento de la ciudadan\u00eda planetaria<\/a>\u201d es la propuesta que la Multiconvergencia de Redes Sociales, una articulaci\u00f3n de 13 redes internacionales, lleva al debate de la actual edici\u00f3n del FSM.<\/p>\n<p>Una asamblea mundial de los pueblos responde a la necesidad de una gobernanza global que atienda a las demandas por justicia, democracia y respecto a los principios ecol\u00f3gicos y del \u201cBuen vivir\u201d, arguye el movimiento.<\/p>\n<p>La renta b\u00e1sica universal es otra propuesta que el FSM trata de impulsar ante el desempleo masivo que est\u00e1 provocando la reorganizaci\u00f3n productiva y la automaci\u00f3n, que ya extingui\u00f3 y seguir\u00e1 eliminando millones de empleos.<\/p>\n<p>Las tragedias visibles no construyen por si solos consensos y estrategias para unir los activistas en las luchas laborales, ambientales, feministas, antirracistas y otras.<\/p>\n<p>Las opiniones de 13 activistas sobre el cuadro actual, reunidos en un video bajo el t\u00edtulo de \u201c<a href=\"https:\/\/www.youtube.com\/watch?v=WT7RL5efSdU\">Confrontando el caos<\/a>\u201d, revela la perplejidad y las discrepancias de evaluaci\u00f3n que dividen los participantes en el FSM, varios de ellos, especialmente los latinoamericanos con duras cr\u00edticas a la izquierda regional que estuvo el poder en sus pa\u00edses en este siglo.<\/p>\n<p>\u201cExtractivismo\u201d, \u201cproductivismo\u201d y \u201cdesarrollismo depredador\u201d son algunos reproches registrados, as\u00ed como adhesi\u00f3n a la globalizaci\u00f3n neoliberal y la responsabilidad por el ascenso de gobiernos de extrema derecha en el continente americano.<\/p>\n<p>Al parecer, la convergencia es algo lejano ante la tendencia dispersiva de las distintas luchas que acoge el FSM, sin un eje como la relaci\u00f3n capital-trabajo que orientaba la vieja izquierda laborista.<\/p>\n","protected":false},"excerpt":{"rendered":"<p>por Mario Osava De Australia a Haw\u00e1i una Marcha virtual de 24 horas inaugur\u00f3 el Foro Social Mundial 2021 el s\u00e1bado 23, con un desfile de luchas, ideas, movimientos y tragedias sociales que claman por un intrincado camino de cambio&hellip;<\/p>\n","protected":false},"author":347,"featured_media":1286006,"comment_status":"closed","ping_status":"closed","sticky":false,"template":"","format":"standard","meta":{"footnotes":""},"categories":[75,79,39,161],"tags":[17959,4267,80869,86630],"class_list":["post-1286005","post","type-post","status-publish","format-standard","has-post-thumbnail","hentry","category-cultura-es","category-derechos-humanos","category-internacional","category-opiniones","tag-activismo","tag-foro-social-mundial","tag-fsm-es","tag-virtualidad"],"yoast_head":"<!-- This site is optimized with the Yoast SEO plugin v27.1.1 - https:\/\/yoast.com\/product\/yoast-seo-wordpress\/ -->\n<title>Foro Social Mundial busca una s\u00edntesis de sus luchas, causas e ideas<\/title>\n<meta name=\"description\" content=\"por Mario Osava De Australia a Haw\u00e1i una Marcha virtual de 24 horas inaugur\u00f3 el Foro Social Mundial 2021 el s\u00e1bado 23, con un desfile de luchas, ideas,\" \/>\n<meta name=\"robots\" content=\"index, follow, max-snippet:-1, max-image-preview:large, max-video-preview:-1\" \/>\n<link rel=\"canonical\" href=\"https:\/\/www.pressenza.com\/es\/2021\/01\/foro-social-mundial-busca-una-sintesis-de-sus-luchas-causas-e-ideas\/\" \/>\n<meta property=\"og:locale\" content=\"es_ES\" \/>\n<meta property=\"og:type\" content=\"article\" \/>\n<meta property=\"og:title\" content=\"Foro Social Mundial busca una s\u00edntesis de sus luchas, causas e ideas\" \/>\n<meta property=\"og:description\" content=\"por Mario Osava De Australia a Haw\u00e1i una Marcha virtual de 24 horas inaugur\u00f3 el Foro Social Mundial 2021 el s\u00e1bado 23, con un desfile de luchas, ideas,\" \/>\n<meta property=\"og:url\" content=\"https:\/\/www.pressenza.com\/es\/2021\/01\/foro-social-mundial-busca-una-sintesis-de-sus-luchas-causas-e-ideas\/\" \/>\n<meta property=\"og:site_name\" content=\"Pressenza\" \/>\n<meta property=\"article:publisher\" content=\"https:\/\/www.facebook.com\/PressenzaItalia\" \/>\n<meta property=\"article:author\" content=\"http:\/\/www.facebook.com\/ipsnoticias\" \/>\n<meta property=\"article:published_time\" content=\"2021-01-26T15:36:28+00:00\" \/>\n<meta property=\"og:image\" content=\"https:\/\/www.pressenza.com\/wp-content\/uploads\/2021\/01\/FSM2021.jpg\" \/>\n\t<meta property=\"og:image:width\" content=\"630\" \/>\n\t<meta property=\"og:image:height\" content=\"433\" \/>\n\t<meta property=\"og:image:type\" content=\"image\/jpeg\" \/>\n<meta name=\"author\" content=\"Inter Press Service\" \/>\n<meta name=\"twitter:card\" content=\"summary_large_image\" \/>\n<meta name=\"twitter:creator\" content=\"@ipsnoticias\" \/>\n<meta name=\"twitter:site\" content=\"@PressenzaIPA\" \/>\n<meta name=\"twitter:label1\" content=\"Escrito por\" \/>\n\t<meta name=\"twitter:data1\" content=\"Inter Press Service\" \/>\n\t<meta name=\"twitter:label2\" content=\"Tiempo de lectura\" \/>\n\t<meta name=\"twitter:data2\" content=\"7 minutos\" \/>\n<script type=\"application\/ld+json\" class=\"yoast-schema-graph\">{\"@context\":\"https:\/\/schema.org\",\"@graph\":[{\"@type\":\"Article\",\"@id\":\"https:\/\/www.pressenza.com\/es\/2021\/01\/foro-social-mundial-busca-una-sintesis-de-sus-luchas-causas-e-ideas\/#article\",\"isPartOf\":{\"@id\":\"https:\/\/www.pressenza.com\/es\/2021\/01\/foro-social-mundial-busca-una-sintesis-de-sus-luchas-causas-e-ideas\/\"},\"author\":{\"name\":\"Inter Press Service\",\"@id\":\"https:\/\/www.pressenza.com\/es\/#\/schema\/person\/7467f88f6765c239bdd52f3c432de81a\"},\"headline\":\"Foro Social Mundial busca una s\u00edntesis de sus luchas, causas e ideas\",\"datePublished\":\"2021-01-26T15:36:28+00:00\",\"mainEntityOfPage\":{\"@id\":\"https:\/\/www.pressenza.com\/es\/2021\/01\/foro-social-mundial-busca-una-sintesis-de-sus-luchas-causas-e-ideas\/\"},\"wordCount\":1380,\"publisher\":{\"@id\":\"https:\/\/www.pressenza.com\/es\/#organization\"},\"image\":{\"@id\":\"https:\/\/www.pressenza.com\/es\/2021\/01\/foro-social-mundial-busca-una-sintesis-de-sus-luchas-causas-e-ideas\/#primaryimage\"},\"thumbnailUrl\":\"https:\/\/www.pressenza.com\/wp-content\/uploads\/2021\/01\/FSM2021.jpg\",\"keywords\":[\"activismo\",\"Foro Social Mundial\",\"FSM\",\"virtualidad\"],\"articleSection\":[\"Cultura y Medios\",\"Derechos Humanos\",\"Internacional\",\"Opiniones\"],\"inLanguage\":\"es\"},{\"@type\":\"WebPage\",\"@id\":\"https:\/\/www.pressenza.com\/es\/2021\/01\/foro-social-mundial-busca-una-sintesis-de-sus-luchas-causas-e-ideas\/\",\"url\":\"https:\/\/www.pressenza.com\/es\/2021\/01\/foro-social-mundial-busca-una-sintesis-de-sus-luchas-causas-e-ideas\/\",\"name\":\"Foro Social Mundial busca una s\u00edntesis de sus luchas, causas e ideas\",\"isPartOf\":{\"@id\":\"https:\/\/www.pressenza.com\/es\/#website\"},\"primaryImageOfPage\":{\"@id\":\"https:\/\/www.pressenza.com\/es\/2021\/01\/foro-social-mundial-busca-una-sintesis-de-sus-luchas-causas-e-ideas\/#primaryimage\"},\"image\":{\"@id\":\"https:\/\/www.pressenza.com\/es\/2021\/01\/foro-social-mundial-busca-una-sintesis-de-sus-luchas-causas-e-ideas\/#primaryimage\"},\"thumbnailUrl\":\"https:\/\/www.pressenza.com\/wp-content\/uploads\/2021\/01\/FSM2021.jpg\",\"datePublished\":\"2021-01-26T15:36:28+00:00\",\"description\":\"por Mario Osava De Australia a Haw\u00e1i una Marcha virtual de 24 horas inaugur\u00f3 el Foro Social Mundial 2021 el s\u00e1bado 23, con un desfile de luchas, ideas,\",\"breadcrumb\":{\"@id\":\"https:\/\/www.pressenza.com\/es\/2021\/01\/foro-social-mundial-busca-una-sintesis-de-sus-luchas-causas-e-ideas\/#breadcrumb\"},\"inLanguage\":\"es\",\"potentialAction\":[{\"@type\":\"ReadAction\",\"target\":[\"https:\/\/www.pressenza.com\/es\/2021\/01\/foro-social-mundial-busca-una-sintesis-de-sus-luchas-causas-e-ideas\/\"]}]},{\"@type\":\"ImageObject\",\"inLanguage\":\"es\",\"@id\":\"https:\/\/www.pressenza.com\/es\/2021\/01\/foro-social-mundial-busca-una-sintesis-de-sus-luchas-causas-e-ideas\/#primaryimage\",\"url\":\"https:\/\/www.pressenza.com\/wp-content\/uploads\/2021\/01\/FSM2021.jpg\",\"contentUrl\":\"https:\/\/www.pressenza.com\/wp-content\/uploads\/2021\/01\/FSM2021.jpg\",\"width\":630,\"height\":433},{\"@type\":\"BreadcrumbList\",\"@id\":\"https:\/\/www.pressenza.com\/es\/2021\/01\/foro-social-mundial-busca-una-sintesis-de-sus-luchas-causas-e-ideas\/#breadcrumb\",\"itemListElement\":[{\"@type\":\"ListItem\",\"position\":1,\"name\":\"Accueil\",\"item\":\"https:\/\/www.pressenza.com\/es\/\"},{\"@type\":\"ListItem\",\"position\":2,\"name\":\"Foro Social Mundial busca una s\u00edntesis de sus luchas, causas e ideas\"}]},{\"@type\":\"WebSite\",\"@id\":\"https:\/\/www.pressenza.com\/es\/#website\",\"url\":\"https:\/\/www.pressenza.com\/es\/\",\"name\":\"Pressenza\",\"description\":\"International Press Agency\",\"publisher\":{\"@id\":\"https:\/\/www.pressenza.com\/es\/#organization\"},\"potentialAction\":[{\"@type\":\"SearchAction\",\"target\":{\"@type\":\"EntryPoint\",\"urlTemplate\":\"https:\/\/www.pressenza.com\/es\/?s={search_term_string}\"},\"query-input\":{\"@type\":\"PropertyValueSpecification\",\"valueRequired\":true,\"valueName\":\"search_term_string\"}}],\"inLanguage\":\"es\"},{\"@type\":\"Organization\",\"@id\":\"https:\/\/www.pressenza.com\/es\/#organization\",\"name\":\"Pressenza\",\"url\":\"https:\/\/www.pressenza.com\/es\/\",\"logo\":{\"@type\":\"ImageObject\",\"inLanguage\":\"es\",\"@id\":\"https:\/\/www.pressenza.com\/es\/#\/schema\/logo\/image\/\",\"url\":\"https:\/\/www.pressenza.com\/wp-content\/uploads\/2022\/10\/pressenza_logo_200x200.jpg\",\"contentUrl\":\"https:\/\/www.pressenza.com\/wp-content\/uploads\/2022\/10\/pressenza_logo_200x200.jpg\",\"width\":200,\"height\":200,\"caption\":\"Pressenza\"},\"image\":{\"@id\":\"https:\/\/www.pressenza.com\/es\/#\/schema\/logo\/image\/\"},\"sameAs\":[\"https:\/\/www.facebook.com\/PressenzaItalia\",\"https:\/\/x.com\/PressenzaIPA\"]},{\"@type\":\"Person\",\"@id\":\"https:\/\/www.pressenza.com\/es\/#\/schema\/person\/7467f88f6765c239bdd52f3c432de81a\",\"name\":\"Inter Press Service\",\"description\":\"IPS is an international communications institution at the heart of a global news agency that amplifies the voices of the South and civil society on development, globalisation, human rights and the environment. www.ipsnews.net\",\"sameAs\":[\"http:\/\/www.facebook.com\/ipsnoticias\",\"https:\/\/x.com\/ipsnoticias\"],\"url\":\"https:\/\/www.pressenza.com\/es\/author\/ips-inter-press-service\/\"}]}<\/script>\n<!-- \/ Yoast SEO plugin. -->","yoast_head_json":{"title":"Foro Social Mundial busca una s\u00edntesis de sus luchas, causas e ideas","description":"por Mario Osava De Australia a Haw\u00e1i una Marcha virtual de 24 horas inaugur\u00f3 el Foro Social Mundial 2021 el s\u00e1bado 23, con un desfile de luchas, ideas,","robots":{"index":"index","follow":"follow","max-snippet":"max-snippet:-1","max-image-preview":"max-image-preview:large","max-video-preview":"max-video-preview:-1"},"canonical":"https:\/\/www.pressenza.com\/es\/2021\/01\/foro-social-mundial-busca-una-sintesis-de-sus-luchas-causas-e-ideas\/","og_locale":"es_ES","og_type":"article","og_title":"Foro Social Mundial busca una s\u00edntesis de sus luchas, causas e ideas","og_description":"por Mario Osava De Australia a Haw\u00e1i una Marcha virtual de 24 horas inaugur\u00f3 el Foro Social Mundial 2021 el s\u00e1bado 23, con un desfile de luchas, ideas,","og_url":"https:\/\/www.pressenza.com\/es\/2021\/01\/foro-social-mundial-busca-una-sintesis-de-sus-luchas-causas-e-ideas\/","og_site_name":"Pressenza","article_publisher":"https:\/\/www.facebook.com\/PressenzaItalia","article_author":"http:\/\/www.facebook.com\/ipsnoticias","article_published_time":"2021-01-26T15:36:28+00:00","og_image":[{"width":630,"height":433,"url":"https:\/\/www.pressenza.com\/wp-content\/uploads\/2021\/01\/FSM2021.jpg","type":"image\/jpeg"}],"author":"Inter Press Service","twitter_card":"summary_large_image","twitter_creator":"@ipsnoticias","twitter_site":"@PressenzaIPA","twitter_misc":{"Escrito por":"Inter Press Service","Tiempo de lectura":"7 minutos"},"schema":{"@context":"https:\/\/schema.org","@graph":[{"@type":"Article","@id":"https:\/\/www.pressenza.com\/es\/2021\/01\/foro-social-mundial-busca-una-sintesis-de-sus-luchas-causas-e-ideas\/#article","isPartOf":{"@id":"https:\/\/www.pressenza.com\/es\/2021\/01\/foro-social-mundial-busca-una-sintesis-de-sus-luchas-causas-e-ideas\/"},"author":{"name":"Inter Press Service","@id":"https:\/\/www.pressenza.com\/es\/#\/schema\/person\/7467f88f6765c239bdd52f3c432de81a"},"headline":"Foro Social Mundial busca una s\u00edntesis de sus luchas, causas e ideas","datePublished":"2021-01-26T15:36:28+00:00","mainEntityOfPage":{"@id":"https:\/\/www.pressenza.com\/es\/2021\/01\/foro-social-mundial-busca-una-sintesis-de-sus-luchas-causas-e-ideas\/"},"wordCount":1380,"publisher":{"@id":"https:\/\/www.pressenza.com\/es\/#organization"},"image":{"@id":"https:\/\/www.pressenza.com\/es\/2021\/01\/foro-social-mundial-busca-una-sintesis-de-sus-luchas-causas-e-ideas\/#primaryimage"},"thumbnailUrl":"https:\/\/www.pressenza.com\/wp-content\/uploads\/2021\/01\/FSM2021.jpg","keywords":["activismo","Foro Social Mundial","FSM","virtualidad"],"articleSection":["Cultura y Medios","Derechos Humanos","Internacional","Opiniones"],"inLanguage":"es"},{"@type":"WebPage","@id":"https:\/\/www.pressenza.com\/es\/2021\/01\/foro-social-mundial-busca-una-sintesis-de-sus-luchas-causas-e-ideas\/","url":"https:\/\/www.pressenza.com\/es\/2021\/01\/foro-social-mundial-busca-una-sintesis-de-sus-luchas-causas-e-ideas\/","name":"Foro Social Mundial busca una s\u00edntesis de sus luchas, causas e ideas","isPartOf":{"@id":"https:\/\/www.pressenza.com\/es\/#website"},"primaryImageOfPage":{"@id":"https:\/\/www.pressenza.com\/es\/2021\/01\/foro-social-mundial-busca-una-sintesis-de-sus-luchas-causas-e-ideas\/#primaryimage"},"image":{"@id":"https:\/\/www.pressenza.com\/es\/2021\/01\/foro-social-mundial-busca-una-sintesis-de-sus-luchas-causas-e-ideas\/#primaryimage"},"thumbnailUrl":"https:\/\/www.pressenza.com\/wp-content\/uploads\/2021\/01\/FSM2021.jpg","datePublished":"2021-01-26T15:36:28+00:00","description":"por Mario Osava De Australia a Haw\u00e1i una Marcha virtual de 24 horas inaugur\u00f3 el Foro Social Mundial 2021 el s\u00e1bado 23, con un desfile de luchas, ideas,","breadcrumb":{"@id":"https:\/\/www.pressenza.com\/es\/2021\/01\/foro-social-mundial-busca-una-sintesis-de-sus-luchas-causas-e-ideas\/#breadcrumb"},"inLanguage":"es","potentialAction":[{"@type":"ReadAction","target":["https:\/\/www.pressenza.com\/es\/2021\/01\/foro-social-mundial-busca-una-sintesis-de-sus-luchas-causas-e-ideas\/"]}]},{"@type":"ImageObject","inLanguage":"es","@id":"https:\/\/www.pressenza.com\/es\/2021\/01\/foro-social-mundial-busca-una-sintesis-de-sus-luchas-causas-e-ideas\/#primaryimage","url":"https:\/\/www.pressenza.com\/wp-content\/uploads\/2021\/01\/FSM2021.jpg","contentUrl":"https:\/\/www.pressenza.com\/wp-content\/uploads\/2021\/01\/FSM2021.jpg","width":630,"height":433},{"@type":"BreadcrumbList","@id":"https:\/\/www.pressenza.com\/es\/2021\/01\/foro-social-mundial-busca-una-sintesis-de-sus-luchas-causas-e-ideas\/#breadcrumb","itemListElement":[{"@type":"ListItem","position":1,"name":"Accueil","item":"https:\/\/www.pressenza.com\/es\/"},{"@type":"ListItem","position":2,"name":"Foro Social Mundial busca una s\u00edntesis de sus luchas, causas e ideas"}]},{"@type":"WebSite","@id":"https:\/\/www.pressenza.com\/es\/#website","url":"https:\/\/www.pressenza.com\/es\/","name":"Pressenza","description":"International Press Agency","publisher":{"@id":"https:\/\/www.pressenza.com\/es\/#organization"},"potentialAction":[{"@type":"SearchAction","target":{"@type":"EntryPoint","urlTemplate":"https:\/\/www.pressenza.com\/es\/?s={search_term_string}"},"query-input":{"@type":"PropertyValueSpecification","valueRequired":true,"valueName":"search_term_string"}}],"inLanguage":"es"},{"@type":"Organization","@id":"https:\/\/www.pressenza.com\/es\/#organization","name":"Pressenza","url":"https:\/\/www.pressenza.com\/es\/","logo":{"@type":"ImageObject","inLanguage":"es","@id":"https:\/\/www.pressenza.com\/es\/#\/schema\/logo\/image\/","url":"https:\/\/www.pressenza.com\/wp-content\/uploads\/2022\/10\/pressenza_logo_200x200.jpg","contentUrl":"https:\/\/www.pressenza.com\/wp-content\/uploads\/2022\/10\/pressenza_logo_200x200.jpg","width":200,"height":200,"caption":"Pressenza"},"image":{"@id":"https:\/\/www.pressenza.com\/es\/#\/schema\/logo\/image\/"},"sameAs":["https:\/\/www.facebook.com\/PressenzaItalia","https:\/\/x.com\/PressenzaIPA"]},{"@type":"Person","@id":"https:\/\/www.pressenza.com\/es\/#\/schema\/person\/7467f88f6765c239bdd52f3c432de81a","name":"Inter Press Service","description":"IPS is an international communications institution at the heart of a global news agency that amplifies the voices of the South and civil society on development, globalisation, human rights and the environment. www.ipsnews.net","sameAs":["http:\/\/www.facebook.com\/ipsnoticias","https:\/\/x.com\/ipsnoticias"],"url":"https:\/\/www.pressenza.com\/es\/author\/ips-inter-press-service\/"}]}},"place":"R\u00edo de Janeiro, Brasil","original_article_url":"http:\/\/www.ipsnoticias.net\/2021\/01\/foro-social-mundial-busca-una-sintesis-luchas-causas-e-ideas\/","_links":{"self":[{"href":"https:\/\/www.pressenza.com\/es\/wp-json\/wp\/v2\/posts\/1286005","targetHints":{"allow":["GET"]}}],"collection":[{"href":"https:\/\/www.pressenza.com\/es\/wp-json\/wp\/v2\/posts"}],"about":[{"href":"https:\/\/www.pressenza.com\/es\/wp-json\/wp\/v2\/types\/post"}],"author":[{"embeddable":true,"href":"https:\/\/www.pressenza.com\/es\/wp-json\/wp\/v2\/users\/347"}],"replies":[{"embeddable":true,"href":"https:\/\/www.pressenza.com\/es\/wp-json\/wp\/v2\/comments?post=1286005"}],"version-history":[{"count":0,"href":"https:\/\/www.pressenza.com\/es\/wp-json\/wp\/v2\/posts\/1286005\/revisions"}],"wp:featuredmedia":[{"embeddable":true,"href":"https:\/\/www.pressenza.com\/es\/wp-json\/wp\/v2\/media\/1286006"}],"wp:attachment":[{"href":"https:\/\/www.pressenza.com\/es\/wp-json\/wp\/v2\/media?parent=1286005"}],"wp:term":[{"taxonomy":"category","embeddable":true,"href":"https:\/\/www.pressenza.com\/es\/wp-json\/wp\/v2\/categories?post=1286005"},{"taxonomy":"post_tag","embeddable":true,"href":"https:\/\/www.pressenza.com\/es\/wp-json\/wp\/v2\/tags?post=1286005"}],"curies":[{"name":"wp","href":"https:\/\/api.w.org\/{rel}","templated":true}]}}