{"id":1284863,"date":"2021-01-24T14:15:36","date_gmt":"2021-01-24T14:15:36","guid":{"rendered":"https:\/\/www.pressenza.com\/?p=1284863"},"modified":"2021-01-24T14:15:36","modified_gmt":"2021-01-24T14:15:36","slug":"los-muros-invisibles","status":"publish","type":"post","link":"https:\/\/www.pressenza.com\/es\/2021\/01\/los-muros-invisibles\/","title":{"rendered":"Los muros invisibles"},"content":{"rendered":"<blockquote><p>Los primeros a\u00f1os de vida son un per\u00edodo crucial para el desarrollo del cerebro.<\/p><\/blockquote>\n<p>Sentir el cuerpo y experimentar el espacio exterior son algunos de los fen\u00f3menos de la primera infancia, per\u00edodo cuya trascendencia suele ser subestimada por los adultos. Los primeros cinco a\u00f1os de vida, un poco m\u00e1s si se cuenta la etapa intrauterina, los seres humanos desarrollan una inmensa cantidad de conexiones con el mundo que les rodea. Para ello, es vital poseer los elementos nutricionales adecuados para alimentar a un cuerpo en crecimiento y a un cerebro con el poder suficiente para procesar tal c\u00famulo de informaci\u00f3n. Pero la alimentaci\u00f3n no es el \u00fanico factor para el desarrollo saludable durante esos primeros a\u00f1os. Tambi\u00e9n est\u00e1n las relaciones con su entorno: las caricias, el juego, la energ\u00eda positiva y el orden en la ense\u00f1anza de nuevas rutinas, de nuevos encuentros.<\/p>\n<p>En algunos de nuestros pa\u00edses, m\u00e1s de la mitad de ni\u00f1as y ni\u00f1os carecen de todos estos elementos. Nacen de una madre pobremente alimentada, muchas veces una adolescente cuyas oportunidades de vida se perdieron en la ruta de un embarazo mal atendido, una mujer-ni\u00f1a cuya ignorancia sobre el c\u00famulo de conocimientos necesarios para enfrentar la tarea de criar a un nuevo ser resulta decisiva en ese proceso. A esto se suma un entorno hostil, en donde predomina la violencia dom\u00e9stica en su amplia gama de expresiones y grados. Agresi\u00f3n f\u00edsica y sexual, violencia econ\u00f3mica y psicol\u00f3gica, p\u00e9rdida del control de su propia vida y un estado patol\u00f3gico de dependencia.<\/p>\n<p>En ese enorme segmento de la poblaci\u00f3n de pa\u00edses mal gobernados se encuentra la ni\u00f1ez abandonada, \u201cel futuro de la Naci\u00f3n\u201d para cada campa\u00f1a electoral, pero en realidad el germen del peor desastre demogr\u00e1fico para cualquier pa\u00eds que pretenda surgir del subdesarrollo. La estrategia de las clases econ\u00f3micamente dominantes ha sido impedir el desarrollo f\u00edsico, intelectual y educativo de las grandes masas. Generaci\u00f3n tras generaci\u00f3n han consolidado sus acuerdos para inyectar los fondos del Estado en las instituciones de fuerza y poder: Ej\u00e9rcito, polic\u00eda y centros de inteligencia. Todas ellas como resguardo de un poder sustentado en la explotaci\u00f3n de una poblaci\u00f3n demasiado d\u00e9bil para oponerse.<\/p>\n<p>En esa l\u00ednea, el dominio de la mitad de la ciudadan\u00eda \u2013el sector femenino- es crucial. Marginadas de las decisiones, no les queda m\u00e1s que aceptar pol\u00edticas re\u00f1idas con sus intereses y sus perspectivas de desarrollo. De ese modo, ven esfumarse sus oportunidades y un futuro de independencia. A ellas les han impedido el acceso a la educaci\u00f3n formal, pero tambi\u00e9n a toda informaci\u00f3n relacionada con su vida sexual y reproductiva, por orden de autoridades entre las cuales muy pocas veces \u2013o nunca- figuran sus cong\u00e9neres. Esta marginaci\u00f3n, producto de un sistema mis\u00f3gino y discriminatorio, termina por naturalizar la degradaci\u00f3n de las mujeres a un puesto de ciudadanas de segunda categor\u00eda, con toda la carga emocional y social que ello implica.<\/p>\n<p>El desastre viene dado. Esos muros invisibles, esas vallas mentales de sociedades marcadas por doctrinas religiosas cargadas de desprecio y prejuicios medievales sobre el papel de la mujer, resultan en el deterioro permanente de un sector potencialmente productivo y capaz de mover por s\u00ed mismo los motores del desarrollo. Si las pol\u00edticas p\u00fablicas fueran dictadas con inteligencia y centradas en el bienestar del pueblo, los mayores recursos del Estado deber\u00edan ir directo a financiar la educaci\u00f3n, la salud p\u00fablica y a garantizar la nutrici\u00f3n para toda la poblaci\u00f3n, como la estrategia m\u00e1s importante para la supervivencia de la democracia.<\/p>\n","protected":false},"excerpt":{"rendered":"<p>Los primeros a\u00f1os de vida son un per\u00edodo crucial para el desarrollo del cerebro. Sentir el cuerpo y experimentar el espacio exterior son algunos de los fen\u00f3menos de la primera infancia, per\u00edodo cuya trascendencia suele ser subestimada por los adultos.&hellip;<\/p>\n","protected":false},"author":1296,"featured_media":1284864,"comment_status":"closed","ping_status":"closed","sticky":false,"template":"","format":"standard","meta":{"footnotes":""},"categories":[69,11389,54515,161,67],"tags":[793],"class_list":["post-1284863","post","type-post","status-publish","format-standard","has-post-thumbnail","hentry","category-america-central","category-contenido-original","category-genero-y-feminismos","category-opiniones","category-sudamerica","tag-infancia"],"yoast_head":"<!-- This site is optimized with the Yoast SEO plugin v27.1.1 - https:\/\/yoast.com\/product\/yoast-seo-wordpress\/ -->\n<title>Los muros invisibles<\/title>\n<meta name=\"description\" content=\"Los primeros a\u00f1os de vida son un per\u00edodo crucial para el desarrollo del cerebro. Sentir el cuerpo y experimentar el espacio exterior son algunos de los\" \/>\n<meta name=\"robots\" content=\"index, follow, max-snippet:-1, max-image-preview:large, max-video-preview:-1\" \/>\n<link rel=\"canonical\" href=\"https:\/\/www.pressenza.com\/es\/2021\/01\/los-muros-invisibles\/\" \/>\n<meta property=\"og:locale\" content=\"es_ES\" \/>\n<meta property=\"og:type\" content=\"article\" \/>\n<meta property=\"og:title\" content=\"Los muros invisibles\" \/>\n<meta property=\"og:description\" content=\"Los primeros a\u00f1os de vida son un per\u00edodo crucial para el desarrollo del cerebro. Sentir el cuerpo y experimentar el espacio exterior son algunos de los\" \/>\n<meta property=\"og:url\" content=\"https:\/\/www.pressenza.com\/es\/2021\/01\/los-muros-invisibles\/\" \/>\n<meta property=\"og:site_name\" content=\"Pressenza\" \/>\n<meta property=\"article:publisher\" content=\"https:\/\/www.facebook.com\/PressenzaItalia\" \/>\n<meta property=\"article:author\" content=\"https:\/\/www.facebook.com\/pages\/Carolina-V\u00e1squez-Araya\/241844515845237?fref=ts\" \/>\n<meta property=\"article:published_time\" content=\"2021-01-24T14:15:36+00:00\" \/>\n<meta property=\"og:image\" content=\"https:\/\/www.pressenza.com\/wp-content\/uploads\/2021\/01\/ninos-y-aguaJuanCarlosMarin.jpg\" \/>\n\t<meta property=\"og:image:width\" content=\"960\" \/>\n\t<meta property=\"og:image:height\" content=\"748\" \/>\n\t<meta property=\"og:image:type\" content=\"image\/jpeg\" \/>\n<meta name=\"author\" content=\"Carolina V\u00e1squez Araya\" \/>\n<meta name=\"twitter:card\" content=\"summary_large_image\" \/>\n<meta name=\"twitter:creator\" content=\"@carvasar\" \/>\n<meta name=\"twitter:site\" content=\"@PressenzaIPA\" \/>\n<meta name=\"twitter:label1\" content=\"Escrito por\" \/>\n\t<meta name=\"twitter:data1\" content=\"Carolina V\u00e1squez Araya\" \/>\n\t<meta name=\"twitter:label2\" content=\"Tiempo de lectura\" \/>\n\t<meta name=\"twitter:data2\" content=\"3 minutos\" \/>\n<script type=\"application\/ld+json\" class=\"yoast-schema-graph\">{\"@context\":\"https:\/\/schema.org\",\"@graph\":[{\"@type\":\"Article\",\"@id\":\"https:\/\/www.pressenza.com\/es\/2021\/01\/los-muros-invisibles\/#article\",\"isPartOf\":{\"@id\":\"https:\/\/www.pressenza.com\/es\/2021\/01\/los-muros-invisibles\/\"},\"author\":{\"name\":\"Carolina V\u00e1squez Araya\",\"@id\":\"https:\/\/www.pressenza.com\/es\/#\/schema\/person\/6936ca3bb8dee618b5cdfd0e4427cdd6\"},\"headline\":\"Los muros invisibles\",\"datePublished\":\"2021-01-24T14:15:36+00:00\",\"mainEntityOfPage\":{\"@id\":\"https:\/\/www.pressenza.com\/es\/2021\/01\/los-muros-invisibles\/\"},\"wordCount\":644,\"publisher\":{\"@id\":\"https:\/\/www.pressenza.com\/es\/#organization\"},\"image\":{\"@id\":\"https:\/\/www.pressenza.com\/es\/2021\/01\/los-muros-invisibles\/#primaryimage\"},\"thumbnailUrl\":\"https:\/\/www.pressenza.com\/wp-content\/uploads\/2021\/01\/ninos-y-aguaJuanCarlosMarin.jpg\",\"keywords\":[\"Infancia\"],\"articleSection\":[\"Am\u00e9rica Central\",\"Contenido Original\",\"G\u00e9nero y Feminismos\",\"Opiniones\",\"Sudam\u00e9rica\"],\"inLanguage\":\"es\"},{\"@type\":\"WebPage\",\"@id\":\"https:\/\/www.pressenza.com\/es\/2021\/01\/los-muros-invisibles\/\",\"url\":\"https:\/\/www.pressenza.com\/es\/2021\/01\/los-muros-invisibles\/\",\"name\":\"Los muros invisibles\",\"isPartOf\":{\"@id\":\"https:\/\/www.pressenza.com\/es\/#website\"},\"primaryImageOfPage\":{\"@id\":\"https:\/\/www.pressenza.com\/es\/2021\/01\/los-muros-invisibles\/#primaryimage\"},\"image\":{\"@id\":\"https:\/\/www.pressenza.com\/es\/2021\/01\/los-muros-invisibles\/#primaryimage\"},\"thumbnailUrl\":\"https:\/\/www.pressenza.com\/wp-content\/uploads\/2021\/01\/ninos-y-aguaJuanCarlosMarin.jpg\",\"datePublished\":\"2021-01-24T14:15:36+00:00\",\"description\":\"Los primeros a\u00f1os de vida son un per\u00edodo crucial para el desarrollo del cerebro. Sentir el cuerpo y experimentar el espacio exterior son algunos de los\",\"breadcrumb\":{\"@id\":\"https:\/\/www.pressenza.com\/es\/2021\/01\/los-muros-invisibles\/#breadcrumb\"},\"inLanguage\":\"es\",\"potentialAction\":[{\"@type\":\"ReadAction\",\"target\":[\"https:\/\/www.pressenza.com\/es\/2021\/01\/los-muros-invisibles\/\"]}]},{\"@type\":\"ImageObject\",\"inLanguage\":\"es\",\"@id\":\"https:\/\/www.pressenza.com\/es\/2021\/01\/los-muros-invisibles\/#primaryimage\",\"url\":\"https:\/\/www.pressenza.com\/wp-content\/uploads\/2021\/01\/ninos-y-aguaJuanCarlosMarin.jpg\",\"contentUrl\":\"https:\/\/www.pressenza.com\/wp-content\/uploads\/2021\/01\/ninos-y-aguaJuanCarlosMarin.jpg\",\"width\":960,\"height\":748,\"caption\":\"Juan Carlos Mar\u00edn\"},{\"@type\":\"BreadcrumbList\",\"@id\":\"https:\/\/www.pressenza.com\/es\/2021\/01\/los-muros-invisibles\/#breadcrumb\",\"itemListElement\":[{\"@type\":\"ListItem\",\"position\":1,\"name\":\"Accueil\",\"item\":\"https:\/\/www.pressenza.com\/es\/\"},{\"@type\":\"ListItem\",\"position\":2,\"name\":\"Los muros invisibles\"}]},{\"@type\":\"WebSite\",\"@id\":\"https:\/\/www.pressenza.com\/es\/#website\",\"url\":\"https:\/\/www.pressenza.com\/es\/\",\"name\":\"Pressenza\",\"description\":\"International Press Agency\",\"publisher\":{\"@id\":\"https:\/\/www.pressenza.com\/es\/#organization\"},\"potentialAction\":[{\"@type\":\"SearchAction\",\"target\":{\"@type\":\"EntryPoint\",\"urlTemplate\":\"https:\/\/www.pressenza.com\/es\/?s={search_term_string}\"},\"query-input\":{\"@type\":\"PropertyValueSpecification\",\"valueRequired\":true,\"valueName\":\"search_term_string\"}}],\"inLanguage\":\"es\"},{\"@type\":\"Organization\",\"@id\":\"https:\/\/www.pressenza.com\/es\/#organization\",\"name\":\"Pressenza\",\"url\":\"https:\/\/www.pressenza.com\/es\/\",\"logo\":{\"@type\":\"ImageObject\",\"inLanguage\":\"es\",\"@id\":\"https:\/\/www.pressenza.com\/es\/#\/schema\/logo\/image\/\",\"url\":\"https:\/\/www.pressenza.com\/wp-content\/uploads\/2022\/10\/pressenza_logo_200x200.jpg\",\"contentUrl\":\"https:\/\/www.pressenza.com\/wp-content\/uploads\/2022\/10\/pressenza_logo_200x200.jpg\",\"width\":200,\"height\":200,\"caption\":\"Pressenza\"},\"image\":{\"@id\":\"https:\/\/www.pressenza.com\/es\/#\/schema\/logo\/image\/\"},\"sameAs\":[\"https:\/\/www.facebook.com\/PressenzaItalia\",\"https:\/\/x.com\/PressenzaIPA\"]},{\"@type\":\"Person\",\"@id\":\"https:\/\/www.pressenza.com\/es\/#\/schema\/person\/6936ca3bb8dee618b5cdfd0e4427cdd6\",\"name\":\"Carolina V\u00e1squez Araya\",\"description\":\"Periodista y editora con m\u00e1s de 30 a\u00f1os de experiencia, cuyos logros profesionales en el desarrollo de proyectos de gran \u00e9xito avalan sus cualidades de liderazgo, creatividad y relaciones p\u00fablicas. Ha aportado sus conocimientos en proyectos de organizaciones con intereses orientados al desarrollo social, cultural y econ\u00f3mico del pa\u00eds, con especial \u00e9nfasis en el sector de cultura y educaci\u00f3n, emprendimiento, derechos humanos, justicia, ambiente, mujeres y ni\u00f1ez. Chilena en Guatemala. elquintopatio.wordpress.com\",\"sameAs\":[\"https:\/\/www.facebook.com\/pages\/Carolina-V\u00e1squez-Araya\/241844515845237?fref=ts\",\"https:\/\/x.com\/carvasar\"],\"url\":\"https:\/\/www.pressenza.com\/es\/author\/carolina-vasquez-araya\/\"}]}<\/script>\n<!-- \/ Yoast SEO plugin. -->","yoast_head_json":{"title":"Los muros invisibles","description":"Los primeros a\u00f1os de vida son un per\u00edodo crucial para el desarrollo del cerebro. Sentir el cuerpo y experimentar el espacio exterior son algunos de los","robots":{"index":"index","follow":"follow","max-snippet":"max-snippet:-1","max-image-preview":"max-image-preview:large","max-video-preview":"max-video-preview:-1"},"canonical":"https:\/\/www.pressenza.com\/es\/2021\/01\/los-muros-invisibles\/","og_locale":"es_ES","og_type":"article","og_title":"Los muros invisibles","og_description":"Los primeros a\u00f1os de vida son un per\u00edodo crucial para el desarrollo del cerebro. Sentir el cuerpo y experimentar el espacio exterior son algunos de los","og_url":"https:\/\/www.pressenza.com\/es\/2021\/01\/los-muros-invisibles\/","og_site_name":"Pressenza","article_publisher":"https:\/\/www.facebook.com\/PressenzaItalia","article_author":"https:\/\/www.facebook.com\/pages\/Carolina-V\u00e1squez-Araya\/241844515845237?fref=ts","article_published_time":"2021-01-24T14:15:36+00:00","og_image":[{"width":960,"height":748,"url":"https:\/\/www.pressenza.com\/wp-content\/uploads\/2021\/01\/ninos-y-aguaJuanCarlosMarin.jpg","type":"image\/jpeg"}],"author":"Carolina V\u00e1squez Araya","twitter_card":"summary_large_image","twitter_creator":"@carvasar","twitter_site":"@PressenzaIPA","twitter_misc":{"Escrito por":"Carolina V\u00e1squez Araya","Tiempo de lectura":"3 minutos"},"schema":{"@context":"https:\/\/schema.org","@graph":[{"@type":"Article","@id":"https:\/\/www.pressenza.com\/es\/2021\/01\/los-muros-invisibles\/#article","isPartOf":{"@id":"https:\/\/www.pressenza.com\/es\/2021\/01\/los-muros-invisibles\/"},"author":{"name":"Carolina V\u00e1squez Araya","@id":"https:\/\/www.pressenza.com\/es\/#\/schema\/person\/6936ca3bb8dee618b5cdfd0e4427cdd6"},"headline":"Los muros invisibles","datePublished":"2021-01-24T14:15:36+00:00","mainEntityOfPage":{"@id":"https:\/\/www.pressenza.com\/es\/2021\/01\/los-muros-invisibles\/"},"wordCount":644,"publisher":{"@id":"https:\/\/www.pressenza.com\/es\/#organization"},"image":{"@id":"https:\/\/www.pressenza.com\/es\/2021\/01\/los-muros-invisibles\/#primaryimage"},"thumbnailUrl":"https:\/\/www.pressenza.com\/wp-content\/uploads\/2021\/01\/ninos-y-aguaJuanCarlosMarin.jpg","keywords":["Infancia"],"articleSection":["Am\u00e9rica Central","Contenido Original","G\u00e9nero y Feminismos","Opiniones","Sudam\u00e9rica"],"inLanguage":"es"},{"@type":"WebPage","@id":"https:\/\/www.pressenza.com\/es\/2021\/01\/los-muros-invisibles\/","url":"https:\/\/www.pressenza.com\/es\/2021\/01\/los-muros-invisibles\/","name":"Los muros invisibles","isPartOf":{"@id":"https:\/\/www.pressenza.com\/es\/#website"},"primaryImageOfPage":{"@id":"https:\/\/www.pressenza.com\/es\/2021\/01\/los-muros-invisibles\/#primaryimage"},"image":{"@id":"https:\/\/www.pressenza.com\/es\/2021\/01\/los-muros-invisibles\/#primaryimage"},"thumbnailUrl":"https:\/\/www.pressenza.com\/wp-content\/uploads\/2021\/01\/ninos-y-aguaJuanCarlosMarin.jpg","datePublished":"2021-01-24T14:15:36+00:00","description":"Los primeros a\u00f1os de vida son un per\u00edodo crucial para el desarrollo del cerebro. Sentir el cuerpo y experimentar el espacio exterior son algunos de los","breadcrumb":{"@id":"https:\/\/www.pressenza.com\/es\/2021\/01\/los-muros-invisibles\/#breadcrumb"},"inLanguage":"es","potentialAction":[{"@type":"ReadAction","target":["https:\/\/www.pressenza.com\/es\/2021\/01\/los-muros-invisibles\/"]}]},{"@type":"ImageObject","inLanguage":"es","@id":"https:\/\/www.pressenza.com\/es\/2021\/01\/los-muros-invisibles\/#primaryimage","url":"https:\/\/www.pressenza.com\/wp-content\/uploads\/2021\/01\/ninos-y-aguaJuanCarlosMarin.jpg","contentUrl":"https:\/\/www.pressenza.com\/wp-content\/uploads\/2021\/01\/ninos-y-aguaJuanCarlosMarin.jpg","width":960,"height":748,"caption":"Juan Carlos Mar\u00edn"},{"@type":"BreadcrumbList","@id":"https:\/\/www.pressenza.com\/es\/2021\/01\/los-muros-invisibles\/#breadcrumb","itemListElement":[{"@type":"ListItem","position":1,"name":"Accueil","item":"https:\/\/www.pressenza.com\/es\/"},{"@type":"ListItem","position":2,"name":"Los muros invisibles"}]},{"@type":"WebSite","@id":"https:\/\/www.pressenza.com\/es\/#website","url":"https:\/\/www.pressenza.com\/es\/","name":"Pressenza","description":"International Press Agency","publisher":{"@id":"https:\/\/www.pressenza.com\/es\/#organization"},"potentialAction":[{"@type":"SearchAction","target":{"@type":"EntryPoint","urlTemplate":"https:\/\/www.pressenza.com\/es\/?s={search_term_string}"},"query-input":{"@type":"PropertyValueSpecification","valueRequired":true,"valueName":"search_term_string"}}],"inLanguage":"es"},{"@type":"Organization","@id":"https:\/\/www.pressenza.com\/es\/#organization","name":"Pressenza","url":"https:\/\/www.pressenza.com\/es\/","logo":{"@type":"ImageObject","inLanguage":"es","@id":"https:\/\/www.pressenza.com\/es\/#\/schema\/logo\/image\/","url":"https:\/\/www.pressenza.com\/wp-content\/uploads\/2022\/10\/pressenza_logo_200x200.jpg","contentUrl":"https:\/\/www.pressenza.com\/wp-content\/uploads\/2022\/10\/pressenza_logo_200x200.jpg","width":200,"height":200,"caption":"Pressenza"},"image":{"@id":"https:\/\/www.pressenza.com\/es\/#\/schema\/logo\/image\/"},"sameAs":["https:\/\/www.facebook.com\/PressenzaItalia","https:\/\/x.com\/PressenzaIPA"]},{"@type":"Person","@id":"https:\/\/www.pressenza.com\/es\/#\/schema\/person\/6936ca3bb8dee618b5cdfd0e4427cdd6","name":"Carolina V\u00e1squez Araya","description":"Periodista y editora con m\u00e1s de 30 a\u00f1os de experiencia, cuyos logros profesionales en el desarrollo de proyectos de gran \u00e9xito avalan sus cualidades de liderazgo, creatividad y relaciones p\u00fablicas. Ha aportado sus conocimientos en proyectos de organizaciones con intereses orientados al desarrollo social, cultural y econ\u00f3mico del pa\u00eds, con especial \u00e9nfasis en el sector de cultura y educaci\u00f3n, emprendimiento, derechos humanos, justicia, ambiente, mujeres y ni\u00f1ez. Chilena en Guatemala. elquintopatio.wordpress.com","sameAs":["https:\/\/www.facebook.com\/pages\/Carolina-V\u00e1squez-Araya\/241844515845237?fref=ts","https:\/\/x.com\/carvasar"],"url":"https:\/\/www.pressenza.com\/es\/author\/carolina-vasquez-araya\/"}]}},"place":"Cuenca, Ecuador","original_article_url":"","_links":{"self":[{"href":"https:\/\/www.pressenza.com\/es\/wp-json\/wp\/v2\/posts\/1284863","targetHints":{"allow":["GET"]}}],"collection":[{"href":"https:\/\/www.pressenza.com\/es\/wp-json\/wp\/v2\/posts"}],"about":[{"href":"https:\/\/www.pressenza.com\/es\/wp-json\/wp\/v2\/types\/post"}],"author":[{"embeddable":true,"href":"https:\/\/www.pressenza.com\/es\/wp-json\/wp\/v2\/users\/1296"}],"replies":[{"embeddable":true,"href":"https:\/\/www.pressenza.com\/es\/wp-json\/wp\/v2\/comments?post=1284863"}],"version-history":[{"count":0,"href":"https:\/\/www.pressenza.com\/es\/wp-json\/wp\/v2\/posts\/1284863\/revisions"}],"wp:featuredmedia":[{"embeddable":true,"href":"https:\/\/www.pressenza.com\/es\/wp-json\/wp\/v2\/media\/1284864"}],"wp:attachment":[{"href":"https:\/\/www.pressenza.com\/es\/wp-json\/wp\/v2\/media?parent=1284863"}],"wp:term":[{"taxonomy":"category","embeddable":true,"href":"https:\/\/www.pressenza.com\/es\/wp-json\/wp\/v2\/categories?post=1284863"},{"taxonomy":"post_tag","embeddable":true,"href":"https:\/\/www.pressenza.com\/es\/wp-json\/wp\/v2\/tags?post=1284863"}],"curies":[{"name":"wp","href":"https:\/\/api.w.org\/{rel}","templated":true}]}}