{"id":1284643,"date":"2021-01-24T13:51:07","date_gmt":"2021-01-24T13:51:07","guid":{"rendered":"https:\/\/www.pressenza.com\/?p=1284643"},"modified":"2021-01-24T13:51:07","modified_gmt":"2021-01-24T13:51:07","slug":"entra-en-vigor-el-tpan-pese-a-las-potencias-nucleares-y-la-otan","status":"publish","type":"post","link":"https:\/\/www.pressenza.com\/es\/2021\/01\/entra-en-vigor-el-tpan-pese-a-las-potencias-nucleares-y-la-otan\/","title":{"rendered":"Entra en vigor el TPAN, pese a las potencias nucleares y la OTAN"},"content":{"rendered":"<blockquote><p>Los pa\u00edses con armas nucleares y organizaciones militares como la Alianza Atl\u00e1ntica se oponen al mismo, mientras que la sociedad civil muestra su aprobaci\u00f3n en las encuestas\u00a0<strong><br \/>\n<\/strong><\/p><\/blockquote>\n<p>El Consejo General de Naciones Unidas ha aprobado el pasado viernes, el Tratado para la Prohibici\u00f3n de Armas Nucleares (TPAN). Negociado y aprobado en 2017, ha entrado en vigor esta semana tras ser acordado por 120 pa\u00edses, firmado por 86 y ratificado por m\u00e1s de 50 estados. El Tratado, que ya forma parte de la legislaci\u00f3n internacional, obliga a los pa\u00edses firmantes a no desarrollar, adquirir, almacenar, amenazar o usar armas o explosivos nucleares. En la oposici\u00f3n al mismo encontramos potencias nucleares como China, Rusia (ambos miembros permanentes del Consejo de Seguridad de la ONU y con derecho de veto) Israel o Ir\u00e1n, entre otros. Los pa\u00edses miembros de la Uni\u00f3n Europea y la Alianza Atl\u00e1ntica tampoco han querido firmar ni ratificar el texto.<\/p>\n<p>Los estados que se han acogido al Tratado tambi\u00e9n deber\u00e1n proporcionar asistencia m\u00e9dica y psicol\u00f3gica a personas que hayan sido v\u00edctimas de armas nucleares y se encuentren bajo su jurisdicci\u00f3n. Otro de los puntos destacables es que los pa\u00edses que se acojan deber\u00e1n limpiar y restaurar las zonas que han sido usadas para ensayar armas nucleares.<\/p>\n<p>El secretario general de Naciones Unidas, Antonio Guterres, ha calificado la firma como \u00abun paso importante hacia un mundo libre de armas nucleares\u00bb. Organizaciones como la Cruz Roja tambi\u00e9n se han sumado a la campa\u00f1a en defensa del Tratado. Pero desde Naciones Unidas califican la firma como un hito para la sociedad civil, ya que el Tratado ha sido impulsado por la Campa\u00f1a Internacional para la Abolici\u00f3n de las Armas Nucleares (ICAN, por sus siglas en ingl\u00e9s), galardonada con el Nobel de la Paz en el a\u00f1o 2017.<\/p>\n<p>Aunque Estados Unidos y Rusia no han firmado el Tratado, el nuevo presidente de EE.UU., Joe Biden, ha propuesto a Mosc\u00fa extender, durante cinco a\u00f1os m\u00e1s, el tratado Nuevo START, que caduca el pr\u00f3ximo 5 de febrero. La firma de \u00e9ste limita a cada pa\u00eds a poseer 500 ojivas nucleares instaladas.<\/p>\n<p>Espa\u00f1a, como miembro de la OTAN, se opone al Tratado. En 2017 el PSOE, actual partido gobernante, se encontraba en la oposici\u00f3n y ped\u00eda explicaciones al PP por no firmar el acuerdo. Pero la opini\u00f3n de la ciudadan\u00eda espa\u00f1ola parece otra. Una encuesta realizada por la consultora YouGov para ICAN ha destacado que el 89% de los espa\u00f1oles se encuentran a favor de firmar el TPAN, mientras que un 4% se oponen al mismo. Pero la corriente ciudadana es id\u00e9ntica en otros pa\u00edses de la Alianza. El informe destaca que \u00abse han hecho encuestas similares en B\u00e9lgica, Dinamarca, Holanda, Islandia e Italia que han demostrado un apoyo al Tratado de casi el 80% de la poblaci\u00f3n\u00bb.<\/p>\n","protected":false},"excerpt":{"rendered":"<p>Los pa\u00edses con armas nucleares y organizaciones militares como la Alianza Atl\u00e1ntica se oponen al mismo, mientras que la sociedad civil muestra su aprobaci\u00f3n en las encuestas\u00a0 El Consejo General de Naciones Unidas ha aprobado el pasado viernes, el Tratado&hellip;<\/p>\n","protected":false},"author":1726,"featured_media":1284656,"comment_status":"closed","ping_status":"closed","sticky":false,"template":"","format":"standard","meta":{"footnotes":""},"categories":[11389,39,161,1243],"tags":[1065,924,19639,45676],"class_list":["post-1284643","post","type-post","status-publish","format-standard","has-post-thumbnail","hentry","category-contenido-original","category-internacional","category-opiniones","category-paz-desarme","tag-espana","tag-otan","tag-potencias-nucleares","tag-tratado-para-la-prohibicion-de-las-armas-nucleares"],"yoast_head":"<!-- This site is optimized with the Yoast SEO plugin v27.1.1 - https:\/\/yoast.com\/product\/yoast-seo-wordpress\/ -->\n<title>Entra en vigor el TPAN, pese a las potencias nucleares y la OTAN<\/title>\n<meta name=\"description\" content=\"Los pa\u00edses con armas nucleares y organizaciones militares como la Alianza Atl\u00e1ntica se oponen al mismo, mientras que la sociedad civil muestra su\" \/>\n<meta name=\"robots\" content=\"index, follow, max-snippet:-1, max-image-preview:large, max-video-preview:-1\" \/>\n<link rel=\"canonical\" href=\"https:\/\/www.pressenza.com\/es\/2021\/01\/entra-en-vigor-el-tpan-pese-a-las-potencias-nucleares-y-la-otan\/\" \/>\n<meta property=\"og:locale\" content=\"es_ES\" \/>\n<meta property=\"og:type\" content=\"article\" \/>\n<meta property=\"og:title\" content=\"Entra en vigor el TPAN, pese a las potencias nucleares y la OTAN\" \/>\n<meta property=\"og:description\" content=\"Los pa\u00edses con armas nucleares y organizaciones militares como la Alianza Atl\u00e1ntica se oponen al mismo, mientras que la sociedad civil muestra su\" \/>\n<meta property=\"og:url\" content=\"https:\/\/www.pressenza.com\/es\/2021\/01\/entra-en-vigor-el-tpan-pese-a-las-potencias-nucleares-y-la-otan\/\" \/>\n<meta property=\"og:site_name\" content=\"Pressenza\" \/>\n<meta property=\"article:publisher\" content=\"https:\/\/www.facebook.com\/PressenzaItalia\" \/>\n<meta property=\"article:published_time\" content=\"2021-01-24T13:51:07+00:00\" \/>\n<meta property=\"og:image\" content=\"https:\/\/www.pressenza.com\/wp-content\/uploads\/2021\/01\/Screenshot_20210123-151845_2.png\" \/>\n\t<meta property=\"og:image:width\" content=\"708\" \/>\n\t<meta property=\"og:image:height\" content=\"402\" \/>\n\t<meta property=\"og:image:type\" content=\"image\/png\" \/>\n<meta name=\"author\" content=\"Iago Soler Casti\u00f1eira\" \/>\n<meta name=\"twitter:card\" content=\"summary_large_image\" \/>\n<meta name=\"twitter:creator\" content=\"@PressenzaIPA\" \/>\n<meta name=\"twitter:site\" content=\"@PressenzaIPA\" \/>\n<meta name=\"twitter:label1\" content=\"Escrito por\" \/>\n\t<meta name=\"twitter:data1\" content=\"Iago Soler Casti\u00f1eira\" \/>\n\t<meta name=\"twitter:label2\" content=\"Tiempo de lectura\" \/>\n\t<meta name=\"twitter:data2\" content=\"2 minutos\" \/>\n<script type=\"application\/ld+json\" class=\"yoast-schema-graph\">{\"@context\":\"https:\/\/schema.org\",\"@graph\":[{\"@type\":\"Article\",\"@id\":\"https:\/\/www.pressenza.com\/es\/2021\/01\/entra-en-vigor-el-tpan-pese-a-las-potencias-nucleares-y-la-otan\/#article\",\"isPartOf\":{\"@id\":\"https:\/\/www.pressenza.com\/es\/2021\/01\/entra-en-vigor-el-tpan-pese-a-las-potencias-nucleares-y-la-otan\/\"},\"author\":{\"name\":\"Iago Soler Casti\u00f1eira\",\"@id\":\"https:\/\/www.pressenza.com\/es\/#\/schema\/person\/026f4c8d14face42ebbfcd2848d9cb46\"},\"headline\":\"Entra en vigor el TPAN, pese a las potencias nucleares y la OTAN\",\"datePublished\":\"2021-01-24T13:51:07+00:00\",\"mainEntityOfPage\":{\"@id\":\"https:\/\/www.pressenza.com\/es\/2021\/01\/entra-en-vigor-el-tpan-pese-a-las-potencias-nucleares-y-la-otan\/\"},\"wordCount\":507,\"publisher\":{\"@id\":\"https:\/\/www.pressenza.com\/es\/#organization\"},\"image\":{\"@id\":\"https:\/\/www.pressenza.com\/es\/2021\/01\/entra-en-vigor-el-tpan-pese-a-las-potencias-nucleares-y-la-otan\/#primaryimage\"},\"thumbnailUrl\":\"https:\/\/www.pressenza.com\/wp-content\/uploads\/2021\/01\/Screenshot_20210123-151845_2.png\",\"keywords\":[\"Espa\u00f1a\",\"OTAN\",\"potencias nucleares\",\"Tratado para la Prohibici\u00f3n de las Armas Nucleares\"],\"articleSection\":[\"Contenido Original\",\"Internacional\",\"Opiniones\",\"Paz y Desarme\"],\"inLanguage\":\"es\"},{\"@type\":\"WebPage\",\"@id\":\"https:\/\/www.pressenza.com\/es\/2021\/01\/entra-en-vigor-el-tpan-pese-a-las-potencias-nucleares-y-la-otan\/\",\"url\":\"https:\/\/www.pressenza.com\/es\/2021\/01\/entra-en-vigor-el-tpan-pese-a-las-potencias-nucleares-y-la-otan\/\",\"name\":\"Entra en vigor el TPAN, pese a las potencias nucleares y la OTAN\",\"isPartOf\":{\"@id\":\"https:\/\/www.pressenza.com\/es\/#website\"},\"primaryImageOfPage\":{\"@id\":\"https:\/\/www.pressenza.com\/es\/2021\/01\/entra-en-vigor-el-tpan-pese-a-las-potencias-nucleares-y-la-otan\/#primaryimage\"},\"image\":{\"@id\":\"https:\/\/www.pressenza.com\/es\/2021\/01\/entra-en-vigor-el-tpan-pese-a-las-potencias-nucleares-y-la-otan\/#primaryimage\"},\"thumbnailUrl\":\"https:\/\/www.pressenza.com\/wp-content\/uploads\/2021\/01\/Screenshot_20210123-151845_2.png\",\"datePublished\":\"2021-01-24T13:51:07+00:00\",\"description\":\"Los pa\u00edses con armas nucleares y organizaciones militares como la Alianza Atl\u00e1ntica se oponen al mismo, mientras que la sociedad civil muestra su\",\"breadcrumb\":{\"@id\":\"https:\/\/www.pressenza.com\/es\/2021\/01\/entra-en-vigor-el-tpan-pese-a-las-potencias-nucleares-y-la-otan\/#breadcrumb\"},\"inLanguage\":\"es\",\"potentialAction\":[{\"@type\":\"ReadAction\",\"target\":[\"https:\/\/www.pressenza.com\/es\/2021\/01\/entra-en-vigor-el-tpan-pese-a-las-potencias-nucleares-y-la-otan\/\"]}]},{\"@type\":\"ImageObject\",\"inLanguage\":\"es\",\"@id\":\"https:\/\/www.pressenza.com\/es\/2021\/01\/entra-en-vigor-el-tpan-pese-a-las-potencias-nucleares-y-la-otan\/#primaryimage\",\"url\":\"https:\/\/www.pressenza.com\/wp-content\/uploads\/2021\/01\/Screenshot_20210123-151845_2.png\",\"contentUrl\":\"https:\/\/www.pressenza.com\/wp-content\/uploads\/2021\/01\/Screenshot_20210123-151845_2.png\",\"width\":708,\"height\":402},{\"@type\":\"BreadcrumbList\",\"@id\":\"https:\/\/www.pressenza.com\/es\/2021\/01\/entra-en-vigor-el-tpan-pese-a-las-potencias-nucleares-y-la-otan\/#breadcrumb\",\"itemListElement\":[{\"@type\":\"ListItem\",\"position\":1,\"name\":\"Accueil\",\"item\":\"https:\/\/www.pressenza.com\/es\/\"},{\"@type\":\"ListItem\",\"position\":2,\"name\":\"Entra en vigor el TPAN, pese a las potencias nucleares y la OTAN\"}]},{\"@type\":\"WebSite\",\"@id\":\"https:\/\/www.pressenza.com\/es\/#website\",\"url\":\"https:\/\/www.pressenza.com\/es\/\",\"name\":\"Pressenza\",\"description\":\"International Press Agency\",\"publisher\":{\"@id\":\"https:\/\/www.pressenza.com\/es\/#organization\"},\"potentialAction\":[{\"@type\":\"SearchAction\",\"target\":{\"@type\":\"EntryPoint\",\"urlTemplate\":\"https:\/\/www.pressenza.com\/es\/?s={search_term_string}\"},\"query-input\":{\"@type\":\"PropertyValueSpecification\",\"valueRequired\":true,\"valueName\":\"search_term_string\"}}],\"inLanguage\":\"es\"},{\"@type\":\"Organization\",\"@id\":\"https:\/\/www.pressenza.com\/es\/#organization\",\"name\":\"Pressenza\",\"url\":\"https:\/\/www.pressenza.com\/es\/\",\"logo\":{\"@type\":\"ImageObject\",\"inLanguage\":\"es\",\"@id\":\"https:\/\/www.pressenza.com\/es\/#\/schema\/logo\/image\/\",\"url\":\"https:\/\/www.pressenza.com\/wp-content\/uploads\/2022\/10\/pressenza_logo_200x200.jpg\",\"contentUrl\":\"https:\/\/www.pressenza.com\/wp-content\/uploads\/2022\/10\/pressenza_logo_200x200.jpg\",\"width\":200,\"height\":200,\"caption\":\"Pressenza\"},\"image\":{\"@id\":\"https:\/\/www.pressenza.com\/es\/#\/schema\/logo\/image\/\"},\"sameAs\":[\"https:\/\/www.facebook.com\/PressenzaItalia\",\"https:\/\/x.com\/PressenzaIPA\"]},{\"@type\":\"Person\",\"@id\":\"https:\/\/www.pressenza.com\/es\/#\/schema\/person\/026f4c8d14face42ebbfcd2848d9cb46\",\"name\":\"Iago Soler Casti\u00f1eira\",\"description\":\"Periodismo en la Universidad Complutense. Especializado en el \u00e1mbito internacional, concretamente en los Balcanes. Ha realizado trabajos en radio, televisi\u00f3n y diferentes medios digitales.\",\"url\":\"https:\/\/www.pressenza.com\/es\/author\/iago-soler-castineira\/\"}]}<\/script>\n<!-- \/ Yoast SEO plugin. -->","yoast_head_json":{"title":"Entra en vigor el TPAN, pese a las potencias nucleares y la OTAN","description":"Los pa\u00edses con armas nucleares y organizaciones militares como la Alianza Atl\u00e1ntica se oponen al mismo, mientras que la sociedad civil muestra su","robots":{"index":"index","follow":"follow","max-snippet":"max-snippet:-1","max-image-preview":"max-image-preview:large","max-video-preview":"max-video-preview:-1"},"canonical":"https:\/\/www.pressenza.com\/es\/2021\/01\/entra-en-vigor-el-tpan-pese-a-las-potencias-nucleares-y-la-otan\/","og_locale":"es_ES","og_type":"article","og_title":"Entra en vigor el TPAN, pese a las potencias nucleares y la OTAN","og_description":"Los pa\u00edses con armas nucleares y organizaciones militares como la Alianza Atl\u00e1ntica se oponen al mismo, mientras que la sociedad civil muestra su","og_url":"https:\/\/www.pressenza.com\/es\/2021\/01\/entra-en-vigor-el-tpan-pese-a-las-potencias-nucleares-y-la-otan\/","og_site_name":"Pressenza","article_publisher":"https:\/\/www.facebook.com\/PressenzaItalia","article_published_time":"2021-01-24T13:51:07+00:00","og_image":[{"width":708,"height":402,"url":"https:\/\/www.pressenza.com\/wp-content\/uploads\/2021\/01\/Screenshot_20210123-151845_2.png","type":"image\/png"}],"author":"Iago Soler Casti\u00f1eira","twitter_card":"summary_large_image","twitter_creator":"@PressenzaIPA","twitter_site":"@PressenzaIPA","twitter_misc":{"Escrito por":"Iago Soler Casti\u00f1eira","Tiempo de lectura":"2 minutos"},"schema":{"@context":"https:\/\/schema.org","@graph":[{"@type":"Article","@id":"https:\/\/www.pressenza.com\/es\/2021\/01\/entra-en-vigor-el-tpan-pese-a-las-potencias-nucleares-y-la-otan\/#article","isPartOf":{"@id":"https:\/\/www.pressenza.com\/es\/2021\/01\/entra-en-vigor-el-tpan-pese-a-las-potencias-nucleares-y-la-otan\/"},"author":{"name":"Iago Soler Casti\u00f1eira","@id":"https:\/\/www.pressenza.com\/es\/#\/schema\/person\/026f4c8d14face42ebbfcd2848d9cb46"},"headline":"Entra en vigor el TPAN, pese a las potencias nucleares y la OTAN","datePublished":"2021-01-24T13:51:07+00:00","mainEntityOfPage":{"@id":"https:\/\/www.pressenza.com\/es\/2021\/01\/entra-en-vigor-el-tpan-pese-a-las-potencias-nucleares-y-la-otan\/"},"wordCount":507,"publisher":{"@id":"https:\/\/www.pressenza.com\/es\/#organization"},"image":{"@id":"https:\/\/www.pressenza.com\/es\/2021\/01\/entra-en-vigor-el-tpan-pese-a-las-potencias-nucleares-y-la-otan\/#primaryimage"},"thumbnailUrl":"https:\/\/www.pressenza.com\/wp-content\/uploads\/2021\/01\/Screenshot_20210123-151845_2.png","keywords":["Espa\u00f1a","OTAN","potencias nucleares","Tratado para la Prohibici\u00f3n de las Armas Nucleares"],"articleSection":["Contenido Original","Internacional","Opiniones","Paz y Desarme"],"inLanguage":"es"},{"@type":"WebPage","@id":"https:\/\/www.pressenza.com\/es\/2021\/01\/entra-en-vigor-el-tpan-pese-a-las-potencias-nucleares-y-la-otan\/","url":"https:\/\/www.pressenza.com\/es\/2021\/01\/entra-en-vigor-el-tpan-pese-a-las-potencias-nucleares-y-la-otan\/","name":"Entra en vigor el TPAN, pese a las potencias nucleares y la OTAN","isPartOf":{"@id":"https:\/\/www.pressenza.com\/es\/#website"},"primaryImageOfPage":{"@id":"https:\/\/www.pressenza.com\/es\/2021\/01\/entra-en-vigor-el-tpan-pese-a-las-potencias-nucleares-y-la-otan\/#primaryimage"},"image":{"@id":"https:\/\/www.pressenza.com\/es\/2021\/01\/entra-en-vigor-el-tpan-pese-a-las-potencias-nucleares-y-la-otan\/#primaryimage"},"thumbnailUrl":"https:\/\/www.pressenza.com\/wp-content\/uploads\/2021\/01\/Screenshot_20210123-151845_2.png","datePublished":"2021-01-24T13:51:07+00:00","description":"Los pa\u00edses con armas nucleares y organizaciones militares como la Alianza Atl\u00e1ntica se oponen al mismo, mientras que la sociedad civil muestra su","breadcrumb":{"@id":"https:\/\/www.pressenza.com\/es\/2021\/01\/entra-en-vigor-el-tpan-pese-a-las-potencias-nucleares-y-la-otan\/#breadcrumb"},"inLanguage":"es","potentialAction":[{"@type":"ReadAction","target":["https:\/\/www.pressenza.com\/es\/2021\/01\/entra-en-vigor-el-tpan-pese-a-las-potencias-nucleares-y-la-otan\/"]}]},{"@type":"ImageObject","inLanguage":"es","@id":"https:\/\/www.pressenza.com\/es\/2021\/01\/entra-en-vigor-el-tpan-pese-a-las-potencias-nucleares-y-la-otan\/#primaryimage","url":"https:\/\/www.pressenza.com\/wp-content\/uploads\/2021\/01\/Screenshot_20210123-151845_2.png","contentUrl":"https:\/\/www.pressenza.com\/wp-content\/uploads\/2021\/01\/Screenshot_20210123-151845_2.png","width":708,"height":402},{"@type":"BreadcrumbList","@id":"https:\/\/www.pressenza.com\/es\/2021\/01\/entra-en-vigor-el-tpan-pese-a-las-potencias-nucleares-y-la-otan\/#breadcrumb","itemListElement":[{"@type":"ListItem","position":1,"name":"Accueil","item":"https:\/\/www.pressenza.com\/es\/"},{"@type":"ListItem","position":2,"name":"Entra en vigor el TPAN, pese a las potencias nucleares y la OTAN"}]},{"@type":"WebSite","@id":"https:\/\/www.pressenza.com\/es\/#website","url":"https:\/\/www.pressenza.com\/es\/","name":"Pressenza","description":"International Press Agency","publisher":{"@id":"https:\/\/www.pressenza.com\/es\/#organization"},"potentialAction":[{"@type":"SearchAction","target":{"@type":"EntryPoint","urlTemplate":"https:\/\/www.pressenza.com\/es\/?s={search_term_string}"},"query-input":{"@type":"PropertyValueSpecification","valueRequired":true,"valueName":"search_term_string"}}],"inLanguage":"es"},{"@type":"Organization","@id":"https:\/\/www.pressenza.com\/es\/#organization","name":"Pressenza","url":"https:\/\/www.pressenza.com\/es\/","logo":{"@type":"ImageObject","inLanguage":"es","@id":"https:\/\/www.pressenza.com\/es\/#\/schema\/logo\/image\/","url":"https:\/\/www.pressenza.com\/wp-content\/uploads\/2022\/10\/pressenza_logo_200x200.jpg","contentUrl":"https:\/\/www.pressenza.com\/wp-content\/uploads\/2022\/10\/pressenza_logo_200x200.jpg","width":200,"height":200,"caption":"Pressenza"},"image":{"@id":"https:\/\/www.pressenza.com\/es\/#\/schema\/logo\/image\/"},"sameAs":["https:\/\/www.facebook.com\/PressenzaItalia","https:\/\/x.com\/PressenzaIPA"]},{"@type":"Person","@id":"https:\/\/www.pressenza.com\/es\/#\/schema\/person\/026f4c8d14face42ebbfcd2848d9cb46","name":"Iago Soler Casti\u00f1eira","description":"Periodismo en la Universidad Complutense. Especializado en el \u00e1mbito internacional, concretamente en los Balcanes. Ha realizado trabajos en radio, televisi\u00f3n y diferentes medios digitales.","url":"https:\/\/www.pressenza.com\/es\/author\/iago-soler-castineira\/"}]}},"place":"Madrid, Espa\u00f1a","original_article_url":"","_links":{"self":[{"href":"https:\/\/www.pressenza.com\/es\/wp-json\/wp\/v2\/posts\/1284643","targetHints":{"allow":["GET"]}}],"collection":[{"href":"https:\/\/www.pressenza.com\/es\/wp-json\/wp\/v2\/posts"}],"about":[{"href":"https:\/\/www.pressenza.com\/es\/wp-json\/wp\/v2\/types\/post"}],"author":[{"embeddable":true,"href":"https:\/\/www.pressenza.com\/es\/wp-json\/wp\/v2\/users\/1726"}],"replies":[{"embeddable":true,"href":"https:\/\/www.pressenza.com\/es\/wp-json\/wp\/v2\/comments?post=1284643"}],"version-history":[{"count":0,"href":"https:\/\/www.pressenza.com\/es\/wp-json\/wp\/v2\/posts\/1284643\/revisions"}],"wp:featuredmedia":[{"embeddable":true,"href":"https:\/\/www.pressenza.com\/es\/wp-json\/wp\/v2\/media\/1284656"}],"wp:attachment":[{"href":"https:\/\/www.pressenza.com\/es\/wp-json\/wp\/v2\/media?parent=1284643"}],"wp:term":[{"taxonomy":"category","embeddable":true,"href":"https:\/\/www.pressenza.com\/es\/wp-json\/wp\/v2\/categories?post=1284643"},{"taxonomy":"post_tag","embeddable":true,"href":"https:\/\/www.pressenza.com\/es\/wp-json\/wp\/v2\/tags?post=1284643"}],"curies":[{"name":"wp","href":"https:\/\/api.w.org\/{rel}","templated":true}]}}