{"id":128379,"date":"2014-08-25T19:10:42","date_gmt":"2014-08-25T18:10:42","guid":{"rendered":"http:\/\/www.pressenza.com\/?p=128379"},"modified":"2015-07-21T23:03:33","modified_gmt":"2015-07-21T22:03:33","slug":"amistad-y-solidaridad-para-completar-el-parque-carcarana","status":"publish","type":"post","link":"https:\/\/www.pressenza.com\/es\/2014\/08\/amistad-y-solidaridad-para-completar-el-parque-carcarana\/","title":{"rendered":"Amistad y Solidaridad para completar el Parque Carcara\u00f1\u00e1"},"content":{"rendered":"<p><b style=\"line-height: 1.5em;\">El Domingo 24 de Agosto se realiz\u00f3 el 2\u00ba almuerzo a beneficio del Centro de Estudios del Parque de Estudio y Reflexi\u00f3n \u00abCarcara\u00f1\u00e1\u00bb, ubicado en la localidad de Lucio V. L\u00f3pez a 35 km de Rosario, en provincia de Santa Fe, Argentina.<\/b><\/p>\n<p><b><!--more--><\/b><\/p>\n<p><span style=\"line-height: 1.5em;\">Entre las numerosas actividades que se vienen realizando para culminar las construcciones del Parque, se realiz\u00f3 este 2\u00ba almuerzo de la amistad. Faltan pocas semanas para terminarlo por lo que ya se empieza a hablar de c\u00f3mo ser\u00e1 la inauguraci\u00f3n.<\/span><\/p>\n<p>Participaron amigos y artistas de varias ciudades, y algunos enviaron sus aportes aunque no pudieran asistir. Como siempre, todo fue voluntario. Desde el restaurante \u00abEl Oso Sala La Sopa\u00bb ubicado en Suipacha 57, que prest\u00f3 las instalaciones, hasta el entusiasta equipo de amigos que se convirtieron en esmerados cocineros.<\/p>\n<p><b>VIDEO: Mirta Maurizi en su mon\u00f3logo \u00abEl silencio de las tortugas\u00bb<br \/>\n<\/b><iframe loading=\"lazy\" src=\"http:\/\/www.youtube.com\/embed\/OEOFPqK5NSc?rel=0\" height=\"338\" width=\"600\" allowfullscreen=\"\" frameborder=\"0\"><\/iframe><\/p>\n<p>La primera actuaci\u00f3n art\u00edstica que se disfrut\u00f3 fue de la actriz rosarina Mirta Maurizi que despleg\u00f3 con humor su mon\u00f3logo \u00abEl silencio de las tortugas\u00bb.<\/p>\n<p><b>VIDEO:\u00a0Roxana Huergo canta un tema de Maria Beta\u00f1a. En Guitarra\u00a0Willi Torres<br \/>\n<\/b><iframe loading=\"lazy\" src=\"http:\/\/www.youtube.com\/embed\/6WNROQN_tQg?rel=0\" height=\"338\" width=\"600\" allowfullscreen=\"\" frameborder=\"0\"><\/iframe><\/p>\n<p>Luego del almuerzo la cantante Roxana Huergo acompa\u00f1ada en guitarra por Willi Torres cautivaron con sus canciones brasile\u00f1as. Pero, a pedido del p\u00fablico, los tangos a capella por Roxana le pusieron el broche a una presentaci\u00f3n muy aplaudida con varios bises.<\/p>\n<p><b>VIDEO: Roxana Huergo les regala el Feliz Cumplea\u00f1os en varios idiomas<br \/>\n<\/b><iframe loading=\"lazy\" src=\"http:\/\/www.youtube.com\/embed\/kPCKys4l0zs?rel=0\" height=\"338\" width=\"600\" allowfullscreen=\"\" frameborder=\"0\"><\/iframe><\/p>\n<p>Hubo gran cantidad de sorteos y tambi\u00e9n se festejaron varios cumplea\u00f1os de este mes de Agosto con Roxana cantando el Feliz Cumplea\u00f1os en varios idiomas.<\/p>\n<p>Fueron varias horas donde brill\u00f3 la amistad, con el excelente clima humano que caracteriza estos encuentros organizados por quienes participan de las actividades del Parque Carcara\u00f1\u00e1.<\/p>\n<p>Tambi\u00e9n participaron miembros de varias comunidades de <a href=\"http:\/\/www.elmensajedesilo.net\/es\/\" target=\"_blank\">El Mensaje de Silo<\/a>, y representantes de algunos organismos del Movimiento Humanista como el <a href=\"http:\/\/www.cehr.org.ar\/\" target=\"_blank\">Centro de Estudios Humanistas de Rosario<\/a>, <a href=\"http:\/\/www.lacomunidadmundial.org\/es\/\" target=\"_blank\">La Comunidad para el desarrollo humano<\/a>, <a href=\"http:\/\/www.partidohumanista.deargentina.org\/\" target=\"_blank\">Partido Humanista<\/a>.<\/p>\n<p>El \u00abCentro de Estudios\u00bb es la \u00faltima construcci\u00f3n que falta terminar para completar la edificaci\u00f3n de este Parque. Hay otros ya terminados y en desarrollo superando los 50 parques alrededor del mundo. La entrada es libre y gratuita. Las actividades son variadas y van dirigidas al desarrollo interior y una profunda\u00a0espiritualidad\u00a0libre, basando los estudios y experiencias en las ense\u00f1anzas del Maestro Silo y otros aportes de todas las culturas.<\/p>\n<p>Para comunicarse con Parque Carcara\u00f1\u00e1:<br \/>\n<a href=\"http:\/\/facebook.com\/parque.carcarana\" target=\"_blank\">www.facebook.com\/parque.carcarana<\/a><br \/>\nSitio web: <a href=\"http:\/\/www.parquecarcarana.org\" target=\"_blank\">www.parquecarcarana.org<\/a><\/p>\n<p><a href=\"http:\/\/facebook.com\/gomezfiori\/media_set?set=a.10152704407929925.1073741856.680974924&amp;type=3\" target=\"_blank\"><strong>LINK FOTOS<\/strong>: Album en facebook de Gabriel Gomez Fiori<\/a><\/p>\n<p><b>Fuente: <a href=\"http:\/\/www.nuevaregion.com\/index.php?option=com_multicategories&amp;view=article&amp;id=27796:almuerzo-a-beneficio-del-parque-de-estudio-y-reflexion-qcarcaranaq&amp;catid=213:region&amp;Itemid=615\" target=\"_blank\">NUEVAREGION.COM<\/a> \u00b7 Gabriel G\u00f3mez Fiori<\/b><\/p>\n","protected":false},"excerpt":{"rendered":"<p>El Domingo 24 de Agosto se realiz\u00f3 el 2\u00ba almuerzo a beneficio del Centro de Estudios del Parque de Estudio y Reflexi\u00f3n \u00abCarcara\u00f1\u00e1\u00bb, ubicado en la localidad de Lucio V. L\u00f3pez a 35 km de Rosario, en provincia de Santa&hellip;<\/p>\n","protected":false},"author":1040,"featured_media":128395,"comment_status":"closed","ping_status":"open","sticky":false,"template":"","format":"standard","meta":{"footnotes":""},"categories":[1240],"tags":[26,18686,545,17153,962],"class_list":["post-128379","post","type-post","status-publish","format-standard","has-post-thumbnail","hentry","category-humanismo-espiritualidad","tag-argentina","tag-centro-de-estudios","tag-parques-de-estudio-y-reflexion","tag-parques-de-estudio-y-reflexion-carcarana","tag-rosario"],"yoast_head":"<!-- This site is optimized with the Yoast SEO plugin v27.1.1 - https:\/\/yoast.com\/product\/yoast-seo-wordpress\/ -->\n<title>Amistad y Solidaridad para completar el Parque Carcara\u00f1\u00e1<\/title>\n<meta name=\"description\" content=\"Se realiz\u00f3 2\u00ba almuerzo a beneficio Centro de Estudios del Parque de Estudio y Reflexi\u00f3n Carcara\u00f1\u00e1, de Lucio V. L\u00f3pez a 35 km de Rosario, Santa Fe, Argentina\" \/>\n<meta name=\"robots\" content=\"index, follow, max-snippet:-1, max-image-preview:large, max-video-preview:-1\" \/>\n<link rel=\"canonical\" href=\"https:\/\/www.pressenza.com\/es\/2014\/08\/amistad-y-solidaridad-para-completar-el-parque-carcarana\/\" \/>\n<meta property=\"og:locale\" content=\"es_ES\" \/>\n<meta property=\"og:type\" content=\"article\" \/>\n<meta property=\"og:title\" content=\"Amistad y Solidaridad para completar el Parque Carcara\u00f1\u00e1\" \/>\n<meta property=\"og:description\" content=\"Se realiz\u00f3 2\u00ba almuerzo a beneficio Centro de Estudios del Parque de Estudio y Reflexi\u00f3n Carcara\u00f1\u00e1, de Lucio V. L\u00f3pez a 35 km de Rosario, Santa Fe, Argentina\" \/>\n<meta property=\"og:url\" content=\"https:\/\/www.pressenza.com\/es\/2014\/08\/amistad-y-solidaridad-para-completar-el-parque-carcarana\/\" \/>\n<meta property=\"og:site_name\" content=\"Pressenza\" \/>\n<meta property=\"article:publisher\" content=\"https:\/\/www.facebook.com\/PressenzaItalia\" \/>\n<meta property=\"article:author\" content=\"https:\/\/www.facebook.com\/gomezfiori\" \/>\n<meta property=\"article:published_time\" content=\"2014-08-25T18:10:42+00:00\" \/>\n<meta property=\"article:modified_time\" content=\"2015-07-21T22:03:33+00:00\" \/>\n<meta property=\"og:image\" content=\"https:\/\/www.pressenza.com\/wp-content\/uploads\/2014\/08\/DSC063811.jpg\" \/>\n\t<meta property=\"og:image:width\" content=\"1024\" \/>\n\t<meta property=\"og:image:height\" content=\"576\" \/>\n\t<meta property=\"og:image:type\" content=\"image\/jpeg\" \/>\n<meta name=\"author\" content=\"Gabriel Gomez Fiori\" \/>\n<meta name=\"twitter:card\" content=\"summary_large_image\" \/>\n<meta name=\"twitter:creator\" content=\"@gomezfiori\" \/>\n<meta name=\"twitter:site\" content=\"@PressenzaIPA\" \/>\n<meta name=\"twitter:label1\" content=\"Escrito por\" \/>\n\t<meta name=\"twitter:data1\" content=\"Gabriel Gomez Fiori\" \/>\n\t<meta name=\"twitter:label2\" content=\"Tiempo de lectura\" \/>\n\t<meta name=\"twitter:data2\" content=\"2 minutos\" \/>\n<script type=\"application\/ld+json\" class=\"yoast-schema-graph\">{\"@context\":\"https:\/\/schema.org\",\"@graph\":[{\"@type\":\"Article\",\"@id\":\"https:\/\/www.pressenza.com\/es\/2014\/08\/amistad-y-solidaridad-para-completar-el-parque-carcarana\/#article\",\"isPartOf\":{\"@id\":\"https:\/\/www.pressenza.com\/es\/2014\/08\/amistad-y-solidaridad-para-completar-el-parque-carcarana\/\"},\"author\":{\"name\":\"Gabriel Gomez Fiori\",\"@id\":\"https:\/\/www.pressenza.com\/es\/#\/schema\/person\/ecb9ae819a19ac864b4e78fa86464225\"},\"headline\":\"Amistad y Solidaridad para completar el Parque Carcara\u00f1\u00e1\",\"datePublished\":\"2014-08-25T18:10:42+00:00\",\"dateModified\":\"2015-07-21T22:03:33+00:00\",\"mainEntityOfPage\":{\"@id\":\"https:\/\/www.pressenza.com\/es\/2014\/08\/amistad-y-solidaridad-para-completar-el-parque-carcarana\/\"},\"wordCount\":443,\"publisher\":{\"@id\":\"https:\/\/www.pressenza.com\/es\/#organization\"},\"image\":{\"@id\":\"https:\/\/www.pressenza.com\/es\/2014\/08\/amistad-y-solidaridad-para-completar-el-parque-carcarana\/#primaryimage\"},\"thumbnailUrl\":\"https:\/\/www.pressenza.com\/wp-content\/uploads\/2014\/08\/DSC063811.jpg\",\"keywords\":[\"Argentina\",\"centro de estudios\",\"Parques de Estudio y Reflexi\u00f3n\",\"Parques de Estudio y Reflexi\u00f3n Carcara\u00f1\u00e1\",\"Rosario\"],\"articleSection\":[\"Humanismo y Espiritualidad\"],\"inLanguage\":\"es\"},{\"@type\":\"WebPage\",\"@id\":\"https:\/\/www.pressenza.com\/es\/2014\/08\/amistad-y-solidaridad-para-completar-el-parque-carcarana\/\",\"url\":\"https:\/\/www.pressenza.com\/es\/2014\/08\/amistad-y-solidaridad-para-completar-el-parque-carcarana\/\",\"name\":\"Amistad y Solidaridad para completar el Parque Carcara\u00f1\u00e1\",\"isPartOf\":{\"@id\":\"https:\/\/www.pressenza.com\/es\/#website\"},\"primaryImageOfPage\":{\"@id\":\"https:\/\/www.pressenza.com\/es\/2014\/08\/amistad-y-solidaridad-para-completar-el-parque-carcarana\/#primaryimage\"},\"image\":{\"@id\":\"https:\/\/www.pressenza.com\/es\/2014\/08\/amistad-y-solidaridad-para-completar-el-parque-carcarana\/#primaryimage\"},\"thumbnailUrl\":\"https:\/\/www.pressenza.com\/wp-content\/uploads\/2014\/08\/DSC063811.jpg\",\"datePublished\":\"2014-08-25T18:10:42+00:00\",\"dateModified\":\"2015-07-21T22:03:33+00:00\",\"description\":\"Se realiz\u00f3 2\u00ba almuerzo a beneficio Centro de Estudios del Parque de Estudio y Reflexi\u00f3n Carcara\u00f1\u00e1, de Lucio V. L\u00f3pez a 35 km de Rosario, Santa Fe, Argentina\",\"breadcrumb\":{\"@id\":\"https:\/\/www.pressenza.com\/es\/2014\/08\/amistad-y-solidaridad-para-completar-el-parque-carcarana\/#breadcrumb\"},\"inLanguage\":\"es\",\"potentialAction\":[{\"@type\":\"ReadAction\",\"target\":[\"https:\/\/www.pressenza.com\/es\/2014\/08\/amistad-y-solidaridad-para-completar-el-parque-carcarana\/\"]}]},{\"@type\":\"ImageObject\",\"inLanguage\":\"es\",\"@id\":\"https:\/\/www.pressenza.com\/es\/2014\/08\/amistad-y-solidaridad-para-completar-el-parque-carcarana\/#primaryimage\",\"url\":\"https:\/\/www.pressenza.com\/wp-content\/uploads\/2014\/08\/DSC063811.jpg\",\"contentUrl\":\"https:\/\/www.pressenza.com\/wp-content\/uploads\/2014\/08\/DSC063811.jpg\",\"width\":1024,\"height\":576},{\"@type\":\"BreadcrumbList\",\"@id\":\"https:\/\/www.pressenza.com\/es\/2014\/08\/amistad-y-solidaridad-para-completar-el-parque-carcarana\/#breadcrumb\",\"itemListElement\":[{\"@type\":\"ListItem\",\"position\":1,\"name\":\"Accueil\",\"item\":\"https:\/\/www.pressenza.com\/es\/\"},{\"@type\":\"ListItem\",\"position\":2,\"name\":\"Amistad y Solidaridad para completar el Parque Carcara\u00f1\u00e1\"}]},{\"@type\":\"WebSite\",\"@id\":\"https:\/\/www.pressenza.com\/es\/#website\",\"url\":\"https:\/\/www.pressenza.com\/es\/\",\"name\":\"Pressenza\",\"description\":\"International Press Agency\",\"publisher\":{\"@id\":\"https:\/\/www.pressenza.com\/es\/#organization\"},\"potentialAction\":[{\"@type\":\"SearchAction\",\"target\":{\"@type\":\"EntryPoint\",\"urlTemplate\":\"https:\/\/www.pressenza.com\/es\/?s={search_term_string}\"},\"query-input\":{\"@type\":\"PropertyValueSpecification\",\"valueRequired\":true,\"valueName\":\"search_term_string\"}}],\"inLanguage\":\"es\"},{\"@type\":\"Organization\",\"@id\":\"https:\/\/www.pressenza.com\/es\/#organization\",\"name\":\"Pressenza\",\"url\":\"https:\/\/www.pressenza.com\/es\/\",\"logo\":{\"@type\":\"ImageObject\",\"inLanguage\":\"es\",\"@id\":\"https:\/\/www.pressenza.com\/es\/#\/schema\/logo\/image\/\",\"url\":\"https:\/\/www.pressenza.com\/wp-content\/uploads\/2022\/10\/pressenza_logo_200x200.jpg\",\"contentUrl\":\"https:\/\/www.pressenza.com\/wp-content\/uploads\/2022\/10\/pressenza_logo_200x200.jpg\",\"width\":200,\"height\":200,\"caption\":\"Pressenza\"},\"image\":{\"@id\":\"https:\/\/www.pressenza.com\/es\/#\/schema\/logo\/image\/\"},\"sameAs\":[\"https:\/\/www.facebook.com\/PressenzaItalia\",\"https:\/\/x.com\/PressenzaIPA\"]},{\"@type\":\"Person\",\"@id\":\"https:\/\/www.pressenza.com\/es\/#\/schema\/person\/ecb9ae819a19ac864b4e78fa86464225\",\"name\":\"Gabriel Gomez Fiori\",\"description\":\"Periodista, Consultor en Internet. Activista social Humanista y Ambientalista. Director del portal Nuevaregion.com Desde regi\u00f3n Rosario, Argentina\",\"sameAs\":[\"http:\/\/www.nuevaregion.com\",\"https:\/\/www.facebook.com\/gomezfiori\",\"https:\/\/x.com\/gomezfiori\"],\"url\":\"https:\/\/www.pressenza.com\/es\/author\/gabriel-gomez-fiori\/\"}]}<\/script>\n<!-- \/ Yoast SEO plugin. -->","yoast_head_json":{"title":"Amistad y Solidaridad para completar el Parque Carcara\u00f1\u00e1","description":"Se realiz\u00f3 2\u00ba almuerzo a beneficio Centro de Estudios del Parque de Estudio y Reflexi\u00f3n Carcara\u00f1\u00e1, de Lucio V. L\u00f3pez a 35 km de Rosario, Santa Fe, Argentina","robots":{"index":"index","follow":"follow","max-snippet":"max-snippet:-1","max-image-preview":"max-image-preview:large","max-video-preview":"max-video-preview:-1"},"canonical":"https:\/\/www.pressenza.com\/es\/2014\/08\/amistad-y-solidaridad-para-completar-el-parque-carcarana\/","og_locale":"es_ES","og_type":"article","og_title":"Amistad y Solidaridad para completar el Parque Carcara\u00f1\u00e1","og_description":"Se realiz\u00f3 2\u00ba almuerzo a beneficio Centro de Estudios del Parque de Estudio y Reflexi\u00f3n Carcara\u00f1\u00e1, de Lucio V. L\u00f3pez a 35 km de Rosario, Santa Fe, Argentina","og_url":"https:\/\/www.pressenza.com\/es\/2014\/08\/amistad-y-solidaridad-para-completar-el-parque-carcarana\/","og_site_name":"Pressenza","article_publisher":"https:\/\/www.facebook.com\/PressenzaItalia","article_author":"https:\/\/www.facebook.com\/gomezfiori","article_published_time":"2014-08-25T18:10:42+00:00","article_modified_time":"2015-07-21T22:03:33+00:00","og_image":[{"width":1024,"height":576,"url":"https:\/\/www.pressenza.com\/wp-content\/uploads\/2014\/08\/DSC063811.jpg","type":"image\/jpeg"}],"author":"Gabriel Gomez Fiori","twitter_card":"summary_large_image","twitter_creator":"@gomezfiori","twitter_site":"@PressenzaIPA","twitter_misc":{"Escrito por":"Gabriel Gomez Fiori","Tiempo de lectura":"2 minutos"},"schema":{"@context":"https:\/\/schema.org","@graph":[{"@type":"Article","@id":"https:\/\/www.pressenza.com\/es\/2014\/08\/amistad-y-solidaridad-para-completar-el-parque-carcarana\/#article","isPartOf":{"@id":"https:\/\/www.pressenza.com\/es\/2014\/08\/amistad-y-solidaridad-para-completar-el-parque-carcarana\/"},"author":{"name":"Gabriel Gomez Fiori","@id":"https:\/\/www.pressenza.com\/es\/#\/schema\/person\/ecb9ae819a19ac864b4e78fa86464225"},"headline":"Amistad y Solidaridad para completar el Parque Carcara\u00f1\u00e1","datePublished":"2014-08-25T18:10:42+00:00","dateModified":"2015-07-21T22:03:33+00:00","mainEntityOfPage":{"@id":"https:\/\/www.pressenza.com\/es\/2014\/08\/amistad-y-solidaridad-para-completar-el-parque-carcarana\/"},"wordCount":443,"publisher":{"@id":"https:\/\/www.pressenza.com\/es\/#organization"},"image":{"@id":"https:\/\/www.pressenza.com\/es\/2014\/08\/amistad-y-solidaridad-para-completar-el-parque-carcarana\/#primaryimage"},"thumbnailUrl":"https:\/\/www.pressenza.com\/wp-content\/uploads\/2014\/08\/DSC063811.jpg","keywords":["Argentina","centro de estudios","Parques de Estudio y Reflexi\u00f3n","Parques de Estudio y Reflexi\u00f3n Carcara\u00f1\u00e1","Rosario"],"articleSection":["Humanismo y Espiritualidad"],"inLanguage":"es"},{"@type":"WebPage","@id":"https:\/\/www.pressenza.com\/es\/2014\/08\/amistad-y-solidaridad-para-completar-el-parque-carcarana\/","url":"https:\/\/www.pressenza.com\/es\/2014\/08\/amistad-y-solidaridad-para-completar-el-parque-carcarana\/","name":"Amistad y Solidaridad para completar el Parque Carcara\u00f1\u00e1","isPartOf":{"@id":"https:\/\/www.pressenza.com\/es\/#website"},"primaryImageOfPage":{"@id":"https:\/\/www.pressenza.com\/es\/2014\/08\/amistad-y-solidaridad-para-completar-el-parque-carcarana\/#primaryimage"},"image":{"@id":"https:\/\/www.pressenza.com\/es\/2014\/08\/amistad-y-solidaridad-para-completar-el-parque-carcarana\/#primaryimage"},"thumbnailUrl":"https:\/\/www.pressenza.com\/wp-content\/uploads\/2014\/08\/DSC063811.jpg","datePublished":"2014-08-25T18:10:42+00:00","dateModified":"2015-07-21T22:03:33+00:00","description":"Se realiz\u00f3 2\u00ba almuerzo a beneficio Centro de Estudios del Parque de Estudio y Reflexi\u00f3n Carcara\u00f1\u00e1, de Lucio V. L\u00f3pez a 35 km de Rosario, Santa Fe, Argentina","breadcrumb":{"@id":"https:\/\/www.pressenza.com\/es\/2014\/08\/amistad-y-solidaridad-para-completar-el-parque-carcarana\/#breadcrumb"},"inLanguage":"es","potentialAction":[{"@type":"ReadAction","target":["https:\/\/www.pressenza.com\/es\/2014\/08\/amistad-y-solidaridad-para-completar-el-parque-carcarana\/"]}]},{"@type":"ImageObject","inLanguage":"es","@id":"https:\/\/www.pressenza.com\/es\/2014\/08\/amistad-y-solidaridad-para-completar-el-parque-carcarana\/#primaryimage","url":"https:\/\/www.pressenza.com\/wp-content\/uploads\/2014\/08\/DSC063811.jpg","contentUrl":"https:\/\/www.pressenza.com\/wp-content\/uploads\/2014\/08\/DSC063811.jpg","width":1024,"height":576},{"@type":"BreadcrumbList","@id":"https:\/\/www.pressenza.com\/es\/2014\/08\/amistad-y-solidaridad-para-completar-el-parque-carcarana\/#breadcrumb","itemListElement":[{"@type":"ListItem","position":1,"name":"Accueil","item":"https:\/\/www.pressenza.com\/es\/"},{"@type":"ListItem","position":2,"name":"Amistad y Solidaridad para completar el Parque Carcara\u00f1\u00e1"}]},{"@type":"WebSite","@id":"https:\/\/www.pressenza.com\/es\/#website","url":"https:\/\/www.pressenza.com\/es\/","name":"Pressenza","description":"International Press Agency","publisher":{"@id":"https:\/\/www.pressenza.com\/es\/#organization"},"potentialAction":[{"@type":"SearchAction","target":{"@type":"EntryPoint","urlTemplate":"https:\/\/www.pressenza.com\/es\/?s={search_term_string}"},"query-input":{"@type":"PropertyValueSpecification","valueRequired":true,"valueName":"search_term_string"}}],"inLanguage":"es"},{"@type":"Organization","@id":"https:\/\/www.pressenza.com\/es\/#organization","name":"Pressenza","url":"https:\/\/www.pressenza.com\/es\/","logo":{"@type":"ImageObject","inLanguage":"es","@id":"https:\/\/www.pressenza.com\/es\/#\/schema\/logo\/image\/","url":"https:\/\/www.pressenza.com\/wp-content\/uploads\/2022\/10\/pressenza_logo_200x200.jpg","contentUrl":"https:\/\/www.pressenza.com\/wp-content\/uploads\/2022\/10\/pressenza_logo_200x200.jpg","width":200,"height":200,"caption":"Pressenza"},"image":{"@id":"https:\/\/www.pressenza.com\/es\/#\/schema\/logo\/image\/"},"sameAs":["https:\/\/www.facebook.com\/PressenzaItalia","https:\/\/x.com\/PressenzaIPA"]},{"@type":"Person","@id":"https:\/\/www.pressenza.com\/es\/#\/schema\/person\/ecb9ae819a19ac864b4e78fa86464225","name":"Gabriel Gomez Fiori","description":"Periodista, Consultor en Internet. Activista social Humanista y Ambientalista. Director del portal Nuevaregion.com Desde regi\u00f3n Rosario, Argentina","sameAs":["http:\/\/www.nuevaregion.com","https:\/\/www.facebook.com\/gomezfiori","https:\/\/x.com\/gomezfiori"],"url":"https:\/\/www.pressenza.com\/es\/author\/gabriel-gomez-fiori\/"}]}},"place":"","original_article_url":"","_links":{"self":[{"href":"https:\/\/www.pressenza.com\/es\/wp-json\/wp\/v2\/posts\/128379","targetHints":{"allow":["GET"]}}],"collection":[{"href":"https:\/\/www.pressenza.com\/es\/wp-json\/wp\/v2\/posts"}],"about":[{"href":"https:\/\/www.pressenza.com\/es\/wp-json\/wp\/v2\/types\/post"}],"author":[{"embeddable":true,"href":"https:\/\/www.pressenza.com\/es\/wp-json\/wp\/v2\/users\/1040"}],"replies":[{"embeddable":true,"href":"https:\/\/www.pressenza.com\/es\/wp-json\/wp\/v2\/comments?post=128379"}],"version-history":[{"count":0,"href":"https:\/\/www.pressenza.com\/es\/wp-json\/wp\/v2\/posts\/128379\/revisions"}],"wp:featuredmedia":[{"embeddable":true,"href":"https:\/\/www.pressenza.com\/es\/wp-json\/wp\/v2\/media\/128395"}],"wp:attachment":[{"href":"https:\/\/www.pressenza.com\/es\/wp-json\/wp\/v2\/media?parent=128379"}],"wp:term":[{"taxonomy":"category","embeddable":true,"href":"https:\/\/www.pressenza.com\/es\/wp-json\/wp\/v2\/categories?post=128379"},{"taxonomy":"post_tag","embeddable":true,"href":"https:\/\/www.pressenza.com\/es\/wp-json\/wp\/v2\/tags?post=128379"}],"curies":[{"name":"wp","href":"https:\/\/api.w.org\/{rel}","templated":true}]}}